{"id":47577,"date":"2023-10-06T12:03:49","date_gmt":"2023-10-06T10:03:49","guid":{"rendered":"https:\/\/just-now.news\/de\/deutschland\/selenskij-in-alarmstimmung-auf-europa-gipfel-in-granada-ukraine-allianz-broeckelt\/"},"modified":"2023-10-06T12:03:49","modified_gmt":"2023-10-06T10:03:49","slug":"selenskij-in-alarmstimmung-auf-europa-gipfel-in-granada-ukraine-allianz-broeckelt","status":"publish","type":"post","link":"https:\/\/now-news.de\/de\/deutschland\/selenskij-in-alarmstimmung-auf-europa-gipfel-in-granada-ukraine-allianz-broeckelt\/","title":{"rendered":"Selenskij in Alarmstimmung auf Europa-Gipfel in Granada: Ukraine-Allianz br\u00f6ckelt"},"content":{"rendered":"<p><img decoding=\"async\" src=\"http:\/\/just-now.news\/de\/wp-content\/uploads\/sites\/3\/2023\/10\/651fcc4648fbef137b68bd77.jpg\" \/><\/p>\n<div class=\"Text-root Text-type_1 \">\n                Verhandlungen in Granada wurden von Anzeichen einer zerfallenden Unterst\u00fctzung f\u00fcr Kiew \u00fcberschattet. Innerhalb der EU behindert Ungarn die Hilfe f\u00fcr die Ukraine und wom\u00f6glich wird sich dem bald auch die Slowakei anschlie\u00dfen. Bedenklicher ist f\u00fcr Selenskij jedoch, dass die milit\u00e4rische Unterst\u00fctzung vonseiten der USA ausf\u00e4llt.\n            <\/div>\n<p><\/p>\n<div class=\"Text-root Text-type_5 ArticleView-text ViewText-root \">\n<p>W\u00e4hrend der ukrainische Pr\u00e4sident Selenskij auf &#8220;Europas Einigkeit&#8221; bez\u00fcglich weiterer Waffenlieferungen an Kiew pocht, br\u00f6ckelt allm\u00e4hlich die Unterst\u00fctzung f\u00fcr ihn. Fast 50 europ\u00e4ische Staats- und Regierungschefs nutzten am Donnerstag ein Gipfeltreffen in der s\u00fcdspanischen Stadt Granada, um zu unterstreichen, dass sie in einer Zeit, in der die Entschlossenheit des Westens nachzulassen scheint, zur Ukraine stehen, so hie\u00df es in der US-amerikanischen\u00a0<em>AP<\/em>-Agentur.<\/p>\n<p>Der ukrainische Staatschef forderte beim Treffen einen Winter-Schutzschirm f\u00fcr sein Land. Zugleich \u00e4u\u00dferte er sich besorgt \u00fcber eine nachlassende Unterst\u00fctzung der Europ\u00e4er und der USA.\u00a0Die gr\u00f6\u00dfte Herausforderung, vor der man stehe,\u00a0sagte\u00a0Selenskij bei seiner Ankunft in Granada, sei &#8220;die Einheit in Europa zu retten&#8221;. Russland werde weiter mit &#8220;Desinformation&#8221; angreifen \u2013 damit spielte er auf den Wahlsieg des Robert Fico in der Slowakei an, der Kiew nicht l\u00e4nger Waffen liefern will.\u00a0Selenskij\u00a0verkn\u00fcpft stets die Unzufriedenheit der Europ\u00e4er mit der Waffenlieferung an Kiew mit der angeblichen Verbreitung von Desinformationen des Kremls. Er beteuerte, dass ein Sieg oder eine Niederlage in der Ukraine \u00fcber das Schicksal von ganz Europa entscheiden w\u00fcrde. Ferner behauptete er, dass &#8220;Putins Versuche, den Westen zu spalten&#8221;, nicht aufh\u00f6ren w\u00fcrden.<\/p>\n<p>Die\u00a0Diskussionen in Granada\u00a0wurden insofern von Anzeichen einer zerfallenden Unterst\u00fctzung f\u00fcr die Ukraine \u00fcberschattet. Innerhalb der EU behindert Ungarn die Hilfe f\u00fcr die Ukraine.\u00a0Dazu kommt, dass nach den Wahlen in der Slowakei der Wahlgewinner Fico einen Weg verfolgen k\u00f6nnte, der dem von Orban in Ungarn \u00e4hnelt. Fico hat vor den Wahlen erkl\u00e4rt, dass er die in der Bev\u00f6lkerung unbeliebte Waffenhilfe\u00a0einstellen und der Ukraine nur noch mit zivilen G\u00fctern helfen m\u00f6chte, sollte er an die Macht kommen.\u00a0<\/p>\n<p>Bedrohlicher ist f\u00fcr Selenskij jedoch, dass die milit\u00e4rische Unterst\u00fctzung vom wichtigsten Verb\u00fcndeten, den USA, infrage steht. In den USA h\u00e4ngen finanzielle Hilfen f\u00fcr Kiew aufgrund innerstaatlicher Haushaltskonflikte in der Luft.\u00a0Von Pr\u00e4sident Biden habe er zu hundert Prozent Unterst\u00fctzung bekommen, aber im Kongress gebe es einige &#8220;sehr befremdliche Stimmen&#8221;, so\u00a0Selenskij.\u00a0Biden rief am Dienstag andere Weltm\u00e4chte dazu auf, sich intensiver f\u00fcr die Milit\u00e4rhilfe an die Ukraine zu engagieren.\u00a0<\/p>\n<p>Obwohl\u00a0der Bundeskanzler in Spanien dem verzweifelten ukrainischen Pr\u00e4sidenten f\u00fcr die Wintermonate ein weiteres Flugabwehrsystem vom Typ\u00a0Patriot\u00a0zugesagt hatte, erteilte Scholz bereits eine Absage zur Lieferung der Marschflugk\u00f6rper an Kiew. Die Ukraine-Offensive ist ins Stocken geraten, w\u00e4hrend sich der Winter langsam n\u00e4hert. Die Stimmung zur Unterst\u00fctzung der Ukrainer ist bereits gekippt. In den USA steht die Pr\u00e4sidentschaftswahl schon f\u00fcr kommendes Jahr an, w\u00e4hrend die Zweckehe zwischen Kiew und Warschau sich dem Ende neigt. Vor diesem Hintergrund spielt die Zeit gegen den Selenskij-Kreis in Kiew.\u00a0<\/p>\n<p><strong>Mehr zum Thema<\/strong> &#8211; <a rel=\"nofollow noopener\" target=\"_blank\" href=\"https:\/\/test.rtde.me\/international\/180852-kiew-verklagt-westliche-ruestungsfirmen-wegen\/\">Kiew verklagt westliche R\u00fcstungsfirmen wegen Nichteinhaltung von Liefervertr\u00e4gen<\/a><\/p>\n<\/div>\n<p><br \/>\n<br \/><a href=\"https:\/\/de.rt.com\/international\/182836-selenskij-in-alarmstimmung-auf-europa\/\">Source link <\/a><\/p>\n","protected":false},"excerpt":{"rendered":"<p>Verhandlungen in Granada wurden von Anzeichen einer zerfallenden Unterst\u00fctzung f\u00fcr Kiew \u00fcberschattet. Innerhalb der EU behindert Ungarn die Hilfe f\u00fcr die Ukraine und wom\u00f6glich wird sich dem bald auch die Slowakei anschlie\u00dfen. Bedenklicher ist f\u00fcr Selenskij jedoch, dass die milit\u00e4rische Unterst\u00fctzung vonseiten der USA ausf\u00e4llt. W\u00e4hrend der ukrainische Pr\u00e4sident Selenskij auf &#8220;Europas Einigkeit&#8221; bez\u00fcglich weiterer [&hellip;]<\/p>\n","protected":false},"author":3,"featured_media":47578,"comment_status":"open","ping_status":"open","sticky":false,"template":"","format":"standard","meta":{"_yoast_indexnow_last_ping":["1696587211"],"wp_automatic_camp":["217"],"a32361b8cb9bda51306fb3b216916b1d":["Selenskij in Alarmstimmung auf Europa-Gipfel in Granada: Ukraine-Allianz br\u00f6ckelt"],"original_link":["https:\/\/de.rt.com\/international\/182836-selenskij-in-alarmstimmung-auf-europa\/"],"_thumbnail_id":["47578"],"_wptgpro_p2tg_sent2tg":["a:1:{i:23737;s:19:\"2023-10-06 12:15:05\";}"],"jnews_social_counter_last_update":["1777279086"]},"categories":[19,23],"tags":[46650,133,28070,49544,49545,6158,49546],"yoast_head":"<!-- This site is optimized with the Yoast SEO Premium plugin v22.7 (Yoast SEO v22.7) - https:\/\/yoast.com\/wordpress\/plugins\/seo\/ -->\n<title>Selenskij in Alarmstimmung auf Europa-Gipfel in Granada: Ukraine-Allianz br\u00f6ckelt - just-now.NEWS Deutschland<\/title>\n<meta name=\"robots\" content=\"index, follow, max-snippet:-1, max-image-preview:large, max-video-preview:-1\" \/>\n<link rel=\"canonical\" href=\"https:\/\/now-news.de\/de\/deutschland\/selenskij-in-alarmstimmung-auf-europa-gipfel-in-granada-ukraine-allianz-broeckelt\/\" \/>\n<meta property=\"og:locale\" content=\"de_DE\" \/>\n<meta property=\"og:type\" content=\"article\" \/>\n<meta property=\"og:title\" content=\"Selenskij in Alarmstimmung auf Europa-Gipfel in Granada: Ukraine-Allianz br\u00f6ckelt\" \/>\n<meta property=\"og:description\" content=\"Verhandlungen in Granada wurden von Anzeichen einer zerfallenden Unterst\u00fctzung f\u00fcr Kiew \u00fcberschattet. Innerhalb der EU behindert Ungarn die Hilfe f\u00fcr die Ukraine und wom\u00f6glich wird sich dem bald auch die Slowakei anschlie\u00dfen. Bedenklicher ist f\u00fcr Selenskij jedoch, dass die milit\u00e4rische Unterst\u00fctzung vonseiten der USA ausf\u00e4llt. W\u00e4hrend der ukrainische Pr\u00e4sident Selenskij auf &#8220;Europas Einigkeit&#8221; bez\u00fcglich weiterer [&hellip;]\" \/>\n<meta property=\"og:url\" content=\"https:\/\/now-news.de\/de\/deutschland\/selenskij-in-alarmstimmung-auf-europa-gipfel-in-granada-ukraine-allianz-broeckelt\/\" \/>\n<meta property=\"og:site_name\" content=\"just-now.NEWS Deutschland\" \/>\n<meta property=\"article:publisher\" content=\"https:\/\/www.facebook.com\/wirmachenauf\" \/>\n<meta property=\"article:published_time\" content=\"2023-10-06T10:03:49+00:00\" \/>\n<meta property=\"og:image\" content=\"https:\/\/now-news.de\/de\/wp-content\/uploads\/sites\/3\/2023\/10\/Selenskij-in-Alarmstimmung-auf-Europa-Gipfel-in-Granada-Ukraine-Allianz-broeckelt.jpg\" \/>\n\t<meta property=\"og:image:width\" content=\"460\" \/>\n\t<meta property=\"og:image:height\" content=\"259\" \/>\n\t<meta property=\"og:image:type\" content=\"image\/jpeg\" \/>\n<meta name=\"author\" content=\"rtnews\" \/>\n<meta name=\"twitter:card\" content=\"summary_large_image\" \/>\n<meta name=\"twitter:creator\" content=\"@WirMachenAuf_de\" \/>\n<meta name=\"twitter:site\" content=\"@WirMachenAuf_de\" \/>\n<meta name=\"twitter:label1\" content=\"Verfasst von\" \/>\n\t<meta name=\"twitter:data1\" content=\"rtnews\" \/>\n\t<meta name=\"twitter:label2\" content=\"Gesch\u00e4tzte Lesezeit\" \/>\n\t<meta name=\"twitter:data2\" content=\"3\u00a0Minuten\" \/>\n<script type=\"application\/ld+json\" class=\"yoast-schema-graph\">{\"@context\":\"https:\/\/schema.org\",\"@graph\":[{\"@type\":\"Article\",\"@id\":\"https:\/\/now-news.de\/de\/deutschland\/selenskij-in-alarmstimmung-auf-europa-gipfel-in-granada-ukraine-allianz-broeckelt\/#article\",\"isPartOf\":{\"@id\":\"https:\/\/now-news.de\/de\/deutschland\/selenskij-in-alarmstimmung-auf-europa-gipfel-in-granada-ukraine-allianz-broeckelt\/\"},\"author\":{\"name\":\"rtnews\",\"@id\":\"https:\/\/now-news.de\/de\/#\/schema\/person\/fb534a4e865501d8b3285208df34a9b5\"},\"headline\":\"Selenskij in Alarmstimmung auf Europa-Gipfel in Granada: Ukraine-Allianz br\u00f6ckelt\",\"datePublished\":\"2023-10-06T10:03:49+00:00\",\"dateModified\":\"2023-10-06T10:03:49+00:00\",\"mainEntityOfPage\":{\"@id\":\"https:\/\/now-news.de\/de\/deutschland\/selenskij-in-alarmstimmung-auf-europa-gipfel-in-granada-ukraine-allianz-broeckelt\/\"},\"wordCount\":547,\"commentCount\":0,\"publisher\":{\"@id\":\"https:\/\/now-news.de\/de\/#organization\"},\"image\":{\"@id\":\"https:\/\/now-news.de\/de\/deutschland\/selenskij-in-alarmstimmung-auf-europa-gipfel-in-granada-ukraine-allianz-broeckelt\/#primaryimage\"},\"thumbnailUrl\":\"https:\/\/now-news.de\/de\/wp-content\/uploads\/sites\/3\/2023\/10\/Selenskij-in-Alarmstimmung-auf-Europa-Gipfel-in-Granada-Ukraine-Allianz-broeckelt.jpg\",\"keywords\":[\"Alarmstimmung\",\"AUF\",\"br\u00f6ckelt\",\"EuropaGipfel\",\"Granada\",\"Selenskij\",\"UkraineAllianz\"],\"articleSection\":[\"Deutschland\",\"Russland\"],\"inLanguage\":\"de\",\"potentialAction\":[{\"@type\":\"CommentAction\",\"name\":\"Comment\",\"target\":[\"https:\/\/now-news.de\/de\/deutschland\/selenskij-in-alarmstimmung-auf-europa-gipfel-in-granada-ukraine-allianz-broeckelt\/#respond\"]}]},{\"@type\":\"WebPage\",\"@id\":\"https:\/\/now-news.de\/de\/deutschland\/selenskij-in-alarmstimmung-auf-europa-gipfel-in-granada-ukraine-allianz-broeckelt\/\",\"url\":\"https:\/\/now-news.de\/de\/deutschland\/selenskij-in-alarmstimmung-auf-europa-gipfel-in-granada-ukraine-allianz-broeckelt\/\",\"name\":\"Selenskij in Alarmstimmung auf Europa-Gipfel in Granada: Ukraine-Allianz br\u00f6ckelt - just-now.NEWS Deutschland\",\"isPartOf\":{\"@id\":\"https:\/\/now-news.de\/de\/#website\"},\"primaryImageOfPage\":{\"@id\":\"https:\/\/now-news.de\/de\/deutschland\/selenskij-in-alarmstimmung-auf-europa-gipfel-in-granada-ukraine-allianz-broeckelt\/#primaryimage\"},\"image\":{\"@id\":\"https:\/\/now-news.de\/de\/deutschland\/selenskij-in-alarmstimmung-auf-europa-gipfel-in-granada-ukraine-allianz-broeckelt\/#primaryimage\"},\"thumbnailUrl\":\"https:\/\/now-news.de\/de\/wp-content\/uploads\/sites\/3\/2023\/10\/Selenskij-in-Alarmstimmung-auf-Europa-Gipfel-in-Granada-Ukraine-Allianz-broeckelt.jpg\",\"datePublished\":\"2023-10-06T10:03:49+00:00\",\"dateModified\":\"2023-10-06T10:03:49+00:00\",\"breadcrumb\":{\"@id\":\"https:\/\/now-news.de\/de\/deutschland\/selenskij-in-alarmstimmung-auf-europa-gipfel-in-granada-ukraine-allianz-broeckelt\/#breadcrumb\"},\"inLanguage\":\"de\",\"potentialAction\":[{\"@type\":\"ReadAction\",\"target\":[\"https:\/\/now-news.de\/de\/deutschland\/selenskij-in-alarmstimmung-auf-europa-gipfel-in-granada-ukraine-allianz-broeckelt\/\"]}]},{\"@type\":\"ImageObject\",\"inLanguage\":\"de\",\"@id\":\"https:\/\/now-news.de\/de\/deutschland\/selenskij-in-alarmstimmung-auf-europa-gipfel-in-granada-ukraine-allianz-broeckelt\/#primaryimage\",\"url\":\"https:\/\/now-news.de\/de\/wp-content\/uploads\/sites\/3\/2023\/10\/Selenskij-in-Alarmstimmung-auf-Europa-Gipfel-in-Granada-Ukraine-Allianz-broeckelt.jpg\",\"contentUrl\":\"https:\/\/now-news.de\/de\/wp-content\/uploads\/sites\/3\/2023\/10\/Selenskij-in-Alarmstimmung-auf-Europa-Gipfel-in-Granada-Ukraine-Allianz-broeckelt.jpg\",\"width\":460,\"height\":259,\"caption\":\"Selenskij in Alarmstimmung auf Europa-Gipfel in Granada: Ukraine-Allianz br\u00f6ckelt\"},{\"@type\":\"BreadcrumbList\",\"@id\":\"https:\/\/now-news.de\/de\/deutschland\/selenskij-in-alarmstimmung-auf-europa-gipfel-in-granada-ukraine-allianz-broeckelt\/#breadcrumb\",\"itemListElement\":[{\"@type\":\"ListItem\",\"position\":1,\"name\":\"Home\",\"item\":\"https:\/\/now-news.de\/de\/\"},{\"@type\":\"ListItem\",\"position\":2,\"name\":\"Selenskij in Alarmstimmung auf Europa-Gipfel in Granada: Ukraine-Allianz br\u00f6ckelt\"}]},{\"@type\":\"WebSite\",\"@id\":\"https:\/\/now-news.de\/de\/#website\",\"url\":\"https:\/\/now-news.de\/de\/\",\"name\":\"just-now.NEWS Deutschland\",\"description\":\"Das Portal f\u00fcr unzensierte Nachrichten aus der Welt\",\"publisher\":{\"@id\":\"https:\/\/now-news.de\/de\/#organization\"},\"potentialAction\":[{\"@type\":\"SearchAction\",\"target\":{\"@type\":\"EntryPoint\",\"urlTemplate\":\"https:\/\/now-news.de\/de\/?s={search_term_string}\"},\"query-input\":\"required name=search_term_string\"}],\"inLanguage\":\"de\"},{\"@type\":\"Organization\",\"@id\":\"https:\/\/now-news.de\/de\/#organization\",\"name\":\"Just Now News\",\"url\":\"https:\/\/now-news.de\/de\/\",\"logo\":{\"@type\":\"ImageObject\",\"inLanguage\":\"de\",\"@id\":\"https:\/\/now-news.de\/de\/#\/schema\/logo\/image\/\",\"url\":\"http:\/\/just-now.news\/de\/wp-content\/uploads\/sites\/3\/2022\/04\/logo500x500.jpg\",\"contentUrl\":\"http:\/\/just-now.news\/de\/wp-content\/uploads\/sites\/3\/2022\/04\/logo500x500.jpg\",\"width\":500,\"height\":500,\"caption\":\"Just Now News\"},\"image\":{\"@id\":\"https:\/\/now-news.de\/de\/#\/schema\/logo\/image\/\"},\"sameAs\":[\"https:\/\/www.facebook.com\/wirmachenauf\",\"https:\/\/x.com\/WirMachenAuf_de\"]},{\"@type\":\"Person\",\"@id\":\"https:\/\/now-news.de\/de\/#\/schema\/person\/fb534a4e865501d8b3285208df34a9b5\",\"name\":\"rtnews\",\"image\":{\"@type\":\"ImageObject\",\"inLanguage\":\"de\",\"@id\":\"https:\/\/now-news.de\/de\/#\/schema\/person\/image\/\",\"url\":\"https:\/\/secure.gravatar.com\/avatar\/82aafea7d8127119dd649515f56e2117?s=96&d=mm&r=g\",\"contentUrl\":\"https:\/\/secure.gravatar.com\/avatar\/82aafea7d8127119dd649515f56e2117?s=96&d=mm&r=g\",\"caption\":\"rtnews\"},\"url\":\"https:\/\/now-news.de\/de\/author\/rnews\/\"}]}<\/script>\n<!-- \/ Yoast SEO Premium plugin. -->","yoast_head_json":{"title":"Selenskij in Alarmstimmung auf Europa-Gipfel in Granada: Ukraine-Allianz br\u00f6ckelt - just-now.NEWS Deutschland","robots":{"index":"index","follow":"follow","max-snippet":"max-snippet:-1","max-image-preview":"max-image-preview:large","max-video-preview":"max-video-preview:-1"},"canonical":"https:\/\/now-news.de\/de\/deutschland\/selenskij-in-alarmstimmung-auf-europa-gipfel-in-granada-ukraine-allianz-broeckelt\/","og_locale":"de_DE","og_type":"article","og_title":"Selenskij in Alarmstimmung auf Europa-Gipfel in Granada: Ukraine-Allianz br\u00f6ckelt","og_description":"Verhandlungen in Granada wurden von Anzeichen einer zerfallenden Unterst\u00fctzung f\u00fcr Kiew \u00fcberschattet. Innerhalb der EU behindert Ungarn die Hilfe f\u00fcr die Ukraine und wom\u00f6glich wird sich dem bald auch die Slowakei anschlie\u00dfen. Bedenklicher ist f\u00fcr Selenskij jedoch, dass die milit\u00e4rische Unterst\u00fctzung vonseiten der USA ausf\u00e4llt. W\u00e4hrend der ukrainische Pr\u00e4sident Selenskij auf &#8220;Europas Einigkeit&#8221; bez\u00fcglich weiterer [&hellip;]","og_url":"https:\/\/now-news.de\/de\/deutschland\/selenskij-in-alarmstimmung-auf-europa-gipfel-in-granada-ukraine-allianz-broeckelt\/","og_site_name":"just-now.NEWS Deutschland","article_publisher":"https:\/\/www.facebook.com\/wirmachenauf","article_published_time":"2023-10-06T10:03:49+00:00","og_image":[{"width":460,"height":259,"url":"https:\/\/now-news.de\/de\/wp-content\/uploads\/sites\/3\/2023\/10\/Selenskij-in-Alarmstimmung-auf-Europa-Gipfel-in-Granada-Ukraine-Allianz-broeckelt.jpg","type":"image\/jpeg"}],"author":"rtnews","twitter_card":"summary_large_image","twitter_creator":"@WirMachenAuf_de","twitter_site":"@WirMachenAuf_de","twitter_misc":{"Verfasst von":"rtnews","Gesch\u00e4tzte Lesezeit":"3\u00a0Minuten"},"schema":{"@context":"https:\/\/schema.org","@graph":[{"@type":"Article","@id":"https:\/\/now-news.de\/de\/deutschland\/selenskij-in-alarmstimmung-auf-europa-gipfel-in-granada-ukraine-allianz-broeckelt\/#article","isPartOf":{"@id":"https:\/\/now-news.de\/de\/deutschland\/selenskij-in-alarmstimmung-auf-europa-gipfel-in-granada-ukraine-allianz-broeckelt\/"},"author":{"name":"rtnews","@id":"https:\/\/now-news.de\/de\/#\/schema\/person\/fb534a4e865501d8b3285208df34a9b5"},"headline":"Selenskij in Alarmstimmung auf Europa-Gipfel in Granada: Ukraine-Allianz br\u00f6ckelt","datePublished":"2023-10-06T10:03:49+00:00","dateModified":"2023-10-06T10:03:49+00:00","mainEntityOfPage":{"@id":"https:\/\/now-news.de\/de\/deutschland\/selenskij-in-alarmstimmung-auf-europa-gipfel-in-granada-ukraine-allianz-broeckelt\/"},"wordCount":547,"commentCount":0,"publisher":{"@id":"https:\/\/now-news.de\/de\/#organization"},"image":{"@id":"https:\/\/now-news.de\/de\/deutschland\/selenskij-in-alarmstimmung-auf-europa-gipfel-in-granada-ukraine-allianz-broeckelt\/#primaryimage"},"thumbnailUrl":"https:\/\/now-news.de\/de\/wp-content\/uploads\/sites\/3\/2023\/10\/Selenskij-in-Alarmstimmung-auf-Europa-Gipfel-in-Granada-Ukraine-Allianz-broeckelt.jpg","keywords":["Alarmstimmung","AUF","br\u00f6ckelt","EuropaGipfel","Granada","Selenskij","UkraineAllianz"],"articleSection":["Deutschland","Russland"],"inLanguage":"de","potentialAction":[{"@type":"CommentAction","name":"Comment","target":["https:\/\/now-news.de\/de\/deutschland\/selenskij-in-alarmstimmung-auf-europa-gipfel-in-granada-ukraine-allianz-broeckelt\/#respond"]}]},{"@type":"WebPage","@id":"https:\/\/now-news.de\/de\/deutschland\/selenskij-in-alarmstimmung-auf-europa-gipfel-in-granada-ukraine-allianz-broeckelt\/","url":"https:\/\/now-news.de\/de\/deutschland\/selenskij-in-alarmstimmung-auf-europa-gipfel-in-granada-ukraine-allianz-broeckelt\/","name":"Selenskij in Alarmstimmung auf Europa-Gipfel in Granada: Ukraine-Allianz br\u00f6ckelt - just-now.NEWS Deutschland","isPartOf":{"@id":"https:\/\/now-news.de\/de\/#website"},"primaryImageOfPage":{"@id":"https:\/\/now-news.de\/de\/deutschland\/selenskij-in-alarmstimmung-auf-europa-gipfel-in-granada-ukraine-allianz-broeckelt\/#primaryimage"},"image":{"@id":"https:\/\/now-news.de\/de\/deutschland\/selenskij-in-alarmstimmung-auf-europa-gipfel-in-granada-ukraine-allianz-broeckelt\/#primaryimage"},"thumbnailUrl":"https:\/\/now-news.de\/de\/wp-content\/uploads\/sites\/3\/2023\/10\/Selenskij-in-Alarmstimmung-auf-Europa-Gipfel-in-Granada-Ukraine-Allianz-broeckelt.jpg","datePublished":"2023-10-06T10:03:49+00:00","dateModified":"2023-10-06T10:03:49+00:00","breadcrumb":{"@id":"https:\/\/now-news.de\/de\/deutschland\/selenskij-in-alarmstimmung-auf-europa-gipfel-in-granada-ukraine-allianz-broeckelt\/#breadcrumb"},"inLanguage":"de","potentialAction":[{"@type":"ReadAction","target":["https:\/\/now-news.de\/de\/deutschland\/selenskij-in-alarmstimmung-auf-europa-gipfel-in-granada-ukraine-allianz-broeckelt\/"]}]},{"@type":"ImageObject","inLanguage":"de","@id":"https:\/\/now-news.de\/de\/deutschland\/selenskij-in-alarmstimmung-auf-europa-gipfel-in-granada-ukraine-allianz-broeckelt\/#primaryimage","url":"https:\/\/now-news.de\/de\/wp-content\/uploads\/sites\/3\/2023\/10\/Selenskij-in-Alarmstimmung-auf-Europa-Gipfel-in-Granada-Ukraine-Allianz-broeckelt.jpg","contentUrl":"https:\/\/now-news.de\/de\/wp-content\/uploads\/sites\/3\/2023\/10\/Selenskij-in-Alarmstimmung-auf-Europa-Gipfel-in-Granada-Ukraine-Allianz-broeckelt.jpg","width":460,"height":259,"caption":"Selenskij in Alarmstimmung auf Europa-Gipfel in Granada: Ukraine-Allianz br\u00f6ckelt"},{"@type":"BreadcrumbList","@id":"https:\/\/now-news.de\/de\/deutschland\/selenskij-in-alarmstimmung-auf-europa-gipfel-in-granada-ukraine-allianz-broeckelt\/#breadcrumb","itemListElement":[{"@type":"ListItem","position":1,"name":"Home","item":"https:\/\/now-news.de\/de\/"},{"@type":"ListItem","position":2,"name":"Selenskij in Alarmstimmung auf Europa-Gipfel in Granada: Ukraine-Allianz br\u00f6ckelt"}]},{"@type":"WebSite","@id":"https:\/\/now-news.de\/de\/#website","url":"https:\/\/now-news.de\/de\/","name":"just-now.NEWS Deutschland","description":"Das Portal f\u00fcr unzensierte Nachrichten aus der Welt","publisher":{"@id":"https:\/\/now-news.de\/de\/#organization"},"potentialAction":[{"@type":"SearchAction","target":{"@type":"EntryPoint","urlTemplate":"https:\/\/now-news.de\/de\/?s={search_term_string}"},"query-input":"required name=search_term_string"}],"inLanguage":"de"},{"@type":"Organization","@id":"https:\/\/now-news.de\/de\/#organization","name":"Just Now News","url":"https:\/\/now-news.de\/de\/","logo":{"@type":"ImageObject","inLanguage":"de","@id":"https:\/\/now-news.de\/de\/#\/schema\/logo\/image\/","url":"http:\/\/just-now.news\/de\/wp-content\/uploads\/sites\/3\/2022\/04\/logo500x500.jpg","contentUrl":"http:\/\/just-now.news\/de\/wp-content\/uploads\/sites\/3\/2022\/04\/logo500x500.jpg","width":500,"height":500,"caption":"Just Now News"},"image":{"@id":"https:\/\/now-news.de\/de\/#\/schema\/logo\/image\/"},"sameAs":["https:\/\/www.facebook.com\/wirmachenauf","https:\/\/x.com\/WirMachenAuf_de"]},{"@type":"Person","@id":"https:\/\/now-news.de\/de\/#\/schema\/person\/fb534a4e865501d8b3285208df34a9b5","name":"rtnews","image":{"@type":"ImageObject","inLanguage":"de","@id":"https:\/\/now-news.de\/de\/#\/schema\/person\/image\/","url":"https:\/\/secure.gravatar.com\/avatar\/82aafea7d8127119dd649515f56e2117?s=96&d=mm&r=g","contentUrl":"https:\/\/secure.gravatar.com\/avatar\/82aafea7d8127119dd649515f56e2117?s=96&d=mm&r=g","caption":"rtnews"},"url":"https:\/\/now-news.de\/de\/author\/rnews\/"}]}},"_links":{"self":[{"href":"https:\/\/now-news.de\/de\/wp-json\/wp\/v2\/posts\/47577"}],"collection":[{"href":"https:\/\/now-news.de\/de\/wp-json\/wp\/v2\/posts"}],"about":[{"href":"https:\/\/now-news.de\/de\/wp-json\/wp\/v2\/types\/post"}],"author":[{"embeddable":true,"href":"https:\/\/now-news.de\/de\/wp-json\/wp\/v2\/users\/3"}],"replies":[{"embeddable":true,"href":"https:\/\/now-news.de\/de\/wp-json\/wp\/v2\/comments?post=47577"}],"version-history":[{"count":0,"href":"https:\/\/now-news.de\/de\/wp-json\/wp\/v2\/posts\/47577\/revisions"}],"wp:featuredmedia":[{"embeddable":true,"href":"https:\/\/now-news.de\/de\/wp-json\/wp\/v2\/media\/47578"}],"wp:attachment":[{"href":"https:\/\/now-news.de\/de\/wp-json\/wp\/v2\/media?parent=47577"}],"wp:term":[{"taxonomy":"category","embeddable":true,"href":"https:\/\/now-news.de\/de\/wp-json\/wp\/v2\/categories?post=47577"},{"taxonomy":"post_tag","embeddable":true,"href":"https:\/\/now-news.de\/de\/wp-json\/wp\/v2\/tags?post=47577"}],"curies":[{"name":"wp","href":"https:\/\/api.w.org\/{rel}","templated":true}]}}