{"id":47571,"date":"2023-10-06T10:47:05","date_gmt":"2023-10-06T08:47:05","guid":{"rendered":"https:\/\/just-now.news\/de\/deutschland\/seenotretter-in-not-aggressive-fluechtlinge-zueckten-messer-und-forderten-das-angestrebte-reiseziel\/"},"modified":"2023-10-06T10:47:05","modified_gmt":"2023-10-06T08:47:05","slug":"seenotretter-in-not-aggressive-fluechtlinge-zueckten-messer-und-forderten-das-angestrebte-reiseziel","status":"publish","type":"post","link":"https:\/\/now-news.de\/de\/deutschland\/seenotretter-in-not-aggressive-fluechtlinge-zueckten-messer-und-forderten-das-angestrebte-reiseziel\/","title":{"rendered":"Seenotretter in Not: Aggressive Fl\u00fcchtlinge z\u00fcckten Messer und forderten das angestrebte Reiseziel"},"content":{"rendered":"<p><img decoding=\"async\" src=\"http:\/\/just-now.news\/de\/wp-content\/uploads\/sites\/3\/2023\/10\/651fb202b480cc05c07d1842.jpeg\" \/><\/p>\n<div class=\"Text-root Text-type_1 \">\n                Das mitgeteilte Reiseziel der Schiffsleitung, die R\u00fcckkehr nach Marokko, entsprach dabei nicht den Vorstellungen der Geretteten. Die Besatzung sah sich aufgrund der Bedrohungslage gezwungen, die Fahrt in einem Hafen im spanischen Fuerteventura zu beenden. Die federf\u00fchrenden Migranten wurden festgenommen.\n            <\/div>\n<p><\/p>\n<div class=\"Text-root Text-type_5 ArticleView-text ViewText-root \">\n<p>Das niederl\u00e4ndische Schifffahrtsunternehmen Vroon Offshore Services\u00a0best\u00e4tigte der Zeitung\u00a0<em>De Telegraaf<\/em>\u00a0den entsprechenden Vorfall<em>,<\/em>\u00a0nachdem zuvor spanische Medien dar\u00fcber\u00a0<a rel=\"nofollow noopener\" target=\"_blank\" href=\"https:\/\/www.telegraaf.nl\/nieuws\/865548740\/bootvluchtelingen-bedreigen-bemanning-nederlandse-sleepboot-met-messen-na-redding-op-zee\">berichtet<\/a>\u00a0hatten (Bezahlschranke). So seien die betroffenen Besatzungsmitglieder laut Aussagen der Schiffsbesatzung von den Migranten mit Messern ernsthaft bedroht worden. Dies, nachdem sie kurz zuvor erst auf hoher See aus Marokko kommend, gerettet wurden.<\/p>\n<p>So h\u00e4tte die Besatzungscrew laut\u00a0<em>De Telegraaf\u00a0<\/em>in der Nacht vom 2. auf den 3. Oktober vor der marokkanischen K\u00fcste auf einen Notruf der Migranten reagiert, die sich auf einem kleinen Schiff befanden, das bereits seeunt\u00fcchtig war.\u00a0W\u00e4hrend der eingeleiteten Rettungsaktion wurden dann die Seenotretter dabei auf ein zweites Schiff in Seenot\u00a0<a rel=\"nofollow noopener\" target=\"_blank\" href=\"https:\/\/maritime-executive.com\/article\/nine-migrants-arrested-for-piracy-after-rescue-by-vroon-offshore-vessel\">aufmerksam<\/a>. Dies geschah\u00a0etwa 50 Seemeilen nord\u00f6stlich von Lanzarote, der \u00f6stlichsten Insel der Kanarischen Inseln.<\/p>\n<p>Das erste Boot hatte 44 Personen, das zweite, das kurz darauf geortet wurde, hatte weitere 35 Menschen an Bord. Final rettete die zw\u00f6lfk\u00f6pfige Besatzung im Verlauf der Nacht insgesamt 79 Migranten, die alle an Bord des Schiffes genommen wurden. Dabei schien jedoch die Stimmung zwischen Rettern und Migranten schnell zu kippen,\u00a0nachdem der Kapit\u00e4n dar\u00fcber informiert hatte, sein\u00a0Schiff Richtung Marokko zu lenken.<\/p>\n<p>Die Gesamtsituation eskalierte, als mehrere Migranten mit Messern die Crew attackierten. Das niederl\u00e4ndische Unternehmen teilte in einer Stellungnahme mit, dass die Sicherheit der Besatzung derart gef\u00e4hrdet gewesen sei, dass sogar die Bef\u00fcrchtung bestand, dass das Schiff von den Migranten gekapert werden k\u00f6nnte. Die Webseite\u00a0<em>Maritime Executive<\/em>\u00a0<a rel=\"nofollow noopener\" target=\"_blank\" href=\"https:\/\/maritime-executive.com\/article\/nine-migrants-arrested-for-piracy-after-rescue-by-vroon-offshore-vessel\">informiert<\/a>\u00a0zum Ereignis:<\/p>\n<blockquote>\n<p><em>&#8220;Auf dem Weg nach Tan Tan (in Marokko) &#8220;meuterten&#8221; neun Migranten an Bord des OSV und befahlen der Besatzung, spanisches Hoheitsgebiet auf den Kanarischen Inseln anzusteuern, wo sie die M\u00f6glichkeit h\u00e4tten, auf EU-Boden Asyl zu beantragen. Die Besatzung \u00e4nderte ihren Kurs in Richtung Fuerteventura und informierte die spanischen Beh\u00f6rden im Voraus, dass einige der Migranten &#8220;sehr aggressiv&#8221; geworden seien und Messer gezogen h\u00e4tten, als sie erfuhren, dass sie nach Marokko zur\u00fcckkehren w\u00fcrden.&#8221;<\/em><\/p>\n<\/blockquote>\n<p>Die Guardia Civil, die spanische Polizei, nahm daraufhin bei der Ankunft des Schiffes die neun federf\u00fchrenden Migranten fest. Laut spanischen Medien wird nun eine Anklage wegen Piraterie erhoben. Wie es mit den \u00fcbrigen Fl\u00fcchtlingen weitergeht, ist derzeit noch nicht bekannt. Das spanische Au\u00dfenministerium berichtet laut\u00a0<em>De Telegraaf<\/em>-Artikel, dass die Zahl der Fl\u00fcchtlinge, &#8220;die auf diese Weise versuchen, Europa zu erreichen, stark angestiegen ist: fast 20 Prozent mehr als im vergangenen Jahr&#8221;.<\/p>\n<p><strong>Mehr zum Thema &#8211;<\/strong>\u00a0<a rel=\"nofollow noopener\" target=\"_blank\" href=\"https:\/\/freedert.online\/europa\/182667-wegen-illegaler-migration-polen-tschechien\/\">Wegen illegaler Migration: Polen, Tschechien und \u00d6sterreich f\u00fchren Grenzkontrollen ein<\/a><\/p>\n<\/div>\n<p><br \/>\n<br \/><a href=\"https:\/\/de.rt.com\/europa\/182835-seenotretter-in-not-aggressive-fluechtlinge\/\">Source link <\/a><\/p>\n","protected":false},"excerpt":{"rendered":"<p>Das mitgeteilte Reiseziel der Schiffsleitung, die R\u00fcckkehr nach Marokko, entsprach dabei nicht den Vorstellungen der Geretteten. Die Besatzung sah sich aufgrund der Bedrohungslage gezwungen, die Fahrt in einem Hafen im spanischen Fuerteventura zu beenden. Die federf\u00fchrenden Migranten wurden festgenommen. Das niederl\u00e4ndische Schifffahrtsunternehmen Vroon Offshore Services\u00a0best\u00e4tigte der Zeitung\u00a0De Telegraaf\u00a0den entsprechenden Vorfall,\u00a0nachdem zuvor spanische Medien dar\u00fcber\u00a0berichtet\u00a0hatten (Bezahlschranke). [&hellip;]<\/p>\n","protected":false},"author":3,"featured_media":47572,"comment_status":"open","ping_status":"open","sticky":false,"template":"","format":"standard","meta":{"_yoast_indexnow_last_ping":["1696582408"],"wp_automatic_camp":["217"],"113b7d683d1949e8238cf609d9ff5c8d":["Seenotretter in Not: Aggressive Fl\u00fcchtlinge z\u00fcckten Messer und forderten das angestrebte Reiseziel"],"original_link":["https:\/\/de.rt.com\/europa\/182835-seenotretter-in-not-aggressive-fluechtlinge\/"],"_thumbnail_id":["47572"],"_wptgpro_p2tg_sent2tg":["a:1:{i:23737;s:19:\"2023-10-06 10:54:30\";}"],"jnews_social_counter_last_update":["1777107271"]},"categories":[19,23],"tags":[25339,49540,427,7572,7287,19109,49541,49538,140,49539],"yoast_head":"<!-- This site is optimized with the Yoast SEO Premium plugin v22.7 (Yoast SEO v22.7) - https:\/\/yoast.com\/wordpress\/plugins\/seo\/ -->\n<title>Seenotretter in Not: Aggressive Fl\u00fcchtlinge z\u00fcckten Messer und forderten das angestrebte Reiseziel - just-now.NEWS Deutschland<\/title>\n<meta name=\"robots\" content=\"index, follow, max-snippet:-1, max-image-preview:large, max-video-preview:-1\" \/>\n<link rel=\"canonical\" href=\"https:\/\/now-news.de\/de\/deutschland\/seenotretter-in-not-aggressive-fluechtlinge-zueckten-messer-und-forderten-das-angestrebte-reiseziel\/\" \/>\n<meta property=\"og:locale\" content=\"de_DE\" \/>\n<meta property=\"og:type\" content=\"article\" \/>\n<meta property=\"og:title\" content=\"Seenotretter in Not: Aggressive Fl\u00fcchtlinge z\u00fcckten Messer und forderten das angestrebte Reiseziel\" \/>\n<meta property=\"og:description\" content=\"Das mitgeteilte Reiseziel der Schiffsleitung, die R\u00fcckkehr nach Marokko, entsprach dabei nicht den Vorstellungen der Geretteten. Die Besatzung sah sich aufgrund der Bedrohungslage gezwungen, die Fahrt in einem Hafen im spanischen Fuerteventura zu beenden. Die federf\u00fchrenden Migranten wurden festgenommen. Das niederl\u00e4ndische Schifffahrtsunternehmen Vroon Offshore Services\u00a0best\u00e4tigte der Zeitung\u00a0De Telegraaf\u00a0den entsprechenden Vorfall,\u00a0nachdem zuvor spanische Medien dar\u00fcber\u00a0berichtet\u00a0hatten (Bezahlschranke). [&hellip;]\" \/>\n<meta property=\"og:url\" content=\"https:\/\/now-news.de\/de\/deutschland\/seenotretter-in-not-aggressive-fluechtlinge-zueckten-messer-und-forderten-das-angestrebte-reiseziel\/\" \/>\n<meta property=\"og:site_name\" content=\"just-now.NEWS Deutschland\" \/>\n<meta property=\"article:publisher\" content=\"https:\/\/www.facebook.com\/wirmachenauf\" \/>\n<meta property=\"article:published_time\" content=\"2023-10-06T08:47:05+00:00\" \/>\n<meta property=\"og:image\" content=\"https:\/\/now-news.de\/de\/wp-content\/uploads\/sites\/3\/2023\/10\/Seenotretter-in-Not-Aggressive-Fluechtlinge-zueckten-Messer-und-forderten-das.jpeg\" \/>\n\t<meta property=\"og:image:width\" content=\"460\" \/>\n\t<meta property=\"og:image:height\" content=\"259\" \/>\n\t<meta property=\"og:image:type\" content=\"image\/jpeg\" \/>\n<meta name=\"author\" content=\"rtnews\" \/>\n<meta name=\"twitter:card\" content=\"summary_large_image\" \/>\n<meta name=\"twitter:creator\" content=\"@WirMachenAuf_de\" \/>\n<meta name=\"twitter:site\" content=\"@WirMachenAuf_de\" \/>\n<meta name=\"twitter:label1\" content=\"Verfasst von\" \/>\n\t<meta name=\"twitter:data1\" content=\"rtnews\" \/>\n\t<meta name=\"twitter:label2\" content=\"Gesch\u00e4tzte Lesezeit\" \/>\n\t<meta name=\"twitter:data2\" content=\"2\u00a0Minuten\" \/>\n<script type=\"application\/ld+json\" class=\"yoast-schema-graph\">{\"@context\":\"https:\/\/schema.org\",\"@graph\":[{\"@type\":\"Article\",\"@id\":\"https:\/\/now-news.de\/de\/deutschland\/seenotretter-in-not-aggressive-fluechtlinge-zueckten-messer-und-forderten-das-angestrebte-reiseziel\/#article\",\"isPartOf\":{\"@id\":\"https:\/\/now-news.de\/de\/deutschland\/seenotretter-in-not-aggressive-fluechtlinge-zueckten-messer-und-forderten-das-angestrebte-reiseziel\/\"},\"author\":{\"name\":\"rtnews\",\"@id\":\"https:\/\/now-news.de\/de\/#\/schema\/person\/fb534a4e865501d8b3285208df34a9b5\"},\"headline\":\"Seenotretter in Not: Aggressive Fl\u00fcchtlinge z\u00fcckten Messer und forderten das angestrebte Reiseziel\",\"datePublished\":\"2023-10-06T08:47:05+00:00\",\"dateModified\":\"2023-10-06T08:47:05+00:00\",\"mainEntityOfPage\":{\"@id\":\"https:\/\/now-news.de\/de\/deutschland\/seenotretter-in-not-aggressive-fluechtlinge-zueckten-messer-und-forderten-das-angestrebte-reiseziel\/\"},\"wordCount\":467,\"commentCount\":0,\"publisher\":{\"@id\":\"https:\/\/now-news.de\/de\/#organization\"},\"image\":{\"@id\":\"https:\/\/now-news.de\/de\/deutschland\/seenotretter-in-not-aggressive-fluechtlinge-zueckten-messer-und-forderten-das-angestrebte-reiseziel\/#primaryimage\"},\"thumbnailUrl\":\"https:\/\/now-news.de\/de\/wp-content\/uploads\/sites\/3\/2023\/10\/Seenotretter-in-Not-Aggressive-Fluechtlinge-zueckten-Messer-und-forderten-das.jpeg\",\"keywords\":[\"aggressive\",\"angestrebte\",\"das\",\"Fl\u00fcchtlinge\",\"forderten\",\"Messer\",\"Reiseziel\",\"Seenotretter\",\"und\",\"z\u00fcckten\"],\"articleSection\":[\"Deutschland\",\"Russland\"],\"inLanguage\":\"de\",\"potentialAction\":[{\"@type\":\"CommentAction\",\"name\":\"Comment\",\"target\":[\"https:\/\/now-news.de\/de\/deutschland\/seenotretter-in-not-aggressive-fluechtlinge-zueckten-messer-und-forderten-das-angestrebte-reiseziel\/#respond\"]}]},{\"@type\":\"WebPage\",\"@id\":\"https:\/\/now-news.de\/de\/deutschland\/seenotretter-in-not-aggressive-fluechtlinge-zueckten-messer-und-forderten-das-angestrebte-reiseziel\/\",\"url\":\"https:\/\/now-news.de\/de\/deutschland\/seenotretter-in-not-aggressive-fluechtlinge-zueckten-messer-und-forderten-das-angestrebte-reiseziel\/\",\"name\":\"Seenotretter in Not: Aggressive Fl\u00fcchtlinge z\u00fcckten Messer und forderten das angestrebte Reiseziel - just-now.NEWS Deutschland\",\"isPartOf\":{\"@id\":\"https:\/\/now-news.de\/de\/#website\"},\"primaryImageOfPage\":{\"@id\":\"https:\/\/now-news.de\/de\/deutschland\/seenotretter-in-not-aggressive-fluechtlinge-zueckten-messer-und-forderten-das-angestrebte-reiseziel\/#primaryimage\"},\"image\":{\"@id\":\"https:\/\/now-news.de\/de\/deutschland\/seenotretter-in-not-aggressive-fluechtlinge-zueckten-messer-und-forderten-das-angestrebte-reiseziel\/#primaryimage\"},\"thumbnailUrl\":\"https:\/\/now-news.de\/de\/wp-content\/uploads\/sites\/3\/2023\/10\/Seenotretter-in-Not-Aggressive-Fluechtlinge-zueckten-Messer-und-forderten-das.jpeg\",\"datePublished\":\"2023-10-06T08:47:05+00:00\",\"dateModified\":\"2023-10-06T08:47:05+00:00\",\"breadcrumb\":{\"@id\":\"https:\/\/now-news.de\/de\/deutschland\/seenotretter-in-not-aggressive-fluechtlinge-zueckten-messer-und-forderten-das-angestrebte-reiseziel\/#breadcrumb\"},\"inLanguage\":\"de\",\"potentialAction\":[{\"@type\":\"ReadAction\",\"target\":[\"https:\/\/now-news.de\/de\/deutschland\/seenotretter-in-not-aggressive-fluechtlinge-zueckten-messer-und-forderten-das-angestrebte-reiseziel\/\"]}]},{\"@type\":\"ImageObject\",\"inLanguage\":\"de\",\"@id\":\"https:\/\/now-news.de\/de\/deutschland\/seenotretter-in-not-aggressive-fluechtlinge-zueckten-messer-und-forderten-das-angestrebte-reiseziel\/#primaryimage\",\"url\":\"https:\/\/now-news.de\/de\/wp-content\/uploads\/sites\/3\/2023\/10\/Seenotretter-in-Not-Aggressive-Fluechtlinge-zueckten-Messer-und-forderten-das.jpeg\",\"contentUrl\":\"https:\/\/now-news.de\/de\/wp-content\/uploads\/sites\/3\/2023\/10\/Seenotretter-in-Not-Aggressive-Fluechtlinge-zueckten-Messer-und-forderten-das.jpeg\",\"width\":460,\"height\":259,\"caption\":\"Seenotretter in Not: Aggressive Fl\u00fcchtlinge z\u00fcckten Messer und forderten das angestrebte Reiseziel\"},{\"@type\":\"BreadcrumbList\",\"@id\":\"https:\/\/now-news.de\/de\/deutschland\/seenotretter-in-not-aggressive-fluechtlinge-zueckten-messer-und-forderten-das-angestrebte-reiseziel\/#breadcrumb\",\"itemListElement\":[{\"@type\":\"ListItem\",\"position\":1,\"name\":\"Home\",\"item\":\"https:\/\/now-news.de\/de\/\"},{\"@type\":\"ListItem\",\"position\":2,\"name\":\"Seenotretter in Not: Aggressive Fl\u00fcchtlinge z\u00fcckten Messer und forderten das angestrebte Reiseziel\"}]},{\"@type\":\"WebSite\",\"@id\":\"https:\/\/now-news.de\/de\/#website\",\"url\":\"https:\/\/now-news.de\/de\/\",\"name\":\"just-now.NEWS Deutschland\",\"description\":\"Das Portal f\u00fcr unzensierte Nachrichten aus der Welt\",\"publisher\":{\"@id\":\"https:\/\/now-news.de\/de\/#organization\"},\"potentialAction\":[{\"@type\":\"SearchAction\",\"target\":{\"@type\":\"EntryPoint\",\"urlTemplate\":\"https:\/\/now-news.de\/de\/?s={search_term_string}\"},\"query-input\":\"required name=search_term_string\"}],\"inLanguage\":\"de\"},{\"@type\":\"Organization\",\"@id\":\"https:\/\/now-news.de\/de\/#organization\",\"name\":\"Just Now News\",\"url\":\"https:\/\/now-news.de\/de\/\",\"logo\":{\"@type\":\"ImageObject\",\"inLanguage\":\"de\",\"@id\":\"https:\/\/now-news.de\/de\/#\/schema\/logo\/image\/\",\"url\":\"http:\/\/just-now.news\/de\/wp-content\/uploads\/sites\/3\/2022\/04\/logo500x500.jpg\",\"contentUrl\":\"http:\/\/just-now.news\/de\/wp-content\/uploads\/sites\/3\/2022\/04\/logo500x500.jpg\",\"width\":500,\"height\":500,\"caption\":\"Just Now News\"},\"image\":{\"@id\":\"https:\/\/now-news.de\/de\/#\/schema\/logo\/image\/\"},\"sameAs\":[\"https:\/\/www.facebook.com\/wirmachenauf\",\"https:\/\/x.com\/WirMachenAuf_de\"]},{\"@type\":\"Person\",\"@id\":\"https:\/\/now-news.de\/de\/#\/schema\/person\/fb534a4e865501d8b3285208df34a9b5\",\"name\":\"rtnews\",\"image\":{\"@type\":\"ImageObject\",\"inLanguage\":\"de\",\"@id\":\"https:\/\/now-news.de\/de\/#\/schema\/person\/image\/\",\"url\":\"https:\/\/secure.gravatar.com\/avatar\/82aafea7d8127119dd649515f56e2117?s=96&d=mm&r=g\",\"contentUrl\":\"https:\/\/secure.gravatar.com\/avatar\/82aafea7d8127119dd649515f56e2117?s=96&d=mm&r=g\",\"caption\":\"rtnews\"},\"url\":\"https:\/\/now-news.de\/de\/author\/rnews\/\"}]}<\/script>\n<!-- \/ Yoast SEO Premium plugin. -->","yoast_head_json":{"title":"Seenotretter in Not: Aggressive Fl\u00fcchtlinge z\u00fcckten Messer und forderten das angestrebte Reiseziel - just-now.NEWS Deutschland","robots":{"index":"index","follow":"follow","max-snippet":"max-snippet:-1","max-image-preview":"max-image-preview:large","max-video-preview":"max-video-preview:-1"},"canonical":"https:\/\/now-news.de\/de\/deutschland\/seenotretter-in-not-aggressive-fluechtlinge-zueckten-messer-und-forderten-das-angestrebte-reiseziel\/","og_locale":"de_DE","og_type":"article","og_title":"Seenotretter in Not: Aggressive Fl\u00fcchtlinge z\u00fcckten Messer und forderten das angestrebte Reiseziel","og_description":"Das mitgeteilte Reiseziel der Schiffsleitung, die R\u00fcckkehr nach Marokko, entsprach dabei nicht den Vorstellungen der Geretteten. Die Besatzung sah sich aufgrund der Bedrohungslage gezwungen, die Fahrt in einem Hafen im spanischen Fuerteventura zu beenden. Die federf\u00fchrenden Migranten wurden festgenommen. Das niederl\u00e4ndische Schifffahrtsunternehmen Vroon Offshore Services\u00a0best\u00e4tigte der Zeitung\u00a0De Telegraaf\u00a0den entsprechenden Vorfall,\u00a0nachdem zuvor spanische Medien dar\u00fcber\u00a0berichtet\u00a0hatten (Bezahlschranke). [&hellip;]","og_url":"https:\/\/now-news.de\/de\/deutschland\/seenotretter-in-not-aggressive-fluechtlinge-zueckten-messer-und-forderten-das-angestrebte-reiseziel\/","og_site_name":"just-now.NEWS Deutschland","article_publisher":"https:\/\/www.facebook.com\/wirmachenauf","article_published_time":"2023-10-06T08:47:05+00:00","og_image":[{"width":460,"height":259,"url":"https:\/\/now-news.de\/de\/wp-content\/uploads\/sites\/3\/2023\/10\/Seenotretter-in-Not-Aggressive-Fluechtlinge-zueckten-Messer-und-forderten-das.jpeg","type":"image\/jpeg"}],"author":"rtnews","twitter_card":"summary_large_image","twitter_creator":"@WirMachenAuf_de","twitter_site":"@WirMachenAuf_de","twitter_misc":{"Verfasst von":"rtnews","Gesch\u00e4tzte Lesezeit":"2\u00a0Minuten"},"schema":{"@context":"https:\/\/schema.org","@graph":[{"@type":"Article","@id":"https:\/\/now-news.de\/de\/deutschland\/seenotretter-in-not-aggressive-fluechtlinge-zueckten-messer-und-forderten-das-angestrebte-reiseziel\/#article","isPartOf":{"@id":"https:\/\/now-news.de\/de\/deutschland\/seenotretter-in-not-aggressive-fluechtlinge-zueckten-messer-und-forderten-das-angestrebte-reiseziel\/"},"author":{"name":"rtnews","@id":"https:\/\/now-news.de\/de\/#\/schema\/person\/fb534a4e865501d8b3285208df34a9b5"},"headline":"Seenotretter in Not: Aggressive Fl\u00fcchtlinge z\u00fcckten Messer und forderten das angestrebte Reiseziel","datePublished":"2023-10-06T08:47:05+00:00","dateModified":"2023-10-06T08:47:05+00:00","mainEntityOfPage":{"@id":"https:\/\/now-news.de\/de\/deutschland\/seenotretter-in-not-aggressive-fluechtlinge-zueckten-messer-und-forderten-das-angestrebte-reiseziel\/"},"wordCount":467,"commentCount":0,"publisher":{"@id":"https:\/\/now-news.de\/de\/#organization"},"image":{"@id":"https:\/\/now-news.de\/de\/deutschland\/seenotretter-in-not-aggressive-fluechtlinge-zueckten-messer-und-forderten-das-angestrebte-reiseziel\/#primaryimage"},"thumbnailUrl":"https:\/\/now-news.de\/de\/wp-content\/uploads\/sites\/3\/2023\/10\/Seenotretter-in-Not-Aggressive-Fluechtlinge-zueckten-Messer-und-forderten-das.jpeg","keywords":["aggressive","angestrebte","das","Fl\u00fcchtlinge","forderten","Messer","Reiseziel","Seenotretter","und","z\u00fcckten"],"articleSection":["Deutschland","Russland"],"inLanguage":"de","potentialAction":[{"@type":"CommentAction","name":"Comment","target":["https:\/\/now-news.de\/de\/deutschland\/seenotretter-in-not-aggressive-fluechtlinge-zueckten-messer-und-forderten-das-angestrebte-reiseziel\/#respond"]}]},{"@type":"WebPage","@id":"https:\/\/now-news.de\/de\/deutschland\/seenotretter-in-not-aggressive-fluechtlinge-zueckten-messer-und-forderten-das-angestrebte-reiseziel\/","url":"https:\/\/now-news.de\/de\/deutschland\/seenotretter-in-not-aggressive-fluechtlinge-zueckten-messer-und-forderten-das-angestrebte-reiseziel\/","name":"Seenotretter in Not: Aggressive Fl\u00fcchtlinge z\u00fcckten Messer und forderten das angestrebte Reiseziel - just-now.NEWS Deutschland","isPartOf":{"@id":"https:\/\/now-news.de\/de\/#website"},"primaryImageOfPage":{"@id":"https:\/\/now-news.de\/de\/deutschland\/seenotretter-in-not-aggressive-fluechtlinge-zueckten-messer-und-forderten-das-angestrebte-reiseziel\/#primaryimage"},"image":{"@id":"https:\/\/now-news.de\/de\/deutschland\/seenotretter-in-not-aggressive-fluechtlinge-zueckten-messer-und-forderten-das-angestrebte-reiseziel\/#primaryimage"},"thumbnailUrl":"https:\/\/now-news.de\/de\/wp-content\/uploads\/sites\/3\/2023\/10\/Seenotretter-in-Not-Aggressive-Fluechtlinge-zueckten-Messer-und-forderten-das.jpeg","datePublished":"2023-10-06T08:47:05+00:00","dateModified":"2023-10-06T08:47:05+00:00","breadcrumb":{"@id":"https:\/\/now-news.de\/de\/deutschland\/seenotretter-in-not-aggressive-fluechtlinge-zueckten-messer-und-forderten-das-angestrebte-reiseziel\/#breadcrumb"},"inLanguage":"de","potentialAction":[{"@type":"ReadAction","target":["https:\/\/now-news.de\/de\/deutschland\/seenotretter-in-not-aggressive-fluechtlinge-zueckten-messer-und-forderten-das-angestrebte-reiseziel\/"]}]},{"@type":"ImageObject","inLanguage":"de","@id":"https:\/\/now-news.de\/de\/deutschland\/seenotretter-in-not-aggressive-fluechtlinge-zueckten-messer-und-forderten-das-angestrebte-reiseziel\/#primaryimage","url":"https:\/\/now-news.de\/de\/wp-content\/uploads\/sites\/3\/2023\/10\/Seenotretter-in-Not-Aggressive-Fluechtlinge-zueckten-Messer-und-forderten-das.jpeg","contentUrl":"https:\/\/now-news.de\/de\/wp-content\/uploads\/sites\/3\/2023\/10\/Seenotretter-in-Not-Aggressive-Fluechtlinge-zueckten-Messer-und-forderten-das.jpeg","width":460,"height":259,"caption":"Seenotretter in Not: Aggressive Fl\u00fcchtlinge z\u00fcckten Messer und forderten das angestrebte Reiseziel"},{"@type":"BreadcrumbList","@id":"https:\/\/now-news.de\/de\/deutschland\/seenotretter-in-not-aggressive-fluechtlinge-zueckten-messer-und-forderten-das-angestrebte-reiseziel\/#breadcrumb","itemListElement":[{"@type":"ListItem","position":1,"name":"Home","item":"https:\/\/now-news.de\/de\/"},{"@type":"ListItem","position":2,"name":"Seenotretter in Not: Aggressive Fl\u00fcchtlinge z\u00fcckten Messer und forderten das angestrebte Reiseziel"}]},{"@type":"WebSite","@id":"https:\/\/now-news.de\/de\/#website","url":"https:\/\/now-news.de\/de\/","name":"just-now.NEWS Deutschland","description":"Das Portal f\u00fcr unzensierte Nachrichten aus der Welt","publisher":{"@id":"https:\/\/now-news.de\/de\/#organization"},"potentialAction":[{"@type":"SearchAction","target":{"@type":"EntryPoint","urlTemplate":"https:\/\/now-news.de\/de\/?s={search_term_string}"},"query-input":"required name=search_term_string"}],"inLanguage":"de"},{"@type":"Organization","@id":"https:\/\/now-news.de\/de\/#organization","name":"Just Now News","url":"https:\/\/now-news.de\/de\/","logo":{"@type":"ImageObject","inLanguage":"de","@id":"https:\/\/now-news.de\/de\/#\/schema\/logo\/image\/","url":"http:\/\/just-now.news\/de\/wp-content\/uploads\/sites\/3\/2022\/04\/logo500x500.jpg","contentUrl":"http:\/\/just-now.news\/de\/wp-content\/uploads\/sites\/3\/2022\/04\/logo500x500.jpg","width":500,"height":500,"caption":"Just Now News"},"image":{"@id":"https:\/\/now-news.de\/de\/#\/schema\/logo\/image\/"},"sameAs":["https:\/\/www.facebook.com\/wirmachenauf","https:\/\/x.com\/WirMachenAuf_de"]},{"@type":"Person","@id":"https:\/\/now-news.de\/de\/#\/schema\/person\/fb534a4e865501d8b3285208df34a9b5","name":"rtnews","image":{"@type":"ImageObject","inLanguage":"de","@id":"https:\/\/now-news.de\/de\/#\/schema\/person\/image\/","url":"https:\/\/secure.gravatar.com\/avatar\/82aafea7d8127119dd649515f56e2117?s=96&d=mm&r=g","contentUrl":"https:\/\/secure.gravatar.com\/avatar\/82aafea7d8127119dd649515f56e2117?s=96&d=mm&r=g","caption":"rtnews"},"url":"https:\/\/now-news.de\/de\/author\/rnews\/"}]}},"_links":{"self":[{"href":"https:\/\/now-news.de\/de\/wp-json\/wp\/v2\/posts\/47571"}],"collection":[{"href":"https:\/\/now-news.de\/de\/wp-json\/wp\/v2\/posts"}],"about":[{"href":"https:\/\/now-news.de\/de\/wp-json\/wp\/v2\/types\/post"}],"author":[{"embeddable":true,"href":"https:\/\/now-news.de\/de\/wp-json\/wp\/v2\/users\/3"}],"replies":[{"embeddable":true,"href":"https:\/\/now-news.de\/de\/wp-json\/wp\/v2\/comments?post=47571"}],"version-history":[{"count":0,"href":"https:\/\/now-news.de\/de\/wp-json\/wp\/v2\/posts\/47571\/revisions"}],"wp:featuredmedia":[{"embeddable":true,"href":"https:\/\/now-news.de\/de\/wp-json\/wp\/v2\/media\/47572"}],"wp:attachment":[{"href":"https:\/\/now-news.de\/de\/wp-json\/wp\/v2\/media?parent=47571"}],"wp:term":[{"taxonomy":"category","embeddable":true,"href":"https:\/\/now-news.de\/de\/wp-json\/wp\/v2\/categories?post=47571"},{"taxonomy":"post_tag","embeddable":true,"href":"https:\/\/now-news.de\/de\/wp-json\/wp\/v2\/tags?post=47571"}],"curies":[{"name":"wp","href":"https:\/\/api.w.org\/{rel}","templated":true}]}}