{"id":47533,"date":"2023-10-05T17:27:10","date_gmt":"2023-10-05T15:27:10","guid":{"rendered":"https:\/\/just-now.news\/de\/deutschland\/drohnenangriff-auf-syrische-militaerakademie-fordert-todesopfer\/"},"modified":"2023-10-05T17:27:10","modified_gmt":"2023-10-05T15:27:10","slug":"drohnenangriff-auf-syrische-militaerakademie-fordert-todesopfer","status":"publish","type":"post","link":"https:\/\/now-news.de\/de\/deutschland\/drohnenangriff-auf-syrische-militaerakademie-fordert-todesopfer\/","title":{"rendered":"Drohnenangriff auf syrische Milit\u00e4rakademie fordert Todesopfer"},"content":{"rendered":"<p><img decoding=\"async\" src=\"http:\/\/just-now.news\/de\/wp-content\/uploads\/sites\/3\/2023\/10\/651ecca948fbef37411c6624.jpg\" \/><\/p>\n<div class=\"Text-root Text-type_1 \">\n                Bei einem Drohnenangriff auf die Abschlussfeier einer Milit\u00e4rakademie in der syrischen Provinz Homs gab es am Donnerstag Tote und Verletzte. Von wem der Angriff ausging, ist bislang unklar.\n            <\/div>\n<p><\/p>\n<div class=\"Text-root Text-type_5 ArticleView-text ViewText-root \">\n<p>Bei einem Drohnenangriff auf eine Milit\u00e4rakademie in der syrischen Provinz Homs, der sich ausgerechnet w\u00e4hrend einer Abschlussfeier ereignete, wurden nach Angaben syrischer Beh\u00f6rden Zivilisten und Milit\u00e4rangeh\u00f6rige get\u00f6tet und verwundet.<\/p>\n<p>Mit Sprengstoff beladene Drohnen h\u00e4tten die Zeremonie am Donnerstag zum Ende hin angegriffen, teilte das syrische Milit\u00e4r in einer Erkl\u00e4rung mit. Die Erkl\u00e4rung beschuldigt K\u00e4mpfer, &#8220;die von bekannten internationalen Kr\u00e4ften unterst\u00fctzt werden&#8221;, des Angriffs.<\/p>\n<p>Die Zahl der Opfer wurde bislang nicht genannt, doch hie\u00df es, einige der Verwundeten, darunter Frauen und Kinder, bef\u00e4nden sich in einem kritischen Zustand.\u00a0<\/p>\n<p>Wie die Nachrichtenagentur <em>Reuters<\/em> unter Berufung auf eine syrische Sicherheitsquelle und eine Quelle in der regionalen Allianz, die die Regierung in Damaskus gegen Oppositionsgruppen unterst\u00fctzt, berichtete, nahm der syrische Verteidigungsminister an der Abschlusszeremonie teil, verlie\u00df sie aber wenige Minuten vor dem Anschlag.<\/p>\n<p><em>&#8220;Nach der Zeremonie gingen die Leute in den Innenhof, und der Sprengstoff schlug ein. Wir wissen nicht, woher der Sprengstoff kam, und der Boden war mit Leichen \u00fcbers\u00e4t&#8221;<\/em>, sagte ein Syrer, der beim Aufbau der Dekoration f\u00fcr die Zeremonie geholfen hatte.<\/p>\n<p><strong>Mehr zum Thema<\/strong> \u2013 <a rel=\"nofollow noopener\" target=\"_blank\" href=\"https:\/\/freedert.online\/meinung\/182423-dank-russland-und-china-weist\/\">Bek\u00e4mpfung des US-Imperialismus: Strategische Partnerschaft zwischen Damaskus und Peking<\/a><\/p>\n<\/p>\n<\/div>\n<p><br \/>\n<br \/><a href=\"https:\/\/de.rt.com\/der-nahe-osten\/182798-drohnenangriff-auf-syrische-militaerakademie-fordert-todesopfer\/\">Source link <\/a><\/p>\n","protected":false},"excerpt":{"rendered":"<p>Bei einem Drohnenangriff auf die Abschlussfeier einer Milit\u00e4rakademie in der syrischen Provinz Homs gab es am Donnerstag Tote und Verletzte. Von wem der Angriff ausging, ist bislang unklar. Bei einem Drohnenangriff auf eine Milit\u00e4rakademie in der syrischen Provinz Homs, der sich ausgerechnet w\u00e4hrend einer Abschlussfeier ereignete, wurden nach Angaben syrischer Beh\u00f6rden Zivilisten und Milit\u00e4rangeh\u00f6rige get\u00f6tet [&hellip;]<\/p>\n","protected":false},"author":3,"featured_media":47534,"comment_status":"open","ping_status":"open","sticky":false,"template":"","format":"standard","meta":{"_yoast_indexnow_last_ping":["1696519888"],"wp_automatic_camp":["217"],"bc2c969e37b4af01706c624d820e7a18":["Drohnenangriff auf syrische Milit\u00e4rakademie fordert Todesopfer"],"original_link":["https:\/\/de.rt.com\/der-nahe-osten\/182798-drohnenangriff-auf-syrische-militaerakademie-fordert-todesopfer\/"],"_thumbnail_id":["47534"],"_wptgpro_p2tg_sent2tg":["a:1:{i:23737;s:19:\"2023-10-05 17:32:27\";}"],"jnews_social_counter_last_update":["1777194900"]},"categories":[19,23],"tags":[133,31122,355,49518,5520,6224],"yoast_head":"<!-- This site is optimized with the Yoast SEO Premium plugin v22.7 (Yoast SEO v22.7) - https:\/\/yoast.com\/wordpress\/plugins\/seo\/ -->\n<title>Drohnenangriff auf syrische Milit\u00e4rakademie fordert Todesopfer - just-now.NEWS Deutschland<\/title>\n<meta name=\"robots\" content=\"index, follow, max-snippet:-1, max-image-preview:large, max-video-preview:-1\" \/>\n<link rel=\"canonical\" href=\"https:\/\/now-news.de\/de\/deutschland\/drohnenangriff-auf-syrische-militaerakademie-fordert-todesopfer\/\" \/>\n<meta property=\"og:locale\" content=\"de_DE\" \/>\n<meta property=\"og:type\" content=\"article\" \/>\n<meta property=\"og:title\" content=\"Drohnenangriff auf syrische Milit\u00e4rakademie fordert Todesopfer\" \/>\n<meta property=\"og:description\" content=\"Bei einem Drohnenangriff auf die Abschlussfeier einer Milit\u00e4rakademie in der syrischen Provinz Homs gab es am Donnerstag Tote und Verletzte. Von wem der Angriff ausging, ist bislang unklar. Bei einem Drohnenangriff auf eine Milit\u00e4rakademie in der syrischen Provinz Homs, der sich ausgerechnet w\u00e4hrend einer Abschlussfeier ereignete, wurden nach Angaben syrischer Beh\u00f6rden Zivilisten und Milit\u00e4rangeh\u00f6rige get\u00f6tet [&hellip;]\" \/>\n<meta property=\"og:url\" content=\"https:\/\/now-news.de\/de\/deutschland\/drohnenangriff-auf-syrische-militaerakademie-fordert-todesopfer\/\" \/>\n<meta property=\"og:site_name\" content=\"just-now.NEWS Deutschland\" \/>\n<meta property=\"article:publisher\" content=\"https:\/\/www.facebook.com\/wirmachenauf\" \/>\n<meta property=\"article:published_time\" content=\"2023-10-05T15:27:10+00:00\" \/>\n<meta property=\"og:image\" content=\"https:\/\/now-news.de\/de\/wp-content\/uploads\/sites\/3\/2023\/10\/Drohnenangriff-auf-syrische-Militaerakademie-fordert-Todesopfer.jpg\" \/>\n\t<meta property=\"og:image:width\" content=\"460\" \/>\n\t<meta property=\"og:image:height\" content=\"259\" \/>\n\t<meta property=\"og:image:type\" content=\"image\/jpeg\" \/>\n<meta name=\"author\" content=\"rtnews\" \/>\n<meta name=\"twitter:card\" content=\"summary_large_image\" \/>\n<meta name=\"twitter:creator\" content=\"@WirMachenAuf_de\" \/>\n<meta name=\"twitter:site\" content=\"@WirMachenAuf_de\" \/>\n<meta name=\"twitter:label1\" content=\"Verfasst von\" \/>\n\t<meta name=\"twitter:data1\" content=\"rtnews\" \/>\n\t<meta name=\"twitter:label2\" content=\"Gesch\u00e4tzte Lesezeit\" \/>\n\t<meta name=\"twitter:data2\" content=\"1\u00a0Minute\" \/>\n<script type=\"application\/ld+json\" class=\"yoast-schema-graph\">{\"@context\":\"https:\/\/schema.org\",\"@graph\":[{\"@type\":\"Article\",\"@id\":\"https:\/\/now-news.de\/de\/deutschland\/drohnenangriff-auf-syrische-militaerakademie-fordert-todesopfer\/#article\",\"isPartOf\":{\"@id\":\"https:\/\/now-news.de\/de\/deutschland\/drohnenangriff-auf-syrische-militaerakademie-fordert-todesopfer\/\"},\"author\":{\"name\":\"rtnews\",\"@id\":\"https:\/\/now-news.de\/de\/#\/schema\/person\/fb534a4e865501d8b3285208df34a9b5\"},\"headline\":\"Drohnenangriff auf syrische Milit\u00e4rakademie fordert Todesopfer\",\"datePublished\":\"2023-10-05T15:27:10+00:00\",\"dateModified\":\"2023-10-05T15:27:10+00:00\",\"mainEntityOfPage\":{\"@id\":\"https:\/\/now-news.de\/de\/deutschland\/drohnenangriff-auf-syrische-militaerakademie-fordert-todesopfer\/\"},\"wordCount\":239,\"commentCount\":0,\"publisher\":{\"@id\":\"https:\/\/now-news.de\/de\/#organization\"},\"image\":{\"@id\":\"https:\/\/now-news.de\/de\/deutschland\/drohnenangriff-auf-syrische-militaerakademie-fordert-todesopfer\/#primaryimage\"},\"thumbnailUrl\":\"https:\/\/now-news.de\/de\/wp-content\/uploads\/sites\/3\/2023\/10\/Drohnenangriff-auf-syrische-Militaerakademie-fordert-Todesopfer.jpg\",\"keywords\":[\"AUF\",\"Drohnenangriff\",\"fordert\",\"Milit\u00e4rakademie\",\"Syrische\",\"Todesopfer\"],\"articleSection\":[\"Deutschland\",\"Russland\"],\"inLanguage\":\"de\",\"potentialAction\":[{\"@type\":\"CommentAction\",\"name\":\"Comment\",\"target\":[\"https:\/\/now-news.de\/de\/deutschland\/drohnenangriff-auf-syrische-militaerakademie-fordert-todesopfer\/#respond\"]}]},{\"@type\":\"WebPage\",\"@id\":\"https:\/\/now-news.de\/de\/deutschland\/drohnenangriff-auf-syrische-militaerakademie-fordert-todesopfer\/\",\"url\":\"https:\/\/now-news.de\/de\/deutschland\/drohnenangriff-auf-syrische-militaerakademie-fordert-todesopfer\/\",\"name\":\"Drohnenangriff auf syrische Milit\u00e4rakademie fordert Todesopfer - just-now.NEWS Deutschland\",\"isPartOf\":{\"@id\":\"https:\/\/now-news.de\/de\/#website\"},\"primaryImageOfPage\":{\"@id\":\"https:\/\/now-news.de\/de\/deutschland\/drohnenangriff-auf-syrische-militaerakademie-fordert-todesopfer\/#primaryimage\"},\"image\":{\"@id\":\"https:\/\/now-news.de\/de\/deutschland\/drohnenangriff-auf-syrische-militaerakademie-fordert-todesopfer\/#primaryimage\"},\"thumbnailUrl\":\"https:\/\/now-news.de\/de\/wp-content\/uploads\/sites\/3\/2023\/10\/Drohnenangriff-auf-syrische-Militaerakademie-fordert-Todesopfer.jpg\",\"datePublished\":\"2023-10-05T15:27:10+00:00\",\"dateModified\":\"2023-10-05T15:27:10+00:00\",\"breadcrumb\":{\"@id\":\"https:\/\/now-news.de\/de\/deutschland\/drohnenangriff-auf-syrische-militaerakademie-fordert-todesopfer\/#breadcrumb\"},\"inLanguage\":\"de\",\"potentialAction\":[{\"@type\":\"ReadAction\",\"target\":[\"https:\/\/now-news.de\/de\/deutschland\/drohnenangriff-auf-syrische-militaerakademie-fordert-todesopfer\/\"]}]},{\"@type\":\"ImageObject\",\"inLanguage\":\"de\",\"@id\":\"https:\/\/now-news.de\/de\/deutschland\/drohnenangriff-auf-syrische-militaerakademie-fordert-todesopfer\/#primaryimage\",\"url\":\"https:\/\/now-news.de\/de\/wp-content\/uploads\/sites\/3\/2023\/10\/Drohnenangriff-auf-syrische-Militaerakademie-fordert-Todesopfer.jpg\",\"contentUrl\":\"https:\/\/now-news.de\/de\/wp-content\/uploads\/sites\/3\/2023\/10\/Drohnenangriff-auf-syrische-Militaerakademie-fordert-Todesopfer.jpg\",\"width\":460,\"height\":259,\"caption\":\"Drohnenangriff auf syrische Milit\u00e4rakademie fordert Todesopfer\"},{\"@type\":\"BreadcrumbList\",\"@id\":\"https:\/\/now-news.de\/de\/deutschland\/drohnenangriff-auf-syrische-militaerakademie-fordert-todesopfer\/#breadcrumb\",\"itemListElement\":[{\"@type\":\"ListItem\",\"position\":1,\"name\":\"Home\",\"item\":\"https:\/\/now-news.de\/de\/\"},{\"@type\":\"ListItem\",\"position\":2,\"name\":\"Drohnenangriff auf syrische Milit\u00e4rakademie fordert Todesopfer\"}]},{\"@type\":\"WebSite\",\"@id\":\"https:\/\/now-news.de\/de\/#website\",\"url\":\"https:\/\/now-news.de\/de\/\",\"name\":\"just-now.NEWS Deutschland\",\"description\":\"Das Portal f\u00fcr unzensierte Nachrichten aus der Welt\",\"publisher\":{\"@id\":\"https:\/\/now-news.de\/de\/#organization\"},\"potentialAction\":[{\"@type\":\"SearchAction\",\"target\":{\"@type\":\"EntryPoint\",\"urlTemplate\":\"https:\/\/now-news.de\/de\/?s={search_term_string}\"},\"query-input\":\"required name=search_term_string\"}],\"inLanguage\":\"de\"},{\"@type\":\"Organization\",\"@id\":\"https:\/\/now-news.de\/de\/#organization\",\"name\":\"Just Now News\",\"url\":\"https:\/\/now-news.de\/de\/\",\"logo\":{\"@type\":\"ImageObject\",\"inLanguage\":\"de\",\"@id\":\"https:\/\/now-news.de\/de\/#\/schema\/logo\/image\/\",\"url\":\"http:\/\/just-now.news\/de\/wp-content\/uploads\/sites\/3\/2022\/04\/logo500x500.jpg\",\"contentUrl\":\"http:\/\/just-now.news\/de\/wp-content\/uploads\/sites\/3\/2022\/04\/logo500x500.jpg\",\"width\":500,\"height\":500,\"caption\":\"Just Now News\"},\"image\":{\"@id\":\"https:\/\/now-news.de\/de\/#\/schema\/logo\/image\/\"},\"sameAs\":[\"https:\/\/www.facebook.com\/wirmachenauf\",\"https:\/\/x.com\/WirMachenAuf_de\"]},{\"@type\":\"Person\",\"@id\":\"https:\/\/now-news.de\/de\/#\/schema\/person\/fb534a4e865501d8b3285208df34a9b5\",\"name\":\"rtnews\",\"image\":{\"@type\":\"ImageObject\",\"inLanguage\":\"de\",\"@id\":\"https:\/\/now-news.de\/de\/#\/schema\/person\/image\/\",\"url\":\"https:\/\/secure.gravatar.com\/avatar\/82aafea7d8127119dd649515f56e2117?s=96&d=mm&r=g\",\"contentUrl\":\"https:\/\/secure.gravatar.com\/avatar\/82aafea7d8127119dd649515f56e2117?s=96&d=mm&r=g\",\"caption\":\"rtnews\"},\"url\":\"https:\/\/now-news.de\/de\/author\/rnews\/\"}]}<\/script>\n<!-- \/ Yoast SEO Premium plugin. -->","yoast_head_json":{"title":"Drohnenangriff auf syrische Milit\u00e4rakademie fordert Todesopfer - just-now.NEWS Deutschland","robots":{"index":"index","follow":"follow","max-snippet":"max-snippet:-1","max-image-preview":"max-image-preview:large","max-video-preview":"max-video-preview:-1"},"canonical":"https:\/\/now-news.de\/de\/deutschland\/drohnenangriff-auf-syrische-militaerakademie-fordert-todesopfer\/","og_locale":"de_DE","og_type":"article","og_title":"Drohnenangriff auf syrische Milit\u00e4rakademie fordert Todesopfer","og_description":"Bei einem Drohnenangriff auf die Abschlussfeier einer Milit\u00e4rakademie in der syrischen Provinz Homs gab es am Donnerstag Tote und Verletzte. Von wem der Angriff ausging, ist bislang unklar. Bei einem Drohnenangriff auf eine Milit\u00e4rakademie in der syrischen Provinz Homs, der sich ausgerechnet w\u00e4hrend einer Abschlussfeier ereignete, wurden nach Angaben syrischer Beh\u00f6rden Zivilisten und Milit\u00e4rangeh\u00f6rige get\u00f6tet [&hellip;]","og_url":"https:\/\/now-news.de\/de\/deutschland\/drohnenangriff-auf-syrische-militaerakademie-fordert-todesopfer\/","og_site_name":"just-now.NEWS Deutschland","article_publisher":"https:\/\/www.facebook.com\/wirmachenauf","article_published_time":"2023-10-05T15:27:10+00:00","og_image":[{"width":460,"height":259,"url":"https:\/\/now-news.de\/de\/wp-content\/uploads\/sites\/3\/2023\/10\/Drohnenangriff-auf-syrische-Militaerakademie-fordert-Todesopfer.jpg","type":"image\/jpeg"}],"author":"rtnews","twitter_card":"summary_large_image","twitter_creator":"@WirMachenAuf_de","twitter_site":"@WirMachenAuf_de","twitter_misc":{"Verfasst von":"rtnews","Gesch\u00e4tzte Lesezeit":"1\u00a0Minute"},"schema":{"@context":"https:\/\/schema.org","@graph":[{"@type":"Article","@id":"https:\/\/now-news.de\/de\/deutschland\/drohnenangriff-auf-syrische-militaerakademie-fordert-todesopfer\/#article","isPartOf":{"@id":"https:\/\/now-news.de\/de\/deutschland\/drohnenangriff-auf-syrische-militaerakademie-fordert-todesopfer\/"},"author":{"name":"rtnews","@id":"https:\/\/now-news.de\/de\/#\/schema\/person\/fb534a4e865501d8b3285208df34a9b5"},"headline":"Drohnenangriff auf syrische Milit\u00e4rakademie fordert Todesopfer","datePublished":"2023-10-05T15:27:10+00:00","dateModified":"2023-10-05T15:27:10+00:00","mainEntityOfPage":{"@id":"https:\/\/now-news.de\/de\/deutschland\/drohnenangriff-auf-syrische-militaerakademie-fordert-todesopfer\/"},"wordCount":239,"commentCount":0,"publisher":{"@id":"https:\/\/now-news.de\/de\/#organization"},"image":{"@id":"https:\/\/now-news.de\/de\/deutschland\/drohnenangriff-auf-syrische-militaerakademie-fordert-todesopfer\/#primaryimage"},"thumbnailUrl":"https:\/\/now-news.de\/de\/wp-content\/uploads\/sites\/3\/2023\/10\/Drohnenangriff-auf-syrische-Militaerakademie-fordert-Todesopfer.jpg","keywords":["AUF","Drohnenangriff","fordert","Milit\u00e4rakademie","Syrische","Todesopfer"],"articleSection":["Deutschland","Russland"],"inLanguage":"de","potentialAction":[{"@type":"CommentAction","name":"Comment","target":["https:\/\/now-news.de\/de\/deutschland\/drohnenangriff-auf-syrische-militaerakademie-fordert-todesopfer\/#respond"]}]},{"@type":"WebPage","@id":"https:\/\/now-news.de\/de\/deutschland\/drohnenangriff-auf-syrische-militaerakademie-fordert-todesopfer\/","url":"https:\/\/now-news.de\/de\/deutschland\/drohnenangriff-auf-syrische-militaerakademie-fordert-todesopfer\/","name":"Drohnenangriff auf syrische Milit\u00e4rakademie fordert Todesopfer - just-now.NEWS Deutschland","isPartOf":{"@id":"https:\/\/now-news.de\/de\/#website"},"primaryImageOfPage":{"@id":"https:\/\/now-news.de\/de\/deutschland\/drohnenangriff-auf-syrische-militaerakademie-fordert-todesopfer\/#primaryimage"},"image":{"@id":"https:\/\/now-news.de\/de\/deutschland\/drohnenangriff-auf-syrische-militaerakademie-fordert-todesopfer\/#primaryimage"},"thumbnailUrl":"https:\/\/now-news.de\/de\/wp-content\/uploads\/sites\/3\/2023\/10\/Drohnenangriff-auf-syrische-Militaerakademie-fordert-Todesopfer.jpg","datePublished":"2023-10-05T15:27:10+00:00","dateModified":"2023-10-05T15:27:10+00:00","breadcrumb":{"@id":"https:\/\/now-news.de\/de\/deutschland\/drohnenangriff-auf-syrische-militaerakademie-fordert-todesopfer\/#breadcrumb"},"inLanguage":"de","potentialAction":[{"@type":"ReadAction","target":["https:\/\/now-news.de\/de\/deutschland\/drohnenangriff-auf-syrische-militaerakademie-fordert-todesopfer\/"]}]},{"@type":"ImageObject","inLanguage":"de","@id":"https:\/\/now-news.de\/de\/deutschland\/drohnenangriff-auf-syrische-militaerakademie-fordert-todesopfer\/#primaryimage","url":"https:\/\/now-news.de\/de\/wp-content\/uploads\/sites\/3\/2023\/10\/Drohnenangriff-auf-syrische-Militaerakademie-fordert-Todesopfer.jpg","contentUrl":"https:\/\/now-news.de\/de\/wp-content\/uploads\/sites\/3\/2023\/10\/Drohnenangriff-auf-syrische-Militaerakademie-fordert-Todesopfer.jpg","width":460,"height":259,"caption":"Drohnenangriff auf syrische Milit\u00e4rakademie fordert Todesopfer"},{"@type":"BreadcrumbList","@id":"https:\/\/now-news.de\/de\/deutschland\/drohnenangriff-auf-syrische-militaerakademie-fordert-todesopfer\/#breadcrumb","itemListElement":[{"@type":"ListItem","position":1,"name":"Home","item":"https:\/\/now-news.de\/de\/"},{"@type":"ListItem","position":2,"name":"Drohnenangriff auf syrische Milit\u00e4rakademie fordert Todesopfer"}]},{"@type":"WebSite","@id":"https:\/\/now-news.de\/de\/#website","url":"https:\/\/now-news.de\/de\/","name":"just-now.NEWS Deutschland","description":"Das Portal f\u00fcr unzensierte Nachrichten aus der Welt","publisher":{"@id":"https:\/\/now-news.de\/de\/#organization"},"potentialAction":[{"@type":"SearchAction","target":{"@type":"EntryPoint","urlTemplate":"https:\/\/now-news.de\/de\/?s={search_term_string}"},"query-input":"required name=search_term_string"}],"inLanguage":"de"},{"@type":"Organization","@id":"https:\/\/now-news.de\/de\/#organization","name":"Just Now News","url":"https:\/\/now-news.de\/de\/","logo":{"@type":"ImageObject","inLanguage":"de","@id":"https:\/\/now-news.de\/de\/#\/schema\/logo\/image\/","url":"http:\/\/just-now.news\/de\/wp-content\/uploads\/sites\/3\/2022\/04\/logo500x500.jpg","contentUrl":"http:\/\/just-now.news\/de\/wp-content\/uploads\/sites\/3\/2022\/04\/logo500x500.jpg","width":500,"height":500,"caption":"Just Now News"},"image":{"@id":"https:\/\/now-news.de\/de\/#\/schema\/logo\/image\/"},"sameAs":["https:\/\/www.facebook.com\/wirmachenauf","https:\/\/x.com\/WirMachenAuf_de"]},{"@type":"Person","@id":"https:\/\/now-news.de\/de\/#\/schema\/person\/fb534a4e865501d8b3285208df34a9b5","name":"rtnews","image":{"@type":"ImageObject","inLanguage":"de","@id":"https:\/\/now-news.de\/de\/#\/schema\/person\/image\/","url":"https:\/\/secure.gravatar.com\/avatar\/82aafea7d8127119dd649515f56e2117?s=96&d=mm&r=g","contentUrl":"https:\/\/secure.gravatar.com\/avatar\/82aafea7d8127119dd649515f56e2117?s=96&d=mm&r=g","caption":"rtnews"},"url":"https:\/\/now-news.de\/de\/author\/rnews\/"}]}},"_links":{"self":[{"href":"https:\/\/now-news.de\/de\/wp-json\/wp\/v2\/posts\/47533"}],"collection":[{"href":"https:\/\/now-news.de\/de\/wp-json\/wp\/v2\/posts"}],"about":[{"href":"https:\/\/now-news.de\/de\/wp-json\/wp\/v2\/types\/post"}],"author":[{"embeddable":true,"href":"https:\/\/now-news.de\/de\/wp-json\/wp\/v2\/users\/3"}],"replies":[{"embeddable":true,"href":"https:\/\/now-news.de\/de\/wp-json\/wp\/v2\/comments?post=47533"}],"version-history":[{"count":0,"href":"https:\/\/now-news.de\/de\/wp-json\/wp\/v2\/posts\/47533\/revisions"}],"wp:featuredmedia":[{"embeddable":true,"href":"https:\/\/now-news.de\/de\/wp-json\/wp\/v2\/media\/47534"}],"wp:attachment":[{"href":"https:\/\/now-news.de\/de\/wp-json\/wp\/v2\/media?parent=47533"}],"wp:term":[{"taxonomy":"category","embeddable":true,"href":"https:\/\/now-news.de\/de\/wp-json\/wp\/v2\/categories?post=47533"},{"taxonomy":"post_tag","embeddable":true,"href":"https:\/\/now-news.de\/de\/wp-json\/wp\/v2\/tags?post=47533"}],"curies":[{"name":"wp","href":"https:\/\/api.w.org\/{rel}","templated":true}]}}