{"id":47527,"date":"2023-10-05T14:58:52","date_gmt":"2023-10-05T12:58:52","guid":{"rendered":"https:\/\/just-now.news\/de\/deutschland\/minsk-setzt-abkommen-mit-kiew-ueber-umsiedler-aus\/"},"modified":"2023-10-05T14:58:52","modified_gmt":"2023-10-05T12:58:52","slug":"minsk-setzt-abkommen-mit-kiew-ueber-umsiedler-aus","status":"publish","type":"post","link":"https:\/\/now-news.de\/de\/deutschland\/minsk-setzt-abkommen-mit-kiew-ueber-umsiedler-aus\/","title":{"rendered":"Minsk setzt Abkommen mit Kiew \u00fcber Umsiedler aus"},"content":{"rendered":"<p><img decoding=\"async\" src=\"http:\/\/just-now.news\/de\/wp-content\/uploads\/sites\/3\/2023\/10\/651e7f5448fbef36d834984a.jpg\" \/><\/p>\n<div class=\"Text-root Text-type_1 \">\n                Nach 20 Jahren setzt Minsk ein Abkommen mit Kiew zur Umsiedlung aus. Der Schritt sei eine Reaktion auf &#8220;unfreundliche Handlungen&#8221; der Ukraine. F\u00fcr jene Ukrainer, die bereits in Wei\u00dfrussland leben, soll sich die Lage nicht verschlechtern.\n            <\/div>\n<p><\/p>\n<div class=\"Text-root Text-type_5 ArticleView-text ViewText-root \">\n<p>Am Mittwochabend hat Pr\u00e4sident Alexander Lukaschenko ein Gesetz unterzeichnet, das ein Abkommen mit der Ukraine zur Umsiedlung aussetzt.\u00a0Das Dokument wurde auf dem Nationalen Rechtsportal des Landes ver\u00f6ffentlicht.<\/p>\n<p>Das Abkommen war im M\u00e4rz 2003 unterzeichnet worden. Die Beh\u00f6rden Wei\u00dfrusslands und der Ukraine haben sich damals verpflichtet, Umsiedler und deren Familienangeh\u00f6rigen in ihren L\u00e4ndern vor Gewalt, Drohungen und anderen illegalen Handlungen aufgrund ihres Geschlechts, ihrer Sprache oder ihrer politischen \u00dcberzeugung zu sch\u00fctzen. Das Abkommen befreite die Betroffenen von Beschr\u00e4nkungen bei der Ein- und Ausfuhr ihres pers\u00f6nlichen Eigentums sowie von Steuern und Abgaben.<\/p>\n<p>Mitte September stimmte das Repr\u00e4sentantenhaus der wei\u00dfrussischen Nationalversammlung der Aussetzung des Abkommens zu. Innenminister Iwan Kubrakow erkl\u00e4rte, der Schritt sei eine Reaktion &#8220;auf die unfreundlichen Handlungen der Ukraine gegen\u00fcber Wei\u00dfrussland&#8221;. Die Ukraine habe die Grenze geschlossen und einseitig eine Reihe von zwischenbeh\u00f6rdlichen und zwischenstaatlichen Abkommen gek\u00fcndigt.<\/p>\n<p>Dennoch soll\u00a0der Schritt\u00a0weder negative Folgen f\u00fcr ukrainische Umsiedler haben noch die rechtliche Lage ukrainischer Staatsb\u00fcrger verschlechtern, die eine Aufenthaltserlaubnis in Wei\u00dfrussland besitzen beziehungsweise die wei\u00dfrussische Staatsb\u00fcrgerschaft beantragen, hei\u00dft es in dem Dokument.<\/p>\n<p>Nach Angaben des wei\u00dfrussischen Innenministeriums kamen in den ersten acht Monaten\u00a0dieses Jahres\u00a045.000 B\u00fcrger der Ukraine in Wei\u00dfrussland an. Laut dem Grenzschutz des Landes sind seit dem 24. Februar 2022 insgesamt mehr als 119.000 Ukrainer nach Wei\u00dfrussland eingereist.<\/p>\n<p>K\u00fcrzlich hatte Kiew seinen R\u00fcckzug aus einer Reihe von Abkommen mit Wei\u00dfrussland angek\u00fcndigt, Minsk seinerseits trifft \u00e4hnliche Entscheidungen. Unter anderem\u00a0wurde die Zusammenarbeit beider L\u00e4nder im Bereich der technischen Informationssicherheit, der milit\u00e4risch-technischen Zusammenarbeit und im Rentenbereich eingestellt.\u00a0<\/p>\n<p><strong>Mehr zum Thema<\/strong> &#8211; <a rel=\"nofollow noopener\" target=\"_blank\" href=\"https:\/\/freedert.online\/kurzclips\/video\/181381-lukaschenko-wir-und-auch-russland\/\">Lukaschenko: &#8220;Wir, und auch Russland, sind vor allem wegen Polen beunruhigt&#8221;<\/a><\/p>\n<\/p>\n<\/div>\n<p><br \/>\n<br \/><a href=\"https:\/\/de.rt.com\/europa\/182748-minsk-setzt-abkommen-mit-kiew\/\">Source link <\/a><\/p>\n","protected":false},"excerpt":{"rendered":"<p>Nach 20 Jahren setzt Minsk ein Abkommen mit Kiew zur Umsiedlung aus. Der Schritt sei eine Reaktion auf &#8220;unfreundliche Handlungen&#8221; der Ukraine. F\u00fcr jene Ukrainer, die bereits in Wei\u00dfrussland leben, soll sich die Lage nicht verschlechtern. Am Mittwochabend hat Pr\u00e4sident Alexander Lukaschenko ein Gesetz unterzeichnet, das ein Abkommen mit der Ukraine zur Umsiedlung aussetzt.\u00a0Das Dokument [&hellip;]<\/p>\n","protected":false},"author":3,"featured_media":47528,"comment_status":"open","ping_status":"open","sticky":false,"template":"","format":"standard","meta":{"_yoast_indexnow_last_ping":["1696517077"],"wp_automatic_camp":["217"],"97aefd928c515dac103641934a885680":["Minsk setzt Abkommen mit Kiew \u00fcber Umsiedler aus"],"original_link":["https:\/\/de.rt.com\/europa\/182748-minsk-setzt-abkommen-mit-kiew\/"],"_thumbnail_id":["47528"],"jnews_social_counter_last_update":["1776514448"],"_wptgpro_p2tg_sent2tg":["a:1:{i:23737;s:19:\"2023-10-05 16:45:41\";}"]},"categories":[19,23],"tags":[6385,679,1025,19008,419,1997,139,49513],"yoast_head":"<!-- This site is optimized with the Yoast SEO Premium plugin v22.7 (Yoast SEO v22.7) - https:\/\/yoast.com\/wordpress\/plugins\/seo\/ -->\n<title>Minsk setzt Abkommen mit Kiew \u00fcber Umsiedler aus - just-now.NEWS Deutschland<\/title>\n<meta name=\"robots\" content=\"index, follow, max-snippet:-1, max-image-preview:large, max-video-preview:-1\" \/>\n<link rel=\"canonical\" href=\"https:\/\/now-news.de\/de\/deutschland\/minsk-setzt-abkommen-mit-kiew-ueber-umsiedler-aus\/\" \/>\n<meta property=\"og:locale\" content=\"de_DE\" \/>\n<meta property=\"og:type\" content=\"article\" \/>\n<meta property=\"og:title\" content=\"Minsk setzt Abkommen mit Kiew \u00fcber Umsiedler aus\" \/>\n<meta property=\"og:description\" content=\"Nach 20 Jahren setzt Minsk ein Abkommen mit Kiew zur Umsiedlung aus. Der Schritt sei eine Reaktion auf &#8220;unfreundliche Handlungen&#8221; der Ukraine. F\u00fcr jene Ukrainer, die bereits in Wei\u00dfrussland leben, soll sich die Lage nicht verschlechtern. Am Mittwochabend hat Pr\u00e4sident Alexander Lukaschenko ein Gesetz unterzeichnet, das ein Abkommen mit der Ukraine zur Umsiedlung aussetzt.\u00a0Das Dokument [&hellip;]\" \/>\n<meta property=\"og:url\" content=\"https:\/\/now-news.de\/de\/deutschland\/minsk-setzt-abkommen-mit-kiew-ueber-umsiedler-aus\/\" \/>\n<meta property=\"og:site_name\" content=\"just-now.NEWS Deutschland\" \/>\n<meta property=\"article:publisher\" content=\"https:\/\/www.facebook.com\/wirmachenauf\" \/>\n<meta property=\"article:published_time\" content=\"2023-10-05T12:58:52+00:00\" \/>\n<meta property=\"og:image\" content=\"https:\/\/now-news.de\/de\/wp-content\/uploads\/sites\/3\/2023\/10\/Minsk-setzt-Abkommen-mit-Kiew-ueber-Umsiedler-aus.jpg\" \/>\n\t<meta property=\"og:image:width\" content=\"460\" \/>\n\t<meta property=\"og:image:height\" content=\"259\" \/>\n\t<meta property=\"og:image:type\" content=\"image\/jpeg\" \/>\n<meta name=\"author\" content=\"rtnews\" \/>\n<meta name=\"twitter:card\" content=\"summary_large_image\" \/>\n<meta name=\"twitter:creator\" content=\"@WirMachenAuf_de\" \/>\n<meta name=\"twitter:site\" content=\"@WirMachenAuf_de\" \/>\n<meta name=\"twitter:label1\" content=\"Verfasst von\" \/>\n\t<meta name=\"twitter:data1\" content=\"rtnews\" \/>\n\t<meta name=\"twitter:label2\" content=\"Gesch\u00e4tzte Lesezeit\" \/>\n\t<meta name=\"twitter:data2\" content=\"2\u00a0Minuten\" \/>\n<script type=\"application\/ld+json\" class=\"yoast-schema-graph\">{\"@context\":\"https:\/\/schema.org\",\"@graph\":[{\"@type\":\"Article\",\"@id\":\"https:\/\/now-news.de\/de\/deutschland\/minsk-setzt-abkommen-mit-kiew-ueber-umsiedler-aus\/#article\",\"isPartOf\":{\"@id\":\"https:\/\/now-news.de\/de\/deutschland\/minsk-setzt-abkommen-mit-kiew-ueber-umsiedler-aus\/\"},\"author\":{\"name\":\"rtnews\",\"@id\":\"https:\/\/now-news.de\/de\/#\/schema\/person\/fb534a4e865501d8b3285208df34a9b5\"},\"headline\":\"Minsk setzt Abkommen mit Kiew \u00fcber Umsiedler aus\",\"datePublished\":\"2023-10-05T12:58:52+00:00\",\"dateModified\":\"2023-10-05T12:58:52+00:00\",\"mainEntityOfPage\":{\"@id\":\"https:\/\/now-news.de\/de\/deutschland\/minsk-setzt-abkommen-mit-kiew-ueber-umsiedler-aus\/\"},\"wordCount\":338,\"commentCount\":0,\"publisher\":{\"@id\":\"https:\/\/now-news.de\/de\/#organization\"},\"image\":{\"@id\":\"https:\/\/now-news.de\/de\/deutschland\/minsk-setzt-abkommen-mit-kiew-ueber-umsiedler-aus\/#primaryimage\"},\"thumbnailUrl\":\"https:\/\/now-news.de\/de\/wp-content\/uploads\/sites\/3\/2023\/10\/Minsk-setzt-Abkommen-mit-Kiew-ueber-Umsiedler-aus.jpg\",\"keywords\":[\"Abkommen\",\"aus\",\"Kiew\",\"Minsk\",\"mit\",\"setzt\",\"\u00fcber\",\"Umsiedler\"],\"articleSection\":[\"Deutschland\",\"Russland\"],\"inLanguage\":\"de\",\"potentialAction\":[{\"@type\":\"CommentAction\",\"name\":\"Comment\",\"target\":[\"https:\/\/now-news.de\/de\/deutschland\/minsk-setzt-abkommen-mit-kiew-ueber-umsiedler-aus\/#respond\"]}]},{\"@type\":\"WebPage\",\"@id\":\"https:\/\/now-news.de\/de\/deutschland\/minsk-setzt-abkommen-mit-kiew-ueber-umsiedler-aus\/\",\"url\":\"https:\/\/now-news.de\/de\/deutschland\/minsk-setzt-abkommen-mit-kiew-ueber-umsiedler-aus\/\",\"name\":\"Minsk setzt Abkommen mit Kiew \u00fcber Umsiedler aus - just-now.NEWS Deutschland\",\"isPartOf\":{\"@id\":\"https:\/\/now-news.de\/de\/#website\"},\"primaryImageOfPage\":{\"@id\":\"https:\/\/now-news.de\/de\/deutschland\/minsk-setzt-abkommen-mit-kiew-ueber-umsiedler-aus\/#primaryimage\"},\"image\":{\"@id\":\"https:\/\/now-news.de\/de\/deutschland\/minsk-setzt-abkommen-mit-kiew-ueber-umsiedler-aus\/#primaryimage\"},\"thumbnailUrl\":\"https:\/\/now-news.de\/de\/wp-content\/uploads\/sites\/3\/2023\/10\/Minsk-setzt-Abkommen-mit-Kiew-ueber-Umsiedler-aus.jpg\",\"datePublished\":\"2023-10-05T12:58:52+00:00\",\"dateModified\":\"2023-10-05T12:58:52+00:00\",\"breadcrumb\":{\"@id\":\"https:\/\/now-news.de\/de\/deutschland\/minsk-setzt-abkommen-mit-kiew-ueber-umsiedler-aus\/#breadcrumb\"},\"inLanguage\":\"de\",\"potentialAction\":[{\"@type\":\"ReadAction\",\"target\":[\"https:\/\/now-news.de\/de\/deutschland\/minsk-setzt-abkommen-mit-kiew-ueber-umsiedler-aus\/\"]}]},{\"@type\":\"ImageObject\",\"inLanguage\":\"de\",\"@id\":\"https:\/\/now-news.de\/de\/deutschland\/minsk-setzt-abkommen-mit-kiew-ueber-umsiedler-aus\/#primaryimage\",\"url\":\"https:\/\/now-news.de\/de\/wp-content\/uploads\/sites\/3\/2023\/10\/Minsk-setzt-Abkommen-mit-Kiew-ueber-Umsiedler-aus.jpg\",\"contentUrl\":\"https:\/\/now-news.de\/de\/wp-content\/uploads\/sites\/3\/2023\/10\/Minsk-setzt-Abkommen-mit-Kiew-ueber-Umsiedler-aus.jpg\",\"width\":460,\"height\":259,\"caption\":\"Minsk setzt Abkommen mit Kiew \u00fcber Umsiedler aus\"},{\"@type\":\"BreadcrumbList\",\"@id\":\"https:\/\/now-news.de\/de\/deutschland\/minsk-setzt-abkommen-mit-kiew-ueber-umsiedler-aus\/#breadcrumb\",\"itemListElement\":[{\"@type\":\"ListItem\",\"position\":1,\"name\":\"Home\",\"item\":\"https:\/\/now-news.de\/de\/\"},{\"@type\":\"ListItem\",\"position\":2,\"name\":\"Minsk setzt Abkommen mit Kiew \u00fcber Umsiedler aus\"}]},{\"@type\":\"WebSite\",\"@id\":\"https:\/\/now-news.de\/de\/#website\",\"url\":\"https:\/\/now-news.de\/de\/\",\"name\":\"just-now.NEWS Deutschland\",\"description\":\"Das Portal f\u00fcr unzensierte Nachrichten aus der Welt\",\"publisher\":{\"@id\":\"https:\/\/now-news.de\/de\/#organization\"},\"potentialAction\":[{\"@type\":\"SearchAction\",\"target\":{\"@type\":\"EntryPoint\",\"urlTemplate\":\"https:\/\/now-news.de\/de\/?s={search_term_string}\"},\"query-input\":\"required name=search_term_string\"}],\"inLanguage\":\"de\"},{\"@type\":\"Organization\",\"@id\":\"https:\/\/now-news.de\/de\/#organization\",\"name\":\"Just Now News\",\"url\":\"https:\/\/now-news.de\/de\/\",\"logo\":{\"@type\":\"ImageObject\",\"inLanguage\":\"de\",\"@id\":\"https:\/\/now-news.de\/de\/#\/schema\/logo\/image\/\",\"url\":\"http:\/\/just-now.news\/de\/wp-content\/uploads\/sites\/3\/2022\/04\/logo500x500.jpg\",\"contentUrl\":\"http:\/\/just-now.news\/de\/wp-content\/uploads\/sites\/3\/2022\/04\/logo500x500.jpg\",\"width\":500,\"height\":500,\"caption\":\"Just Now News\"},\"image\":{\"@id\":\"https:\/\/now-news.de\/de\/#\/schema\/logo\/image\/\"},\"sameAs\":[\"https:\/\/www.facebook.com\/wirmachenauf\",\"https:\/\/x.com\/WirMachenAuf_de\"]},{\"@type\":\"Person\",\"@id\":\"https:\/\/now-news.de\/de\/#\/schema\/person\/fb534a4e865501d8b3285208df34a9b5\",\"name\":\"rtnews\",\"image\":{\"@type\":\"ImageObject\",\"inLanguage\":\"de\",\"@id\":\"https:\/\/now-news.de\/de\/#\/schema\/person\/image\/\",\"url\":\"https:\/\/secure.gravatar.com\/avatar\/82aafea7d8127119dd649515f56e2117?s=96&d=mm&r=g\",\"contentUrl\":\"https:\/\/secure.gravatar.com\/avatar\/82aafea7d8127119dd649515f56e2117?s=96&d=mm&r=g\",\"caption\":\"rtnews\"},\"url\":\"https:\/\/now-news.de\/de\/author\/rnews\/\"}]}<\/script>\n<!-- \/ Yoast SEO Premium plugin. -->","yoast_head_json":{"title":"Minsk setzt Abkommen mit Kiew \u00fcber Umsiedler aus - just-now.NEWS Deutschland","robots":{"index":"index","follow":"follow","max-snippet":"max-snippet:-1","max-image-preview":"max-image-preview:large","max-video-preview":"max-video-preview:-1"},"canonical":"https:\/\/now-news.de\/de\/deutschland\/minsk-setzt-abkommen-mit-kiew-ueber-umsiedler-aus\/","og_locale":"de_DE","og_type":"article","og_title":"Minsk setzt Abkommen mit Kiew \u00fcber Umsiedler aus","og_description":"Nach 20 Jahren setzt Minsk ein Abkommen mit Kiew zur Umsiedlung aus. Der Schritt sei eine Reaktion auf &#8220;unfreundliche Handlungen&#8221; der Ukraine. F\u00fcr jene Ukrainer, die bereits in Wei\u00dfrussland leben, soll sich die Lage nicht verschlechtern. Am Mittwochabend hat Pr\u00e4sident Alexander Lukaschenko ein Gesetz unterzeichnet, das ein Abkommen mit der Ukraine zur Umsiedlung aussetzt.\u00a0Das Dokument [&hellip;]","og_url":"https:\/\/now-news.de\/de\/deutschland\/minsk-setzt-abkommen-mit-kiew-ueber-umsiedler-aus\/","og_site_name":"just-now.NEWS Deutschland","article_publisher":"https:\/\/www.facebook.com\/wirmachenauf","article_published_time":"2023-10-05T12:58:52+00:00","og_image":[{"width":460,"height":259,"url":"https:\/\/now-news.de\/de\/wp-content\/uploads\/sites\/3\/2023\/10\/Minsk-setzt-Abkommen-mit-Kiew-ueber-Umsiedler-aus.jpg","type":"image\/jpeg"}],"author":"rtnews","twitter_card":"summary_large_image","twitter_creator":"@WirMachenAuf_de","twitter_site":"@WirMachenAuf_de","twitter_misc":{"Verfasst von":"rtnews","Gesch\u00e4tzte Lesezeit":"2\u00a0Minuten"},"schema":{"@context":"https:\/\/schema.org","@graph":[{"@type":"Article","@id":"https:\/\/now-news.de\/de\/deutschland\/minsk-setzt-abkommen-mit-kiew-ueber-umsiedler-aus\/#article","isPartOf":{"@id":"https:\/\/now-news.de\/de\/deutschland\/minsk-setzt-abkommen-mit-kiew-ueber-umsiedler-aus\/"},"author":{"name":"rtnews","@id":"https:\/\/now-news.de\/de\/#\/schema\/person\/fb534a4e865501d8b3285208df34a9b5"},"headline":"Minsk setzt Abkommen mit Kiew \u00fcber Umsiedler aus","datePublished":"2023-10-05T12:58:52+00:00","dateModified":"2023-10-05T12:58:52+00:00","mainEntityOfPage":{"@id":"https:\/\/now-news.de\/de\/deutschland\/minsk-setzt-abkommen-mit-kiew-ueber-umsiedler-aus\/"},"wordCount":338,"commentCount":0,"publisher":{"@id":"https:\/\/now-news.de\/de\/#organization"},"image":{"@id":"https:\/\/now-news.de\/de\/deutschland\/minsk-setzt-abkommen-mit-kiew-ueber-umsiedler-aus\/#primaryimage"},"thumbnailUrl":"https:\/\/now-news.de\/de\/wp-content\/uploads\/sites\/3\/2023\/10\/Minsk-setzt-Abkommen-mit-Kiew-ueber-Umsiedler-aus.jpg","keywords":["Abkommen","aus","Kiew","Minsk","mit","setzt","\u00fcber","Umsiedler"],"articleSection":["Deutschland","Russland"],"inLanguage":"de","potentialAction":[{"@type":"CommentAction","name":"Comment","target":["https:\/\/now-news.de\/de\/deutschland\/minsk-setzt-abkommen-mit-kiew-ueber-umsiedler-aus\/#respond"]}]},{"@type":"WebPage","@id":"https:\/\/now-news.de\/de\/deutschland\/minsk-setzt-abkommen-mit-kiew-ueber-umsiedler-aus\/","url":"https:\/\/now-news.de\/de\/deutschland\/minsk-setzt-abkommen-mit-kiew-ueber-umsiedler-aus\/","name":"Minsk setzt Abkommen mit Kiew \u00fcber Umsiedler aus - just-now.NEWS Deutschland","isPartOf":{"@id":"https:\/\/now-news.de\/de\/#website"},"primaryImageOfPage":{"@id":"https:\/\/now-news.de\/de\/deutschland\/minsk-setzt-abkommen-mit-kiew-ueber-umsiedler-aus\/#primaryimage"},"image":{"@id":"https:\/\/now-news.de\/de\/deutschland\/minsk-setzt-abkommen-mit-kiew-ueber-umsiedler-aus\/#primaryimage"},"thumbnailUrl":"https:\/\/now-news.de\/de\/wp-content\/uploads\/sites\/3\/2023\/10\/Minsk-setzt-Abkommen-mit-Kiew-ueber-Umsiedler-aus.jpg","datePublished":"2023-10-05T12:58:52+00:00","dateModified":"2023-10-05T12:58:52+00:00","breadcrumb":{"@id":"https:\/\/now-news.de\/de\/deutschland\/minsk-setzt-abkommen-mit-kiew-ueber-umsiedler-aus\/#breadcrumb"},"inLanguage":"de","potentialAction":[{"@type":"ReadAction","target":["https:\/\/now-news.de\/de\/deutschland\/minsk-setzt-abkommen-mit-kiew-ueber-umsiedler-aus\/"]}]},{"@type":"ImageObject","inLanguage":"de","@id":"https:\/\/now-news.de\/de\/deutschland\/minsk-setzt-abkommen-mit-kiew-ueber-umsiedler-aus\/#primaryimage","url":"https:\/\/now-news.de\/de\/wp-content\/uploads\/sites\/3\/2023\/10\/Minsk-setzt-Abkommen-mit-Kiew-ueber-Umsiedler-aus.jpg","contentUrl":"https:\/\/now-news.de\/de\/wp-content\/uploads\/sites\/3\/2023\/10\/Minsk-setzt-Abkommen-mit-Kiew-ueber-Umsiedler-aus.jpg","width":460,"height":259,"caption":"Minsk setzt Abkommen mit Kiew \u00fcber Umsiedler aus"},{"@type":"BreadcrumbList","@id":"https:\/\/now-news.de\/de\/deutschland\/minsk-setzt-abkommen-mit-kiew-ueber-umsiedler-aus\/#breadcrumb","itemListElement":[{"@type":"ListItem","position":1,"name":"Home","item":"https:\/\/now-news.de\/de\/"},{"@type":"ListItem","position":2,"name":"Minsk setzt Abkommen mit Kiew \u00fcber Umsiedler aus"}]},{"@type":"WebSite","@id":"https:\/\/now-news.de\/de\/#website","url":"https:\/\/now-news.de\/de\/","name":"just-now.NEWS Deutschland","description":"Das Portal f\u00fcr unzensierte Nachrichten aus der Welt","publisher":{"@id":"https:\/\/now-news.de\/de\/#organization"},"potentialAction":[{"@type":"SearchAction","target":{"@type":"EntryPoint","urlTemplate":"https:\/\/now-news.de\/de\/?s={search_term_string}"},"query-input":"required name=search_term_string"}],"inLanguage":"de"},{"@type":"Organization","@id":"https:\/\/now-news.de\/de\/#organization","name":"Just Now News","url":"https:\/\/now-news.de\/de\/","logo":{"@type":"ImageObject","inLanguage":"de","@id":"https:\/\/now-news.de\/de\/#\/schema\/logo\/image\/","url":"http:\/\/just-now.news\/de\/wp-content\/uploads\/sites\/3\/2022\/04\/logo500x500.jpg","contentUrl":"http:\/\/just-now.news\/de\/wp-content\/uploads\/sites\/3\/2022\/04\/logo500x500.jpg","width":500,"height":500,"caption":"Just Now News"},"image":{"@id":"https:\/\/now-news.de\/de\/#\/schema\/logo\/image\/"},"sameAs":["https:\/\/www.facebook.com\/wirmachenauf","https:\/\/x.com\/WirMachenAuf_de"]},{"@type":"Person","@id":"https:\/\/now-news.de\/de\/#\/schema\/person\/fb534a4e865501d8b3285208df34a9b5","name":"rtnews","image":{"@type":"ImageObject","inLanguage":"de","@id":"https:\/\/now-news.de\/de\/#\/schema\/person\/image\/","url":"https:\/\/secure.gravatar.com\/avatar\/82aafea7d8127119dd649515f56e2117?s=96&d=mm&r=g","contentUrl":"https:\/\/secure.gravatar.com\/avatar\/82aafea7d8127119dd649515f56e2117?s=96&d=mm&r=g","caption":"rtnews"},"url":"https:\/\/now-news.de\/de\/author\/rnews\/"}]}},"_links":{"self":[{"href":"https:\/\/now-news.de\/de\/wp-json\/wp\/v2\/posts\/47527"}],"collection":[{"href":"https:\/\/now-news.de\/de\/wp-json\/wp\/v2\/posts"}],"about":[{"href":"https:\/\/now-news.de\/de\/wp-json\/wp\/v2\/types\/post"}],"author":[{"embeddable":true,"href":"https:\/\/now-news.de\/de\/wp-json\/wp\/v2\/users\/3"}],"replies":[{"embeddable":true,"href":"https:\/\/now-news.de\/de\/wp-json\/wp\/v2\/comments?post=47527"}],"version-history":[{"count":0,"href":"https:\/\/now-news.de\/de\/wp-json\/wp\/v2\/posts\/47527\/revisions"}],"wp:featuredmedia":[{"embeddable":true,"href":"https:\/\/now-news.de\/de\/wp-json\/wp\/v2\/media\/47528"}],"wp:attachment":[{"href":"https:\/\/now-news.de\/de\/wp-json\/wp\/v2\/media?parent=47527"}],"wp:term":[{"taxonomy":"category","embeddable":true,"href":"https:\/\/now-news.de\/de\/wp-json\/wp\/v2\/categories?post=47527"},{"taxonomy":"post_tag","embeddable":true,"href":"https:\/\/now-news.de\/de\/wp-json\/wp\/v2\/tags?post=47527"}],"curies":[{"name":"wp","href":"https:\/\/api.w.org\/{rel}","templated":true}]}}