{"id":47521,"date":"2023-10-05T15:52:50","date_gmt":"2023-10-05T13:52:50","guid":{"rendered":"https:\/\/just-now.news\/de\/deutschland\/fifa-hebt-sperre-fuer-russische-junioren-teams-auf\/"},"modified":"2023-10-05T15:52:50","modified_gmt":"2023-10-05T13:52:50","slug":"fifa-hebt-sperre-fuer-russische-junioren-teams-auf","status":"publish","type":"post","link":"https:\/\/now-news.de\/de\/deutschland\/fifa-hebt-sperre-fuer-russische-junioren-teams-auf\/","title":{"rendered":"FIFA hebt Sperre f\u00fcr russische Junioren-Teams auf"},"content":{"rendered":"<p><img decoding=\"async\" src=\"http:\/\/just-now.news\/de\/wp-content\/uploads\/sites\/3\/2023\/10\/651eab51b480cc66d330f94b.jpg\" \/><\/p>\n<div class=\"Text-root Text-type_1 \">\n                Der Internationale Fu\u00dfballverband hat das Teilnahmeverbot f\u00fcr Juniorenmannschaften aus Russland aufgehoben. Wie auch bei den UEFA-Meisterschaften d\u00fcrfen die Jugendlichen nun unter neutraler Flagge und ohne Abspielen der Nationalhymne teilnehmen.\n            <\/div>\n<p><\/p>\n<div class=\"Text-root Text-type_5 ArticleView-text ViewText-root \">\n<p>Der Internationale Fu\u00dfballverband (FIFA) hat beschlossen, russischen Juniorenmannschaften die R\u00fcckkehr zu internationalen Wettbewerben zu erm\u00f6glichen. Ende September hatte bereits\u00a0die UEFA mitgeteilt, dass russische Junioren unter 17 Jahren wieder an ihren Wettbewerben teilnehmen d\u00fcrfen \u2013 unter neutraler Flagge und ohne Abspielen der russischen Nationalhymne. Die FIFA stellte nun die gleichen Bedingungen.<\/p>\n<p>Der FIFA-Rat bekr\u00e4ftigte au\u00dferdem das gegen die Erwachsenenmannschaften verh\u00e4ngte Verbot und erkl\u00e4rte, dass es &#8220;bis zum Ende des Konflikts&#8221; zwischen Russland und der Ukraine in Kraft bleiben werde. Der Russische Fu\u00dfballverband (RFU) hat die Entscheidung noch nicht kommentiert.<\/p>\n<p>Allerdings wird die kommende Junioren-Weltmeisterschaft der M\u00e4nner ohne das russische Team stattfinden. Die WM wird vom 10. November bis 2. Dezember in Indonesien ausgetragen. Alle 24 Teams, die um den Titel k\u00e4mpfen werden, stehen bereits fest. Die russische Junioren-Frauenmannschaft hat noch die M\u00f6glichkeit, sich f\u00fcr die kommende Weltmeisterschaft zu qualifizieren, die n\u00e4chstes Jahr in der Dominikanischen Republik stattfindet.<\/p>\n<p>Die UEFA erkl\u00e4rte im September bei der Bekanntgabe ihrer Entscheidung, dass &#8220;Kinder nicht f\u00fcr Handlungen bestraft werden sollten, deren Verantwortung ausschlie\u00dflich bei Erwachsenen liegt&#8221;. Moskau begr\u00fc\u00dfte den Schritt. Der englische und ukrainische Fu\u00dfballverband zeigten sich ver\u00e4rgert und warnten, dass sie nicht gegen Russland spielen werden.<\/p>\n<p>Im September erkl\u00e4rte RFU-Pr\u00e4sident Alexander Djukow vor Journalisten, dass die Teilnahme der russischen Nationalmannschaft an Qualifikationsspielen f\u00fcr die FIFA-Weltmeisterschaft 2026 weiterhin m\u00f6glich sei. Gleichzeitig tauchten im vergangenen Jahr Berichte auf, wonach die RFU erw\u00e4gt, ihre UEFA-Mitgliedschaft g\u00e4nzlich aufzugeben und stattdessen eine Einladung der Asiatischen Fu\u00dfballkonf\u00f6deration (AFC) anzunehmen. Djukow best\u00e4tigte diese \u00dcberlegungen, bezeichnete sie jedoch als theoretische M\u00f6glichkeit.<\/p>\n<p><strong>Mehr zum Thema<\/strong> &#8211; <a rel=\"nofollow noopener\" target=\"_blank\" href=\"https:\/\/freedert.online\/international\/175878-sport-in-politik-politik-im-sport\/\">Sport in der Politik, Politik im Sport oder vielleicht etwas anderes?<\/a><\/p>\n<\/p>\n<\/div>\n<p><br \/>\n<br \/><a href=\"https:\/\/de.rt.com\/international\/182768-fifa-hebt-sperre-fuer-russische\/\">Source link <\/a><\/p>\n","protected":false},"excerpt":{"rendered":"<p>Der Internationale Fu\u00dfballverband hat das Teilnahmeverbot f\u00fcr Juniorenmannschaften aus Russland aufgehoben. Wie auch bei den UEFA-Meisterschaften d\u00fcrfen die Jugendlichen nun unter neutraler Flagge und ohne Abspielen der Nationalhymne teilnehmen. Der Internationale Fu\u00dfballverband (FIFA) hat beschlossen, russischen Juniorenmannschaften die R\u00fcckkehr zu internationalen Wettbewerben zu erm\u00f6glichen. Ende September hatte bereits\u00a0die UEFA mitgeteilt, dass russische Junioren unter 17 [&hellip;]<\/p>\n","protected":false},"author":3,"featured_media":47522,"comment_status":"open","ping_status":"open","sticky":false,"template":"","format":"standard","meta":{"_yoast_indexnow_last_ping":["1696514135"],"wp_automatic_camp":["217"],"8cd5eb8b06d992f0bdee4fca5c6c18ea":["FIFA hebt Sperre f\u00fcr russische Junioren-Teams auf"],"original_link":["https:\/\/de.rt.com\/international\/182768-fifa-hebt-sperre-fuer-russische\/"],"_thumbnail_id":["47522"],"_wptgpro_p2tg_sent2tg":["a:1:{i:23737;s:19:\"2023-10-05 15:56:46\";}"],"jnews_social_counter_last_update":["1777355513"]},"categories":[19,23],"tags":[133,15511,221,21299,49508,570,32544],"yoast_head":"<!-- This site is optimized with the Yoast SEO Premium plugin v22.7 (Yoast SEO v22.7) - https:\/\/yoast.com\/wordpress\/plugins\/seo\/ -->\n<title>FIFA hebt Sperre f\u00fcr russische Junioren-Teams auf - just-now.NEWS Deutschland<\/title>\n<meta name=\"robots\" content=\"index, follow, max-snippet:-1, max-image-preview:large, max-video-preview:-1\" \/>\n<link rel=\"canonical\" href=\"https:\/\/now-news.de\/de\/deutschland\/fifa-hebt-sperre-fuer-russische-junioren-teams-auf\/\" \/>\n<meta property=\"og:locale\" content=\"de_DE\" \/>\n<meta property=\"og:type\" content=\"article\" \/>\n<meta property=\"og:title\" content=\"FIFA hebt Sperre f\u00fcr russische Junioren-Teams auf\" \/>\n<meta property=\"og:description\" content=\"Der Internationale Fu\u00dfballverband hat das Teilnahmeverbot f\u00fcr Juniorenmannschaften aus Russland aufgehoben. Wie auch bei den UEFA-Meisterschaften d\u00fcrfen die Jugendlichen nun unter neutraler Flagge und ohne Abspielen der Nationalhymne teilnehmen. Der Internationale Fu\u00dfballverband (FIFA) hat beschlossen, russischen Juniorenmannschaften die R\u00fcckkehr zu internationalen Wettbewerben zu erm\u00f6glichen. Ende September hatte bereits\u00a0die UEFA mitgeteilt, dass russische Junioren unter 17 [&hellip;]\" \/>\n<meta property=\"og:url\" content=\"https:\/\/now-news.de\/de\/deutschland\/fifa-hebt-sperre-fuer-russische-junioren-teams-auf\/\" \/>\n<meta property=\"og:site_name\" content=\"just-now.NEWS Deutschland\" \/>\n<meta property=\"article:publisher\" content=\"https:\/\/www.facebook.com\/wirmachenauf\" \/>\n<meta property=\"article:published_time\" content=\"2023-10-05T13:52:50+00:00\" \/>\n<meta property=\"og:image\" content=\"https:\/\/now-news.de\/de\/wp-content\/uploads\/sites\/3\/2023\/10\/FIFA-hebt-Sperre-fuer-russische-Junioren-Teams-auf.jpg\" \/>\n\t<meta property=\"og:image:width\" content=\"460\" \/>\n\t<meta property=\"og:image:height\" content=\"259\" \/>\n\t<meta property=\"og:image:type\" content=\"image\/jpeg\" \/>\n<meta name=\"author\" content=\"rtnews\" \/>\n<meta name=\"twitter:card\" content=\"summary_large_image\" \/>\n<meta name=\"twitter:creator\" content=\"@WirMachenAuf_de\" \/>\n<meta name=\"twitter:site\" content=\"@WirMachenAuf_de\" \/>\n<meta name=\"twitter:label1\" content=\"Verfasst von\" \/>\n\t<meta name=\"twitter:data1\" content=\"rtnews\" \/>\n\t<meta name=\"twitter:label2\" content=\"Gesch\u00e4tzte Lesezeit\" \/>\n\t<meta name=\"twitter:data2\" content=\"2\u00a0Minuten\" \/>\n<script type=\"application\/ld+json\" class=\"yoast-schema-graph\">{\"@context\":\"https:\/\/schema.org\",\"@graph\":[{\"@type\":\"Article\",\"@id\":\"https:\/\/now-news.de\/de\/deutschland\/fifa-hebt-sperre-fuer-russische-junioren-teams-auf\/#article\",\"isPartOf\":{\"@id\":\"https:\/\/now-news.de\/de\/deutschland\/fifa-hebt-sperre-fuer-russische-junioren-teams-auf\/\"},\"author\":{\"name\":\"rtnews\",\"@id\":\"https:\/\/now-news.de\/de\/#\/schema\/person\/fb534a4e865501d8b3285208df34a9b5\"},\"headline\":\"FIFA hebt Sperre f\u00fcr russische Junioren-Teams auf\",\"datePublished\":\"2023-10-05T13:52:50+00:00\",\"dateModified\":\"2023-10-05T13:52:50+00:00\",\"mainEntityOfPage\":{\"@id\":\"https:\/\/now-news.de\/de\/deutschland\/fifa-hebt-sperre-fuer-russische-junioren-teams-auf\/\"},\"wordCount\":331,\"commentCount\":0,\"publisher\":{\"@id\":\"https:\/\/now-news.de\/de\/#organization\"},\"image\":{\"@id\":\"https:\/\/now-news.de\/de\/deutschland\/fifa-hebt-sperre-fuer-russische-junioren-teams-auf\/#primaryimage\"},\"thumbnailUrl\":\"https:\/\/now-news.de\/de\/wp-content\/uploads\/sites\/3\/2023\/10\/FIFA-hebt-Sperre-fuer-russische-Junioren-Teams-auf.jpg\",\"keywords\":[\"AUF\",\"fifa\",\"f\u00fcr\",\"hebt\",\"JuniorenTeams\",\"Russische\",\"Sperre\"],\"articleSection\":[\"Deutschland\",\"Russland\"],\"inLanguage\":\"de\",\"potentialAction\":[{\"@type\":\"CommentAction\",\"name\":\"Comment\",\"target\":[\"https:\/\/now-news.de\/de\/deutschland\/fifa-hebt-sperre-fuer-russische-junioren-teams-auf\/#respond\"]}]},{\"@type\":\"WebPage\",\"@id\":\"https:\/\/now-news.de\/de\/deutschland\/fifa-hebt-sperre-fuer-russische-junioren-teams-auf\/\",\"url\":\"https:\/\/now-news.de\/de\/deutschland\/fifa-hebt-sperre-fuer-russische-junioren-teams-auf\/\",\"name\":\"FIFA hebt Sperre f\u00fcr russische Junioren-Teams auf - just-now.NEWS Deutschland\",\"isPartOf\":{\"@id\":\"https:\/\/now-news.de\/de\/#website\"},\"primaryImageOfPage\":{\"@id\":\"https:\/\/now-news.de\/de\/deutschland\/fifa-hebt-sperre-fuer-russische-junioren-teams-auf\/#primaryimage\"},\"image\":{\"@id\":\"https:\/\/now-news.de\/de\/deutschland\/fifa-hebt-sperre-fuer-russische-junioren-teams-auf\/#primaryimage\"},\"thumbnailUrl\":\"https:\/\/now-news.de\/de\/wp-content\/uploads\/sites\/3\/2023\/10\/FIFA-hebt-Sperre-fuer-russische-Junioren-Teams-auf.jpg\",\"datePublished\":\"2023-10-05T13:52:50+00:00\",\"dateModified\":\"2023-10-05T13:52:50+00:00\",\"breadcrumb\":{\"@id\":\"https:\/\/now-news.de\/de\/deutschland\/fifa-hebt-sperre-fuer-russische-junioren-teams-auf\/#breadcrumb\"},\"inLanguage\":\"de\",\"potentialAction\":[{\"@type\":\"ReadAction\",\"target\":[\"https:\/\/now-news.de\/de\/deutschland\/fifa-hebt-sperre-fuer-russische-junioren-teams-auf\/\"]}]},{\"@type\":\"ImageObject\",\"inLanguage\":\"de\",\"@id\":\"https:\/\/now-news.de\/de\/deutschland\/fifa-hebt-sperre-fuer-russische-junioren-teams-auf\/#primaryimage\",\"url\":\"https:\/\/now-news.de\/de\/wp-content\/uploads\/sites\/3\/2023\/10\/FIFA-hebt-Sperre-fuer-russische-Junioren-Teams-auf.jpg\",\"contentUrl\":\"https:\/\/now-news.de\/de\/wp-content\/uploads\/sites\/3\/2023\/10\/FIFA-hebt-Sperre-fuer-russische-Junioren-Teams-auf.jpg\",\"width\":460,\"height\":259,\"caption\":\"FIFA hebt Sperre f\u00fcr russische Junioren-Teams auf\"},{\"@type\":\"BreadcrumbList\",\"@id\":\"https:\/\/now-news.de\/de\/deutschland\/fifa-hebt-sperre-fuer-russische-junioren-teams-auf\/#breadcrumb\",\"itemListElement\":[{\"@type\":\"ListItem\",\"position\":1,\"name\":\"Home\",\"item\":\"https:\/\/now-news.de\/de\/\"},{\"@type\":\"ListItem\",\"position\":2,\"name\":\"FIFA hebt Sperre f\u00fcr russische Junioren-Teams auf\"}]},{\"@type\":\"WebSite\",\"@id\":\"https:\/\/now-news.de\/de\/#website\",\"url\":\"https:\/\/now-news.de\/de\/\",\"name\":\"just-now.NEWS Deutschland\",\"description\":\"Das Portal f\u00fcr unzensierte Nachrichten aus der Welt\",\"publisher\":{\"@id\":\"https:\/\/now-news.de\/de\/#organization\"},\"potentialAction\":[{\"@type\":\"SearchAction\",\"target\":{\"@type\":\"EntryPoint\",\"urlTemplate\":\"https:\/\/now-news.de\/de\/?s={search_term_string}\"},\"query-input\":\"required name=search_term_string\"}],\"inLanguage\":\"de\"},{\"@type\":\"Organization\",\"@id\":\"https:\/\/now-news.de\/de\/#organization\",\"name\":\"Just Now News\",\"url\":\"https:\/\/now-news.de\/de\/\",\"logo\":{\"@type\":\"ImageObject\",\"inLanguage\":\"de\",\"@id\":\"https:\/\/now-news.de\/de\/#\/schema\/logo\/image\/\",\"url\":\"http:\/\/just-now.news\/de\/wp-content\/uploads\/sites\/3\/2022\/04\/logo500x500.jpg\",\"contentUrl\":\"http:\/\/just-now.news\/de\/wp-content\/uploads\/sites\/3\/2022\/04\/logo500x500.jpg\",\"width\":500,\"height\":500,\"caption\":\"Just Now News\"},\"image\":{\"@id\":\"https:\/\/now-news.de\/de\/#\/schema\/logo\/image\/\"},\"sameAs\":[\"https:\/\/www.facebook.com\/wirmachenauf\",\"https:\/\/x.com\/WirMachenAuf_de\"]},{\"@type\":\"Person\",\"@id\":\"https:\/\/now-news.de\/de\/#\/schema\/person\/fb534a4e865501d8b3285208df34a9b5\",\"name\":\"rtnews\",\"image\":{\"@type\":\"ImageObject\",\"inLanguage\":\"de\",\"@id\":\"https:\/\/now-news.de\/de\/#\/schema\/person\/image\/\",\"url\":\"https:\/\/secure.gravatar.com\/avatar\/82aafea7d8127119dd649515f56e2117?s=96&d=mm&r=g\",\"contentUrl\":\"https:\/\/secure.gravatar.com\/avatar\/82aafea7d8127119dd649515f56e2117?s=96&d=mm&r=g\",\"caption\":\"rtnews\"},\"url\":\"https:\/\/now-news.de\/de\/author\/rnews\/\"}]}<\/script>\n<!-- \/ Yoast SEO Premium plugin. -->","yoast_head_json":{"title":"FIFA hebt Sperre f\u00fcr russische Junioren-Teams auf - just-now.NEWS Deutschland","robots":{"index":"index","follow":"follow","max-snippet":"max-snippet:-1","max-image-preview":"max-image-preview:large","max-video-preview":"max-video-preview:-1"},"canonical":"https:\/\/now-news.de\/de\/deutschland\/fifa-hebt-sperre-fuer-russische-junioren-teams-auf\/","og_locale":"de_DE","og_type":"article","og_title":"FIFA hebt Sperre f\u00fcr russische Junioren-Teams auf","og_description":"Der Internationale Fu\u00dfballverband hat das Teilnahmeverbot f\u00fcr Juniorenmannschaften aus Russland aufgehoben. Wie auch bei den UEFA-Meisterschaften d\u00fcrfen die Jugendlichen nun unter neutraler Flagge und ohne Abspielen der Nationalhymne teilnehmen. Der Internationale Fu\u00dfballverband (FIFA) hat beschlossen, russischen Juniorenmannschaften die R\u00fcckkehr zu internationalen Wettbewerben zu erm\u00f6glichen. Ende September hatte bereits\u00a0die UEFA mitgeteilt, dass russische Junioren unter 17 [&hellip;]","og_url":"https:\/\/now-news.de\/de\/deutschland\/fifa-hebt-sperre-fuer-russische-junioren-teams-auf\/","og_site_name":"just-now.NEWS Deutschland","article_publisher":"https:\/\/www.facebook.com\/wirmachenauf","article_published_time":"2023-10-05T13:52:50+00:00","og_image":[{"width":460,"height":259,"url":"https:\/\/now-news.de\/de\/wp-content\/uploads\/sites\/3\/2023\/10\/FIFA-hebt-Sperre-fuer-russische-Junioren-Teams-auf.jpg","type":"image\/jpeg"}],"author":"rtnews","twitter_card":"summary_large_image","twitter_creator":"@WirMachenAuf_de","twitter_site":"@WirMachenAuf_de","twitter_misc":{"Verfasst von":"rtnews","Gesch\u00e4tzte Lesezeit":"2\u00a0Minuten"},"schema":{"@context":"https:\/\/schema.org","@graph":[{"@type":"Article","@id":"https:\/\/now-news.de\/de\/deutschland\/fifa-hebt-sperre-fuer-russische-junioren-teams-auf\/#article","isPartOf":{"@id":"https:\/\/now-news.de\/de\/deutschland\/fifa-hebt-sperre-fuer-russische-junioren-teams-auf\/"},"author":{"name":"rtnews","@id":"https:\/\/now-news.de\/de\/#\/schema\/person\/fb534a4e865501d8b3285208df34a9b5"},"headline":"FIFA hebt Sperre f\u00fcr russische Junioren-Teams auf","datePublished":"2023-10-05T13:52:50+00:00","dateModified":"2023-10-05T13:52:50+00:00","mainEntityOfPage":{"@id":"https:\/\/now-news.de\/de\/deutschland\/fifa-hebt-sperre-fuer-russische-junioren-teams-auf\/"},"wordCount":331,"commentCount":0,"publisher":{"@id":"https:\/\/now-news.de\/de\/#organization"},"image":{"@id":"https:\/\/now-news.de\/de\/deutschland\/fifa-hebt-sperre-fuer-russische-junioren-teams-auf\/#primaryimage"},"thumbnailUrl":"https:\/\/now-news.de\/de\/wp-content\/uploads\/sites\/3\/2023\/10\/FIFA-hebt-Sperre-fuer-russische-Junioren-Teams-auf.jpg","keywords":["AUF","fifa","f\u00fcr","hebt","JuniorenTeams","Russische","Sperre"],"articleSection":["Deutschland","Russland"],"inLanguage":"de","potentialAction":[{"@type":"CommentAction","name":"Comment","target":["https:\/\/now-news.de\/de\/deutschland\/fifa-hebt-sperre-fuer-russische-junioren-teams-auf\/#respond"]}]},{"@type":"WebPage","@id":"https:\/\/now-news.de\/de\/deutschland\/fifa-hebt-sperre-fuer-russische-junioren-teams-auf\/","url":"https:\/\/now-news.de\/de\/deutschland\/fifa-hebt-sperre-fuer-russische-junioren-teams-auf\/","name":"FIFA hebt Sperre f\u00fcr russische Junioren-Teams auf - just-now.NEWS Deutschland","isPartOf":{"@id":"https:\/\/now-news.de\/de\/#website"},"primaryImageOfPage":{"@id":"https:\/\/now-news.de\/de\/deutschland\/fifa-hebt-sperre-fuer-russische-junioren-teams-auf\/#primaryimage"},"image":{"@id":"https:\/\/now-news.de\/de\/deutschland\/fifa-hebt-sperre-fuer-russische-junioren-teams-auf\/#primaryimage"},"thumbnailUrl":"https:\/\/now-news.de\/de\/wp-content\/uploads\/sites\/3\/2023\/10\/FIFA-hebt-Sperre-fuer-russische-Junioren-Teams-auf.jpg","datePublished":"2023-10-05T13:52:50+00:00","dateModified":"2023-10-05T13:52:50+00:00","breadcrumb":{"@id":"https:\/\/now-news.de\/de\/deutschland\/fifa-hebt-sperre-fuer-russische-junioren-teams-auf\/#breadcrumb"},"inLanguage":"de","potentialAction":[{"@type":"ReadAction","target":["https:\/\/now-news.de\/de\/deutschland\/fifa-hebt-sperre-fuer-russische-junioren-teams-auf\/"]}]},{"@type":"ImageObject","inLanguage":"de","@id":"https:\/\/now-news.de\/de\/deutschland\/fifa-hebt-sperre-fuer-russische-junioren-teams-auf\/#primaryimage","url":"https:\/\/now-news.de\/de\/wp-content\/uploads\/sites\/3\/2023\/10\/FIFA-hebt-Sperre-fuer-russische-Junioren-Teams-auf.jpg","contentUrl":"https:\/\/now-news.de\/de\/wp-content\/uploads\/sites\/3\/2023\/10\/FIFA-hebt-Sperre-fuer-russische-Junioren-Teams-auf.jpg","width":460,"height":259,"caption":"FIFA hebt Sperre f\u00fcr russische Junioren-Teams auf"},{"@type":"BreadcrumbList","@id":"https:\/\/now-news.de\/de\/deutschland\/fifa-hebt-sperre-fuer-russische-junioren-teams-auf\/#breadcrumb","itemListElement":[{"@type":"ListItem","position":1,"name":"Home","item":"https:\/\/now-news.de\/de\/"},{"@type":"ListItem","position":2,"name":"FIFA hebt Sperre f\u00fcr russische Junioren-Teams auf"}]},{"@type":"WebSite","@id":"https:\/\/now-news.de\/de\/#website","url":"https:\/\/now-news.de\/de\/","name":"just-now.NEWS Deutschland","description":"Das Portal f\u00fcr unzensierte Nachrichten aus der Welt","publisher":{"@id":"https:\/\/now-news.de\/de\/#organization"},"potentialAction":[{"@type":"SearchAction","target":{"@type":"EntryPoint","urlTemplate":"https:\/\/now-news.de\/de\/?s={search_term_string}"},"query-input":"required name=search_term_string"}],"inLanguage":"de"},{"@type":"Organization","@id":"https:\/\/now-news.de\/de\/#organization","name":"Just Now News","url":"https:\/\/now-news.de\/de\/","logo":{"@type":"ImageObject","inLanguage":"de","@id":"https:\/\/now-news.de\/de\/#\/schema\/logo\/image\/","url":"http:\/\/just-now.news\/de\/wp-content\/uploads\/sites\/3\/2022\/04\/logo500x500.jpg","contentUrl":"http:\/\/just-now.news\/de\/wp-content\/uploads\/sites\/3\/2022\/04\/logo500x500.jpg","width":500,"height":500,"caption":"Just Now News"},"image":{"@id":"https:\/\/now-news.de\/de\/#\/schema\/logo\/image\/"},"sameAs":["https:\/\/www.facebook.com\/wirmachenauf","https:\/\/x.com\/WirMachenAuf_de"]},{"@type":"Person","@id":"https:\/\/now-news.de\/de\/#\/schema\/person\/fb534a4e865501d8b3285208df34a9b5","name":"rtnews","image":{"@type":"ImageObject","inLanguage":"de","@id":"https:\/\/now-news.de\/de\/#\/schema\/person\/image\/","url":"https:\/\/secure.gravatar.com\/avatar\/82aafea7d8127119dd649515f56e2117?s=96&d=mm&r=g","contentUrl":"https:\/\/secure.gravatar.com\/avatar\/82aafea7d8127119dd649515f56e2117?s=96&d=mm&r=g","caption":"rtnews"},"url":"https:\/\/now-news.de\/de\/author\/rnews\/"}]}},"_links":{"self":[{"href":"https:\/\/now-news.de\/de\/wp-json\/wp\/v2\/posts\/47521"}],"collection":[{"href":"https:\/\/now-news.de\/de\/wp-json\/wp\/v2\/posts"}],"about":[{"href":"https:\/\/now-news.de\/de\/wp-json\/wp\/v2\/types\/post"}],"author":[{"embeddable":true,"href":"https:\/\/now-news.de\/de\/wp-json\/wp\/v2\/users\/3"}],"replies":[{"embeddable":true,"href":"https:\/\/now-news.de\/de\/wp-json\/wp\/v2\/comments?post=47521"}],"version-history":[{"count":0,"href":"https:\/\/now-news.de\/de\/wp-json\/wp\/v2\/posts\/47521\/revisions"}],"wp:featuredmedia":[{"embeddable":true,"href":"https:\/\/now-news.de\/de\/wp-json\/wp\/v2\/media\/47522"}],"wp:attachment":[{"href":"https:\/\/now-news.de\/de\/wp-json\/wp\/v2\/media?parent=47521"}],"wp:term":[{"taxonomy":"category","embeddable":true,"href":"https:\/\/now-news.de\/de\/wp-json\/wp\/v2\/categories?post=47521"},{"taxonomy":"post_tag","embeddable":true,"href":"https:\/\/now-news.de\/de\/wp-json\/wp\/v2\/tags?post=47521"}],"curies":[{"name":"wp","href":"https:\/\/api.w.org\/{rel}","templated":true}]}}