{"id":47485,"date":"2023-10-04T21:15:09","date_gmt":"2023-10-04T19:15:09","guid":{"rendered":"https:\/\/just-now.news\/de\/deutschland\/wegen-illegaler-migration-polen-tschechien-und-oesterreich-fuehren-grenzkontrollen-ein\/"},"modified":"2023-10-04T21:15:09","modified_gmt":"2023-10-04T19:15:09","slug":"wegen-illegaler-migration-polen-tschechien-und-oesterreich-fuehren-grenzkontrollen-ein","status":"publish","type":"post","link":"https:\/\/now-news.de\/de\/deutschland\/wegen-illegaler-migration-polen-tschechien-und-oesterreich-fuehren-grenzkontrollen-ein\/","title":{"rendered":"Wegen illegaler Migration: Polen, Tschechien und \u00d6sterreich f\u00fchren Grenzkontrollen ein"},"content":{"rendered":"<p><img decoding=\"async\" src=\"http:\/\/just-now.news\/de\/wp-content\/uploads\/sites\/3\/2023\/10\/651d70e5b480cc27b575d48d.jpg\" \/><\/p>\n<div class=\"Text-root Text-type_1 \">\n                Die starke Zunahme der Migration \u00fcber die sogenannte Balkan-Route unterminiert das Schengen-Abkommen. In Ostmitteleuropa werden wieder Grenzkontrollen eingef\u00fchrt, um die illegale Zuwanderung zu unterbinden. Tschechien spielt dabei eine zentrale Rolle.\n            <\/div>\n<p><\/p>\n<div class=\"Text-root Text-type_5 ArticleView-text ViewText-root \">\n<p>\u00d6sterreich, Polen und Tschechien f\u00fchren nach gemeinsamer Absprache wieder versch\u00e4rfte Kontrollen an ihrer jeweiligen Grenze zur Slowakei ein. Eine besondere Rolle spielt dabei die Tschechische Republik. Die drei L\u00e4nder verst\u00e4rken ihre Bem\u00fchungen, illegale Migration zu unterbinden.<\/p>\n<p>So sollen bereits wenige Stunden nach Beginn der Kontrollen \u00fcber zwei Dutzend Migranten aufgegriffen worden sein, wie die <em>Deutschen Wirtschaftsnachrichten<\/em> (<em>DWN<\/em>) <a rel=\"nofollow noopener\" target=\"_blank\" href=\"https:\/\/deutsche-wirtschafts-nachrichten.de\/706032\/illegale-migration-polen-tschechien-und-oesterreich-fuehren-grenzkontrollen-ein\">berichten<\/a>. Die meisten von ihnen w\u00fcrden aus Syrien stammen, wie die tschechischen Beh\u00f6rden auf X (vormals Twitter) mitgeteilt h\u00e4tten.<\/p>\n<p>Tschechien verst\u00e4rkt seine stichprobenartige \u00dcberwachung dabei an 17 Stra\u00dfen- sowie sieben Eisenbahn- und drei Wasserstra\u00dfen-Kontrollpunkten, au\u00dferdem an der etwa 250 Kilometer langen &#8220;gr\u00fcnen Grenze&#8221; zu seinem Nachbarland.<\/p>\n<p>Mit den verst\u00e4rkten Kontrollen soll gegen Schleuser vorgegangen werden, die Migranten \u00fcber die sogenannte Balkan-Route nach (Ost-)Mitteleuropa bringen. Zun\u00e4chst seien die polizeilichen Ma\u00dfnahmen bis zum 13. Oktober geplant, doch von einer Verl\u00e4ngerung sei auszugehen. Wie das Innenministerium in Prag mitteilte, erfolge die intensivierte \u00dcberwachung der Grenzen zur Slowakei in Absprache mit Polen und \u00d6sterreich, die ihrerseits die Kontrollen zu dem Nachbarland verst\u00e4rkt haben.<\/p>\n<p>Tschechien und die Slowakei haben als Mitglieder des Schengen-Abkommens auf Grenzkontrollen untereinander verzichtet. Beide L\u00e4nder sind als fr\u00fchere Teilstaaten der Tschechoslowakei kulturell, wirtschaftlich und sozial eng miteinander verbunden. Erst seit der friedlichen Trennung von 1993 gehen sie politisch getrennte Wege.<\/p>\n<p>Die <em>DWN<\/em> zitieren zur Wiedereinf\u00fchrung der versch\u00e4rften Grenzkontrollen die Prager Zeitung <em>Lidov\u00e9 noviny:<\/em><\/p>\n<blockquote>\n<p><em>&#8220;Das ist nur ein verzweifelter Versuch, die illegale Massenmigration zu begrenzen. Denjenigen, die nun von einem Dominoeffekt warnen, muss man sagen, dass Deutschland bereits in der vergangenen Woche seine Kontrollen an den Grenzen zu Polen und Tschechien versch\u00e4rft hatte.&#8221; <\/em><\/p>\n<\/blockquote>\n<p>Doch selbst darin sei nicht der &#8220;Beginn der Dominokette&#8221; zu sehen. <em>Lidov\u00e9 noviny<\/em> schreibt weiter:<\/p>\n<blockquote>\n<p><em>&#8220;Der eigentliche Ursprung des Problems liegt darin, dass sich die Bef\u00fcrworter einer gemeinsamen europ\u00e4ischen L\u00f6sung darunter eine Umverteilung von Migranten vorstellen. Doch was wir brauchen, sind Bremsen auf allen Zugangstrassen nach Europa, also auch auf dem Meer.&#8221;<\/em><\/p>\n<\/blockquote>\n<p><strong>Mehr zum Thema<\/strong> &#8211; <a rel=\"nofollow noopener\" target=\"_blank\" href=\"https:\/\/freedert.online\/europa\/182649-eu-staaten-einigen-sich-bei\/\">EU-Staaten einigen sich auf Kompromiss bei Asylreform<\/a><\/p>\n<\/p>\n<\/div>\n<p><br \/>\n<br \/><a href=\"https:\/\/de.rt.com\/europa\/182667-wegen-illegaler-migration-polen-tschechien\/\">Source link <\/a><\/p>\n","protected":false},"excerpt":{"rendered":"<p>Die starke Zunahme der Migration \u00fcber die sogenannte Balkan-Route unterminiert das Schengen-Abkommen. In Ostmitteleuropa werden wieder Grenzkontrollen eingef\u00fchrt, um die illegale Zuwanderung zu unterbinden. Tschechien spielt dabei eine zentrale Rolle. \u00d6sterreich, Polen und Tschechien f\u00fchren nach gemeinsamer Absprache wieder versch\u00e4rfte Kontrollen an ihrer jeweiligen Grenze zur Slowakei ein. Eine besondere Rolle spielt dabei die Tschechische [&hellip;]<\/p>\n","protected":false},"author":3,"featured_media":47486,"comment_status":"open","ping_status":"open","sticky":false,"template":"","format":"standard","meta":{"_yoast_indexnow_last_ping":["1696447287"],"wp_automatic_camp":["217"],"c1023a115946df5b96c64698c7cfeef5":["Wegen illegaler Migration: Polen, Tschechien und \u00d6sterreich f\u00fchren Grenzkontrollen ein"],"original_link":["https:\/\/de.rt.com\/europa\/182667-wegen-illegaler-migration-polen-tschechien\/"],"_thumbnail_id":["47486"],"jnews_social_counter_last_update":["1777357806"],"_wptgpro_p2tg_sent2tg":["a:1:{i:23737;s:19:\"2023-10-04 21:22:32\";}"]},"categories":[19,23],"tags":[357,1402,33596,8058,28536,7290,5850,32609,140,145],"yoast_head":"<!-- This site is optimized with the Yoast SEO Premium plugin v22.7 (Yoast SEO v22.7) - https:\/\/yoast.com\/wordpress\/plugins\/seo\/ -->\n<title>Wegen illegaler Migration: Polen, Tschechien und \u00d6sterreich f\u00fchren Grenzkontrollen ein - just-now.NEWS Deutschland<\/title>\n<meta name=\"robots\" content=\"index, follow, max-snippet:-1, max-image-preview:large, max-video-preview:-1\" \/>\n<link rel=\"canonical\" href=\"https:\/\/now-news.de\/de\/deutschland\/wegen-illegaler-migration-polen-tschechien-und-oesterreich-fuehren-grenzkontrollen-ein\/\" \/>\n<meta property=\"og:locale\" content=\"de_DE\" \/>\n<meta property=\"og:type\" content=\"article\" \/>\n<meta property=\"og:title\" content=\"Wegen illegaler Migration: Polen, Tschechien und \u00d6sterreich f\u00fchren Grenzkontrollen ein\" \/>\n<meta property=\"og:description\" content=\"Die starke Zunahme der Migration \u00fcber die sogenannte Balkan-Route unterminiert das Schengen-Abkommen. In Ostmitteleuropa werden wieder Grenzkontrollen eingef\u00fchrt, um die illegale Zuwanderung zu unterbinden. Tschechien spielt dabei eine zentrale Rolle. \u00d6sterreich, Polen und Tschechien f\u00fchren nach gemeinsamer Absprache wieder versch\u00e4rfte Kontrollen an ihrer jeweiligen Grenze zur Slowakei ein. Eine besondere Rolle spielt dabei die Tschechische [&hellip;]\" \/>\n<meta property=\"og:url\" content=\"https:\/\/now-news.de\/de\/deutschland\/wegen-illegaler-migration-polen-tschechien-und-oesterreich-fuehren-grenzkontrollen-ein\/\" \/>\n<meta property=\"og:site_name\" content=\"just-now.NEWS Deutschland\" \/>\n<meta property=\"article:publisher\" content=\"https:\/\/www.facebook.com\/wirmachenauf\" \/>\n<meta property=\"article:published_time\" content=\"2023-10-04T19:15:09+00:00\" \/>\n<meta property=\"og:image\" content=\"https:\/\/now-news.de\/de\/wp-content\/uploads\/sites\/3\/2023\/10\/Wegen-illegaler-Migration-Polen-Tschechien-und-Oesterreich-fuehren-Grenzkontrollen-ein.jpg\" \/>\n\t<meta property=\"og:image:width\" content=\"460\" \/>\n\t<meta property=\"og:image:height\" content=\"259\" \/>\n\t<meta property=\"og:image:type\" content=\"image\/jpeg\" \/>\n<meta name=\"author\" content=\"rtnews\" \/>\n<meta name=\"twitter:card\" content=\"summary_large_image\" \/>\n<meta name=\"twitter:creator\" content=\"@WirMachenAuf_de\" \/>\n<meta name=\"twitter:site\" content=\"@WirMachenAuf_de\" \/>\n<meta name=\"twitter:label1\" content=\"Verfasst von\" \/>\n\t<meta name=\"twitter:data1\" content=\"rtnews\" \/>\n\t<meta name=\"twitter:label2\" content=\"Gesch\u00e4tzte Lesezeit\" \/>\n\t<meta name=\"twitter:data2\" content=\"2\u00a0Minuten\" \/>\n<script type=\"application\/ld+json\" class=\"yoast-schema-graph\">{\"@context\":\"https:\/\/schema.org\",\"@graph\":[{\"@type\":\"Article\",\"@id\":\"https:\/\/now-news.de\/de\/deutschland\/wegen-illegaler-migration-polen-tschechien-und-oesterreich-fuehren-grenzkontrollen-ein\/#article\",\"isPartOf\":{\"@id\":\"https:\/\/now-news.de\/de\/deutschland\/wegen-illegaler-migration-polen-tschechien-und-oesterreich-fuehren-grenzkontrollen-ein\/\"},\"author\":{\"name\":\"rtnews\",\"@id\":\"https:\/\/now-news.de\/de\/#\/schema\/person\/fb534a4e865501d8b3285208df34a9b5\"},\"headline\":\"Wegen illegaler Migration: Polen, Tschechien und \u00d6sterreich f\u00fchren Grenzkontrollen ein\",\"datePublished\":\"2023-10-04T19:15:09+00:00\",\"dateModified\":\"2023-10-04T19:15:09+00:00\",\"mainEntityOfPage\":{\"@id\":\"https:\/\/now-news.de\/de\/deutschland\/wegen-illegaler-migration-polen-tschechien-und-oesterreich-fuehren-grenzkontrollen-ein\/\"},\"wordCount\":389,\"commentCount\":0,\"publisher\":{\"@id\":\"https:\/\/now-news.de\/de\/#organization\"},\"image\":{\"@id\":\"https:\/\/now-news.de\/de\/deutschland\/wegen-illegaler-migration-polen-tschechien-und-oesterreich-fuehren-grenzkontrollen-ein\/#primaryimage\"},\"thumbnailUrl\":\"https:\/\/now-news.de\/de\/wp-content\/uploads\/sites\/3\/2023\/10\/Wegen-illegaler-Migration-Polen-Tschechien-und-Oesterreich-fuehren-Grenzkontrollen-ein.jpg\",\"keywords\":[\"ein\",\"f\u00fchren\",\"Grenzkontrollen\",\"illegaler\",\"Migration\",\"\u00d6sterreich\",\"Polen\",\"Tschechien\",\"und\",\"wegen\"],\"articleSection\":[\"Deutschland\",\"Russland\"],\"inLanguage\":\"de\",\"potentialAction\":[{\"@type\":\"CommentAction\",\"name\":\"Comment\",\"target\":[\"https:\/\/now-news.de\/de\/deutschland\/wegen-illegaler-migration-polen-tschechien-und-oesterreich-fuehren-grenzkontrollen-ein\/#respond\"]}]},{\"@type\":\"WebPage\",\"@id\":\"https:\/\/now-news.de\/de\/deutschland\/wegen-illegaler-migration-polen-tschechien-und-oesterreich-fuehren-grenzkontrollen-ein\/\",\"url\":\"https:\/\/now-news.de\/de\/deutschland\/wegen-illegaler-migration-polen-tschechien-und-oesterreich-fuehren-grenzkontrollen-ein\/\",\"name\":\"Wegen illegaler Migration: Polen, Tschechien und \u00d6sterreich f\u00fchren Grenzkontrollen ein - just-now.NEWS Deutschland\",\"isPartOf\":{\"@id\":\"https:\/\/now-news.de\/de\/#website\"},\"primaryImageOfPage\":{\"@id\":\"https:\/\/now-news.de\/de\/deutschland\/wegen-illegaler-migration-polen-tschechien-und-oesterreich-fuehren-grenzkontrollen-ein\/#primaryimage\"},\"image\":{\"@id\":\"https:\/\/now-news.de\/de\/deutschland\/wegen-illegaler-migration-polen-tschechien-und-oesterreich-fuehren-grenzkontrollen-ein\/#primaryimage\"},\"thumbnailUrl\":\"https:\/\/now-news.de\/de\/wp-content\/uploads\/sites\/3\/2023\/10\/Wegen-illegaler-Migration-Polen-Tschechien-und-Oesterreich-fuehren-Grenzkontrollen-ein.jpg\",\"datePublished\":\"2023-10-04T19:15:09+00:00\",\"dateModified\":\"2023-10-04T19:15:09+00:00\",\"breadcrumb\":{\"@id\":\"https:\/\/now-news.de\/de\/deutschland\/wegen-illegaler-migration-polen-tschechien-und-oesterreich-fuehren-grenzkontrollen-ein\/#breadcrumb\"},\"inLanguage\":\"de\",\"potentialAction\":[{\"@type\":\"ReadAction\",\"target\":[\"https:\/\/now-news.de\/de\/deutschland\/wegen-illegaler-migration-polen-tschechien-und-oesterreich-fuehren-grenzkontrollen-ein\/\"]}]},{\"@type\":\"ImageObject\",\"inLanguage\":\"de\",\"@id\":\"https:\/\/now-news.de\/de\/deutschland\/wegen-illegaler-migration-polen-tschechien-und-oesterreich-fuehren-grenzkontrollen-ein\/#primaryimage\",\"url\":\"https:\/\/now-news.de\/de\/wp-content\/uploads\/sites\/3\/2023\/10\/Wegen-illegaler-Migration-Polen-Tschechien-und-Oesterreich-fuehren-Grenzkontrollen-ein.jpg\",\"contentUrl\":\"https:\/\/now-news.de\/de\/wp-content\/uploads\/sites\/3\/2023\/10\/Wegen-illegaler-Migration-Polen-Tschechien-und-Oesterreich-fuehren-Grenzkontrollen-ein.jpg\",\"width\":460,\"height\":259,\"caption\":\"Wegen illegaler Migration: Polen, Tschechien und \u00d6sterreich f\u00fchren Grenzkontrollen ein\"},{\"@type\":\"BreadcrumbList\",\"@id\":\"https:\/\/now-news.de\/de\/deutschland\/wegen-illegaler-migration-polen-tschechien-und-oesterreich-fuehren-grenzkontrollen-ein\/#breadcrumb\",\"itemListElement\":[{\"@type\":\"ListItem\",\"position\":1,\"name\":\"Home\",\"item\":\"https:\/\/now-news.de\/de\/\"},{\"@type\":\"ListItem\",\"position\":2,\"name\":\"Wegen illegaler Migration: Polen, Tschechien und \u00d6sterreich f\u00fchren Grenzkontrollen ein\"}]},{\"@type\":\"WebSite\",\"@id\":\"https:\/\/now-news.de\/de\/#website\",\"url\":\"https:\/\/now-news.de\/de\/\",\"name\":\"just-now.NEWS Deutschland\",\"description\":\"Das Portal f\u00fcr unzensierte Nachrichten aus der Welt\",\"publisher\":{\"@id\":\"https:\/\/now-news.de\/de\/#organization\"},\"potentialAction\":[{\"@type\":\"SearchAction\",\"target\":{\"@type\":\"EntryPoint\",\"urlTemplate\":\"https:\/\/now-news.de\/de\/?s={search_term_string}\"},\"query-input\":\"required name=search_term_string\"}],\"inLanguage\":\"de\"},{\"@type\":\"Organization\",\"@id\":\"https:\/\/now-news.de\/de\/#organization\",\"name\":\"Just Now News\",\"url\":\"https:\/\/now-news.de\/de\/\",\"logo\":{\"@type\":\"ImageObject\",\"inLanguage\":\"de\",\"@id\":\"https:\/\/now-news.de\/de\/#\/schema\/logo\/image\/\",\"url\":\"http:\/\/just-now.news\/de\/wp-content\/uploads\/sites\/3\/2022\/04\/logo500x500.jpg\",\"contentUrl\":\"http:\/\/just-now.news\/de\/wp-content\/uploads\/sites\/3\/2022\/04\/logo500x500.jpg\",\"width\":500,\"height\":500,\"caption\":\"Just Now News\"},\"image\":{\"@id\":\"https:\/\/now-news.de\/de\/#\/schema\/logo\/image\/\"},\"sameAs\":[\"https:\/\/www.facebook.com\/wirmachenauf\",\"https:\/\/x.com\/WirMachenAuf_de\"]},{\"@type\":\"Person\",\"@id\":\"https:\/\/now-news.de\/de\/#\/schema\/person\/fb534a4e865501d8b3285208df34a9b5\",\"name\":\"rtnews\",\"image\":{\"@type\":\"ImageObject\",\"inLanguage\":\"de\",\"@id\":\"https:\/\/now-news.de\/de\/#\/schema\/person\/image\/\",\"url\":\"https:\/\/secure.gravatar.com\/avatar\/82aafea7d8127119dd649515f56e2117?s=96&d=mm&r=g\",\"contentUrl\":\"https:\/\/secure.gravatar.com\/avatar\/82aafea7d8127119dd649515f56e2117?s=96&d=mm&r=g\",\"caption\":\"rtnews\"},\"url\":\"https:\/\/now-news.de\/de\/author\/rnews\/\"}]}<\/script>\n<!-- \/ Yoast SEO Premium plugin. -->","yoast_head_json":{"title":"Wegen illegaler Migration: Polen, Tschechien und \u00d6sterreich f\u00fchren Grenzkontrollen ein - just-now.NEWS Deutschland","robots":{"index":"index","follow":"follow","max-snippet":"max-snippet:-1","max-image-preview":"max-image-preview:large","max-video-preview":"max-video-preview:-1"},"canonical":"https:\/\/now-news.de\/de\/deutschland\/wegen-illegaler-migration-polen-tschechien-und-oesterreich-fuehren-grenzkontrollen-ein\/","og_locale":"de_DE","og_type":"article","og_title":"Wegen illegaler Migration: Polen, Tschechien und \u00d6sterreich f\u00fchren Grenzkontrollen ein","og_description":"Die starke Zunahme der Migration \u00fcber die sogenannte Balkan-Route unterminiert das Schengen-Abkommen. In Ostmitteleuropa werden wieder Grenzkontrollen eingef\u00fchrt, um die illegale Zuwanderung zu unterbinden. Tschechien spielt dabei eine zentrale Rolle. \u00d6sterreich, Polen und Tschechien f\u00fchren nach gemeinsamer Absprache wieder versch\u00e4rfte Kontrollen an ihrer jeweiligen Grenze zur Slowakei ein. Eine besondere Rolle spielt dabei die Tschechische [&hellip;]","og_url":"https:\/\/now-news.de\/de\/deutschland\/wegen-illegaler-migration-polen-tschechien-und-oesterreich-fuehren-grenzkontrollen-ein\/","og_site_name":"just-now.NEWS Deutschland","article_publisher":"https:\/\/www.facebook.com\/wirmachenauf","article_published_time":"2023-10-04T19:15:09+00:00","og_image":[{"width":460,"height":259,"url":"https:\/\/now-news.de\/de\/wp-content\/uploads\/sites\/3\/2023\/10\/Wegen-illegaler-Migration-Polen-Tschechien-und-Oesterreich-fuehren-Grenzkontrollen-ein.jpg","type":"image\/jpeg"}],"author":"rtnews","twitter_card":"summary_large_image","twitter_creator":"@WirMachenAuf_de","twitter_site":"@WirMachenAuf_de","twitter_misc":{"Verfasst von":"rtnews","Gesch\u00e4tzte Lesezeit":"2\u00a0Minuten"},"schema":{"@context":"https:\/\/schema.org","@graph":[{"@type":"Article","@id":"https:\/\/now-news.de\/de\/deutschland\/wegen-illegaler-migration-polen-tschechien-und-oesterreich-fuehren-grenzkontrollen-ein\/#article","isPartOf":{"@id":"https:\/\/now-news.de\/de\/deutschland\/wegen-illegaler-migration-polen-tschechien-und-oesterreich-fuehren-grenzkontrollen-ein\/"},"author":{"name":"rtnews","@id":"https:\/\/now-news.de\/de\/#\/schema\/person\/fb534a4e865501d8b3285208df34a9b5"},"headline":"Wegen illegaler Migration: Polen, Tschechien und \u00d6sterreich f\u00fchren Grenzkontrollen ein","datePublished":"2023-10-04T19:15:09+00:00","dateModified":"2023-10-04T19:15:09+00:00","mainEntityOfPage":{"@id":"https:\/\/now-news.de\/de\/deutschland\/wegen-illegaler-migration-polen-tschechien-und-oesterreich-fuehren-grenzkontrollen-ein\/"},"wordCount":389,"commentCount":0,"publisher":{"@id":"https:\/\/now-news.de\/de\/#organization"},"image":{"@id":"https:\/\/now-news.de\/de\/deutschland\/wegen-illegaler-migration-polen-tschechien-und-oesterreich-fuehren-grenzkontrollen-ein\/#primaryimage"},"thumbnailUrl":"https:\/\/now-news.de\/de\/wp-content\/uploads\/sites\/3\/2023\/10\/Wegen-illegaler-Migration-Polen-Tschechien-und-Oesterreich-fuehren-Grenzkontrollen-ein.jpg","keywords":["ein","f\u00fchren","Grenzkontrollen","illegaler","Migration","\u00d6sterreich","Polen","Tschechien","und","wegen"],"articleSection":["Deutschland","Russland"],"inLanguage":"de","potentialAction":[{"@type":"CommentAction","name":"Comment","target":["https:\/\/now-news.de\/de\/deutschland\/wegen-illegaler-migration-polen-tschechien-und-oesterreich-fuehren-grenzkontrollen-ein\/#respond"]}]},{"@type":"WebPage","@id":"https:\/\/now-news.de\/de\/deutschland\/wegen-illegaler-migration-polen-tschechien-und-oesterreich-fuehren-grenzkontrollen-ein\/","url":"https:\/\/now-news.de\/de\/deutschland\/wegen-illegaler-migration-polen-tschechien-und-oesterreich-fuehren-grenzkontrollen-ein\/","name":"Wegen illegaler Migration: Polen, Tschechien und \u00d6sterreich f\u00fchren Grenzkontrollen ein - just-now.NEWS Deutschland","isPartOf":{"@id":"https:\/\/now-news.de\/de\/#website"},"primaryImageOfPage":{"@id":"https:\/\/now-news.de\/de\/deutschland\/wegen-illegaler-migration-polen-tschechien-und-oesterreich-fuehren-grenzkontrollen-ein\/#primaryimage"},"image":{"@id":"https:\/\/now-news.de\/de\/deutschland\/wegen-illegaler-migration-polen-tschechien-und-oesterreich-fuehren-grenzkontrollen-ein\/#primaryimage"},"thumbnailUrl":"https:\/\/now-news.de\/de\/wp-content\/uploads\/sites\/3\/2023\/10\/Wegen-illegaler-Migration-Polen-Tschechien-und-Oesterreich-fuehren-Grenzkontrollen-ein.jpg","datePublished":"2023-10-04T19:15:09+00:00","dateModified":"2023-10-04T19:15:09+00:00","breadcrumb":{"@id":"https:\/\/now-news.de\/de\/deutschland\/wegen-illegaler-migration-polen-tschechien-und-oesterreich-fuehren-grenzkontrollen-ein\/#breadcrumb"},"inLanguage":"de","potentialAction":[{"@type":"ReadAction","target":["https:\/\/now-news.de\/de\/deutschland\/wegen-illegaler-migration-polen-tschechien-und-oesterreich-fuehren-grenzkontrollen-ein\/"]}]},{"@type":"ImageObject","inLanguage":"de","@id":"https:\/\/now-news.de\/de\/deutschland\/wegen-illegaler-migration-polen-tschechien-und-oesterreich-fuehren-grenzkontrollen-ein\/#primaryimage","url":"https:\/\/now-news.de\/de\/wp-content\/uploads\/sites\/3\/2023\/10\/Wegen-illegaler-Migration-Polen-Tschechien-und-Oesterreich-fuehren-Grenzkontrollen-ein.jpg","contentUrl":"https:\/\/now-news.de\/de\/wp-content\/uploads\/sites\/3\/2023\/10\/Wegen-illegaler-Migration-Polen-Tschechien-und-Oesterreich-fuehren-Grenzkontrollen-ein.jpg","width":460,"height":259,"caption":"Wegen illegaler Migration: Polen, Tschechien und \u00d6sterreich f\u00fchren Grenzkontrollen ein"},{"@type":"BreadcrumbList","@id":"https:\/\/now-news.de\/de\/deutschland\/wegen-illegaler-migration-polen-tschechien-und-oesterreich-fuehren-grenzkontrollen-ein\/#breadcrumb","itemListElement":[{"@type":"ListItem","position":1,"name":"Home","item":"https:\/\/now-news.de\/de\/"},{"@type":"ListItem","position":2,"name":"Wegen illegaler Migration: Polen, Tschechien und \u00d6sterreich f\u00fchren Grenzkontrollen ein"}]},{"@type":"WebSite","@id":"https:\/\/now-news.de\/de\/#website","url":"https:\/\/now-news.de\/de\/","name":"just-now.NEWS Deutschland","description":"Das Portal f\u00fcr unzensierte Nachrichten aus der Welt","publisher":{"@id":"https:\/\/now-news.de\/de\/#organization"},"potentialAction":[{"@type":"SearchAction","target":{"@type":"EntryPoint","urlTemplate":"https:\/\/now-news.de\/de\/?s={search_term_string}"},"query-input":"required name=search_term_string"}],"inLanguage":"de"},{"@type":"Organization","@id":"https:\/\/now-news.de\/de\/#organization","name":"Just Now News","url":"https:\/\/now-news.de\/de\/","logo":{"@type":"ImageObject","inLanguage":"de","@id":"https:\/\/now-news.de\/de\/#\/schema\/logo\/image\/","url":"http:\/\/just-now.news\/de\/wp-content\/uploads\/sites\/3\/2022\/04\/logo500x500.jpg","contentUrl":"http:\/\/just-now.news\/de\/wp-content\/uploads\/sites\/3\/2022\/04\/logo500x500.jpg","width":500,"height":500,"caption":"Just Now News"},"image":{"@id":"https:\/\/now-news.de\/de\/#\/schema\/logo\/image\/"},"sameAs":["https:\/\/www.facebook.com\/wirmachenauf","https:\/\/x.com\/WirMachenAuf_de"]},{"@type":"Person","@id":"https:\/\/now-news.de\/de\/#\/schema\/person\/fb534a4e865501d8b3285208df34a9b5","name":"rtnews","image":{"@type":"ImageObject","inLanguage":"de","@id":"https:\/\/now-news.de\/de\/#\/schema\/person\/image\/","url":"https:\/\/secure.gravatar.com\/avatar\/82aafea7d8127119dd649515f56e2117?s=96&d=mm&r=g","contentUrl":"https:\/\/secure.gravatar.com\/avatar\/82aafea7d8127119dd649515f56e2117?s=96&d=mm&r=g","caption":"rtnews"},"url":"https:\/\/now-news.de\/de\/author\/rnews\/"}]}},"_links":{"self":[{"href":"https:\/\/now-news.de\/de\/wp-json\/wp\/v2\/posts\/47485"}],"collection":[{"href":"https:\/\/now-news.de\/de\/wp-json\/wp\/v2\/posts"}],"about":[{"href":"https:\/\/now-news.de\/de\/wp-json\/wp\/v2\/types\/post"}],"author":[{"embeddable":true,"href":"https:\/\/now-news.de\/de\/wp-json\/wp\/v2\/users\/3"}],"replies":[{"embeddable":true,"href":"https:\/\/now-news.de\/de\/wp-json\/wp\/v2\/comments?post=47485"}],"version-history":[{"count":0,"href":"https:\/\/now-news.de\/de\/wp-json\/wp\/v2\/posts\/47485\/revisions"}],"wp:featuredmedia":[{"embeddable":true,"href":"https:\/\/now-news.de\/de\/wp-json\/wp\/v2\/media\/47486"}],"wp:attachment":[{"href":"https:\/\/now-news.de\/de\/wp-json\/wp\/v2\/media?parent=47485"}],"wp:term":[{"taxonomy":"category","embeddable":true,"href":"https:\/\/now-news.de\/de\/wp-json\/wp\/v2\/categories?post=47485"},{"taxonomy":"post_tag","embeddable":true,"href":"https:\/\/now-news.de\/de\/wp-json\/wp\/v2\/tags?post=47485"}],"curies":[{"name":"wp","href":"https:\/\/api.w.org\/{rel}","templated":true}]}}