{"id":47463,"date":"2023-10-04T16:16:10","date_gmt":"2023-10-04T14:16:10","guid":{"rendered":"https:\/\/just-now.news\/de\/deutschland\/30-jahre-jelzins-putsch-das-geburtsmal-das-russland-bis-heute-traegt\/"},"modified":"2023-10-04T16:16:10","modified_gmt":"2023-10-04T14:16:10","slug":"30-jahre-jelzins-putsch-das-geburtsmal-das-russland-bis-heute-traegt","status":"publish","type":"post","link":"https:\/\/now-news.de\/de\/deutschland\/30-jahre-jelzins-putsch-das-geburtsmal-das-russland-bis-heute-traegt\/","title":{"rendered":"30 Jahre Jelzins Putsch &#8211;  Das Geburtsmal, das Russland bis heute tr\u00e4gt"},"content":{"rendered":"<div class=\"Text-root Text-type_1 \">\n                Mit dem Niederschie\u00dfen des frei gew\u00e4hlten Obersten Sowjets am 4. Oktober 1993 sicherte des Westens Liebling Boris Jelzin seine Macht und peitschte die f\u00fcr das Land katastrophale Privatisierung von Staatsbetrieben durch. Das tief sitzende Trauma, das jener Tag hinterlie\u00df, hat die russische Gesellschaft bis heute nicht bew\u00e4ltigt.\n            <\/div>\n<p><\/p>\n<div class=\"Text-root Text-type_5 ArticleView-text ViewText-root \">\n<p><em>Von Alexej Danckwardt<\/em><\/p>\n<p>Am Mittwoch j\u00e4hrte sich ein das moderne Russland bis heute pr\u00e4gendes Ereignis zum 30. Mal: die gewaltsame Aufl\u00f6sung des in den letzten Sowjetjahren frei gew\u00e4hlten Obersten Sowjets der Russischen F\u00f6deration. Die Bilder des von Panzern zerschossenen &#8220;Wei\u00dfen Hauses&#8221;, des damaligen Parlamentssitzes in Moskau, in dem heute die russische Regierung residiert, gingen um die ganze Welt. Bis heute sind die Ereignisse nicht restlos aufgekl\u00e4rt.\u00a0<\/p>\n<p>Juristisch gibt es keinen Zweifel: Es handelte sich um einen verfassungswidrigen Umsturz. Begangen \u2013 und an diesem Umstand scheitert das klare Denken bei einigen Betrachtern \u2013 von dem gewiss rechtm\u00e4\u00dfigen, wenn auch in seiner Legitimit\u00e4t davor und danach nicht unumstrittenen Pr\u00e4sidenten des Landes, Boris Jelzin. Das mag widerspr\u00fcchlich klingen, doch auch ein legitimes Staatsoberhaupt kann einen verfassungswidrigen Putsch begehen, wenn es die ihm in der Verfassung einger\u00e4umten Befugnisse \u00fcberschreitet und damit die verfassungsm\u00e4\u00dfige Ordnung aushebelt. Und genau dies tat Jelzin in jenem Herbst des Jahres 1993.<\/p>\n<p>Als Streit um Kompetenzen hatte die erste und bislang gr\u00f6\u00dfte russische Staatskrise nach der Aufl\u00f6sung der Sowjetunion begonnen. In der sowjetischen Tradition und nach der bis dahin g\u00fcltigen Verfassung war der Kongress der Volksdeputierten das Organ mit dem gr\u00f6\u00dften Umfang an Vollmachten. Aus seinen Reihen w\u00e4hlte er den Obersten Sowjet, das Gesetzgebungsorgan f\u00fcr die Zeit zwischen den Tagungen des Kongresses, und nur er war befugt, \u00c4nderungen an der Verfassung vorzunehmen.\u00a0<\/p>\n<p>Seit 1990 gab es jedoch systemwidrig mit dem Pr\u00e4sidentenamt eine zweite Quelle von Macht und Legitimit\u00e4t im russischen Staat. Das rechtliche Verh\u00e4ltnis zwischen dem Pr\u00e4sidenten und dem Kongress der Volksdeputierten wurde in der seit dem Jahr 1978 geltenden und bei Einf\u00fchrung des Pr\u00e4sidentenamtes nur unzureichend erg\u00e4nzten Verfassung lediglich angerissen, keineswegs war es im Detail geregelt. Konnte der Pr\u00e4sident den Kongress aufl\u00f6sen? Konnte der Kongress den Pr\u00e4sidenten des Amtes entheben? Ausdr\u00fcckliche Bestimmungen gab es dazu nicht, nur der damalige Artikel 104 deklarierte den Kongress der Volksdeputierten in der sowjetischen Tradition als h\u00f6chstes Organ des Staates.\u00a0<\/p>\n<figure class=\"RTImage-root\">\n<div class=\"RTImage-image RTImage-original\"><picture class=\"Picture-root Picture-original\"><!--[if IE 9]><video style=\"display: none;\"><![endif]--><source media=\"(-webkit-min-device-pixel-ratio: 2) and (min-resolution: 120dpi)\" data-srcset=\" \nhttp:\/\/just-now.news\/de\/wp-content\/uploads\/sites\/3\/2023\/10\/651d4b6ab480cc061e7a8ea7.jpg 850w,\n                http:\/\/just-now.news\/de\/wp-content\/uploads\/sites\/3\/2023\/10\/651d4b6ab480cc061e7a8ea7.jpg 1960w,\n            \" ><source data-srcset=\" \nhttp:\/\/just-now.news\/de\/wp-content\/uploads\/sites\/3\/2023\/10\/651d4b6ab480cc061e7a8ea7.jpg 460w,\n              http:\/\/just-now.news\/de\/wp-content\/uploads\/sites\/3\/2023\/10\/651d4b6ab480cc061e7a8ea7.jpg 980w,\n            \" ><!--[if IE 9]><\/video><![endif]--><img decoding=\"async\" data- src=\"data:image\/png;base64,iVBORw0KGgoAAAANSUhEUgAAABAAAAAJCAQAAACRI2S5AAAAEElEQVR42mNkIAAYRxWAAQAG9gAKqv6+AwAAAABJRU5ErkJggg==\" class=\"Picture-root Picture-original lazyload\" data-src=\"http:\/\/just-now.news\/de\/wp-content\/uploads\/sites\/3\/2023\/10\/651d4b6ab480cc061e7a8ea7.jpg\" alt=\"\"><\/source><\/source><\/picture><!-- noscript pattern --><noscript><img decoding=\"async\" src=\"http:\/\/just-now.news\/de\/wp-content\/uploads\/sites\/3\/2023\/10\/651d4b6ab480cc061e7a8ea7.jpg\" alt=\"\"><\/noscript><\/div><figcaption class=\"RTImage-footer\"><span class=\"RTImage-caption\"><span class=\"RTImage-captionItem\">Die Miliz dr\u00e4ngt Demonstranten, die f\u00fcr das Parlament eintreten, zu einer Metrostation zur\u00fcck<\/span><\/span><span class=\"RTImage-source\"><span class=\"RTImage-captionItem\">Witalij Saweljew<\/span><span class=\"RTImage-captionItem\"> \/ Sputnik<\/span><\/span><\/figcaption><\/figure>\n<p>Nicht zuletzt wegen des gutsherrenartigen Charakters Jelzins, einem Karrieristen und Parteibonzen im schlechtesten Sinne des Wortes, vor allem aber, weil er die nach Macht und Eigentum an den noch in Volkseigentum stehenden Reicht\u00fcmern des Landes strebende junge Kapitalistenklasse Russlands repr\u00e4sentierte, konnte es keine friedliche Koexistenz von zwei faktisch parallelen Machtstrukturen geben. Nicht auf lange Zeit jedenfalls.<\/p>\n<p>Nat\u00fcrlich war der Oberste Sowjet \u2013 anders als von der hasserf\u00fcllten Propaganda jener Monate behauptet \u2013 kein Hort kommunistischer Revanche. Er hatte in den Jahren 1990 und 1991 die zuverl\u00e4ssige Machtbasis Jelzins gebildet, der Aufl\u00f6sung der Sowjetunion zugestimmt und sogar die marktradikalen Reformen mitsamt Hyperinflation und Verelendung von Millionen mitgetragen. Doch, weil in ihm tats\u00e4chlich Vertreter des Volkes tagten, regte sich zunehmend Widerstand ob der im Laufe des Jahres 1992 offensichtlich werdenden Folgen von Jelzins Politik. Einer besonders r\u00e4uberischen und zerst\u00f6rerischen Privatisierung von Staatsbetrieben, wie sie sowohl von dem zu Oligarchen aufsteigenden B\u00fcndnis von ehemaligen Komsomolfunktion\u00e4ren und ehemaligen Mafiosi als auch von Jelzins G\u00f6nnern im Westen angestrebt wurde, stimmten diese nicht zu.\u00a0 \u00a0<\/p>\n<p>Jelzin suchte nach Wegen, den Obersten Sowjet durch eine grundlegende Verfassungsreform zu entmachten und so den Weg f\u00fcr die Privatisierung zu ebnen. Als Erstes setzte er ein Volksreferendum zur Wirtschaftspolitik der Regierung durch, das er am 25. April 1993 mit 58,1 Prozent der Stimmen gewann. Als Zweites legte eine von Jelzin mit zweifelhafter Legitimit\u00e4t einberufene &#8220;Verfassungskonferenz aller gesellschaftlichen Kr\u00e4fte&#8221; im Juli den Entwurf einer neuen Verfassung vor.<\/p>\n<p>Der Volksdeputiertenkongress lehnte den Verfassungsentwurf jedoch ab, woraufhin Jelzin ihn am 21. September per Dekret mit der in Russland ber\u00fchmten Nummer 1400 aufl\u00f6ste und f\u00fcr den 12. Dezember Neuwahlen ank\u00fcndigte. Der Volksdeputiertenkongress leitete im Gegenzug ein Amtsenthebungsverfahren gegen Jelzin ein. Zugleich vereidigte er den zusammen mit Jelzin direkt gew\u00e4hlten Vizepr\u00e4sidenten Alexander Ruzkoi als amtierenden Pr\u00e4sidenten.\u00a0<\/p>\n<figure class=\"RTImage-root\">\n<div class=\"RTImage-image RTImage-original\"><picture class=\"Picture-root Picture-original\"><!--[if IE 9]><video style=\"display: none;\"><![endif]--><source media=\"(-webkit-min-device-pixel-ratio: 2) and (min-resolution: 120dpi)\" data-srcset=\" \nhttp:\/\/just-now.news\/de\/wp-content\/uploads\/sites\/3\/2023\/10\/651d4c0bb480cc04c16ef5a9.jpg 850w,\n                http:\/\/just-now.news\/de\/wp-content\/uploads\/sites\/3\/2023\/10\/651d4c0bb480cc04c16ef5a9.jpg 1960w,\n            \" ><source data-srcset=\" \nhttp:\/\/just-now.news\/de\/wp-content\/uploads\/sites\/3\/2023\/10\/651d4c0bb480cc04c16ef5a9.jpg 460w,\n              http:\/\/just-now.news\/de\/wp-content\/uploads\/sites\/3\/2023\/10\/651d4c0bb480cc04c16ef5a9.jpg 980w,\n            \" ><!--[if IE 9]><\/video><![endif]--><img decoding=\"async\" data- src=\"data:image\/png;base64,iVBORw0KGgoAAAANSUhEUgAAABAAAAAJCAQAAACRI2S5AAAAEElEQVR42mNkIAAYRxWAAQAG9gAKqv6+AwAAAABJRU5ErkJggg==\" class=\"Picture-root Picture-original lazyload\" data-src=\"http:\/\/just-now.news\/de\/wp-content\/uploads\/sites\/3\/2023\/10\/651d4c0bb480cc04c16ef5a9.jpg\" alt=\"\"><\/source><\/source><\/picture><!-- noscript pattern --><noscript><img decoding=\"async\" src=\"http:\/\/just-now.news\/de\/wp-content\/uploads\/sites\/3\/2023\/10\/651d4c0bb480cc04c16ef5a9.jpg\" alt=\"\"><\/noscript><\/div><figcaption class=\"RTImage-footer\"><span class=\"RTImage-caption\"><span class=\"RTImage-captionItem\">Das ausgebrannte &#8220;Wei\u00dfe Haus&#8221; in den Tagen danach<\/span><\/span><span class=\"RTImage-source\"><span class=\"RTImage-captionItem\">Wladimir Wjatkin<\/span><span class=\"RTImage-captionItem\"> \/ Sputnik<\/span><\/span><\/figcaption><\/figure>\n<p>Streitigkeiten zwischen Verfassungsorganen \u00fcber den Umfang und die Abgrenzung ihrer Befugnisse sind \u00fcberall auf der Welt keine Seltenheit. In einer auf Gewaltenteilung beruhenden Demokratie hat das Verfassungsgericht das letzte Wort in diesen Konflikten, in einer Bananenrepublik das Milit\u00e4r. Man k\u00f6nnte theoretisch auch jemand anderes zum obersten Schiedsrichter des Staates bestimmen (den obersten Religionsf\u00fchrer, einen Monarchen, ein W\u00e4chtergremium aus besonders angesehenen B\u00fcrgern, das Politb\u00fcro einer Partei, das Los), doch Russland hatte sich zuvor im Zuge von Gorbatschows Reformen entschieden, ein demokratisches Staatswesen nach westlichem Muster aufzubauen. Und darin hat eben das Urteil des obersten Verfassungsgerichts die h\u00f6chste Autorit\u00e4t, der sich die streitenden Verfassungsorgane zu f\u00fcgen haben.\u00a0<\/p>\n<p>Das russische Verfassungsgericht hat in der Herbstkrise des russischen Staates sein Wort gesprochen, und zwar noch am selben Tag, an dem Jelzin sein Dekret Nummer 1400 erlassen hatte. Das erkl\u00e4rte es ohne Umschweife f\u00fcr verfassungswidrig und damit unwirksam und urteilte dar\u00fcber hinaus, dass die Handlungen Jelzins seine Amtsenthebung rechtfertigten.\u00a0<\/p>\n<p>Das juristisch letzte Wort war damit klar und deutlich gesprochen und niemand kann behaupten, dass die Verteidiger des &#8220;Wei\u00dfen Hauses&#8221;, die zwei Wochen sp\u00e4ter ihr Leben lassen mussten, im Unrecht waren. Doch Jelzin und seine sich &#8220;demokratisch&#8221; nennende Gefolgschaft f\u00fcgten sich dem Verdikt nicht.\u00a0<\/p>\n<p>Die folgenden Tage hatten zun\u00e4chst Z\u00fcge einer Farce. Jelzins Anh\u00e4nger nutzten ihre faktische Macht daf\u00fcr, dem Parlament banal die Arbeitsm\u00f6glichkeit zu entziehen. Die Telefone wurden abgeschaltet \u2013 die Parlamentarier kommunizierten mit der Au\u00dfenwelt per Funkger\u00e4t. Der Strom wurde gekappt\u00a0\u2013 man tagte bei Kerzenlicht. Das Wasser wurde abgeschaltet \u2013 die Volksvertreter liefen unrasiert und ungewaschen durch die Flure. Das Geb\u00e4ude wurde von der Miliz umstellt, also \u00fcbernachteten die Abgeordneten im Parlamentssitz. Die Propagandamaschine im Westen war damals ganz auf die Linie &#8220;Jelzin ist der Gute&#8221; eingestellt, sodass die Welt \u00fcber die ungepflegten und m\u00fcrrischen Gestalten im Tagungssaal des Parlaments lachte, die sich mit patriotischen Liedern bei Laune hielten. Doch in Wahrheit galten diese Lacher Russland selbst, in dem eine solch dreiste Gesetzlosigkeit eines Staatsoberhaupts m\u00f6glich war.\u00a0<\/p>\n<p>R\u00fcckblickend betrachtet waren all diese Schritte auf eine Radikalisierung der Abgeordneten und der Verteidiger des frei gew\u00e4hlten Parlaments ausgerichtet. Denn nat\u00fcrlich kann das Abstellen von Strom, Telefon, Wasser und Heizung diejenigen, die im Recht sind und ihre Existenzgrundlagen legal verteidigen, nicht in die Knie vor Willk\u00fcr und Rechtsbruch zwingen. Ein l\u00e4ngeres Vegetieren in einer belagerten Festung f\u00fchrt den Belagerten jedoch in grenzwertige Gem\u00fctszust\u00e4nde. Er verliert seinen Realit\u00e4tssinn und denkt nicht mehr klar, \u00fcbersch\u00e4tzt seine Kr\u00e4fte und l\u00e4sst sich fr\u00fcher oder sp\u00e4ter zu irrationalem Handeln verleiten. Es brauchte nur eines Funkens, damit das explosive Gemisch detonierte, das mitten in Moskau von einer geschickt und listig hinter den Kulissen planenden Macht zusammengebraut wurde.\u00a0<\/p>\n<figure class=\"RTImage-root\">\n<div class=\"RTImage-image RTImage-original\"><picture class=\"Picture-root Picture-original\"><!--[if IE 9]><video style=\"display: none;\"><![endif]--><source media=\"(-webkit-min-device-pixel-ratio: 2) and (min-resolution: 120dpi)\" data-srcset=\" \nhttp:\/\/just-now.news\/de\/wp-content\/uploads\/sites\/3\/2023\/10\/651d49acb480cc061e7a8ea3.jpg 850w,\n                http:\/\/just-now.news\/de\/wp-content\/uploads\/sites\/3\/2023\/10\/651d49acb480cc061e7a8ea3.jpg 1960w,\n            \" ><source data-srcset=\" \nhttp:\/\/just-now.news\/de\/wp-content\/uploads\/sites\/3\/2023\/10\/651d49acb480cc061e7a8ea3.jpg 460w,\n              http:\/\/just-now.news\/de\/wp-content\/uploads\/sites\/3\/2023\/10\/651d49acb480cc061e7a8ea3.jpg 980w,\n            \" ><!--[if IE 9]><\/video><![endif]--><img decoding=\"async\" data- src=\"data:image\/png;base64,iVBORw0KGgoAAAANSUhEUgAAABAAAAAJCAQAAACRI2S5AAAAEElEQVR42mNkIAAYRxWAAQAG9gAKqv6+AwAAAABJRU5ErkJggg==\" class=\"Picture-root Picture-original lazyload\" data-src=\"http:\/\/just-now.news\/de\/wp-content\/uploads\/sites\/3\/2023\/10\/651d49acb480cc061e7a8ea3.jpg\" alt=\"\"><\/source><\/source><\/picture><!-- noscript pattern --><noscript><img decoding=\"async\" src=\"http:\/\/just-now.news\/de\/wp-content\/uploads\/sites\/3\/2023\/10\/651d49acb480cc061e7a8ea3.jpg\" alt=\"\"><\/noscript><\/div><figcaption class=\"RTImage-footer\"><span class=\"RTImage-caption\"><span class=\"RTImage-captionItem\">Das &#8220;Wei\u00dfe Haus&#8221; ist nunmehr Regierungssitz, restauriert, gut bewacht und abgesperrt (09.11.2004)<\/span><\/span><span class=\"RTImage-source\"><span class=\"RTImage-captionItem\">Alexander Lyskin<\/span><span class=\"RTImage-captionItem\"> \/ Sputnik<\/span><\/span><\/figcaption><\/figure>\n<p>Es knallte schlie\u00dflich am 3. Oktober. F\u00fcr den Mittag des Tages war eine Gro\u00dfkundgebung von Anh\u00e4ngern des Obersten Sowjets auf dem Oktoberplatz in Moskau geplant. Der Oktoberplatz liegt etwa vier Kilometer vom &#8220;Wei\u00dfen Haus&#8221; entfernt, der Weg dorthin f\u00fchrt \u00fcber die Krim-Br\u00fccke \u00fcber die Moskwa, den Gartenring entlang bis zum Neuen Arbat und dann ein kurzes St\u00fcck \u00fcber diesen nach links. Diesen Weg zu gehen, war zun\u00e4chst nicht geplant, die Entfernung auch zu gro\u00df f\u00fcr Sicherheitsbedenken. Zehntausende hatten sich versammelt, eine beeindruckende Menge, k\u00e4mpferisch und motiviert, aber gewaltfrei.<\/p>\n<p>Unerwartet und ohne objektiven Grund dazu blockierten Sonderkommandos der Miliz den abgestimmten Kundgebungsort und forderten die Aufl\u00f6sung der Versammlung. Die versammelte Menge geriet dadurch in Rage. Teile der Demonstranten durchbrachen die Absperrungen an der Krim-Br\u00fccke. Die Miliz gab dem Druck zeitnah und ohne gro\u00dfen Widerstand nach, und die Menge lief auf der vorstehend beschriebene Route. In H\u00f6he des Au\u00dfenministeriums setzte die Miliz Tr\u00e4nengas gegen die Protestierenden ein, verschwand jedoch auch dort schnell wieder. Auch der Milizkordon am Wei\u00dfen Haus selbst l\u00f6ste sich in Luft auf. Siegestrunken erreichten die Massen nach etwa einer Stunde den Parlamentssitz.\u00a0<\/p>\n<p>F\u00fcr die dort ausharrenden Abgeordneten schien das die Wende im Machtkampf mit dem Putschisten und Usurpator Jelzin zu sein. Euphorische Reden wurden gehalten, die frische Oktoberluft machte jeden Anwesenden siegestrunken. Gegen 15 Uhr Ortszeit machte Ruzkoi den wohl alles entscheidenden Fehler: Er rief dazu auf, Kolonnen bewaffneter Protestler in das Fernsehzentrum in Ostankino zu entsenden, dieses zu besetzen und von dort Ansprachen an die Nation zu halten.\u00a0<\/p>\n<p>Was dort geschah, ist bis heute Gegenstand kontroverser Debatten. Fakt ist, dass die Anh\u00e4nger des Parlaments am Fernsehzentrum von schwer bewaffneten Einheiten der Miliz und der &#8220;inneren Armee&#8221; erwartet wurden. Es kam zum Schusswechsel, an dessen Ende mindestens 46 Menschen, darunter ein f\u00fcr die ARD arbeitender nordirischer Kameramann, tot waren. In die Studios gelangten die Verteidiger des Parlaments nicht. Die Regisseure der Krise nutzten den Vorfall jedoch f\u00fcr eine dramatische Unterbrechung der laufenden Sendungen, die im ganzen Land eine ganz andere als die von Ruzkoi angestrebte Stimmung machte.\u00a0<\/p>\n<figure class=\"RTImage-root\">\n<div class=\"RTImage-image RTImage-original\"><picture class=\"Picture-root Picture-original\"><!--[if IE 9]><video style=\"display: none;\"><![endif]--><source media=\"(-webkit-min-device-pixel-ratio: 2) and (min-resolution: 120dpi)\" data-srcset=\" \nhttp:\/\/just-now.news\/de\/wp-content\/uploads\/sites\/3\/2023\/10\/651d4903b480cc06875c7e54.jpg 850w,\n                http:\/\/just-now.news\/de\/wp-content\/uploads\/sites\/3\/2023\/10\/651d4903b480cc06875c7e54.jpg 1960w,\n            \" ><source data-srcset=\" \nhttp:\/\/just-now.news\/de\/wp-content\/uploads\/sites\/3\/2023\/10\/651d4903b480cc06875c7e54.jpg 460w,\n              http:\/\/just-now.news\/de\/wp-content\/uploads\/sites\/3\/2023\/10\/651d4903b480cc06875c7e54.jpg 980w,\n            \" ><!--[if IE 9]><\/video><![endif]--><img decoding=\"async\" data- src=\"data:image\/png;base64,iVBORw0KGgoAAAANSUhEUgAAABAAAAAJCAQAAACRI2S5AAAAEElEQVR42mNkIAAYRxWAAQAG9gAKqv6+AwAAAABJRU5ErkJggg==\" class=\"Picture-root Picture-original lazyload\" data-src=\"http:\/\/just-now.news\/de\/wp-content\/uploads\/sites\/3\/2023\/10\/651d4903b480cc06875c7e54.jpg\" alt=\"\"><\/source><\/source><\/picture><!-- noscript pattern --><noscript><img decoding=\"async\" src=\"http:\/\/just-now.news\/de\/wp-content\/uploads\/sites\/3\/2023\/10\/651d4903b480cc06875c7e54.jpg\" alt=\"\"><\/noscript><\/div><figcaption class=\"RTImage-footer\"><span class=\"RTImage-caption\"><span class=\"RTImage-captionItem\">Demonstranten in Moskau gedenken der im Oktober 1993 get\u00f6teten Verteidiger des Parlaments (03.10.2021)<\/span><\/span><span class=\"RTImage-source\"><span class=\"RTImage-captionItem\">Ilja Pytalew<\/span><span class=\"RTImage-captionItem\"> \/ Sputnik<\/span><\/span><\/figcaption><\/figure>\n<p>Am n\u00e4chsten Morgen rollten Panzer an. Ihr Werk, das brennende, ru\u00dfgeschw\u00e4rzte &#8220;Wei\u00dfe Haus&#8221; hat die ganze Welt gut in Erinnerung. \u00dcber die Zahl der Todesopfer an jenem 4. Oktober gibt es teils plausible, teils wilde Ger\u00fcchte, die offiziellen Zahlen sprechen von 74 Get\u00f6teten unter den Demonstranten.\u00a0<\/p>\n<p>Vieles blieb unaufgekl\u00e4rt, zum Beispiel, wer die &#8220;unbekannten Scharfsch\u00fctzen&#8221; waren, die sowohl am 3. als auch am 4. Oktober auf beide Seiten und auch auf Unbeteiligte geschossen und damit beide Konfliktparteien zus\u00e4tzlich radikalisiert hatten.\u00a0<\/p>\n<p>Die Folgen f\u00fcr Russland k\u00f6nnen hingegen 30 Jahre sp\u00e4ter sicher beurteilt werden. Zwar hielt sich Jelzin, pl\u00f6tzlich ganz Staatsmann, mit Rache zur\u00fcck (alle Beteiligten wurden schon im Februar des folgenden Jahres begnadigt; der Vorsitzende des Verfassungsgerichts, Waleri Sorkin, musste zwar zur\u00fccktreten, blieb aber Richter und wurde sp\u00e4ter von Wladimir Putin erneut zum Vorsitzenden des Verfassungsgerichts ernannt), doch die r\u00e4uberische und f\u00fcr die Volkswirtschaft als Ganzes zerst\u00f6rerische Privatisierung nahm ihren Lauf. Sie beraubte Russland ganzer Industriebranchen, beispielsweise des bis dahin Boeing und Airbus Konkurrenz machenden zivilen Flugzeugbaus. Sie lie\u00df das kriminell-komsomolzische Konglomerat steinreich und Millionen einfacher Russen bitterarm werden. Millionen \u00fcberlebten die verhassten 90er Jahre nicht: Selbstmord, unbehandelte Krankheiten, Drogenmissbrauch mit allen Begleiterscheinungen, Geburtenr\u00fcckgang und kriminelle Bandenkriege addierten sich zu einer demografischen Katastrophe zusammen. Scott Ritter erinnerte k\u00fcrzlich in mehreren Interviews zu seiner Russland-Reise daran. Und auch ich kann bezeugen, dass in meiner Geburtsstadt, einer Kleinstadt in tiefster russischer Provinz, ganze m\u00e4nnliche Jahrg\u00e4nge der in den 1980ern Geborenen fast vollst\u00e4ndig ausgel\u00f6scht sind. Das wei\u00df jeder und dar\u00fcber wird viel und offen geschrieben.<\/p>\n<p>\u00dcber die schlimmste Folge des Jelzin-Putsches wird aber viel zu wenig gesprochen, obwohl sie Russland bis heute pr\u00e4gt. Damals verlor das ganze Volk das Gef\u00fchl, dass es \u00fcber das Schicksal seines Landes mitzuentscheiden hat. &#8220;Herr im Haus&#8221; war ab da eine kleine Clique von Oligarchen und k\u00e4uflichen Politikern und das sp\u00fcrt bis heute jeder Russe. Ihr Einfluss konnte zwar unter Pr\u00e4sident Putin erheblich zur\u00fcckgedr\u00e4ngt werden, geltend machen sie ihn bis heute, was das regelm\u00e4\u00dfige Auftauchen des portugiesisch-britisch-israelischen (wer wei\u00df schon, welche P\u00e4sse er noch hat) B\u00fcrgers Roman Abramowitsch in Moskauer Regierungsstuben immer wieder anschaulich demonstriert.<\/p>\n<p>Das Volk zum politischen Engagement wachzuk\u00fcssen, gelang Wladimir Putin bis heute nicht, auch wenn es an Versuchen darum nicht gemangelt hat: Stundenlange Fragemarathons und die Gr\u00fcndung der Volksfront seien als Beispiele angef\u00fchrt. Zu sehr steckt uns eben noch der &#8220;schwarze Oktober&#8221; in den Knochen. Zu sehr f\u00fcrchten wir bis heute, dass man uns wie im Oktober 1993 zu Dutzenden, vielleicht zu Hunderten erschie\u00dfen wird, wenn die sprichw\u00f6rtlichen Abramowitschs es w\u00fcnschen \u2013 auch wenn das Recht wie damals auf unserer Seite ist.<\/p>\n<p><strong>Mehr zum Thema<\/strong> \u2013 <a rel=\"nofollow noopener\" target=\"_blank\" href=\"https:\/\/freedert.online\/russland\/76976-zum-25-jahrestag-russischen-verfassungskrise\/\">Zum 25. Jahrestag der russischen Verfassungskrise: &#8220;Schwarzer Oktober &#8217;93&#8221;<\/a><\/p>\n<\/p>\n<\/div>\n<p><br \/>\n<br \/><a href=\"https:\/\/de.rt.com\/meinung\/182548-30-jahre-jelzins-putsch-geburtsmal-russlands\/\">Source link <\/a><\/p>\n","protected":false},"excerpt":{"rendered":"<p>Mit dem Niederschie\u00dfen des frei gew\u00e4hlten Obersten Sowjets am 4. Oktober 1993 sicherte des Westens Liebling Boris Jelzin seine Macht und peitschte die f\u00fcr das Land katastrophale Privatisierung von Staatsbetrieben durch. Das tief sitzende Trauma, das jener Tag hinterlie\u00df, hat die russische Gesellschaft bis heute nicht bew\u00e4ltigt. Von Alexej Danckwardt Am Mittwoch j\u00e4hrte sich ein [&hellip;]<\/p>\n","protected":false},"author":3,"featured_media":47464,"comment_status":"open","ping_status":"open","sticky":false,"template":"","format":"standard","meta":{"_yoast_indexnow_last_ping":["1696430788"],"wp_automatic_camp":["217"],"d56338dd65330fe6091bb5a94927d090":["30 Jahre Jelzins Putsch -  Das Geburtsmal, das Russland bis heute tr\u00e4gt"],"original_link":["https:\/\/de.rt.com\/meinung\/182548-30-jahre-jelzins-putsch-geburtsmal-russlands\/"],"_thumbnail_id":["47464"],"_wptgpro_p2tg_sent2tg":["a:1:{i:23737;s:19:\"2023-10-04 16:47:29\";}"],"jnews_social_counter_last_update":["1777128285"]},"categories":[19,23],"tags":[843,427,49482,820,7530,49481,5422,126,16145],"yoast_head":"<!-- This site is optimized with the Yoast SEO Premium plugin v22.7 (Yoast SEO v22.7) - https:\/\/yoast.com\/wordpress\/plugins\/seo\/ -->\n<title>30 Jahre Jelzins Putsch - Das Geburtsmal, das Russland bis heute tr\u00e4gt - just-now.NEWS Deutschland<\/title>\n<meta name=\"robots\" content=\"index, follow, max-snippet:-1, max-image-preview:large, max-video-preview:-1\" \/>\n<link rel=\"canonical\" href=\"https:\/\/now-news.de\/de\/deutschland\/30-jahre-jelzins-putsch-das-geburtsmal-das-russland-bis-heute-traegt\/\" \/>\n<meta property=\"og:locale\" content=\"de_DE\" \/>\n<meta property=\"og:type\" content=\"article\" \/>\n<meta property=\"og:title\" content=\"30 Jahre Jelzins Putsch - Das Geburtsmal, das Russland bis heute tr\u00e4gt\" \/>\n<meta property=\"og:description\" content=\"Mit dem Niederschie\u00dfen des frei gew\u00e4hlten Obersten Sowjets am 4. Oktober 1993 sicherte des Westens Liebling Boris Jelzin seine Macht und peitschte die f\u00fcr das Land katastrophale Privatisierung von Staatsbetrieben durch. Das tief sitzende Trauma, das jener Tag hinterlie\u00df, hat die russische Gesellschaft bis heute nicht bew\u00e4ltigt. Von Alexej Danckwardt Am Mittwoch j\u00e4hrte sich ein [&hellip;]\" \/>\n<meta property=\"og:url\" content=\"https:\/\/now-news.de\/de\/deutschland\/30-jahre-jelzins-putsch-das-geburtsmal-das-russland-bis-heute-traegt\/\" \/>\n<meta property=\"og:site_name\" content=\"just-now.NEWS Deutschland\" \/>\n<meta property=\"article:publisher\" content=\"https:\/\/www.facebook.com\/wirmachenauf\" \/>\n<meta property=\"article:published_time\" content=\"2023-10-04T14:16:10+00:00\" \/>\n<meta property=\"og:image\" content=\"https:\/\/now-news.de\/de\/wp-content\/uploads\/sites\/3\/2023\/10\/30-Jahre-Jelzins-Putsch-Das-Geburtsmal-das-Russland-bis.jpg\" \/>\n\t<meta property=\"og:image:width\" content=\"1684\" \/>\n\t<meta property=\"og:image:height\" content=\"1080\" \/>\n\t<meta property=\"og:image:type\" content=\"image\/jpeg\" \/>\n<meta name=\"author\" content=\"rtnews\" \/>\n<meta name=\"twitter:card\" content=\"summary_large_image\" \/>\n<meta name=\"twitter:creator\" content=\"@WirMachenAuf_de\" \/>\n<meta name=\"twitter:site\" content=\"@WirMachenAuf_de\" \/>\n<meta name=\"twitter:label1\" content=\"Verfasst von\" \/>\n\t<meta name=\"twitter:data1\" content=\"rtnews\" \/>\n\t<meta name=\"twitter:label2\" content=\"Gesch\u00e4tzte Lesezeit\" \/>\n\t<meta name=\"twitter:data2\" content=\"10\u00a0Minuten\" \/>\n<script type=\"application\/ld+json\" class=\"yoast-schema-graph\">{\"@context\":\"https:\/\/schema.org\",\"@graph\":[{\"@type\":\"Article\",\"@id\":\"https:\/\/now-news.de\/de\/deutschland\/30-jahre-jelzins-putsch-das-geburtsmal-das-russland-bis-heute-traegt\/#article\",\"isPartOf\":{\"@id\":\"https:\/\/now-news.de\/de\/deutschland\/30-jahre-jelzins-putsch-das-geburtsmal-das-russland-bis-heute-traegt\/\"},\"author\":{\"name\":\"rtnews\",\"@id\":\"https:\/\/now-news.de\/de\/#\/schema\/person\/fb534a4e865501d8b3285208df34a9b5\"},\"headline\":\"30 Jahre Jelzins Putsch &#8211; Das Geburtsmal, das Russland bis heute tr\u00e4gt\",\"datePublished\":\"2023-10-04T14:16:10+00:00\",\"dateModified\":\"2023-10-04T14:16:10+00:00\",\"mainEntityOfPage\":{\"@id\":\"https:\/\/now-news.de\/de\/deutschland\/30-jahre-jelzins-putsch-das-geburtsmal-das-russland-bis-heute-traegt\/\"},\"wordCount\":2067,\"commentCount\":0,\"publisher\":{\"@id\":\"https:\/\/now-news.de\/de\/#organization\"},\"image\":{\"@id\":\"https:\/\/now-news.de\/de\/deutschland\/30-jahre-jelzins-putsch-das-geburtsmal-das-russland-bis-heute-traegt\/#primaryimage\"},\"thumbnailUrl\":\"https:\/\/now-news.de\/de\/wp-content\/uploads\/sites\/3\/2023\/10\/30-Jahre-Jelzins-Putsch-Das-Geburtsmal-das-Russland-bis.jpg\",\"keywords\":[\"bis\",\"das\",\"Geburtsmal\",\"Heute\",\"Jahre\",\"Jelzins\",\"Putsch\",\"russland\",\"tr\u00e4gt\"],\"articleSection\":[\"Deutschland\",\"Russland\"],\"inLanguage\":\"de\",\"potentialAction\":[{\"@type\":\"CommentAction\",\"name\":\"Comment\",\"target\":[\"https:\/\/now-news.de\/de\/deutschland\/30-jahre-jelzins-putsch-das-geburtsmal-das-russland-bis-heute-traegt\/#respond\"]}]},{\"@type\":\"WebPage\",\"@id\":\"https:\/\/now-news.de\/de\/deutschland\/30-jahre-jelzins-putsch-das-geburtsmal-das-russland-bis-heute-traegt\/\",\"url\":\"https:\/\/now-news.de\/de\/deutschland\/30-jahre-jelzins-putsch-das-geburtsmal-das-russland-bis-heute-traegt\/\",\"name\":\"30 Jahre Jelzins Putsch - Das Geburtsmal, das Russland bis heute tr\u00e4gt - just-now.NEWS Deutschland\",\"isPartOf\":{\"@id\":\"https:\/\/now-news.de\/de\/#website\"},\"primaryImageOfPage\":{\"@id\":\"https:\/\/now-news.de\/de\/deutschland\/30-jahre-jelzins-putsch-das-geburtsmal-das-russland-bis-heute-traegt\/#primaryimage\"},\"image\":{\"@id\":\"https:\/\/now-news.de\/de\/deutschland\/30-jahre-jelzins-putsch-das-geburtsmal-das-russland-bis-heute-traegt\/#primaryimage\"},\"thumbnailUrl\":\"https:\/\/now-news.de\/de\/wp-content\/uploads\/sites\/3\/2023\/10\/30-Jahre-Jelzins-Putsch-Das-Geburtsmal-das-Russland-bis.jpg\",\"datePublished\":\"2023-10-04T14:16:10+00:00\",\"dateModified\":\"2023-10-04T14:16:10+00:00\",\"breadcrumb\":{\"@id\":\"https:\/\/now-news.de\/de\/deutschland\/30-jahre-jelzins-putsch-das-geburtsmal-das-russland-bis-heute-traegt\/#breadcrumb\"},\"inLanguage\":\"de\",\"potentialAction\":[{\"@type\":\"ReadAction\",\"target\":[\"https:\/\/now-news.de\/de\/deutschland\/30-jahre-jelzins-putsch-das-geburtsmal-das-russland-bis-heute-traegt\/\"]}]},{\"@type\":\"ImageObject\",\"inLanguage\":\"de\",\"@id\":\"https:\/\/now-news.de\/de\/deutschland\/30-jahre-jelzins-putsch-das-geburtsmal-das-russland-bis-heute-traegt\/#primaryimage\",\"url\":\"https:\/\/now-news.de\/de\/wp-content\/uploads\/sites\/3\/2023\/10\/30-Jahre-Jelzins-Putsch-Das-Geburtsmal-das-Russland-bis.jpg\",\"contentUrl\":\"https:\/\/now-news.de\/de\/wp-content\/uploads\/sites\/3\/2023\/10\/30-Jahre-Jelzins-Putsch-Das-Geburtsmal-das-Russland-bis.jpg\",\"width\":1684,\"height\":1080,\"caption\":\"30 Jahre Jelzins Putsch - Das Geburtsmal, das Russland bis heute tr\u00e4gt\"},{\"@type\":\"BreadcrumbList\",\"@id\":\"https:\/\/now-news.de\/de\/deutschland\/30-jahre-jelzins-putsch-das-geburtsmal-das-russland-bis-heute-traegt\/#breadcrumb\",\"itemListElement\":[{\"@type\":\"ListItem\",\"position\":1,\"name\":\"Home\",\"item\":\"https:\/\/now-news.de\/de\/\"},{\"@type\":\"ListItem\",\"position\":2,\"name\":\"30 Jahre Jelzins Putsch &#8211; Das Geburtsmal, das Russland bis heute tr\u00e4gt\"}]},{\"@type\":\"WebSite\",\"@id\":\"https:\/\/now-news.de\/de\/#website\",\"url\":\"https:\/\/now-news.de\/de\/\",\"name\":\"just-now.NEWS Deutschland\",\"description\":\"Das Portal f\u00fcr unzensierte Nachrichten aus der Welt\",\"publisher\":{\"@id\":\"https:\/\/now-news.de\/de\/#organization\"},\"potentialAction\":[{\"@type\":\"SearchAction\",\"target\":{\"@type\":\"EntryPoint\",\"urlTemplate\":\"https:\/\/now-news.de\/de\/?s={search_term_string}\"},\"query-input\":\"required name=search_term_string\"}],\"inLanguage\":\"de\"},{\"@type\":\"Organization\",\"@id\":\"https:\/\/now-news.de\/de\/#organization\",\"name\":\"Just Now News\",\"url\":\"https:\/\/now-news.de\/de\/\",\"logo\":{\"@type\":\"ImageObject\",\"inLanguage\":\"de\",\"@id\":\"https:\/\/now-news.de\/de\/#\/schema\/logo\/image\/\",\"url\":\"http:\/\/just-now.news\/de\/wp-content\/uploads\/sites\/3\/2022\/04\/logo500x500.jpg\",\"contentUrl\":\"http:\/\/just-now.news\/de\/wp-content\/uploads\/sites\/3\/2022\/04\/logo500x500.jpg\",\"width\":500,\"height\":500,\"caption\":\"Just Now News\"},\"image\":{\"@id\":\"https:\/\/now-news.de\/de\/#\/schema\/logo\/image\/\"},\"sameAs\":[\"https:\/\/www.facebook.com\/wirmachenauf\",\"https:\/\/x.com\/WirMachenAuf_de\"]},{\"@type\":\"Person\",\"@id\":\"https:\/\/now-news.de\/de\/#\/schema\/person\/fb534a4e865501d8b3285208df34a9b5\",\"name\":\"rtnews\",\"image\":{\"@type\":\"ImageObject\",\"inLanguage\":\"de\",\"@id\":\"https:\/\/now-news.de\/de\/#\/schema\/person\/image\/\",\"url\":\"https:\/\/secure.gravatar.com\/avatar\/82aafea7d8127119dd649515f56e2117?s=96&d=mm&r=g\",\"contentUrl\":\"https:\/\/secure.gravatar.com\/avatar\/82aafea7d8127119dd649515f56e2117?s=96&d=mm&r=g\",\"caption\":\"rtnews\"},\"url\":\"https:\/\/now-news.de\/de\/author\/rnews\/\"}]}<\/script>\n<!-- \/ Yoast SEO Premium plugin. -->","yoast_head_json":{"title":"30 Jahre Jelzins Putsch - Das Geburtsmal, das Russland bis heute tr\u00e4gt - just-now.NEWS Deutschland","robots":{"index":"index","follow":"follow","max-snippet":"max-snippet:-1","max-image-preview":"max-image-preview:large","max-video-preview":"max-video-preview:-1"},"canonical":"https:\/\/now-news.de\/de\/deutschland\/30-jahre-jelzins-putsch-das-geburtsmal-das-russland-bis-heute-traegt\/","og_locale":"de_DE","og_type":"article","og_title":"30 Jahre Jelzins Putsch - Das Geburtsmal, das Russland bis heute tr\u00e4gt","og_description":"Mit dem Niederschie\u00dfen des frei gew\u00e4hlten Obersten Sowjets am 4. Oktober 1993 sicherte des Westens Liebling Boris Jelzin seine Macht und peitschte die f\u00fcr das Land katastrophale Privatisierung von Staatsbetrieben durch. Das tief sitzende Trauma, das jener Tag hinterlie\u00df, hat die russische Gesellschaft bis heute nicht bew\u00e4ltigt. Von Alexej Danckwardt Am Mittwoch j\u00e4hrte sich ein [&hellip;]","og_url":"https:\/\/now-news.de\/de\/deutschland\/30-jahre-jelzins-putsch-das-geburtsmal-das-russland-bis-heute-traegt\/","og_site_name":"just-now.NEWS Deutschland","article_publisher":"https:\/\/www.facebook.com\/wirmachenauf","article_published_time":"2023-10-04T14:16:10+00:00","og_image":[{"width":1684,"height":1080,"url":"https:\/\/now-news.de\/de\/wp-content\/uploads\/sites\/3\/2023\/10\/30-Jahre-Jelzins-Putsch-Das-Geburtsmal-das-Russland-bis.jpg","type":"image\/jpeg"}],"author":"rtnews","twitter_card":"summary_large_image","twitter_creator":"@WirMachenAuf_de","twitter_site":"@WirMachenAuf_de","twitter_misc":{"Verfasst von":"rtnews","Gesch\u00e4tzte Lesezeit":"10\u00a0Minuten"},"schema":{"@context":"https:\/\/schema.org","@graph":[{"@type":"Article","@id":"https:\/\/now-news.de\/de\/deutschland\/30-jahre-jelzins-putsch-das-geburtsmal-das-russland-bis-heute-traegt\/#article","isPartOf":{"@id":"https:\/\/now-news.de\/de\/deutschland\/30-jahre-jelzins-putsch-das-geburtsmal-das-russland-bis-heute-traegt\/"},"author":{"name":"rtnews","@id":"https:\/\/now-news.de\/de\/#\/schema\/person\/fb534a4e865501d8b3285208df34a9b5"},"headline":"30 Jahre Jelzins Putsch &#8211; Das Geburtsmal, das Russland bis heute tr\u00e4gt","datePublished":"2023-10-04T14:16:10+00:00","dateModified":"2023-10-04T14:16:10+00:00","mainEntityOfPage":{"@id":"https:\/\/now-news.de\/de\/deutschland\/30-jahre-jelzins-putsch-das-geburtsmal-das-russland-bis-heute-traegt\/"},"wordCount":2067,"commentCount":0,"publisher":{"@id":"https:\/\/now-news.de\/de\/#organization"},"image":{"@id":"https:\/\/now-news.de\/de\/deutschland\/30-jahre-jelzins-putsch-das-geburtsmal-das-russland-bis-heute-traegt\/#primaryimage"},"thumbnailUrl":"https:\/\/now-news.de\/de\/wp-content\/uploads\/sites\/3\/2023\/10\/30-Jahre-Jelzins-Putsch-Das-Geburtsmal-das-Russland-bis.jpg","keywords":["bis","das","Geburtsmal","Heute","Jahre","Jelzins","Putsch","russland","tr\u00e4gt"],"articleSection":["Deutschland","Russland"],"inLanguage":"de","potentialAction":[{"@type":"CommentAction","name":"Comment","target":["https:\/\/now-news.de\/de\/deutschland\/30-jahre-jelzins-putsch-das-geburtsmal-das-russland-bis-heute-traegt\/#respond"]}]},{"@type":"WebPage","@id":"https:\/\/now-news.de\/de\/deutschland\/30-jahre-jelzins-putsch-das-geburtsmal-das-russland-bis-heute-traegt\/","url":"https:\/\/now-news.de\/de\/deutschland\/30-jahre-jelzins-putsch-das-geburtsmal-das-russland-bis-heute-traegt\/","name":"30 Jahre Jelzins Putsch - Das Geburtsmal, das Russland bis heute tr\u00e4gt - just-now.NEWS Deutschland","isPartOf":{"@id":"https:\/\/now-news.de\/de\/#website"},"primaryImageOfPage":{"@id":"https:\/\/now-news.de\/de\/deutschland\/30-jahre-jelzins-putsch-das-geburtsmal-das-russland-bis-heute-traegt\/#primaryimage"},"image":{"@id":"https:\/\/now-news.de\/de\/deutschland\/30-jahre-jelzins-putsch-das-geburtsmal-das-russland-bis-heute-traegt\/#primaryimage"},"thumbnailUrl":"https:\/\/now-news.de\/de\/wp-content\/uploads\/sites\/3\/2023\/10\/30-Jahre-Jelzins-Putsch-Das-Geburtsmal-das-Russland-bis.jpg","datePublished":"2023-10-04T14:16:10+00:00","dateModified":"2023-10-04T14:16:10+00:00","breadcrumb":{"@id":"https:\/\/now-news.de\/de\/deutschland\/30-jahre-jelzins-putsch-das-geburtsmal-das-russland-bis-heute-traegt\/#breadcrumb"},"inLanguage":"de","potentialAction":[{"@type":"ReadAction","target":["https:\/\/now-news.de\/de\/deutschland\/30-jahre-jelzins-putsch-das-geburtsmal-das-russland-bis-heute-traegt\/"]}]},{"@type":"ImageObject","inLanguage":"de","@id":"https:\/\/now-news.de\/de\/deutschland\/30-jahre-jelzins-putsch-das-geburtsmal-das-russland-bis-heute-traegt\/#primaryimage","url":"https:\/\/now-news.de\/de\/wp-content\/uploads\/sites\/3\/2023\/10\/30-Jahre-Jelzins-Putsch-Das-Geburtsmal-das-Russland-bis.jpg","contentUrl":"https:\/\/now-news.de\/de\/wp-content\/uploads\/sites\/3\/2023\/10\/30-Jahre-Jelzins-Putsch-Das-Geburtsmal-das-Russland-bis.jpg","width":1684,"height":1080,"caption":"30 Jahre Jelzins Putsch - Das Geburtsmal, das Russland bis heute tr\u00e4gt"},{"@type":"BreadcrumbList","@id":"https:\/\/now-news.de\/de\/deutschland\/30-jahre-jelzins-putsch-das-geburtsmal-das-russland-bis-heute-traegt\/#breadcrumb","itemListElement":[{"@type":"ListItem","position":1,"name":"Home","item":"https:\/\/now-news.de\/de\/"},{"@type":"ListItem","position":2,"name":"30 Jahre Jelzins Putsch &#8211; Das Geburtsmal, das Russland bis heute tr\u00e4gt"}]},{"@type":"WebSite","@id":"https:\/\/now-news.de\/de\/#website","url":"https:\/\/now-news.de\/de\/","name":"just-now.NEWS Deutschland","description":"Das Portal f\u00fcr unzensierte Nachrichten aus der Welt","publisher":{"@id":"https:\/\/now-news.de\/de\/#organization"},"potentialAction":[{"@type":"SearchAction","target":{"@type":"EntryPoint","urlTemplate":"https:\/\/now-news.de\/de\/?s={search_term_string}"},"query-input":"required name=search_term_string"}],"inLanguage":"de"},{"@type":"Organization","@id":"https:\/\/now-news.de\/de\/#organization","name":"Just Now News","url":"https:\/\/now-news.de\/de\/","logo":{"@type":"ImageObject","inLanguage":"de","@id":"https:\/\/now-news.de\/de\/#\/schema\/logo\/image\/","url":"http:\/\/just-now.news\/de\/wp-content\/uploads\/sites\/3\/2022\/04\/logo500x500.jpg","contentUrl":"http:\/\/just-now.news\/de\/wp-content\/uploads\/sites\/3\/2022\/04\/logo500x500.jpg","width":500,"height":500,"caption":"Just Now News"},"image":{"@id":"https:\/\/now-news.de\/de\/#\/schema\/logo\/image\/"},"sameAs":["https:\/\/www.facebook.com\/wirmachenauf","https:\/\/x.com\/WirMachenAuf_de"]},{"@type":"Person","@id":"https:\/\/now-news.de\/de\/#\/schema\/person\/fb534a4e865501d8b3285208df34a9b5","name":"rtnews","image":{"@type":"ImageObject","inLanguage":"de","@id":"https:\/\/now-news.de\/de\/#\/schema\/person\/image\/","url":"https:\/\/secure.gravatar.com\/avatar\/82aafea7d8127119dd649515f56e2117?s=96&d=mm&r=g","contentUrl":"https:\/\/secure.gravatar.com\/avatar\/82aafea7d8127119dd649515f56e2117?s=96&d=mm&r=g","caption":"rtnews"},"url":"https:\/\/now-news.de\/de\/author\/rnews\/"}]}},"_links":{"self":[{"href":"https:\/\/now-news.de\/de\/wp-json\/wp\/v2\/posts\/47463"}],"collection":[{"href":"https:\/\/now-news.de\/de\/wp-json\/wp\/v2\/posts"}],"about":[{"href":"https:\/\/now-news.de\/de\/wp-json\/wp\/v2\/types\/post"}],"author":[{"embeddable":true,"href":"https:\/\/now-news.de\/de\/wp-json\/wp\/v2\/users\/3"}],"replies":[{"embeddable":true,"href":"https:\/\/now-news.de\/de\/wp-json\/wp\/v2\/comments?post=47463"}],"version-history":[{"count":0,"href":"https:\/\/now-news.de\/de\/wp-json\/wp\/v2\/posts\/47463\/revisions"}],"wp:featuredmedia":[{"embeddable":true,"href":"https:\/\/now-news.de\/de\/wp-json\/wp\/v2\/media\/47464"}],"wp:attachment":[{"href":"https:\/\/now-news.de\/de\/wp-json\/wp\/v2\/media?parent=47463"}],"wp:term":[{"taxonomy":"category","embeddable":true,"href":"https:\/\/now-news.de\/de\/wp-json\/wp\/v2\/categories?post=47463"},{"taxonomy":"post_tag","embeddable":true,"href":"https:\/\/now-news.de\/de\/wp-json\/wp\/v2\/tags?post=47463"}],"curies":[{"name":"wp","href":"https:\/\/api.w.org\/{rel}","templated":true}]}}