{"id":47431,"date":"2023-10-04T08:32:25","date_gmt":"2023-10-04T06:32:25","guid":{"rendered":"https:\/\/just-now.news\/de\/deutschland\/21-tote-bei-busunglueck-in-venedig\/"},"modified":"2023-10-04T08:32:25","modified_gmt":"2023-10-04T06:32:25","slug":"21-tote-bei-busunglueck-in-venedig","status":"publish","type":"post","link":"https:\/\/now-news.de\/de\/deutschland\/21-tote-bei-busunglueck-in-venedig\/","title":{"rendered":"21 Tote bei Busungl\u00fcck in Venedig"},"content":{"rendered":"<p><img decoding=\"async\" src=\"http:\/\/just-now.news\/de\/wp-content\/uploads\/sites\/3\/2023\/10\/651cfefe48fbef375b3c98cd.jpg\" \/><\/p>\n<div class=\"Text-root Text-type_1 \">\n                Bei einem Busungl\u00fcck in Venedig sind nach offiziellen Angaben mindestens 21 Menschen ums Leben gekommen. Dabei st\u00fcrzte ein Bus von einer Br\u00fccke und fing danach Feuer. Der B\u00fcrgermeister der Stadt sprach von einer &#8220;apokalyptischen Szene&#8221;.\n            <\/div>\n<p><\/p>\n<div class=\"Text-root Text-type_5 ArticleView-text ViewText-root \">\n<p>In der norditalienischen Stadt Venedig sind bei einem Busungl\u00fcck am Dienstag mindestens 21 Menschen ums Leben gekommen.\u00a0Dabei st\u00fcrzte ein Bus mit zahlreichen Menschen an Bord von einer Br\u00fccke. Das offenbar elektrisch angetriebene Fahrzeug fiel im Stadtbezirk Mestre \u00fcber zehn Meter in die Tiefe auf eine Bahnstrecke und ging\u00a0anschlie\u00dfend in Flammen auf. Neben den mindestens 21 Todesopfern soll es auch etwa 40\u00a0Verletzte geben.<\/p>\n<p>Die Bahnverbindung zwischen Mestre und Venedig wurde unterbrochen. \u00dcber 100 Einsatzkr\u00e4fte waren im Einsatz, in der Stadt wurde ein Katastrophenplan aktiviert. Unter den Toten sollen sich nach Beh\u00f6rdenangaben mindestens ein Deutscher,\u00a0drei Ukrainer, ein Kroate und ein Franzose befinden. Auch der Fahrer sei ums Leben gekommen.<\/p>\n<div class=\"EmbedBlock-root EmbedBlock-twitter\">\n<div class=\"TwitterEmbed\">\n<blockquote class=\"twitter-tweet lazyload\" data-twitter=\"twitter-tweet\">\n<p lang=\"it\" dir=\"ltr\"><a rel=\"nofollow noopener\" target=\"_blank\" href=\"https:\/\/twitter.com\/hashtag\/Pullman?src=hash&amp;ref_src=twsrc%5Etfw\">#Pullman<\/a> precipitato a <a rel=\"nofollow noopener\" target=\"_blank\" href=\"https:\/\/twitter.com\/hashtag\/Mestre?src=hash&amp;ref_src=twsrc%5Etfw\">#Mestre<\/a>, le parole del Comandante dei Vigili del Fuoco di <a rel=\"nofollow noopener\" target=\"_blank\" href=\"https:\/\/twitter.com\/hashtag\/Venezia?src=hash&amp;ref_src=twsrc%5Etfw\">#Venezia<\/a> Mauro Luongo: \u201cL\u2019estrazione delle persone \u00e8 stata complicata. Le batterie del pullman elettrico hanno preso fuoco con l&#8217;impatto&#8221; <a rel=\"nofollow noopener\" target=\"_blank\" href=\"https:\/\/t.co\/0DarzsoUFe\">pic.twitter.com\/0DarzsoUFe<\/a><\/p>\n<p>\u2014 Local Team (@localteamit) <a rel=\"nofollow noopener\" target=\"_blank\" href=\"https:\/\/twitter.com\/localteamit\/status\/1709346551473000900?ref_src=twsrc%5Etfw\">October 3, 2023<\/a><\/p><\/blockquote>\n<\/div>\n<\/div>\n<p>Die genauen Umst\u00e4nde des Ungl\u00fccks sind noch unklar. Italienische Medien spekulieren, dass der Fahrer\u00a0wegen eines &#8220;Krankheitsfalls&#8221; die Kontrolle \u00fcber das Fahrzeug verloren haben k\u00f6nnte.<em>\u00a0<\/em>Bei dem Ungl\u00fccksfahrzeug soll es sich um den\u00a0Shuttlebus eines Campingplatzes im Festlandstadtteil Marghera handeln, der auf dem R\u00fcckweg aus Venedig war.<\/p>\n<div class=\"EmbedBlock-root EmbedBlock-twitter\">\n<div class=\"TwitterEmbed\">\n<blockquote class=\"twitter-tweet lazyload\" data-twitter=\"twitter-tweet\">\n<p lang=\"it\" dir=\"ltr\">Un\u2019immane tragedia ha colpito questa sera la nostra comunit\u00e0. Ho disposto da subito il lutto cittadino, in memoria delle numerose vittime che erano nell\u2019autobus caduto. Una scena apocalittica, non ci sono parole. <a rel=\"nofollow noopener\" target=\"_blank\" href=\"https:\/\/t.co\/APnsQoPMkL\">pic.twitter.com\/APnsQoPMkL<\/a><\/p>\n<p>\u2014 Luigi Brugnaro (@LuigiBrugnaro) <a rel=\"nofollow noopener\" target=\"_blank\" href=\"https:\/\/twitter.com\/LuigiBrugnaro\/status\/1709292210527568366?ref_src=twsrc%5Etfw\">October 3, 2023<\/a><\/p><\/blockquote>\n<\/div>\n<\/div>\n<p>Luigi Brugnaro, B\u00fcrgermeister von Venedig, sprach von einer &#8220;schrecklichen Trag\u00f6die&#8221;, die seine Stadt am Abend\u00a0ersch\u00fcttert habe. Auf Twitter\/X schrieb Brugnaro: &#8220;Eine apokalyptische Szene, es gibt keine Worte.&#8221;<\/p>\n<p><strong>Mehr zum Thema<\/strong> &#8211; <a rel=\"nofollow noopener\" target=\"_blank\" href=\"https:\/\/freedert.online\/europa\/121297-fahrer-am-steuer-eingeschlafen-tote\/\">Fahrer am Steuer eingeschlafen: Tote und Verletzte bei schwerem Busungl\u00fcck auf Kroatiens Autobahn<\/a><\/p>\n<\/div>\n<p><script async src=\"https:\/\/platform.twitter.com\/widgets.js\" charset=\"utf-8\"><\/script><br \/>\n<br \/><br \/>\n<br \/><a href=\"https:\/\/de.rt.com\/europa\/182586-21-tote-bei-busunglueck-in\/\">Source link <\/a><\/p>\n","protected":false},"excerpt":{"rendered":"<p>Bei einem Busungl\u00fcck in Venedig sind nach offiziellen Angaben mindestens 21 Menschen ums Leben gekommen. Dabei st\u00fcrzte ein Bus von einer Br\u00fccke und fing danach Feuer. Der B\u00fcrgermeister der Stadt sprach von einer &#8220;apokalyptischen Szene&#8221;. In der norditalienischen Stadt Venedig sind bei einem Busungl\u00fcck am Dienstag mindestens 21 Menschen ums Leben gekommen.\u00a0Dabei st\u00fcrzte ein Bus [&hellip;]<\/p>\n","protected":false},"author":3,"featured_media":47432,"comment_status":"open","ping_status":"open","sticky":false,"template":"","format":"standard","meta":{"_yoast_indexnow_last_ping":["1696401759"],"wp_automatic_camp":["217"],"dd99cd5caaec2bcf2946c85a0b042e8a":["21 Tote bei Busungl\u00fcck in Venedig"],"original_link":["https:\/\/de.rt.com\/europa\/182586-21-tote-bei-busunglueck-in\/"],"_thumbnail_id":["47432"],"_wptgpro_p2tg_sent2tg":["a:1:{i:23737;s:19:\"2023-10-04 08:44:05\";}"],"jnews_social_counter_last_update":["1777409894"]},"categories":[19,23],"tags":[363,49464,3233,41081],"yoast_head":"<!-- This site is optimized with the Yoast SEO Premium plugin v22.7 (Yoast SEO v22.7) - https:\/\/yoast.com\/wordpress\/plugins\/seo\/ -->\n<title>21 Tote bei Busungl\u00fcck in Venedig - just-now.NEWS Deutschland<\/title>\n<meta name=\"robots\" content=\"index, follow, max-snippet:-1, max-image-preview:large, max-video-preview:-1\" \/>\n<link rel=\"canonical\" href=\"https:\/\/now-news.de\/de\/deutschland\/21-tote-bei-busunglueck-in-venedig\/\" \/>\n<meta property=\"og:locale\" content=\"de_DE\" \/>\n<meta property=\"og:type\" content=\"article\" \/>\n<meta property=\"og:title\" content=\"21 Tote bei Busungl\u00fcck in Venedig\" \/>\n<meta property=\"og:description\" content=\"Bei einem Busungl\u00fcck in Venedig sind nach offiziellen Angaben mindestens 21 Menschen ums Leben gekommen. Dabei st\u00fcrzte ein Bus von einer Br\u00fccke und fing danach Feuer. Der B\u00fcrgermeister der Stadt sprach von einer &#8220;apokalyptischen Szene&#8221;. In der norditalienischen Stadt Venedig sind bei einem Busungl\u00fcck am Dienstag mindestens 21 Menschen ums Leben gekommen.\u00a0Dabei st\u00fcrzte ein Bus [&hellip;]\" \/>\n<meta property=\"og:url\" content=\"https:\/\/now-news.de\/de\/deutschland\/21-tote-bei-busunglueck-in-venedig\/\" \/>\n<meta property=\"og:site_name\" content=\"just-now.NEWS Deutschland\" \/>\n<meta property=\"article:publisher\" content=\"https:\/\/www.facebook.com\/wirmachenauf\" \/>\n<meta property=\"article:published_time\" content=\"2023-10-04T06:32:25+00:00\" \/>\n<meta property=\"og:image\" content=\"https:\/\/now-news.de\/de\/wp-content\/uploads\/sites\/3\/2023\/10\/21-Tote-bei-Busunglueck-in-Venedig.jpg\" \/>\n\t<meta property=\"og:image:width\" content=\"460\" \/>\n\t<meta property=\"og:image:height\" content=\"259\" \/>\n\t<meta property=\"og:image:type\" content=\"image\/jpeg\" \/>\n<meta name=\"author\" content=\"rtnews\" \/>\n<meta name=\"twitter:card\" content=\"summary_large_image\" \/>\n<meta name=\"twitter:creator\" content=\"@WirMachenAuf_de\" \/>\n<meta name=\"twitter:site\" content=\"@WirMachenAuf_de\" \/>\n<meta name=\"twitter:label1\" content=\"Verfasst von\" \/>\n\t<meta name=\"twitter:data1\" content=\"rtnews\" \/>\n\t<meta name=\"twitter:label2\" content=\"Gesch\u00e4tzte Lesezeit\" \/>\n\t<meta name=\"twitter:data2\" content=\"2\u00a0Minuten\" \/>\n<script type=\"application\/ld+json\" class=\"yoast-schema-graph\">{\"@context\":\"https:\/\/schema.org\",\"@graph\":[{\"@type\":\"Article\",\"@id\":\"https:\/\/now-news.de\/de\/deutschland\/21-tote-bei-busunglueck-in-venedig\/#article\",\"isPartOf\":{\"@id\":\"https:\/\/now-news.de\/de\/deutschland\/21-tote-bei-busunglueck-in-venedig\/\"},\"author\":{\"name\":\"rtnews\",\"@id\":\"https:\/\/now-news.de\/de\/#\/schema\/person\/fb534a4e865501d8b3285208df34a9b5\"},\"headline\":\"21 Tote bei Busungl\u00fcck in Venedig\",\"datePublished\":\"2023-10-04T06:32:25+00:00\",\"dateModified\":\"2023-10-04T06:32:25+00:00\",\"mainEntityOfPage\":{\"@id\":\"https:\/\/now-news.de\/de\/deutschland\/21-tote-bei-busunglueck-in-venedig\/\"},\"wordCount\":345,\"commentCount\":0,\"publisher\":{\"@id\":\"https:\/\/now-news.de\/de\/#organization\"},\"image\":{\"@id\":\"https:\/\/now-news.de\/de\/deutschland\/21-tote-bei-busunglueck-in-venedig\/#primaryimage\"},\"thumbnailUrl\":\"https:\/\/now-news.de\/de\/wp-content\/uploads\/sites\/3\/2023\/10\/21-Tote-bei-Busunglueck-in-Venedig.jpg\",\"keywords\":[\"bei\",\"Busungl\u00fcck\",\"Tote\",\"Venedig\"],\"articleSection\":[\"Deutschland\",\"Russland\"],\"inLanguage\":\"de\",\"potentialAction\":[{\"@type\":\"CommentAction\",\"name\":\"Comment\",\"target\":[\"https:\/\/now-news.de\/de\/deutschland\/21-tote-bei-busunglueck-in-venedig\/#respond\"]}]},{\"@type\":\"WebPage\",\"@id\":\"https:\/\/now-news.de\/de\/deutschland\/21-tote-bei-busunglueck-in-venedig\/\",\"url\":\"https:\/\/now-news.de\/de\/deutschland\/21-tote-bei-busunglueck-in-venedig\/\",\"name\":\"21 Tote bei Busungl\u00fcck in Venedig - just-now.NEWS Deutschland\",\"isPartOf\":{\"@id\":\"https:\/\/now-news.de\/de\/#website\"},\"primaryImageOfPage\":{\"@id\":\"https:\/\/now-news.de\/de\/deutschland\/21-tote-bei-busunglueck-in-venedig\/#primaryimage\"},\"image\":{\"@id\":\"https:\/\/now-news.de\/de\/deutschland\/21-tote-bei-busunglueck-in-venedig\/#primaryimage\"},\"thumbnailUrl\":\"https:\/\/now-news.de\/de\/wp-content\/uploads\/sites\/3\/2023\/10\/21-Tote-bei-Busunglueck-in-Venedig.jpg\",\"datePublished\":\"2023-10-04T06:32:25+00:00\",\"dateModified\":\"2023-10-04T06:32:25+00:00\",\"breadcrumb\":{\"@id\":\"https:\/\/now-news.de\/de\/deutschland\/21-tote-bei-busunglueck-in-venedig\/#breadcrumb\"},\"inLanguage\":\"de\",\"potentialAction\":[{\"@type\":\"ReadAction\",\"target\":[\"https:\/\/now-news.de\/de\/deutschland\/21-tote-bei-busunglueck-in-venedig\/\"]}]},{\"@type\":\"ImageObject\",\"inLanguage\":\"de\",\"@id\":\"https:\/\/now-news.de\/de\/deutschland\/21-tote-bei-busunglueck-in-venedig\/#primaryimage\",\"url\":\"https:\/\/now-news.de\/de\/wp-content\/uploads\/sites\/3\/2023\/10\/21-Tote-bei-Busunglueck-in-Venedig.jpg\",\"contentUrl\":\"https:\/\/now-news.de\/de\/wp-content\/uploads\/sites\/3\/2023\/10\/21-Tote-bei-Busunglueck-in-Venedig.jpg\",\"width\":460,\"height\":259,\"caption\":\"21 Tote bei Busungl\u00fcck in Venedig\"},{\"@type\":\"BreadcrumbList\",\"@id\":\"https:\/\/now-news.de\/de\/deutschland\/21-tote-bei-busunglueck-in-venedig\/#breadcrumb\",\"itemListElement\":[{\"@type\":\"ListItem\",\"position\":1,\"name\":\"Home\",\"item\":\"https:\/\/now-news.de\/de\/\"},{\"@type\":\"ListItem\",\"position\":2,\"name\":\"21 Tote bei Busungl\u00fcck in Venedig\"}]},{\"@type\":\"WebSite\",\"@id\":\"https:\/\/now-news.de\/de\/#website\",\"url\":\"https:\/\/now-news.de\/de\/\",\"name\":\"just-now.NEWS Deutschland\",\"description\":\"Das Portal f\u00fcr unzensierte Nachrichten aus der Welt\",\"publisher\":{\"@id\":\"https:\/\/now-news.de\/de\/#organization\"},\"potentialAction\":[{\"@type\":\"SearchAction\",\"target\":{\"@type\":\"EntryPoint\",\"urlTemplate\":\"https:\/\/now-news.de\/de\/?s={search_term_string}\"},\"query-input\":\"required name=search_term_string\"}],\"inLanguage\":\"de\"},{\"@type\":\"Organization\",\"@id\":\"https:\/\/now-news.de\/de\/#organization\",\"name\":\"Just Now News\",\"url\":\"https:\/\/now-news.de\/de\/\",\"logo\":{\"@type\":\"ImageObject\",\"inLanguage\":\"de\",\"@id\":\"https:\/\/now-news.de\/de\/#\/schema\/logo\/image\/\",\"url\":\"http:\/\/just-now.news\/de\/wp-content\/uploads\/sites\/3\/2022\/04\/logo500x500.jpg\",\"contentUrl\":\"http:\/\/just-now.news\/de\/wp-content\/uploads\/sites\/3\/2022\/04\/logo500x500.jpg\",\"width\":500,\"height\":500,\"caption\":\"Just Now News\"},\"image\":{\"@id\":\"https:\/\/now-news.de\/de\/#\/schema\/logo\/image\/\"},\"sameAs\":[\"https:\/\/www.facebook.com\/wirmachenauf\",\"https:\/\/x.com\/WirMachenAuf_de\"]},{\"@type\":\"Person\",\"@id\":\"https:\/\/now-news.de\/de\/#\/schema\/person\/fb534a4e865501d8b3285208df34a9b5\",\"name\":\"rtnews\",\"image\":{\"@type\":\"ImageObject\",\"inLanguage\":\"de\",\"@id\":\"https:\/\/now-news.de\/de\/#\/schema\/person\/image\/\",\"url\":\"https:\/\/secure.gravatar.com\/avatar\/82aafea7d8127119dd649515f56e2117?s=96&d=mm&r=g\",\"contentUrl\":\"https:\/\/secure.gravatar.com\/avatar\/82aafea7d8127119dd649515f56e2117?s=96&d=mm&r=g\",\"caption\":\"rtnews\"},\"url\":\"https:\/\/now-news.de\/de\/author\/rnews\/\"}]}<\/script>\n<!-- \/ Yoast SEO Premium plugin. -->","yoast_head_json":{"title":"21 Tote bei Busungl\u00fcck in Venedig - just-now.NEWS Deutschland","robots":{"index":"index","follow":"follow","max-snippet":"max-snippet:-1","max-image-preview":"max-image-preview:large","max-video-preview":"max-video-preview:-1"},"canonical":"https:\/\/now-news.de\/de\/deutschland\/21-tote-bei-busunglueck-in-venedig\/","og_locale":"de_DE","og_type":"article","og_title":"21 Tote bei Busungl\u00fcck in Venedig","og_description":"Bei einem Busungl\u00fcck in Venedig sind nach offiziellen Angaben mindestens 21 Menschen ums Leben gekommen. Dabei st\u00fcrzte ein Bus von einer Br\u00fccke und fing danach Feuer. Der B\u00fcrgermeister der Stadt sprach von einer &#8220;apokalyptischen Szene&#8221;. In der norditalienischen Stadt Venedig sind bei einem Busungl\u00fcck am Dienstag mindestens 21 Menschen ums Leben gekommen.\u00a0Dabei st\u00fcrzte ein Bus [&hellip;]","og_url":"https:\/\/now-news.de\/de\/deutschland\/21-tote-bei-busunglueck-in-venedig\/","og_site_name":"just-now.NEWS Deutschland","article_publisher":"https:\/\/www.facebook.com\/wirmachenauf","article_published_time":"2023-10-04T06:32:25+00:00","og_image":[{"width":460,"height":259,"url":"https:\/\/now-news.de\/de\/wp-content\/uploads\/sites\/3\/2023\/10\/21-Tote-bei-Busunglueck-in-Venedig.jpg","type":"image\/jpeg"}],"author":"rtnews","twitter_card":"summary_large_image","twitter_creator":"@WirMachenAuf_de","twitter_site":"@WirMachenAuf_de","twitter_misc":{"Verfasst von":"rtnews","Gesch\u00e4tzte Lesezeit":"2\u00a0Minuten"},"schema":{"@context":"https:\/\/schema.org","@graph":[{"@type":"Article","@id":"https:\/\/now-news.de\/de\/deutschland\/21-tote-bei-busunglueck-in-venedig\/#article","isPartOf":{"@id":"https:\/\/now-news.de\/de\/deutschland\/21-tote-bei-busunglueck-in-venedig\/"},"author":{"name":"rtnews","@id":"https:\/\/now-news.de\/de\/#\/schema\/person\/fb534a4e865501d8b3285208df34a9b5"},"headline":"21 Tote bei Busungl\u00fcck in Venedig","datePublished":"2023-10-04T06:32:25+00:00","dateModified":"2023-10-04T06:32:25+00:00","mainEntityOfPage":{"@id":"https:\/\/now-news.de\/de\/deutschland\/21-tote-bei-busunglueck-in-venedig\/"},"wordCount":345,"commentCount":0,"publisher":{"@id":"https:\/\/now-news.de\/de\/#organization"},"image":{"@id":"https:\/\/now-news.de\/de\/deutschland\/21-tote-bei-busunglueck-in-venedig\/#primaryimage"},"thumbnailUrl":"https:\/\/now-news.de\/de\/wp-content\/uploads\/sites\/3\/2023\/10\/21-Tote-bei-Busunglueck-in-Venedig.jpg","keywords":["bei","Busungl\u00fcck","Tote","Venedig"],"articleSection":["Deutschland","Russland"],"inLanguage":"de","potentialAction":[{"@type":"CommentAction","name":"Comment","target":["https:\/\/now-news.de\/de\/deutschland\/21-tote-bei-busunglueck-in-venedig\/#respond"]}]},{"@type":"WebPage","@id":"https:\/\/now-news.de\/de\/deutschland\/21-tote-bei-busunglueck-in-venedig\/","url":"https:\/\/now-news.de\/de\/deutschland\/21-tote-bei-busunglueck-in-venedig\/","name":"21 Tote bei Busungl\u00fcck in Venedig - just-now.NEWS Deutschland","isPartOf":{"@id":"https:\/\/now-news.de\/de\/#website"},"primaryImageOfPage":{"@id":"https:\/\/now-news.de\/de\/deutschland\/21-tote-bei-busunglueck-in-venedig\/#primaryimage"},"image":{"@id":"https:\/\/now-news.de\/de\/deutschland\/21-tote-bei-busunglueck-in-venedig\/#primaryimage"},"thumbnailUrl":"https:\/\/now-news.de\/de\/wp-content\/uploads\/sites\/3\/2023\/10\/21-Tote-bei-Busunglueck-in-Venedig.jpg","datePublished":"2023-10-04T06:32:25+00:00","dateModified":"2023-10-04T06:32:25+00:00","breadcrumb":{"@id":"https:\/\/now-news.de\/de\/deutschland\/21-tote-bei-busunglueck-in-venedig\/#breadcrumb"},"inLanguage":"de","potentialAction":[{"@type":"ReadAction","target":["https:\/\/now-news.de\/de\/deutschland\/21-tote-bei-busunglueck-in-venedig\/"]}]},{"@type":"ImageObject","inLanguage":"de","@id":"https:\/\/now-news.de\/de\/deutschland\/21-tote-bei-busunglueck-in-venedig\/#primaryimage","url":"https:\/\/now-news.de\/de\/wp-content\/uploads\/sites\/3\/2023\/10\/21-Tote-bei-Busunglueck-in-Venedig.jpg","contentUrl":"https:\/\/now-news.de\/de\/wp-content\/uploads\/sites\/3\/2023\/10\/21-Tote-bei-Busunglueck-in-Venedig.jpg","width":460,"height":259,"caption":"21 Tote bei Busungl\u00fcck in Venedig"},{"@type":"BreadcrumbList","@id":"https:\/\/now-news.de\/de\/deutschland\/21-tote-bei-busunglueck-in-venedig\/#breadcrumb","itemListElement":[{"@type":"ListItem","position":1,"name":"Home","item":"https:\/\/now-news.de\/de\/"},{"@type":"ListItem","position":2,"name":"21 Tote bei Busungl\u00fcck in Venedig"}]},{"@type":"WebSite","@id":"https:\/\/now-news.de\/de\/#website","url":"https:\/\/now-news.de\/de\/","name":"just-now.NEWS Deutschland","description":"Das Portal f\u00fcr unzensierte Nachrichten aus der Welt","publisher":{"@id":"https:\/\/now-news.de\/de\/#organization"},"potentialAction":[{"@type":"SearchAction","target":{"@type":"EntryPoint","urlTemplate":"https:\/\/now-news.de\/de\/?s={search_term_string}"},"query-input":"required name=search_term_string"}],"inLanguage":"de"},{"@type":"Organization","@id":"https:\/\/now-news.de\/de\/#organization","name":"Just Now News","url":"https:\/\/now-news.de\/de\/","logo":{"@type":"ImageObject","inLanguage":"de","@id":"https:\/\/now-news.de\/de\/#\/schema\/logo\/image\/","url":"http:\/\/just-now.news\/de\/wp-content\/uploads\/sites\/3\/2022\/04\/logo500x500.jpg","contentUrl":"http:\/\/just-now.news\/de\/wp-content\/uploads\/sites\/3\/2022\/04\/logo500x500.jpg","width":500,"height":500,"caption":"Just Now News"},"image":{"@id":"https:\/\/now-news.de\/de\/#\/schema\/logo\/image\/"},"sameAs":["https:\/\/www.facebook.com\/wirmachenauf","https:\/\/x.com\/WirMachenAuf_de"]},{"@type":"Person","@id":"https:\/\/now-news.de\/de\/#\/schema\/person\/fb534a4e865501d8b3285208df34a9b5","name":"rtnews","image":{"@type":"ImageObject","inLanguage":"de","@id":"https:\/\/now-news.de\/de\/#\/schema\/person\/image\/","url":"https:\/\/secure.gravatar.com\/avatar\/82aafea7d8127119dd649515f56e2117?s=96&d=mm&r=g","contentUrl":"https:\/\/secure.gravatar.com\/avatar\/82aafea7d8127119dd649515f56e2117?s=96&d=mm&r=g","caption":"rtnews"},"url":"https:\/\/now-news.de\/de\/author\/rnews\/"}]}},"_links":{"self":[{"href":"https:\/\/now-news.de\/de\/wp-json\/wp\/v2\/posts\/47431"}],"collection":[{"href":"https:\/\/now-news.de\/de\/wp-json\/wp\/v2\/posts"}],"about":[{"href":"https:\/\/now-news.de\/de\/wp-json\/wp\/v2\/types\/post"}],"author":[{"embeddable":true,"href":"https:\/\/now-news.de\/de\/wp-json\/wp\/v2\/users\/3"}],"replies":[{"embeddable":true,"href":"https:\/\/now-news.de\/de\/wp-json\/wp\/v2\/comments?post=47431"}],"version-history":[{"count":0,"href":"https:\/\/now-news.de\/de\/wp-json\/wp\/v2\/posts\/47431\/revisions"}],"wp:featuredmedia":[{"embeddable":true,"href":"https:\/\/now-news.de\/de\/wp-json\/wp\/v2\/media\/47432"}],"wp:attachment":[{"href":"https:\/\/now-news.de\/de\/wp-json\/wp\/v2\/media?parent=47431"}],"wp:term":[{"taxonomy":"category","embeddable":true,"href":"https:\/\/now-news.de\/de\/wp-json\/wp\/v2\/categories?post=47431"},{"taxonomy":"post_tag","embeddable":true,"href":"https:\/\/now-news.de\/de\/wp-json\/wp\/v2\/tags?post=47431"}],"curies":[{"name":"wp","href":"https:\/\/api.w.org\/{rel}","templated":true}]}}