{"id":47383,"date":"2023-10-03T07:30:00","date_gmt":"2023-10-03T05:30:00","guid":{"rendered":"https:\/\/just-now.news\/de\/deutschland\/die-frau-mit-der-armbinde-%e2%80%92-oder-was-gegen-nancy-faeser-als-ministerpraesidentin-spricht\/"},"modified":"2023-10-03T07:30:00","modified_gmt":"2023-10-03T05:30:00","slug":"die-frau-mit-der-armbinde-%e2%80%92-oder-was-gegen-nancy-faeser-als-ministerpraesidentin-spricht","status":"publish","type":"post","link":"https:\/\/now-news.de\/de\/deutschland\/die-frau-mit-der-armbinde-%e2%80%92-oder-was-gegen-nancy-faeser-als-ministerpraesidentin-spricht\/","title":{"rendered":"Die Frau mit der Armbinde \u2012 oder: Was gegen Nancy Faeser als Ministerpr\u00e4sidentin spricht"},"content":{"rendered":"<p><img decoding=\"async\" src=\"http:\/\/just-now.news\/de\/wp-content\/uploads\/sites\/3\/2023\/10\/651ad21ab480cc7e4f618153.jpg\" \/><\/p>\n<div class=\"Text-root Text-type_1 \">\n                Nancy Faeser (SPD) will Ministerpr\u00e4sidentin in Hessen werden. Gute Gr\u00fcnde daf\u00fcr gibt es wenige, ganz viele sprechen aber dagegen. Nancy Faeser tut sich schwer mit der Demokratie und ihren Grundlagen, macht ein kurzer Blick auf ihr politisches Wirken klar.\n            <\/div>\n<p><\/p>\n<div class=\"Text-root Text-type_5 ArticleView-text ViewText-root \">\n<p>Was haben Nancy Faeser und Hillary Clinton gemeinsam? Es sind beides ausgesprochen unbeliebte Politikerinnen und sie z\u00fccken im Wahlkampf mangels substantieller Inhalte die Genderkarte. Es sei Zeit f\u00fcr eine Ministerpr\u00e4sidentin, verk\u00fcndet Faeser vom Wahlplakat, so wie Clinton im US-Wahlkampf 2016 meinte, &#8220;I&#8217;m a woman&#8221; sei ein stichhaltiges politisches Argument. Weniger Inhalt, mehr plumper Sexismus und Populismus geht kaum.\u00a0<\/p>\n<p>Ja, die Kandidatur Faesers in Hessen ist eine Zumutung. Sie ist nicht plausibel zu machen. Faeser ist Innenministerin im Bund. Mit diesem Job ist sie eigentlich mehr als umfassend ausgelastet. Sie bew\u00e4ltigt ihn obendrein nicht zufriedenstellend. Ihre Leistungen dort empfehlen sie daher nicht f\u00fcr einen Posten als Ministerpr\u00e4sidentin in einem Bundesland.\u00a0<\/p>\n<p>Dass die SPD Faeser dennoch zur Spitzenkandidatin gek\u00fcrt hat, zeugt davon, wie sehr sich Politik inzwischen vom W\u00e4hler und der Lebenswirklichkeit in Deutschland entfernt hat.\u00a0Ein Deutschlandtrend fragte im September nach der Zufriedenheit mit der Arbeit deutscher Politiker.\u00a0Hierbei geben 66 Prozent der Befragten an, mit der Arbeit von Nancy Faeser weniger oder gar nicht zufrieden zu sein. Nur Bundeskanzler Olaf Scholz (SPD) und Bundeswirtschaftsminister Robert Habeck (B\u00fcndnis 90\/Die Gr\u00fcnen) kommen auf noch schlechtere Werte.\u00a0<\/p>\n<p>Eine der unsympathischsten Politikerinnen der Bundesrepublik nach zahlreichen Skandalen mit einer Spitzenkandidatur zu belohnen, zeugt von einem hohen Ma\u00df an Entfremdung vom W\u00e4hler. Was die hessische SPD mit dieser Kandidatur erreichen wollte, bleibt daher ihr Geheimnis. Eventuell zielt sie darauf ab, die schlechten Ergebnisse der SPD bei vergangenen Wahlen immer noch weiter unterbieten zu wollen.\u00a0<\/p>\n<p>Dass Faeser im Ranking mies abschneidet, ist nicht russischer Propaganda und Einflussnahme geschuldet, auch wenn sie sich das vermutlich selbst einreden mag. Auch das eine Parallele zu Clinton \u00fcbrigens. Faeser hat sich ihren Platz im Ranking redlich und mit Flei\u00df selbst erarbeitet. Ihr fehlt jedes Gesp\u00fcr f\u00fcr den richtigen Moment und jede Empathie.\u00a0<\/p>\n<p>Vielleicht erinnert sich noch der ein oder andere an die Sektglasszene auf einem Balkon in Kiew. Faeser war zu Besuch in dem Land, in dem laut deutscher Au\u00dfenministerin von &#8220;Russland ein grausamer Vernichtungskrieg&#8221; gef\u00fchrt wird. Faeser lie\u00df sich sichtlich entspannt und erheitert auf einem Balkon in der ukrainischen Hauptstadt gemeinsam mit Arbeitsminister Hubertus Heil (SPD), dem Kiewer B\u00fcrgermeister Vitali Klitschko und der deutschen Botschafterin in der Ukraine Anka Feldhusen ablichten. Sektglas in der Hand\u00a0\u2012 St\u00f6\u00dfchen. Sp\u00e4ter bereute sie dann den Schnappschuss, der so gar nicht in das Narrativ passen wollte, das man in Deutschland verbreitet.\u00a0<\/p>\n<p>Eine ihrer wohl unappetitlichsten Leistungen war, den Leiter des Bundesamtes f\u00fcr Sicherheit in der Informationstechnik, Arne Sch\u00f6nbohm, einzig auf Grundlage eines Medienberichts des ebenso unsympathischen Jan B\u00f6hmermann aus dem Amt entfernen zu lassen. B\u00f6hmermann hat Sch\u00f6nbohm in einer Sendung des <em>ZDF<\/em>\u00a0Kontakte nach Russland unterstellt, die es faktisch nicht gab. Faeser, die sich dem Kampf gegen Desinformation verschrieben hat, entlie\u00df Sch\u00f6nbohm auf der Grundlage von Desinformation aus dem Amt. Nachdem sich die Vorw\u00fcrfe als haltlos erwiesen hatten, hat Faeser obendrein noch versucht, den Verfassungsschutz zu instrumentalisieren, und im eigenen Ministerium darum gebeten, doch etwas gr\u00fcndlicher zu suchen. Sie wollte ihn einfach loswerden. Die Innenministerin bedient sich dabei Methoden, die man in Diktaturen, aber nicht in einem Rechtsstaat vermutet.\u00a0<\/p>\n<p>Das ist dann auch gleich die \u00dcberleitung zur n\u00e4chsten Glanzleistung Faesers. Das von Faeser gef\u00fchrte Innenministerium erarbeitete eine ressort\u00fcbergreifende Strategie zur Kontrolle und Koordination des Ukraine-Narrativs. Dabei arbeitet das Ministerium nicht nur mit anderen Ministerien und Beh\u00f6rden, sondern auch mit den gro\u00dfen deutschen Medien zusammen. Man k\u00f6nnte diesen Prozess auch &#8220;Gleichschaltung&#8221; nennen. Dass es mit den Informationen, die in den deutschen Medien \u00fcber Russland und die Ukraine verbreitet werden, hinsichtlich des Wahrheitsgehaltes nicht weit her ist, wei\u00df sie selbst aus eigener Erfahrung, die sie auf einem Balkon in Kiew machte\u00a0\u2012 St\u00f6\u00dfchen.\u00a0<\/p>\n<p>Die <em>NachDenkSeiten<\/em> haben den <a rel=\"nofollow noopener\" target=\"_blank\" href=\"https:\/\/www.nachdenkseiten.de\/?p=88618\">Skandal <\/a>offengelegt, der allerdings kaum mediales Echo fand. Wie auch? Die Medien, die \u00fcber den Skandal eigentlich berichten m\u00fcssten, sind schlie\u00dflich an ihm beteiligt. Mit der Koordinierung der Narrative wurde das Immunsystem der Demokratie, der unabh\u00e4ngige Journalismus, in Deutschland ausgeschaltet.\u00a0<\/p>\n<p>Der von Faeser gef\u00fchrte Kampf gegen rechts ist de facto ein rechter Kampf gegen die Meinungsfreiheit, gegen Andersdenkende, gegen die Grundlagen einer freien und demokratischen Gesellschaft. Faesers gesellschaftliches Ideal ist ein Deutschland, in dem alle gleicher Meinung sind, in dem abweichende Meinungen sofort ausgegrenzt und eliminiert werden. Faeser betreibt die Spaltung der deutschen Gesellschaft. Sie bedient sich dabei der Mittel des Totalitarismus.\u00a0<\/p>\n<p>Dieser Totalitarismus treibt oftmals seltsame Bl\u00fcten. Mit dem Anliegen, dass die Besucher der Fu\u00dfball-WM in Katar nach guter deutscher Tradition eine Armbinde tragen und sich damit zu etwas bekennen sollten, was gerade in Deutschland gro\u00df in Mode ist, schadete Faeser dem Ansehen Deutschlands in der Welt. Faeser wollte die sogenannte One-Love-Armbinde unbedingt durchsetzen. Sie sollte ein Signal der Solidarit\u00e4t mit LGBT-Personen in die Welt senden. Das ist im Westen gerade angesagt, im Rest der Welt aber nicht. Der Verbissenheit Faesers haftete der Geist des Kolonialismus an. Nach dem Verbot der Armbinde durch die FIFA forderte sie ein\u00a0Bekenntnis durch die deutsche Mannschaft. Diese hielt sich vor Anpfiff die Hand vor dem Mund. Es\u00a0sollte Kritik an Zensur ausdr\u00fccken. Die Symbolik sorgte daf\u00fcr, dass die deutsche Mannschaft nach ihrem fr\u00fchen Ausscheiden nicht nur vom Gastgeber Katar verh\u00f6hnt wurde.\u00a0<\/p>\n<p>Ansonsten hat Nancy Faeser mit Zensur allerdings keine Probleme. Russische Medien sind in Deutschland nicht mehr zug\u00e4nglich.\u00a0Die antirussische Hysterie ist in Deutschland inzwischen so umfassend, dass nicht nur deutschsprachige russische Medien zensiert werden. Auch russischsprachige Medien wie\u00a0\u0420\u043e\u0441\u0441\u0438\u044f 1 wurden gesperrt. Die deutschen Medienkonsumenten sollen auf keinen Fall erfahren, was die Ukraine mit den von Deutschland gelieferten Waffen tut. Auch unabh\u00e4ngig von der Ukraine sollen die Deutschen m\u00f6glichst nicht mit den Vorg\u00e4ngen in der Welt konfrontiert werden, ohne dass sie zuvor von deutschen Qualit\u00e4tsjournalisten ins deutsche Narrativ eingeordnet wurden. Deutschland ist der Garten, drumherum liegt gef\u00e4hrliche Wildnis und herrscht Barbarei, ist die Message des Mainstreams. Das Tal der Ahnungslosen erstreckt sich auch dank des Wirkens von Faeser inzwischen vom Rhein bis an die Oder.<\/p>\n<p>Genau diese Nancy Faeser, die f\u00fcr all das Genannte die politische Verantwortung tr\u00e4gt, m\u00f6chte nun am Sonntag zur Ministerpr\u00e4sidentin von Hessen gew\u00e4hlt werden. Nach aktuellen Umfragen wollen die hessischen W\u00e4hler das aber genau nicht. Dies ist eine gute Nachricht\u00a0\u2012 zweifellos. Es scheint, als bes\u00e4\u00dfe Hessen eine gewisse Resilienz gegen rechts. Am Sonntag wird sich zeigen, ob das stimmt.\u00a0<\/p>\n<p><strong>Mehr zum Thema<\/strong>\u00a0\u2013 <a rel=\"nofollow noopener\" target=\"_blank\" href=\"https:\/\/freedert.online\/kurzclips\/video\/182429-gauland-alles-wovor-wir-seit\/\">Gauland: &#8220;Alles, wovor wir seit Jahren gewarnt haben, ist eingetreten&#8221;<\/a><\/p>\n<\/p>\n<\/div>\n<p><br \/>\n<br \/><a href=\"https:\/\/de.rt.com\/meinung\/182462-frau-mit-armbinde-oder-was\/\">Source link <\/a><\/p>\n","protected":false},"excerpt":{"rendered":"<p>Nancy Faeser (SPD) will Ministerpr\u00e4sidentin in Hessen werden. Gute Gr\u00fcnde daf\u00fcr gibt es wenige, ganz viele sprechen aber dagegen. Nancy Faeser tut sich schwer mit der Demokratie und ihren Grundlagen, macht ein kurzer Blick auf ihr politisches Wirken klar. Was haben Nancy Faeser und Hillary Clinton gemeinsam? Es sind beides ausgesprochen unbeliebte Politikerinnen und sie [&hellip;]<\/p>\n","protected":false},"author":3,"featured_media":47384,"comment_status":"open","ping_status":"open","sticky":false,"template":"","format":"standard","meta":{"_yoast_indexnow_last_ping":["1696311159"],"wp_automatic_camp":["217"],"c31b28a811a0981fb10438ec905d1e2d":["Die Frau mit der Armbinde \u2012 oder: Was gegen Nancy Faeser als Ministerpr\u00e4sidentin spricht"],"original_link":["https:\/\/de.rt.com\/meinung\/182462-frau-mit-armbinde-oder-was\/"],"_thumbnail_id":["47384"],"_wptgpro_p2tg_sent2tg":["a:1:{i:23737;s:19:\"2023-10-03 07:33:44\";}"],"jnews_social_counter_last_update":["1777410778"]},"categories":[19,23],"tags":[273,49442,82,45,16802,5464,278,11412,419,16829,268,4067],"yoast_head":"<!-- This site is optimized with the Yoast SEO Premium plugin v22.7 (Yoast SEO v22.7) - https:\/\/yoast.com\/wordpress\/plugins\/seo\/ -->\n<title>Die Frau mit der Armbinde \u2012 oder: Was gegen Nancy Faeser als Ministerpr\u00e4sidentin spricht - just-now.NEWS Deutschland<\/title>\n<meta name=\"robots\" content=\"index, follow, max-snippet:-1, max-image-preview:large, max-video-preview:-1\" \/>\n<link rel=\"canonical\" href=\"https:\/\/now-news.de\/de\/deutschland\/die-frau-mit-der-armbinde-\u2012-oder-was-gegen-nancy-faeser-als-ministerpraesidentin-spricht\/\" \/>\n<meta property=\"og:locale\" content=\"de_DE\" \/>\n<meta property=\"og:type\" content=\"article\" \/>\n<meta property=\"og:title\" content=\"Die Frau mit der Armbinde \u2012 oder: Was gegen Nancy Faeser als Ministerpr\u00e4sidentin spricht\" \/>\n<meta property=\"og:description\" content=\"Nancy Faeser (SPD) will Ministerpr\u00e4sidentin in Hessen werden. Gute Gr\u00fcnde daf\u00fcr gibt es wenige, ganz viele sprechen aber dagegen. Nancy Faeser tut sich schwer mit der Demokratie und ihren Grundlagen, macht ein kurzer Blick auf ihr politisches Wirken klar. Was haben Nancy Faeser und Hillary Clinton gemeinsam? Es sind beides ausgesprochen unbeliebte Politikerinnen und sie [&hellip;]\" \/>\n<meta property=\"og:url\" content=\"https:\/\/now-news.de\/de\/deutschland\/die-frau-mit-der-armbinde-\u2012-oder-was-gegen-nancy-faeser-als-ministerpraesidentin-spricht\/\" \/>\n<meta property=\"og:site_name\" content=\"just-now.NEWS Deutschland\" \/>\n<meta property=\"article:publisher\" content=\"https:\/\/www.facebook.com\/wirmachenauf\" \/>\n<meta property=\"article:published_time\" content=\"2023-10-03T05:30:00+00:00\" \/>\n<meta property=\"og:image\" content=\"https:\/\/now-news.de\/de\/wp-content\/uploads\/sites\/3\/2023\/10\/Die-Frau-mit-der-Armbinde-\u2012-oder-Was-gegen-Nancy.jpg\" \/>\n\t<meta property=\"og:image:width\" content=\"460\" \/>\n\t<meta property=\"og:image:height\" content=\"259\" \/>\n\t<meta property=\"og:image:type\" content=\"image\/jpeg\" \/>\n<meta name=\"author\" content=\"rtnews\" \/>\n<meta name=\"twitter:card\" content=\"summary_large_image\" \/>\n<meta name=\"twitter:creator\" content=\"@WirMachenAuf_de\" \/>\n<meta name=\"twitter:site\" content=\"@WirMachenAuf_de\" \/>\n<meta name=\"twitter:label1\" content=\"Verfasst von\" \/>\n\t<meta name=\"twitter:data1\" content=\"rtnews\" \/>\n\t<meta name=\"twitter:label2\" content=\"Gesch\u00e4tzte Lesezeit\" \/>\n\t<meta name=\"twitter:data2\" content=\"6\u00a0Minuten\" \/>\n<script type=\"application\/ld+json\" class=\"yoast-schema-graph\">{\"@context\":\"https:\/\/schema.org\",\"@graph\":[{\"@type\":\"Article\",\"@id\":\"https:\/\/now-news.de\/de\/deutschland\/die-frau-mit-der-armbinde-%e2%80%92-oder-was-gegen-nancy-faeser-als-ministerpraesidentin-spricht\/#article\",\"isPartOf\":{\"@id\":\"https:\/\/now-news.de\/de\/deutschland\/die-frau-mit-der-armbinde-%e2%80%92-oder-was-gegen-nancy-faeser-als-ministerpraesidentin-spricht\/\"},\"author\":{\"name\":\"rtnews\",\"@id\":\"https:\/\/now-news.de\/de\/#\/schema\/person\/fb534a4e865501d8b3285208df34a9b5\"},\"headline\":\"Die Frau mit der Armbinde \u2012 oder: Was gegen Nancy Faeser als Ministerpr\u00e4sidentin spricht\",\"datePublished\":\"2023-10-03T05:30:00+00:00\",\"dateModified\":\"2023-10-03T05:30:00+00:00\",\"mainEntityOfPage\":{\"@id\":\"https:\/\/now-news.de\/de\/deutschland\/die-frau-mit-der-armbinde-%e2%80%92-oder-was-gegen-nancy-faeser-als-ministerpraesidentin-spricht\/\"},\"wordCount\":1154,\"commentCount\":0,\"publisher\":{\"@id\":\"https:\/\/now-news.de\/de\/#organization\"},\"image\":{\"@id\":\"https:\/\/now-news.de\/de\/deutschland\/die-frau-mit-der-armbinde-%e2%80%92-oder-was-gegen-nancy-faeser-als-ministerpraesidentin-spricht\/#primaryimage\"},\"thumbnailUrl\":\"https:\/\/now-news.de\/de\/wp-content\/uploads\/sites\/3\/2023\/10\/Die-Frau-mit-der-Armbinde-\u2012-oder-Was-gegen-Nancy.jpg\",\"keywords\":[\"als\",\"Armbinde\",\"der\",\"die\",\"Faeser\",\"Frau\",\"gegen\",\"Ministerpr\u00e4sidentin\",\"mit\",\"Nancy\",\"oder\",\"spricht\"],\"articleSection\":[\"Deutschland\",\"Russland\"],\"inLanguage\":\"de\",\"potentialAction\":[{\"@type\":\"CommentAction\",\"name\":\"Comment\",\"target\":[\"https:\/\/now-news.de\/de\/deutschland\/die-frau-mit-der-armbinde-%e2%80%92-oder-was-gegen-nancy-faeser-als-ministerpraesidentin-spricht\/#respond\"]}]},{\"@type\":\"WebPage\",\"@id\":\"https:\/\/now-news.de\/de\/deutschland\/die-frau-mit-der-armbinde-%e2%80%92-oder-was-gegen-nancy-faeser-als-ministerpraesidentin-spricht\/\",\"url\":\"https:\/\/now-news.de\/de\/deutschland\/die-frau-mit-der-armbinde-%e2%80%92-oder-was-gegen-nancy-faeser-als-ministerpraesidentin-spricht\/\",\"name\":\"Die Frau mit der Armbinde \u2012 oder: Was gegen Nancy Faeser als Ministerpr\u00e4sidentin spricht - just-now.NEWS Deutschland\",\"isPartOf\":{\"@id\":\"https:\/\/now-news.de\/de\/#website\"},\"primaryImageOfPage\":{\"@id\":\"https:\/\/now-news.de\/de\/deutschland\/die-frau-mit-der-armbinde-%e2%80%92-oder-was-gegen-nancy-faeser-als-ministerpraesidentin-spricht\/#primaryimage\"},\"image\":{\"@id\":\"https:\/\/now-news.de\/de\/deutschland\/die-frau-mit-der-armbinde-%e2%80%92-oder-was-gegen-nancy-faeser-als-ministerpraesidentin-spricht\/#primaryimage\"},\"thumbnailUrl\":\"https:\/\/now-news.de\/de\/wp-content\/uploads\/sites\/3\/2023\/10\/Die-Frau-mit-der-Armbinde-\u2012-oder-Was-gegen-Nancy.jpg\",\"datePublished\":\"2023-10-03T05:30:00+00:00\",\"dateModified\":\"2023-10-03T05:30:00+00:00\",\"breadcrumb\":{\"@id\":\"https:\/\/now-news.de\/de\/deutschland\/die-frau-mit-der-armbinde-%e2%80%92-oder-was-gegen-nancy-faeser-als-ministerpraesidentin-spricht\/#breadcrumb\"},\"inLanguage\":\"de\",\"potentialAction\":[{\"@type\":\"ReadAction\",\"target\":[\"https:\/\/now-news.de\/de\/deutschland\/die-frau-mit-der-armbinde-%e2%80%92-oder-was-gegen-nancy-faeser-als-ministerpraesidentin-spricht\/\"]}]},{\"@type\":\"ImageObject\",\"inLanguage\":\"de\",\"@id\":\"https:\/\/now-news.de\/de\/deutschland\/die-frau-mit-der-armbinde-%e2%80%92-oder-was-gegen-nancy-faeser-als-ministerpraesidentin-spricht\/#primaryimage\",\"url\":\"https:\/\/now-news.de\/de\/wp-content\/uploads\/sites\/3\/2023\/10\/Die-Frau-mit-der-Armbinde-\u2012-oder-Was-gegen-Nancy.jpg\",\"contentUrl\":\"https:\/\/now-news.de\/de\/wp-content\/uploads\/sites\/3\/2023\/10\/Die-Frau-mit-der-Armbinde-\u2012-oder-Was-gegen-Nancy.jpg\",\"width\":460,\"height\":259,\"caption\":\"Die Frau mit der Armbinde \u2012 oder: Was gegen Nancy Faeser als Ministerpr\u00e4sidentin spricht\"},{\"@type\":\"BreadcrumbList\",\"@id\":\"https:\/\/now-news.de\/de\/deutschland\/die-frau-mit-der-armbinde-%e2%80%92-oder-was-gegen-nancy-faeser-als-ministerpraesidentin-spricht\/#breadcrumb\",\"itemListElement\":[{\"@type\":\"ListItem\",\"position\":1,\"name\":\"Home\",\"item\":\"https:\/\/now-news.de\/de\/\"},{\"@type\":\"ListItem\",\"position\":2,\"name\":\"Die Frau mit der Armbinde \u2012 oder: Was gegen Nancy Faeser als Ministerpr\u00e4sidentin spricht\"}]},{\"@type\":\"WebSite\",\"@id\":\"https:\/\/now-news.de\/de\/#website\",\"url\":\"https:\/\/now-news.de\/de\/\",\"name\":\"just-now.NEWS Deutschland\",\"description\":\"Das Portal f\u00fcr unzensierte Nachrichten aus der Welt\",\"publisher\":{\"@id\":\"https:\/\/now-news.de\/de\/#organization\"},\"potentialAction\":[{\"@type\":\"SearchAction\",\"target\":{\"@type\":\"EntryPoint\",\"urlTemplate\":\"https:\/\/now-news.de\/de\/?s={search_term_string}\"},\"query-input\":\"required name=search_term_string\"}],\"inLanguage\":\"de\"},{\"@type\":\"Organization\",\"@id\":\"https:\/\/now-news.de\/de\/#organization\",\"name\":\"Just Now News\",\"url\":\"https:\/\/now-news.de\/de\/\",\"logo\":{\"@type\":\"ImageObject\",\"inLanguage\":\"de\",\"@id\":\"https:\/\/now-news.de\/de\/#\/schema\/logo\/image\/\",\"url\":\"http:\/\/just-now.news\/de\/wp-content\/uploads\/sites\/3\/2022\/04\/logo500x500.jpg\",\"contentUrl\":\"http:\/\/just-now.news\/de\/wp-content\/uploads\/sites\/3\/2022\/04\/logo500x500.jpg\",\"width\":500,\"height\":500,\"caption\":\"Just Now News\"},\"image\":{\"@id\":\"https:\/\/now-news.de\/de\/#\/schema\/logo\/image\/\"},\"sameAs\":[\"https:\/\/www.facebook.com\/wirmachenauf\",\"https:\/\/x.com\/WirMachenAuf_de\"]},{\"@type\":\"Person\",\"@id\":\"https:\/\/now-news.de\/de\/#\/schema\/person\/fb534a4e865501d8b3285208df34a9b5\",\"name\":\"rtnews\",\"image\":{\"@type\":\"ImageObject\",\"inLanguage\":\"de\",\"@id\":\"https:\/\/now-news.de\/de\/#\/schema\/person\/image\/\",\"url\":\"https:\/\/secure.gravatar.com\/avatar\/82aafea7d8127119dd649515f56e2117?s=96&d=mm&r=g\",\"contentUrl\":\"https:\/\/secure.gravatar.com\/avatar\/82aafea7d8127119dd649515f56e2117?s=96&d=mm&r=g\",\"caption\":\"rtnews\"},\"url\":\"https:\/\/now-news.de\/de\/author\/rnews\/\"}]}<\/script>\n<!-- \/ Yoast SEO Premium plugin. -->","yoast_head_json":{"title":"Die Frau mit der Armbinde \u2012 oder: Was gegen Nancy Faeser als Ministerpr\u00e4sidentin spricht - just-now.NEWS Deutschland","robots":{"index":"index","follow":"follow","max-snippet":"max-snippet:-1","max-image-preview":"max-image-preview:large","max-video-preview":"max-video-preview:-1"},"canonical":"https:\/\/now-news.de\/de\/deutschland\/die-frau-mit-der-armbinde-\u2012-oder-was-gegen-nancy-faeser-als-ministerpraesidentin-spricht\/","og_locale":"de_DE","og_type":"article","og_title":"Die Frau mit der Armbinde \u2012 oder: Was gegen Nancy Faeser als Ministerpr\u00e4sidentin spricht","og_description":"Nancy Faeser (SPD) will Ministerpr\u00e4sidentin in Hessen werden. Gute Gr\u00fcnde daf\u00fcr gibt es wenige, ganz viele sprechen aber dagegen. Nancy Faeser tut sich schwer mit der Demokratie und ihren Grundlagen, macht ein kurzer Blick auf ihr politisches Wirken klar. Was haben Nancy Faeser und Hillary Clinton gemeinsam? Es sind beides ausgesprochen unbeliebte Politikerinnen und sie [&hellip;]","og_url":"https:\/\/now-news.de\/de\/deutschland\/die-frau-mit-der-armbinde-\u2012-oder-was-gegen-nancy-faeser-als-ministerpraesidentin-spricht\/","og_site_name":"just-now.NEWS Deutschland","article_publisher":"https:\/\/www.facebook.com\/wirmachenauf","article_published_time":"2023-10-03T05:30:00+00:00","og_image":[{"width":460,"height":259,"url":"https:\/\/now-news.de\/de\/wp-content\/uploads\/sites\/3\/2023\/10\/Die-Frau-mit-der-Armbinde-\u2012-oder-Was-gegen-Nancy.jpg","type":"image\/jpeg"}],"author":"rtnews","twitter_card":"summary_large_image","twitter_creator":"@WirMachenAuf_de","twitter_site":"@WirMachenAuf_de","twitter_misc":{"Verfasst von":"rtnews","Gesch\u00e4tzte Lesezeit":"6\u00a0Minuten"},"schema":{"@context":"https:\/\/schema.org","@graph":[{"@type":"Article","@id":"https:\/\/now-news.de\/de\/deutschland\/die-frau-mit-der-armbinde-%e2%80%92-oder-was-gegen-nancy-faeser-als-ministerpraesidentin-spricht\/#article","isPartOf":{"@id":"https:\/\/now-news.de\/de\/deutschland\/die-frau-mit-der-armbinde-%e2%80%92-oder-was-gegen-nancy-faeser-als-ministerpraesidentin-spricht\/"},"author":{"name":"rtnews","@id":"https:\/\/now-news.de\/de\/#\/schema\/person\/fb534a4e865501d8b3285208df34a9b5"},"headline":"Die Frau mit der Armbinde \u2012 oder: Was gegen Nancy Faeser als Ministerpr\u00e4sidentin spricht","datePublished":"2023-10-03T05:30:00+00:00","dateModified":"2023-10-03T05:30:00+00:00","mainEntityOfPage":{"@id":"https:\/\/now-news.de\/de\/deutschland\/die-frau-mit-der-armbinde-%e2%80%92-oder-was-gegen-nancy-faeser-als-ministerpraesidentin-spricht\/"},"wordCount":1154,"commentCount":0,"publisher":{"@id":"https:\/\/now-news.de\/de\/#organization"},"image":{"@id":"https:\/\/now-news.de\/de\/deutschland\/die-frau-mit-der-armbinde-%e2%80%92-oder-was-gegen-nancy-faeser-als-ministerpraesidentin-spricht\/#primaryimage"},"thumbnailUrl":"https:\/\/now-news.de\/de\/wp-content\/uploads\/sites\/3\/2023\/10\/Die-Frau-mit-der-Armbinde-\u2012-oder-Was-gegen-Nancy.jpg","keywords":["als","Armbinde","der","die","Faeser","Frau","gegen","Ministerpr\u00e4sidentin","mit","Nancy","oder","spricht"],"articleSection":["Deutschland","Russland"],"inLanguage":"de","potentialAction":[{"@type":"CommentAction","name":"Comment","target":["https:\/\/now-news.de\/de\/deutschland\/die-frau-mit-der-armbinde-%e2%80%92-oder-was-gegen-nancy-faeser-als-ministerpraesidentin-spricht\/#respond"]}]},{"@type":"WebPage","@id":"https:\/\/now-news.de\/de\/deutschland\/die-frau-mit-der-armbinde-%e2%80%92-oder-was-gegen-nancy-faeser-als-ministerpraesidentin-spricht\/","url":"https:\/\/now-news.de\/de\/deutschland\/die-frau-mit-der-armbinde-%e2%80%92-oder-was-gegen-nancy-faeser-als-ministerpraesidentin-spricht\/","name":"Die Frau mit der Armbinde \u2012 oder: Was gegen Nancy Faeser als Ministerpr\u00e4sidentin spricht - just-now.NEWS Deutschland","isPartOf":{"@id":"https:\/\/now-news.de\/de\/#website"},"primaryImageOfPage":{"@id":"https:\/\/now-news.de\/de\/deutschland\/die-frau-mit-der-armbinde-%e2%80%92-oder-was-gegen-nancy-faeser-als-ministerpraesidentin-spricht\/#primaryimage"},"image":{"@id":"https:\/\/now-news.de\/de\/deutschland\/die-frau-mit-der-armbinde-%e2%80%92-oder-was-gegen-nancy-faeser-als-ministerpraesidentin-spricht\/#primaryimage"},"thumbnailUrl":"https:\/\/now-news.de\/de\/wp-content\/uploads\/sites\/3\/2023\/10\/Die-Frau-mit-der-Armbinde-\u2012-oder-Was-gegen-Nancy.jpg","datePublished":"2023-10-03T05:30:00+00:00","dateModified":"2023-10-03T05:30:00+00:00","breadcrumb":{"@id":"https:\/\/now-news.de\/de\/deutschland\/die-frau-mit-der-armbinde-%e2%80%92-oder-was-gegen-nancy-faeser-als-ministerpraesidentin-spricht\/#breadcrumb"},"inLanguage":"de","potentialAction":[{"@type":"ReadAction","target":["https:\/\/now-news.de\/de\/deutschland\/die-frau-mit-der-armbinde-%e2%80%92-oder-was-gegen-nancy-faeser-als-ministerpraesidentin-spricht\/"]}]},{"@type":"ImageObject","inLanguage":"de","@id":"https:\/\/now-news.de\/de\/deutschland\/die-frau-mit-der-armbinde-%e2%80%92-oder-was-gegen-nancy-faeser-als-ministerpraesidentin-spricht\/#primaryimage","url":"https:\/\/now-news.de\/de\/wp-content\/uploads\/sites\/3\/2023\/10\/Die-Frau-mit-der-Armbinde-\u2012-oder-Was-gegen-Nancy.jpg","contentUrl":"https:\/\/now-news.de\/de\/wp-content\/uploads\/sites\/3\/2023\/10\/Die-Frau-mit-der-Armbinde-\u2012-oder-Was-gegen-Nancy.jpg","width":460,"height":259,"caption":"Die Frau mit der Armbinde \u2012 oder: Was gegen Nancy Faeser als Ministerpr\u00e4sidentin spricht"},{"@type":"BreadcrumbList","@id":"https:\/\/now-news.de\/de\/deutschland\/die-frau-mit-der-armbinde-%e2%80%92-oder-was-gegen-nancy-faeser-als-ministerpraesidentin-spricht\/#breadcrumb","itemListElement":[{"@type":"ListItem","position":1,"name":"Home","item":"https:\/\/now-news.de\/de\/"},{"@type":"ListItem","position":2,"name":"Die Frau mit der Armbinde \u2012 oder: Was gegen Nancy Faeser als Ministerpr\u00e4sidentin spricht"}]},{"@type":"WebSite","@id":"https:\/\/now-news.de\/de\/#website","url":"https:\/\/now-news.de\/de\/","name":"just-now.NEWS Deutschland","description":"Das Portal f\u00fcr unzensierte Nachrichten aus der Welt","publisher":{"@id":"https:\/\/now-news.de\/de\/#organization"},"potentialAction":[{"@type":"SearchAction","target":{"@type":"EntryPoint","urlTemplate":"https:\/\/now-news.de\/de\/?s={search_term_string}"},"query-input":"required name=search_term_string"}],"inLanguage":"de"},{"@type":"Organization","@id":"https:\/\/now-news.de\/de\/#organization","name":"Just Now News","url":"https:\/\/now-news.de\/de\/","logo":{"@type":"ImageObject","inLanguage":"de","@id":"https:\/\/now-news.de\/de\/#\/schema\/logo\/image\/","url":"http:\/\/just-now.news\/de\/wp-content\/uploads\/sites\/3\/2022\/04\/logo500x500.jpg","contentUrl":"http:\/\/just-now.news\/de\/wp-content\/uploads\/sites\/3\/2022\/04\/logo500x500.jpg","width":500,"height":500,"caption":"Just Now News"},"image":{"@id":"https:\/\/now-news.de\/de\/#\/schema\/logo\/image\/"},"sameAs":["https:\/\/www.facebook.com\/wirmachenauf","https:\/\/x.com\/WirMachenAuf_de"]},{"@type":"Person","@id":"https:\/\/now-news.de\/de\/#\/schema\/person\/fb534a4e865501d8b3285208df34a9b5","name":"rtnews","image":{"@type":"ImageObject","inLanguage":"de","@id":"https:\/\/now-news.de\/de\/#\/schema\/person\/image\/","url":"https:\/\/secure.gravatar.com\/avatar\/82aafea7d8127119dd649515f56e2117?s=96&d=mm&r=g","contentUrl":"https:\/\/secure.gravatar.com\/avatar\/82aafea7d8127119dd649515f56e2117?s=96&d=mm&r=g","caption":"rtnews"},"url":"https:\/\/now-news.de\/de\/author\/rnews\/"}]}},"_links":{"self":[{"href":"https:\/\/now-news.de\/de\/wp-json\/wp\/v2\/posts\/47383"}],"collection":[{"href":"https:\/\/now-news.de\/de\/wp-json\/wp\/v2\/posts"}],"about":[{"href":"https:\/\/now-news.de\/de\/wp-json\/wp\/v2\/types\/post"}],"author":[{"embeddable":true,"href":"https:\/\/now-news.de\/de\/wp-json\/wp\/v2\/users\/3"}],"replies":[{"embeddable":true,"href":"https:\/\/now-news.de\/de\/wp-json\/wp\/v2\/comments?post=47383"}],"version-history":[{"count":0,"href":"https:\/\/now-news.de\/de\/wp-json\/wp\/v2\/posts\/47383\/revisions"}],"wp:featuredmedia":[{"embeddable":true,"href":"https:\/\/now-news.de\/de\/wp-json\/wp\/v2\/media\/47384"}],"wp:attachment":[{"href":"https:\/\/now-news.de\/de\/wp-json\/wp\/v2\/media?parent=47383"}],"wp:term":[{"taxonomy":"category","embeddable":true,"href":"https:\/\/now-news.de\/de\/wp-json\/wp\/v2\/categories?post=47383"},{"taxonomy":"post_tag","embeddable":true,"href":"https:\/\/now-news.de\/de\/wp-json\/wp\/v2\/tags?post=47383"}],"curies":[{"name":"wp","href":"https:\/\/api.w.org\/{rel}","templated":true}]}}