{"id":47328,"date":"2023-10-01T21:18:34","date_gmt":"2023-10-01T19:18:34","guid":{"rendered":"https:\/\/just-now.news\/de\/deutschland\/erdogan-bei-parlamentsrede-eu-ist-ungerecht-gegenueber-tuerkei\/"},"modified":"2023-10-01T21:18:34","modified_gmt":"2023-10-01T19:18:34","slug":"erdogan-bei-parlamentsrede-eu-ist-ungerecht-gegenueber-tuerkei","status":"publish","type":"post","link":"https:\/\/now-news.de\/de\/deutschland\/erdogan-bei-parlamentsrede-eu-ist-ungerecht-gegenueber-tuerkei\/","title":{"rendered":"Erdo\u011fan bei Parlamentsrede: EU ist ungerecht gegen\u00fcber T\u00fcrkei"},"content":{"rendered":"<p><img decoding=\"async\" src=\"http:\/\/just-now.news\/de\/wp-content\/uploads\/sites\/3\/2023\/10\/6519a56c48fbef5f2c4e80b8.jpg\" \/><\/p>\n<div class=\"Text-root Text-type_1 \">\n                Der t\u00fcrkische Pr\u00e4sident Recep Tayyip Erdo\u011fan hat in einer Rede vor dem Parlament erkl\u00e4rt, Br\u00fcssel sei ungerecht gegen\u00fcber Ankara. Dabei verwies er auf 60 Jahre Wartezeit auf den EU-Beitritt. Au\u00dferdem sprach der Staatschef \u00fcber den Terroranschlag vom Sonntag und eine neue Verfassung.\n            <\/div>\n<p><\/p>\n<div class=\"Text-root Text-type_5 ArticleView-text ViewText-root \">\n<p>Am Sonntag hat der Pr\u00e4sident der T\u00fcrkei, Recep Tayyip Erdo\u011fan, eine Rede bei der Er\u00f6ffnung der neuen Sitzungsperiode des t\u00fcrkischen Parlaments gehalten. Dabei sprach der Staatschef mehrere Themen an, darunter den EU-Beitritt, den Terroranschlag auf das Innenministerium und eine neue Verfassung. In Bezug auf die Mitgliedschaft in der EU erkl\u00e4rte Erdo\u011fan, Ankara habe keine Erwartungen an Br\u00fcssel. Dem Pr\u00e4sidenten zufolge handele die EU ungerecht gegen\u00fcber der T\u00fcrkei, indem sie das Land seit 60 Jahren auf den Beitritt zur Union warten lasse. Besonders verwies Erdo\u011fan auf das Problem der Ausstellung von Visa f\u00fcr die t\u00fcrkischen B\u00fcrger. Wenn die EU diese Fehler nicht korrigiere, w\u00fcrde sie das Recht verlieren, irgendetwas von der T\u00fcrkei zu erwarten. Dar\u00fcber hinaus k\u00f6nne das Land, falls gefordert, die Kopenhagener Kriterien f\u00fcr den EU-Beitritt in Ankara-Kriterien umwandeln und einen eigenen Weg fortsetzen.<\/p>\n<p>Die Explosionen vor dem Innenministerium bezeichnete Erdo\u011fan als Terroranschlag und &#8220;einen der letzten Kr\u00e4mpfe der Terroristen&#8221;. Personen, die den Frieden und die Sicherheit in der T\u00fcrkei auf diese Weise zerst\u00f6ren wollten, w\u00fcrden ihre Ziele niemals erreichen. Eine Wiederbelebung aller Arten terroristischer Organisationen im Land sei \u00fcberdies unm\u00f6glich.<\/p>\n<p>Weiter bezeichnete Erdo\u011fan die t\u00fcrkische Verfassung in ihrer aktuellen Form als ungeeignet f\u00fcr die T\u00fcrkei im Jahr 2023. Das Parlament sei aufgefordert, neue Grundbestimmungen auszuarbeiten und damit das hundertj\u00e4hrige Bestehen der T\u00fcrkischen Republik zu w\u00fcrdigen. Die Nachrichtenagentur <em>Anadolu<\/em> zitiert den Pr\u00e4sidenten wie folgt:<\/p>\n<blockquote>\n<p><em>&#8220;Feiern wir das hundertj\u00e4hrige Bestehen unserer Republik mit einer neuen Verfassung! Die aktuelle ist bereits zu einem Flickenteppich geworden. Wir erwarten von den Parteien, den \u00f6ffentlichen Organisationen und den Politikern einen konstruktiven Ansatz in dieser Hinsicht. Unsere Hauptaufgabe in dieser Parlamentssitzung ist es, eine neue Verfassung zu schaffen.&#8221;<\/em><\/p>\n<\/blockquote>\n<p>Die Gro\u00dfe Nationalversammlung der T\u00fcrkei beginnt ihre neue\u00a0Sitzungsperiode vor dem Hintergrund des Angriffs auf das Innenministerium in Ankara. Der Anschlag\u00a0ereignete sich nach Angaben der lokalen Beh\u00f6rden am\u00a0fr\u00fchen Sonntagmorgen vor dem Geb\u00e4ude des Ministeriums und wurde von zwei Selbstmordattent\u00e4tern ver\u00fcbt.\u00a0Neben\u00a0Erdo\u011fan bezeichnete auch der Innenminister des Landes den Vorfall als versuchten Terroranschlag.<\/p>\n<p><strong>Mehr zum Thema\u00a0\u2013<\/strong>\u00a0<a rel=\"nofollow noopener\" target=\"_blank\" href=\"https:\/\/freedert.online\/der-nahe-osten\/182357-terroranschlag-auf-tuerkisches-innenministerium\/\">Terroranschlag auf t\u00fcrkisches Innenministerium<\/a><\/p>\n<div class=\"EmbedBlock-root EmbedBlock-externalVideo EmbedBlock-odysee\">\n<div class=\"VkEmbed\"><iframe class=\"lazyload\" data-src=\"https:\/\/odysee.com\/%24\/embed\/%40RTDE%3Ae%2Fterroranschlag-auf-t%C3%BCrkisches-innenministerium%3A0\" frameborder=\"0\" width=\"853\" height=\"480\" allowfullscreen><\/iframe><\/div>\n<\/div>\n<\/div>\n<p><br \/>\n<br \/><a href=\"https:\/\/de.rt.com\/international\/182394-erdogan-bei-parlamentsrede-eu-ist\/\">Source link <\/a><\/p>\n","protected":false},"excerpt":{"rendered":"<p>Der t\u00fcrkische Pr\u00e4sident Recep Tayyip Erdo\u011fan hat in einer Rede vor dem Parlament erkl\u00e4rt, Br\u00fcssel sei ungerecht gegen\u00fcber Ankara. Dabei verwies er auf 60 Jahre Wartezeit auf den EU-Beitritt. Au\u00dferdem sprach der Staatschef \u00fcber den Terroranschlag vom Sonntag und eine neue Verfassung. Am Sonntag hat der Pr\u00e4sident der T\u00fcrkei, Recep Tayyip Erdo\u011fan, eine Rede bei [&hellip;]<\/p>\n","protected":false},"author":3,"featured_media":47329,"comment_status":"open","ping_status":"open","sticky":false,"template":"","format":"standard","meta":{"_yoast_indexnow_last_ping":["1696188236"],"wp_automatic_camp":["217"],"758ba023ea3624364eb1cfda5bf45066":["Erdo\u011fan bei Parlamentsrede: EU ist ungerecht gegen\u00fcber T\u00fcrkei"],"original_link":["https:\/\/de.rt.com\/international\/182394-erdogan-bei-parlamentsrede-eu-ist\/"],"_thumbnail_id":["47329"],"_wptgpro_p2tg_sent2tg":["a:1:{i:23737;s:19:\"2023-10-01 21:24:59\";}"],"jnews_social_counter_last_update":["1777175985"]},"categories":[19,23],"tags":[363,13697,8962,414,49412,1897,35137],"yoast_head":"<!-- This site is optimized with the Yoast SEO Premium plugin v22.7 (Yoast SEO v22.7) - https:\/\/yoast.com\/wordpress\/plugins\/seo\/ -->\n<title>Erdo\u011fan bei Parlamentsrede: EU ist ungerecht gegen\u00fcber T\u00fcrkei - just-now.NEWS Deutschland<\/title>\n<meta name=\"robots\" content=\"index, follow, max-snippet:-1, max-image-preview:large, max-video-preview:-1\" \/>\n<link rel=\"canonical\" href=\"https:\/\/now-news.de\/de\/deutschland\/erdogan-bei-parlamentsrede-eu-ist-ungerecht-gegenueber-tuerkei\/\" \/>\n<meta property=\"og:locale\" content=\"de_DE\" \/>\n<meta property=\"og:type\" content=\"article\" \/>\n<meta property=\"og:title\" content=\"Erdo\u011fan bei Parlamentsrede: EU ist ungerecht gegen\u00fcber T\u00fcrkei\" \/>\n<meta property=\"og:description\" content=\"Der t\u00fcrkische Pr\u00e4sident Recep Tayyip Erdo\u011fan hat in einer Rede vor dem Parlament erkl\u00e4rt, Br\u00fcssel sei ungerecht gegen\u00fcber Ankara. Dabei verwies er auf 60 Jahre Wartezeit auf den EU-Beitritt. Au\u00dferdem sprach der Staatschef \u00fcber den Terroranschlag vom Sonntag und eine neue Verfassung. Am Sonntag hat der Pr\u00e4sident der T\u00fcrkei, Recep Tayyip Erdo\u011fan, eine Rede bei [&hellip;]\" \/>\n<meta property=\"og:url\" content=\"https:\/\/now-news.de\/de\/deutschland\/erdogan-bei-parlamentsrede-eu-ist-ungerecht-gegenueber-tuerkei\/\" \/>\n<meta property=\"og:site_name\" content=\"just-now.NEWS Deutschland\" \/>\n<meta property=\"article:publisher\" content=\"https:\/\/www.facebook.com\/wirmachenauf\" \/>\n<meta property=\"article:published_time\" content=\"2023-10-01T19:18:34+00:00\" \/>\n<meta property=\"og:image\" content=\"https:\/\/now-news.de\/de\/wp-content\/uploads\/sites\/3\/2023\/10\/Erdogan-bei-Parlamentsrede-EU-ist-ungerecht-gegenueber-Tuerkei.jpg\" \/>\n\t<meta property=\"og:image:width\" content=\"460\" \/>\n\t<meta property=\"og:image:height\" content=\"259\" \/>\n\t<meta property=\"og:image:type\" content=\"image\/jpeg\" \/>\n<meta name=\"author\" content=\"rtnews\" \/>\n<meta name=\"twitter:card\" content=\"summary_large_image\" \/>\n<meta name=\"twitter:creator\" content=\"@WirMachenAuf_de\" \/>\n<meta name=\"twitter:site\" content=\"@WirMachenAuf_de\" \/>\n<meta name=\"twitter:label1\" content=\"Verfasst von\" \/>\n\t<meta name=\"twitter:data1\" content=\"rtnews\" \/>\n\t<meta name=\"twitter:label2\" content=\"Gesch\u00e4tzte Lesezeit\" \/>\n\t<meta name=\"twitter:data2\" content=\"2\u00a0Minuten\" \/>\n<script type=\"application\/ld+json\" class=\"yoast-schema-graph\">{\"@context\":\"https:\/\/schema.org\",\"@graph\":[{\"@type\":\"Article\",\"@id\":\"https:\/\/now-news.de\/de\/deutschland\/erdogan-bei-parlamentsrede-eu-ist-ungerecht-gegenueber-tuerkei\/#article\",\"isPartOf\":{\"@id\":\"https:\/\/now-news.de\/de\/deutschland\/erdogan-bei-parlamentsrede-eu-ist-ungerecht-gegenueber-tuerkei\/\"},\"author\":{\"name\":\"rtnews\",\"@id\":\"https:\/\/now-news.de\/de\/#\/schema\/person\/fb534a4e865501d8b3285208df34a9b5\"},\"headline\":\"Erdo\u011fan bei Parlamentsrede: EU ist ungerecht gegen\u00fcber T\u00fcrkei\",\"datePublished\":\"2023-10-01T19:18:34+00:00\",\"dateModified\":\"2023-10-01T19:18:34+00:00\",\"mainEntityOfPage\":{\"@id\":\"https:\/\/now-news.de\/de\/deutschland\/erdogan-bei-parlamentsrede-eu-ist-ungerecht-gegenueber-tuerkei\/\"},\"wordCount\":438,\"commentCount\":0,\"publisher\":{\"@id\":\"https:\/\/now-news.de\/de\/#organization\"},\"image\":{\"@id\":\"https:\/\/now-news.de\/de\/deutschland\/erdogan-bei-parlamentsrede-eu-ist-ungerecht-gegenueber-tuerkei\/#primaryimage\"},\"thumbnailUrl\":\"https:\/\/now-news.de\/de\/wp-content\/uploads\/sites\/3\/2023\/10\/Erdogan-bei-Parlamentsrede-EU-ist-ungerecht-gegenueber-Tuerkei.jpg\",\"keywords\":[\"bei\",\"Erdo\u011fan\",\"gegen\u00fcber\",\"ist\",\"Parlamentsrede\",\"T\u00fcrkei\",\"ungerecht\"],\"articleSection\":[\"Deutschland\",\"Russland\"],\"inLanguage\":\"de\",\"potentialAction\":[{\"@type\":\"CommentAction\",\"name\":\"Comment\",\"target\":[\"https:\/\/now-news.de\/de\/deutschland\/erdogan-bei-parlamentsrede-eu-ist-ungerecht-gegenueber-tuerkei\/#respond\"]}]},{\"@type\":\"WebPage\",\"@id\":\"https:\/\/now-news.de\/de\/deutschland\/erdogan-bei-parlamentsrede-eu-ist-ungerecht-gegenueber-tuerkei\/\",\"url\":\"https:\/\/now-news.de\/de\/deutschland\/erdogan-bei-parlamentsrede-eu-ist-ungerecht-gegenueber-tuerkei\/\",\"name\":\"Erdo\u011fan bei Parlamentsrede: EU ist ungerecht gegen\u00fcber T\u00fcrkei - just-now.NEWS Deutschland\",\"isPartOf\":{\"@id\":\"https:\/\/now-news.de\/de\/#website\"},\"primaryImageOfPage\":{\"@id\":\"https:\/\/now-news.de\/de\/deutschland\/erdogan-bei-parlamentsrede-eu-ist-ungerecht-gegenueber-tuerkei\/#primaryimage\"},\"image\":{\"@id\":\"https:\/\/now-news.de\/de\/deutschland\/erdogan-bei-parlamentsrede-eu-ist-ungerecht-gegenueber-tuerkei\/#primaryimage\"},\"thumbnailUrl\":\"https:\/\/now-news.de\/de\/wp-content\/uploads\/sites\/3\/2023\/10\/Erdogan-bei-Parlamentsrede-EU-ist-ungerecht-gegenueber-Tuerkei.jpg\",\"datePublished\":\"2023-10-01T19:18:34+00:00\",\"dateModified\":\"2023-10-01T19:18:34+00:00\",\"breadcrumb\":{\"@id\":\"https:\/\/now-news.de\/de\/deutschland\/erdogan-bei-parlamentsrede-eu-ist-ungerecht-gegenueber-tuerkei\/#breadcrumb\"},\"inLanguage\":\"de\",\"potentialAction\":[{\"@type\":\"ReadAction\",\"target\":[\"https:\/\/now-news.de\/de\/deutschland\/erdogan-bei-parlamentsrede-eu-ist-ungerecht-gegenueber-tuerkei\/\"]}]},{\"@type\":\"ImageObject\",\"inLanguage\":\"de\",\"@id\":\"https:\/\/now-news.de\/de\/deutschland\/erdogan-bei-parlamentsrede-eu-ist-ungerecht-gegenueber-tuerkei\/#primaryimage\",\"url\":\"https:\/\/now-news.de\/de\/wp-content\/uploads\/sites\/3\/2023\/10\/Erdogan-bei-Parlamentsrede-EU-ist-ungerecht-gegenueber-Tuerkei.jpg\",\"contentUrl\":\"https:\/\/now-news.de\/de\/wp-content\/uploads\/sites\/3\/2023\/10\/Erdogan-bei-Parlamentsrede-EU-ist-ungerecht-gegenueber-Tuerkei.jpg\",\"width\":460,\"height\":259,\"caption\":\"Erdo\u011fan bei Parlamentsrede: EU ist ungerecht gegen\u00fcber T\u00fcrkei\"},{\"@type\":\"BreadcrumbList\",\"@id\":\"https:\/\/now-news.de\/de\/deutschland\/erdogan-bei-parlamentsrede-eu-ist-ungerecht-gegenueber-tuerkei\/#breadcrumb\",\"itemListElement\":[{\"@type\":\"ListItem\",\"position\":1,\"name\":\"Home\",\"item\":\"https:\/\/now-news.de\/de\/\"},{\"@type\":\"ListItem\",\"position\":2,\"name\":\"Erdo\u011fan bei Parlamentsrede: EU ist ungerecht gegen\u00fcber T\u00fcrkei\"}]},{\"@type\":\"WebSite\",\"@id\":\"https:\/\/now-news.de\/de\/#website\",\"url\":\"https:\/\/now-news.de\/de\/\",\"name\":\"just-now.NEWS Deutschland\",\"description\":\"Das Portal f\u00fcr unzensierte Nachrichten aus der Welt\",\"publisher\":{\"@id\":\"https:\/\/now-news.de\/de\/#organization\"},\"potentialAction\":[{\"@type\":\"SearchAction\",\"target\":{\"@type\":\"EntryPoint\",\"urlTemplate\":\"https:\/\/now-news.de\/de\/?s={search_term_string}\"},\"query-input\":\"required name=search_term_string\"}],\"inLanguage\":\"de\"},{\"@type\":\"Organization\",\"@id\":\"https:\/\/now-news.de\/de\/#organization\",\"name\":\"Just Now News\",\"url\":\"https:\/\/now-news.de\/de\/\",\"logo\":{\"@type\":\"ImageObject\",\"inLanguage\":\"de\",\"@id\":\"https:\/\/now-news.de\/de\/#\/schema\/logo\/image\/\",\"url\":\"http:\/\/just-now.news\/de\/wp-content\/uploads\/sites\/3\/2022\/04\/logo500x500.jpg\",\"contentUrl\":\"http:\/\/just-now.news\/de\/wp-content\/uploads\/sites\/3\/2022\/04\/logo500x500.jpg\",\"width\":500,\"height\":500,\"caption\":\"Just Now News\"},\"image\":{\"@id\":\"https:\/\/now-news.de\/de\/#\/schema\/logo\/image\/\"},\"sameAs\":[\"https:\/\/www.facebook.com\/wirmachenauf\",\"https:\/\/x.com\/WirMachenAuf_de\"]},{\"@type\":\"Person\",\"@id\":\"https:\/\/now-news.de\/de\/#\/schema\/person\/fb534a4e865501d8b3285208df34a9b5\",\"name\":\"rtnews\",\"image\":{\"@type\":\"ImageObject\",\"inLanguage\":\"de\",\"@id\":\"https:\/\/now-news.de\/de\/#\/schema\/person\/image\/\",\"url\":\"https:\/\/secure.gravatar.com\/avatar\/82aafea7d8127119dd649515f56e2117?s=96&d=mm&r=g\",\"contentUrl\":\"https:\/\/secure.gravatar.com\/avatar\/82aafea7d8127119dd649515f56e2117?s=96&d=mm&r=g\",\"caption\":\"rtnews\"},\"url\":\"https:\/\/now-news.de\/de\/author\/rnews\/\"}]}<\/script>\n<!-- \/ Yoast SEO Premium plugin. -->","yoast_head_json":{"title":"Erdo\u011fan bei Parlamentsrede: EU ist ungerecht gegen\u00fcber T\u00fcrkei - just-now.NEWS Deutschland","robots":{"index":"index","follow":"follow","max-snippet":"max-snippet:-1","max-image-preview":"max-image-preview:large","max-video-preview":"max-video-preview:-1"},"canonical":"https:\/\/now-news.de\/de\/deutschland\/erdogan-bei-parlamentsrede-eu-ist-ungerecht-gegenueber-tuerkei\/","og_locale":"de_DE","og_type":"article","og_title":"Erdo\u011fan bei Parlamentsrede: EU ist ungerecht gegen\u00fcber T\u00fcrkei","og_description":"Der t\u00fcrkische Pr\u00e4sident Recep Tayyip Erdo\u011fan hat in einer Rede vor dem Parlament erkl\u00e4rt, Br\u00fcssel sei ungerecht gegen\u00fcber Ankara. Dabei verwies er auf 60 Jahre Wartezeit auf den EU-Beitritt. Au\u00dferdem sprach der Staatschef \u00fcber den Terroranschlag vom Sonntag und eine neue Verfassung. Am Sonntag hat der Pr\u00e4sident der T\u00fcrkei, Recep Tayyip Erdo\u011fan, eine Rede bei [&hellip;]","og_url":"https:\/\/now-news.de\/de\/deutschland\/erdogan-bei-parlamentsrede-eu-ist-ungerecht-gegenueber-tuerkei\/","og_site_name":"just-now.NEWS Deutschland","article_publisher":"https:\/\/www.facebook.com\/wirmachenauf","article_published_time":"2023-10-01T19:18:34+00:00","og_image":[{"width":460,"height":259,"url":"https:\/\/now-news.de\/de\/wp-content\/uploads\/sites\/3\/2023\/10\/Erdogan-bei-Parlamentsrede-EU-ist-ungerecht-gegenueber-Tuerkei.jpg","type":"image\/jpeg"}],"author":"rtnews","twitter_card":"summary_large_image","twitter_creator":"@WirMachenAuf_de","twitter_site":"@WirMachenAuf_de","twitter_misc":{"Verfasst von":"rtnews","Gesch\u00e4tzte Lesezeit":"2\u00a0Minuten"},"schema":{"@context":"https:\/\/schema.org","@graph":[{"@type":"Article","@id":"https:\/\/now-news.de\/de\/deutschland\/erdogan-bei-parlamentsrede-eu-ist-ungerecht-gegenueber-tuerkei\/#article","isPartOf":{"@id":"https:\/\/now-news.de\/de\/deutschland\/erdogan-bei-parlamentsrede-eu-ist-ungerecht-gegenueber-tuerkei\/"},"author":{"name":"rtnews","@id":"https:\/\/now-news.de\/de\/#\/schema\/person\/fb534a4e865501d8b3285208df34a9b5"},"headline":"Erdo\u011fan bei Parlamentsrede: EU ist ungerecht gegen\u00fcber T\u00fcrkei","datePublished":"2023-10-01T19:18:34+00:00","dateModified":"2023-10-01T19:18:34+00:00","mainEntityOfPage":{"@id":"https:\/\/now-news.de\/de\/deutschland\/erdogan-bei-parlamentsrede-eu-ist-ungerecht-gegenueber-tuerkei\/"},"wordCount":438,"commentCount":0,"publisher":{"@id":"https:\/\/now-news.de\/de\/#organization"},"image":{"@id":"https:\/\/now-news.de\/de\/deutschland\/erdogan-bei-parlamentsrede-eu-ist-ungerecht-gegenueber-tuerkei\/#primaryimage"},"thumbnailUrl":"https:\/\/now-news.de\/de\/wp-content\/uploads\/sites\/3\/2023\/10\/Erdogan-bei-Parlamentsrede-EU-ist-ungerecht-gegenueber-Tuerkei.jpg","keywords":["bei","Erdo\u011fan","gegen\u00fcber","ist","Parlamentsrede","T\u00fcrkei","ungerecht"],"articleSection":["Deutschland","Russland"],"inLanguage":"de","potentialAction":[{"@type":"CommentAction","name":"Comment","target":["https:\/\/now-news.de\/de\/deutschland\/erdogan-bei-parlamentsrede-eu-ist-ungerecht-gegenueber-tuerkei\/#respond"]}]},{"@type":"WebPage","@id":"https:\/\/now-news.de\/de\/deutschland\/erdogan-bei-parlamentsrede-eu-ist-ungerecht-gegenueber-tuerkei\/","url":"https:\/\/now-news.de\/de\/deutschland\/erdogan-bei-parlamentsrede-eu-ist-ungerecht-gegenueber-tuerkei\/","name":"Erdo\u011fan bei Parlamentsrede: EU ist ungerecht gegen\u00fcber T\u00fcrkei - just-now.NEWS Deutschland","isPartOf":{"@id":"https:\/\/now-news.de\/de\/#website"},"primaryImageOfPage":{"@id":"https:\/\/now-news.de\/de\/deutschland\/erdogan-bei-parlamentsrede-eu-ist-ungerecht-gegenueber-tuerkei\/#primaryimage"},"image":{"@id":"https:\/\/now-news.de\/de\/deutschland\/erdogan-bei-parlamentsrede-eu-ist-ungerecht-gegenueber-tuerkei\/#primaryimage"},"thumbnailUrl":"https:\/\/now-news.de\/de\/wp-content\/uploads\/sites\/3\/2023\/10\/Erdogan-bei-Parlamentsrede-EU-ist-ungerecht-gegenueber-Tuerkei.jpg","datePublished":"2023-10-01T19:18:34+00:00","dateModified":"2023-10-01T19:18:34+00:00","breadcrumb":{"@id":"https:\/\/now-news.de\/de\/deutschland\/erdogan-bei-parlamentsrede-eu-ist-ungerecht-gegenueber-tuerkei\/#breadcrumb"},"inLanguage":"de","potentialAction":[{"@type":"ReadAction","target":["https:\/\/now-news.de\/de\/deutschland\/erdogan-bei-parlamentsrede-eu-ist-ungerecht-gegenueber-tuerkei\/"]}]},{"@type":"ImageObject","inLanguage":"de","@id":"https:\/\/now-news.de\/de\/deutschland\/erdogan-bei-parlamentsrede-eu-ist-ungerecht-gegenueber-tuerkei\/#primaryimage","url":"https:\/\/now-news.de\/de\/wp-content\/uploads\/sites\/3\/2023\/10\/Erdogan-bei-Parlamentsrede-EU-ist-ungerecht-gegenueber-Tuerkei.jpg","contentUrl":"https:\/\/now-news.de\/de\/wp-content\/uploads\/sites\/3\/2023\/10\/Erdogan-bei-Parlamentsrede-EU-ist-ungerecht-gegenueber-Tuerkei.jpg","width":460,"height":259,"caption":"Erdo\u011fan bei Parlamentsrede: EU ist ungerecht gegen\u00fcber T\u00fcrkei"},{"@type":"BreadcrumbList","@id":"https:\/\/now-news.de\/de\/deutschland\/erdogan-bei-parlamentsrede-eu-ist-ungerecht-gegenueber-tuerkei\/#breadcrumb","itemListElement":[{"@type":"ListItem","position":1,"name":"Home","item":"https:\/\/now-news.de\/de\/"},{"@type":"ListItem","position":2,"name":"Erdo\u011fan bei Parlamentsrede: EU ist ungerecht gegen\u00fcber T\u00fcrkei"}]},{"@type":"WebSite","@id":"https:\/\/now-news.de\/de\/#website","url":"https:\/\/now-news.de\/de\/","name":"just-now.NEWS Deutschland","description":"Das Portal f\u00fcr unzensierte Nachrichten aus der Welt","publisher":{"@id":"https:\/\/now-news.de\/de\/#organization"},"potentialAction":[{"@type":"SearchAction","target":{"@type":"EntryPoint","urlTemplate":"https:\/\/now-news.de\/de\/?s={search_term_string}"},"query-input":"required name=search_term_string"}],"inLanguage":"de"},{"@type":"Organization","@id":"https:\/\/now-news.de\/de\/#organization","name":"Just Now News","url":"https:\/\/now-news.de\/de\/","logo":{"@type":"ImageObject","inLanguage":"de","@id":"https:\/\/now-news.de\/de\/#\/schema\/logo\/image\/","url":"http:\/\/just-now.news\/de\/wp-content\/uploads\/sites\/3\/2022\/04\/logo500x500.jpg","contentUrl":"http:\/\/just-now.news\/de\/wp-content\/uploads\/sites\/3\/2022\/04\/logo500x500.jpg","width":500,"height":500,"caption":"Just Now News"},"image":{"@id":"https:\/\/now-news.de\/de\/#\/schema\/logo\/image\/"},"sameAs":["https:\/\/www.facebook.com\/wirmachenauf","https:\/\/x.com\/WirMachenAuf_de"]},{"@type":"Person","@id":"https:\/\/now-news.de\/de\/#\/schema\/person\/fb534a4e865501d8b3285208df34a9b5","name":"rtnews","image":{"@type":"ImageObject","inLanguage":"de","@id":"https:\/\/now-news.de\/de\/#\/schema\/person\/image\/","url":"https:\/\/secure.gravatar.com\/avatar\/82aafea7d8127119dd649515f56e2117?s=96&d=mm&r=g","contentUrl":"https:\/\/secure.gravatar.com\/avatar\/82aafea7d8127119dd649515f56e2117?s=96&d=mm&r=g","caption":"rtnews"},"url":"https:\/\/now-news.de\/de\/author\/rnews\/"}]}},"_links":{"self":[{"href":"https:\/\/now-news.de\/de\/wp-json\/wp\/v2\/posts\/47328"}],"collection":[{"href":"https:\/\/now-news.de\/de\/wp-json\/wp\/v2\/posts"}],"about":[{"href":"https:\/\/now-news.de\/de\/wp-json\/wp\/v2\/types\/post"}],"author":[{"embeddable":true,"href":"https:\/\/now-news.de\/de\/wp-json\/wp\/v2\/users\/3"}],"replies":[{"embeddable":true,"href":"https:\/\/now-news.de\/de\/wp-json\/wp\/v2\/comments?post=47328"}],"version-history":[{"count":0,"href":"https:\/\/now-news.de\/de\/wp-json\/wp\/v2\/posts\/47328\/revisions"}],"wp:featuredmedia":[{"embeddable":true,"href":"https:\/\/now-news.de\/de\/wp-json\/wp\/v2\/media\/47329"}],"wp:attachment":[{"href":"https:\/\/now-news.de\/de\/wp-json\/wp\/v2\/media?parent=47328"}],"wp:term":[{"taxonomy":"category","embeddable":true,"href":"https:\/\/now-news.de\/de\/wp-json\/wp\/v2\/categories?post=47328"},{"taxonomy":"post_tag","embeddable":true,"href":"https:\/\/now-news.de\/de\/wp-json\/wp\/v2\/tags?post=47328"}],"curies":[{"name":"wp","href":"https:\/\/api.w.org\/{rel}","templated":true}]}}