{"id":47320,"date":"2023-10-01T20:17:56","date_gmt":"2023-10-01T18:17:56","guid":{"rendered":"https:\/\/just-now.news\/de\/deutschland\/groningen-europas-groesstes-gasfeld-stellt-gasfoerderung-ein\/"},"modified":"2023-10-01T20:17:56","modified_gmt":"2023-10-01T18:17:56","slug":"groningen-europas-groesstes-gasfeld-stellt-gasfoerderung-ein","status":"publish","type":"post","link":"https:\/\/now-news.de\/de\/deutschland\/groningen-europas-groesstes-gasfeld-stellt-gasfoerderung-ein\/","title":{"rendered":"Groningen: Europas gr\u00f6\u00dftes Gasfeld stellt Gasf\u00f6rderung ein"},"content":{"rendered":"<p><img decoding=\"async\" src=\"http:\/\/just-now.news\/de\/wp-content\/uploads\/sites\/3\/2023\/10\/6519ac0a48fbef5ece70ed18.jpg\" \/><\/p>\n<div class=\"Text-root Text-type_1 \">\n                Das Ende der Gasf\u00f6rderung in den Niederlanden zeichnete sich nach den Erdbeben, die auf diese zur\u00fcckgef\u00fchrt wurden, seit einigen Jahren ab. Am fr\u00fchen Morgen des 1. Oktober 2023 gingen die Lichter im Gasfeld Groningen nun wohl endg\u00fcltig aus.\n            <\/div>\n<p><\/p>\n<div class=\"Text-root Text-type_5 ArticleView-text ViewText-root \">\n<p>Europas gr\u00f6\u00dftes Gasfeld in der niederl\u00e4ndischen Stadt Groningen hat die F\u00f6rderung des blauen Brennstoffs am Sonntagmorgen, wie seit L\u00e4ngerem geplant, eingestellt. Dies berichtet der Niederl\u00e4ndische Rundfunk (NOS).<\/p>\n<blockquote>\n<p><em>&#8220;Endlich ist er da, der Moment, auf den man in Groningen so lange gewartet hat. Heute Morgen um 06:00 Uhr wurde der Gashahn zugedreht, nach jahrelangen Kampagnen, langen Diskussionen und anhaltenden \u00c4ngsten vor neuen Erdbeben in der Gegend. Aber jetzt, wo es so weit ist, wird die Fahne in der Provinz nicht gehisst. In der Tat ist heute \u00fcberhaupt nichts los. Keine feierlichen Versammlungen und schon gar kein Champagner. Viele Groninger sehen daf\u00fcr wenig Grund. Das Misstrauen \u00fcberwiegt&#8221;<\/em>, berichtet der Sender.<\/p>\n<\/blockquote>\n<p>Von den 26 Gasf\u00f6rderstellen im Groninger Feld waren in den letzten Monaten nur noch f\u00fcnf in Betrieb. Bereits Anfang des Jahres wurde die Produktion auf Pilotbetrieb umgestellt. Die letzten f\u00fcnf Standorte, Slochteren, Spitzbergen und drei Standorte in der N\u00e4he von Scheemda, wurden nun ebenfalls eingestellt.<\/p>\n<p>Die Stilllegung der Anlage markiert das Ende der Gasproduktion in der nordniederl\u00e4ndischen Provinz 60 Jahre nach der Inbetriebnahme des Feldes. Die Entscheidung wurde aufgrund der Erdbebengefahr getroffen. Wegen gro\u00dfer Sch\u00e4den durch Hunderte von meist kleineren Erdbeben in der Provinz Groningen hatte die niederl\u00e4ndische Regierung zugesagt, die Gasproduktion im Nordosten an der deutschen Grenze Ende 2023 zu stoppen. Man beh\u00e4lt sich allerdings vor, den Betrieb im Falle eines sehr kalten Winters wieder aufzunehmen. Diesem Umstand ist auch das vom Sender <em>NOS<\/em> angesprochene Misstrauen der \u00f6rtlichen Bev\u00f6lkerung geschuldet.<\/p>\n<p>Das riesige Gasfeld in Groningen im Norden der Niederlande wurde 1959 entdeckt, seine Erschlie\u00dfung begann 1963. Die ersten f\u00f6rderbaren Reserven des blauen Brennstoffs beliefen sich auf 2,9 Billionen Kubikmeter. Viele Jahre lang war das Feld die wichtigste Quelle f\u00fcr die Gasversorgung in Nordwesteuropa, doch aufgrund zahlreicher Erdbeben in der Provinz in den 1990er-Jahren beschlossen die niederl\u00e4ndischen Beh\u00f6rden, die F\u00f6rderung schrittweise einzuschr\u00e4nken. Deutschland war einer der gr\u00f6\u00dften Abnehmer niederl\u00e4ndischen Erdgases. Nach dem Ende der Nord Stream-Pipelines und den Spannungen mit Russland sind die Niederlande die zweite wichtige Bezugsquelle, auf die Deutschland verzichten muss.<\/p>\n<p><strong>Mehr zum Thema<\/strong> &#8211; <a rel=\"nofollow noopener\" target=\"_blank\" href=\"https:\/\/freedert.online\/international\/129773-hoherer-gas-bedarf-von-deutschland\/\">H\u00f6herer Gasbedarf Deutschlands alarmiert Niederlande<\/a><\/p>\n<\/p>\n<\/div>\n<p><br \/>\n<br \/><a href=\"https:\/\/de.rt.com\/europa\/182393-groningen-europas-groesstes-gasfeld-stellt\/\">Source link <\/a><\/p>\n","protected":false},"excerpt":{"rendered":"<p>Das Ende der Gasf\u00f6rderung in den Niederlanden zeichnete sich nach den Erdbeben, die auf diese zur\u00fcckgef\u00fchrt wurden, seit einigen Jahren ab. Am fr\u00fchen Morgen des 1. Oktober 2023 gingen die Lichter im Gasfeld Groningen nun wohl endg\u00fcltig aus. Europas gr\u00f6\u00dftes Gasfeld in der niederl\u00e4ndischen Stadt Groningen hat die F\u00f6rderung des blauen Brennstoffs am Sonntagmorgen, wie [&hellip;]<\/p>\n","protected":false},"author":3,"featured_media":47321,"comment_status":"open","ping_status":"open","sticky":false,"template":"","format":"standard","meta":{"_yoast_indexnow_last_ping":["1696184336"],"wp_automatic_camp":["217"],"bf04479fda831d17c44f043db121dea8":["Groningen: Europas gr\u00f6\u00dftes Gasfeld stellt Gasf\u00f6rderung ein"],"original_link":["https:\/\/de.rt.com\/europa\/182393-groningen-europas-groesstes-gasfeld-stellt\/"],"_thumbnail_id":["47321"],"_wptgpro_p2tg_sent2tg":["a:1:{i:23737;s:19:\"2023-10-01 20:20:01\";}"],"jnews_social_counter_last_update":["1777404261"]},"categories":[19,23],"tags":[357,1293,37887,24516,49407,24849,15979],"yoast_head":"<!-- This site is optimized with the Yoast SEO Premium plugin v22.7 (Yoast SEO v22.7) - https:\/\/yoast.com\/wordpress\/plugins\/seo\/ -->\n<title>Groningen: Europas gr\u00f6\u00dftes Gasfeld stellt Gasf\u00f6rderung ein - just-now.NEWS Deutschland<\/title>\n<meta name=\"robots\" content=\"index, follow, max-snippet:-1, max-image-preview:large, max-video-preview:-1\" \/>\n<link rel=\"canonical\" href=\"https:\/\/now-news.de\/de\/deutschland\/groningen-europas-groesstes-gasfeld-stellt-gasfoerderung-ein\/\" \/>\n<meta property=\"og:locale\" content=\"de_DE\" \/>\n<meta property=\"og:type\" content=\"article\" \/>\n<meta property=\"og:title\" content=\"Groningen: Europas gr\u00f6\u00dftes Gasfeld stellt Gasf\u00f6rderung ein\" \/>\n<meta property=\"og:description\" content=\"Das Ende der Gasf\u00f6rderung in den Niederlanden zeichnete sich nach den Erdbeben, die auf diese zur\u00fcckgef\u00fchrt wurden, seit einigen Jahren ab. Am fr\u00fchen Morgen des 1. Oktober 2023 gingen die Lichter im Gasfeld Groningen nun wohl endg\u00fcltig aus. Europas gr\u00f6\u00dftes Gasfeld in der niederl\u00e4ndischen Stadt Groningen hat die F\u00f6rderung des blauen Brennstoffs am Sonntagmorgen, wie [&hellip;]\" \/>\n<meta property=\"og:url\" content=\"https:\/\/now-news.de\/de\/deutschland\/groningen-europas-groesstes-gasfeld-stellt-gasfoerderung-ein\/\" \/>\n<meta property=\"og:site_name\" content=\"just-now.NEWS Deutschland\" \/>\n<meta property=\"article:publisher\" content=\"https:\/\/www.facebook.com\/wirmachenauf\" \/>\n<meta property=\"article:published_time\" content=\"2023-10-01T18:17:56+00:00\" \/>\n<meta property=\"og:image\" content=\"https:\/\/now-news.de\/de\/wp-content\/uploads\/sites\/3\/2023\/10\/Groningen-Europas-groesstes-Gasfeld-stellt-Gasfoerderung-ein.jpg\" \/>\n\t<meta property=\"og:image:width\" content=\"460\" \/>\n\t<meta property=\"og:image:height\" content=\"259\" \/>\n\t<meta property=\"og:image:type\" content=\"image\/jpeg\" \/>\n<meta name=\"author\" content=\"rtnews\" \/>\n<meta name=\"twitter:card\" content=\"summary_large_image\" \/>\n<meta name=\"twitter:creator\" content=\"@WirMachenAuf_de\" \/>\n<meta name=\"twitter:site\" content=\"@WirMachenAuf_de\" \/>\n<meta name=\"twitter:label1\" content=\"Verfasst von\" \/>\n\t<meta name=\"twitter:data1\" content=\"rtnews\" \/>\n\t<meta name=\"twitter:label2\" content=\"Gesch\u00e4tzte Lesezeit\" \/>\n\t<meta name=\"twitter:data2\" content=\"2\u00a0Minuten\" \/>\n<script type=\"application\/ld+json\" class=\"yoast-schema-graph\">{\"@context\":\"https:\/\/schema.org\",\"@graph\":[{\"@type\":\"Article\",\"@id\":\"https:\/\/now-news.de\/de\/deutschland\/groningen-europas-groesstes-gasfeld-stellt-gasfoerderung-ein\/#article\",\"isPartOf\":{\"@id\":\"https:\/\/now-news.de\/de\/deutschland\/groningen-europas-groesstes-gasfeld-stellt-gasfoerderung-ein\/\"},\"author\":{\"name\":\"rtnews\",\"@id\":\"https:\/\/now-news.de\/de\/#\/schema\/person\/fb534a4e865501d8b3285208df34a9b5\"},\"headline\":\"Groningen: Europas gr\u00f6\u00dftes Gasfeld stellt Gasf\u00f6rderung ein\",\"datePublished\":\"2023-10-01T18:17:56+00:00\",\"dateModified\":\"2023-10-01T18:17:56+00:00\",\"mainEntityOfPage\":{\"@id\":\"https:\/\/now-news.de\/de\/deutschland\/groningen-europas-groesstes-gasfeld-stellt-gasfoerderung-ein\/\"},\"wordCount\":412,\"commentCount\":0,\"publisher\":{\"@id\":\"https:\/\/now-news.de\/de\/#organization\"},\"image\":{\"@id\":\"https:\/\/now-news.de\/de\/deutschland\/groningen-europas-groesstes-gasfeld-stellt-gasfoerderung-ein\/#primaryimage\"},\"thumbnailUrl\":\"https:\/\/now-news.de\/de\/wp-content\/uploads\/sites\/3\/2023\/10\/Groningen-Europas-groesstes-Gasfeld-stellt-Gasfoerderung-ein.jpg\",\"keywords\":[\"ein\",\"Europas\",\"Gasfeld\",\"Gasf\u00f6rderung\",\"Groningen\",\"gr\u00f6\u00dftes\",\"stellt\"],\"articleSection\":[\"Deutschland\",\"Russland\"],\"inLanguage\":\"de\",\"potentialAction\":[{\"@type\":\"CommentAction\",\"name\":\"Comment\",\"target\":[\"https:\/\/now-news.de\/de\/deutschland\/groningen-europas-groesstes-gasfeld-stellt-gasfoerderung-ein\/#respond\"]}]},{\"@type\":\"WebPage\",\"@id\":\"https:\/\/now-news.de\/de\/deutschland\/groningen-europas-groesstes-gasfeld-stellt-gasfoerderung-ein\/\",\"url\":\"https:\/\/now-news.de\/de\/deutschland\/groningen-europas-groesstes-gasfeld-stellt-gasfoerderung-ein\/\",\"name\":\"Groningen: Europas gr\u00f6\u00dftes Gasfeld stellt Gasf\u00f6rderung ein - just-now.NEWS Deutschland\",\"isPartOf\":{\"@id\":\"https:\/\/now-news.de\/de\/#website\"},\"primaryImageOfPage\":{\"@id\":\"https:\/\/now-news.de\/de\/deutschland\/groningen-europas-groesstes-gasfeld-stellt-gasfoerderung-ein\/#primaryimage\"},\"image\":{\"@id\":\"https:\/\/now-news.de\/de\/deutschland\/groningen-europas-groesstes-gasfeld-stellt-gasfoerderung-ein\/#primaryimage\"},\"thumbnailUrl\":\"https:\/\/now-news.de\/de\/wp-content\/uploads\/sites\/3\/2023\/10\/Groningen-Europas-groesstes-Gasfeld-stellt-Gasfoerderung-ein.jpg\",\"datePublished\":\"2023-10-01T18:17:56+00:00\",\"dateModified\":\"2023-10-01T18:17:56+00:00\",\"breadcrumb\":{\"@id\":\"https:\/\/now-news.de\/de\/deutschland\/groningen-europas-groesstes-gasfeld-stellt-gasfoerderung-ein\/#breadcrumb\"},\"inLanguage\":\"de\",\"potentialAction\":[{\"@type\":\"ReadAction\",\"target\":[\"https:\/\/now-news.de\/de\/deutschland\/groningen-europas-groesstes-gasfeld-stellt-gasfoerderung-ein\/\"]}]},{\"@type\":\"ImageObject\",\"inLanguage\":\"de\",\"@id\":\"https:\/\/now-news.de\/de\/deutschland\/groningen-europas-groesstes-gasfeld-stellt-gasfoerderung-ein\/#primaryimage\",\"url\":\"https:\/\/now-news.de\/de\/wp-content\/uploads\/sites\/3\/2023\/10\/Groningen-Europas-groesstes-Gasfeld-stellt-Gasfoerderung-ein.jpg\",\"contentUrl\":\"https:\/\/now-news.de\/de\/wp-content\/uploads\/sites\/3\/2023\/10\/Groningen-Europas-groesstes-Gasfeld-stellt-Gasfoerderung-ein.jpg\",\"width\":460,\"height\":259,\"caption\":\"Groningen: Europas gr\u00f6\u00dftes Gasfeld stellt Gasf\u00f6rderung ein\"},{\"@type\":\"BreadcrumbList\",\"@id\":\"https:\/\/now-news.de\/de\/deutschland\/groningen-europas-groesstes-gasfeld-stellt-gasfoerderung-ein\/#breadcrumb\",\"itemListElement\":[{\"@type\":\"ListItem\",\"position\":1,\"name\":\"Home\",\"item\":\"https:\/\/now-news.de\/de\/\"},{\"@type\":\"ListItem\",\"position\":2,\"name\":\"Groningen: Europas gr\u00f6\u00dftes Gasfeld stellt Gasf\u00f6rderung ein\"}]},{\"@type\":\"WebSite\",\"@id\":\"https:\/\/now-news.de\/de\/#website\",\"url\":\"https:\/\/now-news.de\/de\/\",\"name\":\"just-now.NEWS Deutschland\",\"description\":\"Das Portal f\u00fcr unzensierte Nachrichten aus der Welt\",\"publisher\":{\"@id\":\"https:\/\/now-news.de\/de\/#organization\"},\"potentialAction\":[{\"@type\":\"SearchAction\",\"target\":{\"@type\":\"EntryPoint\",\"urlTemplate\":\"https:\/\/now-news.de\/de\/?s={search_term_string}\"},\"query-input\":\"required name=search_term_string\"}],\"inLanguage\":\"de\"},{\"@type\":\"Organization\",\"@id\":\"https:\/\/now-news.de\/de\/#organization\",\"name\":\"Just Now News\",\"url\":\"https:\/\/now-news.de\/de\/\",\"logo\":{\"@type\":\"ImageObject\",\"inLanguage\":\"de\",\"@id\":\"https:\/\/now-news.de\/de\/#\/schema\/logo\/image\/\",\"url\":\"http:\/\/just-now.news\/de\/wp-content\/uploads\/sites\/3\/2022\/04\/logo500x500.jpg\",\"contentUrl\":\"http:\/\/just-now.news\/de\/wp-content\/uploads\/sites\/3\/2022\/04\/logo500x500.jpg\",\"width\":500,\"height\":500,\"caption\":\"Just Now News\"},\"image\":{\"@id\":\"https:\/\/now-news.de\/de\/#\/schema\/logo\/image\/\"},\"sameAs\":[\"https:\/\/www.facebook.com\/wirmachenauf\",\"https:\/\/x.com\/WirMachenAuf_de\"]},{\"@type\":\"Person\",\"@id\":\"https:\/\/now-news.de\/de\/#\/schema\/person\/fb534a4e865501d8b3285208df34a9b5\",\"name\":\"rtnews\",\"image\":{\"@type\":\"ImageObject\",\"inLanguage\":\"de\",\"@id\":\"https:\/\/now-news.de\/de\/#\/schema\/person\/image\/\",\"url\":\"https:\/\/secure.gravatar.com\/avatar\/82aafea7d8127119dd649515f56e2117?s=96&d=mm&r=g\",\"contentUrl\":\"https:\/\/secure.gravatar.com\/avatar\/82aafea7d8127119dd649515f56e2117?s=96&d=mm&r=g\",\"caption\":\"rtnews\"},\"url\":\"https:\/\/now-news.de\/de\/author\/rnews\/\"}]}<\/script>\n<!-- \/ Yoast SEO Premium plugin. -->","yoast_head_json":{"title":"Groningen: Europas gr\u00f6\u00dftes Gasfeld stellt Gasf\u00f6rderung ein - just-now.NEWS Deutschland","robots":{"index":"index","follow":"follow","max-snippet":"max-snippet:-1","max-image-preview":"max-image-preview:large","max-video-preview":"max-video-preview:-1"},"canonical":"https:\/\/now-news.de\/de\/deutschland\/groningen-europas-groesstes-gasfeld-stellt-gasfoerderung-ein\/","og_locale":"de_DE","og_type":"article","og_title":"Groningen: Europas gr\u00f6\u00dftes Gasfeld stellt Gasf\u00f6rderung ein","og_description":"Das Ende der Gasf\u00f6rderung in den Niederlanden zeichnete sich nach den Erdbeben, die auf diese zur\u00fcckgef\u00fchrt wurden, seit einigen Jahren ab. Am fr\u00fchen Morgen des 1. Oktober 2023 gingen die Lichter im Gasfeld Groningen nun wohl endg\u00fcltig aus. Europas gr\u00f6\u00dftes Gasfeld in der niederl\u00e4ndischen Stadt Groningen hat die F\u00f6rderung des blauen Brennstoffs am Sonntagmorgen, wie [&hellip;]","og_url":"https:\/\/now-news.de\/de\/deutschland\/groningen-europas-groesstes-gasfeld-stellt-gasfoerderung-ein\/","og_site_name":"just-now.NEWS Deutschland","article_publisher":"https:\/\/www.facebook.com\/wirmachenauf","article_published_time":"2023-10-01T18:17:56+00:00","og_image":[{"width":460,"height":259,"url":"https:\/\/now-news.de\/de\/wp-content\/uploads\/sites\/3\/2023\/10\/Groningen-Europas-groesstes-Gasfeld-stellt-Gasfoerderung-ein.jpg","type":"image\/jpeg"}],"author":"rtnews","twitter_card":"summary_large_image","twitter_creator":"@WirMachenAuf_de","twitter_site":"@WirMachenAuf_de","twitter_misc":{"Verfasst von":"rtnews","Gesch\u00e4tzte Lesezeit":"2\u00a0Minuten"},"schema":{"@context":"https:\/\/schema.org","@graph":[{"@type":"Article","@id":"https:\/\/now-news.de\/de\/deutschland\/groningen-europas-groesstes-gasfeld-stellt-gasfoerderung-ein\/#article","isPartOf":{"@id":"https:\/\/now-news.de\/de\/deutschland\/groningen-europas-groesstes-gasfeld-stellt-gasfoerderung-ein\/"},"author":{"name":"rtnews","@id":"https:\/\/now-news.de\/de\/#\/schema\/person\/fb534a4e865501d8b3285208df34a9b5"},"headline":"Groningen: Europas gr\u00f6\u00dftes Gasfeld stellt Gasf\u00f6rderung ein","datePublished":"2023-10-01T18:17:56+00:00","dateModified":"2023-10-01T18:17:56+00:00","mainEntityOfPage":{"@id":"https:\/\/now-news.de\/de\/deutschland\/groningen-europas-groesstes-gasfeld-stellt-gasfoerderung-ein\/"},"wordCount":412,"commentCount":0,"publisher":{"@id":"https:\/\/now-news.de\/de\/#organization"},"image":{"@id":"https:\/\/now-news.de\/de\/deutschland\/groningen-europas-groesstes-gasfeld-stellt-gasfoerderung-ein\/#primaryimage"},"thumbnailUrl":"https:\/\/now-news.de\/de\/wp-content\/uploads\/sites\/3\/2023\/10\/Groningen-Europas-groesstes-Gasfeld-stellt-Gasfoerderung-ein.jpg","keywords":["ein","Europas","Gasfeld","Gasf\u00f6rderung","Groningen","gr\u00f6\u00dftes","stellt"],"articleSection":["Deutschland","Russland"],"inLanguage":"de","potentialAction":[{"@type":"CommentAction","name":"Comment","target":["https:\/\/now-news.de\/de\/deutschland\/groningen-europas-groesstes-gasfeld-stellt-gasfoerderung-ein\/#respond"]}]},{"@type":"WebPage","@id":"https:\/\/now-news.de\/de\/deutschland\/groningen-europas-groesstes-gasfeld-stellt-gasfoerderung-ein\/","url":"https:\/\/now-news.de\/de\/deutschland\/groningen-europas-groesstes-gasfeld-stellt-gasfoerderung-ein\/","name":"Groningen: Europas gr\u00f6\u00dftes Gasfeld stellt Gasf\u00f6rderung ein - just-now.NEWS Deutschland","isPartOf":{"@id":"https:\/\/now-news.de\/de\/#website"},"primaryImageOfPage":{"@id":"https:\/\/now-news.de\/de\/deutschland\/groningen-europas-groesstes-gasfeld-stellt-gasfoerderung-ein\/#primaryimage"},"image":{"@id":"https:\/\/now-news.de\/de\/deutschland\/groningen-europas-groesstes-gasfeld-stellt-gasfoerderung-ein\/#primaryimage"},"thumbnailUrl":"https:\/\/now-news.de\/de\/wp-content\/uploads\/sites\/3\/2023\/10\/Groningen-Europas-groesstes-Gasfeld-stellt-Gasfoerderung-ein.jpg","datePublished":"2023-10-01T18:17:56+00:00","dateModified":"2023-10-01T18:17:56+00:00","breadcrumb":{"@id":"https:\/\/now-news.de\/de\/deutschland\/groningen-europas-groesstes-gasfeld-stellt-gasfoerderung-ein\/#breadcrumb"},"inLanguage":"de","potentialAction":[{"@type":"ReadAction","target":["https:\/\/now-news.de\/de\/deutschland\/groningen-europas-groesstes-gasfeld-stellt-gasfoerderung-ein\/"]}]},{"@type":"ImageObject","inLanguage":"de","@id":"https:\/\/now-news.de\/de\/deutschland\/groningen-europas-groesstes-gasfeld-stellt-gasfoerderung-ein\/#primaryimage","url":"https:\/\/now-news.de\/de\/wp-content\/uploads\/sites\/3\/2023\/10\/Groningen-Europas-groesstes-Gasfeld-stellt-Gasfoerderung-ein.jpg","contentUrl":"https:\/\/now-news.de\/de\/wp-content\/uploads\/sites\/3\/2023\/10\/Groningen-Europas-groesstes-Gasfeld-stellt-Gasfoerderung-ein.jpg","width":460,"height":259,"caption":"Groningen: Europas gr\u00f6\u00dftes Gasfeld stellt Gasf\u00f6rderung ein"},{"@type":"BreadcrumbList","@id":"https:\/\/now-news.de\/de\/deutschland\/groningen-europas-groesstes-gasfeld-stellt-gasfoerderung-ein\/#breadcrumb","itemListElement":[{"@type":"ListItem","position":1,"name":"Home","item":"https:\/\/now-news.de\/de\/"},{"@type":"ListItem","position":2,"name":"Groningen: Europas gr\u00f6\u00dftes Gasfeld stellt Gasf\u00f6rderung ein"}]},{"@type":"WebSite","@id":"https:\/\/now-news.de\/de\/#website","url":"https:\/\/now-news.de\/de\/","name":"just-now.NEWS Deutschland","description":"Das Portal f\u00fcr unzensierte Nachrichten aus der Welt","publisher":{"@id":"https:\/\/now-news.de\/de\/#organization"},"potentialAction":[{"@type":"SearchAction","target":{"@type":"EntryPoint","urlTemplate":"https:\/\/now-news.de\/de\/?s={search_term_string}"},"query-input":"required name=search_term_string"}],"inLanguage":"de"},{"@type":"Organization","@id":"https:\/\/now-news.de\/de\/#organization","name":"Just Now News","url":"https:\/\/now-news.de\/de\/","logo":{"@type":"ImageObject","inLanguage":"de","@id":"https:\/\/now-news.de\/de\/#\/schema\/logo\/image\/","url":"http:\/\/just-now.news\/de\/wp-content\/uploads\/sites\/3\/2022\/04\/logo500x500.jpg","contentUrl":"http:\/\/just-now.news\/de\/wp-content\/uploads\/sites\/3\/2022\/04\/logo500x500.jpg","width":500,"height":500,"caption":"Just Now News"},"image":{"@id":"https:\/\/now-news.de\/de\/#\/schema\/logo\/image\/"},"sameAs":["https:\/\/www.facebook.com\/wirmachenauf","https:\/\/x.com\/WirMachenAuf_de"]},{"@type":"Person","@id":"https:\/\/now-news.de\/de\/#\/schema\/person\/fb534a4e865501d8b3285208df34a9b5","name":"rtnews","image":{"@type":"ImageObject","inLanguage":"de","@id":"https:\/\/now-news.de\/de\/#\/schema\/person\/image\/","url":"https:\/\/secure.gravatar.com\/avatar\/82aafea7d8127119dd649515f56e2117?s=96&d=mm&r=g","contentUrl":"https:\/\/secure.gravatar.com\/avatar\/82aafea7d8127119dd649515f56e2117?s=96&d=mm&r=g","caption":"rtnews"},"url":"https:\/\/now-news.de\/de\/author\/rnews\/"}]}},"_links":{"self":[{"href":"https:\/\/now-news.de\/de\/wp-json\/wp\/v2\/posts\/47320"}],"collection":[{"href":"https:\/\/now-news.de\/de\/wp-json\/wp\/v2\/posts"}],"about":[{"href":"https:\/\/now-news.de\/de\/wp-json\/wp\/v2\/types\/post"}],"author":[{"embeddable":true,"href":"https:\/\/now-news.de\/de\/wp-json\/wp\/v2\/users\/3"}],"replies":[{"embeddable":true,"href":"https:\/\/now-news.de\/de\/wp-json\/wp\/v2\/comments?post=47320"}],"version-history":[{"count":0,"href":"https:\/\/now-news.de\/de\/wp-json\/wp\/v2\/posts\/47320\/revisions"}],"wp:featuredmedia":[{"embeddable":true,"href":"https:\/\/now-news.de\/de\/wp-json\/wp\/v2\/media\/47321"}],"wp:attachment":[{"href":"https:\/\/now-news.de\/de\/wp-json\/wp\/v2\/media?parent=47320"}],"wp:term":[{"taxonomy":"category","embeddable":true,"href":"https:\/\/now-news.de\/de\/wp-json\/wp\/v2\/categories?post=47320"},{"taxonomy":"post_tag","embeddable":true,"href":"https:\/\/now-news.de\/de\/wp-json\/wp\/v2\/tags?post=47320"}],"curies":[{"name":"wp","href":"https:\/\/api.w.org\/{rel}","templated":true}]}}