{"id":47266,"date":"2023-09-30T15:10:47","date_gmt":"2023-09-30T13:10:47","guid":{"rendered":"https:\/\/just-now.news\/de\/deutschland\/medien-rumaenien-verlegt-luftabwehrkraefte-an-grenze-zu-ukraine\/"},"modified":"2023-09-30T15:10:47","modified_gmt":"2023-09-30T13:10:47","slug":"medien-rumaenien-verlegt-luftabwehrkraefte-an-grenze-zu-ukraine","status":"publish","type":"post","link":"https:\/\/now-news.de\/de\/deutschland\/medien-rumaenien-verlegt-luftabwehrkraefte-an-grenze-zu-ukraine\/","title":{"rendered":"Medien: Rum\u00e4nien verlegt Luftabwehrkr\u00e4fte an Grenze zu Ukraine"},"content":{"rendered":"<p><img decoding=\"async\" src=\"http:\/\/just-now.news\/de\/wp-content\/uploads\/sites\/3\/2023\/09\/65180ef6b480cc32cd59cc6c.jpg\" \/><\/p>\n<div class=\"Text-root Text-type_1 \">\n                Berichten zufolge verlegt Rum\u00e4nien seine Luftabwehrkr\u00e4fte an die Grenze zur Ukraine. Die Ma\u00dfnahmen sollen auf die wachsende Besorgnis Rum\u00e4niens und der NATO zur\u00fcckzuf\u00fchren sein, dass der Ukraine-Konflikt Nachbarstaaten betreffen k\u00f6nnte.\n            <\/div>\n<p><\/p>\n<div class=\"Text-root Text-type_5 ArticleView-text ViewText-root \">\n<p>Wie<em> Reuters<\/em> unter Berufung auf zwei hochrangige Verteidigungsquellen <a rel=\"nofollow noopener\" target=\"_blank\" href=\"https:\/\/www.reuters.com\/world\/europe\/romania-bolsters-defences-stop-ukraine-war-crossing-nato-threshold-2023-09-29\/\">berichtet<\/a>, verst\u00e4rkt Rum\u00e4nien seine Verteidigung entlang der Grenze zur Ukraine, indem es Luftverteidigungskr\u00e4fte verlege und zus\u00e4tzliche milit\u00e4rische Beobachtungsposten und Patrouillen dort konzentriert. Dabei soll es sich um D\u00f6rfer an der Donau handeln, die den Fluss entlang an die Ukraine grenzen.<\/p>\n<p>Zusammen mit der Stationierung zus\u00e4tzlicher US-Kampfjets vom Typ F-16 und der Ausweitung der Flugverbotszone seien diese Ma\u00dfnahmen Bukarests ein Zeichen f\u00fcr die wachsende Besorgnis sowohl im Land selbst als auch in der NATO, dass der Konflikt in der Ukraine auf ihr Gebiet \u00fcbergreifen k\u00f6nnte, so die Nachrichtenagentur.<\/p>\n<p>Laut den Gespr\u00e4chspartnern von <em>Reuters<\/em> erh\u00f6hen die Vorf\u00e4lle im Zusammenhang mit dem Absturz von Drohnen auf rum\u00e4nischem Hoheitsgebiet das Risiko von Missverst\u00e4ndnissen zwischen Russland und der NATO und zwingen die rum\u00e4nischen Streitkr\u00e4fte, die Sicherheitsma\u00dfnahmen zum Schutz der Zivilbev\u00f6lkerung zu verst\u00e4rken.<\/p>\n<p>Zuvor hat das rum\u00e4nische Verteidigungsministerium mitgeteilt, dass rund 100 US-Soldaten und vier F-16-Flugzeuge auf dem Milit\u00e4rflugplatz Borcea, etwa 150 Kilometer s\u00fcdlich der ukrainischen Stadt Ismail, eingetroffen seien. Auch die Flugverbotszone entlang der Grenze zur Ukraine wurde Mitte September auf 30 Kilometer ausgeweitet.<\/p>\n<p>Im September meldete das rum\u00e4nische Milit\u00e4r dreimal den Absturz von Drohnen auf dem rum\u00e4nischen Staatsgebiet. Im ersten Fall wurden die Wrackteile in der N\u00e4he des Dorfes Plauru aufgefunden, das sich am Donauufer auf der anderen Seite des Flusses von Ismail befindet. Sp\u00e4ter wurden Teile einer zweiten Drohne gefunden, die nach Angaben des Ministeriums &#8220;denen \u00e4hnelte, die von der russischen Armee verwendet werden&#8221;. Eine dritte Drohne wurde in der Provinz Tulcea, 14 Kilometer von der ukrainischen Grenze entfernt, gefunden. Das rum\u00e4nische Au\u00dfenministerium lud den russischen Gesandten zweimal vor und protestierte gegen die Verletzung des Luftraums.<\/p>\n<p>Pr\u00e4sident Klaus Johannis machte seinerseits klar, dass die russischen Drohnen Rum\u00e4nien nicht angegriffen h\u00e4tten. Zugleich bezeichnete er die Vorf\u00e4lle als &#8220;ein reales Problem&#8221;. Auch die NATO sah keinen &#8220;vors\u00e4tzlichen Angriff&#8221; Russlands.<\/p>\n<p><strong>Mehr zum Thema<\/strong> \u2013 <a rel=\"nofollow noopener\" target=\"_blank\" href=\"https:\/\/kurz.rt.com\/3jpr\">Russische Unprofessionalit\u00e4t oder Juwelierarbeit? Zum Absturz der US-Drohne \u00fcber dem Schwarzen Meer<\/a><\/p>\n<\/div>\n<p><br \/>\n<br \/><a href=\"https:\/\/de.rt.com\/international\/182315-medien-rumaenien-verlegt-luftabwehrkraefte-an-grenze-zu-ukraine\/\">Source link <\/a><\/p>\n","protected":false},"excerpt":{"rendered":"<p>Berichten zufolge verlegt Rum\u00e4nien seine Luftabwehrkr\u00e4fte an die Grenze zur Ukraine. Die Ma\u00dfnahmen sollen auf die wachsende Besorgnis Rum\u00e4niens und der NATO zur\u00fcckzuf\u00fchren sein, dass der Ukraine-Konflikt Nachbarstaaten betreffen k\u00f6nnte. Wie Reuters unter Berufung auf zwei hochrangige Verteidigungsquellen berichtet, verst\u00e4rkt Rum\u00e4nien seine Verteidigung entlang der Grenze zur Ukraine, indem es Luftverteidigungskr\u00e4fte verlege und zus\u00e4tzliche milit\u00e4rische [&hellip;]<\/p>\n","protected":false},"author":3,"featured_media":47267,"comment_status":"open","ping_status":"open","sticky":false,"template":"","format":"standard","meta":{"_yoast_indexnow_last_ping":["1696079577"],"wp_automatic_camp":["217"],"0b66a96775eac4e439e7a982ba085dc7":["Medien: Rum\u00e4nien verlegt Luftabwehrkr\u00e4fte an Grenze zu Ukraine"],"original_link":["https:\/\/de.rt.com\/international\/182315-medien-rumaenien-verlegt-luftabwehrkraefte-an-grenze-zu-ukraine\/"],"_thumbnail_id":["47267"],"_wptgpro_p2tg_sent2tg":["a:1:{i:23737;s:19:\"2023-09-30 15:13:58\";}"],"jnews_social_counter_last_update":["1777611447"]},"categories":[19,23],"tags":[366,49385,580,24443,127,21069],"yoast_head":"<!-- This site is optimized with the Yoast SEO Premium plugin v22.7 (Yoast SEO v22.7) - https:\/\/yoast.com\/wordpress\/plugins\/seo\/ -->\n<title>Medien: Rum\u00e4nien verlegt Luftabwehrkr\u00e4fte an Grenze zu Ukraine - just-now.NEWS Deutschland<\/title>\n<meta name=\"robots\" content=\"index, follow, max-snippet:-1, max-image-preview:large, max-video-preview:-1\" \/>\n<link rel=\"canonical\" href=\"https:\/\/now-news.de\/de\/deutschland\/medien-rumaenien-verlegt-luftabwehrkraefte-an-grenze-zu-ukraine\/\" \/>\n<meta property=\"og:locale\" content=\"de_DE\" \/>\n<meta property=\"og:type\" content=\"article\" \/>\n<meta property=\"og:title\" content=\"Medien: Rum\u00e4nien verlegt Luftabwehrkr\u00e4fte an Grenze zu Ukraine\" \/>\n<meta property=\"og:description\" content=\"Berichten zufolge verlegt Rum\u00e4nien seine Luftabwehrkr\u00e4fte an die Grenze zur Ukraine. Die Ma\u00dfnahmen sollen auf die wachsende Besorgnis Rum\u00e4niens und der NATO zur\u00fcckzuf\u00fchren sein, dass der Ukraine-Konflikt Nachbarstaaten betreffen k\u00f6nnte. Wie Reuters unter Berufung auf zwei hochrangige Verteidigungsquellen berichtet, verst\u00e4rkt Rum\u00e4nien seine Verteidigung entlang der Grenze zur Ukraine, indem es Luftverteidigungskr\u00e4fte verlege und zus\u00e4tzliche milit\u00e4rische [&hellip;]\" \/>\n<meta property=\"og:url\" content=\"https:\/\/now-news.de\/de\/deutschland\/medien-rumaenien-verlegt-luftabwehrkraefte-an-grenze-zu-ukraine\/\" \/>\n<meta property=\"og:site_name\" content=\"just-now.NEWS Deutschland\" \/>\n<meta property=\"article:publisher\" content=\"https:\/\/www.facebook.com\/wirmachenauf\" \/>\n<meta property=\"article:published_time\" content=\"2023-09-30T13:10:47+00:00\" \/>\n<meta property=\"og:image\" content=\"https:\/\/now-news.de\/de\/wp-content\/uploads\/sites\/3\/2023\/09\/Medien-Rumaenien-verlegt-Luftabwehrkraefte-an-Grenze-zu-Ukraine.jpg\" \/>\n\t<meta property=\"og:image:width\" content=\"460\" \/>\n\t<meta property=\"og:image:height\" content=\"259\" \/>\n\t<meta property=\"og:image:type\" content=\"image\/jpeg\" \/>\n<meta name=\"author\" content=\"rtnews\" \/>\n<meta name=\"twitter:card\" content=\"summary_large_image\" \/>\n<meta name=\"twitter:creator\" content=\"@WirMachenAuf_de\" \/>\n<meta name=\"twitter:site\" content=\"@WirMachenAuf_de\" \/>\n<meta name=\"twitter:label1\" content=\"Verfasst von\" \/>\n\t<meta name=\"twitter:data1\" content=\"rtnews\" \/>\n\t<meta name=\"twitter:label2\" content=\"Gesch\u00e4tzte Lesezeit\" \/>\n\t<meta name=\"twitter:data2\" content=\"2\u00a0Minuten\" \/>\n<script type=\"application\/ld+json\" class=\"yoast-schema-graph\">{\"@context\":\"https:\/\/schema.org\",\"@graph\":[{\"@type\":\"Article\",\"@id\":\"https:\/\/now-news.de\/de\/deutschland\/medien-rumaenien-verlegt-luftabwehrkraefte-an-grenze-zu-ukraine\/#article\",\"isPartOf\":{\"@id\":\"https:\/\/now-news.de\/de\/deutschland\/medien-rumaenien-verlegt-luftabwehrkraefte-an-grenze-zu-ukraine\/\"},\"author\":{\"name\":\"rtnews\",\"@id\":\"https:\/\/now-news.de\/de\/#\/schema\/person\/fb534a4e865501d8b3285208df34a9b5\"},\"headline\":\"Medien: Rum\u00e4nien verlegt Luftabwehrkr\u00e4fte an Grenze zu Ukraine\",\"datePublished\":\"2023-09-30T13:10:47+00:00\",\"dateModified\":\"2023-09-30T13:10:47+00:00\",\"mainEntityOfPage\":{\"@id\":\"https:\/\/now-news.de\/de\/deutschland\/medien-rumaenien-verlegt-luftabwehrkraefte-an-grenze-zu-ukraine\/\"},\"wordCount\":400,\"commentCount\":0,\"publisher\":{\"@id\":\"https:\/\/now-news.de\/de\/#organization\"},\"image\":{\"@id\":\"https:\/\/now-news.de\/de\/deutschland\/medien-rumaenien-verlegt-luftabwehrkraefte-an-grenze-zu-ukraine\/#primaryimage\"},\"thumbnailUrl\":\"https:\/\/now-news.de\/de\/wp-content\/uploads\/sites\/3\/2023\/09\/Medien-Rumaenien-verlegt-Luftabwehrkraefte-an-Grenze-zu-Ukraine.jpg\",\"keywords\":[\"Grenze\",\"Luftabwehrkr\u00e4fte\",\"Medien\",\"Rum\u00e4nien\",\"ukraine\",\"verlegt\"],\"articleSection\":[\"Deutschland\",\"Russland\"],\"inLanguage\":\"de\",\"potentialAction\":[{\"@type\":\"CommentAction\",\"name\":\"Comment\",\"target\":[\"https:\/\/now-news.de\/de\/deutschland\/medien-rumaenien-verlegt-luftabwehrkraefte-an-grenze-zu-ukraine\/#respond\"]}]},{\"@type\":\"WebPage\",\"@id\":\"https:\/\/now-news.de\/de\/deutschland\/medien-rumaenien-verlegt-luftabwehrkraefte-an-grenze-zu-ukraine\/\",\"url\":\"https:\/\/now-news.de\/de\/deutschland\/medien-rumaenien-verlegt-luftabwehrkraefte-an-grenze-zu-ukraine\/\",\"name\":\"Medien: Rum\u00e4nien verlegt Luftabwehrkr\u00e4fte an Grenze zu Ukraine - just-now.NEWS Deutschland\",\"isPartOf\":{\"@id\":\"https:\/\/now-news.de\/de\/#website\"},\"primaryImageOfPage\":{\"@id\":\"https:\/\/now-news.de\/de\/deutschland\/medien-rumaenien-verlegt-luftabwehrkraefte-an-grenze-zu-ukraine\/#primaryimage\"},\"image\":{\"@id\":\"https:\/\/now-news.de\/de\/deutschland\/medien-rumaenien-verlegt-luftabwehrkraefte-an-grenze-zu-ukraine\/#primaryimage\"},\"thumbnailUrl\":\"https:\/\/now-news.de\/de\/wp-content\/uploads\/sites\/3\/2023\/09\/Medien-Rumaenien-verlegt-Luftabwehrkraefte-an-Grenze-zu-Ukraine.jpg\",\"datePublished\":\"2023-09-30T13:10:47+00:00\",\"dateModified\":\"2023-09-30T13:10:47+00:00\",\"breadcrumb\":{\"@id\":\"https:\/\/now-news.de\/de\/deutschland\/medien-rumaenien-verlegt-luftabwehrkraefte-an-grenze-zu-ukraine\/#breadcrumb\"},\"inLanguage\":\"de\",\"potentialAction\":[{\"@type\":\"ReadAction\",\"target\":[\"https:\/\/now-news.de\/de\/deutschland\/medien-rumaenien-verlegt-luftabwehrkraefte-an-grenze-zu-ukraine\/\"]}]},{\"@type\":\"ImageObject\",\"inLanguage\":\"de\",\"@id\":\"https:\/\/now-news.de\/de\/deutschland\/medien-rumaenien-verlegt-luftabwehrkraefte-an-grenze-zu-ukraine\/#primaryimage\",\"url\":\"https:\/\/now-news.de\/de\/wp-content\/uploads\/sites\/3\/2023\/09\/Medien-Rumaenien-verlegt-Luftabwehrkraefte-an-Grenze-zu-Ukraine.jpg\",\"contentUrl\":\"https:\/\/now-news.de\/de\/wp-content\/uploads\/sites\/3\/2023\/09\/Medien-Rumaenien-verlegt-Luftabwehrkraefte-an-Grenze-zu-Ukraine.jpg\",\"width\":460,\"height\":259,\"caption\":\"Medien: Rum\u00e4nien verlegt Luftabwehrkr\u00e4fte an Grenze zu Ukraine\"},{\"@type\":\"BreadcrumbList\",\"@id\":\"https:\/\/now-news.de\/de\/deutschland\/medien-rumaenien-verlegt-luftabwehrkraefte-an-grenze-zu-ukraine\/#breadcrumb\",\"itemListElement\":[{\"@type\":\"ListItem\",\"position\":1,\"name\":\"Home\",\"item\":\"https:\/\/now-news.de\/de\/\"},{\"@type\":\"ListItem\",\"position\":2,\"name\":\"Medien: Rum\u00e4nien verlegt Luftabwehrkr\u00e4fte an Grenze zu Ukraine\"}]},{\"@type\":\"WebSite\",\"@id\":\"https:\/\/now-news.de\/de\/#website\",\"url\":\"https:\/\/now-news.de\/de\/\",\"name\":\"just-now.NEWS Deutschland\",\"description\":\"Das Portal f\u00fcr unzensierte Nachrichten aus der Welt\",\"publisher\":{\"@id\":\"https:\/\/now-news.de\/de\/#organization\"},\"potentialAction\":[{\"@type\":\"SearchAction\",\"target\":{\"@type\":\"EntryPoint\",\"urlTemplate\":\"https:\/\/now-news.de\/de\/?s={search_term_string}\"},\"query-input\":\"required name=search_term_string\"}],\"inLanguage\":\"de\"},{\"@type\":\"Organization\",\"@id\":\"https:\/\/now-news.de\/de\/#organization\",\"name\":\"Just Now News\",\"url\":\"https:\/\/now-news.de\/de\/\",\"logo\":{\"@type\":\"ImageObject\",\"inLanguage\":\"de\",\"@id\":\"https:\/\/now-news.de\/de\/#\/schema\/logo\/image\/\",\"url\":\"http:\/\/just-now.news\/de\/wp-content\/uploads\/sites\/3\/2022\/04\/logo500x500.jpg\",\"contentUrl\":\"http:\/\/just-now.news\/de\/wp-content\/uploads\/sites\/3\/2022\/04\/logo500x500.jpg\",\"width\":500,\"height\":500,\"caption\":\"Just Now News\"},\"image\":{\"@id\":\"https:\/\/now-news.de\/de\/#\/schema\/logo\/image\/\"},\"sameAs\":[\"https:\/\/www.facebook.com\/wirmachenauf\",\"https:\/\/x.com\/WirMachenAuf_de\"]},{\"@type\":\"Person\",\"@id\":\"https:\/\/now-news.de\/de\/#\/schema\/person\/fb534a4e865501d8b3285208df34a9b5\",\"name\":\"rtnews\",\"image\":{\"@type\":\"ImageObject\",\"inLanguage\":\"de\",\"@id\":\"https:\/\/now-news.de\/de\/#\/schema\/person\/image\/\",\"url\":\"https:\/\/secure.gravatar.com\/avatar\/82aafea7d8127119dd649515f56e2117?s=96&d=mm&r=g\",\"contentUrl\":\"https:\/\/secure.gravatar.com\/avatar\/82aafea7d8127119dd649515f56e2117?s=96&d=mm&r=g\",\"caption\":\"rtnews\"},\"url\":\"https:\/\/now-news.de\/de\/author\/rnews\/\"}]}<\/script>\n<!-- \/ Yoast SEO Premium plugin. -->","yoast_head_json":{"title":"Medien: Rum\u00e4nien verlegt Luftabwehrkr\u00e4fte an Grenze zu Ukraine - just-now.NEWS Deutschland","robots":{"index":"index","follow":"follow","max-snippet":"max-snippet:-1","max-image-preview":"max-image-preview:large","max-video-preview":"max-video-preview:-1"},"canonical":"https:\/\/now-news.de\/de\/deutschland\/medien-rumaenien-verlegt-luftabwehrkraefte-an-grenze-zu-ukraine\/","og_locale":"de_DE","og_type":"article","og_title":"Medien: Rum\u00e4nien verlegt Luftabwehrkr\u00e4fte an Grenze zu Ukraine","og_description":"Berichten zufolge verlegt Rum\u00e4nien seine Luftabwehrkr\u00e4fte an die Grenze zur Ukraine. Die Ma\u00dfnahmen sollen auf die wachsende Besorgnis Rum\u00e4niens und der NATO zur\u00fcckzuf\u00fchren sein, dass der Ukraine-Konflikt Nachbarstaaten betreffen k\u00f6nnte. Wie Reuters unter Berufung auf zwei hochrangige Verteidigungsquellen berichtet, verst\u00e4rkt Rum\u00e4nien seine Verteidigung entlang der Grenze zur Ukraine, indem es Luftverteidigungskr\u00e4fte verlege und zus\u00e4tzliche milit\u00e4rische [&hellip;]","og_url":"https:\/\/now-news.de\/de\/deutschland\/medien-rumaenien-verlegt-luftabwehrkraefte-an-grenze-zu-ukraine\/","og_site_name":"just-now.NEWS Deutschland","article_publisher":"https:\/\/www.facebook.com\/wirmachenauf","article_published_time":"2023-09-30T13:10:47+00:00","og_image":[{"width":460,"height":259,"url":"https:\/\/now-news.de\/de\/wp-content\/uploads\/sites\/3\/2023\/09\/Medien-Rumaenien-verlegt-Luftabwehrkraefte-an-Grenze-zu-Ukraine.jpg","type":"image\/jpeg"}],"author":"rtnews","twitter_card":"summary_large_image","twitter_creator":"@WirMachenAuf_de","twitter_site":"@WirMachenAuf_de","twitter_misc":{"Verfasst von":"rtnews","Gesch\u00e4tzte Lesezeit":"2\u00a0Minuten"},"schema":{"@context":"https:\/\/schema.org","@graph":[{"@type":"Article","@id":"https:\/\/now-news.de\/de\/deutschland\/medien-rumaenien-verlegt-luftabwehrkraefte-an-grenze-zu-ukraine\/#article","isPartOf":{"@id":"https:\/\/now-news.de\/de\/deutschland\/medien-rumaenien-verlegt-luftabwehrkraefte-an-grenze-zu-ukraine\/"},"author":{"name":"rtnews","@id":"https:\/\/now-news.de\/de\/#\/schema\/person\/fb534a4e865501d8b3285208df34a9b5"},"headline":"Medien: Rum\u00e4nien verlegt Luftabwehrkr\u00e4fte an Grenze zu Ukraine","datePublished":"2023-09-30T13:10:47+00:00","dateModified":"2023-09-30T13:10:47+00:00","mainEntityOfPage":{"@id":"https:\/\/now-news.de\/de\/deutschland\/medien-rumaenien-verlegt-luftabwehrkraefte-an-grenze-zu-ukraine\/"},"wordCount":400,"commentCount":0,"publisher":{"@id":"https:\/\/now-news.de\/de\/#organization"},"image":{"@id":"https:\/\/now-news.de\/de\/deutschland\/medien-rumaenien-verlegt-luftabwehrkraefte-an-grenze-zu-ukraine\/#primaryimage"},"thumbnailUrl":"https:\/\/now-news.de\/de\/wp-content\/uploads\/sites\/3\/2023\/09\/Medien-Rumaenien-verlegt-Luftabwehrkraefte-an-Grenze-zu-Ukraine.jpg","keywords":["Grenze","Luftabwehrkr\u00e4fte","Medien","Rum\u00e4nien","ukraine","verlegt"],"articleSection":["Deutschland","Russland"],"inLanguage":"de","potentialAction":[{"@type":"CommentAction","name":"Comment","target":["https:\/\/now-news.de\/de\/deutschland\/medien-rumaenien-verlegt-luftabwehrkraefte-an-grenze-zu-ukraine\/#respond"]}]},{"@type":"WebPage","@id":"https:\/\/now-news.de\/de\/deutschland\/medien-rumaenien-verlegt-luftabwehrkraefte-an-grenze-zu-ukraine\/","url":"https:\/\/now-news.de\/de\/deutschland\/medien-rumaenien-verlegt-luftabwehrkraefte-an-grenze-zu-ukraine\/","name":"Medien: Rum\u00e4nien verlegt Luftabwehrkr\u00e4fte an Grenze zu Ukraine - just-now.NEWS Deutschland","isPartOf":{"@id":"https:\/\/now-news.de\/de\/#website"},"primaryImageOfPage":{"@id":"https:\/\/now-news.de\/de\/deutschland\/medien-rumaenien-verlegt-luftabwehrkraefte-an-grenze-zu-ukraine\/#primaryimage"},"image":{"@id":"https:\/\/now-news.de\/de\/deutschland\/medien-rumaenien-verlegt-luftabwehrkraefte-an-grenze-zu-ukraine\/#primaryimage"},"thumbnailUrl":"https:\/\/now-news.de\/de\/wp-content\/uploads\/sites\/3\/2023\/09\/Medien-Rumaenien-verlegt-Luftabwehrkraefte-an-Grenze-zu-Ukraine.jpg","datePublished":"2023-09-30T13:10:47+00:00","dateModified":"2023-09-30T13:10:47+00:00","breadcrumb":{"@id":"https:\/\/now-news.de\/de\/deutschland\/medien-rumaenien-verlegt-luftabwehrkraefte-an-grenze-zu-ukraine\/#breadcrumb"},"inLanguage":"de","potentialAction":[{"@type":"ReadAction","target":["https:\/\/now-news.de\/de\/deutschland\/medien-rumaenien-verlegt-luftabwehrkraefte-an-grenze-zu-ukraine\/"]}]},{"@type":"ImageObject","inLanguage":"de","@id":"https:\/\/now-news.de\/de\/deutschland\/medien-rumaenien-verlegt-luftabwehrkraefte-an-grenze-zu-ukraine\/#primaryimage","url":"https:\/\/now-news.de\/de\/wp-content\/uploads\/sites\/3\/2023\/09\/Medien-Rumaenien-verlegt-Luftabwehrkraefte-an-Grenze-zu-Ukraine.jpg","contentUrl":"https:\/\/now-news.de\/de\/wp-content\/uploads\/sites\/3\/2023\/09\/Medien-Rumaenien-verlegt-Luftabwehrkraefte-an-Grenze-zu-Ukraine.jpg","width":460,"height":259,"caption":"Medien: Rum\u00e4nien verlegt Luftabwehrkr\u00e4fte an Grenze zu Ukraine"},{"@type":"BreadcrumbList","@id":"https:\/\/now-news.de\/de\/deutschland\/medien-rumaenien-verlegt-luftabwehrkraefte-an-grenze-zu-ukraine\/#breadcrumb","itemListElement":[{"@type":"ListItem","position":1,"name":"Home","item":"https:\/\/now-news.de\/de\/"},{"@type":"ListItem","position":2,"name":"Medien: Rum\u00e4nien verlegt Luftabwehrkr\u00e4fte an Grenze zu Ukraine"}]},{"@type":"WebSite","@id":"https:\/\/now-news.de\/de\/#website","url":"https:\/\/now-news.de\/de\/","name":"just-now.NEWS Deutschland","description":"Das Portal f\u00fcr unzensierte Nachrichten aus der Welt","publisher":{"@id":"https:\/\/now-news.de\/de\/#organization"},"potentialAction":[{"@type":"SearchAction","target":{"@type":"EntryPoint","urlTemplate":"https:\/\/now-news.de\/de\/?s={search_term_string}"},"query-input":"required name=search_term_string"}],"inLanguage":"de"},{"@type":"Organization","@id":"https:\/\/now-news.de\/de\/#organization","name":"Just Now News","url":"https:\/\/now-news.de\/de\/","logo":{"@type":"ImageObject","inLanguage":"de","@id":"https:\/\/now-news.de\/de\/#\/schema\/logo\/image\/","url":"http:\/\/just-now.news\/de\/wp-content\/uploads\/sites\/3\/2022\/04\/logo500x500.jpg","contentUrl":"http:\/\/just-now.news\/de\/wp-content\/uploads\/sites\/3\/2022\/04\/logo500x500.jpg","width":500,"height":500,"caption":"Just Now News"},"image":{"@id":"https:\/\/now-news.de\/de\/#\/schema\/logo\/image\/"},"sameAs":["https:\/\/www.facebook.com\/wirmachenauf","https:\/\/x.com\/WirMachenAuf_de"]},{"@type":"Person","@id":"https:\/\/now-news.de\/de\/#\/schema\/person\/fb534a4e865501d8b3285208df34a9b5","name":"rtnews","image":{"@type":"ImageObject","inLanguage":"de","@id":"https:\/\/now-news.de\/de\/#\/schema\/person\/image\/","url":"https:\/\/secure.gravatar.com\/avatar\/82aafea7d8127119dd649515f56e2117?s=96&d=mm&r=g","contentUrl":"https:\/\/secure.gravatar.com\/avatar\/82aafea7d8127119dd649515f56e2117?s=96&d=mm&r=g","caption":"rtnews"},"url":"https:\/\/now-news.de\/de\/author\/rnews\/"}]}},"_links":{"self":[{"href":"https:\/\/now-news.de\/de\/wp-json\/wp\/v2\/posts\/47266"}],"collection":[{"href":"https:\/\/now-news.de\/de\/wp-json\/wp\/v2\/posts"}],"about":[{"href":"https:\/\/now-news.de\/de\/wp-json\/wp\/v2\/types\/post"}],"author":[{"embeddable":true,"href":"https:\/\/now-news.de\/de\/wp-json\/wp\/v2\/users\/3"}],"replies":[{"embeddable":true,"href":"https:\/\/now-news.de\/de\/wp-json\/wp\/v2\/comments?post=47266"}],"version-history":[{"count":0,"href":"https:\/\/now-news.de\/de\/wp-json\/wp\/v2\/posts\/47266\/revisions"}],"wp:featuredmedia":[{"embeddable":true,"href":"https:\/\/now-news.de\/de\/wp-json\/wp\/v2\/media\/47267"}],"wp:attachment":[{"href":"https:\/\/now-news.de\/de\/wp-json\/wp\/v2\/media?parent=47266"}],"wp:term":[{"taxonomy":"category","embeddable":true,"href":"https:\/\/now-news.de\/de\/wp-json\/wp\/v2\/categories?post=47266"},{"taxonomy":"post_tag","embeddable":true,"href":"https:\/\/now-news.de\/de\/wp-json\/wp\/v2\/tags?post=47266"}],"curies":[{"name":"wp","href":"https:\/\/api.w.org\/{rel}","templated":true}]}}