{"id":47264,"date":"2023-09-30T12:59:14","date_gmt":"2023-09-30T10:59:14","guid":{"rendered":"https:\/\/just-now.news\/de\/deutschland\/weiss-deutsche-oeffentlichkeit-davon-musk-zofft-sich-wegen-migrationspolitik-mit-auswaertigen-amt\/"},"modified":"2023-09-30T12:59:14","modified_gmt":"2023-09-30T10:59:14","slug":"weiss-deutsche-oeffentlichkeit-davon-musk-zofft-sich-wegen-migrationspolitik-mit-auswaertigen-amt","status":"publish","type":"post","link":"https:\/\/now-news.de\/de\/deutschland\/weiss-deutsche-oeffentlichkeit-davon-musk-zofft-sich-wegen-migrationspolitik-mit-auswaertigen-amt\/","title":{"rendered":"&quot;Wei\u00df deutsche \u00d6ffentlichkeit davon?&quot; \u2013 Musk zofft sich wegen Migrationspolitik mit Ausw\u00e4rtigen Amt"},"content":{"rendered":"<p><img decoding=\"async\" src=\"http:\/\/just-now.news\/de\/wp-content\/uploads\/sites\/3\/2023\/09\/6517ee9f48fbef5f895e004f.jpg\" \/><\/p>\n<div class=\"Text-root Text-type_1 \">\n                Der US-amerikanische Tech-Milliard\u00e4r Elon Musk und das Bundesau\u00dfenministerium haben sich auf X (ehemals Twitter) einen Schlagabtausch geliefert. Ausl\u00f6ser sind deutsche NGOs, die Migranten nach Italien bringen. Laut Musk hat das &#8220;etwas von einer Invasion&#8221;.\n            <\/div>\n<p><\/p>\n<div class=\"Text-root Text-type_5 ArticleView-text ViewText-root \">\n<p>Der US-Milliard\u00e4r Elon Musk hat auf seiner Internetplattform X die Hilfe von deutschen NGOs f\u00fcr Migranten im Mittelmeer kritisiert. Dabei wendete er sich direkt an das Bundesau\u00dfenministerium.<\/p>\n<p>Musk bezog sich in seinem Kommentar am Freitag auf einen italienischen Post, der die AfD gelobt und gleichzeitig kritisiert hatte, dass Rettungsschiffe von Hilfsorganisationen mit deutscher Unterst\u00fctzung Migranten aufnehmen.<\/p>\n<p>&#8220;Wei\u00df die deutsche \u00d6ffentlichkeit davon?&#8221;, fragte Musk auf der fr\u00fcher als Twitter bekannten Plattform, die ihm geh\u00f6rt. Das Ausw\u00e4rtige Amt reagierte \u00fcber seinen englischsprachigen X-Account prompt und antwortete:<\/p>\n<blockquote>\n<p><em>&#8220;Ja. Und das nennt man Leben retten.&#8221;<\/em><\/p>\n<\/blockquote>\n<p>Doch Musk legte nach und schrieb:<\/p>\n<blockquote>\n<p><em>&#8220;Ihr seid also wirklich stolz darauf. Interessant. Ehrlich gesagt bezweifle ich, dass die Mehrheit der deutschen \u00d6ffentlichkeit dies bef\u00fcrwortet. Haben Sie eine Umfrage durchgef\u00fchrt?&#8221;<\/em><\/p>\n<\/blockquote>\n<p>Wenn Deutschland gro\u00dfe Mengen &#8220;illegaler Einwanderer&#8221; auf italienischen Boden transportiere, habe das &#8220;Invasions-Vibes&#8221;, so Musk weiter.<\/p>\n<div class=\"EmbedBlock-root EmbedBlock-twitter\">\n<div class=\"TwitterEmbed\">\n<blockquote class=\"twitter-tweet lazyload\" data-twitter=\"twitter-tweet\">\n<p lang=\"en\" dir=\"ltr\">So you\u2019re actually proud of it. Interesting. Frankly, I doubt that a majority of the German public supports this. Have you run a poll?Surely it is a violation of the sovereignty of Italy for Germany to transport vast numbers of illegal immigrants to Italian soil? Has invasion\u2026<\/p>\n<p>\u2014 Elon Musk (@elonmusk) <a rel=\"nofollow noopener\" target=\"_blank\" href=\"https:\/\/twitter.com\/elonmusk\/status\/1707896649585242178?ref_src=twsrc%5Etfw\">September 29, 2023<\/a><\/p><\/blockquote>\n<\/div>\n<\/div>\n<p>\u00dcber das Thema hatte es in den vergangenen Tagen eine Auseinandersetzung zwischen den Regierungen in Rom und Berlin gegeben. Italiens Ministerpr\u00e4sidentin Giorgia Meloni hatte in einem Brief an Bundeskanzler Olaf Scholz (SPD) kritisiert, dass die deutsche Regierung Organisationen, die sich in Italien um Bootsmigranten k\u00fcmmern, finanziell unterst\u00fctzen will.<\/p>\n<p>Rom betrachte dies als Einmischung in innere Angelegenheiten. Das Ausw\u00e4rtige Amt hatte im Gegenzug darauf verwiesen, dass damit ein Beschluss des Bundestages umgesetzt wird.<\/p>\n<p><strong>Mehr zum Thema<\/strong> \u2013 <a rel=\"nofollow noopener\" target=\"_blank\" href=\"https:\/\/freeassange.rtde.life\/inland\/182185-italienischer-report-deutsche-fluechtlingsretter-kooperieren\/\">Italienische Ermittlungen: Deutsche Fl\u00fcchtlingsretter kooperieren mit kriminellen Schleppern<\/a><\/p>\n<div class=\"EmbedBlock-root EmbedBlock-externalVideo EmbedBlock-odysee\">\n<div class=\"VkEmbed\"><iframe class=\"lazyload\" data-src=\"https:\/\/odysee.com\/%24\/embed\/%40RTDE%3Ae%2FItalienischer-Au%C3%9Fenminister-Werde-Baerbock-fragen-warum-ihre-NGOs-keine-Migranten-nach-Deutschland-bringen%3Ad\" frameborder=\"0\" width=\"853\" height=\"480\" allowfullscreen><\/iframe><\/div>\n<\/div>\n<\/div>\n<p><script async src=\"https:\/\/platform.twitter.com\/widgets.js\" charset=\"utf-8\"><\/script><br \/>\n<br \/><br \/>\n<br \/><a href=\"https:\/\/de.rt.com\/international\/182302-weiss-deutsche-oeffentlichkeit-davon-musk\/\">Source link <\/a><\/p>\n","protected":false},"excerpt":{"rendered":"<p>Der US-amerikanische Tech-Milliard\u00e4r Elon Musk und das Bundesau\u00dfenministerium haben sich auf X (ehemals Twitter) einen Schlagabtausch geliefert. Ausl\u00f6ser sind deutsche NGOs, die Migranten nach Italien bringen. Laut Musk hat das &#8220;etwas von einer Invasion&#8221;. Der US-Milliard\u00e4r Elon Musk hat auf seiner Internetplattform X die Hilfe von deutschen NGOs f\u00fcr Migranten im Mittelmeer kritisiert. Dabei wendete [&hellip;]<\/p>\n","protected":false},"author":3,"featured_media":47265,"comment_status":"open","ping_status":"open","sticky":false,"template":"","format":"standard","meta":{"_yoast_indexnow_last_ping":["1696071911"],"wp_automatic_camp":["217"],"e235e066878fc99333427534135c06d5":["&quot;Wei\u00df deutsche \u00d6ffentlichkeit davon?&quot; \u2013 Musk zofft sich wegen Migrationspolitik mit Ausw\u00e4rtigen Amt"],"original_link":["https:\/\/de.rt.com\/international\/182302-weiss-deutsche-oeffentlichkeit-davon-musk\/"],"_thumbnail_id":["47265"],"_wptgpro_p2tg_sent2tg":["a:1:{i:23737;s:19:\"2023-09-30 13:06:13\";}"],"jnews_social_counter_last_update":["1777601484"]},"categories":[19,23],"tags":[9132,34320,49383,2374,18495,419,1582,790,49382,434,145,49384],"yoast_head":"<!-- This site is optimized with the Yoast SEO Premium plugin v22.7 (Yoast SEO v22.7) - https:\/\/yoast.com\/wordpress\/plugins\/seo\/ -->\n<title>&quot;Wei\u00df deutsche \u00d6ffentlichkeit davon?&quot; \u2013 Musk zofft sich wegen Migrationspolitik mit Ausw\u00e4rtigen Amt - just-now.NEWS Deutschland<\/title>\n<meta name=\"robots\" content=\"index, follow, max-snippet:-1, max-image-preview:large, max-video-preview:-1\" \/>\n<link rel=\"canonical\" href=\"https:\/\/now-news.de\/de\/deutschland\/weiss-deutsche-oeffentlichkeit-davon-musk-zofft-sich-wegen-migrationspolitik-mit-auswaertigen-amt\/\" \/>\n<meta property=\"og:locale\" content=\"de_DE\" \/>\n<meta property=\"og:type\" content=\"article\" \/>\n<meta property=\"og:title\" content=\"&quot;Wei\u00df deutsche \u00d6ffentlichkeit davon?&quot; \u2013 Musk zofft sich wegen Migrationspolitik mit Ausw\u00e4rtigen Amt\" \/>\n<meta property=\"og:description\" content=\"Der US-amerikanische Tech-Milliard\u00e4r Elon Musk und das Bundesau\u00dfenministerium haben sich auf X (ehemals Twitter) einen Schlagabtausch geliefert. Ausl\u00f6ser sind deutsche NGOs, die Migranten nach Italien bringen. Laut Musk hat das &#8220;etwas von einer Invasion&#8221;. Der US-Milliard\u00e4r Elon Musk hat auf seiner Internetplattform X die Hilfe von deutschen NGOs f\u00fcr Migranten im Mittelmeer kritisiert. Dabei wendete [&hellip;]\" \/>\n<meta property=\"og:url\" content=\"https:\/\/now-news.de\/de\/deutschland\/weiss-deutsche-oeffentlichkeit-davon-musk-zofft-sich-wegen-migrationspolitik-mit-auswaertigen-amt\/\" \/>\n<meta property=\"og:site_name\" content=\"just-now.NEWS Deutschland\" \/>\n<meta property=\"article:publisher\" content=\"https:\/\/www.facebook.com\/wirmachenauf\" \/>\n<meta property=\"article:published_time\" content=\"2023-09-30T10:59:14+00:00\" \/>\n<meta property=\"og:image\" content=\"https:\/\/now-news.de\/de\/wp-content\/uploads\/sites\/3\/2023\/09\/quotWeiss-deutsche-Oeffentlichkeit-davonquot-\u2013-Musk-zofft-sich-wegen-Migrationspolitik.jpg\" \/>\n\t<meta property=\"og:image:width\" content=\"460\" \/>\n\t<meta property=\"og:image:height\" content=\"259\" \/>\n\t<meta property=\"og:image:type\" content=\"image\/jpeg\" \/>\n<meta name=\"author\" content=\"rtnews\" \/>\n<meta name=\"twitter:card\" content=\"summary_large_image\" \/>\n<meta name=\"twitter:creator\" content=\"@WirMachenAuf_de\" \/>\n<meta name=\"twitter:site\" content=\"@WirMachenAuf_de\" \/>\n<meta name=\"twitter:label1\" content=\"Verfasst von\" \/>\n\t<meta name=\"twitter:data1\" content=\"rtnews\" \/>\n\t<meta name=\"twitter:label2\" content=\"Gesch\u00e4tzte Lesezeit\" \/>\n\t<meta name=\"twitter:data2\" content=\"2\u00a0Minuten\" \/>\n<script type=\"application\/ld+json\" class=\"yoast-schema-graph\">{\"@context\":\"https:\/\/schema.org\",\"@graph\":[{\"@type\":\"Article\",\"@id\":\"https:\/\/now-news.de\/de\/deutschland\/weiss-deutsche-oeffentlichkeit-davon-musk-zofft-sich-wegen-migrationspolitik-mit-auswaertigen-amt\/#article\",\"isPartOf\":{\"@id\":\"https:\/\/now-news.de\/de\/deutschland\/weiss-deutsche-oeffentlichkeit-davon-musk-zofft-sich-wegen-migrationspolitik-mit-auswaertigen-amt\/\"},\"author\":{\"name\":\"rtnews\",\"@id\":\"https:\/\/now-news.de\/de\/#\/schema\/person\/fb534a4e865501d8b3285208df34a9b5\"},\"headline\":\"&quot;Wei\u00df deutsche \u00d6ffentlichkeit davon?&quot; \u2013 Musk zofft sich wegen Migrationspolitik mit Ausw\u00e4rtigen Amt\",\"datePublished\":\"2023-09-30T10:59:14+00:00\",\"dateModified\":\"2023-09-30T10:59:14+00:00\",\"mainEntityOfPage\":{\"@id\":\"https:\/\/now-news.de\/de\/deutschland\/weiss-deutsche-oeffentlichkeit-davon-musk-zofft-sich-wegen-migrationspolitik-mit-auswaertigen-amt\/\"},\"wordCount\":343,\"commentCount\":0,\"publisher\":{\"@id\":\"https:\/\/now-news.de\/de\/#organization\"},\"image\":{\"@id\":\"https:\/\/now-news.de\/de\/deutschland\/weiss-deutsche-oeffentlichkeit-davon-musk-zofft-sich-wegen-migrationspolitik-mit-auswaertigen-amt\/#primaryimage\"},\"thumbnailUrl\":\"https:\/\/now-news.de\/de\/wp-content\/uploads\/sites\/3\/2023\/09\/quotWeiss-deutsche-Oeffentlichkeit-davonquot-\u2013-Musk-zofft-sich-wegen-Migrationspolitik.jpg\",\"keywords\":[\"Amt\",\"ausw\u00e4rtigen\",\"davonquot\",\"Deutsche\",\"Migrationspolitik\",\"mit\",\"Musk\",\"\u00d6ffentlichkeit\",\"quotWei\u00df\",\"sich\",\"wegen\",\"zofft\"],\"articleSection\":[\"Deutschland\",\"Russland\"],\"inLanguage\":\"de\",\"potentialAction\":[{\"@type\":\"CommentAction\",\"name\":\"Comment\",\"target\":[\"https:\/\/now-news.de\/de\/deutschland\/weiss-deutsche-oeffentlichkeit-davon-musk-zofft-sich-wegen-migrationspolitik-mit-auswaertigen-amt\/#respond\"]}]},{\"@type\":\"WebPage\",\"@id\":\"https:\/\/now-news.de\/de\/deutschland\/weiss-deutsche-oeffentlichkeit-davon-musk-zofft-sich-wegen-migrationspolitik-mit-auswaertigen-amt\/\",\"url\":\"https:\/\/now-news.de\/de\/deutschland\/weiss-deutsche-oeffentlichkeit-davon-musk-zofft-sich-wegen-migrationspolitik-mit-auswaertigen-amt\/\",\"name\":\"&quot;Wei\u00df deutsche \u00d6ffentlichkeit davon?&quot; \u2013 Musk zofft sich wegen Migrationspolitik mit Ausw\u00e4rtigen Amt - just-now.NEWS Deutschland\",\"isPartOf\":{\"@id\":\"https:\/\/now-news.de\/de\/#website\"},\"primaryImageOfPage\":{\"@id\":\"https:\/\/now-news.de\/de\/deutschland\/weiss-deutsche-oeffentlichkeit-davon-musk-zofft-sich-wegen-migrationspolitik-mit-auswaertigen-amt\/#primaryimage\"},\"image\":{\"@id\":\"https:\/\/now-news.de\/de\/deutschland\/weiss-deutsche-oeffentlichkeit-davon-musk-zofft-sich-wegen-migrationspolitik-mit-auswaertigen-amt\/#primaryimage\"},\"thumbnailUrl\":\"https:\/\/now-news.de\/de\/wp-content\/uploads\/sites\/3\/2023\/09\/quotWeiss-deutsche-Oeffentlichkeit-davonquot-\u2013-Musk-zofft-sich-wegen-Migrationspolitik.jpg\",\"datePublished\":\"2023-09-30T10:59:14+00:00\",\"dateModified\":\"2023-09-30T10:59:14+00:00\",\"breadcrumb\":{\"@id\":\"https:\/\/now-news.de\/de\/deutschland\/weiss-deutsche-oeffentlichkeit-davon-musk-zofft-sich-wegen-migrationspolitik-mit-auswaertigen-amt\/#breadcrumb\"},\"inLanguage\":\"de\",\"potentialAction\":[{\"@type\":\"ReadAction\",\"target\":[\"https:\/\/now-news.de\/de\/deutschland\/weiss-deutsche-oeffentlichkeit-davon-musk-zofft-sich-wegen-migrationspolitik-mit-auswaertigen-amt\/\"]}]},{\"@type\":\"ImageObject\",\"inLanguage\":\"de\",\"@id\":\"https:\/\/now-news.de\/de\/deutschland\/weiss-deutsche-oeffentlichkeit-davon-musk-zofft-sich-wegen-migrationspolitik-mit-auswaertigen-amt\/#primaryimage\",\"url\":\"https:\/\/now-news.de\/de\/wp-content\/uploads\/sites\/3\/2023\/09\/quotWeiss-deutsche-Oeffentlichkeit-davonquot-\u2013-Musk-zofft-sich-wegen-Migrationspolitik.jpg\",\"contentUrl\":\"https:\/\/now-news.de\/de\/wp-content\/uploads\/sites\/3\/2023\/09\/quotWeiss-deutsche-Oeffentlichkeit-davonquot-\u2013-Musk-zofft-sich-wegen-Migrationspolitik.jpg\",\"width\":460,\"height\":259,\"caption\":\"&quot;Wei\u00df deutsche \u00d6ffentlichkeit davon?&quot; \u2013 Musk zofft sich wegen Migrationspolitik mit Ausw\u00e4rtigen Amt\"},{\"@type\":\"BreadcrumbList\",\"@id\":\"https:\/\/now-news.de\/de\/deutschland\/weiss-deutsche-oeffentlichkeit-davon-musk-zofft-sich-wegen-migrationspolitik-mit-auswaertigen-amt\/#breadcrumb\",\"itemListElement\":[{\"@type\":\"ListItem\",\"position\":1,\"name\":\"Home\",\"item\":\"https:\/\/now-news.de\/de\/\"},{\"@type\":\"ListItem\",\"position\":2,\"name\":\"&quot;Wei\u00df deutsche \u00d6ffentlichkeit davon?&quot; \u2013 Musk zofft sich wegen Migrationspolitik mit Ausw\u00e4rtigen Amt\"}]},{\"@type\":\"WebSite\",\"@id\":\"https:\/\/now-news.de\/de\/#website\",\"url\":\"https:\/\/now-news.de\/de\/\",\"name\":\"just-now.NEWS Deutschland\",\"description\":\"Das Portal f\u00fcr unzensierte Nachrichten aus der Welt\",\"publisher\":{\"@id\":\"https:\/\/now-news.de\/de\/#organization\"},\"potentialAction\":[{\"@type\":\"SearchAction\",\"target\":{\"@type\":\"EntryPoint\",\"urlTemplate\":\"https:\/\/now-news.de\/de\/?s={search_term_string}\"},\"query-input\":\"required name=search_term_string\"}],\"inLanguage\":\"de\"},{\"@type\":\"Organization\",\"@id\":\"https:\/\/now-news.de\/de\/#organization\",\"name\":\"Just Now News\",\"url\":\"https:\/\/now-news.de\/de\/\",\"logo\":{\"@type\":\"ImageObject\",\"inLanguage\":\"de\",\"@id\":\"https:\/\/now-news.de\/de\/#\/schema\/logo\/image\/\",\"url\":\"http:\/\/just-now.news\/de\/wp-content\/uploads\/sites\/3\/2022\/04\/logo500x500.jpg\",\"contentUrl\":\"http:\/\/just-now.news\/de\/wp-content\/uploads\/sites\/3\/2022\/04\/logo500x500.jpg\",\"width\":500,\"height\":500,\"caption\":\"Just Now News\"},\"image\":{\"@id\":\"https:\/\/now-news.de\/de\/#\/schema\/logo\/image\/\"},\"sameAs\":[\"https:\/\/www.facebook.com\/wirmachenauf\",\"https:\/\/x.com\/WirMachenAuf_de\"]},{\"@type\":\"Person\",\"@id\":\"https:\/\/now-news.de\/de\/#\/schema\/person\/fb534a4e865501d8b3285208df34a9b5\",\"name\":\"rtnews\",\"image\":{\"@type\":\"ImageObject\",\"inLanguage\":\"de\",\"@id\":\"https:\/\/now-news.de\/de\/#\/schema\/person\/image\/\",\"url\":\"https:\/\/secure.gravatar.com\/avatar\/82aafea7d8127119dd649515f56e2117?s=96&d=mm&r=g\",\"contentUrl\":\"https:\/\/secure.gravatar.com\/avatar\/82aafea7d8127119dd649515f56e2117?s=96&d=mm&r=g\",\"caption\":\"rtnews\"},\"url\":\"https:\/\/now-news.de\/de\/author\/rnews\/\"}]}<\/script>\n<!-- \/ Yoast SEO Premium plugin. -->","yoast_head_json":{"title":"&quot;Wei\u00df deutsche \u00d6ffentlichkeit davon?&quot; \u2013 Musk zofft sich wegen Migrationspolitik mit Ausw\u00e4rtigen Amt - just-now.NEWS Deutschland","robots":{"index":"index","follow":"follow","max-snippet":"max-snippet:-1","max-image-preview":"max-image-preview:large","max-video-preview":"max-video-preview:-1"},"canonical":"https:\/\/now-news.de\/de\/deutschland\/weiss-deutsche-oeffentlichkeit-davon-musk-zofft-sich-wegen-migrationspolitik-mit-auswaertigen-amt\/","og_locale":"de_DE","og_type":"article","og_title":"&quot;Wei\u00df deutsche \u00d6ffentlichkeit davon?&quot; \u2013 Musk zofft sich wegen Migrationspolitik mit Ausw\u00e4rtigen Amt","og_description":"Der US-amerikanische Tech-Milliard\u00e4r Elon Musk und das Bundesau\u00dfenministerium haben sich auf X (ehemals Twitter) einen Schlagabtausch geliefert. Ausl\u00f6ser sind deutsche NGOs, die Migranten nach Italien bringen. Laut Musk hat das &#8220;etwas von einer Invasion&#8221;. Der US-Milliard\u00e4r Elon Musk hat auf seiner Internetplattform X die Hilfe von deutschen NGOs f\u00fcr Migranten im Mittelmeer kritisiert. Dabei wendete [&hellip;]","og_url":"https:\/\/now-news.de\/de\/deutschland\/weiss-deutsche-oeffentlichkeit-davon-musk-zofft-sich-wegen-migrationspolitik-mit-auswaertigen-amt\/","og_site_name":"just-now.NEWS Deutschland","article_publisher":"https:\/\/www.facebook.com\/wirmachenauf","article_published_time":"2023-09-30T10:59:14+00:00","og_image":[{"width":460,"height":259,"url":"https:\/\/now-news.de\/de\/wp-content\/uploads\/sites\/3\/2023\/09\/quotWeiss-deutsche-Oeffentlichkeit-davonquot-\u2013-Musk-zofft-sich-wegen-Migrationspolitik.jpg","type":"image\/jpeg"}],"author":"rtnews","twitter_card":"summary_large_image","twitter_creator":"@WirMachenAuf_de","twitter_site":"@WirMachenAuf_de","twitter_misc":{"Verfasst von":"rtnews","Gesch\u00e4tzte Lesezeit":"2\u00a0Minuten"},"schema":{"@context":"https:\/\/schema.org","@graph":[{"@type":"Article","@id":"https:\/\/now-news.de\/de\/deutschland\/weiss-deutsche-oeffentlichkeit-davon-musk-zofft-sich-wegen-migrationspolitik-mit-auswaertigen-amt\/#article","isPartOf":{"@id":"https:\/\/now-news.de\/de\/deutschland\/weiss-deutsche-oeffentlichkeit-davon-musk-zofft-sich-wegen-migrationspolitik-mit-auswaertigen-amt\/"},"author":{"name":"rtnews","@id":"https:\/\/now-news.de\/de\/#\/schema\/person\/fb534a4e865501d8b3285208df34a9b5"},"headline":"&quot;Wei\u00df deutsche \u00d6ffentlichkeit davon?&quot; \u2013 Musk zofft sich wegen Migrationspolitik mit Ausw\u00e4rtigen Amt","datePublished":"2023-09-30T10:59:14+00:00","dateModified":"2023-09-30T10:59:14+00:00","mainEntityOfPage":{"@id":"https:\/\/now-news.de\/de\/deutschland\/weiss-deutsche-oeffentlichkeit-davon-musk-zofft-sich-wegen-migrationspolitik-mit-auswaertigen-amt\/"},"wordCount":343,"commentCount":0,"publisher":{"@id":"https:\/\/now-news.de\/de\/#organization"},"image":{"@id":"https:\/\/now-news.de\/de\/deutschland\/weiss-deutsche-oeffentlichkeit-davon-musk-zofft-sich-wegen-migrationspolitik-mit-auswaertigen-amt\/#primaryimage"},"thumbnailUrl":"https:\/\/now-news.de\/de\/wp-content\/uploads\/sites\/3\/2023\/09\/quotWeiss-deutsche-Oeffentlichkeit-davonquot-\u2013-Musk-zofft-sich-wegen-Migrationspolitik.jpg","keywords":["Amt","ausw\u00e4rtigen","davonquot","Deutsche","Migrationspolitik","mit","Musk","\u00d6ffentlichkeit","quotWei\u00df","sich","wegen","zofft"],"articleSection":["Deutschland","Russland"],"inLanguage":"de","potentialAction":[{"@type":"CommentAction","name":"Comment","target":["https:\/\/now-news.de\/de\/deutschland\/weiss-deutsche-oeffentlichkeit-davon-musk-zofft-sich-wegen-migrationspolitik-mit-auswaertigen-amt\/#respond"]}]},{"@type":"WebPage","@id":"https:\/\/now-news.de\/de\/deutschland\/weiss-deutsche-oeffentlichkeit-davon-musk-zofft-sich-wegen-migrationspolitik-mit-auswaertigen-amt\/","url":"https:\/\/now-news.de\/de\/deutschland\/weiss-deutsche-oeffentlichkeit-davon-musk-zofft-sich-wegen-migrationspolitik-mit-auswaertigen-amt\/","name":"&quot;Wei\u00df deutsche \u00d6ffentlichkeit davon?&quot; \u2013 Musk zofft sich wegen Migrationspolitik mit Ausw\u00e4rtigen Amt - just-now.NEWS Deutschland","isPartOf":{"@id":"https:\/\/now-news.de\/de\/#website"},"primaryImageOfPage":{"@id":"https:\/\/now-news.de\/de\/deutschland\/weiss-deutsche-oeffentlichkeit-davon-musk-zofft-sich-wegen-migrationspolitik-mit-auswaertigen-amt\/#primaryimage"},"image":{"@id":"https:\/\/now-news.de\/de\/deutschland\/weiss-deutsche-oeffentlichkeit-davon-musk-zofft-sich-wegen-migrationspolitik-mit-auswaertigen-amt\/#primaryimage"},"thumbnailUrl":"https:\/\/now-news.de\/de\/wp-content\/uploads\/sites\/3\/2023\/09\/quotWeiss-deutsche-Oeffentlichkeit-davonquot-\u2013-Musk-zofft-sich-wegen-Migrationspolitik.jpg","datePublished":"2023-09-30T10:59:14+00:00","dateModified":"2023-09-30T10:59:14+00:00","breadcrumb":{"@id":"https:\/\/now-news.de\/de\/deutschland\/weiss-deutsche-oeffentlichkeit-davon-musk-zofft-sich-wegen-migrationspolitik-mit-auswaertigen-amt\/#breadcrumb"},"inLanguage":"de","potentialAction":[{"@type":"ReadAction","target":["https:\/\/now-news.de\/de\/deutschland\/weiss-deutsche-oeffentlichkeit-davon-musk-zofft-sich-wegen-migrationspolitik-mit-auswaertigen-amt\/"]}]},{"@type":"ImageObject","inLanguage":"de","@id":"https:\/\/now-news.de\/de\/deutschland\/weiss-deutsche-oeffentlichkeit-davon-musk-zofft-sich-wegen-migrationspolitik-mit-auswaertigen-amt\/#primaryimage","url":"https:\/\/now-news.de\/de\/wp-content\/uploads\/sites\/3\/2023\/09\/quotWeiss-deutsche-Oeffentlichkeit-davonquot-\u2013-Musk-zofft-sich-wegen-Migrationspolitik.jpg","contentUrl":"https:\/\/now-news.de\/de\/wp-content\/uploads\/sites\/3\/2023\/09\/quotWeiss-deutsche-Oeffentlichkeit-davonquot-\u2013-Musk-zofft-sich-wegen-Migrationspolitik.jpg","width":460,"height":259,"caption":"&quot;Wei\u00df deutsche \u00d6ffentlichkeit davon?&quot; \u2013 Musk zofft sich wegen Migrationspolitik mit Ausw\u00e4rtigen Amt"},{"@type":"BreadcrumbList","@id":"https:\/\/now-news.de\/de\/deutschland\/weiss-deutsche-oeffentlichkeit-davon-musk-zofft-sich-wegen-migrationspolitik-mit-auswaertigen-amt\/#breadcrumb","itemListElement":[{"@type":"ListItem","position":1,"name":"Home","item":"https:\/\/now-news.de\/de\/"},{"@type":"ListItem","position":2,"name":"&quot;Wei\u00df deutsche \u00d6ffentlichkeit davon?&quot; \u2013 Musk zofft sich wegen Migrationspolitik mit Ausw\u00e4rtigen Amt"}]},{"@type":"WebSite","@id":"https:\/\/now-news.de\/de\/#website","url":"https:\/\/now-news.de\/de\/","name":"just-now.NEWS Deutschland","description":"Das Portal f\u00fcr unzensierte Nachrichten aus der Welt","publisher":{"@id":"https:\/\/now-news.de\/de\/#organization"},"potentialAction":[{"@type":"SearchAction","target":{"@type":"EntryPoint","urlTemplate":"https:\/\/now-news.de\/de\/?s={search_term_string}"},"query-input":"required name=search_term_string"}],"inLanguage":"de"},{"@type":"Organization","@id":"https:\/\/now-news.de\/de\/#organization","name":"Just Now News","url":"https:\/\/now-news.de\/de\/","logo":{"@type":"ImageObject","inLanguage":"de","@id":"https:\/\/now-news.de\/de\/#\/schema\/logo\/image\/","url":"http:\/\/just-now.news\/de\/wp-content\/uploads\/sites\/3\/2022\/04\/logo500x500.jpg","contentUrl":"http:\/\/just-now.news\/de\/wp-content\/uploads\/sites\/3\/2022\/04\/logo500x500.jpg","width":500,"height":500,"caption":"Just Now News"},"image":{"@id":"https:\/\/now-news.de\/de\/#\/schema\/logo\/image\/"},"sameAs":["https:\/\/www.facebook.com\/wirmachenauf","https:\/\/x.com\/WirMachenAuf_de"]},{"@type":"Person","@id":"https:\/\/now-news.de\/de\/#\/schema\/person\/fb534a4e865501d8b3285208df34a9b5","name":"rtnews","image":{"@type":"ImageObject","inLanguage":"de","@id":"https:\/\/now-news.de\/de\/#\/schema\/person\/image\/","url":"https:\/\/secure.gravatar.com\/avatar\/82aafea7d8127119dd649515f56e2117?s=96&d=mm&r=g","contentUrl":"https:\/\/secure.gravatar.com\/avatar\/82aafea7d8127119dd649515f56e2117?s=96&d=mm&r=g","caption":"rtnews"},"url":"https:\/\/now-news.de\/de\/author\/rnews\/"}]}},"_links":{"self":[{"href":"https:\/\/now-news.de\/de\/wp-json\/wp\/v2\/posts\/47264"}],"collection":[{"href":"https:\/\/now-news.de\/de\/wp-json\/wp\/v2\/posts"}],"about":[{"href":"https:\/\/now-news.de\/de\/wp-json\/wp\/v2\/types\/post"}],"author":[{"embeddable":true,"href":"https:\/\/now-news.de\/de\/wp-json\/wp\/v2\/users\/3"}],"replies":[{"embeddable":true,"href":"https:\/\/now-news.de\/de\/wp-json\/wp\/v2\/comments?post=47264"}],"version-history":[{"count":0,"href":"https:\/\/now-news.de\/de\/wp-json\/wp\/v2\/posts\/47264\/revisions"}],"wp:featuredmedia":[{"embeddable":true,"href":"https:\/\/now-news.de\/de\/wp-json\/wp\/v2\/media\/47265"}],"wp:attachment":[{"href":"https:\/\/now-news.de\/de\/wp-json\/wp\/v2\/media?parent=47264"}],"wp:term":[{"taxonomy":"category","embeddable":true,"href":"https:\/\/now-news.de\/de\/wp-json\/wp\/v2\/categories?post=47264"},{"taxonomy":"post_tag","embeddable":true,"href":"https:\/\/now-news.de\/de\/wp-json\/wp\/v2\/tags?post=47264"}],"curies":[{"name":"wp","href":"https:\/\/api.w.org\/{rel}","templated":true}]}}