{"id":47261,"date":"2023-09-30T11:35:08","date_gmt":"2023-09-30T09:35:08","guid":{"rendered":"https:\/\/just-now.news\/de\/deutschland\/profiteure-der-panikmache-wer-verdiente-wie-viel-am-biontech-wirkstoff-der-stunde\/"},"modified":"2023-09-30T11:35:08","modified_gmt":"2023-09-30T09:35:08","slug":"profiteure-der-panikmache-wer-verdiente-wie-viel-am-biontech-wirkstoff-der-stunde","status":"publish","type":"post","link":"https:\/\/now-news.de\/de\/deutschland\/profiteure-der-panikmache-wer-verdiente-wie-viel-am-biontech-wirkstoff-der-stunde\/","title":{"rendered":"Profiteure der Panikmache \u2013 wer verdiente wie viel am BioNTech-Wirkstoff der Stunde?"},"content":{"rendered":"<div class=\"Text-root Text-type_1 \">\n                Jede epochale Krise bringt neben Millionen von Verlierern und Opfern auch immer weniger Gewinner mit sich. Im Falle der politisch initiierten Corona-Krise m\u00fcssen diesbez\u00fcgliche Profiteure aus dem Umfeld des Unternehmens BioNTech aus Mainz genannt werden. Das Online-Magazin Multipolar analysierte die finanziellen Dimensionen.\n            <\/div>\n<p><\/p>\n<div class=\"Text-root Text-type_5 ArticleView-text ViewText-root \">\n<p><em>Von Bernhard Loyen<\/em><\/p>\n<p>Bevor die ausf\u00fchrliche und sehr aufschlussreiche Zusammenfassung eines\u00a0<a rel=\"nofollow noopener\" target=\"_blank\" href=\"https:\/\/multipolar-magazin.de\/artikel\/impfprofiteure\">Artikels<\/a>\u00a0des\u00a0Online-Magazins\u00a0<em>Multipolar<\/em>\u00a0genauer betrachtet wird, erfolgt der notwendige R\u00fcckblick und die erinnernde Zusammenfassung des kometenhaften Aufstiegs eines d\u00fcmpelnden Biotech-Minus-Unternehmens aus Mainz.\u00a0BioNTech\u00a0wurde 2008 &#8220;quasi auf der gr\u00fcnen Wiese&#8221;\u00a0<a rel=\"nofollow noopener\" target=\"_blank\" href=\"https:\/\/www.goingpublic.de\/going-public-und-being-public\/boersengang-usa-biontech\/\">gegr\u00fcndet<\/a>\u00a0und mit einem Anfangsinvestment von rund 150 Mio. EUR ausgestattet&#8221;, so das Aufsichtsratsmitglied Michael Motschmann im M\u00e4rz 2020.\u00a0<\/p>\n<p>&#8220;Der B\u00f6rsengang in den USA hat BioNTech auf das internationale Parkett gehoben&#8221;, hei\u00dft es dann weiter im Interview, einem fr\u00fchen Zeitpunkt der noch nicht absehbaren langen dunklen Zeit von drei belastenden Jahren. An der New Yorker Nasdaq, der\u00a0gr\u00f6\u00dften elektronischen B\u00f6rse in den USA, hatte die\u00a0<a rel=\"nofollow noopener\" target=\"_blank\" href=\"https:\/\/www.nasdaq.com\/events\/biontech-se-rings-the-opening-bell-in-celebration-of-its-ipo\">Pharma-Delegation<\/a>\u00a0aus Deutschland zuvor im Oktober 2019 &#8220;bis zu 6,7 Millionen weitere Aktien\u00a0<a rel=\"nofollow noopener\" target=\"_blank\" href=\"https:\/\/www.mittelhessen.de\/wirtschaft\/wirtschaft-deutschland\/mainzer-biontech-wagt-neuen-vorstoss-an-der-new-yorker-boerse-1522773\">platzieren<\/a>&#8221; lassen.<\/p>\n<p>2019 war auch das Jahr, in dem am 18. Oktober, acht Tage nach dem B\u00f6rsengang von BioNTech und ebenfalls in New York, das sogenannte Event 201 stattfand. Eine sogenannte\u00a0<a rel=\"nofollow noopener\" target=\"_blank\" href=\"https:\/\/centerforhealthsecurity.org\/our-work\/tabletop-exercises\/event-201-pandemic-tabletop-exercise#about\">Pandemie-\u00dcbung<\/a>, veranstaltet vom\u00a0Johns Hopkins Center for Health Security, in Zusammenarbeit mit dem Weltwirtschaftsforum und der Bill and Melinda Gates Foundation.<\/p>\n<p>Das\u00a0Bundesministerium f\u00fcr Wirtschaftliche Zusammenarbeit und Entwicklung (BMZ)\u00a0<a rel=\"nofollow noopener\" target=\"_blank\" href=\"https:\/\/health.bmz.de\/toolkits\/health-systems-strengthening-for-uhc\/the-global-action-plan-for-healthy-lives-and-well-being\/\">pr\u00e4sentiert<\/a>\u00a0bis heute auf seiner Webseite das Gruppenfoto von einer Veranstaltung aus dem Jahr 2018 in Berlin. Anwesend beim &#8220;World Health Summit&#8221; waren unter anderem Ex-Kanzlerin Angela Merkel, Bill Gates, WHO-Direktor\u00a0Dr. Tedros Adhanom Ghebreyesus\u00a0und am Rand stehend U\u011fur \u015eahin, seines Zeichens CEO und Chef von BioNTech. Auf dieser Veranstaltung sprach als\u00a0<a rel=\"nofollow noopener\" target=\"_blank\" href=\"https:\/\/www.worldhealthsummit.org\/newsletter-08-2018-worldhealth-summit-in-berlin.html\">Vortragsredner<\/a>\u00a0am 14. Oktober ein Albert Bourla, CEO des US-Pharmagiganten Pfizer.<\/p>\n<figure class=\"RTImage-root\">\n<div class=\"RTImage-image RTImage-original\"><picture class=\"Picture-root Picture-original\"><!--[if IE 9]><video style=\"display: none;\"><![endif]--><source media=\"(-webkit-min-device-pixel-ratio: 2) and (min-resolution: 120dpi)\" data-srcset=\" \nhttp:\/\/just-now.news\/de\/wp-content\/uploads\/sites\/3\/2023\/09\/6516c8f848fbef156d799cdb.JPG 850w,\n                http:\/\/just-now.news\/de\/wp-content\/uploads\/sites\/3\/2023\/09\/6516c8f848fbef156d799cdb.JPG 1960w,\n            \" ><source data-srcset=\" \nhttp:\/\/just-now.news\/de\/wp-content\/uploads\/sites\/3\/2023\/09\/6516c8f848fbef156d799cdb.JPG 460w,\n              http:\/\/just-now.news\/de\/wp-content\/uploads\/sites\/3\/2023\/09\/6516c8f848fbef156d799cdb.JPG 980w,\n            \" ><!--[if IE 9]><\/video><![endif]--><img decoding=\"async\" data- src=\"data:image\/png;base64,iVBORw0KGgoAAAANSUhEUgAAABAAAAAJCAQAAACRI2S5AAAAEElEQVR42mNkIAAYRxWAAQAG9gAKqv6+AwAAAABJRU5ErkJggg==\" class=\"Picture-root Picture-original lazyload\" data-src=\"http:\/\/just-now.news\/de\/wp-content\/uploads\/sites\/3\/2023\/09\/6516c8f848fbef156d799cdb.JPG\" alt=\"\"><\/source><\/source><\/picture><!-- noscript pattern --><noscript><img decoding=\"async\" src=\"http:\/\/just-now.news\/de\/wp-content\/uploads\/sites\/3\/2023\/09\/6516c8f848fbef156d799cdb.JPG\" alt=\"\"><\/noscript><\/div><figcaption class=\"RTImage-footer\"><span class=\"RTImage-caption\"><span class=\"RTImage-captionItem\">Strategische Partner beim World Health Summit in Berlin, August 2018<\/span><\/span><span class=\"RTImage-source\"><span class=\"RTImage-captionItem\">Screenshot: Webseite WHS<\/span><\/span><\/figcaption><\/figure>\n<p>Bereits vier Wochen zuvor, im August 2018, erhielt\u00a0BioNTech aus rein kollegialen Gr\u00fcnden von dem US-Unternehmen eine\u00a0<a rel=\"nofollow noopener\" target=\"_blank\" href=\"https:\/\/web.archive.org\/web\/20201109140628\/https:\/\/biontech.de\/sites\/default\/files\/2019-08\/20180816_BioNTech-Signs-Collaboration-Agreement-with-Pfizer.pdf\">Anschubfinanzierung<\/a>\u00a0von rund 120 Millionen Dollar. Im September 2019 weitere\u00a0<a rel=\"nofollow noopener\" target=\"_blank\" href=\"https:\/\/investors.biontech.de\/news-releases\/news-release-details\/biontech-announces-new-collaboration-develop-hiv-and\/\">55 Millionen Dollar<\/a>\u00a0von der\u00a0<a rel=\"nofollow noopener\" target=\"_blank\" href=\"https:\/\/www.handelsblatt.com\/technik\/medizin\/hiv-und-tuberkulose-impfstoffe-bill-und-melinda-gates-investieren-in-deutsche-biotechfirma-biontech\/24978960.html\">Gates Foundation<\/a>. Genau ein Jahr sp\u00e4ter, im September 2020, flossen dann rund\u00a0<a rel=\"nofollow noopener\" target=\"_blank\" href=\"https:\/\/www.bundesregierung.de\/breg-de\/themen\/forschung\/corona-impfstoff-1787044\">375 Millionen Euro<\/a>\u00a0seitens der Bundesregierung durch das &#8220;Sonderprogramm Impfstoffentwicklung&#8221; nach Mainz. Gut gef\u00fcllte Kontost\u00e4nde gaben damit die entsprechende Planungssicherheit. Im April 2021\u00a0<a rel=\"nofollow noopener\" target=\"_blank\" href=\"https:\/\/www.dw.com\/de\/corona-impfstoff-milliardendeal-per-handschlag\/a-57228067\">erkl\u00e4rte<\/a>\u00a0Pfizer-Chef Bourla, wie Kooperationen in Zeiten einer weltweit ausgerufenen Pandemie funktionieren:<\/p>\n<blockquote>\n<p><em>&#8220;Wir hatten anfangs keinen Vertrag. Wir (BioNTech-Gr\u00fcnder U\u011fur \u015eahin und Bourla, Anm. der Deutsche Welle Red.) haben gesprochen und uns gesagt: Wenn wir warten, bis wir einen Vertrag haben, verlieren wir Zeit. Und das sind Multi-Milliarden-Dollar-Vertr\u00e4ge. Wir haben einen Handschlag per Zoom gemacht und angefangen zu arbeiten.&#8221;<\/em><\/p>\n<\/blockquote>\n<p>Ex-Kanzlerin Merkel teilte zuvor im M\u00e4rz 2021 mit: &#8220;Es gibt\u00a0<a rel=\"nofollow noopener\" target=\"_blank\" href=\"https:\/\/www.dw.com\/de\/merkel-es-gibt-licht-am-ende-des-tunnels\/a-56985776\">Licht am Ende des Tunnels<\/a>&#8220;. So richtig geleuchtet haben f\u00fcr zwei lange Jahre dann nur die Kontost\u00e4nde\u00a0weniger Akteure rund um das Unternehmen BioNTech, das belegen die ausgewerteten Zahlen des\u00a0<em>Multipolar<\/em>-Magazins. Einleitend hei\u00dft es im Artikel von Karsten Montag:<\/p>\n<blockquote>\n<p><em>&#8220;Die Wertsch\u00f6pfungskette der Corona-Pr\u00e4parate ist intransparent. So sind die Kosten f\u00fcr Herstellung und zugelieferte Komponenten sowie die Anzahl der ausgelieferten Dosen gr\u00f6\u00dftenteils unbekannt. Selbst die von den Abnehmern \u2013 also den Regierungen \u2013 gezahlten Preise pro Dosis unterliegen der Geheimhaltung.&#8221;<\/em><\/p>\n<\/blockquote>\n<p>Nur\u00a0aufgrund gesetzlicher Bestimmungen zur Teilnahme am Aktienhandel\u00a0w\u00e4ren die Hersteller verpflichtet, &#8220;in ihren Jahresabschlussberichten Auskunft \u00fcber Umsatz und Gewinn zu geben&#8221;. Der Artikel erkl\u00e4rt r\u00fcckblickend zu den damaligen Realit\u00e4ten des Mainzer Unternehmens:<\/p>\n<blockquote>\n<p><em>&#8220;Ende 2019 ging BioNTech mit einem Emissionswert von 15 Dollar je Aktie\u00a0an die B\u00f6rse\u00a0und konnte dadurch sein Eigenkapital um 150 Millionen Euro auf knapp eine halbe Milliarde Euro erh\u00f6hen. In den ersten neun Monaten des Jahres 2020 hatte das Unternehmen mit Sitz in Mainz noch einen Verlust von 351 Millionen Euro zu verzeichnen.&#8221;<\/em><\/p>\n<\/blockquote>\n<p>Durch weiterhin vollkommen ungekl\u00e4rte und unver\u00f6ffentlichte Knebelvertr\u00e4ge mit der EU-Kommissionspr\u00e4sidentin Ursula von der Leyen, durch mehr als fragliche Einzelgespr\u00e4che mit Albert Bourla, ergab sich laut\u00a0<em>Multipolar<\/em>\u00a0folgende Dynamik:<\/p>\n<blockquote>\n<p><em>&#8220;Doch mit dem Verkauf des gemeinsam mit Pfizer entwickelten und vertriebenen Pr\u00e4parates BNT162b2 (<a rel=\"nofollow noopener\" target=\"_blank\" href=\"https:\/\/investors.biontech.de\/de\/news-releases\/news-release-details\/pfizer-und-Biontech-erhalten-erste-eu-zulassung-fuer-einen-covid\">Comirnaty<\/a>) explodierten die Ums\u00e4tze und Gewinne. Zum Jahresende 2022 hatte sich das Eigenkapital von BioNTech dadurch auf 20,1 Milliarden Euro vervierzigfacht.&#8221;<\/em><\/p>\n<\/blockquote>\n<p>Dar\u00fcber hinaus erwirtschaftete das Unternehmen 2021 &#8220;einen Umsatz von knapp 19 Milliarden und einen Nettogewinn von 10,3 Milliarden Euro&#8221;. Im Jahr 2022 lag der Umsatz dann bei &#8220;ann\u00e4hernd gleichen 17,3 Milliarden, der Gewinn bei 9,4 Milliarden Euro&#8221;. Ums\u00e4tze und Gewinne w\u00e4ren dabei\u00a0ann\u00e4hernd ausschlie\u00dflich auf den Verkauf der Corona-Pr\u00e4parate zur\u00fcckzuf\u00fchren. Eher unbekannt sind die\u00a0Haupteigent\u00fcmer von BioNTech. Es handelt sich um die vollkommen medial unbedachten in Bayern wohnhaften Zwillingsbr\u00fcder und bereits Mehrfach-Milliard\u00e4re Andreas und Thomas Str\u00fcngmann:<\/p>\n<blockquote>\n<p><em>&#8220;Den Br\u00fcdern geh\u00f6ren laut Jahresabschlussbericht 2022 \u00fcber die Briefkastenfirma AT Impf GmbH 43,4 Prozent der Aktien.&#8221;<\/em><\/p>\n<\/blockquote>\n<p>\u015eahin ist im Besitz von\u00a017,4 Prozent. Zu den Krisenprofiteuren hei\u00dft es weiter.<\/p>\n<blockquote>\n<p><em>&#8220;Ende 2019, als die beiden noch 50,3 Prozent der Aktien des Unternehmens hielten, war ihr Anteil 2,2 Milliarden Euro wert. Ende 2022 besa\u00dfen sie noch 43,4 Prozent. Zu diesem Zeitpunkt entsprach dies einem Wert von 15,2 Milliarden Euro.&#8221;<\/em><\/p>\n<\/blockquote>\n<p>Sie geh\u00f6ren damit, wie auch schon zuvor, zu den\u00a0<a rel=\"nofollow noopener\" target=\"_blank\" href=\"https:\/\/www.handelsblatt.com\/unternehmen\/ranking-2023-das-sind-die-zehn-reichsten-deutschen\/25730214.html\">zehn reichsten<\/a>\u00a0Familien Deutschlands. Das Magazin Forbes\u00a0<a rel=\"nofollow noopener\" target=\"_blank\" href=\"https:\/\/www.forbes.com\/profile\/andreas-struengmann\/\">listet<\/a>\u00a0die Br\u00fcder aktuell auf Platz 148 der reichsten Menschen der Welt.\u00a0\u015eahins Krisenbonusgewinn lag Ende 2022 nach Berechnungen bei rund\u00a06,1 Milliarden Euro. Weiter hei\u00dft es zu dem &#8220;bescheidenen Vision\u00e4r&#8221; \u2013\u00a0<a rel=\"nofollow noopener\" target=\"_blank\" href=\"https:\/\/www.n-tv.de\/wirtschaft\/Ugur-Sahin-der-bescheidene-Visionaer-article22159020.html\"><em>n-tv<\/em>-Titel<\/a>\u00a0im November 2020:<\/p>\n<blockquote>\n<p><em>&#8220;Durch Aktienverk\u00e4ufe und Dividende kamen noch einmal bis zu 511 Millionen Euro hinzu. Das Gehalt von \u015eahin f\u00fcr das Gesch\u00e4ftsjahr 2020\/2021\u00a0<a rel=\"nofollow noopener\" target=\"_blank\" href=\"https:\/\/www.manager-magazin.de\/unternehmen\/chefs-von-biontech-pfizer-und-moderna-verdienen-mehr-als-100-millionen-dollar-a-a8f47ba5-76da-4e91-a518-8a7dcf5417b5\">betrug<\/a>\u00a030,8 Millionen Dollar. In Summe lag sein Profit aufgrund der Corona-Impfkampagne Ende 2022 bei bis zu 5,3 Milliarden Euro. Er wird auf Platz 534 der reichsten Menschen der Welt\u00a0<a rel=\"nofollow noopener\" target=\"_blank\" href=\"https:\/\/www.forbes.com\/profile\/ugur-sahin\/\">gelistet<\/a>.&#8221;<\/em><\/p>\n<\/blockquote>\n<p>Ebenfalls wenig bekannt sind die Gewinnzuw\u00e4chse von ben\u00f6tigten Lieferanten der wichtigen Komponenten eines neuartigen mRNA-Wirkstoffs. Ohne dabei ins technische Detail zu gehen, wie sehr informativ im Multipolar-<a rel=\"nofollow noopener\" target=\"_blank\" href=\"https:\/\/multipolar-magazin.de\/artikel\/impfprofiteure\">Artikel<\/a>\u00a0ausf\u00fchrlicher dargestellt, wurden immense Mengen von &#8220;aus Nanopartikeln bestehenden Lipid-H\u00fcllen (LNP)&#8221; in den Mainzer und weltweiten Laboren ben\u00f6tigt.\u00a0Der globale Markt der Lipid-Nanopartikel (LNP) w\u00e4re dabei laut Montag &#8220;f\u00fcr 2021 auf 688 und f\u00fcr 2022 auf 777 Millionen US-Dollar\u00a0<a rel=\"nofollow noopener\" target=\"_blank\" href=\"https:\/\/www.fortunebusinessinsights.com\/lipid-nanoparticles-market-106960\">gesch\u00e4tzt<\/a>&#8221; worden. Diesbez\u00fcglicher k\u00fcnstlich geschaffener erh\u00f6hter Krisen-Nachfrage, h\u00e4tten die beiden deutschen Pharma- und Chemieunternehmen Merck und Evonik &#8220;in Pressemitteilungen\u00a0<a rel=\"nofollow noopener\" target=\"_blank\" href=\"https:\/\/www.merckgroup.com\/de\/news\/biontech-strategic-partnership-04-02-2021.html\">erkl\u00e4rt<\/a>, dass sie ihre Produktion von LNP im Rahmen ihrer Kooperation mit BioNTech ausgebaut&#8221; h\u00e4tten.\u00a0\u00a0<\/p>\n<p>Beide Firmen wollten auf entsprechende\u00a0<em>Multipolar<\/em>-Anfrage keinerlei Zahlen zum Thema dynamisierte Gewinnmargen liefern. Die Antworten lauteten in Ausz\u00fcgen:<\/p>\n<ul>\n<li><strong>Evonik<\/strong>: &#8220;\u2026\u00a0dass wir f\u00fcr unsere Drug-Delivery-Technologien und -Services gro\u00dfes Potenzial f\u00fcr \u00fcberdurchschnittliches Wachstum bei Impfstoffen sowie Zell- und Gentherapien sehen. Gentherapien, darunter solche mit mRNA-Wirkstoffen und mit Einsatz von Lipidnanopartikeln, er\u00f6ffnen f\u00fcr das Health-Care-Gesch\u00e4ft von Evonik das Potenzial, mit Produkten und L\u00f6sungen innerhalb der n\u00e4chsten Jahre einen Umsatz in deutlich dreistelliger Millionenh\u00f6he zu erzielen.&#8221;<\/li>\n<li><strong>Merck<\/strong>: &#8220;Unsere COVID-19-bedingten Ums\u00e4tze betrugen:\u00a0<br \/>Im Gesch\u00e4ftsjahr 2020: rund 400 Millionen Euro\u00a0<br \/>Im Gesch\u00e4ftsjahr 2021: rund 1,15 Milliarden Euro<br \/>Im Gesch\u00e4ftsjahr 2022: rund 800 Millionen Euro<br \/>F\u00fcr das Gesch\u00e4ftsjahr 2023 erwarten wir Covid-19-bedingte Ums\u00e4tze in H\u00f6he von rund 250 Millionen Euro.&#8221;<\/li>\n<\/ul>\n<p>Des Weiteren verweist der Artikel auf die Tatsache, dass &#8220;die Steuern auf die au\u00dferordentlichen Gewinne von BioNTech 2021 und 2022 einigen Gemeinden, Bundesl\u00e4ndern und dem Bund erhebliche Einnahmen beschert haben&#8221;. Diesbez\u00fcglicher Beachtung hei\u00dft es:<\/p>\n<blockquote>\n<p><em>&#8220;Steuereinnahmen von Bund, L\u00e4ndern und Gemeinden auf die Gewinne von BioNTech: etwa 7,2 Milliarden Euro.&#8221;<\/em><\/p>\n<\/blockquote>\n<p>Montag erl\u00e4utert, dass beteiligte Bundesl\u00e4nder, die &#8220;die H\u00e4lfte der in ihrem Land erhobenen K\u00f6rperschaftsteuer&#8221; verlangen d\u00fcrfen, ebenfalls als Krisenprofiteure betrachtet werden sollten. Dazu hei\u00dft es:<\/p>\n<blockquote>\n<p><em>&#8220;Aufgrund der Gr\u00f6\u00dfe der Standorte von BioNTech in Mainz und Idar-Oberstein sowie in Marburg haben die L\u00e4nder Rheinland-Pfalz und Hessen besonders davon profitiert.&#8221;<\/em><\/p>\n<\/blockquote>\n<p>Rheinland-Pfalz hat damit laut\u00a0<em>Multipolar<\/em>-Auswertung 2021 und 2022 &#8220;jeweils gesch\u00e4tzte 754 Millionen beziehungsweise 661 Millionen Euro K\u00f6rperschaftsteuer von BioNTech erhalten, Hessen 200 Millionen beziehungsweise 139 Millionen Euro&#8221;. Zu den &#8220;gr\u00f6\u00dften deutschen Gewinnern des weltweiten Gesch\u00e4fts mit Corona-Pr\u00e4paraten&#8221; m\u00fcssten dabei die Gemeinden\u00a0der Standorte von BioNTech betrachtet werden:<\/p>\n<blockquote>\n<p><em>&#8220;Die St\u00e4dte Mainz, Marburg und Idar-Oberstein 2021 haben aufgrund der Zahlung der Gewerbesteuer von BioNTech zus\u00e4tzliche Einnahmen von sch\u00e4tzungsweise 1,3 Milliarden, 373 Millionen beziehungsweise 250 Millionen Euro verbuchen k\u00f6nnen.&#8221;<\/em><\/p>\n<\/blockquote>\n<p><em>Multipolar<\/em>\u00a0wollte dabei von\u00a0G\u00fcnter Beck (Gr\u00fcne), B\u00fcrgermeister und Finanzdezernent der Stadt Mainz, erfahren, ob\u00a0es dabei im Vorfeld einer nachweislichen Absenkung des Gewerbesteuerhebesatzes Gespr\u00e4che mit BioNTech gegeben h\u00e4tte, und zudem &#8220;wie hoch die Steuerentlastung f\u00fcr Mainzer Unternehmen durch die Senkung 2022 tats\u00e4chlich ausfiel&#8221;. Die Antwort lautete:<\/p>\n<blockquote>\n<p><em>&#8220;Die Senkung des Gewerbesteuerhebesatzes von 440 % auf 310 % f\u00fchrte im Jahr 2022 in Summe zu einer Entlastung aller gewerbesteuerzahlenden Betriebe in Mainz in H\u00f6he von insgesamt 379.722.229 Euro. N\u00e4here Ausk\u00fcnfte, d\u00fcrfen wir Ihnen aufgrund des Steuergeheimnisses nicht erteilen.&#8221;<\/em><\/p>\n<\/blockquote>\n<p>Res\u00fcmierend zu diesen gigantischen Gewinnen, gerade auf Seite des Unternehmens BioNTech, stellt sich, mit der Realit\u00e4t existierender wie auch stetig steigender Opferzahlen des mRNA-Wirkstoff-Produkts der Stunde, nat\u00fcrlich die Frage nach einem entsprechend gef\u00fcllten Entsch\u00e4digungsfonds, eingerichtet von &#8220;Platz 534 der reichsten Menschen der Welt&#8221;. Dazu hei\u00dft es abschlie\u00dfend mehr als entlarvend im Artikel:<\/p>\n<blockquote>\n<p><em>&#8220;Multipolar hat bei BioNTech angefragt, inwieweit sich das Unternehmen und dessen Gr\u00fcnder moralisch und rechtlich verpflichtet sehen, die Opfer von Sch\u00e4den, die durch die massenhafte Verabreichung ihres Produkts entstanden sind, zu unterst\u00fctzen und zu entsch\u00e4digen. BioNTech hat auf diese Anfrage nicht reagiert.&#8221;<\/em><\/p>\n<\/blockquote>\n<p>Bundespr\u00e4sident Frank-Walter Steinmeier\u00a0<a rel=\"nofollow noopener\" target=\"_blank\" href=\"https:\/\/www.bundespraesident.de\/SharedDocs\/Reden\/DE\/Frank-Walter-Steinmeier\/Reden\/2021\/03\/210319-OV-Tuereci-Sahin.html\">begr\u00fcndete<\/a>\u00a0im M\u00e4rz 2021 seine Verleihung des &#8220;Gro\u00dfen Verdienstkreuzes mit Stern des Verdienstordens der Bundesrepublik Deutschland an \u00d6zlem T\u00fcreci und U\u011fur \u015eahin&#8221; mit den Worten:<\/p>\n<blockquote>\n<p><em>&#8220;Ihr Mut, Ihre Tatkraft und Ihr Vertrauen ins Gelingen beeindrucken mich und ich bin sicher auch alle, die hier zuschauen, zutiefst. Wir brauchen von diesem Mut, dieser Tatkraft ganz viel in unserem Land! (&#8230;)\u00a0Im Namen unseres Landes danke ich Ihnen beiden f\u00fcr Ihre herausragende wissenschaftliche Leistung. Ich w\u00fcnsche Ihnen, uns allen, dass Ihre weiteren gro\u00dfen Forschungspl\u00e4ne ebenso bahnbrechende Erfolge bringen werden.&#8221;<\/em><\/p>\n<\/blockquote>\n<p>Die &#8220;herausragende wissenschaftliche Leistung&#8221; ist mittlerweile ein\u00a0<a rel=\"nofollow noopener\" target=\"_blank\" href=\"https:\/\/www.cicero.de\/kultur\/corona-impfstoff-verunreinigungen-dna-comirnaty\">mehr als fragliches<\/a>\u00a0Momentum. Bahnbrechende Erfolge fanden sich nur auf dem Kontoauszug weniger. Jedes Wort, jeder Satz von Steinmeier ist in der Nachbetrachtung ein schmerzhafter Tiefschlag auf den kranken K\u00f6rper geschundener, geplagter und von der Politik alleingelassener Opfer dieses BioNTech-Versuchsprodukts. Eine dringend ben\u00f6tigte Aufarbeitung, wissenschaftlich wie auch vor allem juristisch, steht weiterhin erst am Anfang.<\/p>\n<p><strong>Mehr zum Thema &#8211;<\/strong><a rel=\"nofollow noopener\" target=\"_blank\" href=\"https:\/\/freedert.online\/meinung\/169125-ignorierte-impfschaeden-warum-verantwortlichen-schon\/\">\u00a0Ignorierte Impfsch\u00e4den: Warum die Verantwortlichen schon fr\u00fch Bescheid gewusst haben m\u00fcssen<\/a><\/p>\n<\/p>\n<\/div>\n<p><br \/>\n<br \/><a href=\"https:\/\/de.rt.com\/inland\/182209-profiteure-panikmache-wer-verdiente-wie\/\">Source link <\/a><\/p>\n","protected":false},"excerpt":{"rendered":"<p>Jede epochale Krise bringt neben Millionen von Verlierern und Opfern auch immer weniger Gewinner mit sich. Im Falle der politisch initiierten Corona-Krise m\u00fcssen diesbez\u00fcgliche Profiteure aus dem Umfeld des Unternehmens BioNTech aus Mainz genannt werden. Das Online-Magazin Multipolar analysierte die finanziellen Dimensionen. Von Bernhard Loyen Bevor die ausf\u00fchrliche und sehr aufschlussreiche Zusammenfassung eines\u00a0Artikels\u00a0des\u00a0Online-Magazins\u00a0Multipolar\u00a0genauer betrachtet wird, [&hellip;]<\/p>\n","protected":false},"author":3,"featured_media":47262,"comment_status":"open","ping_status":"open","sticky":false,"template":"","format":"standard","meta":{"_yoast_indexnow_last_ping":["1696067113"],"wp_automatic_camp":["217"],"486f2a3e54d20b4ce144e15c04e94221":["Profiteure der Panikmache \u2013 wer verdiente wie viel am BioNTech-Wirkstoff der Stunde?"],"original_link":["https:\/\/de.rt.com\/inland\/182209-profiteure-panikmache-wer-verdiente-wie\/"],"_thumbnail_id":["47262"],"_wptgpro_p2tg_sent2tg":["a:1:{i:23737;s:19:\"2023-09-30 11:47:15\";}"],"jnews_social_counter_last_update":["1777292279"]},"categories":[19,23],"tags":[49380,82,28055,8095,4502,49128,11607,8965,579],"yoast_head":"<!-- This site is optimized with the Yoast SEO Premium plugin v22.7 (Yoast SEO v22.7) - https:\/\/yoast.com\/wordpress\/plugins\/seo\/ -->\n<title>Profiteure der Panikmache \u2013 wer verdiente wie viel am BioNTech-Wirkstoff der Stunde? - just-now.NEWS Deutschland<\/title>\n<meta name=\"robots\" content=\"index, follow, max-snippet:-1, max-image-preview:large, max-video-preview:-1\" \/>\n<link rel=\"canonical\" href=\"https:\/\/now-news.de\/de\/deutschland\/profiteure-der-panikmache-wer-verdiente-wie-viel-am-biontech-wirkstoff-der-stunde\/\" \/>\n<meta property=\"og:locale\" content=\"de_DE\" \/>\n<meta property=\"og:type\" content=\"article\" \/>\n<meta property=\"og:title\" content=\"Profiteure der Panikmache \u2013 wer verdiente wie viel am BioNTech-Wirkstoff der Stunde?\" \/>\n<meta property=\"og:description\" content=\"Jede epochale Krise bringt neben Millionen von Verlierern und Opfern auch immer weniger Gewinner mit sich. Im Falle der politisch initiierten Corona-Krise m\u00fcssen diesbez\u00fcgliche Profiteure aus dem Umfeld des Unternehmens BioNTech aus Mainz genannt werden. Das Online-Magazin Multipolar analysierte die finanziellen Dimensionen. Von Bernhard Loyen Bevor die ausf\u00fchrliche und sehr aufschlussreiche Zusammenfassung eines\u00a0Artikels\u00a0des\u00a0Online-Magazins\u00a0Multipolar\u00a0genauer betrachtet wird, [&hellip;]\" \/>\n<meta property=\"og:url\" content=\"https:\/\/now-news.de\/de\/deutschland\/profiteure-der-panikmache-wer-verdiente-wie-viel-am-biontech-wirkstoff-der-stunde\/\" \/>\n<meta property=\"og:site_name\" content=\"just-now.NEWS Deutschland\" \/>\n<meta property=\"article:publisher\" content=\"https:\/\/www.facebook.com\/wirmachenauf\" \/>\n<meta property=\"article:published_time\" content=\"2023-09-30T09:35:08+00:00\" \/>\n<meta property=\"og:image\" content=\"https:\/\/now-news.de\/de\/wp-content\/uploads\/sites\/3\/2023\/09\/Profiteure-der-Panikmache-\u2013-wer-verdiente-wie-viel-am-BioNTech-Wirkstoff.JPG\" \/>\n\t<meta property=\"og:image:width\" content=\"679\" \/>\n\t<meta property=\"og:image:height\" content=\"410\" \/>\n\t<meta property=\"og:image:type\" content=\"image\/jpeg\" \/>\n<meta name=\"author\" content=\"rtnews\" \/>\n<meta name=\"twitter:card\" content=\"summary_large_image\" \/>\n<meta name=\"twitter:creator\" content=\"@WirMachenAuf_de\" \/>\n<meta name=\"twitter:site\" content=\"@WirMachenAuf_de\" \/>\n<meta name=\"twitter:label1\" content=\"Verfasst von\" \/>\n\t<meta name=\"twitter:data1\" content=\"rtnews\" \/>\n\t<meta name=\"twitter:label2\" content=\"Gesch\u00e4tzte Lesezeit\" \/>\n\t<meta name=\"twitter:data2\" content=\"9\u00a0Minuten\" \/>\n<script type=\"application\/ld+json\" class=\"yoast-schema-graph\">{\"@context\":\"https:\/\/schema.org\",\"@graph\":[{\"@type\":\"Article\",\"@id\":\"https:\/\/now-news.de\/de\/deutschland\/profiteure-der-panikmache-wer-verdiente-wie-viel-am-biontech-wirkstoff-der-stunde\/#article\",\"isPartOf\":{\"@id\":\"https:\/\/now-news.de\/de\/deutschland\/profiteure-der-panikmache-wer-verdiente-wie-viel-am-biontech-wirkstoff-der-stunde\/\"},\"author\":{\"name\":\"rtnews\",\"@id\":\"https:\/\/now-news.de\/de\/#\/schema\/person\/fb534a4e865501d8b3285208df34a9b5\"},\"headline\":\"Profiteure der Panikmache \u2013 wer verdiente wie viel am BioNTech-Wirkstoff der Stunde?\",\"datePublished\":\"2023-09-30T09:35:08+00:00\",\"dateModified\":\"2023-09-30T09:35:08+00:00\",\"mainEntityOfPage\":{\"@id\":\"https:\/\/now-news.de\/de\/deutschland\/profiteure-der-panikmache-wer-verdiente-wie-viel-am-biontech-wirkstoff-der-stunde\/\"},\"wordCount\":1736,\"commentCount\":0,\"publisher\":{\"@id\":\"https:\/\/now-news.de\/de\/#organization\"},\"image\":{\"@id\":\"https:\/\/now-news.de\/de\/deutschland\/profiteure-der-panikmache-wer-verdiente-wie-viel-am-biontech-wirkstoff-der-stunde\/#primaryimage\"},\"thumbnailUrl\":\"https:\/\/now-news.de\/de\/wp-content\/uploads\/sites\/3\/2023\/09\/Profiteure-der-Panikmache-\u2013-wer-verdiente-wie-viel-am-BioNTech-Wirkstoff.JPG\",\"keywords\":[\"BioNTechWirkstoff\",\"der\",\"Panikmache\",\"Profiteure\",\"Stunde\",\"verdiente\",\"viel\",\"Wer\",\"Wie\"],\"articleSection\":[\"Deutschland\",\"Russland\"],\"inLanguage\":\"de\",\"potentialAction\":[{\"@type\":\"CommentAction\",\"name\":\"Comment\",\"target\":[\"https:\/\/now-news.de\/de\/deutschland\/profiteure-der-panikmache-wer-verdiente-wie-viel-am-biontech-wirkstoff-der-stunde\/#respond\"]}]},{\"@type\":\"WebPage\",\"@id\":\"https:\/\/now-news.de\/de\/deutschland\/profiteure-der-panikmache-wer-verdiente-wie-viel-am-biontech-wirkstoff-der-stunde\/\",\"url\":\"https:\/\/now-news.de\/de\/deutschland\/profiteure-der-panikmache-wer-verdiente-wie-viel-am-biontech-wirkstoff-der-stunde\/\",\"name\":\"Profiteure der Panikmache \u2013 wer verdiente wie viel am BioNTech-Wirkstoff der Stunde? - just-now.NEWS Deutschland\",\"isPartOf\":{\"@id\":\"https:\/\/now-news.de\/de\/#website\"},\"primaryImageOfPage\":{\"@id\":\"https:\/\/now-news.de\/de\/deutschland\/profiteure-der-panikmache-wer-verdiente-wie-viel-am-biontech-wirkstoff-der-stunde\/#primaryimage\"},\"image\":{\"@id\":\"https:\/\/now-news.de\/de\/deutschland\/profiteure-der-panikmache-wer-verdiente-wie-viel-am-biontech-wirkstoff-der-stunde\/#primaryimage\"},\"thumbnailUrl\":\"https:\/\/now-news.de\/de\/wp-content\/uploads\/sites\/3\/2023\/09\/Profiteure-der-Panikmache-\u2013-wer-verdiente-wie-viel-am-BioNTech-Wirkstoff.JPG\",\"datePublished\":\"2023-09-30T09:35:08+00:00\",\"dateModified\":\"2023-09-30T09:35:08+00:00\",\"breadcrumb\":{\"@id\":\"https:\/\/now-news.de\/de\/deutschland\/profiteure-der-panikmache-wer-verdiente-wie-viel-am-biontech-wirkstoff-der-stunde\/#breadcrumb\"},\"inLanguage\":\"de\",\"potentialAction\":[{\"@type\":\"ReadAction\",\"target\":[\"https:\/\/now-news.de\/de\/deutschland\/profiteure-der-panikmache-wer-verdiente-wie-viel-am-biontech-wirkstoff-der-stunde\/\"]}]},{\"@type\":\"ImageObject\",\"inLanguage\":\"de\",\"@id\":\"https:\/\/now-news.de\/de\/deutschland\/profiteure-der-panikmache-wer-verdiente-wie-viel-am-biontech-wirkstoff-der-stunde\/#primaryimage\",\"url\":\"https:\/\/now-news.de\/de\/wp-content\/uploads\/sites\/3\/2023\/09\/Profiteure-der-Panikmache-\u2013-wer-verdiente-wie-viel-am-BioNTech-Wirkstoff.JPG\",\"contentUrl\":\"https:\/\/now-news.de\/de\/wp-content\/uploads\/sites\/3\/2023\/09\/Profiteure-der-Panikmache-\u2013-wer-verdiente-wie-viel-am-BioNTech-Wirkstoff.JPG\",\"width\":679,\"height\":410,\"caption\":\"Profiteure der Panikmache \u2013 wer verdiente wie viel am BioNTech-Wirkstoff der Stunde?\"},{\"@type\":\"BreadcrumbList\",\"@id\":\"https:\/\/now-news.de\/de\/deutschland\/profiteure-der-panikmache-wer-verdiente-wie-viel-am-biontech-wirkstoff-der-stunde\/#breadcrumb\",\"itemListElement\":[{\"@type\":\"ListItem\",\"position\":1,\"name\":\"Home\",\"item\":\"https:\/\/now-news.de\/de\/\"},{\"@type\":\"ListItem\",\"position\":2,\"name\":\"Profiteure der Panikmache \u2013 wer verdiente wie viel am BioNTech-Wirkstoff der Stunde?\"}]},{\"@type\":\"WebSite\",\"@id\":\"https:\/\/now-news.de\/de\/#website\",\"url\":\"https:\/\/now-news.de\/de\/\",\"name\":\"just-now.NEWS Deutschland\",\"description\":\"Das Portal f\u00fcr unzensierte Nachrichten aus der Welt\",\"publisher\":{\"@id\":\"https:\/\/now-news.de\/de\/#organization\"},\"potentialAction\":[{\"@type\":\"SearchAction\",\"target\":{\"@type\":\"EntryPoint\",\"urlTemplate\":\"https:\/\/now-news.de\/de\/?s={search_term_string}\"},\"query-input\":\"required name=search_term_string\"}],\"inLanguage\":\"de\"},{\"@type\":\"Organization\",\"@id\":\"https:\/\/now-news.de\/de\/#organization\",\"name\":\"Just Now News\",\"url\":\"https:\/\/now-news.de\/de\/\",\"logo\":{\"@type\":\"ImageObject\",\"inLanguage\":\"de\",\"@id\":\"https:\/\/now-news.de\/de\/#\/schema\/logo\/image\/\",\"url\":\"http:\/\/just-now.news\/de\/wp-content\/uploads\/sites\/3\/2022\/04\/logo500x500.jpg\",\"contentUrl\":\"http:\/\/just-now.news\/de\/wp-content\/uploads\/sites\/3\/2022\/04\/logo500x500.jpg\",\"width\":500,\"height\":500,\"caption\":\"Just Now News\"},\"image\":{\"@id\":\"https:\/\/now-news.de\/de\/#\/schema\/logo\/image\/\"},\"sameAs\":[\"https:\/\/www.facebook.com\/wirmachenauf\",\"https:\/\/x.com\/WirMachenAuf_de\"]},{\"@type\":\"Person\",\"@id\":\"https:\/\/now-news.de\/de\/#\/schema\/person\/fb534a4e865501d8b3285208df34a9b5\",\"name\":\"rtnews\",\"image\":{\"@type\":\"ImageObject\",\"inLanguage\":\"de\",\"@id\":\"https:\/\/now-news.de\/de\/#\/schema\/person\/image\/\",\"url\":\"https:\/\/secure.gravatar.com\/avatar\/82aafea7d8127119dd649515f56e2117?s=96&d=mm&r=g\",\"contentUrl\":\"https:\/\/secure.gravatar.com\/avatar\/82aafea7d8127119dd649515f56e2117?s=96&d=mm&r=g\",\"caption\":\"rtnews\"},\"url\":\"https:\/\/now-news.de\/de\/author\/rnews\/\"}]}<\/script>\n<!-- \/ Yoast SEO Premium plugin. -->","yoast_head_json":{"title":"Profiteure der Panikmache \u2013 wer verdiente wie viel am BioNTech-Wirkstoff der Stunde? - just-now.NEWS Deutschland","robots":{"index":"index","follow":"follow","max-snippet":"max-snippet:-1","max-image-preview":"max-image-preview:large","max-video-preview":"max-video-preview:-1"},"canonical":"https:\/\/now-news.de\/de\/deutschland\/profiteure-der-panikmache-wer-verdiente-wie-viel-am-biontech-wirkstoff-der-stunde\/","og_locale":"de_DE","og_type":"article","og_title":"Profiteure der Panikmache \u2013 wer verdiente wie viel am BioNTech-Wirkstoff der Stunde?","og_description":"Jede epochale Krise bringt neben Millionen von Verlierern und Opfern auch immer weniger Gewinner mit sich. Im Falle der politisch initiierten Corona-Krise m\u00fcssen diesbez\u00fcgliche Profiteure aus dem Umfeld des Unternehmens BioNTech aus Mainz genannt werden. Das Online-Magazin Multipolar analysierte die finanziellen Dimensionen. Von Bernhard Loyen Bevor die ausf\u00fchrliche und sehr aufschlussreiche Zusammenfassung eines\u00a0Artikels\u00a0des\u00a0Online-Magazins\u00a0Multipolar\u00a0genauer betrachtet wird, [&hellip;]","og_url":"https:\/\/now-news.de\/de\/deutschland\/profiteure-der-panikmache-wer-verdiente-wie-viel-am-biontech-wirkstoff-der-stunde\/","og_site_name":"just-now.NEWS Deutschland","article_publisher":"https:\/\/www.facebook.com\/wirmachenauf","article_published_time":"2023-09-30T09:35:08+00:00","og_image":[{"width":679,"height":410,"url":"https:\/\/now-news.de\/de\/wp-content\/uploads\/sites\/3\/2023\/09\/Profiteure-der-Panikmache-\u2013-wer-verdiente-wie-viel-am-BioNTech-Wirkstoff.JPG","type":"image\/jpeg"}],"author":"rtnews","twitter_card":"summary_large_image","twitter_creator":"@WirMachenAuf_de","twitter_site":"@WirMachenAuf_de","twitter_misc":{"Verfasst von":"rtnews","Gesch\u00e4tzte Lesezeit":"9\u00a0Minuten"},"schema":{"@context":"https:\/\/schema.org","@graph":[{"@type":"Article","@id":"https:\/\/now-news.de\/de\/deutschland\/profiteure-der-panikmache-wer-verdiente-wie-viel-am-biontech-wirkstoff-der-stunde\/#article","isPartOf":{"@id":"https:\/\/now-news.de\/de\/deutschland\/profiteure-der-panikmache-wer-verdiente-wie-viel-am-biontech-wirkstoff-der-stunde\/"},"author":{"name":"rtnews","@id":"https:\/\/now-news.de\/de\/#\/schema\/person\/fb534a4e865501d8b3285208df34a9b5"},"headline":"Profiteure der Panikmache \u2013 wer verdiente wie viel am BioNTech-Wirkstoff der Stunde?","datePublished":"2023-09-30T09:35:08+00:00","dateModified":"2023-09-30T09:35:08+00:00","mainEntityOfPage":{"@id":"https:\/\/now-news.de\/de\/deutschland\/profiteure-der-panikmache-wer-verdiente-wie-viel-am-biontech-wirkstoff-der-stunde\/"},"wordCount":1736,"commentCount":0,"publisher":{"@id":"https:\/\/now-news.de\/de\/#organization"},"image":{"@id":"https:\/\/now-news.de\/de\/deutschland\/profiteure-der-panikmache-wer-verdiente-wie-viel-am-biontech-wirkstoff-der-stunde\/#primaryimage"},"thumbnailUrl":"https:\/\/now-news.de\/de\/wp-content\/uploads\/sites\/3\/2023\/09\/Profiteure-der-Panikmache-\u2013-wer-verdiente-wie-viel-am-BioNTech-Wirkstoff.JPG","keywords":["BioNTechWirkstoff","der","Panikmache","Profiteure","Stunde","verdiente","viel","Wer","Wie"],"articleSection":["Deutschland","Russland"],"inLanguage":"de","potentialAction":[{"@type":"CommentAction","name":"Comment","target":["https:\/\/now-news.de\/de\/deutschland\/profiteure-der-panikmache-wer-verdiente-wie-viel-am-biontech-wirkstoff-der-stunde\/#respond"]}]},{"@type":"WebPage","@id":"https:\/\/now-news.de\/de\/deutschland\/profiteure-der-panikmache-wer-verdiente-wie-viel-am-biontech-wirkstoff-der-stunde\/","url":"https:\/\/now-news.de\/de\/deutschland\/profiteure-der-panikmache-wer-verdiente-wie-viel-am-biontech-wirkstoff-der-stunde\/","name":"Profiteure der Panikmache \u2013 wer verdiente wie viel am BioNTech-Wirkstoff der Stunde? - just-now.NEWS Deutschland","isPartOf":{"@id":"https:\/\/now-news.de\/de\/#website"},"primaryImageOfPage":{"@id":"https:\/\/now-news.de\/de\/deutschland\/profiteure-der-panikmache-wer-verdiente-wie-viel-am-biontech-wirkstoff-der-stunde\/#primaryimage"},"image":{"@id":"https:\/\/now-news.de\/de\/deutschland\/profiteure-der-panikmache-wer-verdiente-wie-viel-am-biontech-wirkstoff-der-stunde\/#primaryimage"},"thumbnailUrl":"https:\/\/now-news.de\/de\/wp-content\/uploads\/sites\/3\/2023\/09\/Profiteure-der-Panikmache-\u2013-wer-verdiente-wie-viel-am-BioNTech-Wirkstoff.JPG","datePublished":"2023-09-30T09:35:08+00:00","dateModified":"2023-09-30T09:35:08+00:00","breadcrumb":{"@id":"https:\/\/now-news.de\/de\/deutschland\/profiteure-der-panikmache-wer-verdiente-wie-viel-am-biontech-wirkstoff-der-stunde\/#breadcrumb"},"inLanguage":"de","potentialAction":[{"@type":"ReadAction","target":["https:\/\/now-news.de\/de\/deutschland\/profiteure-der-panikmache-wer-verdiente-wie-viel-am-biontech-wirkstoff-der-stunde\/"]}]},{"@type":"ImageObject","inLanguage":"de","@id":"https:\/\/now-news.de\/de\/deutschland\/profiteure-der-panikmache-wer-verdiente-wie-viel-am-biontech-wirkstoff-der-stunde\/#primaryimage","url":"https:\/\/now-news.de\/de\/wp-content\/uploads\/sites\/3\/2023\/09\/Profiteure-der-Panikmache-\u2013-wer-verdiente-wie-viel-am-BioNTech-Wirkstoff.JPG","contentUrl":"https:\/\/now-news.de\/de\/wp-content\/uploads\/sites\/3\/2023\/09\/Profiteure-der-Panikmache-\u2013-wer-verdiente-wie-viel-am-BioNTech-Wirkstoff.JPG","width":679,"height":410,"caption":"Profiteure der Panikmache \u2013 wer verdiente wie viel am BioNTech-Wirkstoff der Stunde?"},{"@type":"BreadcrumbList","@id":"https:\/\/now-news.de\/de\/deutschland\/profiteure-der-panikmache-wer-verdiente-wie-viel-am-biontech-wirkstoff-der-stunde\/#breadcrumb","itemListElement":[{"@type":"ListItem","position":1,"name":"Home","item":"https:\/\/now-news.de\/de\/"},{"@type":"ListItem","position":2,"name":"Profiteure der Panikmache \u2013 wer verdiente wie viel am BioNTech-Wirkstoff der Stunde?"}]},{"@type":"WebSite","@id":"https:\/\/now-news.de\/de\/#website","url":"https:\/\/now-news.de\/de\/","name":"just-now.NEWS Deutschland","description":"Das Portal f\u00fcr unzensierte Nachrichten aus der Welt","publisher":{"@id":"https:\/\/now-news.de\/de\/#organization"},"potentialAction":[{"@type":"SearchAction","target":{"@type":"EntryPoint","urlTemplate":"https:\/\/now-news.de\/de\/?s={search_term_string}"},"query-input":"required name=search_term_string"}],"inLanguage":"de"},{"@type":"Organization","@id":"https:\/\/now-news.de\/de\/#organization","name":"Just Now News","url":"https:\/\/now-news.de\/de\/","logo":{"@type":"ImageObject","inLanguage":"de","@id":"https:\/\/now-news.de\/de\/#\/schema\/logo\/image\/","url":"http:\/\/just-now.news\/de\/wp-content\/uploads\/sites\/3\/2022\/04\/logo500x500.jpg","contentUrl":"http:\/\/just-now.news\/de\/wp-content\/uploads\/sites\/3\/2022\/04\/logo500x500.jpg","width":500,"height":500,"caption":"Just Now News"},"image":{"@id":"https:\/\/now-news.de\/de\/#\/schema\/logo\/image\/"},"sameAs":["https:\/\/www.facebook.com\/wirmachenauf","https:\/\/x.com\/WirMachenAuf_de"]},{"@type":"Person","@id":"https:\/\/now-news.de\/de\/#\/schema\/person\/fb534a4e865501d8b3285208df34a9b5","name":"rtnews","image":{"@type":"ImageObject","inLanguage":"de","@id":"https:\/\/now-news.de\/de\/#\/schema\/person\/image\/","url":"https:\/\/secure.gravatar.com\/avatar\/82aafea7d8127119dd649515f56e2117?s=96&d=mm&r=g","contentUrl":"https:\/\/secure.gravatar.com\/avatar\/82aafea7d8127119dd649515f56e2117?s=96&d=mm&r=g","caption":"rtnews"},"url":"https:\/\/now-news.de\/de\/author\/rnews\/"}]}},"_links":{"self":[{"href":"https:\/\/now-news.de\/de\/wp-json\/wp\/v2\/posts\/47261"}],"collection":[{"href":"https:\/\/now-news.de\/de\/wp-json\/wp\/v2\/posts"}],"about":[{"href":"https:\/\/now-news.de\/de\/wp-json\/wp\/v2\/types\/post"}],"author":[{"embeddable":true,"href":"https:\/\/now-news.de\/de\/wp-json\/wp\/v2\/users\/3"}],"replies":[{"embeddable":true,"href":"https:\/\/now-news.de\/de\/wp-json\/wp\/v2\/comments?post=47261"}],"version-history":[{"count":0,"href":"https:\/\/now-news.de\/de\/wp-json\/wp\/v2\/posts\/47261\/revisions"}],"wp:featuredmedia":[{"embeddable":true,"href":"https:\/\/now-news.de\/de\/wp-json\/wp\/v2\/media\/47262"}],"wp:attachment":[{"href":"https:\/\/now-news.de\/de\/wp-json\/wp\/v2\/media?parent=47261"}],"wp:term":[{"taxonomy":"category","embeddable":true,"href":"https:\/\/now-news.de\/de\/wp-json\/wp\/v2\/categories?post=47261"},{"taxonomy":"post_tag","embeddable":true,"href":"https:\/\/now-news.de\/de\/wp-json\/wp\/v2\/tags?post=47261"}],"curies":[{"name":"wp","href":"https:\/\/api.w.org\/{rel}","templated":true}]}}