{"id":47192,"date":"2023-09-28T20:44:03","date_gmt":"2023-09-28T18:44:03","guid":{"rendered":"https:\/\/just-now.news\/de\/deutschland\/nach-ehrung-eines-ukrainischen-nazis-in-kanada-polen-fordert-gerechtigkeit-fuer-mord-an-polen\/"},"modified":"2023-09-28T20:44:03","modified_gmt":"2023-09-28T18:44:03","slug":"nach-ehrung-eines-ukrainischen-nazis-in-kanada-polen-fordert-gerechtigkeit-fuer-mord-an-polen","status":"publish","type":"post","link":"https:\/\/now-news.de\/de\/deutschland\/nach-ehrung-eines-ukrainischen-nazis-in-kanada-polen-fordert-gerechtigkeit-fuer-mord-an-polen\/","title":{"rendered":"Nach Ehrung eines ukrainischen Nazis in Kanada: Polen fordert Gerechtigkeit f\u00fcr Mord an Polen"},"content":{"rendered":"<p><img decoding=\"async\" src=\"http:\/\/just-now.news\/de\/wp-content\/uploads\/sites\/3\/2023\/09\/65159c8648fbef1525410eef.jpg\" \/><\/p>\n<div class=\"Text-root Text-type_1 \">\n                Indem der polnische Botschafter in Kanada Witold Dzielski die Aufmerksamkeit auf die von Nazidivisionen an Polen ver\u00fcbten Verbrechen lenkt und sich der polnische Bildungsminister Przemys\u0142aw Czarnek f\u00fcr die Auslieferung von Altnazis einsetzt, zeigt Polen seine Entschlossenheit, dass die ganze Welt die dunkle Wahrheit \u00fcber die &#8220;Helden&#8221; der Ukraine erf\u00e4hrt.\n            <\/div>\n<p><\/p>\n<div class=\"Text-root Text-type_5 ArticleView-text ViewText-root \">\n<p><em>Von Andrew Korybko<\/em><\/p>\n<p>Der <a rel=\"nofollow noopener\" target=\"_blank\" href=\"https:\/\/thealtworld.com\/andrew_korybko\/poland-ukraine-have-plunged-into-a-full-blown-political-crisis-with-no-end-in-sight\">polnisch<\/a>&#8211;<a rel=\"nofollow noopener\" target=\"_blank\" href=\"https:\/\/korybko.substack.com\/p\/poland-hinted-that-germany-is-to\">ukrainische<\/a>\u00a0<a rel=\"nofollow noopener\" target=\"_blank\" href=\"https:\/\/korybko.substack.com\/p\/cnns-spin-on-the-polish-ukrainian\">Streit<\/a>, der Mitte September entfacht wurde, hat eine internationale Dimension erreicht, nachdem Kanada letzte Woche im Parlament einen <a rel=\"nofollow noopener\" target=\"_blank\" href=\"https:\/\/korybko.substack.com\/p\/jews-poles-and-russians-have-united\">ukrainischen Nazi ehrte<\/a>, dessen Division an dem V\u00f6lkermord an Polen beteiligt war. Der polnische Botschafter Witold Dzielski \u00fcbernahm die F\u00fchrung und <a rel=\"nofollow noopener\" target=\"_blank\" href=\"https:\/\/www.opindia.com\/2023\/09\/poland-demands-apology-canada-nazi-collaborator-yaroslav-hunka-standing-ovation-parliament\/\">forderte eine Entschuldigung<\/a> \u2013 aber alles, was er zun\u00e4chst erhielt, war eine Entschuldigung von Anthony Rota als Sprecher des Unterhauses gegen\u00fcber Juden, aber nicht an Polen gerichtet. Dies veranlasste Dzielski, <a rel=\"nofollow noopener\" target=\"_blank\" href=\"https:\/\/www.ctvnews.ca\/politics\/deeply-hurtful-polish-ambassador-condemns-nazi-veteran-s-invitation-to-canada-s-parliament-1.6577539\">sich dar\u00fcber zu beschweren<\/a>, dass sein Volk ausgelassen wurde. Dies bezeichnete er er als &#8220;zutiefst verletzend&#8221;, nachdem sechs Millionen von ihnen im Zweiten Weltkrieg ermordet worden waren.<\/p>\n<p>Dies war jedoch keineswegs die letzte Reaktion aus Warschau, denn zeitgleich <a rel=\"nofollow noopener\" target=\"_blank\" href=\"https:\/\/www.pap.pl\/aktualnosci\/wiceszef-msz-o-uhonorowaniu-przez-kanadyjski-parlament-ukrainca-z-jednostki-ss-galizien\">forderte<\/a> der stellvertretende Au\u00dfenminister Arkadiusz Mularczyk den R\u00fccktritt von Rota von seinem Posten im kanadischen Parlament. Der polnische Minister f\u00fcr Bildung und Wissenschaft Przemys\u0142aw Czarnek hingegen enth\u00fcllte sogar, er habe noch am Wochenende Schritte unternommen, um die <a rel=\"nofollow noopener\" target=\"_blank\" href=\"https:\/\/www.cbc.ca\/amp\/1.6978266\">Auslieferung des den Eklat ausgel\u00f6sten ukrainischen Nazis<\/a> zu erwirken. Obwohl Pr\u00e4sident Andrzej Duda versucht hat, die Spannungen mit der Ukraine nach der rasanten Abfolge der Ereignisse in der letzten Woche herunterzuspielen, l\u00e4sst sich nicht leugnen, dass dieser j\u00fcngste Skandal mit dem zunehmend vielschichtigen Streit zwischen den beiden L\u00e4ndern zusammenh\u00e4ngt.<\/p>\n<p>Immerhin wurde der betreffende ukrainische Nazi von Rota als ein &#8220;Held&#8221; bezeichnet, der &#8220;f\u00fcr die Unabh\u00e4ngigkeit k\u00e4mpfte&#8221; und vom kanadischen Premierminister Justin Trudeau, dessen Gast Selenskij und allen anderen Anwesenden in diesem Saal stehend mit Beifall bedacht wurde. Wie sehr die Kanadier auch versuchen, sich dumm zu stellen, indem sie behaupten, sie seien sich seiner Geschichte nicht bewusst, der ukrainische Anf\u00fchrer im Saal wusste sehr wohl, dass die einzigen sogenannten &#8220;Freiheitsk\u00e4mpfer&#8221; in der Ukraine w\u00e4hrend des Zweiten Weltkriegs Nazi-Kollaborateure waren.<\/p>\n<p>Er war so sehr in den Moment vertieft, dass er sogar aus Stolz die Faust in die Luft ballte, als er h\u00f6rte, dass einer der Vorv\u00e4ter seiner faschistischen Bewegung gekommen war, um seinen Auftritt vor dem Parlament zu sehen. Das blieb auch den Polen nicht verborgen, die sich dar\u00fcber emp\u00f6rten, dass Selenskij denselben Mann bejubelte, dessen Division ihre Vorfahren ermordet hatte. Viele verachteten bereits die Verherrlichung dieser Kriegsverbrecher durch sein Regime, dr\u00fcckten aber bisher aus &#8220;politischer Bequemlichkeit&#8221; ein Auge zu, weil Kiew den <a rel=\"nofollow noopener\" target=\"_blank\" href=\"https:\/\/astutenews.com\/2022\/03\/russia-is-waging-an-existential-struggle-in-defense-of-its-independence-sovereignty\/\">Stellvertreterkrieg der NATO gegen Russland<\/a> f\u00fchrt.<\/p>\n<p>Der polnische Unmut \u00fcber den profaschistischen Geschichtsrevisionismus der Ukraine kochte also bereits vor der Ehrung dieses Nazis durch Selenskij hoch, aber das scheint der sprichw\u00f6rtliche Tropfen gewesen zu sein, der das Fass zum \u00dcberlaufen brachte. Obwohl die Beh\u00f6rden ihn nicht offen verurteilen, um die bilateralen Spannungen zumindest vorl\u00e4ufig noch unter Kontrolle zu halten, kann ihre au\u00dferordentlich starke Reaktion auf diesen Skandal teilweise auch als gegen ihn pers\u00f6nlich gerichtet interpretiert werden.<\/p>\n<p>Die Polen w\u00e4ren immer noch ver\u00e4rgert gewesen, wenn Selenskij nur leicht applaudiert h\u00e4tte, nachdem er gezwungen war, auf den angeblich unerwarteten Schritt des Unterhaus-Sprechers zu reagieren, diesen ukrainischen Nazi zu feiern. Aber was sie wirklich st\u00f6rte, war, wie enthusiastisch er ihn dann bejubelte, obwohl er seine Geschichte kannte. Indem Polen als Staat nun die Aufmerksamkeit auf die Verbrechen lenkt, die diese Nazi-Division an Polen begangen hat, wie es Dzielski getan hat, und auf Auslieferung dr\u00e4ngt, wie es Czarnek versucht, zeigt sich, dass das Land nun m\u00f6chte, dass die ganze Welt endlich die dunkle Wahrheit \u00fcber die &#8220;Helden&#8221; der Ukraine erf\u00e4hrt.<\/p>\n<p>Beobachter sollten auch nicht vergessen, dass am 15. Oktober die n\u00e4chsten Parlamentswahlen in Polen anstehen. Das k\u00f6nnte ebenfalls eine Rolle dabei gespielt haben, warum die Regierungspartei &#8220;Recht und Gerechtigkeit&#8221; (PiS) endlich die Interessen Polens im Ausland vertritt, sei es gegen\u00fcber der Ukraine oder in Deutschland, nachdem sich der deutsche Bundeskanzler gerade in die bevorstehende Wahl <a rel=\"nofollow noopener\" target=\"_blank\" href=\"https:\/\/korybko.substack.com\/p\/the-polish-foreign-minister-is-right\">eingemischt<\/a> hat. W\u00e4re nicht gerade ein hitziger Wahlkampf im Gange, so bliebe es unklar, ob sich die PiS selbst angesichts der j\u00fcngsten Provokationen zu Wort gemeldet h\u00e4tte oder ob sie doch lieber geschwiegen h\u00e4tte.<\/p>\n<p>Auf jeden Fall freuen sich viele Polen, dass ihre F\u00fchrung nun so heftig auf Kanadas besch\u00e4mende Feier f\u00fcr den Nazi reagiert, dessen Division ihre Vorfahren ermordet hat \u2013 vor allem nachdem Selenskij in Solidarit\u00e4t mit diesem wahrscheinlichen Kriegsverbrecher auch noch seine Faust erhoben hat. Nachdem sogar <a rel=\"nofollow noopener\" target=\"_blank\" href=\"https:\/\/www.politico.com\/news\/2023\/09\/26\/canada-speaker-resign-nazi-zelenskyy-00118191\">Rota gerade zur\u00fcckgetreten<\/a> ist und sich f\u00fcr den Schmerz entschuldigt hat, den er den \u00dcberlebenden der Nazi-Gr\u00e4ueltaten in Polen zugef\u00fcgt hat, hoffen sie, dass der Altnazi bald ausgeliefert wird, obwohl es keine Garantie daf\u00fcr gibt, dass dies geschieht.<\/p>\n<p>Selenskij aber wird sich nicht daf\u00fcr entschuldigen, diesem alten Faschisten applaudiert zu haben.<\/p>\n<p>Daher k\u00f6nnte dieser Moment im Nachhinein ein Wendepunkt sein, wenn es darum geht, die Wahrnehmung der westlichen Massen \u00fcber den NATO-Stellvertreterkrieg gegen Russland in der Ukraine zu ver\u00e4ndern. Bis zu diesem Skandal war es &#8220;politisch unkorrekt&#8221;, \u00fcber die Beziehung des ukrainischen Regimes zum sogenannten &#8220;Nationalsozialismus&#8221; zu sprechen, weil das als sogenannte &#8220;prorussische Verschw\u00f6rungstheorie&#8221; abgetan wurde. Nach den j\u00fcngsten Ereignissen und der au\u00dferordentlich scharfen Reaktion Polens besteht kein Zweifel mehr am Wahrheitsgehalt dieser Behauptungen.<\/p>\n<p>Damit soll nicht gesagt werden, dass die westliche \u00d6ffentlichkeit als Ganzes nun Kiew zugunsten Russlands fallen lassen wird, sondern nur, dass sich nun viel mehr Menschen bewusst werden, dass die von ihnen bevorzugte Seite in diesem Konflikt nicht so unschuldig ist, wie man bisher dachte. Konkret k\u00f6nnte dies dazu beitragen, die Erm\u00fcdung zu verst\u00e4rken, die viele von ihnen angesichts der M\u00f6glichkeit, diesen Stellvertreterkrieg auf unbestimmte Zeit zu finanzieren, bereits versp\u00fcren. Infolgedessen k\u00f6nnten sie gegen\u00fcber pragmatischen Vorschl\u00e4gen einiger Politiker aufgeschlossener sein, die Hilfe f\u00fcr die Ukraine zu reduzieren.<\/p>\n<p>Unabh\u00e4ngig davon, was folgt, nachdem Kanada gerade einen ukrainischen Nazi gefeiert hat, dessen Division den V\u00f6lkermord an den Polen ver\u00fcbt hat, wird die Forderung Polens nach Gerechtigkeit f\u00fcr Kiew zu einem Albtraum in Sachen Soft Power werden. Die ganze Welt erf\u00e4hrt nun die dunkle Wahrheit \u00fcber die &#8220;Helden&#8221; dieses Landes, was das Land und Selenskij in ein schlechtes Licht r\u00fcckt, vor allem nachdem er dem SS-Mann so enthusiastisch applaudiert hat, obwohl er wusste, auf welcher Seite der gek\u00e4mpft hatte. Die Katze ist aus dem Sack \u2013 und es ist kein Tabu mehr, \u00fcber die Verherrlichung des Nazismus durch die moderne Ukraine zu sprechen.<\/p>\n<p><em>\u00dcbersetzt aus dem <a rel=\"nofollow noopener\" target=\"_blank\" href=\"https:\/\/korybko.substack.com\/p\/poland-demands-justice-after-canada?utm_source=profile&amp;utm_medium=reader2\">Englischen<\/a><\/em><\/p>\n<p><em>Andrew Korybko ist ein in Moskau ans\u00e4ssiger amerikanischer Politologe, der sich auf die US-Strategie in Afrika und Eurasien sowie auf Chinas Belt &amp; Road-Initiative, Russlands geopolitischen Balanceakt und hybride Kriegsf\u00fchrung spezialisiert hat.<\/em><\/p>\n<p><strong>Mehr zum Thema<\/strong> &#8211; <a rel=\"nofollow noopener\" target=\"_blank\" href=\"https:\/\/freedert.online\/nordamerika\/181861-kanadas-gruss-an-ukrainischen-nazi\/\">Blick in die Geschichte zeigt: Kanadas Gru\u00df an einen ukrainischen Nazi war kein Zufall <\/a><\/p>\n<\/p>\n<\/div>\n<p><br \/>\n<br \/><a href=\"https:\/\/de.rt.com\/international\/182118-nach-ehrung-ukrainischen-nazis-in\/\">Source link <\/a><\/p>\n","protected":false},"excerpt":{"rendered":"<p>Indem der polnische Botschafter in Kanada Witold Dzielski die Aufmerksamkeit auf die von Nazidivisionen an Polen ver\u00fcbten Verbrechen lenkt und sich der polnische Bildungsminister Przemys\u0142aw Czarnek f\u00fcr die Auslieferung von Altnazis einsetzt, zeigt Polen seine Entschlossenheit, dass die ganze Welt die dunkle Wahrheit \u00fcber die &#8220;Helden&#8221; der Ukraine erf\u00e4hrt. Von Andrew Korybko Der polnisch&#8211;ukrainische\u00a0Streit, der [&hellip;]<\/p>\n","protected":false},"author":3,"featured_media":47193,"comment_status":"open","ping_status":"open","sticky":false,"template":"","format":"standard","meta":{"_yoast_indexnow_last_ping":["1695927233"],"wp_automatic_camp":["217"],"23aa032b937f756e9b9684e21323bd05":["Nach Ehrung eines ukrainischen Nazis in Kanada: Polen fordert Gerechtigkeit f\u00fcr Mord an Polen"],"original_link":["https:\/\/de.rt.com\/international\/182118-nach-ehrung-ukrainischen-nazis-in\/"],"_thumbnail_id":["47193"],"_wptgpro_p2tg_sent2tg":["a:1:{i:23737;s:19:\"2023-09-28 20:55:19\";}"],"jnews_social_counter_last_update":["1777525819"]},"categories":[19,23],"tags":[49248,2111,355,221,7291,19376,1091,979,13411,5850,2332],"yoast_head":"<!-- This site is optimized with the Yoast SEO Premium plugin v22.7 (Yoast SEO v22.7) - https:\/\/yoast.com\/wordpress\/plugins\/seo\/ -->\n<title>Nach Ehrung eines ukrainischen Nazis in Kanada: Polen fordert Gerechtigkeit f\u00fcr Mord an Polen - just-now.NEWS Deutschland<\/title>\n<meta name=\"robots\" content=\"index, follow, max-snippet:-1, max-image-preview:large, max-video-preview:-1\" \/>\n<link rel=\"canonical\" href=\"https:\/\/now-news.de\/de\/deutschland\/nach-ehrung-eines-ukrainischen-nazis-in-kanada-polen-fordert-gerechtigkeit-fuer-mord-an-polen\/\" \/>\n<meta property=\"og:locale\" content=\"de_DE\" \/>\n<meta property=\"og:type\" content=\"article\" \/>\n<meta property=\"og:title\" content=\"Nach Ehrung eines ukrainischen Nazis in Kanada: Polen fordert Gerechtigkeit f\u00fcr Mord an Polen\" \/>\n<meta property=\"og:description\" content=\"Indem der polnische Botschafter in Kanada Witold Dzielski die Aufmerksamkeit auf die von Nazidivisionen an Polen ver\u00fcbten Verbrechen lenkt und sich der polnische Bildungsminister Przemys\u0142aw Czarnek f\u00fcr die Auslieferung von Altnazis einsetzt, zeigt Polen seine Entschlossenheit, dass die ganze Welt die dunkle Wahrheit \u00fcber die &#8220;Helden&#8221; der Ukraine erf\u00e4hrt. Von Andrew Korybko Der polnisch&#8211;ukrainische\u00a0Streit, der [&hellip;]\" \/>\n<meta property=\"og:url\" content=\"https:\/\/now-news.de\/de\/deutschland\/nach-ehrung-eines-ukrainischen-nazis-in-kanada-polen-fordert-gerechtigkeit-fuer-mord-an-polen\/\" \/>\n<meta property=\"og:site_name\" content=\"just-now.NEWS Deutschland\" \/>\n<meta property=\"article:publisher\" content=\"https:\/\/www.facebook.com\/wirmachenauf\" \/>\n<meta property=\"article:published_time\" content=\"2023-09-28T18:44:03+00:00\" \/>\n<meta property=\"og:image\" content=\"https:\/\/now-news.de\/de\/wp-content\/uploads\/sites\/3\/2023\/09\/Nach-Ehrung-eines-ukrainischen-Nazis-in-Kanada-Polen-fordert-Gerechtigkeit.jpg\" \/>\n\t<meta property=\"og:image:width\" content=\"460\" \/>\n\t<meta property=\"og:image:height\" content=\"259\" \/>\n\t<meta property=\"og:image:type\" content=\"image\/jpeg\" \/>\n<meta name=\"author\" content=\"rtnews\" \/>\n<meta name=\"twitter:card\" content=\"summary_large_image\" \/>\n<meta name=\"twitter:creator\" content=\"@WirMachenAuf_de\" \/>\n<meta name=\"twitter:site\" content=\"@WirMachenAuf_de\" \/>\n<meta name=\"twitter:label1\" content=\"Verfasst von\" \/>\n\t<meta name=\"twitter:data1\" content=\"rtnews\" \/>\n\t<meta name=\"twitter:label2\" content=\"Gesch\u00e4tzte Lesezeit\" \/>\n\t<meta name=\"twitter:data2\" content=\"6\u00a0Minuten\" \/>\n<script type=\"application\/ld+json\" class=\"yoast-schema-graph\">{\"@context\":\"https:\/\/schema.org\",\"@graph\":[{\"@type\":\"Article\",\"@id\":\"https:\/\/now-news.de\/de\/deutschland\/nach-ehrung-eines-ukrainischen-nazis-in-kanada-polen-fordert-gerechtigkeit-fuer-mord-an-polen\/#article\",\"isPartOf\":{\"@id\":\"https:\/\/now-news.de\/de\/deutschland\/nach-ehrung-eines-ukrainischen-nazis-in-kanada-polen-fordert-gerechtigkeit-fuer-mord-an-polen\/\"},\"author\":{\"name\":\"rtnews\",\"@id\":\"https:\/\/now-news.de\/de\/#\/schema\/person\/fb534a4e865501d8b3285208df34a9b5\"},\"headline\":\"Nach Ehrung eines ukrainischen Nazis in Kanada: Polen fordert Gerechtigkeit f\u00fcr Mord an Polen\",\"datePublished\":\"2023-09-28T18:44:03+00:00\",\"dateModified\":\"2023-09-28T18:44:03+00:00\",\"mainEntityOfPage\":{\"@id\":\"https:\/\/now-news.de\/de\/deutschland\/nach-ehrung-eines-ukrainischen-nazis-in-kanada-polen-fordert-gerechtigkeit-fuer-mord-an-polen\/\"},\"wordCount\":1187,\"commentCount\":0,\"publisher\":{\"@id\":\"https:\/\/now-news.de\/de\/#organization\"},\"image\":{\"@id\":\"https:\/\/now-news.de\/de\/deutschland\/nach-ehrung-eines-ukrainischen-nazis-in-kanada-polen-fordert-gerechtigkeit-fuer-mord-an-polen\/#primaryimage\"},\"thumbnailUrl\":\"https:\/\/now-news.de\/de\/wp-content\/uploads\/sites\/3\/2023\/09\/Nach-Ehrung-eines-ukrainischen-Nazis-in-Kanada-Polen-fordert-Gerechtigkeit.jpg\",\"keywords\":[\"Ehrung\",\"eines\",\"fordert\",\"f\u00fcr\",\"Gerechtigkeit\",\"Kanada\",\"Mord\",\"nach\",\"Nazis\",\"Polen\",\"ukrainischen\"],\"articleSection\":[\"Deutschland\",\"Russland\"],\"inLanguage\":\"de\",\"potentialAction\":[{\"@type\":\"CommentAction\",\"name\":\"Comment\",\"target\":[\"https:\/\/now-news.de\/de\/deutschland\/nach-ehrung-eines-ukrainischen-nazis-in-kanada-polen-fordert-gerechtigkeit-fuer-mord-an-polen\/#respond\"]}]},{\"@type\":\"WebPage\",\"@id\":\"https:\/\/now-news.de\/de\/deutschland\/nach-ehrung-eines-ukrainischen-nazis-in-kanada-polen-fordert-gerechtigkeit-fuer-mord-an-polen\/\",\"url\":\"https:\/\/now-news.de\/de\/deutschland\/nach-ehrung-eines-ukrainischen-nazis-in-kanada-polen-fordert-gerechtigkeit-fuer-mord-an-polen\/\",\"name\":\"Nach Ehrung eines ukrainischen Nazis in Kanada: Polen fordert Gerechtigkeit f\u00fcr Mord an Polen - just-now.NEWS Deutschland\",\"isPartOf\":{\"@id\":\"https:\/\/now-news.de\/de\/#website\"},\"primaryImageOfPage\":{\"@id\":\"https:\/\/now-news.de\/de\/deutschland\/nach-ehrung-eines-ukrainischen-nazis-in-kanada-polen-fordert-gerechtigkeit-fuer-mord-an-polen\/#primaryimage\"},\"image\":{\"@id\":\"https:\/\/now-news.de\/de\/deutschland\/nach-ehrung-eines-ukrainischen-nazis-in-kanada-polen-fordert-gerechtigkeit-fuer-mord-an-polen\/#primaryimage\"},\"thumbnailUrl\":\"https:\/\/now-news.de\/de\/wp-content\/uploads\/sites\/3\/2023\/09\/Nach-Ehrung-eines-ukrainischen-Nazis-in-Kanada-Polen-fordert-Gerechtigkeit.jpg\",\"datePublished\":\"2023-09-28T18:44:03+00:00\",\"dateModified\":\"2023-09-28T18:44:03+00:00\",\"breadcrumb\":{\"@id\":\"https:\/\/now-news.de\/de\/deutschland\/nach-ehrung-eines-ukrainischen-nazis-in-kanada-polen-fordert-gerechtigkeit-fuer-mord-an-polen\/#breadcrumb\"},\"inLanguage\":\"de\",\"potentialAction\":[{\"@type\":\"ReadAction\",\"target\":[\"https:\/\/now-news.de\/de\/deutschland\/nach-ehrung-eines-ukrainischen-nazis-in-kanada-polen-fordert-gerechtigkeit-fuer-mord-an-polen\/\"]}]},{\"@type\":\"ImageObject\",\"inLanguage\":\"de\",\"@id\":\"https:\/\/now-news.de\/de\/deutschland\/nach-ehrung-eines-ukrainischen-nazis-in-kanada-polen-fordert-gerechtigkeit-fuer-mord-an-polen\/#primaryimage\",\"url\":\"https:\/\/now-news.de\/de\/wp-content\/uploads\/sites\/3\/2023\/09\/Nach-Ehrung-eines-ukrainischen-Nazis-in-Kanada-Polen-fordert-Gerechtigkeit.jpg\",\"contentUrl\":\"https:\/\/now-news.de\/de\/wp-content\/uploads\/sites\/3\/2023\/09\/Nach-Ehrung-eines-ukrainischen-Nazis-in-Kanada-Polen-fordert-Gerechtigkeit.jpg\",\"width\":460,\"height\":259,\"caption\":\"Nach Ehrung eines ukrainischen Nazis in Kanada: Polen fordert Gerechtigkeit f\u00fcr Mord an Polen\"},{\"@type\":\"BreadcrumbList\",\"@id\":\"https:\/\/now-news.de\/de\/deutschland\/nach-ehrung-eines-ukrainischen-nazis-in-kanada-polen-fordert-gerechtigkeit-fuer-mord-an-polen\/#breadcrumb\",\"itemListElement\":[{\"@type\":\"ListItem\",\"position\":1,\"name\":\"Home\",\"item\":\"https:\/\/now-news.de\/de\/\"},{\"@type\":\"ListItem\",\"position\":2,\"name\":\"Nach Ehrung eines ukrainischen Nazis in Kanada: Polen fordert Gerechtigkeit f\u00fcr Mord an Polen\"}]},{\"@type\":\"WebSite\",\"@id\":\"https:\/\/now-news.de\/de\/#website\",\"url\":\"https:\/\/now-news.de\/de\/\",\"name\":\"just-now.NEWS Deutschland\",\"description\":\"Das Portal f\u00fcr unzensierte Nachrichten aus der Welt\",\"publisher\":{\"@id\":\"https:\/\/now-news.de\/de\/#organization\"},\"potentialAction\":[{\"@type\":\"SearchAction\",\"target\":{\"@type\":\"EntryPoint\",\"urlTemplate\":\"https:\/\/now-news.de\/de\/?s={search_term_string}\"},\"query-input\":\"required name=search_term_string\"}],\"inLanguage\":\"de\"},{\"@type\":\"Organization\",\"@id\":\"https:\/\/now-news.de\/de\/#organization\",\"name\":\"Just Now News\",\"url\":\"https:\/\/now-news.de\/de\/\",\"logo\":{\"@type\":\"ImageObject\",\"inLanguage\":\"de\",\"@id\":\"https:\/\/now-news.de\/de\/#\/schema\/logo\/image\/\",\"url\":\"http:\/\/just-now.news\/de\/wp-content\/uploads\/sites\/3\/2022\/04\/logo500x500.jpg\",\"contentUrl\":\"http:\/\/just-now.news\/de\/wp-content\/uploads\/sites\/3\/2022\/04\/logo500x500.jpg\",\"width\":500,\"height\":500,\"caption\":\"Just Now News\"},\"image\":{\"@id\":\"https:\/\/now-news.de\/de\/#\/schema\/logo\/image\/\"},\"sameAs\":[\"https:\/\/www.facebook.com\/wirmachenauf\",\"https:\/\/x.com\/WirMachenAuf_de\"]},{\"@type\":\"Person\",\"@id\":\"https:\/\/now-news.de\/de\/#\/schema\/person\/fb534a4e865501d8b3285208df34a9b5\",\"name\":\"rtnews\",\"image\":{\"@type\":\"ImageObject\",\"inLanguage\":\"de\",\"@id\":\"https:\/\/now-news.de\/de\/#\/schema\/person\/image\/\",\"url\":\"https:\/\/secure.gravatar.com\/avatar\/82aafea7d8127119dd649515f56e2117?s=96&d=mm&r=g\",\"contentUrl\":\"https:\/\/secure.gravatar.com\/avatar\/82aafea7d8127119dd649515f56e2117?s=96&d=mm&r=g\",\"caption\":\"rtnews\"},\"url\":\"https:\/\/now-news.de\/de\/author\/rnews\/\"}]}<\/script>\n<!-- \/ Yoast SEO Premium plugin. -->","yoast_head_json":{"title":"Nach Ehrung eines ukrainischen Nazis in Kanada: Polen fordert Gerechtigkeit f\u00fcr Mord an Polen - just-now.NEWS Deutschland","robots":{"index":"index","follow":"follow","max-snippet":"max-snippet:-1","max-image-preview":"max-image-preview:large","max-video-preview":"max-video-preview:-1"},"canonical":"https:\/\/now-news.de\/de\/deutschland\/nach-ehrung-eines-ukrainischen-nazis-in-kanada-polen-fordert-gerechtigkeit-fuer-mord-an-polen\/","og_locale":"de_DE","og_type":"article","og_title":"Nach Ehrung eines ukrainischen Nazis in Kanada: Polen fordert Gerechtigkeit f\u00fcr Mord an Polen","og_description":"Indem der polnische Botschafter in Kanada Witold Dzielski die Aufmerksamkeit auf die von Nazidivisionen an Polen ver\u00fcbten Verbrechen lenkt und sich der polnische Bildungsminister Przemys\u0142aw Czarnek f\u00fcr die Auslieferung von Altnazis einsetzt, zeigt Polen seine Entschlossenheit, dass die ganze Welt die dunkle Wahrheit \u00fcber die &#8220;Helden&#8221; der Ukraine erf\u00e4hrt. Von Andrew Korybko Der polnisch&#8211;ukrainische\u00a0Streit, der [&hellip;]","og_url":"https:\/\/now-news.de\/de\/deutschland\/nach-ehrung-eines-ukrainischen-nazis-in-kanada-polen-fordert-gerechtigkeit-fuer-mord-an-polen\/","og_site_name":"just-now.NEWS Deutschland","article_publisher":"https:\/\/www.facebook.com\/wirmachenauf","article_published_time":"2023-09-28T18:44:03+00:00","og_image":[{"width":460,"height":259,"url":"https:\/\/now-news.de\/de\/wp-content\/uploads\/sites\/3\/2023\/09\/Nach-Ehrung-eines-ukrainischen-Nazis-in-Kanada-Polen-fordert-Gerechtigkeit.jpg","type":"image\/jpeg"}],"author":"rtnews","twitter_card":"summary_large_image","twitter_creator":"@WirMachenAuf_de","twitter_site":"@WirMachenAuf_de","twitter_misc":{"Verfasst von":"rtnews","Gesch\u00e4tzte Lesezeit":"6\u00a0Minuten"},"schema":{"@context":"https:\/\/schema.org","@graph":[{"@type":"Article","@id":"https:\/\/now-news.de\/de\/deutschland\/nach-ehrung-eines-ukrainischen-nazis-in-kanada-polen-fordert-gerechtigkeit-fuer-mord-an-polen\/#article","isPartOf":{"@id":"https:\/\/now-news.de\/de\/deutschland\/nach-ehrung-eines-ukrainischen-nazis-in-kanada-polen-fordert-gerechtigkeit-fuer-mord-an-polen\/"},"author":{"name":"rtnews","@id":"https:\/\/now-news.de\/de\/#\/schema\/person\/fb534a4e865501d8b3285208df34a9b5"},"headline":"Nach Ehrung eines ukrainischen Nazis in Kanada: Polen fordert Gerechtigkeit f\u00fcr Mord an Polen","datePublished":"2023-09-28T18:44:03+00:00","dateModified":"2023-09-28T18:44:03+00:00","mainEntityOfPage":{"@id":"https:\/\/now-news.de\/de\/deutschland\/nach-ehrung-eines-ukrainischen-nazis-in-kanada-polen-fordert-gerechtigkeit-fuer-mord-an-polen\/"},"wordCount":1187,"commentCount":0,"publisher":{"@id":"https:\/\/now-news.de\/de\/#organization"},"image":{"@id":"https:\/\/now-news.de\/de\/deutschland\/nach-ehrung-eines-ukrainischen-nazis-in-kanada-polen-fordert-gerechtigkeit-fuer-mord-an-polen\/#primaryimage"},"thumbnailUrl":"https:\/\/now-news.de\/de\/wp-content\/uploads\/sites\/3\/2023\/09\/Nach-Ehrung-eines-ukrainischen-Nazis-in-Kanada-Polen-fordert-Gerechtigkeit.jpg","keywords":["Ehrung","eines","fordert","f\u00fcr","Gerechtigkeit","Kanada","Mord","nach","Nazis","Polen","ukrainischen"],"articleSection":["Deutschland","Russland"],"inLanguage":"de","potentialAction":[{"@type":"CommentAction","name":"Comment","target":["https:\/\/now-news.de\/de\/deutschland\/nach-ehrung-eines-ukrainischen-nazis-in-kanada-polen-fordert-gerechtigkeit-fuer-mord-an-polen\/#respond"]}]},{"@type":"WebPage","@id":"https:\/\/now-news.de\/de\/deutschland\/nach-ehrung-eines-ukrainischen-nazis-in-kanada-polen-fordert-gerechtigkeit-fuer-mord-an-polen\/","url":"https:\/\/now-news.de\/de\/deutschland\/nach-ehrung-eines-ukrainischen-nazis-in-kanada-polen-fordert-gerechtigkeit-fuer-mord-an-polen\/","name":"Nach Ehrung eines ukrainischen Nazis in Kanada: Polen fordert Gerechtigkeit f\u00fcr Mord an Polen - just-now.NEWS Deutschland","isPartOf":{"@id":"https:\/\/now-news.de\/de\/#website"},"primaryImageOfPage":{"@id":"https:\/\/now-news.de\/de\/deutschland\/nach-ehrung-eines-ukrainischen-nazis-in-kanada-polen-fordert-gerechtigkeit-fuer-mord-an-polen\/#primaryimage"},"image":{"@id":"https:\/\/now-news.de\/de\/deutschland\/nach-ehrung-eines-ukrainischen-nazis-in-kanada-polen-fordert-gerechtigkeit-fuer-mord-an-polen\/#primaryimage"},"thumbnailUrl":"https:\/\/now-news.de\/de\/wp-content\/uploads\/sites\/3\/2023\/09\/Nach-Ehrung-eines-ukrainischen-Nazis-in-Kanada-Polen-fordert-Gerechtigkeit.jpg","datePublished":"2023-09-28T18:44:03+00:00","dateModified":"2023-09-28T18:44:03+00:00","breadcrumb":{"@id":"https:\/\/now-news.de\/de\/deutschland\/nach-ehrung-eines-ukrainischen-nazis-in-kanada-polen-fordert-gerechtigkeit-fuer-mord-an-polen\/#breadcrumb"},"inLanguage":"de","potentialAction":[{"@type":"ReadAction","target":["https:\/\/now-news.de\/de\/deutschland\/nach-ehrung-eines-ukrainischen-nazis-in-kanada-polen-fordert-gerechtigkeit-fuer-mord-an-polen\/"]}]},{"@type":"ImageObject","inLanguage":"de","@id":"https:\/\/now-news.de\/de\/deutschland\/nach-ehrung-eines-ukrainischen-nazis-in-kanada-polen-fordert-gerechtigkeit-fuer-mord-an-polen\/#primaryimage","url":"https:\/\/now-news.de\/de\/wp-content\/uploads\/sites\/3\/2023\/09\/Nach-Ehrung-eines-ukrainischen-Nazis-in-Kanada-Polen-fordert-Gerechtigkeit.jpg","contentUrl":"https:\/\/now-news.de\/de\/wp-content\/uploads\/sites\/3\/2023\/09\/Nach-Ehrung-eines-ukrainischen-Nazis-in-Kanada-Polen-fordert-Gerechtigkeit.jpg","width":460,"height":259,"caption":"Nach Ehrung eines ukrainischen Nazis in Kanada: Polen fordert Gerechtigkeit f\u00fcr Mord an Polen"},{"@type":"BreadcrumbList","@id":"https:\/\/now-news.de\/de\/deutschland\/nach-ehrung-eines-ukrainischen-nazis-in-kanada-polen-fordert-gerechtigkeit-fuer-mord-an-polen\/#breadcrumb","itemListElement":[{"@type":"ListItem","position":1,"name":"Home","item":"https:\/\/now-news.de\/de\/"},{"@type":"ListItem","position":2,"name":"Nach Ehrung eines ukrainischen Nazis in Kanada: Polen fordert Gerechtigkeit f\u00fcr Mord an Polen"}]},{"@type":"WebSite","@id":"https:\/\/now-news.de\/de\/#website","url":"https:\/\/now-news.de\/de\/","name":"just-now.NEWS Deutschland","description":"Das Portal f\u00fcr unzensierte Nachrichten aus der Welt","publisher":{"@id":"https:\/\/now-news.de\/de\/#organization"},"potentialAction":[{"@type":"SearchAction","target":{"@type":"EntryPoint","urlTemplate":"https:\/\/now-news.de\/de\/?s={search_term_string}"},"query-input":"required name=search_term_string"}],"inLanguage":"de"},{"@type":"Organization","@id":"https:\/\/now-news.de\/de\/#organization","name":"Just Now News","url":"https:\/\/now-news.de\/de\/","logo":{"@type":"ImageObject","inLanguage":"de","@id":"https:\/\/now-news.de\/de\/#\/schema\/logo\/image\/","url":"http:\/\/just-now.news\/de\/wp-content\/uploads\/sites\/3\/2022\/04\/logo500x500.jpg","contentUrl":"http:\/\/just-now.news\/de\/wp-content\/uploads\/sites\/3\/2022\/04\/logo500x500.jpg","width":500,"height":500,"caption":"Just Now News"},"image":{"@id":"https:\/\/now-news.de\/de\/#\/schema\/logo\/image\/"},"sameAs":["https:\/\/www.facebook.com\/wirmachenauf","https:\/\/x.com\/WirMachenAuf_de"]},{"@type":"Person","@id":"https:\/\/now-news.de\/de\/#\/schema\/person\/fb534a4e865501d8b3285208df34a9b5","name":"rtnews","image":{"@type":"ImageObject","inLanguage":"de","@id":"https:\/\/now-news.de\/de\/#\/schema\/person\/image\/","url":"https:\/\/secure.gravatar.com\/avatar\/82aafea7d8127119dd649515f56e2117?s=96&d=mm&r=g","contentUrl":"https:\/\/secure.gravatar.com\/avatar\/82aafea7d8127119dd649515f56e2117?s=96&d=mm&r=g","caption":"rtnews"},"url":"https:\/\/now-news.de\/de\/author\/rnews\/"}]}},"_links":{"self":[{"href":"https:\/\/now-news.de\/de\/wp-json\/wp\/v2\/posts\/47192"}],"collection":[{"href":"https:\/\/now-news.de\/de\/wp-json\/wp\/v2\/posts"}],"about":[{"href":"https:\/\/now-news.de\/de\/wp-json\/wp\/v2\/types\/post"}],"author":[{"embeddable":true,"href":"https:\/\/now-news.de\/de\/wp-json\/wp\/v2\/users\/3"}],"replies":[{"embeddable":true,"href":"https:\/\/now-news.de\/de\/wp-json\/wp\/v2\/comments?post=47192"}],"version-history":[{"count":0,"href":"https:\/\/now-news.de\/de\/wp-json\/wp\/v2\/posts\/47192\/revisions"}],"wp:featuredmedia":[{"embeddable":true,"href":"https:\/\/now-news.de\/de\/wp-json\/wp\/v2\/media\/47193"}],"wp:attachment":[{"href":"https:\/\/now-news.de\/de\/wp-json\/wp\/v2\/media?parent=47192"}],"wp:term":[{"taxonomy":"category","embeddable":true,"href":"https:\/\/now-news.de\/de\/wp-json\/wp\/v2\/categories?post=47192"},{"taxonomy":"post_tag","embeddable":true,"href":"https:\/\/now-news.de\/de\/wp-json\/wp\/v2\/tags?post=47192"}],"curies":[{"name":"wp","href":"https:\/\/api.w.org\/{rel}","templated":true}]}}