{"id":47182,"date":"2023-09-28T18:22:23","date_gmt":"2023-09-28T16:22:23","guid":{"rendered":"https:\/\/just-now.news\/de\/deutschland\/armenien-will-roemisches-statut-ratifizieren-kritik-aus-moskau\/"},"modified":"2023-09-28T18:22:23","modified_gmt":"2023-09-28T16:22:23","slug":"armenien-will-roemisches-statut-ratifizieren-kritik-aus-moskau","status":"publish","type":"post","link":"https:\/\/now-news.de\/de\/deutschland\/armenien-will-roemisches-statut-ratifizieren-kritik-aus-moskau\/","title":{"rendered":"Armenien will R\u00f6misches Statut ratifizieren \u2013 Kritik aus Moskau"},"content":{"rendered":"<p><img decoding=\"async\" src=\"http:\/\/just-now.news\/de\/wp-content\/uploads\/sites\/3\/2023\/09\/65157fe748fbef156d799c5b.jpg\" \/><\/p>\n<div class=\"Text-root Text-type_1 \">\n                Armenien will das R\u00f6mische Statut des Internationalen Strafgerichtshofs ratifizieren. Eine Kommission f\u00fcr Staats- und Rechtsfragen hat am Donnerstag den von der Regierung vorgelegten Entwurf gebilligt. Moskau empfindet den Schritt als feindselig.\n            <\/div>\n<p><\/p>\n<div class=\"Text-root Text-type_5 ArticleView-text ViewText-root \">\n<p>Moskau steht dem Vorhaben Jerewans, dem R\u00f6mischen Statut des Internationalen Strafgerichtshofs beizutreten, kritisch gegen\u00fcber. Armenien wisse Bescheid \u00fcber den\u00a0Haftbefehl gegen den russischen Pr\u00e4sidenten, der auf der Grundlage dieses Statuts getroffen worden war, erkl\u00e4rte Kremlsprecher Dmitri Peskow am Donnerstag. &#8220;Wir wissen, dass dies in Jerewan gut bekannt ist. Das ist nicht das, was wir begr\u00fc\u00dfen.&#8221; Laut Peskow ist eine solche Entscheidung der armenischen Beh\u00f6rden &#8220;\u00e4u\u00dferst feindselig&#8221; gegen\u00fcber Russland.<\/p>\n<p>Peskow stellte jedoch fest, dass Armenien ein souver\u00e4ner Staat sei. &#8220;Wir hoffen nat\u00fcrlich, dass sich solche Entscheidungen nicht negativ auf unsere bilateralen Beziehungen auswirken, denn wir sprechen \u00fcber ein Gesetz, das wir nicht anerkennen, wir sind keine Vertragspartei.&#8221; Er f\u00fcgte hinzu, dass Wladimir Putin in naher Zukunft keine Reisen nach Armenien plane.<\/p>\n<p>Auch das russische Au\u00dfenministerium betonte am Donnerstag, dass die Ratifizierung des R\u00f6mischen Statuts durch Armenien inakzeptabel sei und negative Folgen f\u00fcr die bilateralen Beziehungen haben werde.<\/p>\n<p>Aufgrund des Vorhabens in Jerewan war vor einigen Wochen der armenische Botschafter in Moskau in das russische Au\u00dfenministerium einbestellt worden.<\/p>\n<p>Trotz der Unzufriedenheit in Moskau hat eine Kommission f\u00fcr Staats- und Rechtsfragen am Donnerstag den von der armenischen Regierung vorgelegten Entwurf zur Ratifizierung des R\u00f6mischen Statuts gebilligt. Das Dokument wird auf einer Parlamentssitzung besprochen, die am 3. Oktober beginnt.<\/p>\n<p>Der Vertreter Armeniens f\u00fcr internationale Rechtsfragen Jegische Kirakosjan sagte im Parlament, er glaube nicht, dass nach der Ratifizierung von einer Verhaftung des russischen Pr\u00e4sidenten bei seiner Einreise nach Armenien die Rede sein k\u00f6nne. Ihm zufolge war der russischen Seite angeboten worden, ein bilaterales Abkommen zu unterzeichnen. Kirakosjan erkl\u00e4rte, dass sich die Parteien durch dieses Abkommen dazu verpflichten w\u00fcrden, einander Garantien in Bezug auf die wichtigsten Fragen zu geben. Laut Kirakosjan ist dieser Vorschlag im April verschickt worden, es kam jedoch keine Antwort.<\/p>\n<p>Armenien hatte das R\u00f6mische Statut im Jahr 1998 unterzeichnet, jedoch nicht ratifiziert. Premierminister Nikol Paschinjan hat wiederholt erkl\u00e4rt, dass Jerewan das Statut vollst\u00e4ndig ratifizieren wird. &#8220;Dies hat nichts mit den Beziehungen zwischen Armenien und Russland zu tun, sondern h\u00e4ngt mit dem Sicherheitsproblem Armeniens zusammen&#8221;, erkl\u00e4rte er.<\/p>\n<p><strong>Mehr zum Thema<\/strong> \u2013 <a rel=\"nofollow noopener\" target=\"_blank\" href=\"https:\/\/freeassange.rtde.life\/international\/182059-nicht-anerkannte-republik-bergkarabach-wird-aufgeloest\/\">Nicht anerkannte Republik Bergkarabach wird aufgel\u00f6st<\/a><\/p>\n<\/div>\n<p><br \/>\n<br \/><a href=\"https:\/\/de.rt.com\/international\/182130-armenien-auf-weg-roemisches-statut-zu-ratifizieren-kritik-aus-moskau\/\">Source link <\/a><\/p>\n","protected":false},"excerpt":{"rendered":"<p>Armenien will das R\u00f6mische Statut des Internationalen Strafgerichtshofs ratifizieren. Eine Kommission f\u00fcr Staats- und Rechtsfragen hat am Donnerstag den von der Regierung vorgelegten Entwurf gebilligt. Moskau empfindet den Schritt als feindselig. Moskau steht dem Vorhaben Jerewans, dem R\u00f6mischen Statut des Internationalen Strafgerichtshofs beizutreten, kritisch gegen\u00fcber. Armenien wisse Bescheid \u00fcber den\u00a0Haftbefehl gegen den russischen Pr\u00e4sidenten, der [&hellip;]<\/p>\n","protected":false},"author":3,"featured_media":47183,"comment_status":"open","ping_status":"open","sticky":false,"template":"","format":"standard","meta":{"_yoast_indexnow_last_ping":["1695918516"],"wp_automatic_camp":["217"],"dc87cd50f0b65a0f1406329ee47d0c44":["Armenien will R\u00f6misches Statut ratifizieren \u2013 Kritik aus Moskau"],"original_link":["https:\/\/de.rt.com\/international\/182130-armenien-auf-weg-roemisches-statut-zu-ratifizieren-kritik-aus-moskau\/"],"_thumbnail_id":["47183"],"_wptgpro_p2tg_sent2tg":["a:1:{i:23737;s:19:\"2023-09-28 18:29:47\";}"],"jnews_social_counter_last_update":["1777406502"]},"categories":[19,23],"tags":[10002,679,935,946,49340,49338,49339],"yoast_head":"<!-- This site is optimized with the Yoast SEO Premium plugin v22.7 (Yoast SEO v22.7) - https:\/\/yoast.com\/wordpress\/plugins\/seo\/ -->\n<title>Armenien will R\u00f6misches Statut ratifizieren \u2013 Kritik aus Moskau - just-now.NEWS Deutschland<\/title>\n<meta name=\"robots\" content=\"index, follow, max-snippet:-1, max-image-preview:large, max-video-preview:-1\" \/>\n<link rel=\"canonical\" href=\"https:\/\/now-news.de\/de\/deutschland\/armenien-will-roemisches-statut-ratifizieren-kritik-aus-moskau\/\" \/>\n<meta property=\"og:locale\" content=\"de_DE\" \/>\n<meta property=\"og:type\" content=\"article\" \/>\n<meta property=\"og:title\" content=\"Armenien will R\u00f6misches Statut ratifizieren \u2013 Kritik aus Moskau\" \/>\n<meta property=\"og:description\" content=\"Armenien will das R\u00f6mische Statut des Internationalen Strafgerichtshofs ratifizieren. Eine Kommission f\u00fcr Staats- und Rechtsfragen hat am Donnerstag den von der Regierung vorgelegten Entwurf gebilligt. Moskau empfindet den Schritt als feindselig. Moskau steht dem Vorhaben Jerewans, dem R\u00f6mischen Statut des Internationalen Strafgerichtshofs beizutreten, kritisch gegen\u00fcber. Armenien wisse Bescheid \u00fcber den\u00a0Haftbefehl gegen den russischen Pr\u00e4sidenten, der [&hellip;]\" \/>\n<meta property=\"og:url\" content=\"https:\/\/now-news.de\/de\/deutschland\/armenien-will-roemisches-statut-ratifizieren-kritik-aus-moskau\/\" \/>\n<meta property=\"og:site_name\" content=\"just-now.NEWS Deutschland\" \/>\n<meta property=\"article:publisher\" content=\"https:\/\/www.facebook.com\/wirmachenauf\" \/>\n<meta property=\"article:published_time\" content=\"2023-09-28T16:22:23+00:00\" \/>\n<meta property=\"og:image\" content=\"https:\/\/now-news.de\/de\/wp-content\/uploads\/sites\/3\/2023\/09\/Armenien-will-Roemisches-Statut-ratifizieren-\u2013-Kritik-aus-Moskau.jpg\" \/>\n\t<meta property=\"og:image:width\" content=\"460\" \/>\n\t<meta property=\"og:image:height\" content=\"259\" \/>\n\t<meta property=\"og:image:type\" content=\"image\/jpeg\" \/>\n<meta name=\"author\" content=\"rtnews\" \/>\n<meta name=\"twitter:card\" content=\"summary_large_image\" \/>\n<meta name=\"twitter:creator\" content=\"@WirMachenAuf_de\" \/>\n<meta name=\"twitter:site\" content=\"@WirMachenAuf_de\" \/>\n<meta name=\"twitter:label1\" content=\"Verfasst von\" \/>\n\t<meta name=\"twitter:data1\" content=\"rtnews\" \/>\n\t<meta name=\"twitter:label2\" content=\"Gesch\u00e4tzte Lesezeit\" \/>\n\t<meta name=\"twitter:data2\" content=\"2\u00a0Minuten\" \/>\n<script type=\"application\/ld+json\" class=\"yoast-schema-graph\">{\"@context\":\"https:\/\/schema.org\",\"@graph\":[{\"@type\":\"Article\",\"@id\":\"https:\/\/now-news.de\/de\/deutschland\/armenien-will-roemisches-statut-ratifizieren-kritik-aus-moskau\/#article\",\"isPartOf\":{\"@id\":\"https:\/\/now-news.de\/de\/deutschland\/armenien-will-roemisches-statut-ratifizieren-kritik-aus-moskau\/\"},\"author\":{\"name\":\"rtnews\",\"@id\":\"https:\/\/now-news.de\/de\/#\/schema\/person\/fb534a4e865501d8b3285208df34a9b5\"},\"headline\":\"Armenien will R\u00f6misches Statut ratifizieren \u2013 Kritik aus Moskau\",\"datePublished\":\"2023-09-28T16:22:23+00:00\",\"dateModified\":\"2023-09-28T16:22:23+00:00\",\"mainEntityOfPage\":{\"@id\":\"https:\/\/now-news.de\/de\/deutschland\/armenien-will-roemisches-statut-ratifizieren-kritik-aus-moskau\/\"},\"wordCount\":413,\"commentCount\":0,\"publisher\":{\"@id\":\"https:\/\/now-news.de\/de\/#organization\"},\"image\":{\"@id\":\"https:\/\/now-news.de\/de\/deutschland\/armenien-will-roemisches-statut-ratifizieren-kritik-aus-moskau\/#primaryimage\"},\"thumbnailUrl\":\"https:\/\/now-news.de\/de\/wp-content\/uploads\/sites\/3\/2023\/09\/Armenien-will-Roemisches-Statut-ratifizieren-\u2013-Kritik-aus-Moskau.jpg\",\"keywords\":[\"Armenien\",\"aus\",\"Kritik\",\"Moskau\",\"ratifizieren\",\"R\u00f6misches\",\"Statut\"],\"articleSection\":[\"Deutschland\",\"Russland\"],\"inLanguage\":\"de\",\"potentialAction\":[{\"@type\":\"CommentAction\",\"name\":\"Comment\",\"target\":[\"https:\/\/now-news.de\/de\/deutschland\/armenien-will-roemisches-statut-ratifizieren-kritik-aus-moskau\/#respond\"]}]},{\"@type\":\"WebPage\",\"@id\":\"https:\/\/now-news.de\/de\/deutschland\/armenien-will-roemisches-statut-ratifizieren-kritik-aus-moskau\/\",\"url\":\"https:\/\/now-news.de\/de\/deutschland\/armenien-will-roemisches-statut-ratifizieren-kritik-aus-moskau\/\",\"name\":\"Armenien will R\u00f6misches Statut ratifizieren \u2013 Kritik aus Moskau - just-now.NEWS Deutschland\",\"isPartOf\":{\"@id\":\"https:\/\/now-news.de\/de\/#website\"},\"primaryImageOfPage\":{\"@id\":\"https:\/\/now-news.de\/de\/deutschland\/armenien-will-roemisches-statut-ratifizieren-kritik-aus-moskau\/#primaryimage\"},\"image\":{\"@id\":\"https:\/\/now-news.de\/de\/deutschland\/armenien-will-roemisches-statut-ratifizieren-kritik-aus-moskau\/#primaryimage\"},\"thumbnailUrl\":\"https:\/\/now-news.de\/de\/wp-content\/uploads\/sites\/3\/2023\/09\/Armenien-will-Roemisches-Statut-ratifizieren-\u2013-Kritik-aus-Moskau.jpg\",\"datePublished\":\"2023-09-28T16:22:23+00:00\",\"dateModified\":\"2023-09-28T16:22:23+00:00\",\"breadcrumb\":{\"@id\":\"https:\/\/now-news.de\/de\/deutschland\/armenien-will-roemisches-statut-ratifizieren-kritik-aus-moskau\/#breadcrumb\"},\"inLanguage\":\"de\",\"potentialAction\":[{\"@type\":\"ReadAction\",\"target\":[\"https:\/\/now-news.de\/de\/deutschland\/armenien-will-roemisches-statut-ratifizieren-kritik-aus-moskau\/\"]}]},{\"@type\":\"ImageObject\",\"inLanguage\":\"de\",\"@id\":\"https:\/\/now-news.de\/de\/deutschland\/armenien-will-roemisches-statut-ratifizieren-kritik-aus-moskau\/#primaryimage\",\"url\":\"https:\/\/now-news.de\/de\/wp-content\/uploads\/sites\/3\/2023\/09\/Armenien-will-Roemisches-Statut-ratifizieren-\u2013-Kritik-aus-Moskau.jpg\",\"contentUrl\":\"https:\/\/now-news.de\/de\/wp-content\/uploads\/sites\/3\/2023\/09\/Armenien-will-Roemisches-Statut-ratifizieren-\u2013-Kritik-aus-Moskau.jpg\",\"width\":460,\"height\":259,\"caption\":\"Armenien will R\u00f6misches Statut ratifizieren \u2013 Kritik aus Moskau\"},{\"@type\":\"BreadcrumbList\",\"@id\":\"https:\/\/now-news.de\/de\/deutschland\/armenien-will-roemisches-statut-ratifizieren-kritik-aus-moskau\/#breadcrumb\",\"itemListElement\":[{\"@type\":\"ListItem\",\"position\":1,\"name\":\"Home\",\"item\":\"https:\/\/now-news.de\/de\/\"},{\"@type\":\"ListItem\",\"position\":2,\"name\":\"Armenien will R\u00f6misches Statut ratifizieren \u2013 Kritik aus Moskau\"}]},{\"@type\":\"WebSite\",\"@id\":\"https:\/\/now-news.de\/de\/#website\",\"url\":\"https:\/\/now-news.de\/de\/\",\"name\":\"just-now.NEWS Deutschland\",\"description\":\"Das Portal f\u00fcr unzensierte Nachrichten aus der Welt\",\"publisher\":{\"@id\":\"https:\/\/now-news.de\/de\/#organization\"},\"potentialAction\":[{\"@type\":\"SearchAction\",\"target\":{\"@type\":\"EntryPoint\",\"urlTemplate\":\"https:\/\/now-news.de\/de\/?s={search_term_string}\"},\"query-input\":\"required name=search_term_string\"}],\"inLanguage\":\"de\"},{\"@type\":\"Organization\",\"@id\":\"https:\/\/now-news.de\/de\/#organization\",\"name\":\"Just Now News\",\"url\":\"https:\/\/now-news.de\/de\/\",\"logo\":{\"@type\":\"ImageObject\",\"inLanguage\":\"de\",\"@id\":\"https:\/\/now-news.de\/de\/#\/schema\/logo\/image\/\",\"url\":\"http:\/\/just-now.news\/de\/wp-content\/uploads\/sites\/3\/2022\/04\/logo500x500.jpg\",\"contentUrl\":\"http:\/\/just-now.news\/de\/wp-content\/uploads\/sites\/3\/2022\/04\/logo500x500.jpg\",\"width\":500,\"height\":500,\"caption\":\"Just Now News\"},\"image\":{\"@id\":\"https:\/\/now-news.de\/de\/#\/schema\/logo\/image\/\"},\"sameAs\":[\"https:\/\/www.facebook.com\/wirmachenauf\",\"https:\/\/x.com\/WirMachenAuf_de\"]},{\"@type\":\"Person\",\"@id\":\"https:\/\/now-news.de\/de\/#\/schema\/person\/fb534a4e865501d8b3285208df34a9b5\",\"name\":\"rtnews\",\"image\":{\"@type\":\"ImageObject\",\"inLanguage\":\"de\",\"@id\":\"https:\/\/now-news.de\/de\/#\/schema\/person\/image\/\",\"url\":\"https:\/\/secure.gravatar.com\/avatar\/82aafea7d8127119dd649515f56e2117?s=96&d=mm&r=g\",\"contentUrl\":\"https:\/\/secure.gravatar.com\/avatar\/82aafea7d8127119dd649515f56e2117?s=96&d=mm&r=g\",\"caption\":\"rtnews\"},\"url\":\"https:\/\/now-news.de\/de\/author\/rnews\/\"}]}<\/script>\n<!-- \/ Yoast SEO Premium plugin. -->","yoast_head_json":{"title":"Armenien will R\u00f6misches Statut ratifizieren \u2013 Kritik aus Moskau - just-now.NEWS Deutschland","robots":{"index":"index","follow":"follow","max-snippet":"max-snippet:-1","max-image-preview":"max-image-preview:large","max-video-preview":"max-video-preview:-1"},"canonical":"https:\/\/now-news.de\/de\/deutschland\/armenien-will-roemisches-statut-ratifizieren-kritik-aus-moskau\/","og_locale":"de_DE","og_type":"article","og_title":"Armenien will R\u00f6misches Statut ratifizieren \u2013 Kritik aus Moskau","og_description":"Armenien will das R\u00f6mische Statut des Internationalen Strafgerichtshofs ratifizieren. Eine Kommission f\u00fcr Staats- und Rechtsfragen hat am Donnerstag den von der Regierung vorgelegten Entwurf gebilligt. Moskau empfindet den Schritt als feindselig. Moskau steht dem Vorhaben Jerewans, dem R\u00f6mischen Statut des Internationalen Strafgerichtshofs beizutreten, kritisch gegen\u00fcber. Armenien wisse Bescheid \u00fcber den\u00a0Haftbefehl gegen den russischen Pr\u00e4sidenten, der [&hellip;]","og_url":"https:\/\/now-news.de\/de\/deutschland\/armenien-will-roemisches-statut-ratifizieren-kritik-aus-moskau\/","og_site_name":"just-now.NEWS Deutschland","article_publisher":"https:\/\/www.facebook.com\/wirmachenauf","article_published_time":"2023-09-28T16:22:23+00:00","og_image":[{"width":460,"height":259,"url":"https:\/\/now-news.de\/de\/wp-content\/uploads\/sites\/3\/2023\/09\/Armenien-will-Roemisches-Statut-ratifizieren-\u2013-Kritik-aus-Moskau.jpg","type":"image\/jpeg"}],"author":"rtnews","twitter_card":"summary_large_image","twitter_creator":"@WirMachenAuf_de","twitter_site":"@WirMachenAuf_de","twitter_misc":{"Verfasst von":"rtnews","Gesch\u00e4tzte Lesezeit":"2\u00a0Minuten"},"schema":{"@context":"https:\/\/schema.org","@graph":[{"@type":"Article","@id":"https:\/\/now-news.de\/de\/deutschland\/armenien-will-roemisches-statut-ratifizieren-kritik-aus-moskau\/#article","isPartOf":{"@id":"https:\/\/now-news.de\/de\/deutschland\/armenien-will-roemisches-statut-ratifizieren-kritik-aus-moskau\/"},"author":{"name":"rtnews","@id":"https:\/\/now-news.de\/de\/#\/schema\/person\/fb534a4e865501d8b3285208df34a9b5"},"headline":"Armenien will R\u00f6misches Statut ratifizieren \u2013 Kritik aus Moskau","datePublished":"2023-09-28T16:22:23+00:00","dateModified":"2023-09-28T16:22:23+00:00","mainEntityOfPage":{"@id":"https:\/\/now-news.de\/de\/deutschland\/armenien-will-roemisches-statut-ratifizieren-kritik-aus-moskau\/"},"wordCount":413,"commentCount":0,"publisher":{"@id":"https:\/\/now-news.de\/de\/#organization"},"image":{"@id":"https:\/\/now-news.de\/de\/deutschland\/armenien-will-roemisches-statut-ratifizieren-kritik-aus-moskau\/#primaryimage"},"thumbnailUrl":"https:\/\/now-news.de\/de\/wp-content\/uploads\/sites\/3\/2023\/09\/Armenien-will-Roemisches-Statut-ratifizieren-\u2013-Kritik-aus-Moskau.jpg","keywords":["Armenien","aus","Kritik","Moskau","ratifizieren","R\u00f6misches","Statut"],"articleSection":["Deutschland","Russland"],"inLanguage":"de","potentialAction":[{"@type":"CommentAction","name":"Comment","target":["https:\/\/now-news.de\/de\/deutschland\/armenien-will-roemisches-statut-ratifizieren-kritik-aus-moskau\/#respond"]}]},{"@type":"WebPage","@id":"https:\/\/now-news.de\/de\/deutschland\/armenien-will-roemisches-statut-ratifizieren-kritik-aus-moskau\/","url":"https:\/\/now-news.de\/de\/deutschland\/armenien-will-roemisches-statut-ratifizieren-kritik-aus-moskau\/","name":"Armenien will R\u00f6misches Statut ratifizieren \u2013 Kritik aus Moskau - just-now.NEWS Deutschland","isPartOf":{"@id":"https:\/\/now-news.de\/de\/#website"},"primaryImageOfPage":{"@id":"https:\/\/now-news.de\/de\/deutschland\/armenien-will-roemisches-statut-ratifizieren-kritik-aus-moskau\/#primaryimage"},"image":{"@id":"https:\/\/now-news.de\/de\/deutschland\/armenien-will-roemisches-statut-ratifizieren-kritik-aus-moskau\/#primaryimage"},"thumbnailUrl":"https:\/\/now-news.de\/de\/wp-content\/uploads\/sites\/3\/2023\/09\/Armenien-will-Roemisches-Statut-ratifizieren-\u2013-Kritik-aus-Moskau.jpg","datePublished":"2023-09-28T16:22:23+00:00","dateModified":"2023-09-28T16:22:23+00:00","breadcrumb":{"@id":"https:\/\/now-news.de\/de\/deutschland\/armenien-will-roemisches-statut-ratifizieren-kritik-aus-moskau\/#breadcrumb"},"inLanguage":"de","potentialAction":[{"@type":"ReadAction","target":["https:\/\/now-news.de\/de\/deutschland\/armenien-will-roemisches-statut-ratifizieren-kritik-aus-moskau\/"]}]},{"@type":"ImageObject","inLanguage":"de","@id":"https:\/\/now-news.de\/de\/deutschland\/armenien-will-roemisches-statut-ratifizieren-kritik-aus-moskau\/#primaryimage","url":"https:\/\/now-news.de\/de\/wp-content\/uploads\/sites\/3\/2023\/09\/Armenien-will-Roemisches-Statut-ratifizieren-\u2013-Kritik-aus-Moskau.jpg","contentUrl":"https:\/\/now-news.de\/de\/wp-content\/uploads\/sites\/3\/2023\/09\/Armenien-will-Roemisches-Statut-ratifizieren-\u2013-Kritik-aus-Moskau.jpg","width":460,"height":259,"caption":"Armenien will R\u00f6misches Statut ratifizieren \u2013 Kritik aus Moskau"},{"@type":"BreadcrumbList","@id":"https:\/\/now-news.de\/de\/deutschland\/armenien-will-roemisches-statut-ratifizieren-kritik-aus-moskau\/#breadcrumb","itemListElement":[{"@type":"ListItem","position":1,"name":"Home","item":"https:\/\/now-news.de\/de\/"},{"@type":"ListItem","position":2,"name":"Armenien will R\u00f6misches Statut ratifizieren \u2013 Kritik aus Moskau"}]},{"@type":"WebSite","@id":"https:\/\/now-news.de\/de\/#website","url":"https:\/\/now-news.de\/de\/","name":"just-now.NEWS Deutschland","description":"Das Portal f\u00fcr unzensierte Nachrichten aus der Welt","publisher":{"@id":"https:\/\/now-news.de\/de\/#organization"},"potentialAction":[{"@type":"SearchAction","target":{"@type":"EntryPoint","urlTemplate":"https:\/\/now-news.de\/de\/?s={search_term_string}"},"query-input":"required name=search_term_string"}],"inLanguage":"de"},{"@type":"Organization","@id":"https:\/\/now-news.de\/de\/#organization","name":"Just Now News","url":"https:\/\/now-news.de\/de\/","logo":{"@type":"ImageObject","inLanguage":"de","@id":"https:\/\/now-news.de\/de\/#\/schema\/logo\/image\/","url":"http:\/\/just-now.news\/de\/wp-content\/uploads\/sites\/3\/2022\/04\/logo500x500.jpg","contentUrl":"http:\/\/just-now.news\/de\/wp-content\/uploads\/sites\/3\/2022\/04\/logo500x500.jpg","width":500,"height":500,"caption":"Just Now News"},"image":{"@id":"https:\/\/now-news.de\/de\/#\/schema\/logo\/image\/"},"sameAs":["https:\/\/www.facebook.com\/wirmachenauf","https:\/\/x.com\/WirMachenAuf_de"]},{"@type":"Person","@id":"https:\/\/now-news.de\/de\/#\/schema\/person\/fb534a4e865501d8b3285208df34a9b5","name":"rtnews","image":{"@type":"ImageObject","inLanguage":"de","@id":"https:\/\/now-news.de\/de\/#\/schema\/person\/image\/","url":"https:\/\/secure.gravatar.com\/avatar\/82aafea7d8127119dd649515f56e2117?s=96&d=mm&r=g","contentUrl":"https:\/\/secure.gravatar.com\/avatar\/82aafea7d8127119dd649515f56e2117?s=96&d=mm&r=g","caption":"rtnews"},"url":"https:\/\/now-news.de\/de\/author\/rnews\/"}]}},"_links":{"self":[{"href":"https:\/\/now-news.de\/de\/wp-json\/wp\/v2\/posts\/47182"}],"collection":[{"href":"https:\/\/now-news.de\/de\/wp-json\/wp\/v2\/posts"}],"about":[{"href":"https:\/\/now-news.de\/de\/wp-json\/wp\/v2\/types\/post"}],"author":[{"embeddable":true,"href":"https:\/\/now-news.de\/de\/wp-json\/wp\/v2\/users\/3"}],"replies":[{"embeddable":true,"href":"https:\/\/now-news.de\/de\/wp-json\/wp\/v2\/comments?post=47182"}],"version-history":[{"count":0,"href":"https:\/\/now-news.de\/de\/wp-json\/wp\/v2\/posts\/47182\/revisions"}],"wp:featuredmedia":[{"embeddable":true,"href":"https:\/\/now-news.de\/de\/wp-json\/wp\/v2\/media\/47183"}],"wp:attachment":[{"href":"https:\/\/now-news.de\/de\/wp-json\/wp\/v2\/media?parent=47182"}],"wp:term":[{"taxonomy":"category","embeddable":true,"href":"https:\/\/now-news.de\/de\/wp-json\/wp\/v2\/categories?post=47182"},{"taxonomy":"post_tag","embeddable":true,"href":"https:\/\/now-news.de\/de\/wp-json\/wp\/v2\/tags?post=47182"}],"curies":[{"name":"wp","href":"https:\/\/api.w.org\/{rel}","templated":true}]}}