{"id":47168,"date":"2023-09-28T16:00:05","date_gmt":"2023-09-28T14:00:05","guid":{"rendered":"https:\/\/just-now.news\/de\/deutschland\/ukrainische-ex-trans-militaersprecherin-legt-nach-russen-muessten-versklavt-werden\/"},"modified":"2023-09-28T16:00:05","modified_gmt":"2023-09-28T14:00:05","slug":"ukrainische-ex-trans-militaersprecherin-legt-nach-russen-muessten-versklavt-werden","status":"publish","type":"post","link":"https:\/\/now-news.de\/de\/deutschland\/ukrainische-ex-trans-militaersprecherin-legt-nach-russen-muessten-versklavt-werden\/","title":{"rendered":"Ukrainische Ex-Trans-Milit\u00e4rsprecherin legt nach: &quot;Russen m\u00fcssten versklavt werden&quot;"},"content":{"rendered":"<p><img decoding=\"async\" src=\"http:\/\/just-now.news\/de\/wp-content\/uploads\/sites\/3\/2023\/09\/651586beb480cc602d22dc85.jpg\" \/><\/p>\n<div class=\"Text-root Text-type_1 \">\n                Sarah Ashton-Cirillo sagte den russischen Kom\u00f6dianten Wowan und Lexus, die f\u00fcr ihre Telefonstreiche bekannt sind, dass &#8220;Russen keine Europ\u00e4er&#8221; seien und eine ganz besondere Behandlung verdienten. Auch die T\u00f6tung der Journalistin Darja Dugina im vergangenen August sei &#8220;verdient &#8221; gewesen.\n            <\/div>\n<p><\/p>\n<div class=\"Text-root Text-type_5 ArticleView-text ViewText-root \">\n<p>Die ehemalige Sprecherin der ukrainischen Verteidigungskr\u00e4fte, Sarah Ashton-Cirillo, beharrt darauf, dass Kiew alle ihm zur Verf\u00fcgung stehenden Waffen gegen russische Journalisten einsetzen m\u00fcsse, einschlie\u00dflich Attentate. Zudem verunglimpfte sie neuerlich mit rassistischen Aussagen das russische Volk.<\/p>\n<p>Die transsexuelle US-Amerikanerin \u00e4u\u00dferte sich w\u00e4hrend mehrerer Telefonate mit den russischen Kom\u00f6dianten Wowan und Lexus, die dabei vorgaben, im Namen des ehemaligen ukrainischen Pr\u00e4sidenten Petro Poroschenko zu sprechen.<\/p>\n<p>Die Anrufe sollen vor und nach der Entlassung der Sprecherin durch Kiew in der vergangenen Woche stattgefunden haben, nachdem Ashton-Cirillo \u00f6ffentlich gedroht hatte, russische &#8220;Propagandisten&#8221; auf der ganzen Welt zu &#8220;jagen&#8221;.<\/p>\n<p>Die ehemalige Sprecherin sagte &#8220;Poroschenko&#8221;, russische Journalisten wie etwa Wladimir Solowjow und Olga Skabejewa seien &#8220;Kriegsverbrecher&#8221; und &#8220;Terroristen&#8221;, die sich nicht verstecken d\u00fcrften, und begr\u00fc\u00dfte gleichzeitig die Ermordung russischer Medienvertreter wie Darja Dugina, die im August 2022 bei einen Anschlag mit einer Autobombe get\u00f6tet wurde.<\/p>\n<p>Ashton-Cirillo behauptete, Dugina sei &#8220;b\u00f6se&#8221; gewesen und &#8220;den Tod gestorben, den sie verdient&#8221; habe, und dass die Sprecherin des russischen Au\u00dfenministeriums Maria Sacharowa strafrechtlich verfolgt werden sollte.<\/p>\n<p>\u00dcber Russland als Nation sagte die ehemalige Sprecherin, dass &#8220;Russen keine Europ\u00e4er sind&#8221;, \u00a0dass sie &#8220;von den Mongolen abstammen&#8221; und &#8220;zu einer Gruppe von Menschen geh\u00f6ren, die versklavt und gef\u00fchrt werden wollen&#8221;.<\/p>\n<p>An anderer Stelle des Gespr\u00e4chs mit den Kom\u00f6dianten enth\u00fcllte die ehemalige Sprecherin einige Probleme, die angeblich die ukrainischen Streitkr\u00e4fte plagen, und erkl\u00e4rte, es gebe ein &#8220;schreckliches Problem mit ausl\u00e4ndischen K\u00e4mpfern&#8221;, da diese &#8220;nur eine Stufe \u00fcber S\u00f6ldnern&#8221; stehen.<\/p>\n<p>Anfang dieses Monats hatte Ashton-Cirillo den US-Sender <em>CNN<\/em> dazu gedr\u00e4ngt, einen der Berichte zu \u00e4ndern und dort statt &#8220;S\u00f6ldner&#8221; von &#8220;westlichen ausl\u00e4ndischen K\u00e4mpfern&#8221; zu sprechen. Obwohl die ehemalige Sprecherin die ausl\u00e4ndischen Freiwilligen \u00f6ffentlich verteidigte, gab sie zu, dass die meisten von ihnen in die Ukraine gehen, weil sie nichts anderes kennen als Krieg zu f\u00fchren und dass viele von ihnen rechtsradikalen Ideologien anh\u00e4ngen, wobei einige offen den Nazismus unterst\u00fctzen.<\/p>\n<p>Ashton-Cirillo behauptete, die Anwesenheit ausl\u00e4ndischer K\u00e4mpfer stelle ein Sicherheitsrisiko dar und schade der Moral der regul\u00e4ren ukrainischen Soldaten, da diejenigen, die &#8220;wegen des Geldes&#8221; k\u00e4mpften, eher dazu neigten, &#8220;Drogen zu nehmen und sich zu bereichern&#8221;.<\/p>\n<p><strong>Mehr zum Thema<\/strong> \u2013 <a rel=\"nofollow noopener\" target=\"_blank\" href=\"https:\/\/freeassange.rtde.life\/meinung\/181245-warum-der-westen-wegschaut-wenn-der-ukrainische-geheimdienst-aktivisten-und-journalisten-toetet\/\">Warum der Westen wegschaut, wenn der ukrainische Geheimdienst Journalisten und Aktivisten t\u00f6tet<\/a><\/p>\n<div class=\"EmbedBlock-root EmbedBlock-externalVideo EmbedBlock-odysee\">\n<div class=\"VkEmbed\"><iframe class=\"lazyload\" data-src=\"https:\/\/odysee.com\/%24\/embed\/%40RTDE%3Ae%2FRussen_sind_keine_Menschen_Trans-Armee-Sprecher_Kiews_rudert_nach_massiver_Kritik_zur%C3%BCck%3A7\" frameborder=\"0\" width=\"853\" height=\"480\" allowfullscreen><\/iframe><\/div>\n<\/div>\n<\/div>\n<p><br \/>\n<br \/><a href=\"https:\/\/de.rt.com\/international\/182101-russen-sollten-versklavt-werden-ukrainische-ex-trans-militaersprecherin-legt-nach\/\">Source link <\/a><\/p>\n","protected":false},"excerpt":{"rendered":"<p>Sarah Ashton-Cirillo sagte den russischen Kom\u00f6dianten Wowan und Lexus, die f\u00fcr ihre Telefonstreiche bekannt sind, dass &#8220;Russen keine Europ\u00e4er&#8221; seien und eine ganz besondere Behandlung verdienten. Auch die T\u00f6tung der Journalistin Darja Dugina im vergangenen August sei &#8220;verdient &#8221; gewesen. Die ehemalige Sprecherin der ukrainischen Verteidigungskr\u00e4fte, Sarah Ashton-Cirillo, beharrt darauf, dass Kiew alle ihm zur [&hellip;]<\/p>\n","protected":false},"author":3,"featured_media":47169,"comment_status":"open","ping_status":"open","sticky":false,"template":"","format":"standard","meta":{"_yoast_indexnow_last_ping":["1695909793"],"wp_automatic_camp":["217"],"308190071d3b41aa7c38ae58e7a11754":["Ukrainische Ex-Trans-Milit\u00e4rsprecherin legt nach: &quot;Russen m\u00fcssten versklavt werden&quot;"],"original_link":["https:\/\/de.rt.com\/international\/182101-russen-sollten-versklavt-werden-ukrainische-ex-trans-militaersprecherin-legt-nach\/"],"_thumbnail_id":["47169"],"_wptgpro_p2tg_sent2tg":["a:1:{i:23737;s:19:\"2023-09-28 16:05:19\";}"],"jnews_social_counter_last_update":["1777567611"]},"categories":[19,23],"tags":[49331,5552,6703,979,7151,905,49332,1856],"yoast_head":"<!-- This site is optimized with the Yoast SEO Premium plugin v22.7 (Yoast SEO v22.7) - https:\/\/yoast.com\/wordpress\/plugins\/seo\/ -->\n<title>Ukrainische Ex-Trans-Milit\u00e4rsprecherin legt nach: &quot;Russen m\u00fcssten versklavt werden&quot; - just-now.NEWS Deutschland<\/title>\n<meta name=\"robots\" content=\"index, follow, max-snippet:-1, max-image-preview:large, max-video-preview:-1\" \/>\n<link rel=\"canonical\" href=\"https:\/\/now-news.de\/de\/deutschland\/ukrainische-ex-trans-militaersprecherin-legt-nach-russen-muessten-versklavt-werden\/\" \/>\n<meta property=\"og:locale\" content=\"de_DE\" \/>\n<meta property=\"og:type\" content=\"article\" \/>\n<meta property=\"og:title\" content=\"Ukrainische Ex-Trans-Milit\u00e4rsprecherin legt nach: &quot;Russen m\u00fcssten versklavt werden&quot;\" \/>\n<meta property=\"og:description\" content=\"Sarah Ashton-Cirillo sagte den russischen Kom\u00f6dianten Wowan und Lexus, die f\u00fcr ihre Telefonstreiche bekannt sind, dass &#8220;Russen keine Europ\u00e4er&#8221; seien und eine ganz besondere Behandlung verdienten. Auch die T\u00f6tung der Journalistin Darja Dugina im vergangenen August sei &#8220;verdient &#8221; gewesen. Die ehemalige Sprecherin der ukrainischen Verteidigungskr\u00e4fte, Sarah Ashton-Cirillo, beharrt darauf, dass Kiew alle ihm zur [&hellip;]\" \/>\n<meta property=\"og:url\" content=\"https:\/\/now-news.de\/de\/deutschland\/ukrainische-ex-trans-militaersprecherin-legt-nach-russen-muessten-versklavt-werden\/\" \/>\n<meta property=\"og:site_name\" content=\"just-now.NEWS Deutschland\" \/>\n<meta property=\"article:publisher\" content=\"https:\/\/www.facebook.com\/wirmachenauf\" \/>\n<meta property=\"article:published_time\" content=\"2023-09-28T14:00:05+00:00\" \/>\n<meta property=\"og:image\" content=\"https:\/\/now-news.de\/de\/wp-content\/uploads\/sites\/3\/2023\/09\/Ukrainische-Ex-Trans-Militaersprecherin-legt-nach-quotRussen-muessten-versklavt-werdenquot.jpg\" \/>\n\t<meta property=\"og:image:width\" content=\"460\" \/>\n\t<meta property=\"og:image:height\" content=\"259\" \/>\n\t<meta property=\"og:image:type\" content=\"image\/jpeg\" \/>\n<meta name=\"author\" content=\"rtnews\" \/>\n<meta name=\"twitter:card\" content=\"summary_large_image\" \/>\n<meta name=\"twitter:creator\" content=\"@WirMachenAuf_de\" \/>\n<meta name=\"twitter:site\" content=\"@WirMachenAuf_de\" \/>\n<meta name=\"twitter:label1\" content=\"Verfasst von\" \/>\n\t<meta name=\"twitter:data1\" content=\"rtnews\" \/>\n\t<meta name=\"twitter:label2\" content=\"Gesch\u00e4tzte Lesezeit\" \/>\n\t<meta name=\"twitter:data2\" content=\"2\u00a0Minuten\" \/>\n<script type=\"application\/ld+json\" class=\"yoast-schema-graph\">{\"@context\":\"https:\/\/schema.org\",\"@graph\":[{\"@type\":\"Article\",\"@id\":\"https:\/\/now-news.de\/de\/deutschland\/ukrainische-ex-trans-militaersprecherin-legt-nach-russen-muessten-versklavt-werden\/#article\",\"isPartOf\":{\"@id\":\"https:\/\/now-news.de\/de\/deutschland\/ukrainische-ex-trans-militaersprecherin-legt-nach-russen-muessten-versklavt-werden\/\"},\"author\":{\"name\":\"rtnews\",\"@id\":\"https:\/\/now-news.de\/de\/#\/schema\/person\/fb534a4e865501d8b3285208df34a9b5\"},\"headline\":\"Ukrainische Ex-Trans-Milit\u00e4rsprecherin legt nach: &quot;Russen m\u00fcssten versklavt werden&quot;\",\"datePublished\":\"2023-09-28T14:00:05+00:00\",\"dateModified\":\"2023-09-28T14:00:05+00:00\",\"mainEntityOfPage\":{\"@id\":\"https:\/\/now-news.de\/de\/deutschland\/ukrainische-ex-trans-militaersprecherin-legt-nach-russen-muessten-versklavt-werden\/\"},\"wordCount\":449,\"commentCount\":0,\"publisher\":{\"@id\":\"https:\/\/now-news.de\/de\/#organization\"},\"image\":{\"@id\":\"https:\/\/now-news.de\/de\/deutschland\/ukrainische-ex-trans-militaersprecherin-legt-nach-russen-muessten-versklavt-werden\/#primaryimage\"},\"thumbnailUrl\":\"https:\/\/now-news.de\/de\/wp-content\/uploads\/sites\/3\/2023\/09\/Ukrainische-Ex-Trans-Militaersprecherin-legt-nach-quotRussen-muessten-versklavt-werdenquot.jpg\",\"keywords\":[\"ExTransMilit\u00e4rsprecherin\",\"legt\",\"m\u00fcssten\",\"nach\",\"quotRussen\",\"Ukrainische\",\"versklavt\",\"werdenquot\"],\"articleSection\":[\"Deutschland\",\"Russland\"],\"inLanguage\":\"de\",\"potentialAction\":[{\"@type\":\"CommentAction\",\"name\":\"Comment\",\"target\":[\"https:\/\/now-news.de\/de\/deutschland\/ukrainische-ex-trans-militaersprecherin-legt-nach-russen-muessten-versklavt-werden\/#respond\"]}]},{\"@type\":\"WebPage\",\"@id\":\"https:\/\/now-news.de\/de\/deutschland\/ukrainische-ex-trans-militaersprecherin-legt-nach-russen-muessten-versklavt-werden\/\",\"url\":\"https:\/\/now-news.de\/de\/deutschland\/ukrainische-ex-trans-militaersprecherin-legt-nach-russen-muessten-versklavt-werden\/\",\"name\":\"Ukrainische Ex-Trans-Milit\u00e4rsprecherin legt nach: &quot;Russen m\u00fcssten versklavt werden&quot; - just-now.NEWS Deutschland\",\"isPartOf\":{\"@id\":\"https:\/\/now-news.de\/de\/#website\"},\"primaryImageOfPage\":{\"@id\":\"https:\/\/now-news.de\/de\/deutschland\/ukrainische-ex-trans-militaersprecherin-legt-nach-russen-muessten-versklavt-werden\/#primaryimage\"},\"image\":{\"@id\":\"https:\/\/now-news.de\/de\/deutschland\/ukrainische-ex-trans-militaersprecherin-legt-nach-russen-muessten-versklavt-werden\/#primaryimage\"},\"thumbnailUrl\":\"https:\/\/now-news.de\/de\/wp-content\/uploads\/sites\/3\/2023\/09\/Ukrainische-Ex-Trans-Militaersprecherin-legt-nach-quotRussen-muessten-versklavt-werdenquot.jpg\",\"datePublished\":\"2023-09-28T14:00:05+00:00\",\"dateModified\":\"2023-09-28T14:00:05+00:00\",\"breadcrumb\":{\"@id\":\"https:\/\/now-news.de\/de\/deutschland\/ukrainische-ex-trans-militaersprecherin-legt-nach-russen-muessten-versklavt-werden\/#breadcrumb\"},\"inLanguage\":\"de\",\"potentialAction\":[{\"@type\":\"ReadAction\",\"target\":[\"https:\/\/now-news.de\/de\/deutschland\/ukrainische-ex-trans-militaersprecherin-legt-nach-russen-muessten-versklavt-werden\/\"]}]},{\"@type\":\"ImageObject\",\"inLanguage\":\"de\",\"@id\":\"https:\/\/now-news.de\/de\/deutschland\/ukrainische-ex-trans-militaersprecherin-legt-nach-russen-muessten-versklavt-werden\/#primaryimage\",\"url\":\"https:\/\/now-news.de\/de\/wp-content\/uploads\/sites\/3\/2023\/09\/Ukrainische-Ex-Trans-Militaersprecherin-legt-nach-quotRussen-muessten-versklavt-werdenquot.jpg\",\"contentUrl\":\"https:\/\/now-news.de\/de\/wp-content\/uploads\/sites\/3\/2023\/09\/Ukrainische-Ex-Trans-Militaersprecherin-legt-nach-quotRussen-muessten-versklavt-werdenquot.jpg\",\"width\":460,\"height\":259,\"caption\":\"Ukrainische Ex-Trans-Milit\u00e4rsprecherin legt nach: &quot;Russen m\u00fcssten versklavt werden&quot;\"},{\"@type\":\"BreadcrumbList\",\"@id\":\"https:\/\/now-news.de\/de\/deutschland\/ukrainische-ex-trans-militaersprecherin-legt-nach-russen-muessten-versklavt-werden\/#breadcrumb\",\"itemListElement\":[{\"@type\":\"ListItem\",\"position\":1,\"name\":\"Home\",\"item\":\"https:\/\/now-news.de\/de\/\"},{\"@type\":\"ListItem\",\"position\":2,\"name\":\"Ukrainische Ex-Trans-Milit\u00e4rsprecherin legt nach: &quot;Russen m\u00fcssten versklavt werden&quot;\"}]},{\"@type\":\"WebSite\",\"@id\":\"https:\/\/now-news.de\/de\/#website\",\"url\":\"https:\/\/now-news.de\/de\/\",\"name\":\"just-now.NEWS Deutschland\",\"description\":\"Das Portal f\u00fcr unzensierte Nachrichten aus der Welt\",\"publisher\":{\"@id\":\"https:\/\/now-news.de\/de\/#organization\"},\"potentialAction\":[{\"@type\":\"SearchAction\",\"target\":{\"@type\":\"EntryPoint\",\"urlTemplate\":\"https:\/\/now-news.de\/de\/?s={search_term_string}\"},\"query-input\":\"required name=search_term_string\"}],\"inLanguage\":\"de\"},{\"@type\":\"Organization\",\"@id\":\"https:\/\/now-news.de\/de\/#organization\",\"name\":\"Just Now News\",\"url\":\"https:\/\/now-news.de\/de\/\",\"logo\":{\"@type\":\"ImageObject\",\"inLanguage\":\"de\",\"@id\":\"https:\/\/now-news.de\/de\/#\/schema\/logo\/image\/\",\"url\":\"http:\/\/just-now.news\/de\/wp-content\/uploads\/sites\/3\/2022\/04\/logo500x500.jpg\",\"contentUrl\":\"http:\/\/just-now.news\/de\/wp-content\/uploads\/sites\/3\/2022\/04\/logo500x500.jpg\",\"width\":500,\"height\":500,\"caption\":\"Just Now News\"},\"image\":{\"@id\":\"https:\/\/now-news.de\/de\/#\/schema\/logo\/image\/\"},\"sameAs\":[\"https:\/\/www.facebook.com\/wirmachenauf\",\"https:\/\/x.com\/WirMachenAuf_de\"]},{\"@type\":\"Person\",\"@id\":\"https:\/\/now-news.de\/de\/#\/schema\/person\/fb534a4e865501d8b3285208df34a9b5\",\"name\":\"rtnews\",\"image\":{\"@type\":\"ImageObject\",\"inLanguage\":\"de\",\"@id\":\"https:\/\/now-news.de\/de\/#\/schema\/person\/image\/\",\"url\":\"https:\/\/secure.gravatar.com\/avatar\/82aafea7d8127119dd649515f56e2117?s=96&d=mm&r=g\",\"contentUrl\":\"https:\/\/secure.gravatar.com\/avatar\/82aafea7d8127119dd649515f56e2117?s=96&d=mm&r=g\",\"caption\":\"rtnews\"},\"url\":\"https:\/\/now-news.de\/de\/author\/rnews\/\"}]}<\/script>\n<!-- \/ Yoast SEO Premium plugin. -->","yoast_head_json":{"title":"Ukrainische Ex-Trans-Milit\u00e4rsprecherin legt nach: &quot;Russen m\u00fcssten versklavt werden&quot; - just-now.NEWS Deutschland","robots":{"index":"index","follow":"follow","max-snippet":"max-snippet:-1","max-image-preview":"max-image-preview:large","max-video-preview":"max-video-preview:-1"},"canonical":"https:\/\/now-news.de\/de\/deutschland\/ukrainische-ex-trans-militaersprecherin-legt-nach-russen-muessten-versklavt-werden\/","og_locale":"de_DE","og_type":"article","og_title":"Ukrainische Ex-Trans-Milit\u00e4rsprecherin legt nach: &quot;Russen m\u00fcssten versklavt werden&quot;","og_description":"Sarah Ashton-Cirillo sagte den russischen Kom\u00f6dianten Wowan und Lexus, die f\u00fcr ihre Telefonstreiche bekannt sind, dass &#8220;Russen keine Europ\u00e4er&#8221; seien und eine ganz besondere Behandlung verdienten. Auch die T\u00f6tung der Journalistin Darja Dugina im vergangenen August sei &#8220;verdient &#8221; gewesen. Die ehemalige Sprecherin der ukrainischen Verteidigungskr\u00e4fte, Sarah Ashton-Cirillo, beharrt darauf, dass Kiew alle ihm zur [&hellip;]","og_url":"https:\/\/now-news.de\/de\/deutschland\/ukrainische-ex-trans-militaersprecherin-legt-nach-russen-muessten-versklavt-werden\/","og_site_name":"just-now.NEWS Deutschland","article_publisher":"https:\/\/www.facebook.com\/wirmachenauf","article_published_time":"2023-09-28T14:00:05+00:00","og_image":[{"width":460,"height":259,"url":"https:\/\/now-news.de\/de\/wp-content\/uploads\/sites\/3\/2023\/09\/Ukrainische-Ex-Trans-Militaersprecherin-legt-nach-quotRussen-muessten-versklavt-werdenquot.jpg","type":"image\/jpeg"}],"author":"rtnews","twitter_card":"summary_large_image","twitter_creator":"@WirMachenAuf_de","twitter_site":"@WirMachenAuf_de","twitter_misc":{"Verfasst von":"rtnews","Gesch\u00e4tzte Lesezeit":"2\u00a0Minuten"},"schema":{"@context":"https:\/\/schema.org","@graph":[{"@type":"Article","@id":"https:\/\/now-news.de\/de\/deutschland\/ukrainische-ex-trans-militaersprecherin-legt-nach-russen-muessten-versklavt-werden\/#article","isPartOf":{"@id":"https:\/\/now-news.de\/de\/deutschland\/ukrainische-ex-trans-militaersprecherin-legt-nach-russen-muessten-versklavt-werden\/"},"author":{"name":"rtnews","@id":"https:\/\/now-news.de\/de\/#\/schema\/person\/fb534a4e865501d8b3285208df34a9b5"},"headline":"Ukrainische Ex-Trans-Milit\u00e4rsprecherin legt nach: &quot;Russen m\u00fcssten versklavt werden&quot;","datePublished":"2023-09-28T14:00:05+00:00","dateModified":"2023-09-28T14:00:05+00:00","mainEntityOfPage":{"@id":"https:\/\/now-news.de\/de\/deutschland\/ukrainische-ex-trans-militaersprecherin-legt-nach-russen-muessten-versklavt-werden\/"},"wordCount":449,"commentCount":0,"publisher":{"@id":"https:\/\/now-news.de\/de\/#organization"},"image":{"@id":"https:\/\/now-news.de\/de\/deutschland\/ukrainische-ex-trans-militaersprecherin-legt-nach-russen-muessten-versklavt-werden\/#primaryimage"},"thumbnailUrl":"https:\/\/now-news.de\/de\/wp-content\/uploads\/sites\/3\/2023\/09\/Ukrainische-Ex-Trans-Militaersprecherin-legt-nach-quotRussen-muessten-versklavt-werdenquot.jpg","keywords":["ExTransMilit\u00e4rsprecherin","legt","m\u00fcssten","nach","quotRussen","Ukrainische","versklavt","werdenquot"],"articleSection":["Deutschland","Russland"],"inLanguage":"de","potentialAction":[{"@type":"CommentAction","name":"Comment","target":["https:\/\/now-news.de\/de\/deutschland\/ukrainische-ex-trans-militaersprecherin-legt-nach-russen-muessten-versklavt-werden\/#respond"]}]},{"@type":"WebPage","@id":"https:\/\/now-news.de\/de\/deutschland\/ukrainische-ex-trans-militaersprecherin-legt-nach-russen-muessten-versklavt-werden\/","url":"https:\/\/now-news.de\/de\/deutschland\/ukrainische-ex-trans-militaersprecherin-legt-nach-russen-muessten-versklavt-werden\/","name":"Ukrainische Ex-Trans-Milit\u00e4rsprecherin legt nach: &quot;Russen m\u00fcssten versklavt werden&quot; - just-now.NEWS Deutschland","isPartOf":{"@id":"https:\/\/now-news.de\/de\/#website"},"primaryImageOfPage":{"@id":"https:\/\/now-news.de\/de\/deutschland\/ukrainische-ex-trans-militaersprecherin-legt-nach-russen-muessten-versklavt-werden\/#primaryimage"},"image":{"@id":"https:\/\/now-news.de\/de\/deutschland\/ukrainische-ex-trans-militaersprecherin-legt-nach-russen-muessten-versklavt-werden\/#primaryimage"},"thumbnailUrl":"https:\/\/now-news.de\/de\/wp-content\/uploads\/sites\/3\/2023\/09\/Ukrainische-Ex-Trans-Militaersprecherin-legt-nach-quotRussen-muessten-versklavt-werdenquot.jpg","datePublished":"2023-09-28T14:00:05+00:00","dateModified":"2023-09-28T14:00:05+00:00","breadcrumb":{"@id":"https:\/\/now-news.de\/de\/deutschland\/ukrainische-ex-trans-militaersprecherin-legt-nach-russen-muessten-versklavt-werden\/#breadcrumb"},"inLanguage":"de","potentialAction":[{"@type":"ReadAction","target":["https:\/\/now-news.de\/de\/deutschland\/ukrainische-ex-trans-militaersprecherin-legt-nach-russen-muessten-versklavt-werden\/"]}]},{"@type":"ImageObject","inLanguage":"de","@id":"https:\/\/now-news.de\/de\/deutschland\/ukrainische-ex-trans-militaersprecherin-legt-nach-russen-muessten-versklavt-werden\/#primaryimage","url":"https:\/\/now-news.de\/de\/wp-content\/uploads\/sites\/3\/2023\/09\/Ukrainische-Ex-Trans-Militaersprecherin-legt-nach-quotRussen-muessten-versklavt-werdenquot.jpg","contentUrl":"https:\/\/now-news.de\/de\/wp-content\/uploads\/sites\/3\/2023\/09\/Ukrainische-Ex-Trans-Militaersprecherin-legt-nach-quotRussen-muessten-versklavt-werdenquot.jpg","width":460,"height":259,"caption":"Ukrainische Ex-Trans-Milit\u00e4rsprecherin legt nach: &quot;Russen m\u00fcssten versklavt werden&quot;"},{"@type":"BreadcrumbList","@id":"https:\/\/now-news.de\/de\/deutschland\/ukrainische-ex-trans-militaersprecherin-legt-nach-russen-muessten-versklavt-werden\/#breadcrumb","itemListElement":[{"@type":"ListItem","position":1,"name":"Home","item":"https:\/\/now-news.de\/de\/"},{"@type":"ListItem","position":2,"name":"Ukrainische Ex-Trans-Milit\u00e4rsprecherin legt nach: &quot;Russen m\u00fcssten versklavt werden&quot;"}]},{"@type":"WebSite","@id":"https:\/\/now-news.de\/de\/#website","url":"https:\/\/now-news.de\/de\/","name":"just-now.NEWS Deutschland","description":"Das Portal f\u00fcr unzensierte Nachrichten aus der Welt","publisher":{"@id":"https:\/\/now-news.de\/de\/#organization"},"potentialAction":[{"@type":"SearchAction","target":{"@type":"EntryPoint","urlTemplate":"https:\/\/now-news.de\/de\/?s={search_term_string}"},"query-input":"required name=search_term_string"}],"inLanguage":"de"},{"@type":"Organization","@id":"https:\/\/now-news.de\/de\/#organization","name":"Just Now News","url":"https:\/\/now-news.de\/de\/","logo":{"@type":"ImageObject","inLanguage":"de","@id":"https:\/\/now-news.de\/de\/#\/schema\/logo\/image\/","url":"http:\/\/just-now.news\/de\/wp-content\/uploads\/sites\/3\/2022\/04\/logo500x500.jpg","contentUrl":"http:\/\/just-now.news\/de\/wp-content\/uploads\/sites\/3\/2022\/04\/logo500x500.jpg","width":500,"height":500,"caption":"Just Now News"},"image":{"@id":"https:\/\/now-news.de\/de\/#\/schema\/logo\/image\/"},"sameAs":["https:\/\/www.facebook.com\/wirmachenauf","https:\/\/x.com\/WirMachenAuf_de"]},{"@type":"Person","@id":"https:\/\/now-news.de\/de\/#\/schema\/person\/fb534a4e865501d8b3285208df34a9b5","name":"rtnews","image":{"@type":"ImageObject","inLanguage":"de","@id":"https:\/\/now-news.de\/de\/#\/schema\/person\/image\/","url":"https:\/\/secure.gravatar.com\/avatar\/82aafea7d8127119dd649515f56e2117?s=96&d=mm&r=g","contentUrl":"https:\/\/secure.gravatar.com\/avatar\/82aafea7d8127119dd649515f56e2117?s=96&d=mm&r=g","caption":"rtnews"},"url":"https:\/\/now-news.de\/de\/author\/rnews\/"}]}},"_links":{"self":[{"href":"https:\/\/now-news.de\/de\/wp-json\/wp\/v2\/posts\/47168"}],"collection":[{"href":"https:\/\/now-news.de\/de\/wp-json\/wp\/v2\/posts"}],"about":[{"href":"https:\/\/now-news.de\/de\/wp-json\/wp\/v2\/types\/post"}],"author":[{"embeddable":true,"href":"https:\/\/now-news.de\/de\/wp-json\/wp\/v2\/users\/3"}],"replies":[{"embeddable":true,"href":"https:\/\/now-news.de\/de\/wp-json\/wp\/v2\/comments?post=47168"}],"version-history":[{"count":0,"href":"https:\/\/now-news.de\/de\/wp-json\/wp\/v2\/posts\/47168\/revisions"}],"wp:featuredmedia":[{"embeddable":true,"href":"https:\/\/now-news.de\/de\/wp-json\/wp\/v2\/media\/47169"}],"wp:attachment":[{"href":"https:\/\/now-news.de\/de\/wp-json\/wp\/v2\/media?parent=47168"}],"wp:term":[{"taxonomy":"category","embeddable":true,"href":"https:\/\/now-news.de\/de\/wp-json\/wp\/v2\/categories?post=47168"},{"taxonomy":"post_tag","embeddable":true,"href":"https:\/\/now-news.de\/de\/wp-json\/wp\/v2\/tags?post=47168"}],"curies":[{"name":"wp","href":"https:\/\/api.w.org\/{rel}","templated":true}]}}