{"id":47158,"date":"2023-09-28T14:19:52","date_gmt":"2023-09-28T12:19:52","guid":{"rendered":"https:\/\/just-now.news\/de\/deutschland\/bandenkriminalitaet-in-schweden-erneute-explosion-und-tote-in-und-um-stockholm\/"},"modified":"2023-09-28T14:19:52","modified_gmt":"2023-09-28T12:19:52","slug":"bandenkriminalitaet-in-schweden-erneute-explosion-und-tote-in-und-um-stockholm","status":"publish","type":"post","link":"https:\/\/now-news.de\/de\/deutschland\/bandenkriminalitaet-in-schweden-erneute-explosion-und-tote-in-und-um-stockholm\/","title":{"rendered":"Bandenkriminalit\u00e4t in Schweden: Erneute Explosion und Tote in und um Stockholm"},"content":{"rendered":"<p><img decoding=\"async\" src=\"http:\/\/just-now.news\/de\/wp-content\/uploads\/sites\/3\/2023\/09\/65154c86b480cc35bd615da3.jpg\" \/><\/p>\n<div class=\"Text-root Text-type_1 \">\n                Drei Tote in zw\u00f6lf Stunden, so lautet die traurige Statistik zum Thema ausufernde Bandenkriege in den Hochburgen Stockholm und Uppsala. Betroffen dabei diesmal auch eine unbeteiligte B\u00fcrgerin.\n            <\/div>\n<p><\/p>\n<div class=\"Text-root Text-type_5 ArticleView-text ViewText-root \">\n<p>Am 27. September ereignete sich in den Abendstunden in einem Wohngebiet au\u00dferhalb von Uppsala eine starke Explosion. Uppsala liegt\u00a0rund 70 Kilometer entfernt von Schwedens Hauptstadt Stockholm. Eine 25-j\u00e4hrige Frau, die nach ersten polizeilichen Ermittlungen nicht das Zielopfer war, ist an ihren Verletzungen verstorben. Zwei Personen wurden verhaftet. Bei\u00a0zwei\u00a0weiteren Ereignissen s\u00fcdlich von Stockholm wurden am Mittwochabend und in der Nacht zum Donnerstag zwei M\u00e4nner erschossen. Alle Vorkommnisse stehen im Zusammenhang mit den eskalierenden Realit\u00e4ten von rivalisierenden Banden und Drogenkriminalit\u00e4t.<\/p>\n<p>Nach\u00a0<a rel=\"nofollow noopener\" target=\"_blank\" href=\"https:\/\/www.svt.se\/nyheter\/lokalt\/uppsala\/explosion-i-bostadsomrade-i-storvreta--k6hulw\">Informationen<\/a>\u00a0des schwedischen Rundfunksenders SVT zeigen sich bei zwei der t\u00f6dlichen Vorf\u00e4lle eindeutige Verbindungen zum sogenannten &#8220;Fuchs-Netzwerk&#8221;. Dieses wird gef\u00fchrt von dem sich im Ausland aufhaltenden Kopf einer der aktiven Gruppierungen. Dieser wird in schwedischen Medien als der &#8220;kurdische Fuchs&#8221;\u00a0(<a rel=\"nofollow noopener\" target=\"_blank\" href=\"https:\/\/www.youtube.com\/watch?v=8iGrwmkQjhQ\">kurdiske r\u00e4ven<\/a>) bezeichnet.\u00a0Pelle Vamstad, Sprecher der Polizei von Uppsala, best\u00e4tigte zur j\u00fcngsten Explosion gegen\u00fcber den Medien:<\/p>\n<blockquote>\n<p><em>&#8220;Zwei H\u00e4user sind schwer besch\u00e4digt und drei weitere H\u00e4user wurden besch\u00e4digt.&#8221;<\/em><\/p>\n<\/blockquote>\n<p>An einer der betroffenen Adressen ist demnach eine Person mit Verbindungen zum &#8220;Fuchs-Netzwerk&#8221; gemeldet. Im Januar dieses Jahres wurde in der gleichen Wohnung bereits eine Schie\u00dferei ver\u00fcbt. Diesbez\u00fcglicher Vorf\u00e4lle\u00a0<a rel=\"nofollow noopener\" target=\"_blank\" href=\"https:\/\/www.aftonbladet.se\/nyheter\/a\/l3yOwA\/explosion-i-bostadsomrade-nara-uppsala\">informiert<\/a>\u00a0die Zeitung\u00a0<em>Aftonbladet\u00a0<\/em>\u00fcber einen weiteren Vorfall:<\/p>\n<blockquote>\n<p><em>&#8220;Eine Villa wurde\u00a0von 15 Sch\u00fcssen besch\u00e4digt, w\u00e4hrend sich Personen im Geb\u00e4ude aufhielten. Nach Angaben der Polizei wohnten in der Villa Angeh\u00f6rige von Rawa Majid, auch bekannt als der &#8216;kurdische Fuchs&#8217;.&#8221;<\/em><\/p>\n<\/blockquote>\n<p>Das aktuelle Ereignis im Stadtteil Fuller\u00f6 bei Storvreta wird von den ermittelnden Beh\u00f6rden als &#8220;Mord und schwere \u00f6ffentliche Zerst\u00f6rung&#8221; eingestuft.\u00a0Aufgrund der betr\u00e4chtlichen Sch\u00e4den an der Infrastruktur fiel die Stromversorgung in dem betroffenen Wohngebiet ganz oder teilweise aus. Wie lange das Gebiet ohne Strom sein wird, ist nach Angaben der Polizei unklar.<\/p>\n<p>Gegen die beiden verhafteten M\u00e4nner wird\u00a0laut dem ermittelnden Oberstaatsanwalt wegen &#8220;des Verdachts\u00a0des Mordes und der schweren Sachbesch\u00e4digung&#8221;\u00a0<a rel=\"nofollow noopener\" target=\"_blank\" href=\"https:\/\/www.aftonbladet.se\/nyheter\/a\/l3yOwA\/explosion-i-bostadsomrade-nara-uppsala\">ermittelt<\/a>. Erst vor wenigen Tage schockierte der Mord an einem 13-j\u00e4hrigen Jungen, der ebenfalls in Verbindung gebracht wird mit Streitigkeiten im rivalisierenden Drogenmilieu.<\/p>\n<p><strong>Mehr zum Thema &#8211;<\/strong>\u00a0<a rel=\"nofollow noopener\" target=\"_blank\" href=\"https:\/\/freedert.online\/inland\/137820-schiesserei-in-duisburg-offenbar-fehde-zwischen-rockern-und-clan\/\">Schie\u00dferei in Duisburg: Offenbar Fehde zwischen Rockern und t\u00fcrkisch-arabischem Clan<\/a><\/p>\n<\/div>\n<p><br \/>\n<br \/><a href=\"https:\/\/de.rt.com\/europa\/182084-bandenkriminalitaet-in-schweden-erneute-explosion\/\">Source link <\/a><\/p>\n","protected":false},"excerpt":{"rendered":"<p>Drei Tote in zw\u00f6lf Stunden, so lautet die traurige Statistik zum Thema ausufernde Bandenkriege in den Hochburgen Stockholm und Uppsala. Betroffen dabei diesmal auch eine unbeteiligte B\u00fcrgerin. Am 27. September ereignete sich in den Abendstunden in einem Wohngebiet au\u00dferhalb von Uppsala eine starke Explosion. Uppsala liegt\u00a0rund 70 Kilometer entfernt von Schwedens Hauptstadt Stockholm. Eine 25-j\u00e4hrige [&hellip;]<\/p>\n","protected":false},"author":3,"featured_media":47159,"comment_status":"open","ping_status":"open","sticky":false,"template":"","format":"standard","meta":{"_yoast_indexnow_last_ping":["1695903996"],"wp_automatic_camp":["217"],"be4ed675b948ba16586293aed8bc4f24":["Bandenkriminalit\u00e4t in Schweden: Erneute Explosion und Tote in und um Stockholm"],"original_link":["https:\/\/de.rt.com\/europa\/182084-bandenkriminalitaet-in-schweden-erneute-explosion\/"],"_thumbnail_id":["47159"],"_wptgpro_p2tg_sent2tg":["a:1:{i:23737;s:19:\"2023-09-28 14:27:47\";}"],"jnews_social_counter_last_update":["1777614549"]},"categories":[19,23],"tags":[31670,18823,1894,599,15864,3233,140],"yoast_head":"<!-- This site is optimized with the Yoast SEO Premium plugin v22.7 (Yoast SEO v22.7) - https:\/\/yoast.com\/wordpress\/plugins\/seo\/ -->\n<title>Bandenkriminalit\u00e4t in Schweden: Erneute Explosion und Tote in und um Stockholm - just-now.NEWS Deutschland<\/title>\n<meta name=\"robots\" content=\"index, follow, max-snippet:-1, max-image-preview:large, max-video-preview:-1\" \/>\n<link rel=\"canonical\" href=\"https:\/\/now-news.de\/de\/deutschland\/bandenkriminalitaet-in-schweden-erneute-explosion-und-tote-in-und-um-stockholm\/\" \/>\n<meta property=\"og:locale\" content=\"de_DE\" \/>\n<meta property=\"og:type\" content=\"article\" \/>\n<meta property=\"og:title\" content=\"Bandenkriminalit\u00e4t in Schweden: Erneute Explosion und Tote in und um Stockholm\" \/>\n<meta property=\"og:description\" content=\"Drei Tote in zw\u00f6lf Stunden, so lautet die traurige Statistik zum Thema ausufernde Bandenkriege in den Hochburgen Stockholm und Uppsala. Betroffen dabei diesmal auch eine unbeteiligte B\u00fcrgerin. Am 27. September ereignete sich in den Abendstunden in einem Wohngebiet au\u00dferhalb von Uppsala eine starke Explosion. Uppsala liegt\u00a0rund 70 Kilometer entfernt von Schwedens Hauptstadt Stockholm. Eine 25-j\u00e4hrige [&hellip;]\" \/>\n<meta property=\"og:url\" content=\"https:\/\/now-news.de\/de\/deutschland\/bandenkriminalitaet-in-schweden-erneute-explosion-und-tote-in-und-um-stockholm\/\" \/>\n<meta property=\"og:site_name\" content=\"just-now.NEWS Deutschland\" \/>\n<meta property=\"article:publisher\" content=\"https:\/\/www.facebook.com\/wirmachenauf\" \/>\n<meta property=\"article:published_time\" content=\"2023-09-28T12:19:52+00:00\" \/>\n<meta property=\"og:image\" content=\"https:\/\/now-news.de\/de\/wp-content\/uploads\/sites\/3\/2023\/09\/Bandenkriminalitaet-in-Schweden-Erneute-Explosion-und-Tote-in-und-um.jpg\" \/>\n\t<meta property=\"og:image:width\" content=\"460\" \/>\n\t<meta property=\"og:image:height\" content=\"259\" \/>\n\t<meta property=\"og:image:type\" content=\"image\/jpeg\" \/>\n<meta name=\"author\" content=\"rtnews\" \/>\n<meta name=\"twitter:card\" content=\"summary_large_image\" \/>\n<meta name=\"twitter:creator\" content=\"@WirMachenAuf_de\" \/>\n<meta name=\"twitter:site\" content=\"@WirMachenAuf_de\" \/>\n<meta name=\"twitter:label1\" content=\"Verfasst von\" \/>\n\t<meta name=\"twitter:data1\" content=\"rtnews\" \/>\n\t<meta name=\"twitter:label2\" content=\"Gesch\u00e4tzte Lesezeit\" \/>\n\t<meta name=\"twitter:data2\" content=\"2\u00a0Minuten\" \/>\n<script type=\"application\/ld+json\" class=\"yoast-schema-graph\">{\"@context\":\"https:\/\/schema.org\",\"@graph\":[{\"@type\":\"Article\",\"@id\":\"https:\/\/now-news.de\/de\/deutschland\/bandenkriminalitaet-in-schweden-erneute-explosion-und-tote-in-und-um-stockholm\/#article\",\"isPartOf\":{\"@id\":\"https:\/\/now-news.de\/de\/deutschland\/bandenkriminalitaet-in-schweden-erneute-explosion-und-tote-in-und-um-stockholm\/\"},\"author\":{\"name\":\"rtnews\",\"@id\":\"https:\/\/now-news.de\/de\/#\/schema\/person\/fb534a4e865501d8b3285208df34a9b5\"},\"headline\":\"Bandenkriminalit\u00e4t in Schweden: Erneute Explosion und Tote in und um Stockholm\",\"datePublished\":\"2023-09-28T12:19:52+00:00\",\"dateModified\":\"2023-09-28T12:19:52+00:00\",\"mainEntityOfPage\":{\"@id\":\"https:\/\/now-news.de\/de\/deutschland\/bandenkriminalitaet-in-schweden-erneute-explosion-und-tote-in-und-um-stockholm\/\"},\"wordCount\":402,\"commentCount\":0,\"publisher\":{\"@id\":\"https:\/\/now-news.de\/de\/#organization\"},\"image\":{\"@id\":\"https:\/\/now-news.de\/de\/deutschland\/bandenkriminalitaet-in-schweden-erneute-explosion-und-tote-in-und-um-stockholm\/#primaryimage\"},\"thumbnailUrl\":\"https:\/\/now-news.de\/de\/wp-content\/uploads\/sites\/3\/2023\/09\/Bandenkriminalitaet-in-Schweden-Erneute-Explosion-und-Tote-in-und-um.jpg\",\"keywords\":[\"BandenKriminalit\u00e4t\",\"erneute\",\"Explosion\",\"Schweden\",\"Stockholm\",\"Tote\",\"und\"],\"articleSection\":[\"Deutschland\",\"Russland\"],\"inLanguage\":\"de\",\"potentialAction\":[{\"@type\":\"CommentAction\",\"name\":\"Comment\",\"target\":[\"https:\/\/now-news.de\/de\/deutschland\/bandenkriminalitaet-in-schweden-erneute-explosion-und-tote-in-und-um-stockholm\/#respond\"]}]},{\"@type\":\"WebPage\",\"@id\":\"https:\/\/now-news.de\/de\/deutschland\/bandenkriminalitaet-in-schweden-erneute-explosion-und-tote-in-und-um-stockholm\/\",\"url\":\"https:\/\/now-news.de\/de\/deutschland\/bandenkriminalitaet-in-schweden-erneute-explosion-und-tote-in-und-um-stockholm\/\",\"name\":\"Bandenkriminalit\u00e4t in Schweden: Erneute Explosion und Tote in und um Stockholm - just-now.NEWS Deutschland\",\"isPartOf\":{\"@id\":\"https:\/\/now-news.de\/de\/#website\"},\"primaryImageOfPage\":{\"@id\":\"https:\/\/now-news.de\/de\/deutschland\/bandenkriminalitaet-in-schweden-erneute-explosion-und-tote-in-und-um-stockholm\/#primaryimage\"},\"image\":{\"@id\":\"https:\/\/now-news.de\/de\/deutschland\/bandenkriminalitaet-in-schweden-erneute-explosion-und-tote-in-und-um-stockholm\/#primaryimage\"},\"thumbnailUrl\":\"https:\/\/now-news.de\/de\/wp-content\/uploads\/sites\/3\/2023\/09\/Bandenkriminalitaet-in-Schweden-Erneute-Explosion-und-Tote-in-und-um.jpg\",\"datePublished\":\"2023-09-28T12:19:52+00:00\",\"dateModified\":\"2023-09-28T12:19:52+00:00\",\"breadcrumb\":{\"@id\":\"https:\/\/now-news.de\/de\/deutschland\/bandenkriminalitaet-in-schweden-erneute-explosion-und-tote-in-und-um-stockholm\/#breadcrumb\"},\"inLanguage\":\"de\",\"potentialAction\":[{\"@type\":\"ReadAction\",\"target\":[\"https:\/\/now-news.de\/de\/deutschland\/bandenkriminalitaet-in-schweden-erneute-explosion-und-tote-in-und-um-stockholm\/\"]}]},{\"@type\":\"ImageObject\",\"inLanguage\":\"de\",\"@id\":\"https:\/\/now-news.de\/de\/deutschland\/bandenkriminalitaet-in-schweden-erneute-explosion-und-tote-in-und-um-stockholm\/#primaryimage\",\"url\":\"https:\/\/now-news.de\/de\/wp-content\/uploads\/sites\/3\/2023\/09\/Bandenkriminalitaet-in-Schweden-Erneute-Explosion-und-Tote-in-und-um.jpg\",\"contentUrl\":\"https:\/\/now-news.de\/de\/wp-content\/uploads\/sites\/3\/2023\/09\/Bandenkriminalitaet-in-Schweden-Erneute-Explosion-und-Tote-in-und-um.jpg\",\"width\":460,\"height\":259,\"caption\":\"Bandenkriminalit\u00e4t in Schweden: Erneute Explosion und Tote in und um Stockholm\"},{\"@type\":\"BreadcrumbList\",\"@id\":\"https:\/\/now-news.de\/de\/deutschland\/bandenkriminalitaet-in-schweden-erneute-explosion-und-tote-in-und-um-stockholm\/#breadcrumb\",\"itemListElement\":[{\"@type\":\"ListItem\",\"position\":1,\"name\":\"Home\",\"item\":\"https:\/\/now-news.de\/de\/\"},{\"@type\":\"ListItem\",\"position\":2,\"name\":\"Bandenkriminalit\u00e4t in Schweden: Erneute Explosion und Tote in und um Stockholm\"}]},{\"@type\":\"WebSite\",\"@id\":\"https:\/\/now-news.de\/de\/#website\",\"url\":\"https:\/\/now-news.de\/de\/\",\"name\":\"just-now.NEWS Deutschland\",\"description\":\"Das Portal f\u00fcr unzensierte Nachrichten aus der Welt\",\"publisher\":{\"@id\":\"https:\/\/now-news.de\/de\/#organization\"},\"potentialAction\":[{\"@type\":\"SearchAction\",\"target\":{\"@type\":\"EntryPoint\",\"urlTemplate\":\"https:\/\/now-news.de\/de\/?s={search_term_string}\"},\"query-input\":\"required name=search_term_string\"}],\"inLanguage\":\"de\"},{\"@type\":\"Organization\",\"@id\":\"https:\/\/now-news.de\/de\/#organization\",\"name\":\"Just Now News\",\"url\":\"https:\/\/now-news.de\/de\/\",\"logo\":{\"@type\":\"ImageObject\",\"inLanguage\":\"de\",\"@id\":\"https:\/\/now-news.de\/de\/#\/schema\/logo\/image\/\",\"url\":\"http:\/\/just-now.news\/de\/wp-content\/uploads\/sites\/3\/2022\/04\/logo500x500.jpg\",\"contentUrl\":\"http:\/\/just-now.news\/de\/wp-content\/uploads\/sites\/3\/2022\/04\/logo500x500.jpg\",\"width\":500,\"height\":500,\"caption\":\"Just Now News\"},\"image\":{\"@id\":\"https:\/\/now-news.de\/de\/#\/schema\/logo\/image\/\"},\"sameAs\":[\"https:\/\/www.facebook.com\/wirmachenauf\",\"https:\/\/x.com\/WirMachenAuf_de\"]},{\"@type\":\"Person\",\"@id\":\"https:\/\/now-news.de\/de\/#\/schema\/person\/fb534a4e865501d8b3285208df34a9b5\",\"name\":\"rtnews\",\"image\":{\"@type\":\"ImageObject\",\"inLanguage\":\"de\",\"@id\":\"https:\/\/now-news.de\/de\/#\/schema\/person\/image\/\",\"url\":\"https:\/\/secure.gravatar.com\/avatar\/82aafea7d8127119dd649515f56e2117?s=96&d=mm&r=g\",\"contentUrl\":\"https:\/\/secure.gravatar.com\/avatar\/82aafea7d8127119dd649515f56e2117?s=96&d=mm&r=g\",\"caption\":\"rtnews\"},\"url\":\"https:\/\/now-news.de\/de\/author\/rnews\/\"}]}<\/script>\n<!-- \/ Yoast SEO Premium plugin. -->","yoast_head_json":{"title":"Bandenkriminalit\u00e4t in Schweden: Erneute Explosion und Tote in und um Stockholm - just-now.NEWS Deutschland","robots":{"index":"index","follow":"follow","max-snippet":"max-snippet:-1","max-image-preview":"max-image-preview:large","max-video-preview":"max-video-preview:-1"},"canonical":"https:\/\/now-news.de\/de\/deutschland\/bandenkriminalitaet-in-schweden-erneute-explosion-und-tote-in-und-um-stockholm\/","og_locale":"de_DE","og_type":"article","og_title":"Bandenkriminalit\u00e4t in Schweden: Erneute Explosion und Tote in und um Stockholm","og_description":"Drei Tote in zw\u00f6lf Stunden, so lautet die traurige Statistik zum Thema ausufernde Bandenkriege in den Hochburgen Stockholm und Uppsala. Betroffen dabei diesmal auch eine unbeteiligte B\u00fcrgerin. Am 27. September ereignete sich in den Abendstunden in einem Wohngebiet au\u00dferhalb von Uppsala eine starke Explosion. Uppsala liegt\u00a0rund 70 Kilometer entfernt von Schwedens Hauptstadt Stockholm. Eine 25-j\u00e4hrige [&hellip;]","og_url":"https:\/\/now-news.de\/de\/deutschland\/bandenkriminalitaet-in-schweden-erneute-explosion-und-tote-in-und-um-stockholm\/","og_site_name":"just-now.NEWS Deutschland","article_publisher":"https:\/\/www.facebook.com\/wirmachenauf","article_published_time":"2023-09-28T12:19:52+00:00","og_image":[{"width":460,"height":259,"url":"https:\/\/now-news.de\/de\/wp-content\/uploads\/sites\/3\/2023\/09\/Bandenkriminalitaet-in-Schweden-Erneute-Explosion-und-Tote-in-und-um.jpg","type":"image\/jpeg"}],"author":"rtnews","twitter_card":"summary_large_image","twitter_creator":"@WirMachenAuf_de","twitter_site":"@WirMachenAuf_de","twitter_misc":{"Verfasst von":"rtnews","Gesch\u00e4tzte Lesezeit":"2\u00a0Minuten"},"schema":{"@context":"https:\/\/schema.org","@graph":[{"@type":"Article","@id":"https:\/\/now-news.de\/de\/deutschland\/bandenkriminalitaet-in-schweden-erneute-explosion-und-tote-in-und-um-stockholm\/#article","isPartOf":{"@id":"https:\/\/now-news.de\/de\/deutschland\/bandenkriminalitaet-in-schweden-erneute-explosion-und-tote-in-und-um-stockholm\/"},"author":{"name":"rtnews","@id":"https:\/\/now-news.de\/de\/#\/schema\/person\/fb534a4e865501d8b3285208df34a9b5"},"headline":"Bandenkriminalit\u00e4t in Schweden: Erneute Explosion und Tote in und um Stockholm","datePublished":"2023-09-28T12:19:52+00:00","dateModified":"2023-09-28T12:19:52+00:00","mainEntityOfPage":{"@id":"https:\/\/now-news.de\/de\/deutschland\/bandenkriminalitaet-in-schweden-erneute-explosion-und-tote-in-und-um-stockholm\/"},"wordCount":402,"commentCount":0,"publisher":{"@id":"https:\/\/now-news.de\/de\/#organization"},"image":{"@id":"https:\/\/now-news.de\/de\/deutschland\/bandenkriminalitaet-in-schweden-erneute-explosion-und-tote-in-und-um-stockholm\/#primaryimage"},"thumbnailUrl":"https:\/\/now-news.de\/de\/wp-content\/uploads\/sites\/3\/2023\/09\/Bandenkriminalitaet-in-Schweden-Erneute-Explosion-und-Tote-in-und-um.jpg","keywords":["BandenKriminalit\u00e4t","erneute","Explosion","Schweden","Stockholm","Tote","und"],"articleSection":["Deutschland","Russland"],"inLanguage":"de","potentialAction":[{"@type":"CommentAction","name":"Comment","target":["https:\/\/now-news.de\/de\/deutschland\/bandenkriminalitaet-in-schweden-erneute-explosion-und-tote-in-und-um-stockholm\/#respond"]}]},{"@type":"WebPage","@id":"https:\/\/now-news.de\/de\/deutschland\/bandenkriminalitaet-in-schweden-erneute-explosion-und-tote-in-und-um-stockholm\/","url":"https:\/\/now-news.de\/de\/deutschland\/bandenkriminalitaet-in-schweden-erneute-explosion-und-tote-in-und-um-stockholm\/","name":"Bandenkriminalit\u00e4t in Schweden: Erneute Explosion und Tote in und um Stockholm - just-now.NEWS Deutschland","isPartOf":{"@id":"https:\/\/now-news.de\/de\/#website"},"primaryImageOfPage":{"@id":"https:\/\/now-news.de\/de\/deutschland\/bandenkriminalitaet-in-schweden-erneute-explosion-und-tote-in-und-um-stockholm\/#primaryimage"},"image":{"@id":"https:\/\/now-news.de\/de\/deutschland\/bandenkriminalitaet-in-schweden-erneute-explosion-und-tote-in-und-um-stockholm\/#primaryimage"},"thumbnailUrl":"https:\/\/now-news.de\/de\/wp-content\/uploads\/sites\/3\/2023\/09\/Bandenkriminalitaet-in-Schweden-Erneute-Explosion-und-Tote-in-und-um.jpg","datePublished":"2023-09-28T12:19:52+00:00","dateModified":"2023-09-28T12:19:52+00:00","breadcrumb":{"@id":"https:\/\/now-news.de\/de\/deutschland\/bandenkriminalitaet-in-schweden-erneute-explosion-und-tote-in-und-um-stockholm\/#breadcrumb"},"inLanguage":"de","potentialAction":[{"@type":"ReadAction","target":["https:\/\/now-news.de\/de\/deutschland\/bandenkriminalitaet-in-schweden-erneute-explosion-und-tote-in-und-um-stockholm\/"]}]},{"@type":"ImageObject","inLanguage":"de","@id":"https:\/\/now-news.de\/de\/deutschland\/bandenkriminalitaet-in-schweden-erneute-explosion-und-tote-in-und-um-stockholm\/#primaryimage","url":"https:\/\/now-news.de\/de\/wp-content\/uploads\/sites\/3\/2023\/09\/Bandenkriminalitaet-in-Schweden-Erneute-Explosion-und-Tote-in-und-um.jpg","contentUrl":"https:\/\/now-news.de\/de\/wp-content\/uploads\/sites\/3\/2023\/09\/Bandenkriminalitaet-in-Schweden-Erneute-Explosion-und-Tote-in-und-um.jpg","width":460,"height":259,"caption":"Bandenkriminalit\u00e4t in Schweden: Erneute Explosion und Tote in und um Stockholm"},{"@type":"BreadcrumbList","@id":"https:\/\/now-news.de\/de\/deutschland\/bandenkriminalitaet-in-schweden-erneute-explosion-und-tote-in-und-um-stockholm\/#breadcrumb","itemListElement":[{"@type":"ListItem","position":1,"name":"Home","item":"https:\/\/now-news.de\/de\/"},{"@type":"ListItem","position":2,"name":"Bandenkriminalit\u00e4t in Schweden: Erneute Explosion und Tote in und um Stockholm"}]},{"@type":"WebSite","@id":"https:\/\/now-news.de\/de\/#website","url":"https:\/\/now-news.de\/de\/","name":"just-now.NEWS Deutschland","description":"Das Portal f\u00fcr unzensierte Nachrichten aus der Welt","publisher":{"@id":"https:\/\/now-news.de\/de\/#organization"},"potentialAction":[{"@type":"SearchAction","target":{"@type":"EntryPoint","urlTemplate":"https:\/\/now-news.de\/de\/?s={search_term_string}"},"query-input":"required name=search_term_string"}],"inLanguage":"de"},{"@type":"Organization","@id":"https:\/\/now-news.de\/de\/#organization","name":"Just Now News","url":"https:\/\/now-news.de\/de\/","logo":{"@type":"ImageObject","inLanguage":"de","@id":"https:\/\/now-news.de\/de\/#\/schema\/logo\/image\/","url":"http:\/\/just-now.news\/de\/wp-content\/uploads\/sites\/3\/2022\/04\/logo500x500.jpg","contentUrl":"http:\/\/just-now.news\/de\/wp-content\/uploads\/sites\/3\/2022\/04\/logo500x500.jpg","width":500,"height":500,"caption":"Just Now News"},"image":{"@id":"https:\/\/now-news.de\/de\/#\/schema\/logo\/image\/"},"sameAs":["https:\/\/www.facebook.com\/wirmachenauf","https:\/\/x.com\/WirMachenAuf_de"]},{"@type":"Person","@id":"https:\/\/now-news.de\/de\/#\/schema\/person\/fb534a4e865501d8b3285208df34a9b5","name":"rtnews","image":{"@type":"ImageObject","inLanguage":"de","@id":"https:\/\/now-news.de\/de\/#\/schema\/person\/image\/","url":"https:\/\/secure.gravatar.com\/avatar\/82aafea7d8127119dd649515f56e2117?s=96&d=mm&r=g","contentUrl":"https:\/\/secure.gravatar.com\/avatar\/82aafea7d8127119dd649515f56e2117?s=96&d=mm&r=g","caption":"rtnews"},"url":"https:\/\/now-news.de\/de\/author\/rnews\/"}]}},"_links":{"self":[{"href":"https:\/\/now-news.de\/de\/wp-json\/wp\/v2\/posts\/47158"}],"collection":[{"href":"https:\/\/now-news.de\/de\/wp-json\/wp\/v2\/posts"}],"about":[{"href":"https:\/\/now-news.de\/de\/wp-json\/wp\/v2\/types\/post"}],"author":[{"embeddable":true,"href":"https:\/\/now-news.de\/de\/wp-json\/wp\/v2\/users\/3"}],"replies":[{"embeddable":true,"href":"https:\/\/now-news.de\/de\/wp-json\/wp\/v2\/comments?post=47158"}],"version-history":[{"count":0,"href":"https:\/\/now-news.de\/de\/wp-json\/wp\/v2\/posts\/47158\/revisions"}],"wp:featuredmedia":[{"embeddable":true,"href":"https:\/\/now-news.de\/de\/wp-json\/wp\/v2\/media\/47159"}],"wp:attachment":[{"href":"https:\/\/now-news.de\/de\/wp-json\/wp\/v2\/media?parent=47158"}],"wp:term":[{"taxonomy":"category","embeddable":true,"href":"https:\/\/now-news.de\/de\/wp-json\/wp\/v2\/categories?post=47158"},{"taxonomy":"post_tag","embeddable":true,"href":"https:\/\/now-news.de\/de\/wp-json\/wp\/v2\/tags?post=47158"}],"curies":[{"name":"wp","href":"https:\/\/api.w.org\/{rel}","templated":true}]}}