{"id":47146,"date":"2023-09-28T11:21:35","date_gmt":"2023-09-28T09:21:35","guid":{"rendered":"https:\/\/just-now.news\/de\/deutschland\/macron-kann-es-nicht-akzeptieren-aber-frankreich-hat-afrika-verloren\/"},"modified":"2023-09-28T11:21:35","modified_gmt":"2023-09-28T09:21:35","slug":"macron-kann-es-nicht-akzeptieren-aber-frankreich-hat-afrika-verloren","status":"publish","type":"post","link":"https:\/\/now-news.de\/de\/deutschland\/macron-kann-es-nicht-akzeptieren-aber-frankreich-hat-afrika-verloren\/","title":{"rendered":"Macron kann es nicht akzeptieren \u2013 aber Frankreich hat Afrika verloren"},"content":{"rendered":"<p><img decoding=\"async\" src=\"http:\/\/just-now.news\/de\/wp-content\/uploads\/sites\/3\/2023\/09\/6514268548fbef418b4c3f8c.jpg\" \/><\/p>\n<div class=\"Text-root Text-type_1 \">\n                Es gibt keine M\u00f6glichkeit, das sch\u00f6nzureden: Paris wurde von Niger kurzerhand abserviert. Es sieht so aus, als ob Macron, nachdem er abserviert wurde, irgendwo zwischen der Verleugnungs- und der Akzeptanzphase der Trauer gefangen ist.\n            <\/div>\n<p><\/p>\n<div class=\"Text-root Text-type_5 ArticleView-text ViewText-root \">\n<p><em>Von Rachel Marsden<\/em><\/p>\n<p><strong><\/strong>In einem ausf\u00fchrlichen Interview, das am vergangenen Wochenende ausgestrahlt wurde, w\u00e4hrend weite\u00a0Teile Frankreichs das Fu\u00dfballspiel Paris Saint-Germain gegen Olympique Marseille verfolgten, wurde Pr\u00e4sident Emmanuel Macron zu seiner j\u00fcngsten schweren Trennung befragt. Er war nur zu gern bereit, all seine Gef\u00fchle \u00fcber die Beziehung auszusprechen, als ob er mit Oprah Winfrey und nicht mit den Nachrichtensprechern kommunizieren w\u00fcrde.<\/p>\n<p>Er sagte, dass Frankreich seine milit\u00e4rische Zusammenarbeit mit Niger beende und den franz\u00f6sischen Botschafter in Niamey sowie rund 1.500 Soldaten zur\u00fcckziehe. Das wurde auch Zeit, denn er wurde bereits vor einem Monat entlassen und Niger hat gedroht, Frankreichs Zelt von seinem Rasen zu entfernen.<\/p>\n<p>Frankreichs Milit\u00e4rpr\u00e4senz in einigen seiner ehemaligen afrikanischen Kolonien, darunter Niger, diene der Terrorismusbek\u00e4mpfung, sagte er und f\u00fcgte hinzu, dass ohne Frankreichs Pr\u00e4senz &#8220;die meisten dieser L\u00e4nder bereits territorialen Kalifaten und Dschihadisten zum Opfer gefallen w\u00e4ren&#8221;.<\/p>\n<p>In der Tat, Gott sei Dank f\u00fcr Frankreich, dessen Anti-Terror-Mission ein so durchschlagender Erfolg war, dass die UN-Friedensmissionen den Sicherheitsrat im Mai 2023 <a rel=\"nofollow noopener\" target=\"_blank\" href=\"https:\/\/press.un.org\/en\/2023\/sc15283.doc.htm\">darauf hinwiesen<\/a>, dass &#8220;die Unsicherheit im Dreil\u00e4ndereck von Burkina Faso, Mali und Niger weiter zunimmt&#8221;. &#8220;Z\u00fcgellose Dschihadisten verbreiten Chaos und Elend in der Sahelzone&#8221;, titelte <em><a rel=\"nofollow noopener\" target=\"_blank\" href=\"https:\/\/www.economist.com\/middle-east-and-africa\/2023\/04\/27\/rampant-jihadists-are-spreading-chaos-and-misery-in-the-sahel\">The Economist<\/a><\/em> im April, w\u00e4hrend das Wilson Center im selben Monat <a rel=\"nofollow noopener\" target=\"_blank\" href=\"https:\/\/www.wilsoncenter.org\/blog-post\/sahel-now-accounts-43-global-terrorism-deaths\">berichtete<\/a>, dass &#8220;die Sahelzone nun f\u00fcr 43 Prozent der weltweiten terroristischen Todesf\u00e4lle verantwortlich ist&#8221;. All dies geschah direkt vor der Nase Frankreichs.<\/p>\n<p>Im Gegensatz zu Macrons Behauptung, Frankreich habe dazu beigetragen, dass diese L\u00e4nder nicht zu Kalifaten wurden, gibt es tats\u00e4chlich mehr Beweise daf\u00fcr, dass sie unter franz\u00f6sischer Aufsicht genau in diese Richtung gingen. Wenn Macron von Boko Haram spricht, dann bestand die L\u00f6sung nicht darin, in Libyen einzumarschieren und es zu destabilisieren, denn Boko Haram hat seitdem von <a rel=\"nofollow noopener\" target=\"_blank\" href=\"https:\/\/www.aa.com.tr\/en\/world\/boko-haram-using-weapons-looted-from-libya-diplomat\/82491\">gepl\u00fcnderten libyschen Waffen<\/a> profitiert, und 2016 <a rel=\"nofollow noopener\" target=\"_blank\" href=\"https:\/\/www.reuters.com\/article\/us-nigeria-security-usa-idUSKCN0Y41QH\">warnten<\/a> Beamte in Washington davor, dass sich Boko-Haram-K\u00e4mpfer in Libyen mit ISIS zusammentun w\u00fcrden. Das war zwei Jahre, nachdem Frankreich mit der Operation Barkhane begonnen hatte, um islamistische Aufst\u00e4ndische in der Sahelzone zu bek\u00e4mpfen. Das hat viel Gutes bewirkt. Die Franzosen haben wohl dieselbe Art von moderner franz\u00f6sischer Disziplin durchgesetzt, die dazu f\u00fchrt, dass Kinder in ganz Frankreich regelm\u00e4\u00dfig wegen irgendeines Tagesproblems ausrasten und St\u00e4dte demolieren.<\/p>\n<p>Entweder ist Macron in einer Illusion gefangen, oder er glaubt, dass die Franzosen und Afrikaner das auch sind \u2013 oder dass sie zumindest so ahnungslos sind, dass sie glauben, dass es f\u00fcr diese L\u00e4nder bis zur Absetzung von Paris gut lief. Wenn das der Fall w\u00e4re\u00a0\u2013 wenn sich das Leben der Einheimischen wirklich verbessert h\u00e4tte\u00a0\u2013, wo sind dann die Massen auf den Stra\u00dfen, die gegen den R\u00fcckzug Frankreichs protestieren?<\/p>\n<p>Macron betonte auch, dass Frankreich nur auf Gehei\u00df dieser L\u00e4nder dort war. Aber was w\u00e4re, wenn sie es gewagt h\u00e4tten, &#8220;Nein&#8221; zu sagen, insbesondere nach der abschreckenden Wirkung der von Frankreich angef\u00fchrten NATO-Intervention und des Staatsstreichs in Libyen, der 2011 zum Tod des libyschen Staatschefs Muammar Gaddafi f\u00fchrte? Da diese frankophonen afrikanischen L\u00e4nder als Pariser Lager f\u00fcr alles dienen, vom kritischen Uran, das die franz\u00f6sischen Atomkraftwerke versorgt, bis hin zum schwarzen Gold, das die franz\u00f6sische Industrie antreibt, ist es kein Wunder, dass die F\u00fchrer dieser L\u00e4nder diesen franz\u00f6sischen Interessen bis jetzt \u00fcberm\u00e4\u00dfig entgegenkommend waren\u00a0\u2013 um nicht als &#8220;Gaddafi&#8221; zu gelten.<\/p>\n<p>Aber schon jetzt, mit dem Wechsel in der F\u00fchrung dieser L\u00e4nder, haben sich die franz\u00f6sische Presse und die Vertreter der Industrie aktiv <a rel=\"nofollow noopener\" target=\"_blank\" href=\"https:\/\/www.lemonde.fr\/en\/international\/article\/2023\/08\/04\/in-africa-s-sahel-region-french-companies-stand-firm-despite-increasingly-hostile-climate_6079465_4.html\">Gedanken \u00fcber das Schicksal der franz\u00f6sischen Unternehmen<\/a> in der Sahelzone gemacht. Paris hat lange Zeit genug Kontrolle ausge\u00fcbt, um zumindest den Fluss der Ressourcen aufrechtzuerhalten. Aber wenn sich Frankreich dar\u00fcber hinaus jemals um die Einheimischen gek\u00fcmmert h\u00e4tte, h\u00e4tte es das inzwischen gezeigt.<\/p>\n<p>Doch Macron belie\u00df es nicht bei diesen Worten. &#8220;Wir sind nicht f\u00fcr das politische Leben in diesen L\u00e4ndern verantwortlich&#8221;, sagte er. Warum versucht Frankreich dann st\u00e4ndig, den afrikanischen L\u00e4ndern vorzuschreiben, mit wem sie zusammenarbeiten sollen und mit wem nicht, und hat sie zuletzt dazu gedr\u00e4ngt, sich von Russland und China loszusagen?<\/p>\n<p>Und warum hat Macron bei einem Besuch in Kamerun im Sommer afrikanische L\u00e4nder, die kein Interesse daran haben, das antirussische Sanktionsspiel des Westens mitzuspielen, dazu gedr\u00e4ngt, im Ukraine-Konflikt Partei zu ergreifen, wenn er glaubt, sich aus dem politischen Leben Afrikas herauszuhalten? Und wenn sich Frankreich so sehr aus den inneren Angelegenheiten Afrikas heraush\u00e4lt, warum hat Burkina Faso erst vor wenigen Tagen Paris beschuldigt, Milit\u00e4rlieferungen an das Binnenland zu blockieren, wo es doch angeblich dieselben Aufst\u00e4nde bek\u00e4mpft, zu deren Niederschlagung Paris angeblich beigetragen hat?<\/p>\n<p>Oder warum hat Macron im Februar versucht, seine Afrikastrategie zu \u00fcberarbeiten, indem er franz\u00f6sische Milit\u00e4rbasen in &#8220;Akademien&#8221; <a rel=\"nofollow noopener\" target=\"_blank\" href=\"https:\/\/apnews.com\/article\/politics-france-government-russia-mali-macron-23faec486af7f0b3a6e945c0a2486e75\">umbenannte<\/a> und ein europ\u00e4isches Team mit &#8220;zivilgesellschaftlichen&#8221; Akteuren in Afrika zusammenarbeiten lie\u00df? Nichts zeugt so sehr von Nichteinmischung wie die Finanzierung von NGOs in fremden L\u00e4ndern.<\/p>\n<p>&#8220;Wir sind nicht da, um uns an Staatsstreichen zu beteiligen oder uns einzumischen&#8221;, sagte Macron. Das mag stimmen, wenn Paris den Mann an der Spitze mag und will, dass er dort bleibt, um franz\u00f6sische Interessen zu sch\u00fctzen. Andernfalls setzt es Frankreichs Freunde von der ECOWAS (Wirtschaftsgemeinschaft Westafrikanischer Staaten) unter Druck, einen Gegenputsch durchzuf\u00fchren, wie Macron in einer <a rel=\"nofollow noopener\" target=\"_blank\" href=\"https:\/\/www.elysee.fr\/emmanuel-macron\/2023\/08\/28\/conference-des-ambassadrices-et-des-ambassadeurs-le-discours-du-president-emmanuel-macron\">Rede<\/a> vor franz\u00f6sischen Botschaftern anzudeuten schien. &#8220;Wenn die ECOWAS den nigrischen Pr\u00e4sidenten Bazoum im Stich l\u00e4sst, sind sich alle Pr\u00e4sidenten der Region mehr oder weniger des Schicksals bewusst, das ihnen bevorsteht&#8221;, erkl\u00e4rte Macron als Pr\u00e4sident des Landes, das in der Vergangenheit afrikanische F\u00fchrer buchst\u00e4blich gest\u00fcrzt hat.<\/p>\n<p>Macron sagte nichts \u00fcber die Rolle der Pariser Verb\u00fcndeten in Washington, die die nigrischen Putschisten sowohl im Land selbst als auch in den USA ausgebildet haben und deren Truppen nicht nur in Niger bleiben, sondern auch wieder Geheimdienst- und Aufkl\u00e4rungsmissionen \u00fcbernommen haben, wie das <a rel=\"nofollow noopener\" target=\"_blank\" href=\"https:\/\/www.defense.gov\/News\/News-Stories\/Article\/Article\/3526515\/us-resumes-isr-flight-operations-in-niger\">Pentagon<\/a> Anfang dieses Monats mitteilte.<\/p>\n<p>Macron wettert gegen Russland, weil es Frankreich ersetzt hat. Doch wie bringt er die Tatsache unter einen Hut, dass Moskau nicht auch Washington &#8220;ersetzt&#8221; hat? Wird er Moskau und Washington jetzt auch der Absprache beschuldigen? Vielleicht haben diese afrikanischen L\u00e4nder noch nicht genau herausgefunden, was sie wollen und mit wem, obwohl sich Burkina Faso, Mali und Niger bereits in einem <a rel=\"nofollow noopener\" target=\"_blank\" href=\"https:\/\/amp.france24.com\/en\/live-news\/20230916-mali-niger-burkina-sign-mutual-defence-pact\">gegenseitigen Verteidigungspakt<\/a> f\u00fcr ihre eigenen Anti-Terror-Missionen zusammengeschlossen haben. Auch daf\u00fcr wird Russland &#8220;verantwortlich&#8221; gemacht. Auf jeden Fall hat das Festhalten an der zerr\u00fctteten Beziehung zu Paris offensichtlich nicht funktioniert.<\/p>\n<p>Und es sieht so aus, als ob Macron, nachdem er abserviert wurde, irgendwo zwischen der Verleugnungs- und der Akzeptanzphase der Trauer gefangen ist.<\/p>\n<p><strong><\/strong><em>Aus dem <a rel=\"nofollow noopener\" target=\"_blank\" href=\"https:\/\/swentr.site\/news\/583594-macron-niger-france-failure\/\">Englischen<\/a>.<\/em><\/p>\n<p><em><strong>Rachel Marsden<\/strong> ist Kolumnistin, politische Strategin und Moderatorin von unabh\u00e4ngig produzierten Talkshows auf Franz\u00f6sisch und Englisch.<\/em><\/p>\n<p><strong>Mehr zum Thema<\/strong> &#8211; <a rel=\"nofollow noopener\" target=\"_blank\" href=\"https:\/\/freedert.online\/afrika\/181752-macron-kuendigt-frankreichs-rueckzug-aus-niger-an\/\">Macron k\u00fcndigt Frankreichs milit\u00e4rischen und diplomatischen R\u00fcckzug aus Niger an<\/a><\/p>\n<\/div>\n<p><br \/>\n<br \/><a href=\"https:\/\/de.rt.com\/afrika\/181996-macron-kann-es-nicht-akzeptieren\/\">Source link <\/a><\/p>\n","protected":false},"excerpt":{"rendered":"<p>Es gibt keine M\u00f6glichkeit, das sch\u00f6nzureden: Paris wurde von Niger kurzerhand abserviert. Es sieht so aus, als ob Macron, nachdem er abserviert wurde, irgendwo zwischen der Verleugnungs- und der Akzeptanzphase der Trauer gefangen ist. Von Rachel Marsden In einem ausf\u00fchrlichen Interview, das am vergangenen Wochenende ausgestrahlt wurde, w\u00e4hrend weite\u00a0Teile Frankreichs das Fu\u00dfballspiel Paris Saint-Germain gegen [&hellip;]<\/p>\n","protected":false},"author":3,"featured_media":47147,"comment_status":"open","ping_status":"open","sticky":false,"template":"","format":"standard","meta":{"_yoast_indexnow_last_ping":["1695893438"],"wp_automatic_camp":["217"],"7cd293b6b41e564cdf66e65cfe9f4285":["Macron kann es nicht akzeptieren \u2013 aber Frankreich hat Afrika verloren"],"original_link":["https:\/\/de.rt.com\/afrika\/181996-macron-kann-es-nicht-akzeptieren\/"],"_thumbnail_id":["47147"],"_wptgpro_p2tg_sent2tg":["a:1:{i:23737;s:19:\"2023-09-28 11:32:04\";}"],"jnews_social_counter_last_update":["1777660982"]},"categories":[19,23],"tags":[2205,18099,11649,3320,423,838,1711,800,7762],"yoast_head":"<!-- This site is optimized with the Yoast SEO Premium plugin v22.7 (Yoast SEO v22.7) - https:\/\/yoast.com\/wordpress\/plugins\/seo\/ -->\n<title>Macron kann es nicht akzeptieren \u2013 aber Frankreich hat Afrika verloren - just-now.NEWS Deutschland<\/title>\n<meta name=\"robots\" content=\"index, follow, max-snippet:-1, max-image-preview:large, max-video-preview:-1\" \/>\n<link rel=\"canonical\" href=\"https:\/\/now-news.de\/de\/deutschland\/macron-kann-es-nicht-akzeptieren-aber-frankreich-hat-afrika-verloren\/\" \/>\n<meta property=\"og:locale\" content=\"de_DE\" \/>\n<meta property=\"og:type\" content=\"article\" \/>\n<meta property=\"og:title\" content=\"Macron kann es nicht akzeptieren \u2013 aber Frankreich hat Afrika verloren\" \/>\n<meta property=\"og:description\" content=\"Es gibt keine M\u00f6glichkeit, das sch\u00f6nzureden: Paris wurde von Niger kurzerhand abserviert. Es sieht so aus, als ob Macron, nachdem er abserviert wurde, irgendwo zwischen der Verleugnungs- und der Akzeptanzphase der Trauer gefangen ist. Von Rachel Marsden In einem ausf\u00fchrlichen Interview, das am vergangenen Wochenende ausgestrahlt wurde, w\u00e4hrend weite\u00a0Teile Frankreichs das Fu\u00dfballspiel Paris Saint-Germain gegen [&hellip;]\" \/>\n<meta property=\"og:url\" content=\"https:\/\/now-news.de\/de\/deutschland\/macron-kann-es-nicht-akzeptieren-aber-frankreich-hat-afrika-verloren\/\" \/>\n<meta property=\"og:site_name\" content=\"just-now.NEWS Deutschland\" \/>\n<meta property=\"article:publisher\" content=\"https:\/\/www.facebook.com\/wirmachenauf\" \/>\n<meta property=\"article:published_time\" content=\"2023-09-28T09:21:35+00:00\" \/>\n<meta property=\"og:image\" content=\"https:\/\/now-news.de\/de\/wp-content\/uploads\/sites\/3\/2023\/09\/Macron-kann-es-nicht-akzeptieren-\u2013-aber-Frankreich-hat-Afrika.jpg\" \/>\n\t<meta property=\"og:image:width\" content=\"460\" \/>\n\t<meta property=\"og:image:height\" content=\"259\" \/>\n\t<meta property=\"og:image:type\" content=\"image\/jpeg\" \/>\n<meta name=\"author\" content=\"rtnews\" \/>\n<meta name=\"twitter:card\" content=\"summary_large_image\" \/>\n<meta name=\"twitter:creator\" content=\"@WirMachenAuf_de\" \/>\n<meta name=\"twitter:site\" content=\"@WirMachenAuf_de\" \/>\n<meta name=\"twitter:label1\" content=\"Verfasst von\" \/>\n\t<meta name=\"twitter:data1\" content=\"rtnews\" \/>\n\t<meta name=\"twitter:label2\" content=\"Gesch\u00e4tzte Lesezeit\" \/>\n\t<meta name=\"twitter:data2\" content=\"6\u00a0Minuten\" \/>\n<script type=\"application\/ld+json\" class=\"yoast-schema-graph\">{\"@context\":\"https:\/\/schema.org\",\"@graph\":[{\"@type\":\"Article\",\"@id\":\"https:\/\/now-news.de\/de\/deutschland\/macron-kann-es-nicht-akzeptieren-aber-frankreich-hat-afrika-verloren\/#article\",\"isPartOf\":{\"@id\":\"https:\/\/now-news.de\/de\/deutschland\/macron-kann-es-nicht-akzeptieren-aber-frankreich-hat-afrika-verloren\/\"},\"author\":{\"name\":\"rtnews\",\"@id\":\"https:\/\/now-news.de\/de\/#\/schema\/person\/fb534a4e865501d8b3285208df34a9b5\"},\"headline\":\"Macron kann es nicht akzeptieren \u2013 aber Frankreich hat Afrika verloren\",\"datePublished\":\"2023-09-28T09:21:35+00:00\",\"dateModified\":\"2023-09-28T09:21:35+00:00\",\"mainEntityOfPage\":{\"@id\":\"https:\/\/now-news.de\/de\/deutschland\/macron-kann-es-nicht-akzeptieren-aber-frankreich-hat-afrika-verloren\/\"},\"wordCount\":1203,\"commentCount\":0,\"publisher\":{\"@id\":\"https:\/\/now-news.de\/de\/#organization\"},\"image\":{\"@id\":\"https:\/\/now-news.de\/de\/deutschland\/macron-kann-es-nicht-akzeptieren-aber-frankreich-hat-afrika-verloren\/#primaryimage\"},\"thumbnailUrl\":\"https:\/\/now-news.de\/de\/wp-content\/uploads\/sites\/3\/2023\/09\/Macron-kann-es-nicht-akzeptieren-\u2013-aber-Frankreich-hat-Afrika.jpg\",\"keywords\":[\"aber\",\"Afrika\",\"akzeptieren\",\"Frankreich\",\"hat\",\"kann\",\"macron\",\"nicht\",\"verloren\"],\"articleSection\":[\"Deutschland\",\"Russland\"],\"inLanguage\":\"de\",\"potentialAction\":[{\"@type\":\"CommentAction\",\"name\":\"Comment\",\"target\":[\"https:\/\/now-news.de\/de\/deutschland\/macron-kann-es-nicht-akzeptieren-aber-frankreich-hat-afrika-verloren\/#respond\"]}]},{\"@type\":\"WebPage\",\"@id\":\"https:\/\/now-news.de\/de\/deutschland\/macron-kann-es-nicht-akzeptieren-aber-frankreich-hat-afrika-verloren\/\",\"url\":\"https:\/\/now-news.de\/de\/deutschland\/macron-kann-es-nicht-akzeptieren-aber-frankreich-hat-afrika-verloren\/\",\"name\":\"Macron kann es nicht akzeptieren \u2013 aber Frankreich hat Afrika verloren - just-now.NEWS Deutschland\",\"isPartOf\":{\"@id\":\"https:\/\/now-news.de\/de\/#website\"},\"primaryImageOfPage\":{\"@id\":\"https:\/\/now-news.de\/de\/deutschland\/macron-kann-es-nicht-akzeptieren-aber-frankreich-hat-afrika-verloren\/#primaryimage\"},\"image\":{\"@id\":\"https:\/\/now-news.de\/de\/deutschland\/macron-kann-es-nicht-akzeptieren-aber-frankreich-hat-afrika-verloren\/#primaryimage\"},\"thumbnailUrl\":\"https:\/\/now-news.de\/de\/wp-content\/uploads\/sites\/3\/2023\/09\/Macron-kann-es-nicht-akzeptieren-\u2013-aber-Frankreich-hat-Afrika.jpg\",\"datePublished\":\"2023-09-28T09:21:35+00:00\",\"dateModified\":\"2023-09-28T09:21:35+00:00\",\"breadcrumb\":{\"@id\":\"https:\/\/now-news.de\/de\/deutschland\/macron-kann-es-nicht-akzeptieren-aber-frankreich-hat-afrika-verloren\/#breadcrumb\"},\"inLanguage\":\"de\",\"potentialAction\":[{\"@type\":\"ReadAction\",\"target\":[\"https:\/\/now-news.de\/de\/deutschland\/macron-kann-es-nicht-akzeptieren-aber-frankreich-hat-afrika-verloren\/\"]}]},{\"@type\":\"ImageObject\",\"inLanguage\":\"de\",\"@id\":\"https:\/\/now-news.de\/de\/deutschland\/macron-kann-es-nicht-akzeptieren-aber-frankreich-hat-afrika-verloren\/#primaryimage\",\"url\":\"https:\/\/now-news.de\/de\/wp-content\/uploads\/sites\/3\/2023\/09\/Macron-kann-es-nicht-akzeptieren-\u2013-aber-Frankreich-hat-Afrika.jpg\",\"contentUrl\":\"https:\/\/now-news.de\/de\/wp-content\/uploads\/sites\/3\/2023\/09\/Macron-kann-es-nicht-akzeptieren-\u2013-aber-Frankreich-hat-Afrika.jpg\",\"width\":460,\"height\":259,\"caption\":\"Macron kann es nicht akzeptieren \u2013 aber Frankreich hat Afrika verloren\"},{\"@type\":\"BreadcrumbList\",\"@id\":\"https:\/\/now-news.de\/de\/deutschland\/macron-kann-es-nicht-akzeptieren-aber-frankreich-hat-afrika-verloren\/#breadcrumb\",\"itemListElement\":[{\"@type\":\"ListItem\",\"position\":1,\"name\":\"Home\",\"item\":\"https:\/\/now-news.de\/de\/\"},{\"@type\":\"ListItem\",\"position\":2,\"name\":\"Macron kann es nicht akzeptieren \u2013 aber Frankreich hat Afrika verloren\"}]},{\"@type\":\"WebSite\",\"@id\":\"https:\/\/now-news.de\/de\/#website\",\"url\":\"https:\/\/now-news.de\/de\/\",\"name\":\"just-now.NEWS Deutschland\",\"description\":\"Das Portal f\u00fcr unzensierte Nachrichten aus der Welt\",\"publisher\":{\"@id\":\"https:\/\/now-news.de\/de\/#organization\"},\"potentialAction\":[{\"@type\":\"SearchAction\",\"target\":{\"@type\":\"EntryPoint\",\"urlTemplate\":\"https:\/\/now-news.de\/de\/?s={search_term_string}\"},\"query-input\":\"required name=search_term_string\"}],\"inLanguage\":\"de\"},{\"@type\":\"Organization\",\"@id\":\"https:\/\/now-news.de\/de\/#organization\",\"name\":\"Just Now News\",\"url\":\"https:\/\/now-news.de\/de\/\",\"logo\":{\"@type\":\"ImageObject\",\"inLanguage\":\"de\",\"@id\":\"https:\/\/now-news.de\/de\/#\/schema\/logo\/image\/\",\"url\":\"http:\/\/just-now.news\/de\/wp-content\/uploads\/sites\/3\/2022\/04\/logo500x500.jpg\",\"contentUrl\":\"http:\/\/just-now.news\/de\/wp-content\/uploads\/sites\/3\/2022\/04\/logo500x500.jpg\",\"width\":500,\"height\":500,\"caption\":\"Just Now News\"},\"image\":{\"@id\":\"https:\/\/now-news.de\/de\/#\/schema\/logo\/image\/\"},\"sameAs\":[\"https:\/\/www.facebook.com\/wirmachenauf\",\"https:\/\/x.com\/WirMachenAuf_de\"]},{\"@type\":\"Person\",\"@id\":\"https:\/\/now-news.de\/de\/#\/schema\/person\/fb534a4e865501d8b3285208df34a9b5\",\"name\":\"rtnews\",\"image\":{\"@type\":\"ImageObject\",\"inLanguage\":\"de\",\"@id\":\"https:\/\/now-news.de\/de\/#\/schema\/person\/image\/\",\"url\":\"https:\/\/secure.gravatar.com\/avatar\/82aafea7d8127119dd649515f56e2117?s=96&d=mm&r=g\",\"contentUrl\":\"https:\/\/secure.gravatar.com\/avatar\/82aafea7d8127119dd649515f56e2117?s=96&d=mm&r=g\",\"caption\":\"rtnews\"},\"url\":\"https:\/\/now-news.de\/de\/author\/rnews\/\"}]}<\/script>\n<!-- \/ Yoast SEO Premium plugin. -->","yoast_head_json":{"title":"Macron kann es nicht akzeptieren \u2013 aber Frankreich hat Afrika verloren - just-now.NEWS Deutschland","robots":{"index":"index","follow":"follow","max-snippet":"max-snippet:-1","max-image-preview":"max-image-preview:large","max-video-preview":"max-video-preview:-1"},"canonical":"https:\/\/now-news.de\/de\/deutschland\/macron-kann-es-nicht-akzeptieren-aber-frankreich-hat-afrika-verloren\/","og_locale":"de_DE","og_type":"article","og_title":"Macron kann es nicht akzeptieren \u2013 aber Frankreich hat Afrika verloren","og_description":"Es gibt keine M\u00f6glichkeit, das sch\u00f6nzureden: Paris wurde von Niger kurzerhand abserviert. Es sieht so aus, als ob Macron, nachdem er abserviert wurde, irgendwo zwischen der Verleugnungs- und der Akzeptanzphase der Trauer gefangen ist. Von Rachel Marsden In einem ausf\u00fchrlichen Interview, das am vergangenen Wochenende ausgestrahlt wurde, w\u00e4hrend weite\u00a0Teile Frankreichs das Fu\u00dfballspiel Paris Saint-Germain gegen [&hellip;]","og_url":"https:\/\/now-news.de\/de\/deutschland\/macron-kann-es-nicht-akzeptieren-aber-frankreich-hat-afrika-verloren\/","og_site_name":"just-now.NEWS Deutschland","article_publisher":"https:\/\/www.facebook.com\/wirmachenauf","article_published_time":"2023-09-28T09:21:35+00:00","og_image":[{"width":460,"height":259,"url":"https:\/\/now-news.de\/de\/wp-content\/uploads\/sites\/3\/2023\/09\/Macron-kann-es-nicht-akzeptieren-\u2013-aber-Frankreich-hat-Afrika.jpg","type":"image\/jpeg"}],"author":"rtnews","twitter_card":"summary_large_image","twitter_creator":"@WirMachenAuf_de","twitter_site":"@WirMachenAuf_de","twitter_misc":{"Verfasst von":"rtnews","Gesch\u00e4tzte Lesezeit":"6\u00a0Minuten"},"schema":{"@context":"https:\/\/schema.org","@graph":[{"@type":"Article","@id":"https:\/\/now-news.de\/de\/deutschland\/macron-kann-es-nicht-akzeptieren-aber-frankreich-hat-afrika-verloren\/#article","isPartOf":{"@id":"https:\/\/now-news.de\/de\/deutschland\/macron-kann-es-nicht-akzeptieren-aber-frankreich-hat-afrika-verloren\/"},"author":{"name":"rtnews","@id":"https:\/\/now-news.de\/de\/#\/schema\/person\/fb534a4e865501d8b3285208df34a9b5"},"headline":"Macron kann es nicht akzeptieren \u2013 aber Frankreich hat Afrika verloren","datePublished":"2023-09-28T09:21:35+00:00","dateModified":"2023-09-28T09:21:35+00:00","mainEntityOfPage":{"@id":"https:\/\/now-news.de\/de\/deutschland\/macron-kann-es-nicht-akzeptieren-aber-frankreich-hat-afrika-verloren\/"},"wordCount":1203,"commentCount":0,"publisher":{"@id":"https:\/\/now-news.de\/de\/#organization"},"image":{"@id":"https:\/\/now-news.de\/de\/deutschland\/macron-kann-es-nicht-akzeptieren-aber-frankreich-hat-afrika-verloren\/#primaryimage"},"thumbnailUrl":"https:\/\/now-news.de\/de\/wp-content\/uploads\/sites\/3\/2023\/09\/Macron-kann-es-nicht-akzeptieren-\u2013-aber-Frankreich-hat-Afrika.jpg","keywords":["aber","Afrika","akzeptieren","Frankreich","hat","kann","macron","nicht","verloren"],"articleSection":["Deutschland","Russland"],"inLanguage":"de","potentialAction":[{"@type":"CommentAction","name":"Comment","target":["https:\/\/now-news.de\/de\/deutschland\/macron-kann-es-nicht-akzeptieren-aber-frankreich-hat-afrika-verloren\/#respond"]}]},{"@type":"WebPage","@id":"https:\/\/now-news.de\/de\/deutschland\/macron-kann-es-nicht-akzeptieren-aber-frankreich-hat-afrika-verloren\/","url":"https:\/\/now-news.de\/de\/deutschland\/macron-kann-es-nicht-akzeptieren-aber-frankreich-hat-afrika-verloren\/","name":"Macron kann es nicht akzeptieren \u2013 aber Frankreich hat Afrika verloren - just-now.NEWS Deutschland","isPartOf":{"@id":"https:\/\/now-news.de\/de\/#website"},"primaryImageOfPage":{"@id":"https:\/\/now-news.de\/de\/deutschland\/macron-kann-es-nicht-akzeptieren-aber-frankreich-hat-afrika-verloren\/#primaryimage"},"image":{"@id":"https:\/\/now-news.de\/de\/deutschland\/macron-kann-es-nicht-akzeptieren-aber-frankreich-hat-afrika-verloren\/#primaryimage"},"thumbnailUrl":"https:\/\/now-news.de\/de\/wp-content\/uploads\/sites\/3\/2023\/09\/Macron-kann-es-nicht-akzeptieren-\u2013-aber-Frankreich-hat-Afrika.jpg","datePublished":"2023-09-28T09:21:35+00:00","dateModified":"2023-09-28T09:21:35+00:00","breadcrumb":{"@id":"https:\/\/now-news.de\/de\/deutschland\/macron-kann-es-nicht-akzeptieren-aber-frankreich-hat-afrika-verloren\/#breadcrumb"},"inLanguage":"de","potentialAction":[{"@type":"ReadAction","target":["https:\/\/now-news.de\/de\/deutschland\/macron-kann-es-nicht-akzeptieren-aber-frankreich-hat-afrika-verloren\/"]}]},{"@type":"ImageObject","inLanguage":"de","@id":"https:\/\/now-news.de\/de\/deutschland\/macron-kann-es-nicht-akzeptieren-aber-frankreich-hat-afrika-verloren\/#primaryimage","url":"https:\/\/now-news.de\/de\/wp-content\/uploads\/sites\/3\/2023\/09\/Macron-kann-es-nicht-akzeptieren-\u2013-aber-Frankreich-hat-Afrika.jpg","contentUrl":"https:\/\/now-news.de\/de\/wp-content\/uploads\/sites\/3\/2023\/09\/Macron-kann-es-nicht-akzeptieren-\u2013-aber-Frankreich-hat-Afrika.jpg","width":460,"height":259,"caption":"Macron kann es nicht akzeptieren \u2013 aber Frankreich hat Afrika verloren"},{"@type":"BreadcrumbList","@id":"https:\/\/now-news.de\/de\/deutschland\/macron-kann-es-nicht-akzeptieren-aber-frankreich-hat-afrika-verloren\/#breadcrumb","itemListElement":[{"@type":"ListItem","position":1,"name":"Home","item":"https:\/\/now-news.de\/de\/"},{"@type":"ListItem","position":2,"name":"Macron kann es nicht akzeptieren \u2013 aber Frankreich hat Afrika verloren"}]},{"@type":"WebSite","@id":"https:\/\/now-news.de\/de\/#website","url":"https:\/\/now-news.de\/de\/","name":"just-now.NEWS Deutschland","description":"Das Portal f\u00fcr unzensierte Nachrichten aus der Welt","publisher":{"@id":"https:\/\/now-news.de\/de\/#organization"},"potentialAction":[{"@type":"SearchAction","target":{"@type":"EntryPoint","urlTemplate":"https:\/\/now-news.de\/de\/?s={search_term_string}"},"query-input":"required name=search_term_string"}],"inLanguage":"de"},{"@type":"Organization","@id":"https:\/\/now-news.de\/de\/#organization","name":"Just Now News","url":"https:\/\/now-news.de\/de\/","logo":{"@type":"ImageObject","inLanguage":"de","@id":"https:\/\/now-news.de\/de\/#\/schema\/logo\/image\/","url":"http:\/\/just-now.news\/de\/wp-content\/uploads\/sites\/3\/2022\/04\/logo500x500.jpg","contentUrl":"http:\/\/just-now.news\/de\/wp-content\/uploads\/sites\/3\/2022\/04\/logo500x500.jpg","width":500,"height":500,"caption":"Just Now News"},"image":{"@id":"https:\/\/now-news.de\/de\/#\/schema\/logo\/image\/"},"sameAs":["https:\/\/www.facebook.com\/wirmachenauf","https:\/\/x.com\/WirMachenAuf_de"]},{"@type":"Person","@id":"https:\/\/now-news.de\/de\/#\/schema\/person\/fb534a4e865501d8b3285208df34a9b5","name":"rtnews","image":{"@type":"ImageObject","inLanguage":"de","@id":"https:\/\/now-news.de\/de\/#\/schema\/person\/image\/","url":"https:\/\/secure.gravatar.com\/avatar\/82aafea7d8127119dd649515f56e2117?s=96&d=mm&r=g","contentUrl":"https:\/\/secure.gravatar.com\/avatar\/82aafea7d8127119dd649515f56e2117?s=96&d=mm&r=g","caption":"rtnews"},"url":"https:\/\/now-news.de\/de\/author\/rnews\/"}]}},"_links":{"self":[{"href":"https:\/\/now-news.de\/de\/wp-json\/wp\/v2\/posts\/47146"}],"collection":[{"href":"https:\/\/now-news.de\/de\/wp-json\/wp\/v2\/posts"}],"about":[{"href":"https:\/\/now-news.de\/de\/wp-json\/wp\/v2\/types\/post"}],"author":[{"embeddable":true,"href":"https:\/\/now-news.de\/de\/wp-json\/wp\/v2\/users\/3"}],"replies":[{"embeddable":true,"href":"https:\/\/now-news.de\/de\/wp-json\/wp\/v2\/comments?post=47146"}],"version-history":[{"count":0,"href":"https:\/\/now-news.de\/de\/wp-json\/wp\/v2\/posts\/47146\/revisions"}],"wp:featuredmedia":[{"embeddable":true,"href":"https:\/\/now-news.de\/de\/wp-json\/wp\/v2\/media\/47147"}],"wp:attachment":[{"href":"https:\/\/now-news.de\/de\/wp-json\/wp\/v2\/media?parent=47146"}],"wp:term":[{"taxonomy":"category","embeddable":true,"href":"https:\/\/now-news.de\/de\/wp-json\/wp\/v2\/categories?post=47146"},{"taxonomy":"post_tag","embeddable":true,"href":"https:\/\/now-news.de\/de\/wp-json\/wp\/v2\/tags?post=47146"}],"curies":[{"name":"wp","href":"https:\/\/api.w.org\/{rel}","templated":true}]}}