{"id":47126,"date":"2023-09-27T20:49:16","date_gmt":"2023-09-27T18:49:16","guid":{"rendered":"https:\/\/just-now.news\/de\/deutschland\/it-stoerung-legt-produktion-bei-vw-lahm\/"},"modified":"2023-09-27T20:49:16","modified_gmt":"2023-09-27T18:49:16","slug":"it-stoerung-legt-produktion-bei-vw-lahm","status":"publish","type":"post","link":"https:\/\/now-news.de\/de\/deutschland\/it-stoerung-legt-produktion-bei-vw-lahm\/","title":{"rendered":"IT-St\u00f6rung legt Produktion bei VW lahm"},"content":{"rendered":"<p><img decoding=\"async\" src=\"http:\/\/just-now.news\/de\/wp-content\/uploads\/sites\/3\/2023\/09\/6514730048fbef156d799c03.jpg\" \/><\/p>\n<div class=\"Text-root Text-type_1 \">\n                Die VW-Werke in Deutschland stehen still: Eine IT-St\u00f6rung hat die zentrale Infrastruktur des Konzerns lahmgelegt. Medienberichten zufolge wurde ein Krisenstab einberufen. Betroffen sind fahrzeugproduzierende Werke in Wolfsburg, Emden, Zwickau und Osnabr\u00fcck sowie die Komponentenwerke.\n            <\/div>\n<p><\/p>\n<div class=\"Text-root Text-type_5 ArticleView-text ViewText-root \">\n<p>Eine IT-St\u00f6rung hat am Mittwoch die zentrale Infrastruktur des VW-Konzerns lahmgelegt. Die Produktion in\u00a0vier\u00a0deutschen Werken \u2012 Wolfsburg, Emden, Zwickau und Osnabr\u00fcck \u2012 stehe still, best\u00e4tigte ein Konzernsprecher am sp\u00e4ten Abend.<\/p>\n<p>Auch die Komponentenwerke in Kassel, Braunschweig und Salzgitter seien betroffen. In den B\u00fcros am Hauptsitz Wolfsburg ginge derzeit ebenfalls nichts. Die Dimension der St\u00f6rung sei noch nicht ganz klar. Die St\u00f6rung bestehe seit 12:30 Uhr und werde momentan\u00a0analysiert. Es gebe Implikationen auf die fahrzeugproduzierenden Werke.<\/p>\n<p>Zu den Auswirkungen im Ausland konnte der Sprecher zun\u00e4chst nichts sagen. Nach aktuellem Stand gelte ein Angriff von au\u00dfen aber als unwahrscheinlich, hei\u00dft es.<\/p>\n<p>Volkswagen arbeite derzeit mit Hochdruck daran, das Problem zu beheben. Wann dies\u00a0erreicht sein werde, sei noch nicht abzusch\u00e4tzen. Zuvor hatte das <em>Handelsblatt<\/em> \u00fcber den Vorfall berichtet. Demnach wurde ein Krisenstab einberufen.<\/p>\n<p><strong>Mehr zum Thema &#8211;<\/strong>\u00a0<a rel=\"nofollow noopener\" target=\"_blank\" href=\"https:\/\/freedert.online\/europa\/175145-der-niedergang-deutschlands-und-der-zerfall-europas-haben-wirklich-begonnen\/\">Tr\u00fcbe Aussichten: Der Niedergang Deutschlands und Zerfall Europas haben wirklich begonnen <\/a><\/p>\n<\/p>\n<\/div>\n<p><br \/>\n<br \/><a href=\"https:\/\/de.rt.com\/inland\/182036-it-stoerung-legt-produktion-bei\/\">Source link <\/a><\/p>\n","protected":false},"excerpt":{"rendered":"<p>Die VW-Werke in Deutschland stehen still: Eine IT-St\u00f6rung hat die zentrale Infrastruktur des Konzerns lahmgelegt. Medienberichten zufolge wurde ein Krisenstab einberufen. Betroffen sind fahrzeugproduzierende Werke in Wolfsburg, Emden, Zwickau und Osnabr\u00fcck sowie die Komponentenwerke. Eine IT-St\u00f6rung hat am Mittwoch die zentrale Infrastruktur des VW-Konzerns lahmgelegt. Die Produktion in\u00a0vier\u00a0deutschen Werken \u2012 Wolfsburg, Emden, Zwickau und Osnabr\u00fcck [&hellip;]<\/p>\n","protected":false},"author":3,"featured_media":47127,"comment_status":"open","ping_status":"open","sticky":false,"template":"","format":"standard","meta":{"_yoast_indexnow_last_ping":["1695841418"],"wp_automatic_camp":["217"],"5fe50ccd63f37b5d498f42c72d354c3b":["IT-St\u00f6rung legt Produktion bei VW lahm"],"original_link":["https:\/\/de.rt.com\/inland\/182036-it-stoerung-legt-produktion-bei\/"],"_thumbnail_id":["47127"],"_wptgpro_p2tg_sent2tg":["a:1:{i:23737;s:19:\"2023-09-27 21:04:41\";}"],"jnews_social_counter_last_update":["1777339148"]},"categories":[19,23],"tags":[363,49311,34497,5552,3315],"yoast_head":"<!-- This site is optimized with the Yoast SEO Premium plugin v22.7 (Yoast SEO v22.7) - https:\/\/yoast.com\/wordpress\/plugins\/seo\/ -->\n<title>IT-St\u00f6rung legt Produktion bei VW lahm - just-now.NEWS Deutschland<\/title>\n<meta name=\"robots\" content=\"index, follow, max-snippet:-1, max-image-preview:large, max-video-preview:-1\" \/>\n<link rel=\"canonical\" href=\"https:\/\/now-news.de\/de\/deutschland\/it-stoerung-legt-produktion-bei-vw-lahm\/\" \/>\n<meta property=\"og:locale\" content=\"de_DE\" \/>\n<meta property=\"og:type\" content=\"article\" \/>\n<meta property=\"og:title\" content=\"IT-St\u00f6rung legt Produktion bei VW lahm\" \/>\n<meta property=\"og:description\" content=\"Die VW-Werke in Deutschland stehen still: Eine IT-St\u00f6rung hat die zentrale Infrastruktur des Konzerns lahmgelegt. Medienberichten zufolge wurde ein Krisenstab einberufen. Betroffen sind fahrzeugproduzierende Werke in Wolfsburg, Emden, Zwickau und Osnabr\u00fcck sowie die Komponentenwerke. Eine IT-St\u00f6rung hat am Mittwoch die zentrale Infrastruktur des VW-Konzerns lahmgelegt. Die Produktion in\u00a0vier\u00a0deutschen Werken \u2012 Wolfsburg, Emden, Zwickau und Osnabr\u00fcck [&hellip;]\" \/>\n<meta property=\"og:url\" content=\"https:\/\/now-news.de\/de\/deutschland\/it-stoerung-legt-produktion-bei-vw-lahm\/\" \/>\n<meta property=\"og:site_name\" content=\"just-now.NEWS Deutschland\" \/>\n<meta property=\"article:publisher\" content=\"https:\/\/www.facebook.com\/wirmachenauf\" \/>\n<meta property=\"article:published_time\" content=\"2023-09-27T18:49:16+00:00\" \/>\n<meta property=\"og:image\" content=\"https:\/\/now-news.de\/de\/wp-content\/uploads\/sites\/3\/2023\/09\/IT-Stoerung-legt-Produktion-bei-VW-lahm.jpg\" \/>\n\t<meta property=\"og:image:width\" content=\"460\" \/>\n\t<meta property=\"og:image:height\" content=\"259\" \/>\n\t<meta property=\"og:image:type\" content=\"image\/jpeg\" \/>\n<meta name=\"author\" content=\"rtnews\" \/>\n<meta name=\"twitter:card\" content=\"summary_large_image\" \/>\n<meta name=\"twitter:creator\" content=\"@WirMachenAuf_de\" \/>\n<meta name=\"twitter:site\" content=\"@WirMachenAuf_de\" \/>\n<meta name=\"twitter:label1\" content=\"Verfasst von\" \/>\n\t<meta name=\"twitter:data1\" content=\"rtnews\" \/>\n\t<meta name=\"twitter:label2\" content=\"Gesch\u00e4tzte Lesezeit\" \/>\n\t<meta name=\"twitter:data2\" content=\"1\u00a0Minute\" \/>\n<script type=\"application\/ld+json\" class=\"yoast-schema-graph\">{\"@context\":\"https:\/\/schema.org\",\"@graph\":[{\"@type\":\"Article\",\"@id\":\"https:\/\/now-news.de\/de\/deutschland\/it-stoerung-legt-produktion-bei-vw-lahm\/#article\",\"isPartOf\":{\"@id\":\"https:\/\/now-news.de\/de\/deutschland\/it-stoerung-legt-produktion-bei-vw-lahm\/\"},\"author\":{\"name\":\"rtnews\",\"@id\":\"https:\/\/now-news.de\/de\/#\/schema\/person\/fb534a4e865501d8b3285208df34a9b5\"},\"headline\":\"IT-St\u00f6rung legt Produktion bei VW lahm\",\"datePublished\":\"2023-09-27T18:49:16+00:00\",\"dateModified\":\"2023-09-27T18:49:16+00:00\",\"mainEntityOfPage\":{\"@id\":\"https:\/\/now-news.de\/de\/deutschland\/it-stoerung-legt-produktion-bei-vw-lahm\/\"},\"wordCount\":204,\"commentCount\":0,\"publisher\":{\"@id\":\"https:\/\/now-news.de\/de\/#organization\"},\"image\":{\"@id\":\"https:\/\/now-news.de\/de\/deutschland\/it-stoerung-legt-produktion-bei-vw-lahm\/#primaryimage\"},\"thumbnailUrl\":\"https:\/\/now-news.de\/de\/wp-content\/uploads\/sites\/3\/2023\/09\/IT-Stoerung-legt-Produktion-bei-VW-lahm.jpg\",\"keywords\":[\"bei\",\"ITSt\u00f6rung\",\"lahm\",\"legt\",\"Produktion\"],\"articleSection\":[\"Deutschland\",\"Russland\"],\"inLanguage\":\"de\",\"potentialAction\":[{\"@type\":\"CommentAction\",\"name\":\"Comment\",\"target\":[\"https:\/\/now-news.de\/de\/deutschland\/it-stoerung-legt-produktion-bei-vw-lahm\/#respond\"]}]},{\"@type\":\"WebPage\",\"@id\":\"https:\/\/now-news.de\/de\/deutschland\/it-stoerung-legt-produktion-bei-vw-lahm\/\",\"url\":\"https:\/\/now-news.de\/de\/deutschland\/it-stoerung-legt-produktion-bei-vw-lahm\/\",\"name\":\"IT-St\u00f6rung legt Produktion bei VW lahm - just-now.NEWS Deutschland\",\"isPartOf\":{\"@id\":\"https:\/\/now-news.de\/de\/#website\"},\"primaryImageOfPage\":{\"@id\":\"https:\/\/now-news.de\/de\/deutschland\/it-stoerung-legt-produktion-bei-vw-lahm\/#primaryimage\"},\"image\":{\"@id\":\"https:\/\/now-news.de\/de\/deutschland\/it-stoerung-legt-produktion-bei-vw-lahm\/#primaryimage\"},\"thumbnailUrl\":\"https:\/\/now-news.de\/de\/wp-content\/uploads\/sites\/3\/2023\/09\/IT-Stoerung-legt-Produktion-bei-VW-lahm.jpg\",\"datePublished\":\"2023-09-27T18:49:16+00:00\",\"dateModified\":\"2023-09-27T18:49:16+00:00\",\"breadcrumb\":{\"@id\":\"https:\/\/now-news.de\/de\/deutschland\/it-stoerung-legt-produktion-bei-vw-lahm\/#breadcrumb\"},\"inLanguage\":\"de\",\"potentialAction\":[{\"@type\":\"ReadAction\",\"target\":[\"https:\/\/now-news.de\/de\/deutschland\/it-stoerung-legt-produktion-bei-vw-lahm\/\"]}]},{\"@type\":\"ImageObject\",\"inLanguage\":\"de\",\"@id\":\"https:\/\/now-news.de\/de\/deutschland\/it-stoerung-legt-produktion-bei-vw-lahm\/#primaryimage\",\"url\":\"https:\/\/now-news.de\/de\/wp-content\/uploads\/sites\/3\/2023\/09\/IT-Stoerung-legt-Produktion-bei-VW-lahm.jpg\",\"contentUrl\":\"https:\/\/now-news.de\/de\/wp-content\/uploads\/sites\/3\/2023\/09\/IT-Stoerung-legt-Produktion-bei-VW-lahm.jpg\",\"width\":460,\"height\":259,\"caption\":\"IT-St\u00f6rung legt Produktion bei VW lahm\"},{\"@type\":\"BreadcrumbList\",\"@id\":\"https:\/\/now-news.de\/de\/deutschland\/it-stoerung-legt-produktion-bei-vw-lahm\/#breadcrumb\",\"itemListElement\":[{\"@type\":\"ListItem\",\"position\":1,\"name\":\"Home\",\"item\":\"https:\/\/now-news.de\/de\/\"},{\"@type\":\"ListItem\",\"position\":2,\"name\":\"IT-St\u00f6rung legt Produktion bei VW lahm\"}]},{\"@type\":\"WebSite\",\"@id\":\"https:\/\/now-news.de\/de\/#website\",\"url\":\"https:\/\/now-news.de\/de\/\",\"name\":\"just-now.NEWS Deutschland\",\"description\":\"Das Portal f\u00fcr unzensierte Nachrichten aus der Welt\",\"publisher\":{\"@id\":\"https:\/\/now-news.de\/de\/#organization\"},\"potentialAction\":[{\"@type\":\"SearchAction\",\"target\":{\"@type\":\"EntryPoint\",\"urlTemplate\":\"https:\/\/now-news.de\/de\/?s={search_term_string}\"},\"query-input\":\"required name=search_term_string\"}],\"inLanguage\":\"de\"},{\"@type\":\"Organization\",\"@id\":\"https:\/\/now-news.de\/de\/#organization\",\"name\":\"Just Now News\",\"url\":\"https:\/\/now-news.de\/de\/\",\"logo\":{\"@type\":\"ImageObject\",\"inLanguage\":\"de\",\"@id\":\"https:\/\/now-news.de\/de\/#\/schema\/logo\/image\/\",\"url\":\"http:\/\/just-now.news\/de\/wp-content\/uploads\/sites\/3\/2022\/04\/logo500x500.jpg\",\"contentUrl\":\"http:\/\/just-now.news\/de\/wp-content\/uploads\/sites\/3\/2022\/04\/logo500x500.jpg\",\"width\":500,\"height\":500,\"caption\":\"Just Now News\"},\"image\":{\"@id\":\"https:\/\/now-news.de\/de\/#\/schema\/logo\/image\/\"},\"sameAs\":[\"https:\/\/www.facebook.com\/wirmachenauf\",\"https:\/\/x.com\/WirMachenAuf_de\"]},{\"@type\":\"Person\",\"@id\":\"https:\/\/now-news.de\/de\/#\/schema\/person\/fb534a4e865501d8b3285208df34a9b5\",\"name\":\"rtnews\",\"image\":{\"@type\":\"ImageObject\",\"inLanguage\":\"de\",\"@id\":\"https:\/\/now-news.de\/de\/#\/schema\/person\/image\/\",\"url\":\"https:\/\/secure.gravatar.com\/avatar\/82aafea7d8127119dd649515f56e2117?s=96&d=mm&r=g\",\"contentUrl\":\"https:\/\/secure.gravatar.com\/avatar\/82aafea7d8127119dd649515f56e2117?s=96&d=mm&r=g\",\"caption\":\"rtnews\"},\"url\":\"https:\/\/now-news.de\/de\/author\/rnews\/\"}]}<\/script>\n<!-- \/ Yoast SEO Premium plugin. -->","yoast_head_json":{"title":"IT-St\u00f6rung legt Produktion bei VW lahm - just-now.NEWS Deutschland","robots":{"index":"index","follow":"follow","max-snippet":"max-snippet:-1","max-image-preview":"max-image-preview:large","max-video-preview":"max-video-preview:-1"},"canonical":"https:\/\/now-news.de\/de\/deutschland\/it-stoerung-legt-produktion-bei-vw-lahm\/","og_locale":"de_DE","og_type":"article","og_title":"IT-St\u00f6rung legt Produktion bei VW lahm","og_description":"Die VW-Werke in Deutschland stehen still: Eine IT-St\u00f6rung hat die zentrale Infrastruktur des Konzerns lahmgelegt. Medienberichten zufolge wurde ein Krisenstab einberufen. Betroffen sind fahrzeugproduzierende Werke in Wolfsburg, Emden, Zwickau und Osnabr\u00fcck sowie die Komponentenwerke. Eine IT-St\u00f6rung hat am Mittwoch die zentrale Infrastruktur des VW-Konzerns lahmgelegt. Die Produktion in\u00a0vier\u00a0deutschen Werken \u2012 Wolfsburg, Emden, Zwickau und Osnabr\u00fcck [&hellip;]","og_url":"https:\/\/now-news.de\/de\/deutschland\/it-stoerung-legt-produktion-bei-vw-lahm\/","og_site_name":"just-now.NEWS Deutschland","article_publisher":"https:\/\/www.facebook.com\/wirmachenauf","article_published_time":"2023-09-27T18:49:16+00:00","og_image":[{"width":460,"height":259,"url":"https:\/\/now-news.de\/de\/wp-content\/uploads\/sites\/3\/2023\/09\/IT-Stoerung-legt-Produktion-bei-VW-lahm.jpg","type":"image\/jpeg"}],"author":"rtnews","twitter_card":"summary_large_image","twitter_creator":"@WirMachenAuf_de","twitter_site":"@WirMachenAuf_de","twitter_misc":{"Verfasst von":"rtnews","Gesch\u00e4tzte Lesezeit":"1\u00a0Minute"},"schema":{"@context":"https:\/\/schema.org","@graph":[{"@type":"Article","@id":"https:\/\/now-news.de\/de\/deutschland\/it-stoerung-legt-produktion-bei-vw-lahm\/#article","isPartOf":{"@id":"https:\/\/now-news.de\/de\/deutschland\/it-stoerung-legt-produktion-bei-vw-lahm\/"},"author":{"name":"rtnews","@id":"https:\/\/now-news.de\/de\/#\/schema\/person\/fb534a4e865501d8b3285208df34a9b5"},"headline":"IT-St\u00f6rung legt Produktion bei VW lahm","datePublished":"2023-09-27T18:49:16+00:00","dateModified":"2023-09-27T18:49:16+00:00","mainEntityOfPage":{"@id":"https:\/\/now-news.de\/de\/deutschland\/it-stoerung-legt-produktion-bei-vw-lahm\/"},"wordCount":204,"commentCount":0,"publisher":{"@id":"https:\/\/now-news.de\/de\/#organization"},"image":{"@id":"https:\/\/now-news.de\/de\/deutschland\/it-stoerung-legt-produktion-bei-vw-lahm\/#primaryimage"},"thumbnailUrl":"https:\/\/now-news.de\/de\/wp-content\/uploads\/sites\/3\/2023\/09\/IT-Stoerung-legt-Produktion-bei-VW-lahm.jpg","keywords":["bei","ITSt\u00f6rung","lahm","legt","Produktion"],"articleSection":["Deutschland","Russland"],"inLanguage":"de","potentialAction":[{"@type":"CommentAction","name":"Comment","target":["https:\/\/now-news.de\/de\/deutschland\/it-stoerung-legt-produktion-bei-vw-lahm\/#respond"]}]},{"@type":"WebPage","@id":"https:\/\/now-news.de\/de\/deutschland\/it-stoerung-legt-produktion-bei-vw-lahm\/","url":"https:\/\/now-news.de\/de\/deutschland\/it-stoerung-legt-produktion-bei-vw-lahm\/","name":"IT-St\u00f6rung legt Produktion bei VW lahm - just-now.NEWS Deutschland","isPartOf":{"@id":"https:\/\/now-news.de\/de\/#website"},"primaryImageOfPage":{"@id":"https:\/\/now-news.de\/de\/deutschland\/it-stoerung-legt-produktion-bei-vw-lahm\/#primaryimage"},"image":{"@id":"https:\/\/now-news.de\/de\/deutschland\/it-stoerung-legt-produktion-bei-vw-lahm\/#primaryimage"},"thumbnailUrl":"https:\/\/now-news.de\/de\/wp-content\/uploads\/sites\/3\/2023\/09\/IT-Stoerung-legt-Produktion-bei-VW-lahm.jpg","datePublished":"2023-09-27T18:49:16+00:00","dateModified":"2023-09-27T18:49:16+00:00","breadcrumb":{"@id":"https:\/\/now-news.de\/de\/deutschland\/it-stoerung-legt-produktion-bei-vw-lahm\/#breadcrumb"},"inLanguage":"de","potentialAction":[{"@type":"ReadAction","target":["https:\/\/now-news.de\/de\/deutschland\/it-stoerung-legt-produktion-bei-vw-lahm\/"]}]},{"@type":"ImageObject","inLanguage":"de","@id":"https:\/\/now-news.de\/de\/deutschland\/it-stoerung-legt-produktion-bei-vw-lahm\/#primaryimage","url":"https:\/\/now-news.de\/de\/wp-content\/uploads\/sites\/3\/2023\/09\/IT-Stoerung-legt-Produktion-bei-VW-lahm.jpg","contentUrl":"https:\/\/now-news.de\/de\/wp-content\/uploads\/sites\/3\/2023\/09\/IT-Stoerung-legt-Produktion-bei-VW-lahm.jpg","width":460,"height":259,"caption":"IT-St\u00f6rung legt Produktion bei VW lahm"},{"@type":"BreadcrumbList","@id":"https:\/\/now-news.de\/de\/deutschland\/it-stoerung-legt-produktion-bei-vw-lahm\/#breadcrumb","itemListElement":[{"@type":"ListItem","position":1,"name":"Home","item":"https:\/\/now-news.de\/de\/"},{"@type":"ListItem","position":2,"name":"IT-St\u00f6rung legt Produktion bei VW lahm"}]},{"@type":"WebSite","@id":"https:\/\/now-news.de\/de\/#website","url":"https:\/\/now-news.de\/de\/","name":"just-now.NEWS Deutschland","description":"Das Portal f\u00fcr unzensierte Nachrichten aus der Welt","publisher":{"@id":"https:\/\/now-news.de\/de\/#organization"},"potentialAction":[{"@type":"SearchAction","target":{"@type":"EntryPoint","urlTemplate":"https:\/\/now-news.de\/de\/?s={search_term_string}"},"query-input":"required name=search_term_string"}],"inLanguage":"de"},{"@type":"Organization","@id":"https:\/\/now-news.de\/de\/#organization","name":"Just Now News","url":"https:\/\/now-news.de\/de\/","logo":{"@type":"ImageObject","inLanguage":"de","@id":"https:\/\/now-news.de\/de\/#\/schema\/logo\/image\/","url":"http:\/\/just-now.news\/de\/wp-content\/uploads\/sites\/3\/2022\/04\/logo500x500.jpg","contentUrl":"http:\/\/just-now.news\/de\/wp-content\/uploads\/sites\/3\/2022\/04\/logo500x500.jpg","width":500,"height":500,"caption":"Just Now News"},"image":{"@id":"https:\/\/now-news.de\/de\/#\/schema\/logo\/image\/"},"sameAs":["https:\/\/www.facebook.com\/wirmachenauf","https:\/\/x.com\/WirMachenAuf_de"]},{"@type":"Person","@id":"https:\/\/now-news.de\/de\/#\/schema\/person\/fb534a4e865501d8b3285208df34a9b5","name":"rtnews","image":{"@type":"ImageObject","inLanguage":"de","@id":"https:\/\/now-news.de\/de\/#\/schema\/person\/image\/","url":"https:\/\/secure.gravatar.com\/avatar\/82aafea7d8127119dd649515f56e2117?s=96&d=mm&r=g","contentUrl":"https:\/\/secure.gravatar.com\/avatar\/82aafea7d8127119dd649515f56e2117?s=96&d=mm&r=g","caption":"rtnews"},"url":"https:\/\/now-news.de\/de\/author\/rnews\/"}]}},"_links":{"self":[{"href":"https:\/\/now-news.de\/de\/wp-json\/wp\/v2\/posts\/47126"}],"collection":[{"href":"https:\/\/now-news.de\/de\/wp-json\/wp\/v2\/posts"}],"about":[{"href":"https:\/\/now-news.de\/de\/wp-json\/wp\/v2\/types\/post"}],"author":[{"embeddable":true,"href":"https:\/\/now-news.de\/de\/wp-json\/wp\/v2\/users\/3"}],"replies":[{"embeddable":true,"href":"https:\/\/now-news.de\/de\/wp-json\/wp\/v2\/comments?post=47126"}],"version-history":[{"count":0,"href":"https:\/\/now-news.de\/de\/wp-json\/wp\/v2\/posts\/47126\/revisions"}],"wp:featuredmedia":[{"embeddable":true,"href":"https:\/\/now-news.de\/de\/wp-json\/wp\/v2\/media\/47127"}],"wp:attachment":[{"href":"https:\/\/now-news.de\/de\/wp-json\/wp\/v2\/media?parent=47126"}],"wp:term":[{"taxonomy":"category","embeddable":true,"href":"https:\/\/now-news.de\/de\/wp-json\/wp\/v2\/categories?post=47126"},{"taxonomy":"post_tag","embeddable":true,"href":"https:\/\/now-news.de\/de\/wp-json\/wp\/v2\/tags?post=47126"}],"curies":[{"name":"wp","href":"https:\/\/api.w.org\/{rel}","templated":true}]}}