{"id":47112,"date":"2023-09-27T17:55:24","date_gmt":"2023-09-27T15:55:24","guid":{"rendered":"https:\/\/just-now.news\/de\/deutschland\/eskalation-im-kosovo-wie-pristina-seine-anerkennung-durch-belgrad-erzwingen-will\/"},"modified":"2023-09-27T17:55:24","modified_gmt":"2023-09-27T15:55:24","slug":"eskalation-im-kosovo-wie-pristina-seine-anerkennung-durch-belgrad-erzwingen-will","status":"publish","type":"post","link":"https:\/\/now-news.de\/de\/deutschland\/eskalation-im-kosovo-wie-pristina-seine-anerkennung-durch-belgrad-erzwingen-will\/","title":{"rendered":"Eskalation im Kosovo: Wie Pri\u0161tina seine Anerkennung durch Belgrad erzwingen will"},"content":{"rendered":"<p><img decoding=\"async\" src=\"http:\/\/just-now.news\/de\/wp-content\/uploads\/sites\/3\/2023\/09\/6513e7edb480cc5c0a19c365.jpg\" \/><\/p>\n<div class=\"Text-root Text-type_1 \">\n                Pri\u0161tina l\u00e4sst die Lage in Kosovo bewusst eskalieren und provoziert Gewalt zwischen Serben und Angeh\u00f6rigen der kosovarischen Sicherheitskr\u00e4fte. Die westlichen Truppen vor Ort schauen entspannt zu. Ziel ist es, Belgrad zur Anerkennung der kosovarischen Staatlichkeit zu zwingen.\n            <\/div>\n<p><\/p>\n<div class=\"Text-root Text-type_5 ArticleView-text ViewText-root \">\n<p><em>Von Marinko U\u010dur<\/em><\/p>\n<p>Eine Rede des serbischen Pr\u00e4sidenten Aleksandar Vu\u010di\u0107 vor der UN-Generalversammlung letzte Woche in New York war f\u00fcr die Serben eine schmerzhafte Erinnerung an das Jahr 1999 insbesondere an die illegalen und ohne UN-Mandat von den USA veranlassten NATO-Bombardierungen ihres souver\u00e4nen Staates. War es damals f\u00fcr einige nicht klar, so scheint es aus heutiger Sicht viel klarer zu sein, dass die NATO zum Weltpolizisten geworden war und die Rolle, die sie sich selbst zugewiesen hat, heute immer noch spielt.<\/p>\n<p><strong>NATO-Kriege und die Untergrabung des Weltfriedens durch Missachtung der UN-Charta<\/strong><\/p>\n<p>Dies war der Auftakt zu jenen Aktionen, die sp\u00e4ter erfolgten, vom Krieg im Irak, in Afghanistan, dem &#8220;Arabischen Fr\u00fchling&#8221; und allem, von dem wir bis heute Zeugen werden, w\u00e4hrend die NATO die Ukraine erfolglos mit teils veralteten und \u00a0ineffektiven Milit\u00e4rtechnologien versorgt. Die Bildung des &#8220;Staates&#8221; Kosovo auf einem Teil des eroberten und besetzten serbischen Territoriums im Jahr 2008 war nur der letzte Schritt in Richtung der Verletzung des V\u00f6lkerrechts und der UN-Charta, auf die sich Vu\u010di\u0107 so oft von der Rednertrib\u00fcne der allm\u00e4hlich absterbenden Weltorganisation berief.<\/p>\n<p>Am st\u00e4rksten hallte das Echo seiner Worte jedoch in Pri\u0161tina wider, im B\u00fcro des Premierministers des selbsternannten Staates Albin Kurti. Diese Person, die in vielen internationalen Metropolen \u2013 von Moskau und Peking bis hin zu anderen Orten, an denen Entscheidungen getroffen werden \u2013 als Hauptschuldiger f\u00fcr die Eskalation der Lage in jenen Gebieten bezeichnet wurde, in denen die Serben im Norden der Provinz Kosovo und Metochien die absolute Mehrheit bilden, dieser Mann hat einen h\u00f6llischen Plan entwickelt, um die Rede des serbischen Pr\u00e4sidenten auszuh\u00f6hlen und die Position Pri\u0161tinas zu st\u00e4rken und zus\u00e4tzliche Punkte und sich R\u00fcckenwind zu sichern f\u00fcr die Best\u00e4tigung seines Staates, der von der Mehrheit der UN-Mitglieder nicht anerkannt wird.<\/p>\n<p><strong>Und er hat diesen Augenblick miterlebt<\/strong><\/p>\n<p>Durch die beharrliche Vermeidung der Bildung der Gemeinschaft der serbischen Gemeinden (ZSO), die Pri\u0161tina vor zehn Jahren mit der Unterzeichnung des Br\u00fcsseler Abkommens eigentlich akzeptiert hatte, durch die Anh\u00e4ufung seiner schwerbewaffneten uninationalen Polizei in serbischen Gebieten, durch st\u00e4ndige Verhaftungen und Schikanen von Serben sowie durch das Unterschieben von Sprengstoff auf ihrem Eigentum, durch die allt\u00e4gliche \u00dcbergriffe auf Kinder will Kurti will nach Ansicht von Beamten in Belgrad nur eines erzielen: den Kosovo ethnisch vollst\u00e4ndig von Serben s\u00e4ubern. Er verheimlicht es kaum, und vom Westen ist wie \u00fcblich keine Kritik dieser Absichten zu h\u00f6ren. Es ist ohnehin schwer zu erwarten, dass diejenigen, die vor 24 Jahren Jugoslawien bombardiert haben und heute in KFOR- und EULEX-Uniformen als &#8220;Friedenstruppen&#8221; verkleidet sind, etwas gegen jene staatliche Einrichtung unternehmen werden, die die westlichen Regierungen in Pri\u0161tina vor 15 Jahren illegal gegr\u00fcndet haben.<\/p>\n<p><strong>&#8220;Serben m\u00fcssen bezahlen und leiden&#8221;<\/strong><\/p>\n<p>Kurtis Reaktion auf alle oben genannten aggressiven Aktionen wurde zu einer Art Warnung an die serbische Bev\u00f6lkerung: &#8220;Serben m\u00fcssen bezahlen und leiden &#8230;&#8221;, erkl\u00e4rte Kurti vor einigen Tagen trotzig direkt in Br\u00fcssel, nach einer weiteren erfolglosen Verhandlungsrunde mit Belgrad, ohne mit seinen Wimpern zu zucken. Und etwaige Warnungen seitens des Westens und seiner staatlichen NATO-Sponsoren blieben aus. Und die Serben verstanden es als unheilvolles Zeichen und als Gelegenheit, &#8220;ihre vier Augen zu \u00f6ffnen&#8221;.<\/p>\n<p>Und nur einige Tage nach dieser Rede sahen wir die Verwirklichung von Kurtis Plan, &#8220;die Serben leiden zu lassen&#8221;. Auf sich allein gestellt, im Bewusstsein der Tatsache, dass sie angesichts der Pr\u00e4senz von NATO-Truppen im Kosovo keine nennenswerte Hilfe vom Staat Serbien erwarten k\u00f6nnen, organisierten sich die \u00f6rtlichen Serben und beschlossen, dem Terror der Beh\u00f6rden von Pri\u0161tina im Rahmen ihrer M\u00f6glichkeiten zu widerstehen.<\/p>\n<p>Barrikaden auf den Stra\u00dfen \u2013 eine Reaktion auf den Terror von Pri\u0161tina <br \/> So wurde an der Zufahrt zum Dorf Banjska, wo sich das Kloster der gleichnamigen serbisch-orthodoxen Kirche befindet, eine Barrikade errichtet, doch Kurtis Polizei hatte genau darauf gewartet. Es war offensichtlich, dass sie zu allem bereit waren, als sie mit einem riesigen Polizeiaufgebot begannen, die Barrikaden zu beseitigen.<\/p>\n<p>Mehr als 500 Polizisten mit Sch\u00fctzenpanzern besetzten die umliegenden H\u00fcgel, so dass die als &#8220;Organisatoren terroristischer Aktivit\u00e4ten&#8221; bezeichneten Serben ins Fadenkreuz der uninationalen Kurti-Polizei und des Feuers von Scharfsch\u00fctzen gerieten. Alles andere, was dann geschah, war eine Abfolge tragischer Umst\u00e4nde, bei denen einer von Kurtis Polizisten, Afrim Bunjaku, get\u00f6tet wurde. Und als Vergeltung der Polizei wurden drei Serben get\u00f6tet: Igor Milenkovi\u0107 und Bojan Mijailovi\u0107 aus Leposavi\u0107 und Stefan Milenkovi\u0107 aus Zve\u010dan.<\/p>\n<p>Dieser bewaffnete Vorfall im Norden der serbischen Provinz ereignete sich f\u00fcnf Monate nach dem Konflikt zwischen Serben und Angeh\u00f6rigen der kosovarischen Sicherheitskr\u00e4fte in den St\u00e4dten, in denen nach dem serbischen Boykott der Kommunalwahlen illegitime albanische B\u00fcrgermeister bestallt wurden. Bei der Demonstration am 26. Mai in der ausschlie\u00dflich von Serben bewohnten Stadt Zve\u010dan wurden 50 Serben und 30 Angeh\u00f6rige der NATO-Streitkr\u00e4fte verletzt.<\/p>\n<p><strong>Die albanische Polizei stiftet in serbischen Siedlungen keine Ruhe, sondern Unruhe<\/strong><\/p>\n<p>Die \u00f6rtliche Bev\u00f6lkerung lie\u00df sich nicht damit abspeisen, dass in ihren Gemeinden albanische B\u00fcrgermeister installiert wurden, und die Beh\u00f6rden aus Pri\u0161tina reagierten mit der Aufstockung und Stationierung einer enormen Anzahl an Polizisten in serbischen Gemeinden, was der Anlass f\u00fcr st\u00e4ndige Spannungen war. Die Truppen von EULEX und KFOR zeigten kein allzu gro\u00dfes Interesse \u2013 obwohl es ihre internationale friedenserhaltende Verpflichtung gem\u00e4\u00df der Resolution 1244 des UN-Sicherheitsrates ist \u2013 daran, Kurti und seine Streitkr\u00e4fte zu b\u00e4ndigen, deren \u00fcberm\u00e4\u00dfige Pr\u00e4senz die \u00f6rtliche Bev\u00f6lkerung beunruhigte. Und bei dieser Gelegenheit beobachteten sie alles von der Seitenlinie aus, ohne die Absicht, die Zivilbev\u00f6lkerung zu sch\u00fctzen und den Sinn ihrer Mission in dieser serbischen Provinz zu erf\u00fcllen.<\/p>\n<p><strong>Illusion\u00e4re Erwartungen, die KFOR w\u00fcrden mandatsgem\u00e4\u00df Serben sch\u00fctzen<\/strong><\/p>\n<p>Wenige Tage nach der j\u00fcngsten Eskalation ist kein Ende der Spannungen in Sicht. In der Zwischenzeit begannen die Albaner, angebliches &#8220;Beweismaterial&#8221; f\u00fcr die terroristischen Absichten dieser Gruppe von Serben zu sammeln und lieferten es reichlich, indem sie begannen, Fotos von angeblich beschlagnahmten Waffen, serbischen Flaggen, Kommunikationsmitteln und Kennzeichen einiger serbischer St\u00e4dte in sozialen Netzwerken zu ver\u00f6ffentlichen.<\/p>\n<p>Dies k\u00f6nnte den Uneingeweihten zu der Annahme verleiten, dass der Staat Serbien hinter dem Organisieren des letzten Konflikts stecke. Nach dem Vorfall bestritt Pr\u00e4sident Vu\u010di\u0107 dies allerdings in seiner Ansprache an die Nation. Einige albanische Journalisten behaupteten sogar, einen Kommunikationsaustausch in russischer (?!) Sprache geh\u00f6rt zu haben, was einen zus\u00e4tzlichen &#8220;Beweis&#8221; daf\u00fcr liefern sollte, dass auch Russland seine Finger in diesem Spiel gehabt h\u00e4tte.<\/p>\n<p>Den Kosovo-Serben stehen Tage der Angst und Unsicherheit bevor. Sie kennen Kurtis Absicht, dass er um jeden Preis einen Konflikt provozieren will, um Serbien in einen Krieg hineinzuziehen \u2013 mit der NATO, die alle Lebensstr\u00f6me in diesem Gebiet kontrolliert. Andererseits bekr\u00e4ftigt die serbische Staatsf\u00fchrung beharrlich, dass sie ihre Bev\u00f6lkerung nicht in einem solch feindseligen Umfeld allein lassen werde.<\/p>\n<p>Vu\u010di\u0107s Worte in seiner Ansprache an die Nation &#8220;Wir werden Ihre barbarische Sch\u00f6pfung, das unabh\u00e4ngige Kosovo, niemals anerkennen, niemals&#8221; sind zwar tr\u00f6stlich, aber immer noch nicht genug, um den Menschen dort ein berechtigtes Gef\u00fchl der Ruhe und Sicherheit zu geben. Deshalb appellierte der serbische Pr\u00e4sident am Dienstag nach einem Treffen mit Botschaftern von Quinta aus f\u00fcnf westlichen L\u00e4ndern, dass die einzige Schutzkraft f\u00fcr die Serben die internationalen KFOR-Truppen sind.<\/p>\n<p>Zuvor traf sich Vu\u010di\u0107 auch mit dem russischen Botschafter in Belgrad Alexander <br \/> Bozan-Chartschenko und informierte ihn \u00fcber die j\u00fcngste Eskalation im S\u00fcden des Landes. Er suchte und erhielt die prinzipielle Unterst\u00fctzung Russlands bei den serbischen Friedensbem\u00fchungen, um das Kurti-Regime zur Besinnung zu bringen und an den Verhandlungstisch zu bringen, mit dem Ziel, nach zehn Jahren der Behinderung endlich die Gemeinschaft der serbischen Gemeinden zu bilden.<\/p>\n<p>Am Mittwoch riefen Serbien und die Republika Srpska einen Trauertag f\u00fcr die auf tragische Weise ums Leben gekommenen serbischen Opfer aus, w\u00e4hrend in serbischen Gemeinden im Kosovo und Metochien drei Trauertage ausgerufen wurden.<\/p>\n<p><strong>Mehr zum Thema<\/strong>\u00a0&#8211;\u00a0<a rel=\"nofollow noopener\" target=\"_blank\" href=\"https:\/\/freedert.online\/international\/171477-kosovo-kalte-dusche-fuer-pristina\/\">Kosovo: &#8220;Kalte Dusche&#8221; f\u00fcr Pristina von der anderen Seite des Atlantiks<\/a><\/p>\n<div class=\"EmbedBlock-root EmbedBlock-externalVideo EmbedBlock-odysee\">\n<div class=\"VkEmbed\"><iframe class=\"lazyload\" data-src=\"https:\/\/odysee.com\/%24\/embed\/%40RTDE%3Ae%2FVu%C4%8Di%C4%87-Albin-Kurti-will-einen-Krieg-mit-der-NATO-entfesseln%3Ae\" frameborder=\"0\" width=\"853\" height=\"480\" allowfullscreen><\/iframe><\/div>\n<\/div>\n<\/div>\n<p><br \/>\n<br \/><a href=\"https:\/\/de.rt.com\/meinung\/181951-eskalation-im-kosovo-pristina-will\/\">Source link <\/a><\/p>\n","protected":false},"excerpt":{"rendered":"<p>Pri\u0161tina l\u00e4sst die Lage in Kosovo bewusst eskalieren und provoziert Gewalt zwischen Serben und Angeh\u00f6rigen der kosovarischen Sicherheitskr\u00e4fte. Die westlichen Truppen vor Ort schauen entspannt zu. Ziel ist es, Belgrad zur Anerkennung der kosovarischen Staatlichkeit zu zwingen. Von Marinko U\u010dur Eine Rede des serbischen Pr\u00e4sidenten Aleksandar Vu\u010di\u0107 vor der UN-Generalversammlung letzte Woche in New York [&hellip;]<\/p>\n","protected":false},"author":3,"featured_media":47113,"comment_status":"open","ping_status":"open","sticky":false,"template":"","format":"standard","meta":{"_yoast_indexnow_last_ping":["1695830890"],"wp_automatic_camp":["217"],"c2066816a283a383b9cf5e99f5242021":["Eskalation im Kosovo: Wie Pri\u0161tina seine Anerkennung durch Belgrad erzwingen will"],"original_link":["https:\/\/de.rt.com\/meinung\/181951-eskalation-im-kosovo-pristina-will\/"],"_thumbnail_id":["47113"],"_wptgpro_p2tg_sent2tg":["a:1:{i:23737;s:19:\"2023-09-27 18:09:28\";}"],"jnews_social_counter_last_update":["1777284945"]},"categories":[19,23],"tags":[24778,967,1024,46246,582,2681,30840,265,579],"yoast_head":"<!-- This site is optimized with the Yoast SEO Premium plugin v22.7 (Yoast SEO v22.7) - https:\/\/yoast.com\/wordpress\/plugins\/seo\/ -->\n<title>Eskalation im Kosovo: Wie Pri\u0161tina seine Anerkennung durch Belgrad erzwingen will - just-now.NEWS Deutschland<\/title>\n<meta name=\"robots\" content=\"index, follow, max-snippet:-1, max-image-preview:large, max-video-preview:-1\" \/>\n<link rel=\"canonical\" href=\"https:\/\/now-news.de\/de\/deutschland\/eskalation-im-kosovo-wie-pristina-seine-anerkennung-durch-belgrad-erzwingen-will\/\" \/>\n<meta property=\"og:locale\" content=\"de_DE\" \/>\n<meta property=\"og:type\" content=\"article\" \/>\n<meta property=\"og:title\" content=\"Eskalation im Kosovo: Wie Pri\u0161tina seine Anerkennung durch Belgrad erzwingen will\" \/>\n<meta property=\"og:description\" content=\"Pri\u0161tina l\u00e4sst die Lage in Kosovo bewusst eskalieren und provoziert Gewalt zwischen Serben und Angeh\u00f6rigen der kosovarischen Sicherheitskr\u00e4fte. Die westlichen Truppen vor Ort schauen entspannt zu. Ziel ist es, Belgrad zur Anerkennung der kosovarischen Staatlichkeit zu zwingen. Von Marinko U\u010dur Eine Rede des serbischen Pr\u00e4sidenten Aleksandar Vu\u010di\u0107 vor der UN-Generalversammlung letzte Woche in New York [&hellip;]\" \/>\n<meta property=\"og:url\" content=\"https:\/\/now-news.de\/de\/deutschland\/eskalation-im-kosovo-wie-pristina-seine-anerkennung-durch-belgrad-erzwingen-will\/\" \/>\n<meta property=\"og:site_name\" content=\"just-now.NEWS Deutschland\" \/>\n<meta property=\"article:publisher\" content=\"https:\/\/www.facebook.com\/wirmachenauf\" \/>\n<meta property=\"article:published_time\" content=\"2023-09-27T15:55:24+00:00\" \/>\n<meta property=\"og:image\" content=\"https:\/\/now-news.de\/de\/wp-content\/uploads\/sites\/3\/2023\/09\/Eskalation-im-Kosovo-Wie-Pristina-seine-Anerkennung-durch-Belgrad-erzwingen.jpg\" \/>\n\t<meta property=\"og:image:width\" content=\"460\" \/>\n\t<meta property=\"og:image:height\" content=\"259\" \/>\n\t<meta property=\"og:image:type\" content=\"image\/jpeg\" \/>\n<meta name=\"author\" content=\"rtnews\" \/>\n<meta name=\"twitter:card\" content=\"summary_large_image\" \/>\n<meta name=\"twitter:creator\" content=\"@WirMachenAuf_de\" \/>\n<meta name=\"twitter:site\" content=\"@WirMachenAuf_de\" \/>\n<meta name=\"twitter:label1\" content=\"Verfasst von\" \/>\n\t<meta name=\"twitter:data1\" content=\"rtnews\" \/>\n\t<meta name=\"twitter:label2\" content=\"Gesch\u00e4tzte Lesezeit\" \/>\n\t<meta name=\"twitter:data2\" content=\"7\u00a0Minuten\" \/>\n<script type=\"application\/ld+json\" class=\"yoast-schema-graph\">{\"@context\":\"https:\/\/schema.org\",\"@graph\":[{\"@type\":\"Article\",\"@id\":\"https:\/\/now-news.de\/de\/deutschland\/eskalation-im-kosovo-wie-pristina-seine-anerkennung-durch-belgrad-erzwingen-will\/#article\",\"isPartOf\":{\"@id\":\"https:\/\/now-news.de\/de\/deutschland\/eskalation-im-kosovo-wie-pristina-seine-anerkennung-durch-belgrad-erzwingen-will\/\"},\"author\":{\"name\":\"rtnews\",\"@id\":\"https:\/\/now-news.de\/de\/#\/schema\/person\/fb534a4e865501d8b3285208df34a9b5\"},\"headline\":\"Eskalation im Kosovo: Wie Pri\u0161tina seine Anerkennung durch Belgrad erzwingen will\",\"datePublished\":\"2023-09-27T15:55:24+00:00\",\"dateModified\":\"2023-09-27T15:55:24+00:00\",\"mainEntityOfPage\":{\"@id\":\"https:\/\/now-news.de\/de\/deutschland\/eskalation-im-kosovo-wie-pristina-seine-anerkennung-durch-belgrad-erzwingen-will\/\"},\"wordCount\":1410,\"commentCount\":0,\"publisher\":{\"@id\":\"https:\/\/now-news.de\/de\/#organization\"},\"image\":{\"@id\":\"https:\/\/now-news.de\/de\/deutschland\/eskalation-im-kosovo-wie-pristina-seine-anerkennung-durch-belgrad-erzwingen-will\/#primaryimage\"},\"thumbnailUrl\":\"https:\/\/now-news.de\/de\/wp-content\/uploads\/sites\/3\/2023\/09\/Eskalation-im-Kosovo-Wie-Pristina-seine-Anerkennung-durch-Belgrad-erzwingen.jpg\",\"keywords\":[\"Anerkennung\",\"Belgrad\",\"durch\",\"Erzwingen\",\"Eskalation\",\"Kosovo\",\"Pristina\",\"seine\",\"Wie\"],\"articleSection\":[\"Deutschland\",\"Russland\"],\"inLanguage\":\"de\",\"potentialAction\":[{\"@type\":\"CommentAction\",\"name\":\"Comment\",\"target\":[\"https:\/\/now-news.de\/de\/deutschland\/eskalation-im-kosovo-wie-pristina-seine-anerkennung-durch-belgrad-erzwingen-will\/#respond\"]}]},{\"@type\":\"WebPage\",\"@id\":\"https:\/\/now-news.de\/de\/deutschland\/eskalation-im-kosovo-wie-pristina-seine-anerkennung-durch-belgrad-erzwingen-will\/\",\"url\":\"https:\/\/now-news.de\/de\/deutschland\/eskalation-im-kosovo-wie-pristina-seine-anerkennung-durch-belgrad-erzwingen-will\/\",\"name\":\"Eskalation im Kosovo: Wie Pri\u0161tina seine Anerkennung durch Belgrad erzwingen will - just-now.NEWS Deutschland\",\"isPartOf\":{\"@id\":\"https:\/\/now-news.de\/de\/#website\"},\"primaryImageOfPage\":{\"@id\":\"https:\/\/now-news.de\/de\/deutschland\/eskalation-im-kosovo-wie-pristina-seine-anerkennung-durch-belgrad-erzwingen-will\/#primaryimage\"},\"image\":{\"@id\":\"https:\/\/now-news.de\/de\/deutschland\/eskalation-im-kosovo-wie-pristina-seine-anerkennung-durch-belgrad-erzwingen-will\/#primaryimage\"},\"thumbnailUrl\":\"https:\/\/now-news.de\/de\/wp-content\/uploads\/sites\/3\/2023\/09\/Eskalation-im-Kosovo-Wie-Pristina-seine-Anerkennung-durch-Belgrad-erzwingen.jpg\",\"datePublished\":\"2023-09-27T15:55:24+00:00\",\"dateModified\":\"2023-09-27T15:55:24+00:00\",\"breadcrumb\":{\"@id\":\"https:\/\/now-news.de\/de\/deutschland\/eskalation-im-kosovo-wie-pristina-seine-anerkennung-durch-belgrad-erzwingen-will\/#breadcrumb\"},\"inLanguage\":\"de\",\"potentialAction\":[{\"@type\":\"ReadAction\",\"target\":[\"https:\/\/now-news.de\/de\/deutschland\/eskalation-im-kosovo-wie-pristina-seine-anerkennung-durch-belgrad-erzwingen-will\/\"]}]},{\"@type\":\"ImageObject\",\"inLanguage\":\"de\",\"@id\":\"https:\/\/now-news.de\/de\/deutschland\/eskalation-im-kosovo-wie-pristina-seine-anerkennung-durch-belgrad-erzwingen-will\/#primaryimage\",\"url\":\"https:\/\/now-news.de\/de\/wp-content\/uploads\/sites\/3\/2023\/09\/Eskalation-im-Kosovo-Wie-Pristina-seine-Anerkennung-durch-Belgrad-erzwingen.jpg\",\"contentUrl\":\"https:\/\/now-news.de\/de\/wp-content\/uploads\/sites\/3\/2023\/09\/Eskalation-im-Kosovo-Wie-Pristina-seine-Anerkennung-durch-Belgrad-erzwingen.jpg\",\"width\":460,\"height\":259,\"caption\":\"Eskalation im Kosovo: Wie Pri\u0161tina seine Anerkennung durch Belgrad erzwingen will\"},{\"@type\":\"BreadcrumbList\",\"@id\":\"https:\/\/now-news.de\/de\/deutschland\/eskalation-im-kosovo-wie-pristina-seine-anerkennung-durch-belgrad-erzwingen-will\/#breadcrumb\",\"itemListElement\":[{\"@type\":\"ListItem\",\"position\":1,\"name\":\"Home\",\"item\":\"https:\/\/now-news.de\/de\/\"},{\"@type\":\"ListItem\",\"position\":2,\"name\":\"Eskalation im Kosovo: Wie Pri\u0161tina seine Anerkennung durch Belgrad erzwingen will\"}]},{\"@type\":\"WebSite\",\"@id\":\"https:\/\/now-news.de\/de\/#website\",\"url\":\"https:\/\/now-news.de\/de\/\",\"name\":\"just-now.NEWS Deutschland\",\"description\":\"Das Portal f\u00fcr unzensierte Nachrichten aus der Welt\",\"publisher\":{\"@id\":\"https:\/\/now-news.de\/de\/#organization\"},\"potentialAction\":[{\"@type\":\"SearchAction\",\"target\":{\"@type\":\"EntryPoint\",\"urlTemplate\":\"https:\/\/now-news.de\/de\/?s={search_term_string}\"},\"query-input\":\"required name=search_term_string\"}],\"inLanguage\":\"de\"},{\"@type\":\"Organization\",\"@id\":\"https:\/\/now-news.de\/de\/#organization\",\"name\":\"Just Now News\",\"url\":\"https:\/\/now-news.de\/de\/\",\"logo\":{\"@type\":\"ImageObject\",\"inLanguage\":\"de\",\"@id\":\"https:\/\/now-news.de\/de\/#\/schema\/logo\/image\/\",\"url\":\"http:\/\/just-now.news\/de\/wp-content\/uploads\/sites\/3\/2022\/04\/logo500x500.jpg\",\"contentUrl\":\"http:\/\/just-now.news\/de\/wp-content\/uploads\/sites\/3\/2022\/04\/logo500x500.jpg\",\"width\":500,\"height\":500,\"caption\":\"Just Now News\"},\"image\":{\"@id\":\"https:\/\/now-news.de\/de\/#\/schema\/logo\/image\/\"},\"sameAs\":[\"https:\/\/www.facebook.com\/wirmachenauf\",\"https:\/\/x.com\/WirMachenAuf_de\"]},{\"@type\":\"Person\",\"@id\":\"https:\/\/now-news.de\/de\/#\/schema\/person\/fb534a4e865501d8b3285208df34a9b5\",\"name\":\"rtnews\",\"image\":{\"@type\":\"ImageObject\",\"inLanguage\":\"de\",\"@id\":\"https:\/\/now-news.de\/de\/#\/schema\/person\/image\/\",\"url\":\"https:\/\/secure.gravatar.com\/avatar\/82aafea7d8127119dd649515f56e2117?s=96&d=mm&r=g\",\"contentUrl\":\"https:\/\/secure.gravatar.com\/avatar\/82aafea7d8127119dd649515f56e2117?s=96&d=mm&r=g\",\"caption\":\"rtnews\"},\"url\":\"https:\/\/now-news.de\/de\/author\/rnews\/\"}]}<\/script>\n<!-- \/ Yoast SEO Premium plugin. -->","yoast_head_json":{"title":"Eskalation im Kosovo: Wie Pri\u0161tina seine Anerkennung durch Belgrad erzwingen will - just-now.NEWS Deutschland","robots":{"index":"index","follow":"follow","max-snippet":"max-snippet:-1","max-image-preview":"max-image-preview:large","max-video-preview":"max-video-preview:-1"},"canonical":"https:\/\/now-news.de\/de\/deutschland\/eskalation-im-kosovo-wie-pristina-seine-anerkennung-durch-belgrad-erzwingen-will\/","og_locale":"de_DE","og_type":"article","og_title":"Eskalation im Kosovo: Wie Pri\u0161tina seine Anerkennung durch Belgrad erzwingen will","og_description":"Pri\u0161tina l\u00e4sst die Lage in Kosovo bewusst eskalieren und provoziert Gewalt zwischen Serben und Angeh\u00f6rigen der kosovarischen Sicherheitskr\u00e4fte. Die westlichen Truppen vor Ort schauen entspannt zu. Ziel ist es, Belgrad zur Anerkennung der kosovarischen Staatlichkeit zu zwingen. Von Marinko U\u010dur Eine Rede des serbischen Pr\u00e4sidenten Aleksandar Vu\u010di\u0107 vor der UN-Generalversammlung letzte Woche in New York [&hellip;]","og_url":"https:\/\/now-news.de\/de\/deutschland\/eskalation-im-kosovo-wie-pristina-seine-anerkennung-durch-belgrad-erzwingen-will\/","og_site_name":"just-now.NEWS Deutschland","article_publisher":"https:\/\/www.facebook.com\/wirmachenauf","article_published_time":"2023-09-27T15:55:24+00:00","og_image":[{"width":460,"height":259,"url":"https:\/\/now-news.de\/de\/wp-content\/uploads\/sites\/3\/2023\/09\/Eskalation-im-Kosovo-Wie-Pristina-seine-Anerkennung-durch-Belgrad-erzwingen.jpg","type":"image\/jpeg"}],"author":"rtnews","twitter_card":"summary_large_image","twitter_creator":"@WirMachenAuf_de","twitter_site":"@WirMachenAuf_de","twitter_misc":{"Verfasst von":"rtnews","Gesch\u00e4tzte Lesezeit":"7\u00a0Minuten"},"schema":{"@context":"https:\/\/schema.org","@graph":[{"@type":"Article","@id":"https:\/\/now-news.de\/de\/deutschland\/eskalation-im-kosovo-wie-pristina-seine-anerkennung-durch-belgrad-erzwingen-will\/#article","isPartOf":{"@id":"https:\/\/now-news.de\/de\/deutschland\/eskalation-im-kosovo-wie-pristina-seine-anerkennung-durch-belgrad-erzwingen-will\/"},"author":{"name":"rtnews","@id":"https:\/\/now-news.de\/de\/#\/schema\/person\/fb534a4e865501d8b3285208df34a9b5"},"headline":"Eskalation im Kosovo: Wie Pri\u0161tina seine Anerkennung durch Belgrad erzwingen will","datePublished":"2023-09-27T15:55:24+00:00","dateModified":"2023-09-27T15:55:24+00:00","mainEntityOfPage":{"@id":"https:\/\/now-news.de\/de\/deutschland\/eskalation-im-kosovo-wie-pristina-seine-anerkennung-durch-belgrad-erzwingen-will\/"},"wordCount":1410,"commentCount":0,"publisher":{"@id":"https:\/\/now-news.de\/de\/#organization"},"image":{"@id":"https:\/\/now-news.de\/de\/deutschland\/eskalation-im-kosovo-wie-pristina-seine-anerkennung-durch-belgrad-erzwingen-will\/#primaryimage"},"thumbnailUrl":"https:\/\/now-news.de\/de\/wp-content\/uploads\/sites\/3\/2023\/09\/Eskalation-im-Kosovo-Wie-Pristina-seine-Anerkennung-durch-Belgrad-erzwingen.jpg","keywords":["Anerkennung","Belgrad","durch","Erzwingen","Eskalation","Kosovo","Pristina","seine","Wie"],"articleSection":["Deutschland","Russland"],"inLanguage":"de","potentialAction":[{"@type":"CommentAction","name":"Comment","target":["https:\/\/now-news.de\/de\/deutschland\/eskalation-im-kosovo-wie-pristina-seine-anerkennung-durch-belgrad-erzwingen-will\/#respond"]}]},{"@type":"WebPage","@id":"https:\/\/now-news.de\/de\/deutschland\/eskalation-im-kosovo-wie-pristina-seine-anerkennung-durch-belgrad-erzwingen-will\/","url":"https:\/\/now-news.de\/de\/deutschland\/eskalation-im-kosovo-wie-pristina-seine-anerkennung-durch-belgrad-erzwingen-will\/","name":"Eskalation im Kosovo: Wie Pri\u0161tina seine Anerkennung durch Belgrad erzwingen will - just-now.NEWS Deutschland","isPartOf":{"@id":"https:\/\/now-news.de\/de\/#website"},"primaryImageOfPage":{"@id":"https:\/\/now-news.de\/de\/deutschland\/eskalation-im-kosovo-wie-pristina-seine-anerkennung-durch-belgrad-erzwingen-will\/#primaryimage"},"image":{"@id":"https:\/\/now-news.de\/de\/deutschland\/eskalation-im-kosovo-wie-pristina-seine-anerkennung-durch-belgrad-erzwingen-will\/#primaryimage"},"thumbnailUrl":"https:\/\/now-news.de\/de\/wp-content\/uploads\/sites\/3\/2023\/09\/Eskalation-im-Kosovo-Wie-Pristina-seine-Anerkennung-durch-Belgrad-erzwingen.jpg","datePublished":"2023-09-27T15:55:24+00:00","dateModified":"2023-09-27T15:55:24+00:00","breadcrumb":{"@id":"https:\/\/now-news.de\/de\/deutschland\/eskalation-im-kosovo-wie-pristina-seine-anerkennung-durch-belgrad-erzwingen-will\/#breadcrumb"},"inLanguage":"de","potentialAction":[{"@type":"ReadAction","target":["https:\/\/now-news.de\/de\/deutschland\/eskalation-im-kosovo-wie-pristina-seine-anerkennung-durch-belgrad-erzwingen-will\/"]}]},{"@type":"ImageObject","inLanguage":"de","@id":"https:\/\/now-news.de\/de\/deutschland\/eskalation-im-kosovo-wie-pristina-seine-anerkennung-durch-belgrad-erzwingen-will\/#primaryimage","url":"https:\/\/now-news.de\/de\/wp-content\/uploads\/sites\/3\/2023\/09\/Eskalation-im-Kosovo-Wie-Pristina-seine-Anerkennung-durch-Belgrad-erzwingen.jpg","contentUrl":"https:\/\/now-news.de\/de\/wp-content\/uploads\/sites\/3\/2023\/09\/Eskalation-im-Kosovo-Wie-Pristina-seine-Anerkennung-durch-Belgrad-erzwingen.jpg","width":460,"height":259,"caption":"Eskalation im Kosovo: Wie Pri\u0161tina seine Anerkennung durch Belgrad erzwingen will"},{"@type":"BreadcrumbList","@id":"https:\/\/now-news.de\/de\/deutschland\/eskalation-im-kosovo-wie-pristina-seine-anerkennung-durch-belgrad-erzwingen-will\/#breadcrumb","itemListElement":[{"@type":"ListItem","position":1,"name":"Home","item":"https:\/\/now-news.de\/de\/"},{"@type":"ListItem","position":2,"name":"Eskalation im Kosovo: Wie Pri\u0161tina seine Anerkennung durch Belgrad erzwingen will"}]},{"@type":"WebSite","@id":"https:\/\/now-news.de\/de\/#website","url":"https:\/\/now-news.de\/de\/","name":"just-now.NEWS Deutschland","description":"Das Portal f\u00fcr unzensierte Nachrichten aus der Welt","publisher":{"@id":"https:\/\/now-news.de\/de\/#organization"},"potentialAction":[{"@type":"SearchAction","target":{"@type":"EntryPoint","urlTemplate":"https:\/\/now-news.de\/de\/?s={search_term_string}"},"query-input":"required name=search_term_string"}],"inLanguage":"de"},{"@type":"Organization","@id":"https:\/\/now-news.de\/de\/#organization","name":"Just Now News","url":"https:\/\/now-news.de\/de\/","logo":{"@type":"ImageObject","inLanguage":"de","@id":"https:\/\/now-news.de\/de\/#\/schema\/logo\/image\/","url":"http:\/\/just-now.news\/de\/wp-content\/uploads\/sites\/3\/2022\/04\/logo500x500.jpg","contentUrl":"http:\/\/just-now.news\/de\/wp-content\/uploads\/sites\/3\/2022\/04\/logo500x500.jpg","width":500,"height":500,"caption":"Just Now News"},"image":{"@id":"https:\/\/now-news.de\/de\/#\/schema\/logo\/image\/"},"sameAs":["https:\/\/www.facebook.com\/wirmachenauf","https:\/\/x.com\/WirMachenAuf_de"]},{"@type":"Person","@id":"https:\/\/now-news.de\/de\/#\/schema\/person\/fb534a4e865501d8b3285208df34a9b5","name":"rtnews","image":{"@type":"ImageObject","inLanguage":"de","@id":"https:\/\/now-news.de\/de\/#\/schema\/person\/image\/","url":"https:\/\/secure.gravatar.com\/avatar\/82aafea7d8127119dd649515f56e2117?s=96&d=mm&r=g","contentUrl":"https:\/\/secure.gravatar.com\/avatar\/82aafea7d8127119dd649515f56e2117?s=96&d=mm&r=g","caption":"rtnews"},"url":"https:\/\/now-news.de\/de\/author\/rnews\/"}]}},"_links":{"self":[{"href":"https:\/\/now-news.de\/de\/wp-json\/wp\/v2\/posts\/47112"}],"collection":[{"href":"https:\/\/now-news.de\/de\/wp-json\/wp\/v2\/posts"}],"about":[{"href":"https:\/\/now-news.de\/de\/wp-json\/wp\/v2\/types\/post"}],"author":[{"embeddable":true,"href":"https:\/\/now-news.de\/de\/wp-json\/wp\/v2\/users\/3"}],"replies":[{"embeddable":true,"href":"https:\/\/now-news.de\/de\/wp-json\/wp\/v2\/comments?post=47112"}],"version-history":[{"count":0,"href":"https:\/\/now-news.de\/de\/wp-json\/wp\/v2\/posts\/47112\/revisions"}],"wp:featuredmedia":[{"embeddable":true,"href":"https:\/\/now-news.de\/de\/wp-json\/wp\/v2\/media\/47113"}],"wp:attachment":[{"href":"https:\/\/now-news.de\/de\/wp-json\/wp\/v2\/media?parent=47112"}],"wp:term":[{"taxonomy":"category","embeddable":true,"href":"https:\/\/now-news.de\/de\/wp-json\/wp\/v2\/categories?post=47112"},{"taxonomy":"post_tag","embeddable":true,"href":"https:\/\/now-news.de\/de\/wp-json\/wp\/v2\/tags?post=47112"}],"curies":[{"name":"wp","href":"https:\/\/api.w.org\/{rel}","templated":true}]}}