{"id":47082,"date":"2023-09-27T11:36:08","date_gmt":"2023-09-27T09:36:08","guid":{"rendered":"https:\/\/just-now.news\/de\/deutschland\/new-space-voellig-losgeloest-von-der-erde-bundeskabinett-beschliesst-weltraumstrategie\/"},"modified":"2023-09-27T11:36:08","modified_gmt":"2023-09-27T09:36:08","slug":"new-space-voellig-losgeloest-von-der-erde-bundeskabinett-beschliesst-weltraumstrategie","status":"publish","type":"post","link":"https:\/\/now-news.de\/de\/deutschland\/new-space-voellig-losgeloest-von-der-erde-bundeskabinett-beschliesst-weltraumstrategie\/","title":{"rendered":"&quot;New Space&quot; \u2013 V\u00f6llig losgel\u00f6st von der Erde: Bundeskabinett beschlie\u00dft Weltraumstrategie"},"content":{"rendered":"<p><img decoding=\"async\" src=\"http:\/\/just-now.news\/de\/wp-content\/uploads\/sites\/3\/2023\/09\/6513f79548fbef416513bf1c.JPG\" \/><\/p>\n<div class=\"Text-root Text-type_1 \">\n                Das politische Berlin im Reichstag will am Mittwoch eine sogenannte neue Weltraumstrategie beschlie\u00dfen. Ziel sei es unter anderem, &#8220;f\u00fcr eine nachhaltige und sichere Nutzung des Weltraums&#8221; zuk\u00fcnftig Weltraumm\u00fcll zu vermeiden.\n            <\/div>\n<p><\/p>\n<div class=\"Text-root Text-type_5 ArticleView-text ViewText-root \">\n<p>Dem ehemals stabilen und tonangebenden Deutschland geht es nicht gut. Industriezweige befinden sich im umsatztechnischen Tiefflug. Traditionsunternehmen m\u00fcssen final schlie\u00dfen, andere Firmen verlassen perspektivlos das Land. Die B\u00fcrger sehen mit gro\u00dfer Sorge in eine ungewisse Zukunft. Die amtierende Bundesregierung\u00a0erkennt anscheinend aktuell in der Zukunft elementare Probleme bei der Bew\u00e4ltigung von &#8220;Weltraumm\u00fcll&#8221;. Daher beabsichtigt das\u00a0Bundeskabinett am 27. September 2023 ein Gesetz zu verabschieden, das &#8220;unter anderem die Nutzung von Ressourcen im All regelt&#8221;, <a rel=\"nofollow noopener\" target=\"_blank\" href=\"https:\/\/www.deutschlandfunk.de\/bundeskabinett-will-weltraum-strategie-beschliessen-fuer-mehr-forschung-wirtschatlichen-nutzen-und-k-100.html\">berichtet<\/a> der\u00a0<em>Deutschlandfunk.<\/em>\u00a0<\/p>\n<p>Weiter hei\u00dft es zu den priorisierten Pl\u00e4nen im Kanzleramt, formuliert in einem Papier des Wirtschaftsministeriums (BMWK) unter Leitung von Robert Habeck (B\u00fcndnis 90\/Die Gr\u00fcnen):<\/p>\n<blockquote>\n<p><em>&#8220;Dabei sollen Genehmigungsverfahren gekl\u00e4rt und eine \u00dcberwachung von Weltraumaktivit\u00e4ten sichergestellt werden.\u00a0F\u00fcr eine nachhaltige und sichere Nutzung des Weltraums will die Bundesregierung zudem Weltraumm\u00fcll vermeiden und reduzieren helfen. Man unterst\u00fctze deshalb die EU und die Vereinten Nationen f\u00fcr ein &#8216;Weltraum-Verkehrsmanagement&#8217;, um Kollisionen im Weltall zu vermeiden.&#8221;<\/em><\/p>\n<\/blockquote>\n<p>Diesbez\u00fcgliche\u00a0Notwendigkeiten lauten demnach, dass die &#8220;Raumfahrtinfrastruktur zunehmend ein Teil der kritischen Infrastruktur&#8221; darstelle. Zu den Zukunftsvisionen im Hause Habeck hei\u00dft es in dem Papier weiter:<\/p>\n<blockquote>\n<p><em>&#8220;Zur \u00dcberwachung von Weltraumobjekten und Weltraumwetter plant die Bundesregierung den Auf- und Ausbau weiterer Weltraumlagef\u00e4higkeiten im ressortgemeinsamen Weltraumlagezentrum.&#8221;<\/em><\/p>\n<\/blockquote>\n<p>Der inhaltlich vornehmlich gr\u00fcnen Regierungspolitik dienend, w\u00fcrde ein &#8220;weiterer Schwerpunkt der Strategie&#8221; lauten, dass die &#8220;Erdbeobachtung im Kontext des Klimawandels&#8221; in den politischen Fokus ger\u00fcckt werde. Dieser Punkt wird mit der Feststellung bedacht:<\/p>\n<blockquote>\n<p><em>&#8220;Satelliten spielen eine entscheidende Rolle bei der Erfassung von Ver\u00e4nderungen der Landoberfl\u00e4che, der Meere und der Atmosph\u00e4re, was f\u00fcr das Verst\u00e4ndnis und die Bek\u00e4mpfung des Klimawandels von gro\u00dfer Bedeutung ist.&#8221;<\/em><\/p>\n<\/blockquote>\n<p>Diesbez\u00fcglicher Wahrnehmung w\u00fcrde die Bundesregierung\u00a0die Entwicklung &#8220;geschlossener Wertsch\u00f6pfungsketten etwa beim Kleinsatellitenbau&#8221; vorantreiben. Im November des Vorjahres ver\u00f6ffentlichte das\u00a0BMWK auf seiner Webseite ein\u00a0<a rel=\"nofollow noopener\" target=\"_blank\" href=\"https:\/\/www.bmwk.de\/Redaktion\/DE\/Artikel\/Wirtschaft\/impulse-fuer-die-deutsche-raumfahrtpolitik.html\">Artikel\u00a0<\/a>mit dem Titel: &#8220;Impulse f\u00fcr die deutsche Raumfahrtpolitik&#8221;. In diesem hei\u00dft es unter anderem:<\/p>\n<blockquote>\n<p><em>&#8220;Raumfahrt fasziniert (\u2026)\u00a0Im digitalen Zeitalter und angesichts der geopolitischen Lage sind F\u00e4higkeiten im Weltraum aber auch wesentliche Bausteine der deutschen und europ\u00e4ischen Souver\u00e4nit\u00e4t. Sie sind f\u00fcr unsere Sicherheit ebenso entscheidend wie f\u00fcr den Umwelt- und Klimaschutz, die Landwirtschaft und nicht zuletzt f\u00fcr die Digitalisierung, die Mobilit\u00e4t und die Konnektivit\u00e4t.&#8221;<\/em><\/p>\n<\/blockquote>\n<p>Welche Investitionsh\u00f6hen daf\u00fcr vorgesehen sind, ist nicht bekannt. Minister Habeck\u00a0<a rel=\"nofollow noopener\" target=\"_blank\" href=\"https:\/\/www.zdf.de\/nachrichten\/wirtschaft\/habeck-raketen-bauer-deutschland-100.html\">kritisierte<\/a>\u00a0im Juli dieses Jahres laut dem ZDF eine &#8220;Abh\u00e4ngigkeit Europas bei der Raumfahrt&#8221;. Bei einem Besuch bei dem Unternehmen Isar Aerospace im bayerischen Ottobrunn gab er den Journalisten zu Protokoll:<\/p>\n<blockquote>\n<p><em>&#8220;F\u00fcr eine \u00dcbergangsphase kann man das akzeptieren, auf Dauer ist es nicht akzeptabel. Das ist eine Frage der strategischen Souver\u00e4nit\u00e4t.&#8221;<\/em><\/p>\n<\/blockquote>\n<p>Bei &#8220;New Space&#8221; handelte es sich um eine branchen- und industrie\u00fcbergreifende Initiative des Bundesverbandes der Deutschen Industrie (BDI).\u00a0Das Wirtschaftsministerium betonte laut dem\u00a0<em>Handelsblatt<\/em>, dass die Raumfahrtlandschaft &#8220;sich seit der letzten Raumfahrtstrategie im Jahr 2010 erheblich ver\u00e4ndert&#8221; habe. Die Nutzung von Weltraumtechnologien, Daten und Dienstleistungen &#8220;habe signifikant zugenommen&#8221;. Die nun neu zu beschlie\u00dfende Raumfahrtstrategie soll\u00a0Deutschland\u00a0demnach in diesem Bereich &#8220;wettbewerbsf\u00e4higer machen&#8221;.<\/p>\n<p>Der Titel einer Pressemitteilung der EU-Kommission im M\u00e4rz 2023\u00a0<a rel=\"nofollow noopener\" target=\"_blank\" href=\"https:\/\/ec.europa.eu\/commission\/presscorner\/detail\/de\/ip_23_1601\">lautete<\/a>: &#8220;Eine EU-Weltraumstrategie f\u00fcr Sicherheit und Verteidigung f\u00fcr eine st\u00e4rkere und widerstandsf\u00e4higere EU&#8221;. Die Mitteilung erl\u00e4utert zu den Gr\u00fcnden der Strategie:<\/p>\n<blockquote>\n<p><em>&#8220;Angesichts eines geopolitischen Kontexts, der von sich versch\u00e4rfenden Machtk\u00e4mpfen und von zunehmenden Bedrohungen gepr\u00e4gt ist, ergreift die EU Ma\u00dfnahmen, um ihre Weltraumressourcen zu sch\u00fctzen, ihre Interessen zu verteidigen, vor feindseligen Aktivit\u00e4ten im Weltraum abzuschrecken und ihre strategische Position und Autonomie zu st\u00e4rken.&#8221;<\/em><\/p>\n<\/blockquote>\n<p>Der\u00a0Weltraum stelle dabei &#8220;zusammen mit dem Cyberspace und dem Meeresraum&#8221; einen &#8220;umk\u00e4mpften strategischen Bereich, dessen\u00a0<a rel=\"nofollow noopener\" target=\"_blank\" href=\"https:\/\/defence-industry-space.ec.europa.eu\/system\/files\/2023-03\/EU%20SSSD%20factsheet_1.pdf\">Sicherheit<\/a>\u00a0gew\u00e4hrleistet werden muss&#8221;.\u00a0<\/p>\n<p><strong>Mehr zum Thema &#8211;<\/strong>\u00a0<a rel=\"nofollow noopener\" target=\"_blank\" href=\"https:\/\/freedert.online\/international\/163108-nato-kuendigt-neues-weltraumprojekt-an\/\">NATO k\u00fcndigt neues Weltraumprojekt an<\/a><\/p>\n<\/p>\n<\/div>\n<p><br \/>\n<br \/><a href=\"https:\/\/de.rt.com\/inland\/181949-new-space-deutschland-voellig-losgeloest\/\">Source link <\/a><\/p>\n","protected":false},"excerpt":{"rendered":"<p>Das politische Berlin im Reichstag will am Mittwoch eine sogenannte neue Weltraumstrategie beschlie\u00dfen. Ziel sei es unter anderem, &#8220;f\u00fcr eine nachhaltige und sichere Nutzung des Weltraums&#8221; zuk\u00fcnftig Weltraumm\u00fcll zu vermeiden. Dem ehemals stabilen und tonangebenden Deutschland geht es nicht gut. Industriezweige befinden sich im umsatztechnischen Tiefflug. Traditionsunternehmen m\u00fcssen final schlie\u00dfen, andere Firmen verlassen perspektivlos das [&hellip;]<\/p>\n","protected":false},"author":3,"featured_media":47083,"comment_status":"open","ping_status":"open","sticky":false,"template":"","format":"standard","meta":{"_yoast_indexnow_last_ping":["1695807637"],"wp_automatic_camp":["217"],"d7465fc93feb9833a72019c2b9d0e794":["&quot;New Space&quot; \u2013 V\u00f6llig losgel\u00f6st von der Erde: Bundeskabinett beschlie\u00dft Weltraumstrategie"],"original_link":["https:\/\/de.rt.com\/inland\/181949-new-space-deutschland-voellig-losgeloest\/"],"_thumbnail_id":["47083"],"_wptgpro_p2tg_sent2tg":["a:1:{i:23737;s:19:\"2023-09-27 11:41:54\";}"],"jnews_social_counter_last_update":["1777603086"]},"categories":[19,23],"tags":[4228,35553,82,2962,49284,10033,49283,19291,50,49285],"yoast_head":"<!-- This site is optimized with the Yoast SEO Premium plugin v22.7 (Yoast SEO v22.7) - https:\/\/yoast.com\/wordpress\/plugins\/seo\/ -->\n<title>&quot;New Space&quot; \u2013 V\u00f6llig losgel\u00f6st von der Erde: Bundeskabinett beschlie\u00dft Weltraumstrategie - just-now.NEWS Deutschland<\/title>\n<meta name=\"robots\" content=\"index, follow, max-snippet:-1, max-image-preview:large, max-video-preview:-1\" \/>\n<link rel=\"canonical\" href=\"https:\/\/now-news.de\/de\/deutschland\/new-space-voellig-losgeloest-von-der-erde-bundeskabinett-beschliesst-weltraumstrategie\/\" \/>\n<meta property=\"og:locale\" content=\"de_DE\" \/>\n<meta property=\"og:type\" content=\"article\" \/>\n<meta property=\"og:title\" content=\"&quot;New Space&quot; \u2013 V\u00f6llig losgel\u00f6st von der Erde: Bundeskabinett beschlie\u00dft Weltraumstrategie\" \/>\n<meta property=\"og:description\" content=\"Das politische Berlin im Reichstag will am Mittwoch eine sogenannte neue Weltraumstrategie beschlie\u00dfen. Ziel sei es unter anderem, &#8220;f\u00fcr eine nachhaltige und sichere Nutzung des Weltraums&#8221; zuk\u00fcnftig Weltraumm\u00fcll zu vermeiden. Dem ehemals stabilen und tonangebenden Deutschland geht es nicht gut. Industriezweige befinden sich im umsatztechnischen Tiefflug. Traditionsunternehmen m\u00fcssen final schlie\u00dfen, andere Firmen verlassen perspektivlos das [&hellip;]\" \/>\n<meta property=\"og:url\" content=\"https:\/\/now-news.de\/de\/deutschland\/new-space-voellig-losgeloest-von-der-erde-bundeskabinett-beschliesst-weltraumstrategie\/\" \/>\n<meta property=\"og:site_name\" content=\"just-now.NEWS Deutschland\" \/>\n<meta property=\"article:publisher\" content=\"https:\/\/www.facebook.com\/wirmachenauf\" \/>\n<meta property=\"article:published_time\" content=\"2023-09-27T09:36:08+00:00\" \/>\n<meta property=\"og:image\" content=\"https:\/\/now-news.de\/de\/wp-content\/uploads\/sites\/3\/2023\/09\/quotNew-Spacequot-\u2013-Voellig-losgeloest-von-der-Erde-Bundeskabinett-beschliesst.JPG\" \/>\n\t<meta property=\"og:image:width\" content=\"460\" \/>\n\t<meta property=\"og:image:height\" content=\"259\" \/>\n\t<meta property=\"og:image:type\" content=\"image\/jpeg\" \/>\n<meta name=\"author\" content=\"rtnews\" \/>\n<meta name=\"twitter:card\" content=\"summary_large_image\" \/>\n<meta name=\"twitter:creator\" content=\"@WirMachenAuf_de\" \/>\n<meta name=\"twitter:site\" content=\"@WirMachenAuf_de\" \/>\n<meta name=\"twitter:label1\" content=\"Verfasst von\" \/>\n\t<meta name=\"twitter:data1\" content=\"rtnews\" \/>\n\t<meta name=\"twitter:label2\" content=\"Gesch\u00e4tzte Lesezeit\" \/>\n\t<meta name=\"twitter:data2\" content=\"3\u00a0Minuten\" \/>\n<script type=\"application\/ld+json\" class=\"yoast-schema-graph\">{\"@context\":\"https:\/\/schema.org\",\"@graph\":[{\"@type\":\"Article\",\"@id\":\"https:\/\/now-news.de\/de\/deutschland\/new-space-voellig-losgeloest-von-der-erde-bundeskabinett-beschliesst-weltraumstrategie\/#article\",\"isPartOf\":{\"@id\":\"https:\/\/now-news.de\/de\/deutschland\/new-space-voellig-losgeloest-von-der-erde-bundeskabinett-beschliesst-weltraumstrategie\/\"},\"author\":{\"name\":\"rtnews\",\"@id\":\"https:\/\/now-news.de\/de\/#\/schema\/person\/fb534a4e865501d8b3285208df34a9b5\"},\"headline\":\"&quot;New Space&quot; \u2013 V\u00f6llig losgel\u00f6st von der Erde: Bundeskabinett beschlie\u00dft Weltraumstrategie\",\"datePublished\":\"2023-09-27T09:36:08+00:00\",\"dateModified\":\"2023-09-27T09:36:08+00:00\",\"mainEntityOfPage\":{\"@id\":\"https:\/\/now-news.de\/de\/deutschland\/new-space-voellig-losgeloest-von-der-erde-bundeskabinett-beschliesst-weltraumstrategie\/\"},\"wordCount\":685,\"commentCount\":0,\"publisher\":{\"@id\":\"https:\/\/now-news.de\/de\/#organization\"},\"image\":{\"@id\":\"https:\/\/now-news.de\/de\/deutschland\/new-space-voellig-losgeloest-von-der-erde-bundeskabinett-beschliesst-weltraumstrategie\/#primaryimage\"},\"thumbnailUrl\":\"https:\/\/now-news.de\/de\/wp-content\/uploads\/sites\/3\/2023\/09\/quotNew-Spacequot-\u2013-Voellig-losgeloest-von-der-Erde-Bundeskabinett-beschliesst.JPG\",\"keywords\":[\"beschlie\u00dft\",\"Bundeskabinett\",\"der\",\"Erde\",\"losgel\u00f6st\",\"quotNew\",\"Spacequot\",\"v\u00f6llig\",\"von\",\"Weltraumstrategie\"],\"articleSection\":[\"Deutschland\",\"Russland\"],\"inLanguage\":\"de\",\"potentialAction\":[{\"@type\":\"CommentAction\",\"name\":\"Comment\",\"target\":[\"https:\/\/now-news.de\/de\/deutschland\/new-space-voellig-losgeloest-von-der-erde-bundeskabinett-beschliesst-weltraumstrategie\/#respond\"]}]},{\"@type\":\"WebPage\",\"@id\":\"https:\/\/now-news.de\/de\/deutschland\/new-space-voellig-losgeloest-von-der-erde-bundeskabinett-beschliesst-weltraumstrategie\/\",\"url\":\"https:\/\/now-news.de\/de\/deutschland\/new-space-voellig-losgeloest-von-der-erde-bundeskabinett-beschliesst-weltraumstrategie\/\",\"name\":\"&quot;New Space&quot; \u2013 V\u00f6llig losgel\u00f6st von der Erde: Bundeskabinett beschlie\u00dft Weltraumstrategie - just-now.NEWS Deutschland\",\"isPartOf\":{\"@id\":\"https:\/\/now-news.de\/de\/#website\"},\"primaryImageOfPage\":{\"@id\":\"https:\/\/now-news.de\/de\/deutschland\/new-space-voellig-losgeloest-von-der-erde-bundeskabinett-beschliesst-weltraumstrategie\/#primaryimage\"},\"image\":{\"@id\":\"https:\/\/now-news.de\/de\/deutschland\/new-space-voellig-losgeloest-von-der-erde-bundeskabinett-beschliesst-weltraumstrategie\/#primaryimage\"},\"thumbnailUrl\":\"https:\/\/now-news.de\/de\/wp-content\/uploads\/sites\/3\/2023\/09\/quotNew-Spacequot-\u2013-Voellig-losgeloest-von-der-Erde-Bundeskabinett-beschliesst.JPG\",\"datePublished\":\"2023-09-27T09:36:08+00:00\",\"dateModified\":\"2023-09-27T09:36:08+00:00\",\"breadcrumb\":{\"@id\":\"https:\/\/now-news.de\/de\/deutschland\/new-space-voellig-losgeloest-von-der-erde-bundeskabinett-beschliesst-weltraumstrategie\/#breadcrumb\"},\"inLanguage\":\"de\",\"potentialAction\":[{\"@type\":\"ReadAction\",\"target\":[\"https:\/\/now-news.de\/de\/deutschland\/new-space-voellig-losgeloest-von-der-erde-bundeskabinett-beschliesst-weltraumstrategie\/\"]}]},{\"@type\":\"ImageObject\",\"inLanguage\":\"de\",\"@id\":\"https:\/\/now-news.de\/de\/deutschland\/new-space-voellig-losgeloest-von-der-erde-bundeskabinett-beschliesst-weltraumstrategie\/#primaryimage\",\"url\":\"https:\/\/now-news.de\/de\/wp-content\/uploads\/sites\/3\/2023\/09\/quotNew-Spacequot-\u2013-Voellig-losgeloest-von-der-Erde-Bundeskabinett-beschliesst.JPG\",\"contentUrl\":\"https:\/\/now-news.de\/de\/wp-content\/uploads\/sites\/3\/2023\/09\/quotNew-Spacequot-\u2013-Voellig-losgeloest-von-der-Erde-Bundeskabinett-beschliesst.JPG\",\"width\":460,\"height\":259,\"caption\":\"&quot;New Space&quot; \u2013 V\u00f6llig losgel\u00f6st von der Erde: Bundeskabinett beschlie\u00dft Weltraumstrategie\"},{\"@type\":\"BreadcrumbList\",\"@id\":\"https:\/\/now-news.de\/de\/deutschland\/new-space-voellig-losgeloest-von-der-erde-bundeskabinett-beschliesst-weltraumstrategie\/#breadcrumb\",\"itemListElement\":[{\"@type\":\"ListItem\",\"position\":1,\"name\":\"Home\",\"item\":\"https:\/\/now-news.de\/de\/\"},{\"@type\":\"ListItem\",\"position\":2,\"name\":\"&quot;New Space&quot; \u2013 V\u00f6llig losgel\u00f6st von der Erde: Bundeskabinett beschlie\u00dft Weltraumstrategie\"}]},{\"@type\":\"WebSite\",\"@id\":\"https:\/\/now-news.de\/de\/#website\",\"url\":\"https:\/\/now-news.de\/de\/\",\"name\":\"just-now.NEWS Deutschland\",\"description\":\"Das Portal f\u00fcr unzensierte Nachrichten aus der Welt\",\"publisher\":{\"@id\":\"https:\/\/now-news.de\/de\/#organization\"},\"potentialAction\":[{\"@type\":\"SearchAction\",\"target\":{\"@type\":\"EntryPoint\",\"urlTemplate\":\"https:\/\/now-news.de\/de\/?s={search_term_string}\"},\"query-input\":\"required name=search_term_string\"}],\"inLanguage\":\"de\"},{\"@type\":\"Organization\",\"@id\":\"https:\/\/now-news.de\/de\/#organization\",\"name\":\"Just Now News\",\"url\":\"https:\/\/now-news.de\/de\/\",\"logo\":{\"@type\":\"ImageObject\",\"inLanguage\":\"de\",\"@id\":\"https:\/\/now-news.de\/de\/#\/schema\/logo\/image\/\",\"url\":\"http:\/\/just-now.news\/de\/wp-content\/uploads\/sites\/3\/2022\/04\/logo500x500.jpg\",\"contentUrl\":\"http:\/\/just-now.news\/de\/wp-content\/uploads\/sites\/3\/2022\/04\/logo500x500.jpg\",\"width\":500,\"height\":500,\"caption\":\"Just Now News\"},\"image\":{\"@id\":\"https:\/\/now-news.de\/de\/#\/schema\/logo\/image\/\"},\"sameAs\":[\"https:\/\/www.facebook.com\/wirmachenauf\",\"https:\/\/x.com\/WirMachenAuf_de\"]},{\"@type\":\"Person\",\"@id\":\"https:\/\/now-news.de\/de\/#\/schema\/person\/fb534a4e865501d8b3285208df34a9b5\",\"name\":\"rtnews\",\"image\":{\"@type\":\"ImageObject\",\"inLanguage\":\"de\",\"@id\":\"https:\/\/now-news.de\/de\/#\/schema\/person\/image\/\",\"url\":\"https:\/\/secure.gravatar.com\/avatar\/82aafea7d8127119dd649515f56e2117?s=96&d=mm&r=g\",\"contentUrl\":\"https:\/\/secure.gravatar.com\/avatar\/82aafea7d8127119dd649515f56e2117?s=96&d=mm&r=g\",\"caption\":\"rtnews\"},\"url\":\"https:\/\/now-news.de\/de\/author\/rnews\/\"}]}<\/script>\n<!-- \/ Yoast SEO Premium plugin. -->","yoast_head_json":{"title":"&quot;New Space&quot; \u2013 V\u00f6llig losgel\u00f6st von der Erde: Bundeskabinett beschlie\u00dft Weltraumstrategie - just-now.NEWS Deutschland","robots":{"index":"index","follow":"follow","max-snippet":"max-snippet:-1","max-image-preview":"max-image-preview:large","max-video-preview":"max-video-preview:-1"},"canonical":"https:\/\/now-news.de\/de\/deutschland\/new-space-voellig-losgeloest-von-der-erde-bundeskabinett-beschliesst-weltraumstrategie\/","og_locale":"de_DE","og_type":"article","og_title":"&quot;New Space&quot; \u2013 V\u00f6llig losgel\u00f6st von der Erde: Bundeskabinett beschlie\u00dft Weltraumstrategie","og_description":"Das politische Berlin im Reichstag will am Mittwoch eine sogenannte neue Weltraumstrategie beschlie\u00dfen. Ziel sei es unter anderem, &#8220;f\u00fcr eine nachhaltige und sichere Nutzung des Weltraums&#8221; zuk\u00fcnftig Weltraumm\u00fcll zu vermeiden. Dem ehemals stabilen und tonangebenden Deutschland geht es nicht gut. Industriezweige befinden sich im umsatztechnischen Tiefflug. Traditionsunternehmen m\u00fcssen final schlie\u00dfen, andere Firmen verlassen perspektivlos das [&hellip;]","og_url":"https:\/\/now-news.de\/de\/deutschland\/new-space-voellig-losgeloest-von-der-erde-bundeskabinett-beschliesst-weltraumstrategie\/","og_site_name":"just-now.NEWS Deutschland","article_publisher":"https:\/\/www.facebook.com\/wirmachenauf","article_published_time":"2023-09-27T09:36:08+00:00","og_image":[{"width":460,"height":259,"url":"https:\/\/now-news.de\/de\/wp-content\/uploads\/sites\/3\/2023\/09\/quotNew-Spacequot-\u2013-Voellig-losgeloest-von-der-Erde-Bundeskabinett-beschliesst.JPG","type":"image\/jpeg"}],"author":"rtnews","twitter_card":"summary_large_image","twitter_creator":"@WirMachenAuf_de","twitter_site":"@WirMachenAuf_de","twitter_misc":{"Verfasst von":"rtnews","Gesch\u00e4tzte Lesezeit":"3\u00a0Minuten"},"schema":{"@context":"https:\/\/schema.org","@graph":[{"@type":"Article","@id":"https:\/\/now-news.de\/de\/deutschland\/new-space-voellig-losgeloest-von-der-erde-bundeskabinett-beschliesst-weltraumstrategie\/#article","isPartOf":{"@id":"https:\/\/now-news.de\/de\/deutschland\/new-space-voellig-losgeloest-von-der-erde-bundeskabinett-beschliesst-weltraumstrategie\/"},"author":{"name":"rtnews","@id":"https:\/\/now-news.de\/de\/#\/schema\/person\/fb534a4e865501d8b3285208df34a9b5"},"headline":"&quot;New Space&quot; \u2013 V\u00f6llig losgel\u00f6st von der Erde: Bundeskabinett beschlie\u00dft Weltraumstrategie","datePublished":"2023-09-27T09:36:08+00:00","dateModified":"2023-09-27T09:36:08+00:00","mainEntityOfPage":{"@id":"https:\/\/now-news.de\/de\/deutschland\/new-space-voellig-losgeloest-von-der-erde-bundeskabinett-beschliesst-weltraumstrategie\/"},"wordCount":685,"commentCount":0,"publisher":{"@id":"https:\/\/now-news.de\/de\/#organization"},"image":{"@id":"https:\/\/now-news.de\/de\/deutschland\/new-space-voellig-losgeloest-von-der-erde-bundeskabinett-beschliesst-weltraumstrategie\/#primaryimage"},"thumbnailUrl":"https:\/\/now-news.de\/de\/wp-content\/uploads\/sites\/3\/2023\/09\/quotNew-Spacequot-\u2013-Voellig-losgeloest-von-der-Erde-Bundeskabinett-beschliesst.JPG","keywords":["beschlie\u00dft","Bundeskabinett","der","Erde","losgel\u00f6st","quotNew","Spacequot","v\u00f6llig","von","Weltraumstrategie"],"articleSection":["Deutschland","Russland"],"inLanguage":"de","potentialAction":[{"@type":"CommentAction","name":"Comment","target":["https:\/\/now-news.de\/de\/deutschland\/new-space-voellig-losgeloest-von-der-erde-bundeskabinett-beschliesst-weltraumstrategie\/#respond"]}]},{"@type":"WebPage","@id":"https:\/\/now-news.de\/de\/deutschland\/new-space-voellig-losgeloest-von-der-erde-bundeskabinett-beschliesst-weltraumstrategie\/","url":"https:\/\/now-news.de\/de\/deutschland\/new-space-voellig-losgeloest-von-der-erde-bundeskabinett-beschliesst-weltraumstrategie\/","name":"&quot;New Space&quot; \u2013 V\u00f6llig losgel\u00f6st von der Erde: Bundeskabinett beschlie\u00dft Weltraumstrategie - just-now.NEWS Deutschland","isPartOf":{"@id":"https:\/\/now-news.de\/de\/#website"},"primaryImageOfPage":{"@id":"https:\/\/now-news.de\/de\/deutschland\/new-space-voellig-losgeloest-von-der-erde-bundeskabinett-beschliesst-weltraumstrategie\/#primaryimage"},"image":{"@id":"https:\/\/now-news.de\/de\/deutschland\/new-space-voellig-losgeloest-von-der-erde-bundeskabinett-beschliesst-weltraumstrategie\/#primaryimage"},"thumbnailUrl":"https:\/\/now-news.de\/de\/wp-content\/uploads\/sites\/3\/2023\/09\/quotNew-Spacequot-\u2013-Voellig-losgeloest-von-der-Erde-Bundeskabinett-beschliesst.JPG","datePublished":"2023-09-27T09:36:08+00:00","dateModified":"2023-09-27T09:36:08+00:00","breadcrumb":{"@id":"https:\/\/now-news.de\/de\/deutschland\/new-space-voellig-losgeloest-von-der-erde-bundeskabinett-beschliesst-weltraumstrategie\/#breadcrumb"},"inLanguage":"de","potentialAction":[{"@type":"ReadAction","target":["https:\/\/now-news.de\/de\/deutschland\/new-space-voellig-losgeloest-von-der-erde-bundeskabinett-beschliesst-weltraumstrategie\/"]}]},{"@type":"ImageObject","inLanguage":"de","@id":"https:\/\/now-news.de\/de\/deutschland\/new-space-voellig-losgeloest-von-der-erde-bundeskabinett-beschliesst-weltraumstrategie\/#primaryimage","url":"https:\/\/now-news.de\/de\/wp-content\/uploads\/sites\/3\/2023\/09\/quotNew-Spacequot-\u2013-Voellig-losgeloest-von-der-Erde-Bundeskabinett-beschliesst.JPG","contentUrl":"https:\/\/now-news.de\/de\/wp-content\/uploads\/sites\/3\/2023\/09\/quotNew-Spacequot-\u2013-Voellig-losgeloest-von-der-Erde-Bundeskabinett-beschliesst.JPG","width":460,"height":259,"caption":"&quot;New Space&quot; \u2013 V\u00f6llig losgel\u00f6st von der Erde: Bundeskabinett beschlie\u00dft Weltraumstrategie"},{"@type":"BreadcrumbList","@id":"https:\/\/now-news.de\/de\/deutschland\/new-space-voellig-losgeloest-von-der-erde-bundeskabinett-beschliesst-weltraumstrategie\/#breadcrumb","itemListElement":[{"@type":"ListItem","position":1,"name":"Home","item":"https:\/\/now-news.de\/de\/"},{"@type":"ListItem","position":2,"name":"&quot;New Space&quot; \u2013 V\u00f6llig losgel\u00f6st von der Erde: Bundeskabinett beschlie\u00dft Weltraumstrategie"}]},{"@type":"WebSite","@id":"https:\/\/now-news.de\/de\/#website","url":"https:\/\/now-news.de\/de\/","name":"just-now.NEWS Deutschland","description":"Das Portal f\u00fcr unzensierte Nachrichten aus der Welt","publisher":{"@id":"https:\/\/now-news.de\/de\/#organization"},"potentialAction":[{"@type":"SearchAction","target":{"@type":"EntryPoint","urlTemplate":"https:\/\/now-news.de\/de\/?s={search_term_string}"},"query-input":"required name=search_term_string"}],"inLanguage":"de"},{"@type":"Organization","@id":"https:\/\/now-news.de\/de\/#organization","name":"Just Now News","url":"https:\/\/now-news.de\/de\/","logo":{"@type":"ImageObject","inLanguage":"de","@id":"https:\/\/now-news.de\/de\/#\/schema\/logo\/image\/","url":"http:\/\/just-now.news\/de\/wp-content\/uploads\/sites\/3\/2022\/04\/logo500x500.jpg","contentUrl":"http:\/\/just-now.news\/de\/wp-content\/uploads\/sites\/3\/2022\/04\/logo500x500.jpg","width":500,"height":500,"caption":"Just Now News"},"image":{"@id":"https:\/\/now-news.de\/de\/#\/schema\/logo\/image\/"},"sameAs":["https:\/\/www.facebook.com\/wirmachenauf","https:\/\/x.com\/WirMachenAuf_de"]},{"@type":"Person","@id":"https:\/\/now-news.de\/de\/#\/schema\/person\/fb534a4e865501d8b3285208df34a9b5","name":"rtnews","image":{"@type":"ImageObject","inLanguage":"de","@id":"https:\/\/now-news.de\/de\/#\/schema\/person\/image\/","url":"https:\/\/secure.gravatar.com\/avatar\/82aafea7d8127119dd649515f56e2117?s=96&d=mm&r=g","contentUrl":"https:\/\/secure.gravatar.com\/avatar\/82aafea7d8127119dd649515f56e2117?s=96&d=mm&r=g","caption":"rtnews"},"url":"https:\/\/now-news.de\/de\/author\/rnews\/"}]}},"_links":{"self":[{"href":"https:\/\/now-news.de\/de\/wp-json\/wp\/v2\/posts\/47082"}],"collection":[{"href":"https:\/\/now-news.de\/de\/wp-json\/wp\/v2\/posts"}],"about":[{"href":"https:\/\/now-news.de\/de\/wp-json\/wp\/v2\/types\/post"}],"author":[{"embeddable":true,"href":"https:\/\/now-news.de\/de\/wp-json\/wp\/v2\/users\/3"}],"replies":[{"embeddable":true,"href":"https:\/\/now-news.de\/de\/wp-json\/wp\/v2\/comments?post=47082"}],"version-history":[{"count":0,"href":"https:\/\/now-news.de\/de\/wp-json\/wp\/v2\/posts\/47082\/revisions"}],"wp:featuredmedia":[{"embeddable":true,"href":"https:\/\/now-news.de\/de\/wp-json\/wp\/v2\/media\/47083"}],"wp:attachment":[{"href":"https:\/\/now-news.de\/de\/wp-json\/wp\/v2\/media?parent=47082"}],"wp:term":[{"taxonomy":"category","embeddable":true,"href":"https:\/\/now-news.de\/de\/wp-json\/wp\/v2\/categories?post=47082"},{"taxonomy":"post_tag","embeddable":true,"href":"https:\/\/now-news.de\/de\/wp-json\/wp\/v2\/tags?post=47082"}],"curies":[{"name":"wp","href":"https:\/\/api.w.org\/{rel}","templated":true}]}}