{"id":47028,"date":"2023-09-26T14:36:43","date_gmt":"2023-09-26T12:36:43","guid":{"rendered":"https:\/\/just-now.news\/de\/deutschland\/nach-koranverbrennung-kadyrows-sohn-verpruegelt-haeftling-video-sorgt-fuer-diskussion\/"},"modified":"2023-09-26T14:36:43","modified_gmt":"2023-09-26T12:36:43","slug":"nach-koranverbrennung-kadyrows-sohn-verpruegelt-haeftling-video-sorgt-fuer-diskussion","status":"publish","type":"post","link":"https:\/\/now-news.de\/de\/deutschland\/nach-koranverbrennung-kadyrows-sohn-verpruegelt-haeftling-video-sorgt-fuer-diskussion\/","title":{"rendered":"Nach Koranverbrennung: Kadyrows Sohn verpr\u00fcgelt H\u00e4ftling \u2013 Video sorgt f\u00fcr Diskussion"},"content":{"rendered":"<p><img decoding=\"async\" src=\"http:\/\/just-now.news\/de\/wp-content\/uploads\/sites\/3\/2023\/09\/6512b0b1b480cc40b44d4c69.jpg\" \/><\/p>\n<div class=\"Text-root Text-type_1 \">\n                Tschetscheniens Oberhaupt Kadyrow ver\u00f6ffentlicht ein Video, auf dem sein 15-j\u00e4hriger Sohn einen H\u00e4ftling verpr\u00fcgelt. Dieser soll im Fr\u00fchling in der s\u00fcdrussischen Stadt Wolgograd einen Koran verbrannt haben. Die Reaktionen in der Gesellschaft sind gespalten.\n            <\/div>\n<p><\/p>\n<div class=\"Text-root Text-type_5 ArticleView-text ViewText-root \">\n<p>Ramsan Kadyrow hat am Montag ein Video ver\u00f6ffentlicht, welches zeigt, wie sein 15-j\u00e4hriger Sohn Adam in einer Untersuchungshaftanstalt in Grosny den 19-j\u00e4hrigen Nikita Schurawel zusammenschl\u00e4gt.\u00a0Dieser\u00a0war im Fr\u00fchling festgenommen worden, da er beschuldigt wird, vor einer Moschee in der s\u00fcdrussischen Stadt Wolgograd\u00a0einen Koran verbrannt zu haben. W\u00e4hrend des Verh\u00f6rs gab\u00a0Schurawel zu, auf Anweisung der ukrainischen Geheimdienste gehandelt zu haben. Daraufhin leitete der Untersuchungsausschuss ein Strafverfahren ein.<\/p>\n<p>Tatjana Moskalkowa, die Beauftragte f\u00fcr Menschenrechte in Russland, hatte Mitte August mitgeteilt, dass sie eine Beschwerde von Schurawel erhalten habe. Demnach habe ihn Kadyrows Sohn verpr\u00fcgelt.<\/p>\n<p>In seinem Beitrag vom Montag best\u00e4tigte das Oberhaupt Tschetscheniens den Vorfall und teilte ein entsprechendes Video. &#8220;Ohne zu \u00fcbertreiben: Ja, ich bin stolz auf Adams Tat&#8221;, schrieb Kadyrow. &#8220;Solche Provokateure und Verr\u00e4ter sind ein kranker Tumor am K\u00f6rper, der kauterisiert werden muss&#8221;, f\u00fcgte er hinzu.<\/p>\n<div class=\"EmbedBlock-root EmbedBlock-twitter\">\n<div class=\"TwitterEmbed\">\n<blockquote class=\"twitter-tweet lazyload\" data-twitter=\"twitter-tweet\">\n<p lang=\"ru\" dir=\"ltr\">\u041a\u0430\u0434\u044b\u0440\u043e\u0432 \u0432\u044b\u043b\u043e\u0436\u0438\u043b \u0440\u043e\u043b\u0438\u043a, \u043d\u0430 \u043a\u043e\u0442\u043e\u0440\u043e\u043c \u0435\u0433\u043e 15-\u043b\u0435\u0442\u043d\u0438\u0439 \u0441\u044b\u043d \u0438\u0437\u0431\u0438\u0432\u0430\u0435\u0442 \u0432\u043e\u043b\u0433\u043e\u0433\u0440\u0430\u0434\u0446\u0430\u041a\u0430\u0434\u044b\u0440\u043e\u0432 \u0432 \u0441\u0432\u043e\u0435\u043c \u0442\u0435\u043b\u0435\u0433\u0440\u0430\u043c-\u043a\u0430\u043d\u0430\u043b\u0435 \u043d\u0430\u043f\u0438\u0441\u0430\u043b, \u0447\u0442\u043e \u043e\u0434\u043e\u0431\u0440\u044f\u0435\u0442 \u043f\u043e\u0441\u0442\u0443\u043f\u043e\u043a \u0441\u044b\u043d\u0430 \u0438 \u0433\u043e\u0440\u0434\u0438\u0442\u0441\u044f \u0438\u043c: \u00ab\u041f\u043e\u0431\u0438\u043b \u0438 \u043f\u0440\u0430\u0432\u0438\u043b\u044c\u043d\u043e \u0441\u0434\u0435\u043b\u0430\u043b. &lt;\u2026&gt; \u0411\u0435\u0437 \u043f\u0440\u0435\u0443\u0432\u0435\u043b\u0438\u0447\u0435\u043d\u0438\u044f, \u0434\u0430, \u044f \u0433\u043e\u0440\u0436\u0443\u0441\u044c \u043f\u043e\u0441\u0442\u0443\u043f\u043a\u043e\u043c \u0410\u0434\u0430\u043c\u0430. \u0415\u0433\u043e \u0432\u0441\u0435\u0433\u0434\u0430 \u043e\u0442\u043b\u0438\u0447\u0430\u043b\u043e \u0436\u0435\u043b\u0430\u043d\u0438\u0435 \u0440\u0430\u0441\u0442\u0438 \u043d\u0435\u2026 <a rel=\"nofollow noopener\" target=\"_blank\" href=\"https:\/\/t.co\/6LdEr2Duu3\">pic.twitter.com\/6LdEr2Duu3<\/a><\/p>\n<p>\u2014 \u0421\u0438\u0440\u0435\u043d\u0430 (@news_sirena) <a rel=\"nofollow noopener\" target=\"_blank\" href=\"https:\/\/twitter.com\/news_sirena\/status\/1706331597757128761?ref_src=twsrc%5Etfw\">September 25, 2023<\/a><\/p><\/blockquote>\n<\/div>\n<\/div>\n<p>Noch am selben Tag\u00a0\u00e4u\u00dferte sich Moskalkowa kritisch gegen\u00fcber dem Video und betonte, dass Verbrecher &#8220;laut den gesetzlich festgelegten Regeln&#8221; in U-Haft festgehalten werden sollten. &#8220;Ganz gleich, welches schreckliche Verbrechen eine Person begeht, sie muss sich laut Gesetz vor Gericht daf\u00fcr verantworten. Das sind die Grunds\u00e4tze unseres Rechtsstaates&#8221;, schrieb sie. Dabei d\u00fcrfte die Zerst\u00f6rung heiliger B\u00fccher nicht &#8220;straflos bleiben&#8221;.<\/p>\n<p>Waleri Fadejew, Vorsitzender des Pr\u00e4sidialrats f\u00fcr Menschenrechte, reagierte \u00e4hnlich. Er kritisierte die Koranverbrennung und betonte gleichzeitig, dass die Haftregeln &#8220;strikt eingehalten werden m\u00fcssen&#8221;. Eva Merkatschjowa, ein Mitglied des Rates,\u00a0sagte,\u00a0sie habe vor, das Video den Strafverfolgungsbeh\u00f6rden zu melden und forderte Schurawels \u00dcberstellung aus Tschetschenien. &#8220;Dies ist eine Herausforderung f\u00fcr das gesamte Rechtssystem Russlands.\u00a0Sie haben in einer bestimmten Region gezeigt, dass sie Verbrechen begehen k\u00f6nnen und ihnen nichts passiert&#8221;, sagte sie. &#8220;Ich f\u00fcrchte, die n\u00e4chste Nachricht k\u00f6nnte sein, dass wir Nikita Schurawel tot in seiner Zelle finden&#8221;, fuhr sie fort.\u00a0<\/p>\n<p>Wladislaw Dawankow, der Vize-Sprecher der Staatsduma, erkl\u00e4rte: &#8220;Unser Land ist gro\u00df und sehr unterschiedlich, aber das Gesetz sollte f\u00fcr alle gleich sein.&#8221; Ein heiliges Buch \u00f6ffentlich zu verbrennen sei im besten Fall dumm\u00a0und im schlimmsten Fall eine absichtliche Aufstachelung zum Hass. Aber: &#8220;Lynchen ist inakzeptabel. Ein sehr schlechtes Beispiel f\u00fcr junge Leute&#8221;, f\u00fcgte er hinzu.<\/p>\n<p>Unterdessen berichtete die Journalistin Xenija Sobtschak,\u00a0Kadyrow habe ihr telefonisch mitgeteilt, dass sein Sohn &#8220;mit der vollen H\u00e4rte des Gesetzes bestraft werde, wenn das Gericht Adam f\u00fcr schuldig befindet&#8221;. Zuvor hatte sie das Video als &#8220;Missachtung der Gesetze unseres Landes&#8221; bezeichnet.<\/p>\n<p>Einige Vertraute Kadyrows unterst\u00fctzten jedoch das Vorgehen seines Sohnes. Der Abgeordnete Adam Delichanow erkl\u00e4rte: &#8220;F\u00fcr einen Tschetschenen gibt es nichts Wichtigeres und Heiligeres als seine Religion. Sehr erfreulich, dass Adam trotz seines jungen Alters ein w\u00fcrdiges Beispiel f\u00fcr seine Kollegen ist und den aufrichtigen Wunsch zeigt, unseren Glauben und unsere Werte zu verteidigen!&#8221;<\/p>\n<p>Achmed Dudajew, Tschetscheniens Minister f\u00fcr nationale Politik, Au\u00dfenbeziehungen, Presse und Information, erkl\u00e4rte, die Koranverbrennung sei eine Verletzung der religi\u00f6sen Gef\u00fchle von mehr als 30 Millionen Muslimen in Russland und Milliarden von Muslimen weltweit. &#8220;Gut gemacht, Adam! Wir sind stolz!&#8221;, schrieb er.<\/p>\n<p>Bisher haben die russischen Strafverfolgungsbeh\u00f6rden nicht auf das von Kadyrow ver\u00f6ffentlichte Video reagiert. Auch Kremlsprecher Dmitri Peskow wollte den Vorfall am Dienstag nicht kommentieren.<\/p>\n<p><strong>Mehr zum Thema<\/strong> &#8211; <a rel=\"nofollow noopener\" target=\"_blank\" href=\"https:\/\/freedert.online\/russland\/video\/181167-schroedingers-bluthund-tschetscheniens-praesident-kadyrow-schwer-krank-tot\/\">Schr\u00f6dingers &#8220;Bluthund&#8221;: Tschetscheniens Oberhaupt Kadyrow schwer krank und\/oder tot<\/a><\/p>\n<\/div>\n<p><script async src=\"https:\/\/platform.twitter.com\/widgets.js\" charset=\"utf-8\"><\/script><br \/>\n<br \/><br \/>\n<br \/><a href=\"https:\/\/de.rt.com\/russland\/181870-nach-koranverbrennung-kadyrows-sohn-verpruegelt\/\">Source link <\/a><\/p>\n","protected":false},"excerpt":{"rendered":"<p>Tschetscheniens Oberhaupt Kadyrow ver\u00f6ffentlicht ein Video, auf dem sein 15-j\u00e4hriger Sohn einen H\u00e4ftling verpr\u00fcgelt. Dieser soll im Fr\u00fchling in der s\u00fcdrussischen Stadt Wolgograd einen Koran verbrannt haben. Die Reaktionen in der Gesellschaft sind gespalten. Ramsan Kadyrow hat am Montag ein Video ver\u00f6ffentlicht, welches zeigt, wie sein 15-j\u00e4hriger Sohn Adam in einer Untersuchungshaftanstalt in Grosny den [&hellip;]<\/p>\n","protected":false},"author":3,"featured_media":47029,"comment_status":"open","ping_status":"open","sticky":false,"template":"","format":"standard","meta":{"_yoast_indexnow_last_ping":["1695731857"],"wp_automatic_camp":["217"],"c2ed70372d89cea34f1b1db264d13baa":["Nach Koranverbrennung: Kadyrows Sohn verpr\u00fcgelt H\u00e4ftling \u2013 Video sorgt f\u00fcr Diskussion"],"original_link":["https:\/\/de.rt.com\/russland\/181870-nach-koranverbrennung-kadyrows-sohn-verpruegelt\/"],"_thumbnail_id":["47029"],"_wptgpro_p2tg_sent2tg":["a:1:{i:23737;s:19:\"2023-09-26 14:38:40\";}"],"jnews_social_counter_last_update":["1777366530"]},"categories":[19,23],"tags":[8799,221,48160,49246,39465,979,19545,23727,15321,173],"yoast_head":"<!-- This site is optimized with the Yoast SEO Premium plugin v22.7 (Yoast SEO v22.7) - https:\/\/yoast.com\/wordpress\/plugins\/seo\/ -->\n<title>Nach Koranverbrennung: Kadyrows Sohn verpr\u00fcgelt H\u00e4ftling \u2013 Video sorgt f\u00fcr Diskussion - just-now.NEWS Deutschland<\/title>\n<meta name=\"robots\" content=\"index, follow, max-snippet:-1, max-image-preview:large, max-video-preview:-1\" \/>\n<link rel=\"canonical\" href=\"https:\/\/now-news.de\/de\/deutschland\/nach-koranverbrennung-kadyrows-sohn-verpruegelt-haeftling-video-sorgt-fuer-diskussion\/\" \/>\n<meta property=\"og:locale\" content=\"de_DE\" \/>\n<meta property=\"og:type\" content=\"article\" \/>\n<meta property=\"og:title\" content=\"Nach Koranverbrennung: Kadyrows Sohn verpr\u00fcgelt H\u00e4ftling \u2013 Video sorgt f\u00fcr Diskussion\" \/>\n<meta property=\"og:description\" content=\"Tschetscheniens Oberhaupt Kadyrow ver\u00f6ffentlicht ein Video, auf dem sein 15-j\u00e4hriger Sohn einen H\u00e4ftling verpr\u00fcgelt. Dieser soll im Fr\u00fchling in der s\u00fcdrussischen Stadt Wolgograd einen Koran verbrannt haben. Die Reaktionen in der Gesellschaft sind gespalten. Ramsan Kadyrow hat am Montag ein Video ver\u00f6ffentlicht, welches zeigt, wie sein 15-j\u00e4hriger Sohn Adam in einer Untersuchungshaftanstalt in Grosny den [&hellip;]\" \/>\n<meta property=\"og:url\" content=\"https:\/\/now-news.de\/de\/deutschland\/nach-koranverbrennung-kadyrows-sohn-verpruegelt-haeftling-video-sorgt-fuer-diskussion\/\" \/>\n<meta property=\"og:site_name\" content=\"just-now.NEWS Deutschland\" \/>\n<meta property=\"article:publisher\" content=\"https:\/\/www.facebook.com\/wirmachenauf\" \/>\n<meta property=\"article:published_time\" content=\"2023-09-26T12:36:43+00:00\" \/>\n<meta property=\"og:image\" content=\"https:\/\/now-news.de\/de\/wp-content\/uploads\/sites\/3\/2023\/09\/Nach-Koranverbrennung-Kadyrows-Sohn-verpruegelt-Haeftling-\u2013-Video-sorgt-fuer.jpg\" \/>\n\t<meta property=\"og:image:width\" content=\"460\" \/>\n\t<meta property=\"og:image:height\" content=\"259\" \/>\n\t<meta property=\"og:image:type\" content=\"image\/jpeg\" \/>\n<meta name=\"author\" content=\"rtnews\" \/>\n<meta name=\"twitter:card\" content=\"summary_large_image\" \/>\n<meta name=\"twitter:creator\" content=\"@WirMachenAuf_de\" \/>\n<meta name=\"twitter:site\" content=\"@WirMachenAuf_de\" \/>\n<meta name=\"twitter:label1\" content=\"Verfasst von\" \/>\n\t<meta name=\"twitter:data1\" content=\"rtnews\" \/>\n\t<meta name=\"twitter:label2\" content=\"Gesch\u00e4tzte Lesezeit\" \/>\n\t<meta name=\"twitter:data2\" content=\"3\u00a0Minuten\" \/>\n<script type=\"application\/ld+json\" class=\"yoast-schema-graph\">{\"@context\":\"https:\/\/schema.org\",\"@graph\":[{\"@type\":\"Article\",\"@id\":\"https:\/\/now-news.de\/de\/deutschland\/nach-koranverbrennung-kadyrows-sohn-verpruegelt-haeftling-video-sorgt-fuer-diskussion\/#article\",\"isPartOf\":{\"@id\":\"https:\/\/now-news.de\/de\/deutschland\/nach-koranverbrennung-kadyrows-sohn-verpruegelt-haeftling-video-sorgt-fuer-diskussion\/\"},\"author\":{\"name\":\"rtnews\",\"@id\":\"https:\/\/now-news.de\/de\/#\/schema\/person\/fb534a4e865501d8b3285208df34a9b5\"},\"headline\":\"Nach Koranverbrennung: Kadyrows Sohn verpr\u00fcgelt H\u00e4ftling \u2013 Video sorgt f\u00fcr Diskussion\",\"datePublished\":\"2023-09-26T12:36:43+00:00\",\"dateModified\":\"2023-09-26T12:36:43+00:00\",\"mainEntityOfPage\":{\"@id\":\"https:\/\/now-news.de\/de\/deutschland\/nach-koranverbrennung-kadyrows-sohn-verpruegelt-haeftling-video-sorgt-fuer-diskussion\/\"},\"wordCount\":672,\"commentCount\":0,\"publisher\":{\"@id\":\"https:\/\/now-news.de\/de\/#organization\"},\"image\":{\"@id\":\"https:\/\/now-news.de\/de\/deutschland\/nach-koranverbrennung-kadyrows-sohn-verpruegelt-haeftling-video-sorgt-fuer-diskussion\/#primaryimage\"},\"thumbnailUrl\":\"https:\/\/now-news.de\/de\/wp-content\/uploads\/sites\/3\/2023\/09\/Nach-Koranverbrennung-Kadyrows-Sohn-verpruegelt-Haeftling-\u2013-Video-sorgt-fuer.jpg\",\"keywords\":[\"Diskussion\",\"f\u00fcr\",\"H\u00e4ftling\",\"Kadyrows\",\"KoranVerbrennung\",\"nach\",\"Sohn\",\"sorgt\",\"verpr\u00fcgelt\",\"Video\"],\"articleSection\":[\"Deutschland\",\"Russland\"],\"inLanguage\":\"de\",\"potentialAction\":[{\"@type\":\"CommentAction\",\"name\":\"Comment\",\"target\":[\"https:\/\/now-news.de\/de\/deutschland\/nach-koranverbrennung-kadyrows-sohn-verpruegelt-haeftling-video-sorgt-fuer-diskussion\/#respond\"]}]},{\"@type\":\"WebPage\",\"@id\":\"https:\/\/now-news.de\/de\/deutschland\/nach-koranverbrennung-kadyrows-sohn-verpruegelt-haeftling-video-sorgt-fuer-diskussion\/\",\"url\":\"https:\/\/now-news.de\/de\/deutschland\/nach-koranverbrennung-kadyrows-sohn-verpruegelt-haeftling-video-sorgt-fuer-diskussion\/\",\"name\":\"Nach Koranverbrennung: Kadyrows Sohn verpr\u00fcgelt H\u00e4ftling \u2013 Video sorgt f\u00fcr Diskussion - just-now.NEWS Deutschland\",\"isPartOf\":{\"@id\":\"https:\/\/now-news.de\/de\/#website\"},\"primaryImageOfPage\":{\"@id\":\"https:\/\/now-news.de\/de\/deutschland\/nach-koranverbrennung-kadyrows-sohn-verpruegelt-haeftling-video-sorgt-fuer-diskussion\/#primaryimage\"},\"image\":{\"@id\":\"https:\/\/now-news.de\/de\/deutschland\/nach-koranverbrennung-kadyrows-sohn-verpruegelt-haeftling-video-sorgt-fuer-diskussion\/#primaryimage\"},\"thumbnailUrl\":\"https:\/\/now-news.de\/de\/wp-content\/uploads\/sites\/3\/2023\/09\/Nach-Koranverbrennung-Kadyrows-Sohn-verpruegelt-Haeftling-\u2013-Video-sorgt-fuer.jpg\",\"datePublished\":\"2023-09-26T12:36:43+00:00\",\"dateModified\":\"2023-09-26T12:36:43+00:00\",\"breadcrumb\":{\"@id\":\"https:\/\/now-news.de\/de\/deutschland\/nach-koranverbrennung-kadyrows-sohn-verpruegelt-haeftling-video-sorgt-fuer-diskussion\/#breadcrumb\"},\"inLanguage\":\"de\",\"potentialAction\":[{\"@type\":\"ReadAction\",\"target\":[\"https:\/\/now-news.de\/de\/deutschland\/nach-koranverbrennung-kadyrows-sohn-verpruegelt-haeftling-video-sorgt-fuer-diskussion\/\"]}]},{\"@type\":\"ImageObject\",\"inLanguage\":\"de\",\"@id\":\"https:\/\/now-news.de\/de\/deutschland\/nach-koranverbrennung-kadyrows-sohn-verpruegelt-haeftling-video-sorgt-fuer-diskussion\/#primaryimage\",\"url\":\"https:\/\/now-news.de\/de\/wp-content\/uploads\/sites\/3\/2023\/09\/Nach-Koranverbrennung-Kadyrows-Sohn-verpruegelt-Haeftling-\u2013-Video-sorgt-fuer.jpg\",\"contentUrl\":\"https:\/\/now-news.de\/de\/wp-content\/uploads\/sites\/3\/2023\/09\/Nach-Koranverbrennung-Kadyrows-Sohn-verpruegelt-Haeftling-\u2013-Video-sorgt-fuer.jpg\",\"width\":460,\"height\":259,\"caption\":\"Nach Koranverbrennung: Kadyrows Sohn verpr\u00fcgelt H\u00e4ftling \u2013 Video sorgt f\u00fcr Diskussion\"},{\"@type\":\"BreadcrumbList\",\"@id\":\"https:\/\/now-news.de\/de\/deutschland\/nach-koranverbrennung-kadyrows-sohn-verpruegelt-haeftling-video-sorgt-fuer-diskussion\/#breadcrumb\",\"itemListElement\":[{\"@type\":\"ListItem\",\"position\":1,\"name\":\"Home\",\"item\":\"https:\/\/now-news.de\/de\/\"},{\"@type\":\"ListItem\",\"position\":2,\"name\":\"Nach Koranverbrennung: Kadyrows Sohn verpr\u00fcgelt H\u00e4ftling \u2013 Video sorgt f\u00fcr Diskussion\"}]},{\"@type\":\"WebSite\",\"@id\":\"https:\/\/now-news.de\/de\/#website\",\"url\":\"https:\/\/now-news.de\/de\/\",\"name\":\"just-now.NEWS Deutschland\",\"description\":\"Das Portal f\u00fcr unzensierte Nachrichten aus der Welt\",\"publisher\":{\"@id\":\"https:\/\/now-news.de\/de\/#organization\"},\"potentialAction\":[{\"@type\":\"SearchAction\",\"target\":{\"@type\":\"EntryPoint\",\"urlTemplate\":\"https:\/\/now-news.de\/de\/?s={search_term_string}\"},\"query-input\":\"required name=search_term_string\"}],\"inLanguage\":\"de\"},{\"@type\":\"Organization\",\"@id\":\"https:\/\/now-news.de\/de\/#organization\",\"name\":\"Just Now News\",\"url\":\"https:\/\/now-news.de\/de\/\",\"logo\":{\"@type\":\"ImageObject\",\"inLanguage\":\"de\",\"@id\":\"https:\/\/now-news.de\/de\/#\/schema\/logo\/image\/\",\"url\":\"http:\/\/just-now.news\/de\/wp-content\/uploads\/sites\/3\/2022\/04\/logo500x500.jpg\",\"contentUrl\":\"http:\/\/just-now.news\/de\/wp-content\/uploads\/sites\/3\/2022\/04\/logo500x500.jpg\",\"width\":500,\"height\":500,\"caption\":\"Just Now News\"},\"image\":{\"@id\":\"https:\/\/now-news.de\/de\/#\/schema\/logo\/image\/\"},\"sameAs\":[\"https:\/\/www.facebook.com\/wirmachenauf\",\"https:\/\/x.com\/WirMachenAuf_de\"]},{\"@type\":\"Person\",\"@id\":\"https:\/\/now-news.de\/de\/#\/schema\/person\/fb534a4e865501d8b3285208df34a9b5\",\"name\":\"rtnews\",\"image\":{\"@type\":\"ImageObject\",\"inLanguage\":\"de\",\"@id\":\"https:\/\/now-news.de\/de\/#\/schema\/person\/image\/\",\"url\":\"https:\/\/secure.gravatar.com\/avatar\/82aafea7d8127119dd649515f56e2117?s=96&d=mm&r=g\",\"contentUrl\":\"https:\/\/secure.gravatar.com\/avatar\/82aafea7d8127119dd649515f56e2117?s=96&d=mm&r=g\",\"caption\":\"rtnews\"},\"url\":\"https:\/\/now-news.de\/de\/author\/rnews\/\"}]}<\/script>\n<!-- \/ Yoast SEO Premium plugin. -->","yoast_head_json":{"title":"Nach Koranverbrennung: Kadyrows Sohn verpr\u00fcgelt H\u00e4ftling \u2013 Video sorgt f\u00fcr Diskussion - just-now.NEWS Deutschland","robots":{"index":"index","follow":"follow","max-snippet":"max-snippet:-1","max-image-preview":"max-image-preview:large","max-video-preview":"max-video-preview:-1"},"canonical":"https:\/\/now-news.de\/de\/deutschland\/nach-koranverbrennung-kadyrows-sohn-verpruegelt-haeftling-video-sorgt-fuer-diskussion\/","og_locale":"de_DE","og_type":"article","og_title":"Nach Koranverbrennung: Kadyrows Sohn verpr\u00fcgelt H\u00e4ftling \u2013 Video sorgt f\u00fcr Diskussion","og_description":"Tschetscheniens Oberhaupt Kadyrow ver\u00f6ffentlicht ein Video, auf dem sein 15-j\u00e4hriger Sohn einen H\u00e4ftling verpr\u00fcgelt. Dieser soll im Fr\u00fchling in der s\u00fcdrussischen Stadt Wolgograd einen Koran verbrannt haben. Die Reaktionen in der Gesellschaft sind gespalten. Ramsan Kadyrow hat am Montag ein Video ver\u00f6ffentlicht, welches zeigt, wie sein 15-j\u00e4hriger Sohn Adam in einer Untersuchungshaftanstalt in Grosny den [&hellip;]","og_url":"https:\/\/now-news.de\/de\/deutschland\/nach-koranverbrennung-kadyrows-sohn-verpruegelt-haeftling-video-sorgt-fuer-diskussion\/","og_site_name":"just-now.NEWS Deutschland","article_publisher":"https:\/\/www.facebook.com\/wirmachenauf","article_published_time":"2023-09-26T12:36:43+00:00","og_image":[{"width":460,"height":259,"url":"https:\/\/now-news.de\/de\/wp-content\/uploads\/sites\/3\/2023\/09\/Nach-Koranverbrennung-Kadyrows-Sohn-verpruegelt-Haeftling-\u2013-Video-sorgt-fuer.jpg","type":"image\/jpeg"}],"author":"rtnews","twitter_card":"summary_large_image","twitter_creator":"@WirMachenAuf_de","twitter_site":"@WirMachenAuf_de","twitter_misc":{"Verfasst von":"rtnews","Gesch\u00e4tzte Lesezeit":"3\u00a0Minuten"},"schema":{"@context":"https:\/\/schema.org","@graph":[{"@type":"Article","@id":"https:\/\/now-news.de\/de\/deutschland\/nach-koranverbrennung-kadyrows-sohn-verpruegelt-haeftling-video-sorgt-fuer-diskussion\/#article","isPartOf":{"@id":"https:\/\/now-news.de\/de\/deutschland\/nach-koranverbrennung-kadyrows-sohn-verpruegelt-haeftling-video-sorgt-fuer-diskussion\/"},"author":{"name":"rtnews","@id":"https:\/\/now-news.de\/de\/#\/schema\/person\/fb534a4e865501d8b3285208df34a9b5"},"headline":"Nach Koranverbrennung: Kadyrows Sohn verpr\u00fcgelt H\u00e4ftling \u2013 Video sorgt f\u00fcr Diskussion","datePublished":"2023-09-26T12:36:43+00:00","dateModified":"2023-09-26T12:36:43+00:00","mainEntityOfPage":{"@id":"https:\/\/now-news.de\/de\/deutschland\/nach-koranverbrennung-kadyrows-sohn-verpruegelt-haeftling-video-sorgt-fuer-diskussion\/"},"wordCount":672,"commentCount":0,"publisher":{"@id":"https:\/\/now-news.de\/de\/#organization"},"image":{"@id":"https:\/\/now-news.de\/de\/deutschland\/nach-koranverbrennung-kadyrows-sohn-verpruegelt-haeftling-video-sorgt-fuer-diskussion\/#primaryimage"},"thumbnailUrl":"https:\/\/now-news.de\/de\/wp-content\/uploads\/sites\/3\/2023\/09\/Nach-Koranverbrennung-Kadyrows-Sohn-verpruegelt-Haeftling-\u2013-Video-sorgt-fuer.jpg","keywords":["Diskussion","f\u00fcr","H\u00e4ftling","Kadyrows","KoranVerbrennung","nach","Sohn","sorgt","verpr\u00fcgelt","Video"],"articleSection":["Deutschland","Russland"],"inLanguage":"de","potentialAction":[{"@type":"CommentAction","name":"Comment","target":["https:\/\/now-news.de\/de\/deutschland\/nach-koranverbrennung-kadyrows-sohn-verpruegelt-haeftling-video-sorgt-fuer-diskussion\/#respond"]}]},{"@type":"WebPage","@id":"https:\/\/now-news.de\/de\/deutschland\/nach-koranverbrennung-kadyrows-sohn-verpruegelt-haeftling-video-sorgt-fuer-diskussion\/","url":"https:\/\/now-news.de\/de\/deutschland\/nach-koranverbrennung-kadyrows-sohn-verpruegelt-haeftling-video-sorgt-fuer-diskussion\/","name":"Nach Koranverbrennung: Kadyrows Sohn verpr\u00fcgelt H\u00e4ftling \u2013 Video sorgt f\u00fcr Diskussion - just-now.NEWS Deutschland","isPartOf":{"@id":"https:\/\/now-news.de\/de\/#website"},"primaryImageOfPage":{"@id":"https:\/\/now-news.de\/de\/deutschland\/nach-koranverbrennung-kadyrows-sohn-verpruegelt-haeftling-video-sorgt-fuer-diskussion\/#primaryimage"},"image":{"@id":"https:\/\/now-news.de\/de\/deutschland\/nach-koranverbrennung-kadyrows-sohn-verpruegelt-haeftling-video-sorgt-fuer-diskussion\/#primaryimage"},"thumbnailUrl":"https:\/\/now-news.de\/de\/wp-content\/uploads\/sites\/3\/2023\/09\/Nach-Koranverbrennung-Kadyrows-Sohn-verpruegelt-Haeftling-\u2013-Video-sorgt-fuer.jpg","datePublished":"2023-09-26T12:36:43+00:00","dateModified":"2023-09-26T12:36:43+00:00","breadcrumb":{"@id":"https:\/\/now-news.de\/de\/deutschland\/nach-koranverbrennung-kadyrows-sohn-verpruegelt-haeftling-video-sorgt-fuer-diskussion\/#breadcrumb"},"inLanguage":"de","potentialAction":[{"@type":"ReadAction","target":["https:\/\/now-news.de\/de\/deutschland\/nach-koranverbrennung-kadyrows-sohn-verpruegelt-haeftling-video-sorgt-fuer-diskussion\/"]}]},{"@type":"ImageObject","inLanguage":"de","@id":"https:\/\/now-news.de\/de\/deutschland\/nach-koranverbrennung-kadyrows-sohn-verpruegelt-haeftling-video-sorgt-fuer-diskussion\/#primaryimage","url":"https:\/\/now-news.de\/de\/wp-content\/uploads\/sites\/3\/2023\/09\/Nach-Koranverbrennung-Kadyrows-Sohn-verpruegelt-Haeftling-\u2013-Video-sorgt-fuer.jpg","contentUrl":"https:\/\/now-news.de\/de\/wp-content\/uploads\/sites\/3\/2023\/09\/Nach-Koranverbrennung-Kadyrows-Sohn-verpruegelt-Haeftling-\u2013-Video-sorgt-fuer.jpg","width":460,"height":259,"caption":"Nach Koranverbrennung: Kadyrows Sohn verpr\u00fcgelt H\u00e4ftling \u2013 Video sorgt f\u00fcr Diskussion"},{"@type":"BreadcrumbList","@id":"https:\/\/now-news.de\/de\/deutschland\/nach-koranverbrennung-kadyrows-sohn-verpruegelt-haeftling-video-sorgt-fuer-diskussion\/#breadcrumb","itemListElement":[{"@type":"ListItem","position":1,"name":"Home","item":"https:\/\/now-news.de\/de\/"},{"@type":"ListItem","position":2,"name":"Nach Koranverbrennung: Kadyrows Sohn verpr\u00fcgelt H\u00e4ftling \u2013 Video sorgt f\u00fcr Diskussion"}]},{"@type":"WebSite","@id":"https:\/\/now-news.de\/de\/#website","url":"https:\/\/now-news.de\/de\/","name":"just-now.NEWS Deutschland","description":"Das Portal f\u00fcr unzensierte Nachrichten aus der Welt","publisher":{"@id":"https:\/\/now-news.de\/de\/#organization"},"potentialAction":[{"@type":"SearchAction","target":{"@type":"EntryPoint","urlTemplate":"https:\/\/now-news.de\/de\/?s={search_term_string}"},"query-input":"required name=search_term_string"}],"inLanguage":"de"},{"@type":"Organization","@id":"https:\/\/now-news.de\/de\/#organization","name":"Just Now News","url":"https:\/\/now-news.de\/de\/","logo":{"@type":"ImageObject","inLanguage":"de","@id":"https:\/\/now-news.de\/de\/#\/schema\/logo\/image\/","url":"http:\/\/just-now.news\/de\/wp-content\/uploads\/sites\/3\/2022\/04\/logo500x500.jpg","contentUrl":"http:\/\/just-now.news\/de\/wp-content\/uploads\/sites\/3\/2022\/04\/logo500x500.jpg","width":500,"height":500,"caption":"Just Now News"},"image":{"@id":"https:\/\/now-news.de\/de\/#\/schema\/logo\/image\/"},"sameAs":["https:\/\/www.facebook.com\/wirmachenauf","https:\/\/x.com\/WirMachenAuf_de"]},{"@type":"Person","@id":"https:\/\/now-news.de\/de\/#\/schema\/person\/fb534a4e865501d8b3285208df34a9b5","name":"rtnews","image":{"@type":"ImageObject","inLanguage":"de","@id":"https:\/\/now-news.de\/de\/#\/schema\/person\/image\/","url":"https:\/\/secure.gravatar.com\/avatar\/82aafea7d8127119dd649515f56e2117?s=96&d=mm&r=g","contentUrl":"https:\/\/secure.gravatar.com\/avatar\/82aafea7d8127119dd649515f56e2117?s=96&d=mm&r=g","caption":"rtnews"},"url":"https:\/\/now-news.de\/de\/author\/rnews\/"}]}},"_links":{"self":[{"href":"https:\/\/now-news.de\/de\/wp-json\/wp\/v2\/posts\/47028"}],"collection":[{"href":"https:\/\/now-news.de\/de\/wp-json\/wp\/v2\/posts"}],"about":[{"href":"https:\/\/now-news.de\/de\/wp-json\/wp\/v2\/types\/post"}],"author":[{"embeddable":true,"href":"https:\/\/now-news.de\/de\/wp-json\/wp\/v2\/users\/3"}],"replies":[{"embeddable":true,"href":"https:\/\/now-news.de\/de\/wp-json\/wp\/v2\/comments?post=47028"}],"version-history":[{"count":0,"href":"https:\/\/now-news.de\/de\/wp-json\/wp\/v2\/posts\/47028\/revisions"}],"wp:featuredmedia":[{"embeddable":true,"href":"https:\/\/now-news.de\/de\/wp-json\/wp\/v2\/media\/47029"}],"wp:attachment":[{"href":"https:\/\/now-news.de\/de\/wp-json\/wp\/v2\/media?parent=47028"}],"wp:term":[{"taxonomy":"category","embeddable":true,"href":"https:\/\/now-news.de\/de\/wp-json\/wp\/v2\/categories?post=47028"},{"taxonomy":"post_tag","embeddable":true,"href":"https:\/\/now-news.de\/de\/wp-json\/wp\/v2\/tags?post=47028"}],"curies":[{"name":"wp","href":"https:\/\/api.w.org\/{rel}","templated":true}]}}