{"id":47026,"date":"2023-09-26T13:37:39","date_gmt":"2023-09-26T11:37:39","guid":{"rendered":"https:\/\/just-now.news\/de\/deutschland\/tote-und-verletzte-bei-explosion-eines-treibstofflagers-in-bergkarabach\/"},"modified":"2023-09-26T13:37:39","modified_gmt":"2023-09-26T11:37:39","slug":"tote-und-verletzte-bei-explosion-eines-treibstofflagers-in-bergkarabach","status":"publish","type":"post","link":"https:\/\/now-news.de\/de\/deutschland\/tote-und-verletzte-bei-explosion-eines-treibstofflagers-in-bergkarabach\/","title":{"rendered":"Tote und Verletzte bei Explosion eines Treibstofflagers in Bergkarabach"},"content":{"rendered":"<p><img decoding=\"async\" src=\"http:\/\/just-now.news\/de\/wp-content\/uploads\/sites\/3\/2023\/09\/6512b2ebb480cc418f1b613b.jpg\" \/><\/p>\n<div class=\"Text-root Text-type_1 \">\n                Laut Angaben des Gesundheitsministeriums von Bergkarabach gab es bei einer schweren Explosion eines Treibstofftanks an der Autobahn Stepanakert-Askeran mehr als 20 Tote und Hunderte Verletzte. Bei den Opfern handelt es sich um Menschen auf der Flucht in Richtung Armenien.\n            <\/div>\n<p><\/p>\n<div class=\"Text-root Text-type_5 ArticleView-text ViewText-root \">\n<p>Bei einer <a rel=\"nofollow noopener\" target=\"_blank\" href=\"https:\/\/t.me\/rt_russian\/173352\">Explosion<\/a> in einem Treibstofflager neben der Autobahn Stepanakert-Askeran in Bergkarabach sind 20 Menschen ums Leben gekommen, meldet die Nachrichtenagentur<em> Interfax<\/em>. Das Gesundheitsministerium der nicht anerkannten Republik gibt laut der Agentur bekannt:<\/p>\n<blockquote>\n<p><em>&#8220;290 Opfer mit Verbrennungen unterschiedlichen Schweregrades wurden in Krankenh\u00e4usern eingeliefert. Sieben Menschen starben im Krankenhaus. Die Leichen von 13 weiteren Menschen wurden noch nicht identifiziert. Dutzende von Menschen befinden sich in einem kritischen Zustand.&#8221;<\/em><\/p>\n<\/blockquote>\n<p>Weiter erkl\u00e4rt das Ministerium, dass viele Menschen als vermisst gelten, &#8220;weil sie verbrannt sind und \u00fcber sie keine weiteren Informationen vorliegen&#8221;. Nach Angaben der Beh\u00f6rde ist &#8220;ein \u00c4rzteteam mit der notwendigen medizinischen Ausr\u00fcstung und Medikamenten per Hubschrauber nach Stepanakert geflogen, um den Betroffenen zu helfen&#8221;.<\/p>\n<p>Bei den Opfern handele es sich um Menschen auf der Flucht in Richtung Armenien. Wie es hei\u00dft, sei die gro\u00dfe Zahl der Toten und Verletzten dadurch zu erkl\u00e4ren, dass sich die Menschen auf der Suche nach Treibstoff an dem Tanklager neben der Autobahn gedr\u00e4ngt h\u00e4tten, so die Nachrichtenagentur <em>TASS<\/em>.<\/p>\n<p>Vor der gewaltigen Explosion an dem Depot habe sich dort eine mehrere Kilometer lange Autoschlange gebildet, berichten Medien. Nach vorl\u00e4ufigen Angaben enthielt der Tank etwa hundert Tonnen Kraftstoff.<\/p>\n<p><em>Peacekeeper<\/em>, der inoffizielle Telegram-Kanal der russischen Friedenstruppen in der Region, berichtet, dass \u00c4rzte des Friedenstruppenkontingents die bei der Explosion verletzten Menschen aus Bergkarabach behandelten, wobei die Schwerstverletzten in eine medizinische Spezialeinheit evakuiert wurden.<\/p>\n<p><strong>Mehr zum Thema &#8211;<\/strong>\u00a0<a rel=\"nofollow noopener\" target=\"_blank\" href=\"https:\/\/freedert.online\/international\/181471-alijew-entschuldigt-sich-fuer-tod-russischer-soldaten\/\">Bergkarabach: Aserbaidschan entschuldigt sich f\u00fcr den Tod russischer Friedenssoldaten<\/a><\/p>\n<\/div>\n<p><br \/>\n<br \/><a href=\"https:\/\/de.rt.com\/international\/181872-berg-karabach-tote-und-verletzte\/\">Source link <\/a><\/p>\n","protected":false},"excerpt":{"rendered":"<p>Laut Angaben des Gesundheitsministeriums von Bergkarabach gab es bei einer schweren Explosion eines Treibstofftanks an der Autobahn Stepanakert-Askeran mehr als 20 Tote und Hunderte Verletzte. Bei den Opfern handelt es sich um Menschen auf der Flucht in Richtung Armenien. Bei einer Explosion in einem Treibstofflager neben der Autobahn Stepanakert-Askeran in Bergkarabach sind 20 Menschen ums [&hellip;]<\/p>\n","protected":false},"author":3,"featured_media":47027,"comment_status":"open","ping_status":"open","sticky":false,"template":"","format":"standard","meta":{"_yoast_indexnow_last_ping":["1695730897"],"wp_automatic_camp":["217"],"ce144a635f2b636531b25d37a98217af":["Tote und Verletzte bei Explosion eines Treibstofflagers in Bergkarabach"],"original_link":["https:\/\/de.rt.com\/international\/181872-berg-karabach-tote-und-verletzte\/"],"_thumbnail_id":["47027"],"_wptgpro_p2tg_sent2tg":["a:1:{i:23737;s:19:\"2023-09-26 14:22:37\";}"],"jnews_social_counter_last_update":["1776911583"]},"categories":[19,23],"tags":[363,30003,2111,1894,3233,49245,140,1813],"yoast_head":"<!-- This site is optimized with the Yoast SEO Premium plugin v22.7 (Yoast SEO v22.7) - https:\/\/yoast.com\/wordpress\/plugins\/seo\/ -->\n<title>Tote und Verletzte bei Explosion eines Treibstofflagers in Bergkarabach - just-now.NEWS Deutschland<\/title>\n<meta name=\"robots\" content=\"index, follow, max-snippet:-1, max-image-preview:large, max-video-preview:-1\" \/>\n<link rel=\"canonical\" href=\"https:\/\/now-news.de\/de\/deutschland\/tote-und-verletzte-bei-explosion-eines-treibstofflagers-in-bergkarabach\/\" \/>\n<meta property=\"og:locale\" content=\"de_DE\" \/>\n<meta property=\"og:type\" content=\"article\" \/>\n<meta property=\"og:title\" content=\"Tote und Verletzte bei Explosion eines Treibstofflagers in Bergkarabach\" \/>\n<meta property=\"og:description\" content=\"Laut Angaben des Gesundheitsministeriums von Bergkarabach gab es bei einer schweren Explosion eines Treibstofftanks an der Autobahn Stepanakert-Askeran mehr als 20 Tote und Hunderte Verletzte. Bei den Opfern handelt es sich um Menschen auf der Flucht in Richtung Armenien. Bei einer Explosion in einem Treibstofflager neben der Autobahn Stepanakert-Askeran in Bergkarabach sind 20 Menschen ums [&hellip;]\" \/>\n<meta property=\"og:url\" content=\"https:\/\/now-news.de\/de\/deutschland\/tote-und-verletzte-bei-explosion-eines-treibstofflagers-in-bergkarabach\/\" \/>\n<meta property=\"og:site_name\" content=\"just-now.NEWS Deutschland\" \/>\n<meta property=\"article:publisher\" content=\"https:\/\/www.facebook.com\/wirmachenauf\" \/>\n<meta property=\"article:published_time\" content=\"2023-09-26T11:37:39+00:00\" \/>\n<meta property=\"og:image\" content=\"https:\/\/now-news.de\/de\/wp-content\/uploads\/sites\/3\/2023\/09\/Tote-und-Verletzte-bei-Explosion-eines-Treibstofflagers-in-Bergkarabach.jpg\" \/>\n\t<meta property=\"og:image:width\" content=\"460\" \/>\n\t<meta property=\"og:image:height\" content=\"259\" \/>\n\t<meta property=\"og:image:type\" content=\"image\/jpeg\" \/>\n<meta name=\"author\" content=\"rtnews\" \/>\n<meta name=\"twitter:card\" content=\"summary_large_image\" \/>\n<meta name=\"twitter:creator\" content=\"@WirMachenAuf_de\" \/>\n<meta name=\"twitter:site\" content=\"@WirMachenAuf_de\" \/>\n<meta name=\"twitter:label1\" content=\"Verfasst von\" \/>\n\t<meta name=\"twitter:data1\" content=\"rtnews\" \/>\n\t<meta name=\"twitter:label2\" content=\"Gesch\u00e4tzte Lesezeit\" \/>\n\t<meta name=\"twitter:data2\" content=\"1\u00a0Minute\" \/>\n<script type=\"application\/ld+json\" class=\"yoast-schema-graph\">{\"@context\":\"https:\/\/schema.org\",\"@graph\":[{\"@type\":\"Article\",\"@id\":\"https:\/\/now-news.de\/de\/deutschland\/tote-und-verletzte-bei-explosion-eines-treibstofflagers-in-bergkarabach\/#article\",\"isPartOf\":{\"@id\":\"https:\/\/now-news.de\/de\/deutschland\/tote-und-verletzte-bei-explosion-eines-treibstofflagers-in-bergkarabach\/\"},\"author\":{\"name\":\"rtnews\",\"@id\":\"https:\/\/now-news.de\/de\/#\/schema\/person\/fb534a4e865501d8b3285208df34a9b5\"},\"headline\":\"Tote und Verletzte bei Explosion eines Treibstofflagers in Bergkarabach\",\"datePublished\":\"2023-09-26T11:37:39+00:00\",\"dateModified\":\"2023-09-26T11:37:39+00:00\",\"mainEntityOfPage\":{\"@id\":\"https:\/\/now-news.de\/de\/deutschland\/tote-und-verletzte-bei-explosion-eines-treibstofflagers-in-bergkarabach\/\"},\"wordCount\":293,\"commentCount\":0,\"publisher\":{\"@id\":\"https:\/\/now-news.de\/de\/#organization\"},\"image\":{\"@id\":\"https:\/\/now-news.de\/de\/deutschland\/tote-und-verletzte-bei-explosion-eines-treibstofflagers-in-bergkarabach\/#primaryimage\"},\"thumbnailUrl\":\"https:\/\/now-news.de\/de\/wp-content\/uploads\/sites\/3\/2023\/09\/Tote-und-Verletzte-bei-Explosion-eines-Treibstofflagers-in-Bergkarabach.jpg\",\"keywords\":[\"bei\",\"BergKarabach\",\"eines\",\"Explosion\",\"Tote\",\"Treibstofflagers\",\"und\",\"Verletzte\"],\"articleSection\":[\"Deutschland\",\"Russland\"],\"inLanguage\":\"de\",\"potentialAction\":[{\"@type\":\"CommentAction\",\"name\":\"Comment\",\"target\":[\"https:\/\/now-news.de\/de\/deutschland\/tote-und-verletzte-bei-explosion-eines-treibstofflagers-in-bergkarabach\/#respond\"]}]},{\"@type\":\"WebPage\",\"@id\":\"https:\/\/now-news.de\/de\/deutschland\/tote-und-verletzte-bei-explosion-eines-treibstofflagers-in-bergkarabach\/\",\"url\":\"https:\/\/now-news.de\/de\/deutschland\/tote-und-verletzte-bei-explosion-eines-treibstofflagers-in-bergkarabach\/\",\"name\":\"Tote und Verletzte bei Explosion eines Treibstofflagers in Bergkarabach - just-now.NEWS Deutschland\",\"isPartOf\":{\"@id\":\"https:\/\/now-news.de\/de\/#website\"},\"primaryImageOfPage\":{\"@id\":\"https:\/\/now-news.de\/de\/deutschland\/tote-und-verletzte-bei-explosion-eines-treibstofflagers-in-bergkarabach\/#primaryimage\"},\"image\":{\"@id\":\"https:\/\/now-news.de\/de\/deutschland\/tote-und-verletzte-bei-explosion-eines-treibstofflagers-in-bergkarabach\/#primaryimage\"},\"thumbnailUrl\":\"https:\/\/now-news.de\/de\/wp-content\/uploads\/sites\/3\/2023\/09\/Tote-und-Verletzte-bei-Explosion-eines-Treibstofflagers-in-Bergkarabach.jpg\",\"datePublished\":\"2023-09-26T11:37:39+00:00\",\"dateModified\":\"2023-09-26T11:37:39+00:00\",\"breadcrumb\":{\"@id\":\"https:\/\/now-news.de\/de\/deutschland\/tote-und-verletzte-bei-explosion-eines-treibstofflagers-in-bergkarabach\/#breadcrumb\"},\"inLanguage\":\"de\",\"potentialAction\":[{\"@type\":\"ReadAction\",\"target\":[\"https:\/\/now-news.de\/de\/deutschland\/tote-und-verletzte-bei-explosion-eines-treibstofflagers-in-bergkarabach\/\"]}]},{\"@type\":\"ImageObject\",\"inLanguage\":\"de\",\"@id\":\"https:\/\/now-news.de\/de\/deutschland\/tote-und-verletzte-bei-explosion-eines-treibstofflagers-in-bergkarabach\/#primaryimage\",\"url\":\"https:\/\/now-news.de\/de\/wp-content\/uploads\/sites\/3\/2023\/09\/Tote-und-Verletzte-bei-Explosion-eines-Treibstofflagers-in-Bergkarabach.jpg\",\"contentUrl\":\"https:\/\/now-news.de\/de\/wp-content\/uploads\/sites\/3\/2023\/09\/Tote-und-Verletzte-bei-Explosion-eines-Treibstofflagers-in-Bergkarabach.jpg\",\"width\":460,\"height\":259,\"caption\":\"Tote und Verletzte bei Explosion eines Treibstofflagers in Bergkarabach\"},{\"@type\":\"BreadcrumbList\",\"@id\":\"https:\/\/now-news.de\/de\/deutschland\/tote-und-verletzte-bei-explosion-eines-treibstofflagers-in-bergkarabach\/#breadcrumb\",\"itemListElement\":[{\"@type\":\"ListItem\",\"position\":1,\"name\":\"Home\",\"item\":\"https:\/\/now-news.de\/de\/\"},{\"@type\":\"ListItem\",\"position\":2,\"name\":\"Tote und Verletzte bei Explosion eines Treibstofflagers in Bergkarabach\"}]},{\"@type\":\"WebSite\",\"@id\":\"https:\/\/now-news.de\/de\/#website\",\"url\":\"https:\/\/now-news.de\/de\/\",\"name\":\"just-now.NEWS Deutschland\",\"description\":\"Das Portal f\u00fcr unzensierte Nachrichten aus der Welt\",\"publisher\":{\"@id\":\"https:\/\/now-news.de\/de\/#organization\"},\"potentialAction\":[{\"@type\":\"SearchAction\",\"target\":{\"@type\":\"EntryPoint\",\"urlTemplate\":\"https:\/\/now-news.de\/de\/?s={search_term_string}\"},\"query-input\":\"required name=search_term_string\"}],\"inLanguage\":\"de\"},{\"@type\":\"Organization\",\"@id\":\"https:\/\/now-news.de\/de\/#organization\",\"name\":\"Just Now News\",\"url\":\"https:\/\/now-news.de\/de\/\",\"logo\":{\"@type\":\"ImageObject\",\"inLanguage\":\"de\",\"@id\":\"https:\/\/now-news.de\/de\/#\/schema\/logo\/image\/\",\"url\":\"http:\/\/just-now.news\/de\/wp-content\/uploads\/sites\/3\/2022\/04\/logo500x500.jpg\",\"contentUrl\":\"http:\/\/just-now.news\/de\/wp-content\/uploads\/sites\/3\/2022\/04\/logo500x500.jpg\",\"width\":500,\"height\":500,\"caption\":\"Just Now News\"},\"image\":{\"@id\":\"https:\/\/now-news.de\/de\/#\/schema\/logo\/image\/\"},\"sameAs\":[\"https:\/\/www.facebook.com\/wirmachenauf\",\"https:\/\/x.com\/WirMachenAuf_de\"]},{\"@type\":\"Person\",\"@id\":\"https:\/\/now-news.de\/de\/#\/schema\/person\/fb534a4e865501d8b3285208df34a9b5\",\"name\":\"rtnews\",\"image\":{\"@type\":\"ImageObject\",\"inLanguage\":\"de\",\"@id\":\"https:\/\/now-news.de\/de\/#\/schema\/person\/image\/\",\"url\":\"https:\/\/secure.gravatar.com\/avatar\/82aafea7d8127119dd649515f56e2117?s=96&d=mm&r=g\",\"contentUrl\":\"https:\/\/secure.gravatar.com\/avatar\/82aafea7d8127119dd649515f56e2117?s=96&d=mm&r=g\",\"caption\":\"rtnews\"},\"url\":\"https:\/\/now-news.de\/de\/author\/rnews\/\"}]}<\/script>\n<!-- \/ Yoast SEO Premium plugin. -->","yoast_head_json":{"title":"Tote und Verletzte bei Explosion eines Treibstofflagers in Bergkarabach - just-now.NEWS Deutschland","robots":{"index":"index","follow":"follow","max-snippet":"max-snippet:-1","max-image-preview":"max-image-preview:large","max-video-preview":"max-video-preview:-1"},"canonical":"https:\/\/now-news.de\/de\/deutschland\/tote-und-verletzte-bei-explosion-eines-treibstofflagers-in-bergkarabach\/","og_locale":"de_DE","og_type":"article","og_title":"Tote und Verletzte bei Explosion eines Treibstofflagers in Bergkarabach","og_description":"Laut Angaben des Gesundheitsministeriums von Bergkarabach gab es bei einer schweren Explosion eines Treibstofftanks an der Autobahn Stepanakert-Askeran mehr als 20 Tote und Hunderte Verletzte. Bei den Opfern handelt es sich um Menschen auf der Flucht in Richtung Armenien. Bei einer Explosion in einem Treibstofflager neben der Autobahn Stepanakert-Askeran in Bergkarabach sind 20 Menschen ums [&hellip;]","og_url":"https:\/\/now-news.de\/de\/deutschland\/tote-und-verletzte-bei-explosion-eines-treibstofflagers-in-bergkarabach\/","og_site_name":"just-now.NEWS Deutschland","article_publisher":"https:\/\/www.facebook.com\/wirmachenauf","article_published_time":"2023-09-26T11:37:39+00:00","og_image":[{"width":460,"height":259,"url":"https:\/\/now-news.de\/de\/wp-content\/uploads\/sites\/3\/2023\/09\/Tote-und-Verletzte-bei-Explosion-eines-Treibstofflagers-in-Bergkarabach.jpg","type":"image\/jpeg"}],"author":"rtnews","twitter_card":"summary_large_image","twitter_creator":"@WirMachenAuf_de","twitter_site":"@WirMachenAuf_de","twitter_misc":{"Verfasst von":"rtnews","Gesch\u00e4tzte Lesezeit":"1\u00a0Minute"},"schema":{"@context":"https:\/\/schema.org","@graph":[{"@type":"Article","@id":"https:\/\/now-news.de\/de\/deutschland\/tote-und-verletzte-bei-explosion-eines-treibstofflagers-in-bergkarabach\/#article","isPartOf":{"@id":"https:\/\/now-news.de\/de\/deutschland\/tote-und-verletzte-bei-explosion-eines-treibstofflagers-in-bergkarabach\/"},"author":{"name":"rtnews","@id":"https:\/\/now-news.de\/de\/#\/schema\/person\/fb534a4e865501d8b3285208df34a9b5"},"headline":"Tote und Verletzte bei Explosion eines Treibstofflagers in Bergkarabach","datePublished":"2023-09-26T11:37:39+00:00","dateModified":"2023-09-26T11:37:39+00:00","mainEntityOfPage":{"@id":"https:\/\/now-news.de\/de\/deutschland\/tote-und-verletzte-bei-explosion-eines-treibstofflagers-in-bergkarabach\/"},"wordCount":293,"commentCount":0,"publisher":{"@id":"https:\/\/now-news.de\/de\/#organization"},"image":{"@id":"https:\/\/now-news.de\/de\/deutschland\/tote-und-verletzte-bei-explosion-eines-treibstofflagers-in-bergkarabach\/#primaryimage"},"thumbnailUrl":"https:\/\/now-news.de\/de\/wp-content\/uploads\/sites\/3\/2023\/09\/Tote-und-Verletzte-bei-Explosion-eines-Treibstofflagers-in-Bergkarabach.jpg","keywords":["bei","BergKarabach","eines","Explosion","Tote","Treibstofflagers","und","Verletzte"],"articleSection":["Deutschland","Russland"],"inLanguage":"de","potentialAction":[{"@type":"CommentAction","name":"Comment","target":["https:\/\/now-news.de\/de\/deutschland\/tote-und-verletzte-bei-explosion-eines-treibstofflagers-in-bergkarabach\/#respond"]}]},{"@type":"WebPage","@id":"https:\/\/now-news.de\/de\/deutschland\/tote-und-verletzte-bei-explosion-eines-treibstofflagers-in-bergkarabach\/","url":"https:\/\/now-news.de\/de\/deutschland\/tote-und-verletzte-bei-explosion-eines-treibstofflagers-in-bergkarabach\/","name":"Tote und Verletzte bei Explosion eines Treibstofflagers in Bergkarabach - just-now.NEWS Deutschland","isPartOf":{"@id":"https:\/\/now-news.de\/de\/#website"},"primaryImageOfPage":{"@id":"https:\/\/now-news.de\/de\/deutschland\/tote-und-verletzte-bei-explosion-eines-treibstofflagers-in-bergkarabach\/#primaryimage"},"image":{"@id":"https:\/\/now-news.de\/de\/deutschland\/tote-und-verletzte-bei-explosion-eines-treibstofflagers-in-bergkarabach\/#primaryimage"},"thumbnailUrl":"https:\/\/now-news.de\/de\/wp-content\/uploads\/sites\/3\/2023\/09\/Tote-und-Verletzte-bei-Explosion-eines-Treibstofflagers-in-Bergkarabach.jpg","datePublished":"2023-09-26T11:37:39+00:00","dateModified":"2023-09-26T11:37:39+00:00","breadcrumb":{"@id":"https:\/\/now-news.de\/de\/deutschland\/tote-und-verletzte-bei-explosion-eines-treibstofflagers-in-bergkarabach\/#breadcrumb"},"inLanguage":"de","potentialAction":[{"@type":"ReadAction","target":["https:\/\/now-news.de\/de\/deutschland\/tote-und-verletzte-bei-explosion-eines-treibstofflagers-in-bergkarabach\/"]}]},{"@type":"ImageObject","inLanguage":"de","@id":"https:\/\/now-news.de\/de\/deutschland\/tote-und-verletzte-bei-explosion-eines-treibstofflagers-in-bergkarabach\/#primaryimage","url":"https:\/\/now-news.de\/de\/wp-content\/uploads\/sites\/3\/2023\/09\/Tote-und-Verletzte-bei-Explosion-eines-Treibstofflagers-in-Bergkarabach.jpg","contentUrl":"https:\/\/now-news.de\/de\/wp-content\/uploads\/sites\/3\/2023\/09\/Tote-und-Verletzte-bei-Explosion-eines-Treibstofflagers-in-Bergkarabach.jpg","width":460,"height":259,"caption":"Tote und Verletzte bei Explosion eines Treibstofflagers in Bergkarabach"},{"@type":"BreadcrumbList","@id":"https:\/\/now-news.de\/de\/deutschland\/tote-und-verletzte-bei-explosion-eines-treibstofflagers-in-bergkarabach\/#breadcrumb","itemListElement":[{"@type":"ListItem","position":1,"name":"Home","item":"https:\/\/now-news.de\/de\/"},{"@type":"ListItem","position":2,"name":"Tote und Verletzte bei Explosion eines Treibstofflagers in Bergkarabach"}]},{"@type":"WebSite","@id":"https:\/\/now-news.de\/de\/#website","url":"https:\/\/now-news.de\/de\/","name":"just-now.NEWS Deutschland","description":"Das Portal f\u00fcr unzensierte Nachrichten aus der Welt","publisher":{"@id":"https:\/\/now-news.de\/de\/#organization"},"potentialAction":[{"@type":"SearchAction","target":{"@type":"EntryPoint","urlTemplate":"https:\/\/now-news.de\/de\/?s={search_term_string}"},"query-input":"required name=search_term_string"}],"inLanguage":"de"},{"@type":"Organization","@id":"https:\/\/now-news.de\/de\/#organization","name":"Just Now News","url":"https:\/\/now-news.de\/de\/","logo":{"@type":"ImageObject","inLanguage":"de","@id":"https:\/\/now-news.de\/de\/#\/schema\/logo\/image\/","url":"http:\/\/just-now.news\/de\/wp-content\/uploads\/sites\/3\/2022\/04\/logo500x500.jpg","contentUrl":"http:\/\/just-now.news\/de\/wp-content\/uploads\/sites\/3\/2022\/04\/logo500x500.jpg","width":500,"height":500,"caption":"Just Now News"},"image":{"@id":"https:\/\/now-news.de\/de\/#\/schema\/logo\/image\/"},"sameAs":["https:\/\/www.facebook.com\/wirmachenauf","https:\/\/x.com\/WirMachenAuf_de"]},{"@type":"Person","@id":"https:\/\/now-news.de\/de\/#\/schema\/person\/fb534a4e865501d8b3285208df34a9b5","name":"rtnews","image":{"@type":"ImageObject","inLanguage":"de","@id":"https:\/\/now-news.de\/de\/#\/schema\/person\/image\/","url":"https:\/\/secure.gravatar.com\/avatar\/82aafea7d8127119dd649515f56e2117?s=96&d=mm&r=g","contentUrl":"https:\/\/secure.gravatar.com\/avatar\/82aafea7d8127119dd649515f56e2117?s=96&d=mm&r=g","caption":"rtnews"},"url":"https:\/\/now-news.de\/de\/author\/rnews\/"}]}},"_links":{"self":[{"href":"https:\/\/now-news.de\/de\/wp-json\/wp\/v2\/posts\/47026"}],"collection":[{"href":"https:\/\/now-news.de\/de\/wp-json\/wp\/v2\/posts"}],"about":[{"href":"https:\/\/now-news.de\/de\/wp-json\/wp\/v2\/types\/post"}],"author":[{"embeddable":true,"href":"https:\/\/now-news.de\/de\/wp-json\/wp\/v2\/users\/3"}],"replies":[{"embeddable":true,"href":"https:\/\/now-news.de\/de\/wp-json\/wp\/v2\/comments?post=47026"}],"version-history":[{"count":0,"href":"https:\/\/now-news.de\/de\/wp-json\/wp\/v2\/posts\/47026\/revisions"}],"wp:featuredmedia":[{"embeddable":true,"href":"https:\/\/now-news.de\/de\/wp-json\/wp\/v2\/media\/47027"}],"wp:attachment":[{"href":"https:\/\/now-news.de\/de\/wp-json\/wp\/v2\/media?parent=47026"}],"wp:term":[{"taxonomy":"category","embeddable":true,"href":"https:\/\/now-news.de\/de\/wp-json\/wp\/v2\/categories?post=47026"},{"taxonomy":"post_tag","embeddable":true,"href":"https:\/\/now-news.de\/de\/wp-json\/wp\/v2\/tags?post=47026"}],"curies":[{"name":"wp","href":"https:\/\/api.w.org\/{rel}","templated":true}]}}