{"id":47020,"date":"2023-09-26T13:05:58","date_gmt":"2023-09-26T11:05:58","guid":{"rendered":"https:\/\/just-now.news\/de\/deutschland\/nach-monatelangen-demuetigungen-macron-kapituliert-vor-den-neuen-staatenlenkern-in-niger\/"},"modified":"2023-09-26T13:05:58","modified_gmt":"2023-09-26T11:05:58","slug":"nach-monatelangen-demuetigungen-macron-kapituliert-vor-den-neuen-staatenlenkern-in-niger","status":"publish","type":"post","link":"https:\/\/now-news.de\/de\/deutschland\/nach-monatelangen-demuetigungen-macron-kapituliert-vor-den-neuen-staatenlenkern-in-niger\/","title":{"rendered":"Nach monatelangen Dem\u00fctigungen: Macron kapituliert vor den neuen Staatenlenkern in Niger"},"content":{"rendered":"<p><img decoding=\"async\" src=\"http:\/\/just-now.news\/de\/wp-content\/uploads\/sites\/3\/2023\/09\/651282bfb480cc44ca3428f7.jpg\" \/><\/p>\n<div class=\"Text-root Text-type_1 \">\n                Frankreich wird wohl bald seine Truppen aus dem westafrikanischen Niger abziehen. In letzter Zeit h\u00e4uften sich die Dem\u00fctigungen und antifranz\u00f6sischen Aktionen in Niger. Frankreich scheint sukzessive seinen seit Kolonialzeiten traditionellen Einfluss in Afrika zu verlieren.\n            <\/div>\n<p><\/p>\n<div class=\"Text-root Text-type_5 ArticleView-text ViewText-root \">\n<p>Knapp zwei Monate nach dem patriotischen Putsch in Niger k\u00fcndigt Frankreich \u2013 nach der Ausweisung und dem R\u00fcckruf des franz\u00f6sischen Botschafters aus dem afrikanischen Land \u2013 nun auch den R\u00fcckzug des franz\u00f6sischen Milit\u00e4rs aus Niger an. Das teilte der franz\u00f6sische Pr\u00e4sident\u00a0Emmanuel Macron\u00a0pers\u00f6nlich am Sonntagabend in einem Fernsehinterview auf <em>France 2<\/em> und <em>TF1<\/em> mit. Die bisherigen Aufforderungen der neuen Staatenlenker, die franz\u00f6sischen Streitkr\u00e4fte abzuziehen und den Botschafter Frankreichs auszufliegen, hatte man in Paris wiederholt abgelehnt \u2013 und zwar mit der Begr\u00fcndung, dass Frankreich die nigrischen Putschisten nicht als &#8220;legitime&#8221; F\u00fchrung des Landes anerkenne.<\/p>\n<p>In letzter Zeit musste Frankreich eine Reihe von Dem\u00fctigungen und antifranz\u00f6sischen Provokationen in Niger hinnehmen.\u00a0Der mit dem Putsch als vorl\u00e4ufiger Staatschef aufgetretene General Abdourahamane Tchiani hatte zuletzt keine Lebensmittellieferungen mehr zur Botschaft der ehemaligen Kolonialmacht Frankreich zugelassen. Zuvor war dem franz\u00f6sischen Botschafter bereits seine Akkreditierung im Land entzogen worden. Nach Informationen des franz\u00f6sischen Au\u00dfenministeriums waren die Lebensbedingungen f\u00fcr den Botschafter somit immer prek\u00e4rer geworden. Er ern\u00e4hre sich von milit\u00e4rischen &#8220;Notfallrationen&#8221;, hie\u00df es. Letzte Woche verlautbarte Macron, der franz\u00f6sische Botschafter w\u00fcrde seit dem Putsch in Niger in &#8220;Geiselhaft&#8221; sitzen.<\/p>\n<p>Der von der Milit\u00e4rregierung Anfang August ernannte neue Ministerpr\u00e4sident Ali Lamine Zeine hatte zuvor erkl\u00e4rt, die franz\u00f6sischen Streitkr\u00e4fte hielten sich fortan &#8220;illegal&#8221; in Niger auf. Frankreich k\u00fcndigte danach an, einen Teilabzug seiner Truppen in Niger\u00a0vollziehen zu wollen. In den vergangenen\u00a0Wochen demonstrierten immer wieder tausende Menschen in Niger f\u00fcr einen Abzug der franz\u00f6sischen Truppen aus dem westafrikanischen Land. Paris hat noch etwa 1.500 Soldaten in Niger stationiert.\u00a0Laut der j\u00fcngsten Entscheidung Macrons sollen aber nun die gesamten franz\u00f6sischen Streitkr\u00e4fte das Land verlassen. Dabei ist auch anzumerken, dass\u00a0wohl auch f\u00fcr die anderthalbtausend franz\u00f6sischen Soldaten im Land kein Nachschub mit Lebensmitteln mehr garantiert sein soll. In der franz\u00f6sischen Presse gab es sogar Berichte, wonach die franz\u00f6sischen Soldaten selbst ihren Unmut bereits lautstark bekunden w\u00fcrden.<\/p>\n<p>Nigers neue Regierung warf\u00a0Frankreich bereits mehrfach eine Einmischung in innere Angelegenheiten des Landes vor. Die Junta in Niger beschuldigte insbesondere den franz\u00f6sischen Pr\u00e4sidenten Emmanuel Macron, der seine Unterst\u00fctzung f\u00fcr den gest\u00fcrzten Staatschef Mohamed Bazoum bekr\u00e4ftigt hatte, eine &#8220;neokoloniale Operation gegen das nigrische Volk&#8221; fortzusetzen.<\/p>\n<p>Frankreich scheint somit sukzessive seinen seit Kolonialzeiten traditionellen Einfluss in Afrika zu verlieren. Niger ist nur ein weiterer Schritt auf dem Weg des schwindenden Einflusses in Afrika. F\u00fcr Frankreich scheint die Ausgangslage im Sahel besonders ung\u00fcnstig zu sein: Nach den Putschen in den ehemaligen franz\u00f6sischen Kolonien Mali, Burkina Faso und Niger folgte in den Wochen danach noch ein Staatsstreich in Gabun. Die j\u00fcngsten Putsche innerhalb von weniger als drei Jahren haben Frankreichs Stellung geschw\u00e4cht, Macron spricht schon \u00fcber eine &#8220;Epidemie von Putschen&#8221;. Aus Burkina Faso und Mali hat sich Frankreich mit seinen Truppen bereits zur\u00fcckgezogen.\u00a0Niger ist allerdings strategisch wichtig, denn es produzierte bisher f\u00fcnf Prozent des weltweiten Uranaufkommens, wovon der gr\u00f6\u00dfte Teil nach Frankreich exportiert wurde, um es dort in dessen Kernkraftwerken zur Energiegewinnung zu verwenden.<\/p>\n<p>Die F\u00fchrung in Paris\u00a0unterst\u00fctzt derzeit die harte Haltung der Wirtschaftsgemeinschaft Westafrikanischer Staaten (ECOWAS), einschlie\u00dflich deren Androhung milit\u00e4rischer Ma\u00dfnahmen gegen Niger. Es gibt allerdings bisher keine hinreichende Einigkeit unter den ECOWAS-Mitgliedstaaten f\u00fcr eine Intervention. Insofern bleibt unklar, ob Frankreich die ECOWAS zu einer Invasion bewegen will, um damit auch j\u00fcngste Imagesch\u00e4den\u00a0f\u00fcr Frankreich in Afrika zu\u00a0minimieren. Das w\u00e4re ein m\u00f6glicher Schritt, der f\u00fcr Frankreich und den gesamten Westen\u00a0allerdings unvorhersehbare Konsequenzen h\u00e4tte.<\/p>\n<p><strong>Mehr zum Thema<\/strong> &#8211; <a rel=\"nofollow noopener\" target=\"_blank\" href=\"https:\/\/freeassange.rtde.life\/europa\/179269-macrons-rede-zur-afrika-politik\/\">Macrons Rede zur Afrika-Politik: Fallen die USA den Franzosen in Niger in den R\u00fccken?<\/a><\/p>\n<\/div>\n<p><br \/>\n<br \/><a href=\"https:\/\/de.rt.com\/afrika\/181837-nach-monatelangen-demuetigungen-macron-kapituliert\/\">Source link <\/a><\/p>\n","protected":false},"excerpt":{"rendered":"<p>Frankreich wird wohl bald seine Truppen aus dem westafrikanischen Niger abziehen. In letzter Zeit h\u00e4uften sich die Dem\u00fctigungen und antifranz\u00f6sischen Aktionen in Niger. Frankreich scheint sukzessive seinen seit Kolonialzeiten traditionellen Einfluss in Afrika zu verlieren. Knapp zwei Monate nach dem patriotischen Putsch in Niger k\u00fcndigt Frankreich \u2013 nach der Ausweisung und dem R\u00fcckruf des franz\u00f6sischen [&hellip;]<\/p>\n","protected":false},"author":3,"featured_media":47021,"comment_status":"open","ping_status":"open","sticky":false,"template":"","format":"standard","meta":{"_yoast_indexnow_last_ping":["1695727068"],"wp_automatic_camp":["217"],"2ce9cd8df6a8121d085a506bbc3f2e2b":["Nach monatelangen Dem\u00fctigungen: Macron kapituliert vor den neuen Staatenlenkern in Niger"],"original_link":["https:\/\/de.rt.com\/afrika\/181837-nach-monatelangen-demuetigungen-macron-kapituliert\/"],"_thumbnail_id":["47021"],"_wptgpro_p2tg_sent2tg":["a:1:{i:23737;s:19:\"2023-09-26 13:18:49\";}"],"jnews_social_counter_last_update":["1777341145"]},"categories":[19,23],"tags":[36020,48,48474,1711,49242,979,213,36434,49243,320],"yoast_head":"<!-- This site is optimized with the Yoast SEO Premium plugin v22.7 (Yoast SEO v22.7) - https:\/\/yoast.com\/wordpress\/plugins\/seo\/ -->\n<title>Nach monatelangen Dem\u00fctigungen: Macron kapituliert vor den neuen Staatenlenkern in Niger - just-now.NEWS Deutschland<\/title>\n<meta name=\"robots\" content=\"index, follow, max-snippet:-1, max-image-preview:large, max-video-preview:-1\" \/>\n<link rel=\"canonical\" href=\"https:\/\/now-news.de\/de\/deutschland\/nach-monatelangen-demuetigungen-macron-kapituliert-vor-den-neuen-staatenlenkern-in-niger\/\" \/>\n<meta property=\"og:locale\" content=\"de_DE\" \/>\n<meta property=\"og:type\" content=\"article\" \/>\n<meta property=\"og:title\" content=\"Nach monatelangen Dem\u00fctigungen: Macron kapituliert vor den neuen Staatenlenkern in Niger\" \/>\n<meta property=\"og:description\" content=\"Frankreich wird wohl bald seine Truppen aus dem westafrikanischen Niger abziehen. In letzter Zeit h\u00e4uften sich die Dem\u00fctigungen und antifranz\u00f6sischen Aktionen in Niger. Frankreich scheint sukzessive seinen seit Kolonialzeiten traditionellen Einfluss in Afrika zu verlieren. Knapp zwei Monate nach dem patriotischen Putsch in Niger k\u00fcndigt Frankreich \u2013 nach der Ausweisung und dem R\u00fcckruf des franz\u00f6sischen [&hellip;]\" \/>\n<meta property=\"og:url\" content=\"https:\/\/now-news.de\/de\/deutschland\/nach-monatelangen-demuetigungen-macron-kapituliert-vor-den-neuen-staatenlenkern-in-niger\/\" \/>\n<meta property=\"og:site_name\" content=\"just-now.NEWS Deutschland\" \/>\n<meta property=\"article:publisher\" content=\"https:\/\/www.facebook.com\/wirmachenauf\" \/>\n<meta property=\"article:published_time\" content=\"2023-09-26T11:05:58+00:00\" \/>\n<meta property=\"og:image\" content=\"https:\/\/now-news.de\/de\/wp-content\/uploads\/sites\/3\/2023\/09\/Nach-monatelangen-Demuetigungen-Macron-kapituliert-vor-den-neuen-Staatenlenkern-in.jpg\" \/>\n\t<meta property=\"og:image:width\" content=\"460\" \/>\n\t<meta property=\"og:image:height\" content=\"259\" \/>\n\t<meta property=\"og:image:type\" content=\"image\/jpeg\" \/>\n<meta name=\"author\" content=\"rtnews\" \/>\n<meta name=\"twitter:card\" content=\"summary_large_image\" \/>\n<meta name=\"twitter:creator\" content=\"@WirMachenAuf_de\" \/>\n<meta name=\"twitter:site\" content=\"@WirMachenAuf_de\" \/>\n<meta name=\"twitter:label1\" content=\"Verfasst von\" \/>\n\t<meta name=\"twitter:data1\" content=\"rtnews\" \/>\n\t<meta name=\"twitter:label2\" content=\"Gesch\u00e4tzte Lesezeit\" \/>\n\t<meta name=\"twitter:data2\" content=\"3\u00a0Minuten\" \/>\n<script type=\"application\/ld+json\" class=\"yoast-schema-graph\">{\"@context\":\"https:\/\/schema.org\",\"@graph\":[{\"@type\":\"Article\",\"@id\":\"https:\/\/now-news.de\/de\/deutschland\/nach-monatelangen-demuetigungen-macron-kapituliert-vor-den-neuen-staatenlenkern-in-niger\/#article\",\"isPartOf\":{\"@id\":\"https:\/\/now-news.de\/de\/deutschland\/nach-monatelangen-demuetigungen-macron-kapituliert-vor-den-neuen-staatenlenkern-in-niger\/\"},\"author\":{\"name\":\"rtnews\",\"@id\":\"https:\/\/now-news.de\/de\/#\/schema\/person\/fb534a4e865501d8b3285208df34a9b5\"},\"headline\":\"Nach monatelangen Dem\u00fctigungen: Macron kapituliert vor den neuen Staatenlenkern in Niger\",\"datePublished\":\"2023-09-26T11:05:58+00:00\",\"dateModified\":\"2023-09-26T11:05:58+00:00\",\"mainEntityOfPage\":{\"@id\":\"https:\/\/now-news.de\/de\/deutschland\/nach-monatelangen-demuetigungen-macron-kapituliert-vor-den-neuen-staatenlenkern-in-niger\/\"},\"wordCount\":687,\"commentCount\":0,\"publisher\":{\"@id\":\"https:\/\/now-news.de\/de\/#organization\"},\"image\":{\"@id\":\"https:\/\/now-news.de\/de\/deutschland\/nach-monatelangen-demuetigungen-macron-kapituliert-vor-den-neuen-staatenlenkern-in-niger\/#primaryimage\"},\"thumbnailUrl\":\"https:\/\/now-news.de\/de\/wp-content\/uploads\/sites\/3\/2023\/09\/Nach-monatelangen-Demuetigungen-Macron-kapituliert-vor-den-neuen-Staatenlenkern-in.jpg\",\"keywords\":[\"Dem\u00fctigungen\",\"den\",\"kapituliert\",\"macron\",\"monatelangen\",\"nach\",\"neuen\",\"Niger\",\"Staatenlenkern\",\"vor\"],\"articleSection\":[\"Deutschland\",\"Russland\"],\"inLanguage\":\"de\",\"potentialAction\":[{\"@type\":\"CommentAction\",\"name\":\"Comment\",\"target\":[\"https:\/\/now-news.de\/de\/deutschland\/nach-monatelangen-demuetigungen-macron-kapituliert-vor-den-neuen-staatenlenkern-in-niger\/#respond\"]}]},{\"@type\":\"WebPage\",\"@id\":\"https:\/\/now-news.de\/de\/deutschland\/nach-monatelangen-demuetigungen-macron-kapituliert-vor-den-neuen-staatenlenkern-in-niger\/\",\"url\":\"https:\/\/now-news.de\/de\/deutschland\/nach-monatelangen-demuetigungen-macron-kapituliert-vor-den-neuen-staatenlenkern-in-niger\/\",\"name\":\"Nach monatelangen Dem\u00fctigungen: Macron kapituliert vor den neuen Staatenlenkern in Niger - just-now.NEWS Deutschland\",\"isPartOf\":{\"@id\":\"https:\/\/now-news.de\/de\/#website\"},\"primaryImageOfPage\":{\"@id\":\"https:\/\/now-news.de\/de\/deutschland\/nach-monatelangen-demuetigungen-macron-kapituliert-vor-den-neuen-staatenlenkern-in-niger\/#primaryimage\"},\"image\":{\"@id\":\"https:\/\/now-news.de\/de\/deutschland\/nach-monatelangen-demuetigungen-macron-kapituliert-vor-den-neuen-staatenlenkern-in-niger\/#primaryimage\"},\"thumbnailUrl\":\"https:\/\/now-news.de\/de\/wp-content\/uploads\/sites\/3\/2023\/09\/Nach-monatelangen-Demuetigungen-Macron-kapituliert-vor-den-neuen-Staatenlenkern-in.jpg\",\"datePublished\":\"2023-09-26T11:05:58+00:00\",\"dateModified\":\"2023-09-26T11:05:58+00:00\",\"breadcrumb\":{\"@id\":\"https:\/\/now-news.de\/de\/deutschland\/nach-monatelangen-demuetigungen-macron-kapituliert-vor-den-neuen-staatenlenkern-in-niger\/#breadcrumb\"},\"inLanguage\":\"de\",\"potentialAction\":[{\"@type\":\"ReadAction\",\"target\":[\"https:\/\/now-news.de\/de\/deutschland\/nach-monatelangen-demuetigungen-macron-kapituliert-vor-den-neuen-staatenlenkern-in-niger\/\"]}]},{\"@type\":\"ImageObject\",\"inLanguage\":\"de\",\"@id\":\"https:\/\/now-news.de\/de\/deutschland\/nach-monatelangen-demuetigungen-macron-kapituliert-vor-den-neuen-staatenlenkern-in-niger\/#primaryimage\",\"url\":\"https:\/\/now-news.de\/de\/wp-content\/uploads\/sites\/3\/2023\/09\/Nach-monatelangen-Demuetigungen-Macron-kapituliert-vor-den-neuen-Staatenlenkern-in.jpg\",\"contentUrl\":\"https:\/\/now-news.de\/de\/wp-content\/uploads\/sites\/3\/2023\/09\/Nach-monatelangen-Demuetigungen-Macron-kapituliert-vor-den-neuen-Staatenlenkern-in.jpg\",\"width\":460,\"height\":259,\"caption\":\"Nach monatelangen Dem\u00fctigungen: Macron kapituliert vor den neuen Staatenlenkern in Niger\"},{\"@type\":\"BreadcrumbList\",\"@id\":\"https:\/\/now-news.de\/de\/deutschland\/nach-monatelangen-demuetigungen-macron-kapituliert-vor-den-neuen-staatenlenkern-in-niger\/#breadcrumb\",\"itemListElement\":[{\"@type\":\"ListItem\",\"position\":1,\"name\":\"Home\",\"item\":\"https:\/\/now-news.de\/de\/\"},{\"@type\":\"ListItem\",\"position\":2,\"name\":\"Nach monatelangen Dem\u00fctigungen: Macron kapituliert vor den neuen Staatenlenkern in Niger\"}]},{\"@type\":\"WebSite\",\"@id\":\"https:\/\/now-news.de\/de\/#website\",\"url\":\"https:\/\/now-news.de\/de\/\",\"name\":\"just-now.NEWS Deutschland\",\"description\":\"Das Portal f\u00fcr unzensierte Nachrichten aus der Welt\",\"publisher\":{\"@id\":\"https:\/\/now-news.de\/de\/#organization\"},\"potentialAction\":[{\"@type\":\"SearchAction\",\"target\":{\"@type\":\"EntryPoint\",\"urlTemplate\":\"https:\/\/now-news.de\/de\/?s={search_term_string}\"},\"query-input\":\"required name=search_term_string\"}],\"inLanguage\":\"de\"},{\"@type\":\"Organization\",\"@id\":\"https:\/\/now-news.de\/de\/#organization\",\"name\":\"Just Now News\",\"url\":\"https:\/\/now-news.de\/de\/\",\"logo\":{\"@type\":\"ImageObject\",\"inLanguage\":\"de\",\"@id\":\"https:\/\/now-news.de\/de\/#\/schema\/logo\/image\/\",\"url\":\"http:\/\/just-now.news\/de\/wp-content\/uploads\/sites\/3\/2022\/04\/logo500x500.jpg\",\"contentUrl\":\"http:\/\/just-now.news\/de\/wp-content\/uploads\/sites\/3\/2022\/04\/logo500x500.jpg\",\"width\":500,\"height\":500,\"caption\":\"Just Now News\"},\"image\":{\"@id\":\"https:\/\/now-news.de\/de\/#\/schema\/logo\/image\/\"},\"sameAs\":[\"https:\/\/www.facebook.com\/wirmachenauf\",\"https:\/\/x.com\/WirMachenAuf_de\"]},{\"@type\":\"Person\",\"@id\":\"https:\/\/now-news.de\/de\/#\/schema\/person\/fb534a4e865501d8b3285208df34a9b5\",\"name\":\"rtnews\",\"image\":{\"@type\":\"ImageObject\",\"inLanguage\":\"de\",\"@id\":\"https:\/\/now-news.de\/de\/#\/schema\/person\/image\/\",\"url\":\"https:\/\/secure.gravatar.com\/avatar\/82aafea7d8127119dd649515f56e2117?s=96&d=mm&r=g\",\"contentUrl\":\"https:\/\/secure.gravatar.com\/avatar\/82aafea7d8127119dd649515f56e2117?s=96&d=mm&r=g\",\"caption\":\"rtnews\"},\"url\":\"https:\/\/now-news.de\/de\/author\/rnews\/\"}]}<\/script>\n<!-- \/ Yoast SEO Premium plugin. -->","yoast_head_json":{"title":"Nach monatelangen Dem\u00fctigungen: Macron kapituliert vor den neuen Staatenlenkern in Niger - just-now.NEWS Deutschland","robots":{"index":"index","follow":"follow","max-snippet":"max-snippet:-1","max-image-preview":"max-image-preview:large","max-video-preview":"max-video-preview:-1"},"canonical":"https:\/\/now-news.de\/de\/deutschland\/nach-monatelangen-demuetigungen-macron-kapituliert-vor-den-neuen-staatenlenkern-in-niger\/","og_locale":"de_DE","og_type":"article","og_title":"Nach monatelangen Dem\u00fctigungen: Macron kapituliert vor den neuen Staatenlenkern in Niger","og_description":"Frankreich wird wohl bald seine Truppen aus dem westafrikanischen Niger abziehen. In letzter Zeit h\u00e4uften sich die Dem\u00fctigungen und antifranz\u00f6sischen Aktionen in Niger. Frankreich scheint sukzessive seinen seit Kolonialzeiten traditionellen Einfluss in Afrika zu verlieren. Knapp zwei Monate nach dem patriotischen Putsch in Niger k\u00fcndigt Frankreich \u2013 nach der Ausweisung und dem R\u00fcckruf des franz\u00f6sischen [&hellip;]","og_url":"https:\/\/now-news.de\/de\/deutschland\/nach-monatelangen-demuetigungen-macron-kapituliert-vor-den-neuen-staatenlenkern-in-niger\/","og_site_name":"just-now.NEWS Deutschland","article_publisher":"https:\/\/www.facebook.com\/wirmachenauf","article_published_time":"2023-09-26T11:05:58+00:00","og_image":[{"width":460,"height":259,"url":"https:\/\/now-news.de\/de\/wp-content\/uploads\/sites\/3\/2023\/09\/Nach-monatelangen-Demuetigungen-Macron-kapituliert-vor-den-neuen-Staatenlenkern-in.jpg","type":"image\/jpeg"}],"author":"rtnews","twitter_card":"summary_large_image","twitter_creator":"@WirMachenAuf_de","twitter_site":"@WirMachenAuf_de","twitter_misc":{"Verfasst von":"rtnews","Gesch\u00e4tzte Lesezeit":"3\u00a0Minuten"},"schema":{"@context":"https:\/\/schema.org","@graph":[{"@type":"Article","@id":"https:\/\/now-news.de\/de\/deutschland\/nach-monatelangen-demuetigungen-macron-kapituliert-vor-den-neuen-staatenlenkern-in-niger\/#article","isPartOf":{"@id":"https:\/\/now-news.de\/de\/deutschland\/nach-monatelangen-demuetigungen-macron-kapituliert-vor-den-neuen-staatenlenkern-in-niger\/"},"author":{"name":"rtnews","@id":"https:\/\/now-news.de\/de\/#\/schema\/person\/fb534a4e865501d8b3285208df34a9b5"},"headline":"Nach monatelangen Dem\u00fctigungen: Macron kapituliert vor den neuen Staatenlenkern in Niger","datePublished":"2023-09-26T11:05:58+00:00","dateModified":"2023-09-26T11:05:58+00:00","mainEntityOfPage":{"@id":"https:\/\/now-news.de\/de\/deutschland\/nach-monatelangen-demuetigungen-macron-kapituliert-vor-den-neuen-staatenlenkern-in-niger\/"},"wordCount":687,"commentCount":0,"publisher":{"@id":"https:\/\/now-news.de\/de\/#organization"},"image":{"@id":"https:\/\/now-news.de\/de\/deutschland\/nach-monatelangen-demuetigungen-macron-kapituliert-vor-den-neuen-staatenlenkern-in-niger\/#primaryimage"},"thumbnailUrl":"https:\/\/now-news.de\/de\/wp-content\/uploads\/sites\/3\/2023\/09\/Nach-monatelangen-Demuetigungen-Macron-kapituliert-vor-den-neuen-Staatenlenkern-in.jpg","keywords":["Dem\u00fctigungen","den","kapituliert","macron","monatelangen","nach","neuen","Niger","Staatenlenkern","vor"],"articleSection":["Deutschland","Russland"],"inLanguage":"de","potentialAction":[{"@type":"CommentAction","name":"Comment","target":["https:\/\/now-news.de\/de\/deutschland\/nach-monatelangen-demuetigungen-macron-kapituliert-vor-den-neuen-staatenlenkern-in-niger\/#respond"]}]},{"@type":"WebPage","@id":"https:\/\/now-news.de\/de\/deutschland\/nach-monatelangen-demuetigungen-macron-kapituliert-vor-den-neuen-staatenlenkern-in-niger\/","url":"https:\/\/now-news.de\/de\/deutschland\/nach-monatelangen-demuetigungen-macron-kapituliert-vor-den-neuen-staatenlenkern-in-niger\/","name":"Nach monatelangen Dem\u00fctigungen: Macron kapituliert vor den neuen Staatenlenkern in Niger - just-now.NEWS Deutschland","isPartOf":{"@id":"https:\/\/now-news.de\/de\/#website"},"primaryImageOfPage":{"@id":"https:\/\/now-news.de\/de\/deutschland\/nach-monatelangen-demuetigungen-macron-kapituliert-vor-den-neuen-staatenlenkern-in-niger\/#primaryimage"},"image":{"@id":"https:\/\/now-news.de\/de\/deutschland\/nach-monatelangen-demuetigungen-macron-kapituliert-vor-den-neuen-staatenlenkern-in-niger\/#primaryimage"},"thumbnailUrl":"https:\/\/now-news.de\/de\/wp-content\/uploads\/sites\/3\/2023\/09\/Nach-monatelangen-Demuetigungen-Macron-kapituliert-vor-den-neuen-Staatenlenkern-in.jpg","datePublished":"2023-09-26T11:05:58+00:00","dateModified":"2023-09-26T11:05:58+00:00","breadcrumb":{"@id":"https:\/\/now-news.de\/de\/deutschland\/nach-monatelangen-demuetigungen-macron-kapituliert-vor-den-neuen-staatenlenkern-in-niger\/#breadcrumb"},"inLanguage":"de","potentialAction":[{"@type":"ReadAction","target":["https:\/\/now-news.de\/de\/deutschland\/nach-monatelangen-demuetigungen-macron-kapituliert-vor-den-neuen-staatenlenkern-in-niger\/"]}]},{"@type":"ImageObject","inLanguage":"de","@id":"https:\/\/now-news.de\/de\/deutschland\/nach-monatelangen-demuetigungen-macron-kapituliert-vor-den-neuen-staatenlenkern-in-niger\/#primaryimage","url":"https:\/\/now-news.de\/de\/wp-content\/uploads\/sites\/3\/2023\/09\/Nach-monatelangen-Demuetigungen-Macron-kapituliert-vor-den-neuen-Staatenlenkern-in.jpg","contentUrl":"https:\/\/now-news.de\/de\/wp-content\/uploads\/sites\/3\/2023\/09\/Nach-monatelangen-Demuetigungen-Macron-kapituliert-vor-den-neuen-Staatenlenkern-in.jpg","width":460,"height":259,"caption":"Nach monatelangen Dem\u00fctigungen: Macron kapituliert vor den neuen Staatenlenkern in Niger"},{"@type":"BreadcrumbList","@id":"https:\/\/now-news.de\/de\/deutschland\/nach-monatelangen-demuetigungen-macron-kapituliert-vor-den-neuen-staatenlenkern-in-niger\/#breadcrumb","itemListElement":[{"@type":"ListItem","position":1,"name":"Home","item":"https:\/\/now-news.de\/de\/"},{"@type":"ListItem","position":2,"name":"Nach monatelangen Dem\u00fctigungen: Macron kapituliert vor den neuen Staatenlenkern in Niger"}]},{"@type":"WebSite","@id":"https:\/\/now-news.de\/de\/#website","url":"https:\/\/now-news.de\/de\/","name":"just-now.NEWS Deutschland","description":"Das Portal f\u00fcr unzensierte Nachrichten aus der Welt","publisher":{"@id":"https:\/\/now-news.de\/de\/#organization"},"potentialAction":[{"@type":"SearchAction","target":{"@type":"EntryPoint","urlTemplate":"https:\/\/now-news.de\/de\/?s={search_term_string}"},"query-input":"required name=search_term_string"}],"inLanguage":"de"},{"@type":"Organization","@id":"https:\/\/now-news.de\/de\/#organization","name":"Just Now News","url":"https:\/\/now-news.de\/de\/","logo":{"@type":"ImageObject","inLanguage":"de","@id":"https:\/\/now-news.de\/de\/#\/schema\/logo\/image\/","url":"http:\/\/just-now.news\/de\/wp-content\/uploads\/sites\/3\/2022\/04\/logo500x500.jpg","contentUrl":"http:\/\/just-now.news\/de\/wp-content\/uploads\/sites\/3\/2022\/04\/logo500x500.jpg","width":500,"height":500,"caption":"Just Now News"},"image":{"@id":"https:\/\/now-news.de\/de\/#\/schema\/logo\/image\/"},"sameAs":["https:\/\/www.facebook.com\/wirmachenauf","https:\/\/x.com\/WirMachenAuf_de"]},{"@type":"Person","@id":"https:\/\/now-news.de\/de\/#\/schema\/person\/fb534a4e865501d8b3285208df34a9b5","name":"rtnews","image":{"@type":"ImageObject","inLanguage":"de","@id":"https:\/\/now-news.de\/de\/#\/schema\/person\/image\/","url":"https:\/\/secure.gravatar.com\/avatar\/82aafea7d8127119dd649515f56e2117?s=96&d=mm&r=g","contentUrl":"https:\/\/secure.gravatar.com\/avatar\/82aafea7d8127119dd649515f56e2117?s=96&d=mm&r=g","caption":"rtnews"},"url":"https:\/\/now-news.de\/de\/author\/rnews\/"}]}},"_links":{"self":[{"href":"https:\/\/now-news.de\/de\/wp-json\/wp\/v2\/posts\/47020"}],"collection":[{"href":"https:\/\/now-news.de\/de\/wp-json\/wp\/v2\/posts"}],"about":[{"href":"https:\/\/now-news.de\/de\/wp-json\/wp\/v2\/types\/post"}],"author":[{"embeddable":true,"href":"https:\/\/now-news.de\/de\/wp-json\/wp\/v2\/users\/3"}],"replies":[{"embeddable":true,"href":"https:\/\/now-news.de\/de\/wp-json\/wp\/v2\/comments?post=47020"}],"version-history":[{"count":0,"href":"https:\/\/now-news.de\/de\/wp-json\/wp\/v2\/posts\/47020\/revisions"}],"wp:featuredmedia":[{"embeddable":true,"href":"https:\/\/now-news.de\/de\/wp-json\/wp\/v2\/media\/47021"}],"wp:attachment":[{"href":"https:\/\/now-news.de\/de\/wp-json\/wp\/v2\/media?parent=47020"}],"wp:term":[{"taxonomy":"category","embeddable":true,"href":"https:\/\/now-news.de\/de\/wp-json\/wp\/v2\/categories?post=47020"},{"taxonomy":"post_tag","embeddable":true,"href":"https:\/\/now-news.de\/de\/wp-json\/wp\/v2\/tags?post=47020"}],"curies":[{"name":"wp","href":"https:\/\/api.w.org\/{rel}","templated":true}]}}