{"id":46974,"date":"2023-09-25T14:20:06","date_gmt":"2023-09-25T12:20:06","guid":{"rendered":"https:\/\/just-now.news\/de\/deutschland\/nord-stream-sprengung-jahrestag-ohne-ermittlungsergebnisse-dabei-zeigt-alles-in-eine-richtung\/"},"modified":"2023-09-25T14:20:06","modified_gmt":"2023-09-25T12:20:06","slug":"nord-stream-sprengung-jahrestag-ohne-ermittlungsergebnisse-dabei-zeigt-alles-in-eine-richtung","status":"publish","type":"post","link":"https:\/\/now-news.de\/de\/deutschland\/nord-stream-sprengung-jahrestag-ohne-ermittlungsergebnisse-dabei-zeigt-alles-in-eine-richtung\/","title":{"rendered":"Nord-Stream-Sprengung: Jahrestag ohne Ermittlungsergebnisse, dabei zeigt alles in eine Richtung"},"content":{"rendered":"<p><img decoding=\"async\" src=\"http:\/\/just-now.news\/de\/wp-content\/uploads\/sites\/3\/2023\/09\/65116854b480cc09c058e1d2.jpg\" \/><\/p>\n<div class=\"Text-root Text-type_1 \">\n                Auch nach einem Jahr ist offiziell unklar, wer f\u00fcr den Terroranschlag auf Nord Stream verantwortlich ist. Ein tats\u00e4chlicher Wille zur Aufkl\u00e4rung ist seitens der Bundesregierung nicht zu erkennen, die deutschen Medien pr\u00e4sentieren &#8220;alternative Fakten&#8221;. Dabei weist alles in eine Richtung.\n            <\/div>\n<p><\/p>\n<div class=\"Text-root Text-type_5 ArticleView-text ViewText-root \">\n<p>Heute j\u00e4hrt sich der Terroranschlag auf die Ostsee-Pipeline Nord Stream zum ersten Mal. Die Sprengung der Pipeline stellt\u00a0den schwersten Angriff\u00a0auf die Energieinfrastruktur Deutschlands nach dem Zweiten Weltkrieg dar. Der Terroranschlag ist bis heute nicht aufgekl\u00e4rt, ein sichtbarer Wille zur Aufkl\u00e4rung ist seitens der Bundesregierung nicht erkennbar.\u00a0<\/p>\n<p>In einem Tweet zum Jahrestag des Terroranschlags weist der russische Botschafter, Sergei Netschajew, auf die offenkundigen Defizite in den Ermittlungen hin. Es\u00a0l\u00e4gen auch nach einem Jahr keine greifbaren Ergebnisse vor.\u00a0Netschajew hebt zudem die mangelnde Kooperationsbereitschaft Deutschlands hervor.\u00a0<\/p>\n<blockquote>\n<p><em>&#8220;Auf offizielle Ersuchen wird formal oder mit Schweigen reagiert. Kooperationsangebote werden ausgeschlagen, genauso wie Mahnungen zur gr\u00f6\u00dftm\u00f6glichen Transparenz der Ermittlungen. All das l\u00f6st extrem ernste Besorgnis aus und wirft Fragen nach Objektivit\u00e4t und Unvoreingenommenheit der laufenden Untersuchungen auf.&#8221;<\/em><\/p>\n<\/blockquote>\n<p>Russland war von den Ermittlungen ausgeschlossen worden, obwohl die Sprengung sich auch gegen Russland und das russische Investment richtete.\u00a0<\/p>\n<div class=\"EmbedBlock-root EmbedBlock-twitter\">\n<div class=\"TwitterEmbed\">\n<blockquote class=\"twitter-tweet lazyload\" data-twitter=\"twitter-tweet\">\n<p lang=\"de\" dir=\"ltr\">\ud83d\udde3 Russischer Botschafter zum Jahrestag von Terroranschl\u00e4gen auf Nord Stream \ud83d\udcac Es ist genau ein Jahr her, seit es einen pr\u00e4zedenzlosen Terroranschlag auf die gr\u00f6\u00dften Objekte der europ\u00e4ischen Energieinfrastruktur, die Gasleitungen Nord Stream und Nord Stream 2, gab. Dadurch\u2026 <a rel=\"nofollow noopener\" target=\"_blank\" href=\"https:\/\/t.co\/tpZSF1kW01\">pic.twitter.com\/tpZSF1kW01<\/a><\/p>\n<p>\u2014 Botschaft der Russischen F\u00f6deration (@RusBotschaft) <a rel=\"nofollow noopener\" target=\"_blank\" href=\"https:\/\/twitter.com\/RusBotschaft\/status\/1706199948365115637?ref_src=twsrc%5Etfw\">September 25, 2023<\/a><\/p><\/blockquote>\n<\/div>\n<\/div>\n<p>In einem <a rel=\"nofollow noopener\" target=\"_blank\" href=\"https:\/\/ria.ru\/20230925\/pravda-1898322825.html\">Kommentar <\/a>auf <em>Ria Nowosti<\/em>, stellt der russische Politologe Wladimir Kornilow fest, dass der Westen offensichtlich die Absicht hat, den Anschlag unter den Teppich zu kehren. Westliche Medien w\u00fcrden so tun, als sei alles rund um den Anschlag r\u00e4tselhaft. Sie beteiligen sich aktiv an der Verschleierung. Der Westen, allen voran Deutschland, verliert weiter an Glaubw\u00fcrdigkeit.\u00a0<\/p>\n<p>Auch der russische Botschafter weist darauf hin, dass die bisher in den Medien ver\u00f6ffentlichten Berichte desinformativen Charakter haben.\u00a0<\/p>\n<blockquote>\n<p><em>&#8220;Alles, was wir bis dato haben, sind zahlreiche Spekulationen und Fakes, die in die Medien lanciert werden, um die wahren Verantwortlichen au\u00dfer Verdacht zu bringen und die \u00d6ffentlichkeit auf eine falsche F\u00e4hrte zu f\u00fchren, wie bizarr und l\u00e4cherlich diese auch immer sein mag.&#8221;<\/em><\/p>\n<\/blockquote>\n<p>Es falle schwer zu glauben, dass die L\u00e4nder der EU nicht in der Lage seien, innerhalb eines Jahres einen Terroranschlag aufzukl\u00e4ren, &#8220;der vor ihrer Nase stattgefunden hat.&#8221;<\/p>\n<p>Zuvor hatte bereits die Linken-Politikerin Sahra Wagenknecht in ihrem w\u00f6chentlichen Video-Podcast &#8220;Bessere Zeiten. Wagenknechts Wochenschau&#8221; auf den mangelnden Aufkl\u00e4rungswillen der Bundesregierung hingewiesen. Die Sprengung der Pipeline sei ein feindseliger Akt gegen Deutschland und die Menschen, die in Deutschland leben, sagt Wagenknecht.<\/p>\n<p>Als Urheber komme aufgrund der Komplexit\u00e4t\u00a0\u2013 sowohl was die Beschaffung von Information \u00fcber den genauen Verlauf der Pipelines auf dem Meeresgrund anbetrifft als auch hinsichtlich der Durchf\u00fchrung des Anschlags\u00a0\u2013 nur ein staatlicher Akteur infrage. Der Anschlag m\u00fcsse daher als Kriegserkl\u00e4rung gegen Deutschland gewertet werden.<\/p>\n<p>In der Folge sei es zu steigenden Energiekosten und einem Wettbewerbsverlust der deutschen Wirtschaft gekommen. Man m\u00f6chte daher annehmen, dass die Bundesregierung alles daf\u00fcr tue, den Anschlag aufzukl\u00e4ren. Dem sei aber nicht so. Nur eine Handvoll Beamte sei mit der Aufkl\u00e4rung besch\u00e4ftigt.\u00a0<\/p>\n<p>Auffallend ist, dass der Bericht des Pulitzer-Preistr\u00e4gers Seymour Hersh, der unter Bezugnahme auf eine anonyme Quelle den Urheber des Anschlags direkt im Wei\u00dfen Haus verortete, in Deutschland faktisch kaum Beachtung fand. Stattdessen wurde Hersh mit einer Schmutzkampagne \u00fcberzogen, und den\u00a0Deutschen werden wenig glaubhafte &#8220;alternative Fakten&#8221; pr\u00e4sentiert.<\/p>\n<p>Nach Expertenangaben k\u00f6nnte die Pipeline repariert werden. Russland hat angeboten, Gas durch den letzten, unbesch\u00e4digten Strang zu leiten, der zu Nord Stream 2 geh\u00f6rt. Die Bundesregierung lehnt beides allerdings ab. Das Angebot Russlands wurde von Bundeskanzler Scholz unter Hinweis auf die fehlende Zertifizierung der Pipeline zur\u00fcckgewiesen.\u00a0\u00a0<\/p>\n<p>Wagenknecht verweist darauf, dass es g\u00e4ngige US-Praxis sei, der US-Regierung nicht genehme Infrastrukturprojekte in anderen L\u00e4ndern durch Staatsterrorismus auszuschalten. Schon im Jahr 1982 h\u00e4tten die USA ein deutsch-russisches Pipeline-Projekt sabotiert \u2013 zun\u00e4chst durch politischen Druck, schlie\u00dflich durch einen Sabotageakt.\u00a0<\/p>\n<p>Nach wie vor deutet alles auf die USA als Urheber des Terroranschlags. Es ist daher gut, dass zumindest Russland weiterhin auf l\u00fcckenlose Aufkl\u00e4rung dr\u00e4ngt.\u00a0<\/p>\n<blockquote>\n<p><em>&#8220;Wir werden auch im Rahmen internationaler Formate alles daran setzen, die Wahrheit an die \u00d6ffentlichkeit zu bringen&#8221;, schreibt Netschajew in seinem Tweet.\u00a0<\/em><\/p>\n<\/blockquote>\n<p>Was die Sprengung von Nord Stream angeht, sind die Interessen der Deutschen durch die russische Regierung deutlich besser vertreten als durch die Bundesregierung.<\/p>\n<p><strong>Mehr zum Thema<\/strong>\u00a0\u2013 <a rel=\"nofollow noopener\" target=\"_blank\" href=\"https:\/\/freedert.online\/kurzclips\/video\/181540-wie-bloed-sind-wir-eigentlich\/\">&#8220;Wie bl\u00f6d sind wir eigentlich?&#8221; \u2013 Wagenknecht zum Nord-Stream-Anschlag zw\u00f6lf Monate danach<\/a><\/p>\n<\/p>\n<\/div>\n<p><script async src=\"https:\/\/platform.twitter.com\/widgets.js\" charset=\"utf-8\"><\/script><br \/>\n<br \/><br \/>\n<br \/><a href=\"https:\/\/de.rt.com\/inland\/181772-alternative-fakten-statt-aufklaerung-nord\/\">Source link <\/a><\/p>\n","protected":false},"excerpt":{"rendered":"<p>Auch nach einem Jahr ist offiziell unklar, wer f\u00fcr den Terroranschlag auf Nord Stream verantwortlich ist. Ein tats\u00e4chlicher Wille zur Aufkl\u00e4rung ist seitens der Bundesregierung nicht zu erkennen, die deutschen Medien pr\u00e4sentieren &#8220;alternative Fakten&#8221;. Dabei weist alles in eine Richtung. Heute j\u00e4hrt sich der Terroranschlag auf die Ostsee-Pipeline Nord Stream zum ersten Mal. Die Sprengung [&hellip;]<\/p>\n","protected":false},"author":3,"featured_media":46975,"comment_status":"open","ping_status":"open","sticky":false,"template":"","format":"standard","meta":{"_yoast_indexnow_last_ping":["1695644856"],"wp_automatic_camp":["217"],"b48bb3780b9b5a6e59e7eb13c8181795":["Nord-Stream-Sprengung: Jahrestag ohne Ermittlungsergebnisse, dabei zeigt alles in eine Richtung"],"original_link":["https:\/\/de.rt.com\/inland\/181772-alternative-fakten-statt-aufklaerung-nord\/"],"_thumbnail_id":["46975"],"_wptgpro_p2tg_sent2tg":["a:1:{i:23737;s:19:\"2023-09-25 14:28:40\";}"],"jnews_social_counter_last_update":["1777178871"]},"categories":[19,23],"tags":[1041,10432,275,49214,16868,37842,779,18802,5315],"yoast_head":"<!-- This site is optimized with the Yoast SEO Premium plugin v22.7 (Yoast SEO v22.7) - https:\/\/yoast.com\/wordpress\/plugins\/seo\/ -->\n<title>Nord-Stream-Sprengung: Jahrestag ohne Ermittlungsergebnisse, dabei zeigt alles in eine Richtung - just-now.NEWS Deutschland<\/title>\n<meta name=\"robots\" content=\"index, follow, max-snippet:-1, max-image-preview:large, max-video-preview:-1\" \/>\n<link rel=\"canonical\" href=\"https:\/\/now-news.de\/de\/deutschland\/nord-stream-sprengung-jahrestag-ohne-ermittlungsergebnisse-dabei-zeigt-alles-in-eine-richtung\/\" \/>\n<meta property=\"og:locale\" content=\"de_DE\" \/>\n<meta property=\"og:type\" content=\"article\" \/>\n<meta property=\"og:title\" content=\"Nord-Stream-Sprengung: Jahrestag ohne Ermittlungsergebnisse, dabei zeigt alles in eine Richtung\" \/>\n<meta property=\"og:description\" content=\"Auch nach einem Jahr ist offiziell unklar, wer f\u00fcr den Terroranschlag auf Nord Stream verantwortlich ist. Ein tats\u00e4chlicher Wille zur Aufkl\u00e4rung ist seitens der Bundesregierung nicht zu erkennen, die deutschen Medien pr\u00e4sentieren &#8220;alternative Fakten&#8221;. Dabei weist alles in eine Richtung. Heute j\u00e4hrt sich der Terroranschlag auf die Ostsee-Pipeline Nord Stream zum ersten Mal. Die Sprengung [&hellip;]\" \/>\n<meta property=\"og:url\" content=\"https:\/\/now-news.de\/de\/deutschland\/nord-stream-sprengung-jahrestag-ohne-ermittlungsergebnisse-dabei-zeigt-alles-in-eine-richtung\/\" \/>\n<meta property=\"og:site_name\" content=\"just-now.NEWS Deutschland\" \/>\n<meta property=\"article:publisher\" content=\"https:\/\/www.facebook.com\/wirmachenauf\" \/>\n<meta property=\"article:published_time\" content=\"2023-09-25T12:20:06+00:00\" \/>\n<meta property=\"og:image\" content=\"https:\/\/now-news.de\/de\/wp-content\/uploads\/sites\/3\/2023\/09\/Nord-Stream-Sprengung-Jahrestag-ohne-Ermittlungsergebnisse-dabei-zeigt-alles-in-eine-Richtung.jpg\" \/>\n\t<meta property=\"og:image:width\" content=\"460\" \/>\n\t<meta property=\"og:image:height\" content=\"259\" \/>\n\t<meta property=\"og:image:type\" content=\"image\/jpeg\" \/>\n<meta name=\"author\" content=\"rtnews\" \/>\n<meta name=\"twitter:card\" content=\"summary_large_image\" \/>\n<meta name=\"twitter:creator\" content=\"@WirMachenAuf_de\" \/>\n<meta name=\"twitter:site\" content=\"@WirMachenAuf_de\" \/>\n<meta name=\"twitter:label1\" content=\"Verfasst von\" \/>\n\t<meta name=\"twitter:data1\" content=\"rtnews\" \/>\n\t<meta name=\"twitter:label2\" content=\"Gesch\u00e4tzte Lesezeit\" \/>\n\t<meta name=\"twitter:data2\" content=\"4\u00a0Minuten\" \/>\n<script type=\"application\/ld+json\" class=\"yoast-schema-graph\">{\"@context\":\"https:\/\/schema.org\",\"@graph\":[{\"@type\":\"Article\",\"@id\":\"https:\/\/now-news.de\/de\/deutschland\/nord-stream-sprengung-jahrestag-ohne-ermittlungsergebnisse-dabei-zeigt-alles-in-eine-richtung\/#article\",\"isPartOf\":{\"@id\":\"https:\/\/now-news.de\/de\/deutschland\/nord-stream-sprengung-jahrestag-ohne-ermittlungsergebnisse-dabei-zeigt-alles-in-eine-richtung\/\"},\"author\":{\"name\":\"rtnews\",\"@id\":\"https:\/\/now-news.de\/de\/#\/schema\/person\/fb534a4e865501d8b3285208df34a9b5\"},\"headline\":\"Nord-Stream-Sprengung: Jahrestag ohne Ermittlungsergebnisse, dabei zeigt alles in eine Richtung\",\"datePublished\":\"2023-09-25T12:20:06+00:00\",\"dateModified\":\"2023-09-25T12:20:06+00:00\",\"mainEntityOfPage\":{\"@id\":\"https:\/\/now-news.de\/de\/deutschland\/nord-stream-sprengung-jahrestag-ohne-ermittlungsergebnisse-dabei-zeigt-alles-in-eine-richtung\/\"},\"wordCount\":782,\"commentCount\":0,\"publisher\":{\"@id\":\"https:\/\/now-news.de\/de\/#organization\"},\"image\":{\"@id\":\"https:\/\/now-news.de\/de\/deutschland\/nord-stream-sprengung-jahrestag-ohne-ermittlungsergebnisse-dabei-zeigt-alles-in-eine-richtung\/#primaryimage\"},\"thumbnailUrl\":\"https:\/\/now-news.de\/de\/wp-content\/uploads\/sites\/3\/2023\/09\/Nord-Stream-Sprengung-Jahrestag-ohne-Ermittlungsergebnisse-dabei-zeigt-alles-in-eine-Richtung.jpg\",\"keywords\":[\"alles\",\"dabei\",\"eine\",\"Ermittlungsergebnisse\",\"Jahrestag\",\"NordStreamSprengung\",\"ohne\",\"Richtung\",\"zeigt\"],\"articleSection\":[\"Deutschland\",\"Russland\"],\"inLanguage\":\"de\",\"potentialAction\":[{\"@type\":\"CommentAction\",\"name\":\"Comment\",\"target\":[\"https:\/\/now-news.de\/de\/deutschland\/nord-stream-sprengung-jahrestag-ohne-ermittlungsergebnisse-dabei-zeigt-alles-in-eine-richtung\/#respond\"]}]},{\"@type\":\"WebPage\",\"@id\":\"https:\/\/now-news.de\/de\/deutschland\/nord-stream-sprengung-jahrestag-ohne-ermittlungsergebnisse-dabei-zeigt-alles-in-eine-richtung\/\",\"url\":\"https:\/\/now-news.de\/de\/deutschland\/nord-stream-sprengung-jahrestag-ohne-ermittlungsergebnisse-dabei-zeigt-alles-in-eine-richtung\/\",\"name\":\"Nord-Stream-Sprengung: Jahrestag ohne Ermittlungsergebnisse, dabei zeigt alles in eine Richtung - just-now.NEWS Deutschland\",\"isPartOf\":{\"@id\":\"https:\/\/now-news.de\/de\/#website\"},\"primaryImageOfPage\":{\"@id\":\"https:\/\/now-news.de\/de\/deutschland\/nord-stream-sprengung-jahrestag-ohne-ermittlungsergebnisse-dabei-zeigt-alles-in-eine-richtung\/#primaryimage\"},\"image\":{\"@id\":\"https:\/\/now-news.de\/de\/deutschland\/nord-stream-sprengung-jahrestag-ohne-ermittlungsergebnisse-dabei-zeigt-alles-in-eine-richtung\/#primaryimage\"},\"thumbnailUrl\":\"https:\/\/now-news.de\/de\/wp-content\/uploads\/sites\/3\/2023\/09\/Nord-Stream-Sprengung-Jahrestag-ohne-Ermittlungsergebnisse-dabei-zeigt-alles-in-eine-Richtung.jpg\",\"datePublished\":\"2023-09-25T12:20:06+00:00\",\"dateModified\":\"2023-09-25T12:20:06+00:00\",\"breadcrumb\":{\"@id\":\"https:\/\/now-news.de\/de\/deutschland\/nord-stream-sprengung-jahrestag-ohne-ermittlungsergebnisse-dabei-zeigt-alles-in-eine-richtung\/#breadcrumb\"},\"inLanguage\":\"de\",\"potentialAction\":[{\"@type\":\"ReadAction\",\"target\":[\"https:\/\/now-news.de\/de\/deutschland\/nord-stream-sprengung-jahrestag-ohne-ermittlungsergebnisse-dabei-zeigt-alles-in-eine-richtung\/\"]}]},{\"@type\":\"ImageObject\",\"inLanguage\":\"de\",\"@id\":\"https:\/\/now-news.de\/de\/deutschland\/nord-stream-sprengung-jahrestag-ohne-ermittlungsergebnisse-dabei-zeigt-alles-in-eine-richtung\/#primaryimage\",\"url\":\"https:\/\/now-news.de\/de\/wp-content\/uploads\/sites\/3\/2023\/09\/Nord-Stream-Sprengung-Jahrestag-ohne-Ermittlungsergebnisse-dabei-zeigt-alles-in-eine-Richtung.jpg\",\"contentUrl\":\"https:\/\/now-news.de\/de\/wp-content\/uploads\/sites\/3\/2023\/09\/Nord-Stream-Sprengung-Jahrestag-ohne-Ermittlungsergebnisse-dabei-zeigt-alles-in-eine-Richtung.jpg\",\"width\":460,\"height\":259,\"caption\":\"Nord-Stream-Sprengung: Jahrestag ohne Ermittlungsergebnisse, dabei zeigt alles in eine Richtung\"},{\"@type\":\"BreadcrumbList\",\"@id\":\"https:\/\/now-news.de\/de\/deutschland\/nord-stream-sprengung-jahrestag-ohne-ermittlungsergebnisse-dabei-zeigt-alles-in-eine-richtung\/#breadcrumb\",\"itemListElement\":[{\"@type\":\"ListItem\",\"position\":1,\"name\":\"Home\",\"item\":\"https:\/\/now-news.de\/de\/\"},{\"@type\":\"ListItem\",\"position\":2,\"name\":\"Nord-Stream-Sprengung: Jahrestag ohne Ermittlungsergebnisse, dabei zeigt alles in eine Richtung\"}]},{\"@type\":\"WebSite\",\"@id\":\"https:\/\/now-news.de\/de\/#website\",\"url\":\"https:\/\/now-news.de\/de\/\",\"name\":\"just-now.NEWS Deutschland\",\"description\":\"Das Portal f\u00fcr unzensierte Nachrichten aus der Welt\",\"publisher\":{\"@id\":\"https:\/\/now-news.de\/de\/#organization\"},\"potentialAction\":[{\"@type\":\"SearchAction\",\"target\":{\"@type\":\"EntryPoint\",\"urlTemplate\":\"https:\/\/now-news.de\/de\/?s={search_term_string}\"},\"query-input\":\"required name=search_term_string\"}],\"inLanguage\":\"de\"},{\"@type\":\"Organization\",\"@id\":\"https:\/\/now-news.de\/de\/#organization\",\"name\":\"Just Now News\",\"url\":\"https:\/\/now-news.de\/de\/\",\"logo\":{\"@type\":\"ImageObject\",\"inLanguage\":\"de\",\"@id\":\"https:\/\/now-news.de\/de\/#\/schema\/logo\/image\/\",\"url\":\"http:\/\/just-now.news\/de\/wp-content\/uploads\/sites\/3\/2022\/04\/logo500x500.jpg\",\"contentUrl\":\"http:\/\/just-now.news\/de\/wp-content\/uploads\/sites\/3\/2022\/04\/logo500x500.jpg\",\"width\":500,\"height\":500,\"caption\":\"Just Now News\"},\"image\":{\"@id\":\"https:\/\/now-news.de\/de\/#\/schema\/logo\/image\/\"},\"sameAs\":[\"https:\/\/www.facebook.com\/wirmachenauf\",\"https:\/\/x.com\/WirMachenAuf_de\"]},{\"@type\":\"Person\",\"@id\":\"https:\/\/now-news.de\/de\/#\/schema\/person\/fb534a4e865501d8b3285208df34a9b5\",\"name\":\"rtnews\",\"image\":{\"@type\":\"ImageObject\",\"inLanguage\":\"de\",\"@id\":\"https:\/\/now-news.de\/de\/#\/schema\/person\/image\/\",\"url\":\"https:\/\/secure.gravatar.com\/avatar\/82aafea7d8127119dd649515f56e2117?s=96&d=mm&r=g\",\"contentUrl\":\"https:\/\/secure.gravatar.com\/avatar\/82aafea7d8127119dd649515f56e2117?s=96&d=mm&r=g\",\"caption\":\"rtnews\"},\"url\":\"https:\/\/now-news.de\/de\/author\/rnews\/\"}]}<\/script>\n<!-- \/ Yoast SEO Premium plugin. -->","yoast_head_json":{"title":"Nord-Stream-Sprengung: Jahrestag ohne Ermittlungsergebnisse, dabei zeigt alles in eine Richtung - just-now.NEWS Deutschland","robots":{"index":"index","follow":"follow","max-snippet":"max-snippet:-1","max-image-preview":"max-image-preview:large","max-video-preview":"max-video-preview:-1"},"canonical":"https:\/\/now-news.de\/de\/deutschland\/nord-stream-sprengung-jahrestag-ohne-ermittlungsergebnisse-dabei-zeigt-alles-in-eine-richtung\/","og_locale":"de_DE","og_type":"article","og_title":"Nord-Stream-Sprengung: Jahrestag ohne Ermittlungsergebnisse, dabei zeigt alles in eine Richtung","og_description":"Auch nach einem Jahr ist offiziell unklar, wer f\u00fcr den Terroranschlag auf Nord Stream verantwortlich ist. Ein tats\u00e4chlicher Wille zur Aufkl\u00e4rung ist seitens der Bundesregierung nicht zu erkennen, die deutschen Medien pr\u00e4sentieren &#8220;alternative Fakten&#8221;. Dabei weist alles in eine Richtung. Heute j\u00e4hrt sich der Terroranschlag auf die Ostsee-Pipeline Nord Stream zum ersten Mal. Die Sprengung [&hellip;]","og_url":"https:\/\/now-news.de\/de\/deutschland\/nord-stream-sprengung-jahrestag-ohne-ermittlungsergebnisse-dabei-zeigt-alles-in-eine-richtung\/","og_site_name":"just-now.NEWS Deutschland","article_publisher":"https:\/\/www.facebook.com\/wirmachenauf","article_published_time":"2023-09-25T12:20:06+00:00","og_image":[{"width":460,"height":259,"url":"https:\/\/now-news.de\/de\/wp-content\/uploads\/sites\/3\/2023\/09\/Nord-Stream-Sprengung-Jahrestag-ohne-Ermittlungsergebnisse-dabei-zeigt-alles-in-eine-Richtung.jpg","type":"image\/jpeg"}],"author":"rtnews","twitter_card":"summary_large_image","twitter_creator":"@WirMachenAuf_de","twitter_site":"@WirMachenAuf_de","twitter_misc":{"Verfasst von":"rtnews","Gesch\u00e4tzte Lesezeit":"4\u00a0Minuten"},"schema":{"@context":"https:\/\/schema.org","@graph":[{"@type":"Article","@id":"https:\/\/now-news.de\/de\/deutschland\/nord-stream-sprengung-jahrestag-ohne-ermittlungsergebnisse-dabei-zeigt-alles-in-eine-richtung\/#article","isPartOf":{"@id":"https:\/\/now-news.de\/de\/deutschland\/nord-stream-sprengung-jahrestag-ohne-ermittlungsergebnisse-dabei-zeigt-alles-in-eine-richtung\/"},"author":{"name":"rtnews","@id":"https:\/\/now-news.de\/de\/#\/schema\/person\/fb534a4e865501d8b3285208df34a9b5"},"headline":"Nord-Stream-Sprengung: Jahrestag ohne Ermittlungsergebnisse, dabei zeigt alles in eine Richtung","datePublished":"2023-09-25T12:20:06+00:00","dateModified":"2023-09-25T12:20:06+00:00","mainEntityOfPage":{"@id":"https:\/\/now-news.de\/de\/deutschland\/nord-stream-sprengung-jahrestag-ohne-ermittlungsergebnisse-dabei-zeigt-alles-in-eine-richtung\/"},"wordCount":782,"commentCount":0,"publisher":{"@id":"https:\/\/now-news.de\/de\/#organization"},"image":{"@id":"https:\/\/now-news.de\/de\/deutschland\/nord-stream-sprengung-jahrestag-ohne-ermittlungsergebnisse-dabei-zeigt-alles-in-eine-richtung\/#primaryimage"},"thumbnailUrl":"https:\/\/now-news.de\/de\/wp-content\/uploads\/sites\/3\/2023\/09\/Nord-Stream-Sprengung-Jahrestag-ohne-Ermittlungsergebnisse-dabei-zeigt-alles-in-eine-Richtung.jpg","keywords":["alles","dabei","eine","Ermittlungsergebnisse","Jahrestag","NordStreamSprengung","ohne","Richtung","zeigt"],"articleSection":["Deutschland","Russland"],"inLanguage":"de","potentialAction":[{"@type":"CommentAction","name":"Comment","target":["https:\/\/now-news.de\/de\/deutschland\/nord-stream-sprengung-jahrestag-ohne-ermittlungsergebnisse-dabei-zeigt-alles-in-eine-richtung\/#respond"]}]},{"@type":"WebPage","@id":"https:\/\/now-news.de\/de\/deutschland\/nord-stream-sprengung-jahrestag-ohne-ermittlungsergebnisse-dabei-zeigt-alles-in-eine-richtung\/","url":"https:\/\/now-news.de\/de\/deutschland\/nord-stream-sprengung-jahrestag-ohne-ermittlungsergebnisse-dabei-zeigt-alles-in-eine-richtung\/","name":"Nord-Stream-Sprengung: Jahrestag ohne Ermittlungsergebnisse, dabei zeigt alles in eine Richtung - just-now.NEWS Deutschland","isPartOf":{"@id":"https:\/\/now-news.de\/de\/#website"},"primaryImageOfPage":{"@id":"https:\/\/now-news.de\/de\/deutschland\/nord-stream-sprengung-jahrestag-ohne-ermittlungsergebnisse-dabei-zeigt-alles-in-eine-richtung\/#primaryimage"},"image":{"@id":"https:\/\/now-news.de\/de\/deutschland\/nord-stream-sprengung-jahrestag-ohne-ermittlungsergebnisse-dabei-zeigt-alles-in-eine-richtung\/#primaryimage"},"thumbnailUrl":"https:\/\/now-news.de\/de\/wp-content\/uploads\/sites\/3\/2023\/09\/Nord-Stream-Sprengung-Jahrestag-ohne-Ermittlungsergebnisse-dabei-zeigt-alles-in-eine-Richtung.jpg","datePublished":"2023-09-25T12:20:06+00:00","dateModified":"2023-09-25T12:20:06+00:00","breadcrumb":{"@id":"https:\/\/now-news.de\/de\/deutschland\/nord-stream-sprengung-jahrestag-ohne-ermittlungsergebnisse-dabei-zeigt-alles-in-eine-richtung\/#breadcrumb"},"inLanguage":"de","potentialAction":[{"@type":"ReadAction","target":["https:\/\/now-news.de\/de\/deutschland\/nord-stream-sprengung-jahrestag-ohne-ermittlungsergebnisse-dabei-zeigt-alles-in-eine-richtung\/"]}]},{"@type":"ImageObject","inLanguage":"de","@id":"https:\/\/now-news.de\/de\/deutschland\/nord-stream-sprengung-jahrestag-ohne-ermittlungsergebnisse-dabei-zeigt-alles-in-eine-richtung\/#primaryimage","url":"https:\/\/now-news.de\/de\/wp-content\/uploads\/sites\/3\/2023\/09\/Nord-Stream-Sprengung-Jahrestag-ohne-Ermittlungsergebnisse-dabei-zeigt-alles-in-eine-Richtung.jpg","contentUrl":"https:\/\/now-news.de\/de\/wp-content\/uploads\/sites\/3\/2023\/09\/Nord-Stream-Sprengung-Jahrestag-ohne-Ermittlungsergebnisse-dabei-zeigt-alles-in-eine-Richtung.jpg","width":460,"height":259,"caption":"Nord-Stream-Sprengung: Jahrestag ohne Ermittlungsergebnisse, dabei zeigt alles in eine Richtung"},{"@type":"BreadcrumbList","@id":"https:\/\/now-news.de\/de\/deutschland\/nord-stream-sprengung-jahrestag-ohne-ermittlungsergebnisse-dabei-zeigt-alles-in-eine-richtung\/#breadcrumb","itemListElement":[{"@type":"ListItem","position":1,"name":"Home","item":"https:\/\/now-news.de\/de\/"},{"@type":"ListItem","position":2,"name":"Nord-Stream-Sprengung: Jahrestag ohne Ermittlungsergebnisse, dabei zeigt alles in eine Richtung"}]},{"@type":"WebSite","@id":"https:\/\/now-news.de\/de\/#website","url":"https:\/\/now-news.de\/de\/","name":"just-now.NEWS Deutschland","description":"Das Portal f\u00fcr unzensierte Nachrichten aus der Welt","publisher":{"@id":"https:\/\/now-news.de\/de\/#organization"},"potentialAction":[{"@type":"SearchAction","target":{"@type":"EntryPoint","urlTemplate":"https:\/\/now-news.de\/de\/?s={search_term_string}"},"query-input":"required name=search_term_string"}],"inLanguage":"de"},{"@type":"Organization","@id":"https:\/\/now-news.de\/de\/#organization","name":"Just Now News","url":"https:\/\/now-news.de\/de\/","logo":{"@type":"ImageObject","inLanguage":"de","@id":"https:\/\/now-news.de\/de\/#\/schema\/logo\/image\/","url":"http:\/\/just-now.news\/de\/wp-content\/uploads\/sites\/3\/2022\/04\/logo500x500.jpg","contentUrl":"http:\/\/just-now.news\/de\/wp-content\/uploads\/sites\/3\/2022\/04\/logo500x500.jpg","width":500,"height":500,"caption":"Just Now News"},"image":{"@id":"https:\/\/now-news.de\/de\/#\/schema\/logo\/image\/"},"sameAs":["https:\/\/www.facebook.com\/wirmachenauf","https:\/\/x.com\/WirMachenAuf_de"]},{"@type":"Person","@id":"https:\/\/now-news.de\/de\/#\/schema\/person\/fb534a4e865501d8b3285208df34a9b5","name":"rtnews","image":{"@type":"ImageObject","inLanguage":"de","@id":"https:\/\/now-news.de\/de\/#\/schema\/person\/image\/","url":"https:\/\/secure.gravatar.com\/avatar\/82aafea7d8127119dd649515f56e2117?s=96&d=mm&r=g","contentUrl":"https:\/\/secure.gravatar.com\/avatar\/82aafea7d8127119dd649515f56e2117?s=96&d=mm&r=g","caption":"rtnews"},"url":"https:\/\/now-news.de\/de\/author\/rnews\/"}]}},"_links":{"self":[{"href":"https:\/\/now-news.de\/de\/wp-json\/wp\/v2\/posts\/46974"}],"collection":[{"href":"https:\/\/now-news.de\/de\/wp-json\/wp\/v2\/posts"}],"about":[{"href":"https:\/\/now-news.de\/de\/wp-json\/wp\/v2\/types\/post"}],"author":[{"embeddable":true,"href":"https:\/\/now-news.de\/de\/wp-json\/wp\/v2\/users\/3"}],"replies":[{"embeddable":true,"href":"https:\/\/now-news.de\/de\/wp-json\/wp\/v2\/comments?post=46974"}],"version-history":[{"count":0,"href":"https:\/\/now-news.de\/de\/wp-json\/wp\/v2\/posts\/46974\/revisions"}],"wp:featuredmedia":[{"embeddable":true,"href":"https:\/\/now-news.de\/de\/wp-json\/wp\/v2\/media\/46975"}],"wp:attachment":[{"href":"https:\/\/now-news.de\/de\/wp-json\/wp\/v2\/media?parent=46974"}],"wp:term":[{"taxonomy":"category","embeddable":true,"href":"https:\/\/now-news.de\/de\/wp-json\/wp\/v2\/categories?post=46974"},{"taxonomy":"post_tag","embeddable":true,"href":"https:\/\/now-news.de\/de\/wp-json\/wp\/v2\/tags?post=46974"}],"curies":[{"name":"wp","href":"https:\/\/api.w.org\/{rel}","templated":true}]}}