{"id":46966,"date":"2023-09-25T12:15:55","date_gmt":"2023-09-25T10:15:55","guid":{"rendered":"https:\/\/just-now.news\/de\/deutschland\/polnischer-aussenminister-kritisiert-scholz-und-wirft-ihm-einmischung-vor\/"},"modified":"2023-09-25T12:15:55","modified_gmt":"2023-09-25T10:15:55","slug":"polnischer-aussenminister-kritisiert-scholz-und-wirft-ihm-einmischung-vor","status":"publish","type":"post","link":"https:\/\/now-news.de\/de\/deutschland\/polnischer-aussenminister-kritisiert-scholz-und-wirft-ihm-einmischung-vor\/","title":{"rendered":"Polnischer Au\u00dfenminister kritisiert Scholz und wirft ihm Einmischung vor"},"content":{"rendered":"<p><img decoding=\"async\" src=\"http:\/\/just-now.news\/de\/wp-content\/uploads\/sites\/3\/2023\/09\/6511595448fbef3fb9582758.jpg\" \/><\/p>\n<div class=\"Text-root Text-type_1 \">\n                Auf einem Post auf X zeigt sich der polnische Au\u00dfenminister Zbigniew Rau pikiert \u00fcber \u00c4u\u00dferungen von Bundeskanzler Olaf Scholz. Dieser mische sich mit seinen Kommentaren zur Fl\u00fcchtlingspolitik in die inneren Angelegenheiten Warschaus ein, so Rau.\n            <\/div>\n<p><\/p>\n<div class=\"Text-root Text-type_5 ArticleView-text ViewText-root \">\n<p>Der polnische Au\u00dfenminister Zbigniew Rau hat dem deutschen Kanzler Olaf Scholz Einmischung in innere Angelegenheiten vorgeworfen. Die j\u00fcngsten \u00c4u\u00dferungen des SPD-Politikers deuteten auf einen Versuch hin, den laufenden Wahlkampf in Polen zu beeinflussen, schrieb der 68-J\u00e4hrige gestern am sp\u00e4ten Abend auf X. In Polen wird am 15. Oktober ein neues Parlament gew\u00e4hlt.<\/p>\n<div class=\"EmbedBlock-root EmbedBlock-twitter\">\n<div class=\"TwitterEmbed\">\n<blockquote class=\"twitter-tweet lazyload\" data-twitter=\"twitter-tweet\">\n<p lang=\"en\" dir=\"ltr\">The latest statement by German Chancellor Olaf Scholz violates the principles of the sovereign equality of states, which is the foundation of good neighbourly relations and friendly cooperation with Poland, as declared by the government of the Federal Republic of Germany in the\u2026<\/p>\n<p>\u2014 Zbigniew Rau (@RauZbigniew) <a rel=\"nofollow noopener\" target=\"_blank\" href=\"https:\/\/twitter.com\/RauZbigniew\/status\/1706025592968089703?ref_src=twsrc%5Etfw\">September 24, 2023<\/a><\/p><\/blockquote>\n<\/div>\n<\/div>\n<p>Scholz hatte bei einer SPD-Kundgebung in N\u00fcrnberg am Samstag mit Blick auf die Lage an den Grenzen Aufkl\u00e4rung \u00fcber m\u00f6gliche Unregelm\u00e4\u00dfigkeiten bei Visavergaben im Nachbarland Polen gefordert:<\/p>\n<blockquote>\n<p><em>&#8220;Ich m\u00f6chte nicht, dass aus Polen einfach durchgewinkt wird und wir dann hinterher die Diskussion f\u00fchren \u00fcber unsere Asylpolitik.&#8221;<\/em><\/p>\n<\/blockquote>\n<p>Es m\u00fcsse so sein, &#8220;dass, wer in Polen ankommt, dort registriert wird und dort ein Asylverfahren macht&#8221;, so Scholz weiter. Laut dem Bundeskanzler vergr\u00f6\u00dferten &#8220;Visa, die irgendwie f\u00fcr Geld verteilt worden seien, das Problem&#8221;. Dar\u00fcber m\u00fcsse mit der polnischen Regierung gesprochen werden.<\/p>\n<p>Der polnische Au\u00dfenminister Rau zeigte sich wenig angetan von den Kommentaren des deutschen Bundeskanzlers. Auf X schrieb er:<\/p>\n<blockquote>\n<p><em>&#8220;Die Kompetenzen des deutschen Bundeskanzlers betreffen offensichtlich nicht in Polen laufende Verfahren.&#8221;<\/em><\/p>\n<\/blockquote>\n<p>Er warf Scholz vor, den Grundsatz der souver\u00e4nen Gleichheit der Staaten verletzt zu haben, und forderte ihn auf, k\u00fcnftig von \u00c4u\u00dferungen abzusehen, die die gegenseitigen Beziehungen besch\u00e4digen.<\/p>\n<p>Laut dem polnischen Politikwissenschaftler Pawel Karolewski spiele Deutschland im laufenden Wahlkampf eine wichtige Rolle f\u00fcr die regierende PiS-Partei. Das habe vor allem damit zu tun, dass die PiS gerne Geschichtspolitik betreibt, sagte Karolewski in einem Interview mit\u00a0<em>web.de<\/em>.<\/p>\n<p>Laut dem Politikwissenschaftler gehe die PiS weiter davon aus, dass &#8220;Deutschland die Schuld des 2. Weltkriegs gegen\u00fcber Polen noch nicht beglichen habe&#8221;. Au\u00dferdem \u00fcben die Deutschen eine &#8220;vermeintliche Dominanz in der Europ\u00e4ischen Union aus&#8221;. Deshalb eigne sich Deutschland als Feindbild, um die eigene Politik vor den W\u00e4hlern zu legitimieren und von eigenen Fehlern in der EU abzulenken, so Karolewski.<\/p>\n<p>Weiter f\u00fchrte der Politikwissenschaftler aus, dass das Spiel mit dem &#8220;Feindbild Deutschland manchmal skurrile Z\u00fcge annehme&#8221;:<\/p>\n<blockquote>\n<p><em>&#8220;Der polnische Premierminister behauptete auf Twitter, dass Polen eingekreist sei. Im Osten von der Gruppe Wagner und im Westen von der Gruppe Weber [Manfred Weber, deutscher Chef der Europ\u00e4ischen Volkspartei (EVP) in der EU]. Dieser vermeintliche Zangenangriff sollte ein Bedrohungsgef\u00fchl in der Bev\u00f6lkerung ausl\u00f6sen, mit dem die PiS Wahlkampf macht.&#8221;<\/em><\/p>\n<\/blockquote>\n<p>Laut Karolewski prangere die Opposition in Polen den Kurs der PiS an, &#8220;weil er Polen in der Europ\u00e4ischen Union isoliert und wirtschaftlich schadet&#8221;. Die Opposition beurteile, genauso wie der Europ\u00e4ische Gerichtshof, die Justizreformen in Polen als Verletzung der Rechtsstaatlichkeit.<\/p>\n<p>Wie der Politikwissenschaftler erg\u00e4nzte, werde es zu einer &#8220;neuen Europapolitik kommen, wenn die Opposition gewinnt.&#8221; Die Opposition bekenne sich zum Rechtsstaat und zur Demokratie, wie es in den EU-Vertr\u00e4gen vorgesehen sei.<\/p>\n<p><strong>Mehr zum Thema<\/strong> \u2013 <a rel=\"nofollow noopener\" target=\"_blank\" href=\"https:\/\/freeassange.rtde.life\/inland\/181698-arrogant-reformunfaehig-radikalzentristisch-paralysiert-deutschland-kann-sich-nicht-retten\/\">&#8220;Arrogant, reformunf\u00e4hig, radikalzentristisch, paralysiert&#8221; \u2013 Deutschland kann sich nicht retten<\/a><\/p>\n<div class=\"EmbedBlock-root EmbedBlock-externalVideo EmbedBlock-odysee\">\n<div class=\"VkEmbed\"><iframe class=\"lazyload\" data-src=\"https:\/\/odysee.com\/%24\/embed\/%40RTDE%3Ae%2FStreit-um-ukrainisches-Getreide-Polen-reagiert-auf-Verhalten-Kiews%3A6\" frameborder=\"0\" width=\"853\" height=\"480\" allowfullscreen><\/iframe><\/div>\n<\/div>\n<\/div>\n<p><script async src=\"https:\/\/platform.twitter.com\/widgets.js\" charset=\"utf-8\"><\/script><br \/>\n<br \/><br \/>\n<br \/><a href=\"https:\/\/de.rt.com\/europa\/181764-polnischer-aussenminister-kritisiert-scholz-und-wirft-ihm-einmischung-vor\/\">Source link <\/a><\/p>\n","protected":false},"excerpt":{"rendered":"<p>Auf einem Post auf X zeigt sich der polnische Au\u00dfenminister Zbigniew Rau pikiert \u00fcber \u00c4u\u00dferungen von Bundeskanzler Olaf Scholz. Dieser mische sich mit seinen Kommentaren zur Fl\u00fcchtlingspolitik in die inneren Angelegenheiten Warschaus ein, so Rau. Der polnische Au\u00dfenminister Zbigniew Rau hat dem deutschen Kanzler Olaf Scholz Einmischung in innere Angelegenheiten vorgeworfen. Die j\u00fcngsten \u00c4u\u00dferungen des [&hellip;]<\/p>\n","protected":false},"author":3,"featured_media":46967,"comment_status":"open","ping_status":"open","sticky":false,"template":"","format":"standard","meta":{"_yoast_indexnow_last_ping":["1695637116"],"wp_automatic_camp":["217"],"056ade1a91fa3dfe28e3e9fa311a11bf":["Polnischer Au\u00dfenminister kritisiert Scholz und wirft ihm Einmischung vor"],"original_link":["https:\/\/de.rt.com\/europa\/181764-polnischer-aussenminister-kritisiert-scholz-und-wirft-ihm-einmischung-vor\/"],"_thumbnail_id":["46967"],"_wptgpro_p2tg_sent2tg":["a:1:{i:23737;s:19:\"2023-09-25 12:19:44\";}"],"jnews_social_counter_last_update":["1777287817"]},"categories":[19,23],"tags":[13830,25674,9966,739,19459,1001,140,320,7129],"yoast_head":"<!-- This site is optimized with the Yoast SEO Premium plugin v22.7 (Yoast SEO v22.7) - https:\/\/yoast.com\/wordpress\/plugins\/seo\/ -->\n<title>Polnischer Au\u00dfenminister kritisiert Scholz und wirft ihm Einmischung vor - just-now.NEWS Deutschland<\/title>\n<meta name=\"robots\" content=\"index, follow, max-snippet:-1, max-image-preview:large, max-video-preview:-1\" \/>\n<link rel=\"canonical\" href=\"https:\/\/now-news.de\/de\/deutschland\/polnischer-aussenminister-kritisiert-scholz-und-wirft-ihm-einmischung-vor\/\" \/>\n<meta property=\"og:locale\" content=\"de_DE\" \/>\n<meta property=\"og:type\" content=\"article\" \/>\n<meta property=\"og:title\" content=\"Polnischer Au\u00dfenminister kritisiert Scholz und wirft ihm Einmischung vor\" \/>\n<meta property=\"og:description\" content=\"Auf einem Post auf X zeigt sich der polnische Au\u00dfenminister Zbigniew Rau pikiert \u00fcber \u00c4u\u00dferungen von Bundeskanzler Olaf Scholz. Dieser mische sich mit seinen Kommentaren zur Fl\u00fcchtlingspolitik in die inneren Angelegenheiten Warschaus ein, so Rau. Der polnische Au\u00dfenminister Zbigniew Rau hat dem deutschen Kanzler Olaf Scholz Einmischung in innere Angelegenheiten vorgeworfen. Die j\u00fcngsten \u00c4u\u00dferungen des [&hellip;]\" \/>\n<meta property=\"og:url\" content=\"https:\/\/now-news.de\/de\/deutschland\/polnischer-aussenminister-kritisiert-scholz-und-wirft-ihm-einmischung-vor\/\" \/>\n<meta property=\"og:site_name\" content=\"just-now.NEWS Deutschland\" \/>\n<meta property=\"article:publisher\" content=\"https:\/\/www.facebook.com\/wirmachenauf\" \/>\n<meta property=\"article:published_time\" content=\"2023-09-25T10:15:55+00:00\" \/>\n<meta property=\"og:image\" content=\"https:\/\/now-news.de\/de\/wp-content\/uploads\/sites\/3\/2023\/09\/Polnischer-Aussenminister-kritisiert-Scholz-und-wirft-ihm-Einmischung-vor.jpg\" \/>\n\t<meta property=\"og:image:width\" content=\"460\" \/>\n\t<meta property=\"og:image:height\" content=\"259\" \/>\n\t<meta property=\"og:image:type\" content=\"image\/jpeg\" \/>\n<meta name=\"author\" content=\"rtnews\" \/>\n<meta name=\"twitter:card\" content=\"summary_large_image\" \/>\n<meta name=\"twitter:creator\" content=\"@WirMachenAuf_de\" \/>\n<meta name=\"twitter:site\" content=\"@WirMachenAuf_de\" \/>\n<meta name=\"twitter:label1\" content=\"Verfasst von\" \/>\n\t<meta name=\"twitter:data1\" content=\"rtnews\" \/>\n\t<meta name=\"twitter:label2\" content=\"Gesch\u00e4tzte Lesezeit\" \/>\n\t<meta name=\"twitter:data2\" content=\"3\u00a0Minuten\" \/>\n<script type=\"application\/ld+json\" class=\"yoast-schema-graph\">{\"@context\":\"https:\/\/schema.org\",\"@graph\":[{\"@type\":\"Article\",\"@id\":\"https:\/\/now-news.de\/de\/deutschland\/polnischer-aussenminister-kritisiert-scholz-und-wirft-ihm-einmischung-vor\/#article\",\"isPartOf\":{\"@id\":\"https:\/\/now-news.de\/de\/deutschland\/polnischer-aussenminister-kritisiert-scholz-und-wirft-ihm-einmischung-vor\/\"},\"author\":{\"name\":\"rtnews\",\"@id\":\"https:\/\/now-news.de\/de\/#\/schema\/person\/fb534a4e865501d8b3285208df34a9b5\"},\"headline\":\"Polnischer Au\u00dfenminister kritisiert Scholz und wirft ihm Einmischung vor\",\"datePublished\":\"2023-09-25T10:15:55+00:00\",\"dateModified\":\"2023-09-25T10:15:55+00:00\",\"mainEntityOfPage\":{\"@id\":\"https:\/\/now-news.de\/de\/deutschland\/polnischer-aussenminister-kritisiert-scholz-und-wirft-ihm-einmischung-vor\/\"},\"wordCount\":577,\"commentCount\":0,\"publisher\":{\"@id\":\"https:\/\/now-news.de\/de\/#organization\"},\"image\":{\"@id\":\"https:\/\/now-news.de\/de\/deutschland\/polnischer-aussenminister-kritisiert-scholz-und-wirft-ihm-einmischung-vor\/#primaryimage\"},\"thumbnailUrl\":\"https:\/\/now-news.de\/de\/wp-content\/uploads\/sites\/3\/2023\/09\/Polnischer-Aussenminister-kritisiert-Scholz-und-wirft-ihm-Einmischung-vor.jpg\",\"keywords\":[\"Au\u00dfenminister\",\"Einmischung\",\"ihm\",\"kritisiert\",\"Polnischer\",\"Scholz\",\"und\",\"vor\",\"wirft\"],\"articleSection\":[\"Deutschland\",\"Russland\"],\"inLanguage\":\"de\",\"potentialAction\":[{\"@type\":\"CommentAction\",\"name\":\"Comment\",\"target\":[\"https:\/\/now-news.de\/de\/deutschland\/polnischer-aussenminister-kritisiert-scholz-und-wirft-ihm-einmischung-vor\/#respond\"]}]},{\"@type\":\"WebPage\",\"@id\":\"https:\/\/now-news.de\/de\/deutschland\/polnischer-aussenminister-kritisiert-scholz-und-wirft-ihm-einmischung-vor\/\",\"url\":\"https:\/\/now-news.de\/de\/deutschland\/polnischer-aussenminister-kritisiert-scholz-und-wirft-ihm-einmischung-vor\/\",\"name\":\"Polnischer Au\u00dfenminister kritisiert Scholz und wirft ihm Einmischung vor - just-now.NEWS Deutschland\",\"isPartOf\":{\"@id\":\"https:\/\/now-news.de\/de\/#website\"},\"primaryImageOfPage\":{\"@id\":\"https:\/\/now-news.de\/de\/deutschland\/polnischer-aussenminister-kritisiert-scholz-und-wirft-ihm-einmischung-vor\/#primaryimage\"},\"image\":{\"@id\":\"https:\/\/now-news.de\/de\/deutschland\/polnischer-aussenminister-kritisiert-scholz-und-wirft-ihm-einmischung-vor\/#primaryimage\"},\"thumbnailUrl\":\"https:\/\/now-news.de\/de\/wp-content\/uploads\/sites\/3\/2023\/09\/Polnischer-Aussenminister-kritisiert-Scholz-und-wirft-ihm-Einmischung-vor.jpg\",\"datePublished\":\"2023-09-25T10:15:55+00:00\",\"dateModified\":\"2023-09-25T10:15:55+00:00\",\"breadcrumb\":{\"@id\":\"https:\/\/now-news.de\/de\/deutschland\/polnischer-aussenminister-kritisiert-scholz-und-wirft-ihm-einmischung-vor\/#breadcrumb\"},\"inLanguage\":\"de\",\"potentialAction\":[{\"@type\":\"ReadAction\",\"target\":[\"https:\/\/now-news.de\/de\/deutschland\/polnischer-aussenminister-kritisiert-scholz-und-wirft-ihm-einmischung-vor\/\"]}]},{\"@type\":\"ImageObject\",\"inLanguage\":\"de\",\"@id\":\"https:\/\/now-news.de\/de\/deutschland\/polnischer-aussenminister-kritisiert-scholz-und-wirft-ihm-einmischung-vor\/#primaryimage\",\"url\":\"https:\/\/now-news.de\/de\/wp-content\/uploads\/sites\/3\/2023\/09\/Polnischer-Aussenminister-kritisiert-Scholz-und-wirft-ihm-Einmischung-vor.jpg\",\"contentUrl\":\"https:\/\/now-news.de\/de\/wp-content\/uploads\/sites\/3\/2023\/09\/Polnischer-Aussenminister-kritisiert-Scholz-und-wirft-ihm-Einmischung-vor.jpg\",\"width\":460,\"height\":259,\"caption\":\"Polnischer Au\u00dfenminister kritisiert Scholz und wirft ihm Einmischung vor\"},{\"@type\":\"BreadcrumbList\",\"@id\":\"https:\/\/now-news.de\/de\/deutschland\/polnischer-aussenminister-kritisiert-scholz-und-wirft-ihm-einmischung-vor\/#breadcrumb\",\"itemListElement\":[{\"@type\":\"ListItem\",\"position\":1,\"name\":\"Home\",\"item\":\"https:\/\/now-news.de\/de\/\"},{\"@type\":\"ListItem\",\"position\":2,\"name\":\"Polnischer Au\u00dfenminister kritisiert Scholz und wirft ihm Einmischung vor\"}]},{\"@type\":\"WebSite\",\"@id\":\"https:\/\/now-news.de\/de\/#website\",\"url\":\"https:\/\/now-news.de\/de\/\",\"name\":\"just-now.NEWS Deutschland\",\"description\":\"Das Portal f\u00fcr unzensierte Nachrichten aus der Welt\",\"publisher\":{\"@id\":\"https:\/\/now-news.de\/de\/#organization\"},\"potentialAction\":[{\"@type\":\"SearchAction\",\"target\":{\"@type\":\"EntryPoint\",\"urlTemplate\":\"https:\/\/now-news.de\/de\/?s={search_term_string}\"},\"query-input\":\"required name=search_term_string\"}],\"inLanguage\":\"de\"},{\"@type\":\"Organization\",\"@id\":\"https:\/\/now-news.de\/de\/#organization\",\"name\":\"Just Now News\",\"url\":\"https:\/\/now-news.de\/de\/\",\"logo\":{\"@type\":\"ImageObject\",\"inLanguage\":\"de\",\"@id\":\"https:\/\/now-news.de\/de\/#\/schema\/logo\/image\/\",\"url\":\"http:\/\/just-now.news\/de\/wp-content\/uploads\/sites\/3\/2022\/04\/logo500x500.jpg\",\"contentUrl\":\"http:\/\/just-now.news\/de\/wp-content\/uploads\/sites\/3\/2022\/04\/logo500x500.jpg\",\"width\":500,\"height\":500,\"caption\":\"Just Now News\"},\"image\":{\"@id\":\"https:\/\/now-news.de\/de\/#\/schema\/logo\/image\/\"},\"sameAs\":[\"https:\/\/www.facebook.com\/wirmachenauf\",\"https:\/\/x.com\/WirMachenAuf_de\"]},{\"@type\":\"Person\",\"@id\":\"https:\/\/now-news.de\/de\/#\/schema\/person\/fb534a4e865501d8b3285208df34a9b5\",\"name\":\"rtnews\",\"image\":{\"@type\":\"ImageObject\",\"inLanguage\":\"de\",\"@id\":\"https:\/\/now-news.de\/de\/#\/schema\/person\/image\/\",\"url\":\"https:\/\/secure.gravatar.com\/avatar\/82aafea7d8127119dd649515f56e2117?s=96&d=mm&r=g\",\"contentUrl\":\"https:\/\/secure.gravatar.com\/avatar\/82aafea7d8127119dd649515f56e2117?s=96&d=mm&r=g\",\"caption\":\"rtnews\"},\"url\":\"https:\/\/now-news.de\/de\/author\/rnews\/\"}]}<\/script>\n<!-- \/ Yoast SEO Premium plugin. -->","yoast_head_json":{"title":"Polnischer Au\u00dfenminister kritisiert Scholz und wirft ihm Einmischung vor - just-now.NEWS Deutschland","robots":{"index":"index","follow":"follow","max-snippet":"max-snippet:-1","max-image-preview":"max-image-preview:large","max-video-preview":"max-video-preview:-1"},"canonical":"https:\/\/now-news.de\/de\/deutschland\/polnischer-aussenminister-kritisiert-scholz-und-wirft-ihm-einmischung-vor\/","og_locale":"de_DE","og_type":"article","og_title":"Polnischer Au\u00dfenminister kritisiert Scholz und wirft ihm Einmischung vor","og_description":"Auf einem Post auf X zeigt sich der polnische Au\u00dfenminister Zbigniew Rau pikiert \u00fcber \u00c4u\u00dferungen von Bundeskanzler Olaf Scholz. Dieser mische sich mit seinen Kommentaren zur Fl\u00fcchtlingspolitik in die inneren Angelegenheiten Warschaus ein, so Rau. Der polnische Au\u00dfenminister Zbigniew Rau hat dem deutschen Kanzler Olaf Scholz Einmischung in innere Angelegenheiten vorgeworfen. Die j\u00fcngsten \u00c4u\u00dferungen des [&hellip;]","og_url":"https:\/\/now-news.de\/de\/deutschland\/polnischer-aussenminister-kritisiert-scholz-und-wirft-ihm-einmischung-vor\/","og_site_name":"just-now.NEWS Deutschland","article_publisher":"https:\/\/www.facebook.com\/wirmachenauf","article_published_time":"2023-09-25T10:15:55+00:00","og_image":[{"width":460,"height":259,"url":"https:\/\/now-news.de\/de\/wp-content\/uploads\/sites\/3\/2023\/09\/Polnischer-Aussenminister-kritisiert-Scholz-und-wirft-ihm-Einmischung-vor.jpg","type":"image\/jpeg"}],"author":"rtnews","twitter_card":"summary_large_image","twitter_creator":"@WirMachenAuf_de","twitter_site":"@WirMachenAuf_de","twitter_misc":{"Verfasst von":"rtnews","Gesch\u00e4tzte Lesezeit":"3\u00a0Minuten"},"schema":{"@context":"https:\/\/schema.org","@graph":[{"@type":"Article","@id":"https:\/\/now-news.de\/de\/deutschland\/polnischer-aussenminister-kritisiert-scholz-und-wirft-ihm-einmischung-vor\/#article","isPartOf":{"@id":"https:\/\/now-news.de\/de\/deutschland\/polnischer-aussenminister-kritisiert-scholz-und-wirft-ihm-einmischung-vor\/"},"author":{"name":"rtnews","@id":"https:\/\/now-news.de\/de\/#\/schema\/person\/fb534a4e865501d8b3285208df34a9b5"},"headline":"Polnischer Au\u00dfenminister kritisiert Scholz und wirft ihm Einmischung vor","datePublished":"2023-09-25T10:15:55+00:00","dateModified":"2023-09-25T10:15:55+00:00","mainEntityOfPage":{"@id":"https:\/\/now-news.de\/de\/deutschland\/polnischer-aussenminister-kritisiert-scholz-und-wirft-ihm-einmischung-vor\/"},"wordCount":577,"commentCount":0,"publisher":{"@id":"https:\/\/now-news.de\/de\/#organization"},"image":{"@id":"https:\/\/now-news.de\/de\/deutschland\/polnischer-aussenminister-kritisiert-scholz-und-wirft-ihm-einmischung-vor\/#primaryimage"},"thumbnailUrl":"https:\/\/now-news.de\/de\/wp-content\/uploads\/sites\/3\/2023\/09\/Polnischer-Aussenminister-kritisiert-Scholz-und-wirft-ihm-Einmischung-vor.jpg","keywords":["Au\u00dfenminister","Einmischung","ihm","kritisiert","Polnischer","Scholz","und","vor","wirft"],"articleSection":["Deutschland","Russland"],"inLanguage":"de","potentialAction":[{"@type":"CommentAction","name":"Comment","target":["https:\/\/now-news.de\/de\/deutschland\/polnischer-aussenminister-kritisiert-scholz-und-wirft-ihm-einmischung-vor\/#respond"]}]},{"@type":"WebPage","@id":"https:\/\/now-news.de\/de\/deutschland\/polnischer-aussenminister-kritisiert-scholz-und-wirft-ihm-einmischung-vor\/","url":"https:\/\/now-news.de\/de\/deutschland\/polnischer-aussenminister-kritisiert-scholz-und-wirft-ihm-einmischung-vor\/","name":"Polnischer Au\u00dfenminister kritisiert Scholz und wirft ihm Einmischung vor - just-now.NEWS Deutschland","isPartOf":{"@id":"https:\/\/now-news.de\/de\/#website"},"primaryImageOfPage":{"@id":"https:\/\/now-news.de\/de\/deutschland\/polnischer-aussenminister-kritisiert-scholz-und-wirft-ihm-einmischung-vor\/#primaryimage"},"image":{"@id":"https:\/\/now-news.de\/de\/deutschland\/polnischer-aussenminister-kritisiert-scholz-und-wirft-ihm-einmischung-vor\/#primaryimage"},"thumbnailUrl":"https:\/\/now-news.de\/de\/wp-content\/uploads\/sites\/3\/2023\/09\/Polnischer-Aussenminister-kritisiert-Scholz-und-wirft-ihm-Einmischung-vor.jpg","datePublished":"2023-09-25T10:15:55+00:00","dateModified":"2023-09-25T10:15:55+00:00","breadcrumb":{"@id":"https:\/\/now-news.de\/de\/deutschland\/polnischer-aussenminister-kritisiert-scholz-und-wirft-ihm-einmischung-vor\/#breadcrumb"},"inLanguage":"de","potentialAction":[{"@type":"ReadAction","target":["https:\/\/now-news.de\/de\/deutschland\/polnischer-aussenminister-kritisiert-scholz-und-wirft-ihm-einmischung-vor\/"]}]},{"@type":"ImageObject","inLanguage":"de","@id":"https:\/\/now-news.de\/de\/deutschland\/polnischer-aussenminister-kritisiert-scholz-und-wirft-ihm-einmischung-vor\/#primaryimage","url":"https:\/\/now-news.de\/de\/wp-content\/uploads\/sites\/3\/2023\/09\/Polnischer-Aussenminister-kritisiert-Scholz-und-wirft-ihm-Einmischung-vor.jpg","contentUrl":"https:\/\/now-news.de\/de\/wp-content\/uploads\/sites\/3\/2023\/09\/Polnischer-Aussenminister-kritisiert-Scholz-und-wirft-ihm-Einmischung-vor.jpg","width":460,"height":259,"caption":"Polnischer Au\u00dfenminister kritisiert Scholz und wirft ihm Einmischung vor"},{"@type":"BreadcrumbList","@id":"https:\/\/now-news.de\/de\/deutschland\/polnischer-aussenminister-kritisiert-scholz-und-wirft-ihm-einmischung-vor\/#breadcrumb","itemListElement":[{"@type":"ListItem","position":1,"name":"Home","item":"https:\/\/now-news.de\/de\/"},{"@type":"ListItem","position":2,"name":"Polnischer Au\u00dfenminister kritisiert Scholz und wirft ihm Einmischung vor"}]},{"@type":"WebSite","@id":"https:\/\/now-news.de\/de\/#website","url":"https:\/\/now-news.de\/de\/","name":"just-now.NEWS Deutschland","description":"Das Portal f\u00fcr unzensierte Nachrichten aus der Welt","publisher":{"@id":"https:\/\/now-news.de\/de\/#organization"},"potentialAction":[{"@type":"SearchAction","target":{"@type":"EntryPoint","urlTemplate":"https:\/\/now-news.de\/de\/?s={search_term_string}"},"query-input":"required name=search_term_string"}],"inLanguage":"de"},{"@type":"Organization","@id":"https:\/\/now-news.de\/de\/#organization","name":"Just Now News","url":"https:\/\/now-news.de\/de\/","logo":{"@type":"ImageObject","inLanguage":"de","@id":"https:\/\/now-news.de\/de\/#\/schema\/logo\/image\/","url":"http:\/\/just-now.news\/de\/wp-content\/uploads\/sites\/3\/2022\/04\/logo500x500.jpg","contentUrl":"http:\/\/just-now.news\/de\/wp-content\/uploads\/sites\/3\/2022\/04\/logo500x500.jpg","width":500,"height":500,"caption":"Just Now News"},"image":{"@id":"https:\/\/now-news.de\/de\/#\/schema\/logo\/image\/"},"sameAs":["https:\/\/www.facebook.com\/wirmachenauf","https:\/\/x.com\/WirMachenAuf_de"]},{"@type":"Person","@id":"https:\/\/now-news.de\/de\/#\/schema\/person\/fb534a4e865501d8b3285208df34a9b5","name":"rtnews","image":{"@type":"ImageObject","inLanguage":"de","@id":"https:\/\/now-news.de\/de\/#\/schema\/person\/image\/","url":"https:\/\/secure.gravatar.com\/avatar\/82aafea7d8127119dd649515f56e2117?s=96&d=mm&r=g","contentUrl":"https:\/\/secure.gravatar.com\/avatar\/82aafea7d8127119dd649515f56e2117?s=96&d=mm&r=g","caption":"rtnews"},"url":"https:\/\/now-news.de\/de\/author\/rnews\/"}]}},"_links":{"self":[{"href":"https:\/\/now-news.de\/de\/wp-json\/wp\/v2\/posts\/46966"}],"collection":[{"href":"https:\/\/now-news.de\/de\/wp-json\/wp\/v2\/posts"}],"about":[{"href":"https:\/\/now-news.de\/de\/wp-json\/wp\/v2\/types\/post"}],"author":[{"embeddable":true,"href":"https:\/\/now-news.de\/de\/wp-json\/wp\/v2\/users\/3"}],"replies":[{"embeddable":true,"href":"https:\/\/now-news.de\/de\/wp-json\/wp\/v2\/comments?post=46966"}],"version-history":[{"count":0,"href":"https:\/\/now-news.de\/de\/wp-json\/wp\/v2\/posts\/46966\/revisions"}],"wp:featuredmedia":[{"embeddable":true,"href":"https:\/\/now-news.de\/de\/wp-json\/wp\/v2\/media\/46967"}],"wp:attachment":[{"href":"https:\/\/now-news.de\/de\/wp-json\/wp\/v2\/media?parent=46966"}],"wp:term":[{"taxonomy":"category","embeddable":true,"href":"https:\/\/now-news.de\/de\/wp-json\/wp\/v2\/categories?post=46966"},{"taxonomy":"post_tag","embeddable":true,"href":"https:\/\/now-news.de\/de\/wp-json\/wp\/v2\/tags?post=46966"}],"curies":[{"name":"wp","href":"https:\/\/api.w.org\/{rel}","templated":true}]}}