{"id":46958,"date":"2023-09-25T09:54:16","date_gmt":"2023-09-25T07:54:16","guid":{"rendered":"https:\/\/just-now.news\/de\/deutschland\/macron-kuendigt-frankreichs-militaerischen-und-diplomatischen-rueckzug-aus-niger-an\/"},"modified":"2023-09-25T09:54:16","modified_gmt":"2023-09-25T07:54:16","slug":"macron-kuendigt-frankreichs-militaerischen-und-diplomatischen-rueckzug-aus-niger-an","status":"publish","type":"post","link":"https:\/\/now-news.de\/de\/deutschland\/macron-kuendigt-frankreichs-militaerischen-und-diplomatischen-rueckzug-aus-niger-an\/","title":{"rendered":"Macron k\u00fcndigt Frankreichs milit\u00e4rischen und diplomatischen R\u00fcckzug aus Niger an"},"content":{"rendered":"<p><img decoding=\"async\" src=\"http:\/\/just-now.news\/de\/wp-content\/uploads\/sites\/3\/2023\/09\/651128cf48fbef65d2780f95.jpg\" \/><\/p>\n<div class=\"Text-root Text-type_1 \">\n                Der franz\u00f6sische Pr\u00e4sident Emmanuel Macron hat angek\u00fcndigt, Frankreich werde sich sowohl milit\u00e4risch als auch diplomatisch aus Niger zur\u00fcckziehen. Die rund 1.500 franz\u00f6sischen Soldaten sollen das westafrikanische Land bis Ende des Jahres verlassen.\n            <\/div>\n<p><\/p>\n<div class=\"Text-root Text-type_5 ArticleView-text ViewText-root \">\n<p>Frankreich wird nach dem erfolgreichen Putsch antifranz\u00f6sischer Kr\u00e4fte sein Milit\u00e4r und seine Diplomaten aus Niger abziehen. Das teilte der franz\u00f6sische Pr\u00e4sident Emmanuel Macron am Sonntag mit. Bis Ende des Jahres werden die rund 1.500 Soldaten das Land verlassen. Der franz\u00f6sische St\u00fctzpunkt in Niger war einer der gr\u00f6\u00dften in der Sahelzone, und wenn der Abzug abgeschlossen ist, werden nur noch einige Dutzend franz\u00f6sische Soldaten in Tschad verbleiben.<\/p>\n<p>&#8220;Frankreich hat beschlossen, seinen Botschafter abzuziehen. In den n\u00e4chsten Stunden werden unser Botschafter und mehrere Diplomaten nach Frankreich zur\u00fcckkehren&#8221;, sagte Macron dem Fernsehsender <em>France 2<\/em>.\u00a0&#8220;Und wir werden unsere milit\u00e4rische Zusammenarbeit mit den nigrischen Beh\u00f6rden beenden&#8221;, fuhr er fort und k\u00fcndigte dabei an, dass auch die franz\u00f6sischen Truppen &#8220;in den kommenden Monaten&#8221; nach Hause zur\u00fcckkehren w\u00fcrden.<\/p>\n<p>Der fr\u00fchere profranz\u00f6sische Pr\u00e4sident Mohamed Bazoum in Niger wurde im Juli durch einen Milit\u00e4rputsch gest\u00fcrzt. Die Putschisten nutzten die weit verbreitete Unzufriedenheit der \u00d6ffentlichkeit gegen\u00fcber Frankreichs jahrzehntelangem Einsatz zur Bek\u00e4mpfung der Aufst\u00e4ndischen in der Region, setzten sofort ein bestehendes Abkommen \u00fcber die milit\u00e4rische Zusammenarbeit mit der franz\u00f6sischen Regierung aus und verlangten, dass die franz\u00f6sischen Truppen das Land verlassen.<\/p>\n<p><strong>M\u00f6gliche Milit\u00e4rallianz von\u00a0Niger, Mali und Burkina Faso<\/strong><\/p>\n<p>Im August forderte die nigrische Milit\u00e4rf\u00fchrung au\u00dferdem die Ausreise des franz\u00f6sischen Botschafters Sylvain Itt\u00e9. Als Paris dies verweigerte hob die Milit\u00e4rf\u00fchrung die diplomatische Immunit\u00e4t des franz\u00f6sischen Botschafters auf. In der vergangenen Woche behauptete Macron, das nigrische Milit\u00e4r halte Itt\u00e9 als &#8220;Geisel&#8221; fest, indem es die Lebensmittellieferungen an die franz\u00f6sische Botschaft blockiere. Obwohl Macron nun den Forderungen der Putschisten nachgab, beharrt er zugleich darauf, dass Frankreich weiterhin den gest\u00fcrzten Bazoum als Nigers &#8220;einzige legitime Autorit\u00e4t&#8221; anerkennt.<\/p>\n<p>Angesichts des schwindenden franz\u00f6sischen Einflusses\u00a0k\u00fcndigten Niger, Mali und Burkina Faso letzte Woche die Bildung einer Milit\u00e4rallianz an. Sowohl Mali als auch Burkina Faso hatten sich informell verpflichtet, Niger im Falle einer Invasion durch die regionalen Wirtschaftsgemeinschaft ECOWAS wegen des Staatsstreichs zu unterst\u00fctzen. Die Unterzeichnung eines Verteidigungspakts formalisierte diese Vereinbarung.<\/p>\n<p>Der malische Verteidigungsminister Abdoulaye Diop erkl\u00e4rte gegen\u00fcber der Nachrichtenagentur Reuters, dass die Allianz der Sahel-Staaten, wie das Dreier-B\u00fcndnis auch genannt wird, ebenso bei der Bek\u00e4mpfung des Terrorismus und der Sicherung der gemeinsamen Grenzen zusammenarbeiten werde.<\/p>\n<p><strong>Mehr zum Thema\u00a0<\/strong>\u2013\u00a0<a rel=\"nofollow noopener\" target=\"_blank\" href=\"https:\/\/freedert.online\/meinung\/181672-mirage-2000-frankreichs-trugbilder-eines-krieges-mit-russland\/\">Mirage 2000 \u2013 Frankreichs &#8220;Trugbilder&#8221; eines Krieges mit Russland<\/a><\/p>\n<\/div>\n<p><br \/>\n<br \/><a href=\"https:\/\/de.rt.com\/afrika\/181752-macron-kuendigt-frankreichs-rueckzug-aus-niger-an\/\">Source link <\/a><\/p>\n","protected":false},"excerpt":{"rendered":"<p>Der franz\u00f6sische Pr\u00e4sident Emmanuel Macron hat angek\u00fcndigt, Frankreich werde sich sowohl milit\u00e4risch als auch diplomatisch aus Niger zur\u00fcckziehen. Die rund 1.500 franz\u00f6sischen Soldaten sollen das westafrikanische Land bis Ende des Jahres verlassen. Frankreich wird nach dem erfolgreichen Putsch antifranz\u00f6sischer Kr\u00e4fte sein Milit\u00e4r und seine Diplomaten aus Niger abziehen. Das teilte der franz\u00f6sische Pr\u00e4sident Emmanuel Macron [&hellip;]<\/p>\n","protected":false},"author":3,"featured_media":46959,"comment_status":"open","ping_status":"open","sticky":false,"template":"","format":"standard","meta":{"_yoast_indexnow_last_ping":["1695629388"],"wp_automatic_camp":["217"],"b3cfbe3e3f16c864183f9dd9e1ad52f7":["Macron k\u00fcndigt Frankreichs milit\u00e4rischen und diplomatischen R\u00fcckzug aus Niger an"],"original_link":["https:\/\/de.rt.com\/afrika\/181752-macron-kuendigt-frankreichs-rueckzug-aus-niger-an\/"],"_thumbnail_id":["46959"],"_wptgpro_p2tg_sent2tg":["a:1:{i:23737;s:19:\"2023-09-25 10:10:49\";}"],"jnews_social_counter_last_update":["1777331184"]},"categories":[19,23],"tags":[679,1935,19886,4224,1711,20361,36434,10251,140],"yoast_head":"<!-- This site is optimized with the Yoast SEO Premium plugin v22.7 (Yoast SEO v22.7) - https:\/\/yoast.com\/wordpress\/plugins\/seo\/ -->\n<title>Macron k\u00fcndigt Frankreichs milit\u00e4rischen und diplomatischen R\u00fcckzug aus Niger an - just-now.NEWS Deutschland<\/title>\n<meta name=\"robots\" content=\"index, follow, max-snippet:-1, max-image-preview:large, max-video-preview:-1\" \/>\n<link rel=\"canonical\" href=\"https:\/\/now-news.de\/de\/deutschland\/macron-kuendigt-frankreichs-militaerischen-und-diplomatischen-rueckzug-aus-niger-an\/\" \/>\n<meta property=\"og:locale\" content=\"de_DE\" \/>\n<meta property=\"og:type\" content=\"article\" \/>\n<meta property=\"og:title\" content=\"Macron k\u00fcndigt Frankreichs milit\u00e4rischen und diplomatischen R\u00fcckzug aus Niger an\" \/>\n<meta property=\"og:description\" content=\"Der franz\u00f6sische Pr\u00e4sident Emmanuel Macron hat angek\u00fcndigt, Frankreich werde sich sowohl milit\u00e4risch als auch diplomatisch aus Niger zur\u00fcckziehen. Die rund 1.500 franz\u00f6sischen Soldaten sollen das westafrikanische Land bis Ende des Jahres verlassen. Frankreich wird nach dem erfolgreichen Putsch antifranz\u00f6sischer Kr\u00e4fte sein Milit\u00e4r und seine Diplomaten aus Niger abziehen. Das teilte der franz\u00f6sische Pr\u00e4sident Emmanuel Macron [&hellip;]\" \/>\n<meta property=\"og:url\" content=\"https:\/\/now-news.de\/de\/deutschland\/macron-kuendigt-frankreichs-militaerischen-und-diplomatischen-rueckzug-aus-niger-an\/\" \/>\n<meta property=\"og:site_name\" content=\"just-now.NEWS Deutschland\" \/>\n<meta property=\"article:publisher\" content=\"https:\/\/www.facebook.com\/wirmachenauf\" \/>\n<meta property=\"article:published_time\" content=\"2023-09-25T07:54:16+00:00\" \/>\n<meta property=\"og:image\" content=\"https:\/\/now-news.de\/de\/wp-content\/uploads\/sites\/3\/2023\/09\/Macron-kuendigt-Frankreichs-militaerischen-und-diplomatischen-Rueckzug-aus-Niger-an.jpg\" \/>\n\t<meta property=\"og:image:width\" content=\"460\" \/>\n\t<meta property=\"og:image:height\" content=\"259\" \/>\n\t<meta property=\"og:image:type\" content=\"image\/jpeg\" \/>\n<meta name=\"author\" content=\"rtnews\" \/>\n<meta name=\"twitter:card\" content=\"summary_large_image\" \/>\n<meta name=\"twitter:creator\" content=\"@WirMachenAuf_de\" \/>\n<meta name=\"twitter:site\" content=\"@WirMachenAuf_de\" \/>\n<meta name=\"twitter:label1\" content=\"Verfasst von\" \/>\n\t<meta name=\"twitter:data1\" content=\"rtnews\" \/>\n\t<meta name=\"twitter:label2\" content=\"Gesch\u00e4tzte Lesezeit\" \/>\n\t<meta name=\"twitter:data2\" content=\"2\u00a0Minuten\" \/>\n<script type=\"application\/ld+json\" class=\"yoast-schema-graph\">{\"@context\":\"https:\/\/schema.org\",\"@graph\":[{\"@type\":\"Article\",\"@id\":\"https:\/\/now-news.de\/de\/deutschland\/macron-kuendigt-frankreichs-militaerischen-und-diplomatischen-rueckzug-aus-niger-an\/#article\",\"isPartOf\":{\"@id\":\"https:\/\/now-news.de\/de\/deutschland\/macron-kuendigt-frankreichs-militaerischen-und-diplomatischen-rueckzug-aus-niger-an\/\"},\"author\":{\"name\":\"rtnews\",\"@id\":\"https:\/\/now-news.de\/de\/#\/schema\/person\/fb534a4e865501d8b3285208df34a9b5\"},\"headline\":\"Macron k\u00fcndigt Frankreichs milit\u00e4rischen und diplomatischen R\u00fcckzug aus Niger an\",\"datePublished\":\"2023-09-25T07:54:16+00:00\",\"dateModified\":\"2023-09-25T07:54:16+00:00\",\"mainEntityOfPage\":{\"@id\":\"https:\/\/now-news.de\/de\/deutschland\/macron-kuendigt-frankreichs-militaerischen-und-diplomatischen-rueckzug-aus-niger-an\/\"},\"wordCount\":459,\"commentCount\":0,\"publisher\":{\"@id\":\"https:\/\/now-news.de\/de\/#organization\"},\"image\":{\"@id\":\"https:\/\/now-news.de\/de\/deutschland\/macron-kuendigt-frankreichs-militaerischen-und-diplomatischen-rueckzug-aus-niger-an\/#primaryimage\"},\"thumbnailUrl\":\"https:\/\/now-news.de\/de\/wp-content\/uploads\/sites\/3\/2023\/09\/Macron-kuendigt-Frankreichs-militaerischen-und-diplomatischen-Rueckzug-aus-Niger-an.jpg\",\"keywords\":[\"aus\",\"diplomatischen\",\"Frankreichs\",\"k\u00fcndigt\",\"macron\",\"milit\u00e4rischen\",\"Niger\",\"R\u00fcckzug\",\"und\"],\"articleSection\":[\"Deutschland\",\"Russland\"],\"inLanguage\":\"de\",\"potentialAction\":[{\"@type\":\"CommentAction\",\"name\":\"Comment\",\"target\":[\"https:\/\/now-news.de\/de\/deutschland\/macron-kuendigt-frankreichs-militaerischen-und-diplomatischen-rueckzug-aus-niger-an\/#respond\"]}]},{\"@type\":\"WebPage\",\"@id\":\"https:\/\/now-news.de\/de\/deutschland\/macron-kuendigt-frankreichs-militaerischen-und-diplomatischen-rueckzug-aus-niger-an\/\",\"url\":\"https:\/\/now-news.de\/de\/deutschland\/macron-kuendigt-frankreichs-militaerischen-und-diplomatischen-rueckzug-aus-niger-an\/\",\"name\":\"Macron k\u00fcndigt Frankreichs milit\u00e4rischen und diplomatischen R\u00fcckzug aus Niger an - just-now.NEWS Deutschland\",\"isPartOf\":{\"@id\":\"https:\/\/now-news.de\/de\/#website\"},\"primaryImageOfPage\":{\"@id\":\"https:\/\/now-news.de\/de\/deutschland\/macron-kuendigt-frankreichs-militaerischen-und-diplomatischen-rueckzug-aus-niger-an\/#primaryimage\"},\"image\":{\"@id\":\"https:\/\/now-news.de\/de\/deutschland\/macron-kuendigt-frankreichs-militaerischen-und-diplomatischen-rueckzug-aus-niger-an\/#primaryimage\"},\"thumbnailUrl\":\"https:\/\/now-news.de\/de\/wp-content\/uploads\/sites\/3\/2023\/09\/Macron-kuendigt-Frankreichs-militaerischen-und-diplomatischen-Rueckzug-aus-Niger-an.jpg\",\"datePublished\":\"2023-09-25T07:54:16+00:00\",\"dateModified\":\"2023-09-25T07:54:16+00:00\",\"breadcrumb\":{\"@id\":\"https:\/\/now-news.de\/de\/deutschland\/macron-kuendigt-frankreichs-militaerischen-und-diplomatischen-rueckzug-aus-niger-an\/#breadcrumb\"},\"inLanguage\":\"de\",\"potentialAction\":[{\"@type\":\"ReadAction\",\"target\":[\"https:\/\/now-news.de\/de\/deutschland\/macron-kuendigt-frankreichs-militaerischen-und-diplomatischen-rueckzug-aus-niger-an\/\"]}]},{\"@type\":\"ImageObject\",\"inLanguage\":\"de\",\"@id\":\"https:\/\/now-news.de\/de\/deutschland\/macron-kuendigt-frankreichs-militaerischen-und-diplomatischen-rueckzug-aus-niger-an\/#primaryimage\",\"url\":\"https:\/\/now-news.de\/de\/wp-content\/uploads\/sites\/3\/2023\/09\/Macron-kuendigt-Frankreichs-militaerischen-und-diplomatischen-Rueckzug-aus-Niger-an.jpg\",\"contentUrl\":\"https:\/\/now-news.de\/de\/wp-content\/uploads\/sites\/3\/2023\/09\/Macron-kuendigt-Frankreichs-militaerischen-und-diplomatischen-Rueckzug-aus-Niger-an.jpg\",\"width\":460,\"height\":259,\"caption\":\"Macron k\u00fcndigt Frankreichs milit\u00e4rischen und diplomatischen R\u00fcckzug aus Niger an\"},{\"@type\":\"BreadcrumbList\",\"@id\":\"https:\/\/now-news.de\/de\/deutschland\/macron-kuendigt-frankreichs-militaerischen-und-diplomatischen-rueckzug-aus-niger-an\/#breadcrumb\",\"itemListElement\":[{\"@type\":\"ListItem\",\"position\":1,\"name\":\"Home\",\"item\":\"https:\/\/now-news.de\/de\/\"},{\"@type\":\"ListItem\",\"position\":2,\"name\":\"Macron k\u00fcndigt Frankreichs milit\u00e4rischen und diplomatischen R\u00fcckzug aus Niger an\"}]},{\"@type\":\"WebSite\",\"@id\":\"https:\/\/now-news.de\/de\/#website\",\"url\":\"https:\/\/now-news.de\/de\/\",\"name\":\"just-now.NEWS Deutschland\",\"description\":\"Das Portal f\u00fcr unzensierte Nachrichten aus der Welt\",\"publisher\":{\"@id\":\"https:\/\/now-news.de\/de\/#organization\"},\"potentialAction\":[{\"@type\":\"SearchAction\",\"target\":{\"@type\":\"EntryPoint\",\"urlTemplate\":\"https:\/\/now-news.de\/de\/?s={search_term_string}\"},\"query-input\":\"required name=search_term_string\"}],\"inLanguage\":\"de\"},{\"@type\":\"Organization\",\"@id\":\"https:\/\/now-news.de\/de\/#organization\",\"name\":\"Just Now News\",\"url\":\"https:\/\/now-news.de\/de\/\",\"logo\":{\"@type\":\"ImageObject\",\"inLanguage\":\"de\",\"@id\":\"https:\/\/now-news.de\/de\/#\/schema\/logo\/image\/\",\"url\":\"http:\/\/just-now.news\/de\/wp-content\/uploads\/sites\/3\/2022\/04\/logo500x500.jpg\",\"contentUrl\":\"http:\/\/just-now.news\/de\/wp-content\/uploads\/sites\/3\/2022\/04\/logo500x500.jpg\",\"width\":500,\"height\":500,\"caption\":\"Just Now News\"},\"image\":{\"@id\":\"https:\/\/now-news.de\/de\/#\/schema\/logo\/image\/\"},\"sameAs\":[\"https:\/\/www.facebook.com\/wirmachenauf\",\"https:\/\/x.com\/WirMachenAuf_de\"]},{\"@type\":\"Person\",\"@id\":\"https:\/\/now-news.de\/de\/#\/schema\/person\/fb534a4e865501d8b3285208df34a9b5\",\"name\":\"rtnews\",\"image\":{\"@type\":\"ImageObject\",\"inLanguage\":\"de\",\"@id\":\"https:\/\/now-news.de\/de\/#\/schema\/person\/image\/\",\"url\":\"https:\/\/secure.gravatar.com\/avatar\/82aafea7d8127119dd649515f56e2117?s=96&d=mm&r=g\",\"contentUrl\":\"https:\/\/secure.gravatar.com\/avatar\/82aafea7d8127119dd649515f56e2117?s=96&d=mm&r=g\",\"caption\":\"rtnews\"},\"url\":\"https:\/\/now-news.de\/de\/author\/rnews\/\"}]}<\/script>\n<!-- \/ Yoast SEO Premium plugin. -->","yoast_head_json":{"title":"Macron k\u00fcndigt Frankreichs milit\u00e4rischen und diplomatischen R\u00fcckzug aus Niger an - just-now.NEWS Deutschland","robots":{"index":"index","follow":"follow","max-snippet":"max-snippet:-1","max-image-preview":"max-image-preview:large","max-video-preview":"max-video-preview:-1"},"canonical":"https:\/\/now-news.de\/de\/deutschland\/macron-kuendigt-frankreichs-militaerischen-und-diplomatischen-rueckzug-aus-niger-an\/","og_locale":"de_DE","og_type":"article","og_title":"Macron k\u00fcndigt Frankreichs milit\u00e4rischen und diplomatischen R\u00fcckzug aus Niger an","og_description":"Der franz\u00f6sische Pr\u00e4sident Emmanuel Macron hat angek\u00fcndigt, Frankreich werde sich sowohl milit\u00e4risch als auch diplomatisch aus Niger zur\u00fcckziehen. Die rund 1.500 franz\u00f6sischen Soldaten sollen das westafrikanische Land bis Ende des Jahres verlassen. Frankreich wird nach dem erfolgreichen Putsch antifranz\u00f6sischer Kr\u00e4fte sein Milit\u00e4r und seine Diplomaten aus Niger abziehen. Das teilte der franz\u00f6sische Pr\u00e4sident Emmanuel Macron [&hellip;]","og_url":"https:\/\/now-news.de\/de\/deutschland\/macron-kuendigt-frankreichs-militaerischen-und-diplomatischen-rueckzug-aus-niger-an\/","og_site_name":"just-now.NEWS Deutschland","article_publisher":"https:\/\/www.facebook.com\/wirmachenauf","article_published_time":"2023-09-25T07:54:16+00:00","og_image":[{"width":460,"height":259,"url":"https:\/\/now-news.de\/de\/wp-content\/uploads\/sites\/3\/2023\/09\/Macron-kuendigt-Frankreichs-militaerischen-und-diplomatischen-Rueckzug-aus-Niger-an.jpg","type":"image\/jpeg"}],"author":"rtnews","twitter_card":"summary_large_image","twitter_creator":"@WirMachenAuf_de","twitter_site":"@WirMachenAuf_de","twitter_misc":{"Verfasst von":"rtnews","Gesch\u00e4tzte Lesezeit":"2\u00a0Minuten"},"schema":{"@context":"https:\/\/schema.org","@graph":[{"@type":"Article","@id":"https:\/\/now-news.de\/de\/deutschland\/macron-kuendigt-frankreichs-militaerischen-und-diplomatischen-rueckzug-aus-niger-an\/#article","isPartOf":{"@id":"https:\/\/now-news.de\/de\/deutschland\/macron-kuendigt-frankreichs-militaerischen-und-diplomatischen-rueckzug-aus-niger-an\/"},"author":{"name":"rtnews","@id":"https:\/\/now-news.de\/de\/#\/schema\/person\/fb534a4e865501d8b3285208df34a9b5"},"headline":"Macron k\u00fcndigt Frankreichs milit\u00e4rischen und diplomatischen R\u00fcckzug aus Niger an","datePublished":"2023-09-25T07:54:16+00:00","dateModified":"2023-09-25T07:54:16+00:00","mainEntityOfPage":{"@id":"https:\/\/now-news.de\/de\/deutschland\/macron-kuendigt-frankreichs-militaerischen-und-diplomatischen-rueckzug-aus-niger-an\/"},"wordCount":459,"commentCount":0,"publisher":{"@id":"https:\/\/now-news.de\/de\/#organization"},"image":{"@id":"https:\/\/now-news.de\/de\/deutschland\/macron-kuendigt-frankreichs-militaerischen-und-diplomatischen-rueckzug-aus-niger-an\/#primaryimage"},"thumbnailUrl":"https:\/\/now-news.de\/de\/wp-content\/uploads\/sites\/3\/2023\/09\/Macron-kuendigt-Frankreichs-militaerischen-und-diplomatischen-Rueckzug-aus-Niger-an.jpg","keywords":["aus","diplomatischen","Frankreichs","k\u00fcndigt","macron","milit\u00e4rischen","Niger","R\u00fcckzug","und"],"articleSection":["Deutschland","Russland"],"inLanguage":"de","potentialAction":[{"@type":"CommentAction","name":"Comment","target":["https:\/\/now-news.de\/de\/deutschland\/macron-kuendigt-frankreichs-militaerischen-und-diplomatischen-rueckzug-aus-niger-an\/#respond"]}]},{"@type":"WebPage","@id":"https:\/\/now-news.de\/de\/deutschland\/macron-kuendigt-frankreichs-militaerischen-und-diplomatischen-rueckzug-aus-niger-an\/","url":"https:\/\/now-news.de\/de\/deutschland\/macron-kuendigt-frankreichs-militaerischen-und-diplomatischen-rueckzug-aus-niger-an\/","name":"Macron k\u00fcndigt Frankreichs milit\u00e4rischen und diplomatischen R\u00fcckzug aus Niger an - just-now.NEWS Deutschland","isPartOf":{"@id":"https:\/\/now-news.de\/de\/#website"},"primaryImageOfPage":{"@id":"https:\/\/now-news.de\/de\/deutschland\/macron-kuendigt-frankreichs-militaerischen-und-diplomatischen-rueckzug-aus-niger-an\/#primaryimage"},"image":{"@id":"https:\/\/now-news.de\/de\/deutschland\/macron-kuendigt-frankreichs-militaerischen-und-diplomatischen-rueckzug-aus-niger-an\/#primaryimage"},"thumbnailUrl":"https:\/\/now-news.de\/de\/wp-content\/uploads\/sites\/3\/2023\/09\/Macron-kuendigt-Frankreichs-militaerischen-und-diplomatischen-Rueckzug-aus-Niger-an.jpg","datePublished":"2023-09-25T07:54:16+00:00","dateModified":"2023-09-25T07:54:16+00:00","breadcrumb":{"@id":"https:\/\/now-news.de\/de\/deutschland\/macron-kuendigt-frankreichs-militaerischen-und-diplomatischen-rueckzug-aus-niger-an\/#breadcrumb"},"inLanguage":"de","potentialAction":[{"@type":"ReadAction","target":["https:\/\/now-news.de\/de\/deutschland\/macron-kuendigt-frankreichs-militaerischen-und-diplomatischen-rueckzug-aus-niger-an\/"]}]},{"@type":"ImageObject","inLanguage":"de","@id":"https:\/\/now-news.de\/de\/deutschland\/macron-kuendigt-frankreichs-militaerischen-und-diplomatischen-rueckzug-aus-niger-an\/#primaryimage","url":"https:\/\/now-news.de\/de\/wp-content\/uploads\/sites\/3\/2023\/09\/Macron-kuendigt-Frankreichs-militaerischen-und-diplomatischen-Rueckzug-aus-Niger-an.jpg","contentUrl":"https:\/\/now-news.de\/de\/wp-content\/uploads\/sites\/3\/2023\/09\/Macron-kuendigt-Frankreichs-militaerischen-und-diplomatischen-Rueckzug-aus-Niger-an.jpg","width":460,"height":259,"caption":"Macron k\u00fcndigt Frankreichs milit\u00e4rischen und diplomatischen R\u00fcckzug aus Niger an"},{"@type":"BreadcrumbList","@id":"https:\/\/now-news.de\/de\/deutschland\/macron-kuendigt-frankreichs-militaerischen-und-diplomatischen-rueckzug-aus-niger-an\/#breadcrumb","itemListElement":[{"@type":"ListItem","position":1,"name":"Home","item":"https:\/\/now-news.de\/de\/"},{"@type":"ListItem","position":2,"name":"Macron k\u00fcndigt Frankreichs milit\u00e4rischen und diplomatischen R\u00fcckzug aus Niger an"}]},{"@type":"WebSite","@id":"https:\/\/now-news.de\/de\/#website","url":"https:\/\/now-news.de\/de\/","name":"just-now.NEWS Deutschland","description":"Das Portal f\u00fcr unzensierte Nachrichten aus der Welt","publisher":{"@id":"https:\/\/now-news.de\/de\/#organization"},"potentialAction":[{"@type":"SearchAction","target":{"@type":"EntryPoint","urlTemplate":"https:\/\/now-news.de\/de\/?s={search_term_string}"},"query-input":"required name=search_term_string"}],"inLanguage":"de"},{"@type":"Organization","@id":"https:\/\/now-news.de\/de\/#organization","name":"Just Now News","url":"https:\/\/now-news.de\/de\/","logo":{"@type":"ImageObject","inLanguage":"de","@id":"https:\/\/now-news.de\/de\/#\/schema\/logo\/image\/","url":"http:\/\/just-now.news\/de\/wp-content\/uploads\/sites\/3\/2022\/04\/logo500x500.jpg","contentUrl":"http:\/\/just-now.news\/de\/wp-content\/uploads\/sites\/3\/2022\/04\/logo500x500.jpg","width":500,"height":500,"caption":"Just Now News"},"image":{"@id":"https:\/\/now-news.de\/de\/#\/schema\/logo\/image\/"},"sameAs":["https:\/\/www.facebook.com\/wirmachenauf","https:\/\/x.com\/WirMachenAuf_de"]},{"@type":"Person","@id":"https:\/\/now-news.de\/de\/#\/schema\/person\/fb534a4e865501d8b3285208df34a9b5","name":"rtnews","image":{"@type":"ImageObject","inLanguage":"de","@id":"https:\/\/now-news.de\/de\/#\/schema\/person\/image\/","url":"https:\/\/secure.gravatar.com\/avatar\/82aafea7d8127119dd649515f56e2117?s=96&d=mm&r=g","contentUrl":"https:\/\/secure.gravatar.com\/avatar\/82aafea7d8127119dd649515f56e2117?s=96&d=mm&r=g","caption":"rtnews"},"url":"https:\/\/now-news.de\/de\/author\/rnews\/"}]}},"_links":{"self":[{"href":"https:\/\/now-news.de\/de\/wp-json\/wp\/v2\/posts\/46958"}],"collection":[{"href":"https:\/\/now-news.de\/de\/wp-json\/wp\/v2\/posts"}],"about":[{"href":"https:\/\/now-news.de\/de\/wp-json\/wp\/v2\/types\/post"}],"author":[{"embeddable":true,"href":"https:\/\/now-news.de\/de\/wp-json\/wp\/v2\/users\/3"}],"replies":[{"embeddable":true,"href":"https:\/\/now-news.de\/de\/wp-json\/wp\/v2\/comments?post=46958"}],"version-history":[{"count":0,"href":"https:\/\/now-news.de\/de\/wp-json\/wp\/v2\/posts\/46958\/revisions"}],"wp:featuredmedia":[{"embeddable":true,"href":"https:\/\/now-news.de\/de\/wp-json\/wp\/v2\/media\/46959"}],"wp:attachment":[{"href":"https:\/\/now-news.de\/de\/wp-json\/wp\/v2\/media?parent=46958"}],"wp:term":[{"taxonomy":"category","embeddable":true,"href":"https:\/\/now-news.de\/de\/wp-json\/wp\/v2\/categories?post=46958"},{"taxonomy":"post_tag","embeddable":true,"href":"https:\/\/now-news.de\/de\/wp-json\/wp\/v2\/tags?post=46958"}],"curies":[{"name":"wp","href":"https:\/\/api.w.org\/{rel}","templated":true}]}}