{"id":46916,"date":"2023-09-24T12:24:47","date_gmt":"2023-09-24T10:24:47","guid":{"rendered":"https:\/\/just-now.news\/de\/deutschland\/klimakleber-scheitern-mit-farbattacke-auf-berlin-marathon\/"},"modified":"2023-09-24T12:24:47","modified_gmt":"2023-09-24T10:24:47","slug":"klimakleber-scheitern-mit-farbattacke-auf-berlin-marathon","status":"publish","type":"post","link":"https:\/\/now-news.de\/de\/deutschland\/klimakleber-scheitern-mit-farbattacke-auf-berlin-marathon\/","title":{"rendered":"Klimakleber scheitern mit Farbattacke auf Berlin-Marathon"},"content":{"rendered":"<p><img decoding=\"async\" src=\"http:\/\/just-now.news\/de\/wp-content\/uploads\/sites\/3\/2023\/09\/65100c4448fbef66443d1c3a.jpg\" \/><\/p>\n<div class=\"Text-root Text-type_1 \">\n                Und wieder die Klimaapokalyptiker: Am Sonntagvormittag haben sie versucht, den Berlin-Marathon mit einer Farbattacke zu st\u00f6ren. Anders als sonst war die Polizei zur Stelle und unterband den Angriff. Von den Zuschauern gab es Buhrufe f\u00fcr die &#8220;Aktivisten&#8221;.\n            <\/div>\n<p><\/p>\n<div class=\"Text-root Text-type_5 ArticleView-text ViewText-root \">\n<p>Die Klima-Apokalyptiker der &#8220;Letzten Generation&#8221; haben am Sonntag erfolglos versucht, den Berlin-Marathon mit einer Farbattacke zu st\u00f6ren.<\/p>\n<p>Mehrere Klimakleber liefen auf der Stra\u00dfe des 17. Juni von beiden Seiten mit Eimern und Plakaten auf die Strecke. Auf Videos der Plattform Twitter\/X ist zu sehen, wie einige der sogenannten Aktivisten Plakate der &#8220;Letzten Generation&#8221; hochhielten.<\/p>\n<p>Anders als bei fr\u00fcheren Eins\u00e4tzen der Klimakleber unterband die Polizei die St\u00f6rversuche umgehend. Sicherheitskr\u00e4fte griffen sofort ein, dr\u00fcckten die St\u00f6rer zu Boden und entfernten sie von der Stra\u00dfe. Von den Zuschauern gab es f\u00fcr die Aktion Buhrufe. Die Farbspuren auf der Stra\u00dfe konnten den Marathon nicht beeintr\u00e4chtigen.<\/p>\n<div class=\"EmbedBlock-root EmbedBlock-twitter\">\n<div class=\"TwitterEmbed\">\n<blockquote class=\"twitter-tweet lazyload\" data-twitter=\"twitter-tweet\">\n<p lang=\"de\" dir=\"ltr\">\u00dcbrigens: Uns tut es genauso leid, den Alltag eines Handwerkers zu unterbrechen wie den langersehnten Wettbewerb einer L\u00e4uferin. Wir tun das, weil wir in einer Notlage sind. In existenzieller Gefahr! <a rel=\"nofollow noopener\" target=\"_blank\" href=\"https:\/\/t.co\/ptmDoVcerV\">pic.twitter.com\/ptmDoVcerV<\/a><\/p>\n<p>\u2014 Letzte Generation (@AufstandLastGen) <a rel=\"nofollow noopener\" target=\"_blank\" href=\"https:\/\/twitter.com\/AufstandLastGen\/status\/1705857358432272668?ref_src=twsrc%5Etfw\">September 24, 2023<\/a><\/p><\/blockquote>\n<\/div>\n<\/div>\n<p>Die &#8220;Letzte Generation&#8221; beschrieb ihre Aktion in mehreren Tweets in gewohnt apokalyptischen T\u00f6nen:<\/p>\n<blockquote>\n<p><em>&#8220;Warnfarbe auf der Strecke \u2013 wir m\u00fcssen raus aus den Fossilen bis 2030 f\u00fcr eine Chance auf \u00dcberleben.<\/em><\/p>\n<p><em>Wir tun das, weil wir in einer Notlage sind. In existenzieller Gefahr!&#8221;<\/em><\/p>\n<\/blockquote>\n<p>Ein Nutzer kommentierte kurz:<\/p>\n<blockquote>\n<p><em>&#8220;Schleicht&#8217;s Euch!&#8221;<\/em><\/p>\n<\/blockquote>\n<p><strong>Mehr zum Thema<\/strong> &#8211; <a rel=\"nofollow noopener\" target=\"_blank\" href=\"https:\/\/freedert.online\/inland\/181464-endlich-tut-es-mal-weh\/\">&#8220;Endlich tut es mal weh&#8221; &#8211; Kommentar von MDR-&#8220;Journalistin&#8221; zum Brandenburger Tor l\u00e4sst tief blicken<\/a><\/p>\n<\/p>\n<\/div>\n<p><script async src=\"https:\/\/platform.twitter.com\/widgets.js\" charset=\"utf-8\"><\/script><br \/>\n<br \/><br \/>\n<br \/><a href=\"https:\/\/de.rt.com\/inland\/181702-klima-kleber-scheitern-mit-farbattacke\/\">Source link <\/a><\/p>\n","protected":false},"excerpt":{"rendered":"<p>Und wieder die Klimaapokalyptiker: Am Sonntagvormittag haben sie versucht, den Berlin-Marathon mit einer Farbattacke zu st\u00f6ren. Anders als sonst war die Polizei zur Stelle und unterband den Angriff. Von den Zuschauern gab es Buhrufe f\u00fcr die &#8220;Aktivisten&#8221;. Die Klima-Apokalyptiker der &#8220;Letzten Generation&#8221; haben am Sonntag erfolglos versucht, den Berlin-Marathon mit einer Farbattacke zu st\u00f6ren. Mehrere [&hellip;]<\/p>\n","protected":false},"author":3,"featured_media":46917,"comment_status":"open","ping_status":"open","sticky":false,"template":"","format":"standard","meta":{"_yoast_indexnow_last_ping":["1695551290"],"wp_automatic_camp":["217"],"82872e8fb84f3cec192045c7ced7a4fd":["Klimakleber scheitern mit Farbattacke auf Berlin-Marathon"],"original_link":["https:\/\/de.rt.com\/inland\/181702-klima-kleber-scheitern-mit-farbattacke\/"],"_thumbnail_id":["46917"],"_wptgpro_p2tg_sent2tg":["a:1:{i:23737;s:19:\"2023-09-24 12:29:26\";}"],"jnews_social_counter_last_update":["1777306424"]},"categories":[19,23],"tags":[133,49179,45637,35468,419,11272],"yoast_head":"<!-- This site is optimized with the Yoast SEO Premium plugin v22.7 (Yoast SEO v22.7) - https:\/\/yoast.com\/wordpress\/plugins\/seo\/ -->\n<title>Klimakleber scheitern mit Farbattacke auf Berlin-Marathon - just-now.NEWS Deutschland<\/title>\n<meta name=\"robots\" content=\"index, follow, max-snippet:-1, max-image-preview:large, max-video-preview:-1\" \/>\n<link rel=\"canonical\" href=\"https:\/\/now-news.de\/de\/deutschland\/klimakleber-scheitern-mit-farbattacke-auf-berlin-marathon\/\" \/>\n<meta property=\"og:locale\" content=\"de_DE\" \/>\n<meta property=\"og:type\" content=\"article\" \/>\n<meta property=\"og:title\" content=\"Klimakleber scheitern mit Farbattacke auf Berlin-Marathon\" \/>\n<meta property=\"og:description\" content=\"Und wieder die Klimaapokalyptiker: Am Sonntagvormittag haben sie versucht, den Berlin-Marathon mit einer Farbattacke zu st\u00f6ren. Anders als sonst war die Polizei zur Stelle und unterband den Angriff. Von den Zuschauern gab es Buhrufe f\u00fcr die &#8220;Aktivisten&#8221;. Die Klima-Apokalyptiker der &#8220;Letzten Generation&#8221; haben am Sonntag erfolglos versucht, den Berlin-Marathon mit einer Farbattacke zu st\u00f6ren. Mehrere [&hellip;]\" \/>\n<meta property=\"og:url\" content=\"https:\/\/now-news.de\/de\/deutschland\/klimakleber-scheitern-mit-farbattacke-auf-berlin-marathon\/\" \/>\n<meta property=\"og:site_name\" content=\"just-now.NEWS Deutschland\" \/>\n<meta property=\"article:publisher\" content=\"https:\/\/www.facebook.com\/wirmachenauf\" \/>\n<meta property=\"article:published_time\" content=\"2023-09-24T10:24:47+00:00\" \/>\n<meta property=\"og:image\" content=\"https:\/\/now-news.de\/de\/wp-content\/uploads\/sites\/3\/2023\/09\/Klimakleber-scheitern-mit-Farbattacke-auf-Berlin-Marathon.jpg\" \/>\n\t<meta property=\"og:image:width\" content=\"460\" \/>\n\t<meta property=\"og:image:height\" content=\"259\" \/>\n\t<meta property=\"og:image:type\" content=\"image\/jpeg\" \/>\n<meta name=\"author\" content=\"rtnews\" \/>\n<meta name=\"twitter:card\" content=\"summary_large_image\" \/>\n<meta name=\"twitter:creator\" content=\"@WirMachenAuf_de\" \/>\n<meta name=\"twitter:site\" content=\"@WirMachenAuf_de\" \/>\n<meta name=\"twitter:label1\" content=\"Verfasst von\" \/>\n\t<meta name=\"twitter:data1\" content=\"rtnews\" \/>\n\t<meta name=\"twitter:label2\" content=\"Gesch\u00e4tzte Lesezeit\" \/>\n\t<meta name=\"twitter:data2\" content=\"1\u00a0Minute\" \/>\n<script type=\"application\/ld+json\" class=\"yoast-schema-graph\">{\"@context\":\"https:\/\/schema.org\",\"@graph\":[{\"@type\":\"Article\",\"@id\":\"https:\/\/now-news.de\/de\/deutschland\/klimakleber-scheitern-mit-farbattacke-auf-berlin-marathon\/#article\",\"isPartOf\":{\"@id\":\"https:\/\/now-news.de\/de\/deutschland\/klimakleber-scheitern-mit-farbattacke-auf-berlin-marathon\/\"},\"author\":{\"name\":\"rtnews\",\"@id\":\"https:\/\/now-news.de\/de\/#\/schema\/person\/fb534a4e865501d8b3285208df34a9b5\"},\"headline\":\"Klimakleber scheitern mit Farbattacke auf Berlin-Marathon\",\"datePublished\":\"2023-09-24T10:24:47+00:00\",\"dateModified\":\"2023-09-24T10:24:47+00:00\",\"mainEntityOfPage\":{\"@id\":\"https:\/\/now-news.de\/de\/deutschland\/klimakleber-scheitern-mit-farbattacke-auf-berlin-marathon\/\"},\"wordCount\":272,\"commentCount\":0,\"publisher\":{\"@id\":\"https:\/\/now-news.de\/de\/#organization\"},\"image\":{\"@id\":\"https:\/\/now-news.de\/de\/deutschland\/klimakleber-scheitern-mit-farbattacke-auf-berlin-marathon\/#primaryimage\"},\"thumbnailUrl\":\"https:\/\/now-news.de\/de\/wp-content\/uploads\/sites\/3\/2023\/09\/Klimakleber-scheitern-mit-Farbattacke-auf-Berlin-Marathon.jpg\",\"keywords\":[\"AUF\",\"BerlinMarathon\",\"Farbattacke\",\"KlimaKleber\",\"mit\",\"Scheitern\"],\"articleSection\":[\"Deutschland\",\"Russland\"],\"inLanguage\":\"de\",\"potentialAction\":[{\"@type\":\"CommentAction\",\"name\":\"Comment\",\"target\":[\"https:\/\/now-news.de\/de\/deutschland\/klimakleber-scheitern-mit-farbattacke-auf-berlin-marathon\/#respond\"]}]},{\"@type\":\"WebPage\",\"@id\":\"https:\/\/now-news.de\/de\/deutschland\/klimakleber-scheitern-mit-farbattacke-auf-berlin-marathon\/\",\"url\":\"https:\/\/now-news.de\/de\/deutschland\/klimakleber-scheitern-mit-farbattacke-auf-berlin-marathon\/\",\"name\":\"Klimakleber scheitern mit Farbattacke auf Berlin-Marathon - just-now.NEWS Deutschland\",\"isPartOf\":{\"@id\":\"https:\/\/now-news.de\/de\/#website\"},\"primaryImageOfPage\":{\"@id\":\"https:\/\/now-news.de\/de\/deutschland\/klimakleber-scheitern-mit-farbattacke-auf-berlin-marathon\/#primaryimage\"},\"image\":{\"@id\":\"https:\/\/now-news.de\/de\/deutschland\/klimakleber-scheitern-mit-farbattacke-auf-berlin-marathon\/#primaryimage\"},\"thumbnailUrl\":\"https:\/\/now-news.de\/de\/wp-content\/uploads\/sites\/3\/2023\/09\/Klimakleber-scheitern-mit-Farbattacke-auf-Berlin-Marathon.jpg\",\"datePublished\":\"2023-09-24T10:24:47+00:00\",\"dateModified\":\"2023-09-24T10:24:47+00:00\",\"breadcrumb\":{\"@id\":\"https:\/\/now-news.de\/de\/deutschland\/klimakleber-scheitern-mit-farbattacke-auf-berlin-marathon\/#breadcrumb\"},\"inLanguage\":\"de\",\"potentialAction\":[{\"@type\":\"ReadAction\",\"target\":[\"https:\/\/now-news.de\/de\/deutschland\/klimakleber-scheitern-mit-farbattacke-auf-berlin-marathon\/\"]}]},{\"@type\":\"ImageObject\",\"inLanguage\":\"de\",\"@id\":\"https:\/\/now-news.de\/de\/deutschland\/klimakleber-scheitern-mit-farbattacke-auf-berlin-marathon\/#primaryimage\",\"url\":\"https:\/\/now-news.de\/de\/wp-content\/uploads\/sites\/3\/2023\/09\/Klimakleber-scheitern-mit-Farbattacke-auf-Berlin-Marathon.jpg\",\"contentUrl\":\"https:\/\/now-news.de\/de\/wp-content\/uploads\/sites\/3\/2023\/09\/Klimakleber-scheitern-mit-Farbattacke-auf-Berlin-Marathon.jpg\",\"width\":460,\"height\":259,\"caption\":\"Klimakleber scheitern mit Farbattacke auf Berlin-Marathon\"},{\"@type\":\"BreadcrumbList\",\"@id\":\"https:\/\/now-news.de\/de\/deutschland\/klimakleber-scheitern-mit-farbattacke-auf-berlin-marathon\/#breadcrumb\",\"itemListElement\":[{\"@type\":\"ListItem\",\"position\":1,\"name\":\"Home\",\"item\":\"https:\/\/now-news.de\/de\/\"},{\"@type\":\"ListItem\",\"position\":2,\"name\":\"Klimakleber scheitern mit Farbattacke auf Berlin-Marathon\"}]},{\"@type\":\"WebSite\",\"@id\":\"https:\/\/now-news.de\/de\/#website\",\"url\":\"https:\/\/now-news.de\/de\/\",\"name\":\"just-now.NEWS Deutschland\",\"description\":\"Das Portal f\u00fcr unzensierte Nachrichten aus der Welt\",\"publisher\":{\"@id\":\"https:\/\/now-news.de\/de\/#organization\"},\"potentialAction\":[{\"@type\":\"SearchAction\",\"target\":{\"@type\":\"EntryPoint\",\"urlTemplate\":\"https:\/\/now-news.de\/de\/?s={search_term_string}\"},\"query-input\":\"required name=search_term_string\"}],\"inLanguage\":\"de\"},{\"@type\":\"Organization\",\"@id\":\"https:\/\/now-news.de\/de\/#organization\",\"name\":\"Just Now News\",\"url\":\"https:\/\/now-news.de\/de\/\",\"logo\":{\"@type\":\"ImageObject\",\"inLanguage\":\"de\",\"@id\":\"https:\/\/now-news.de\/de\/#\/schema\/logo\/image\/\",\"url\":\"http:\/\/just-now.news\/de\/wp-content\/uploads\/sites\/3\/2022\/04\/logo500x500.jpg\",\"contentUrl\":\"http:\/\/just-now.news\/de\/wp-content\/uploads\/sites\/3\/2022\/04\/logo500x500.jpg\",\"width\":500,\"height\":500,\"caption\":\"Just Now News\"},\"image\":{\"@id\":\"https:\/\/now-news.de\/de\/#\/schema\/logo\/image\/\"},\"sameAs\":[\"https:\/\/www.facebook.com\/wirmachenauf\",\"https:\/\/x.com\/WirMachenAuf_de\"]},{\"@type\":\"Person\",\"@id\":\"https:\/\/now-news.de\/de\/#\/schema\/person\/fb534a4e865501d8b3285208df34a9b5\",\"name\":\"rtnews\",\"image\":{\"@type\":\"ImageObject\",\"inLanguage\":\"de\",\"@id\":\"https:\/\/now-news.de\/de\/#\/schema\/person\/image\/\",\"url\":\"https:\/\/secure.gravatar.com\/avatar\/82aafea7d8127119dd649515f56e2117?s=96&d=mm&r=g\",\"contentUrl\":\"https:\/\/secure.gravatar.com\/avatar\/82aafea7d8127119dd649515f56e2117?s=96&d=mm&r=g\",\"caption\":\"rtnews\"},\"url\":\"https:\/\/now-news.de\/de\/author\/rnews\/\"}]}<\/script>\n<!-- \/ Yoast SEO Premium plugin. -->","yoast_head_json":{"title":"Klimakleber scheitern mit Farbattacke auf Berlin-Marathon - just-now.NEWS Deutschland","robots":{"index":"index","follow":"follow","max-snippet":"max-snippet:-1","max-image-preview":"max-image-preview:large","max-video-preview":"max-video-preview:-1"},"canonical":"https:\/\/now-news.de\/de\/deutschland\/klimakleber-scheitern-mit-farbattacke-auf-berlin-marathon\/","og_locale":"de_DE","og_type":"article","og_title":"Klimakleber scheitern mit Farbattacke auf Berlin-Marathon","og_description":"Und wieder die Klimaapokalyptiker: Am Sonntagvormittag haben sie versucht, den Berlin-Marathon mit einer Farbattacke zu st\u00f6ren. Anders als sonst war die Polizei zur Stelle und unterband den Angriff. Von den Zuschauern gab es Buhrufe f\u00fcr die &#8220;Aktivisten&#8221;. Die Klima-Apokalyptiker der &#8220;Letzten Generation&#8221; haben am Sonntag erfolglos versucht, den Berlin-Marathon mit einer Farbattacke zu st\u00f6ren. Mehrere [&hellip;]","og_url":"https:\/\/now-news.de\/de\/deutschland\/klimakleber-scheitern-mit-farbattacke-auf-berlin-marathon\/","og_site_name":"just-now.NEWS Deutschland","article_publisher":"https:\/\/www.facebook.com\/wirmachenauf","article_published_time":"2023-09-24T10:24:47+00:00","og_image":[{"width":460,"height":259,"url":"https:\/\/now-news.de\/de\/wp-content\/uploads\/sites\/3\/2023\/09\/Klimakleber-scheitern-mit-Farbattacke-auf-Berlin-Marathon.jpg","type":"image\/jpeg"}],"author":"rtnews","twitter_card":"summary_large_image","twitter_creator":"@WirMachenAuf_de","twitter_site":"@WirMachenAuf_de","twitter_misc":{"Verfasst von":"rtnews","Gesch\u00e4tzte Lesezeit":"1\u00a0Minute"},"schema":{"@context":"https:\/\/schema.org","@graph":[{"@type":"Article","@id":"https:\/\/now-news.de\/de\/deutschland\/klimakleber-scheitern-mit-farbattacke-auf-berlin-marathon\/#article","isPartOf":{"@id":"https:\/\/now-news.de\/de\/deutschland\/klimakleber-scheitern-mit-farbattacke-auf-berlin-marathon\/"},"author":{"name":"rtnews","@id":"https:\/\/now-news.de\/de\/#\/schema\/person\/fb534a4e865501d8b3285208df34a9b5"},"headline":"Klimakleber scheitern mit Farbattacke auf Berlin-Marathon","datePublished":"2023-09-24T10:24:47+00:00","dateModified":"2023-09-24T10:24:47+00:00","mainEntityOfPage":{"@id":"https:\/\/now-news.de\/de\/deutschland\/klimakleber-scheitern-mit-farbattacke-auf-berlin-marathon\/"},"wordCount":272,"commentCount":0,"publisher":{"@id":"https:\/\/now-news.de\/de\/#organization"},"image":{"@id":"https:\/\/now-news.de\/de\/deutschland\/klimakleber-scheitern-mit-farbattacke-auf-berlin-marathon\/#primaryimage"},"thumbnailUrl":"https:\/\/now-news.de\/de\/wp-content\/uploads\/sites\/3\/2023\/09\/Klimakleber-scheitern-mit-Farbattacke-auf-Berlin-Marathon.jpg","keywords":["AUF","BerlinMarathon","Farbattacke","KlimaKleber","mit","Scheitern"],"articleSection":["Deutschland","Russland"],"inLanguage":"de","potentialAction":[{"@type":"CommentAction","name":"Comment","target":["https:\/\/now-news.de\/de\/deutschland\/klimakleber-scheitern-mit-farbattacke-auf-berlin-marathon\/#respond"]}]},{"@type":"WebPage","@id":"https:\/\/now-news.de\/de\/deutschland\/klimakleber-scheitern-mit-farbattacke-auf-berlin-marathon\/","url":"https:\/\/now-news.de\/de\/deutschland\/klimakleber-scheitern-mit-farbattacke-auf-berlin-marathon\/","name":"Klimakleber scheitern mit Farbattacke auf Berlin-Marathon - just-now.NEWS Deutschland","isPartOf":{"@id":"https:\/\/now-news.de\/de\/#website"},"primaryImageOfPage":{"@id":"https:\/\/now-news.de\/de\/deutschland\/klimakleber-scheitern-mit-farbattacke-auf-berlin-marathon\/#primaryimage"},"image":{"@id":"https:\/\/now-news.de\/de\/deutschland\/klimakleber-scheitern-mit-farbattacke-auf-berlin-marathon\/#primaryimage"},"thumbnailUrl":"https:\/\/now-news.de\/de\/wp-content\/uploads\/sites\/3\/2023\/09\/Klimakleber-scheitern-mit-Farbattacke-auf-Berlin-Marathon.jpg","datePublished":"2023-09-24T10:24:47+00:00","dateModified":"2023-09-24T10:24:47+00:00","breadcrumb":{"@id":"https:\/\/now-news.de\/de\/deutschland\/klimakleber-scheitern-mit-farbattacke-auf-berlin-marathon\/#breadcrumb"},"inLanguage":"de","potentialAction":[{"@type":"ReadAction","target":["https:\/\/now-news.de\/de\/deutschland\/klimakleber-scheitern-mit-farbattacke-auf-berlin-marathon\/"]}]},{"@type":"ImageObject","inLanguage":"de","@id":"https:\/\/now-news.de\/de\/deutschland\/klimakleber-scheitern-mit-farbattacke-auf-berlin-marathon\/#primaryimage","url":"https:\/\/now-news.de\/de\/wp-content\/uploads\/sites\/3\/2023\/09\/Klimakleber-scheitern-mit-Farbattacke-auf-Berlin-Marathon.jpg","contentUrl":"https:\/\/now-news.de\/de\/wp-content\/uploads\/sites\/3\/2023\/09\/Klimakleber-scheitern-mit-Farbattacke-auf-Berlin-Marathon.jpg","width":460,"height":259,"caption":"Klimakleber scheitern mit Farbattacke auf Berlin-Marathon"},{"@type":"BreadcrumbList","@id":"https:\/\/now-news.de\/de\/deutschland\/klimakleber-scheitern-mit-farbattacke-auf-berlin-marathon\/#breadcrumb","itemListElement":[{"@type":"ListItem","position":1,"name":"Home","item":"https:\/\/now-news.de\/de\/"},{"@type":"ListItem","position":2,"name":"Klimakleber scheitern mit Farbattacke auf Berlin-Marathon"}]},{"@type":"WebSite","@id":"https:\/\/now-news.de\/de\/#website","url":"https:\/\/now-news.de\/de\/","name":"just-now.NEWS Deutschland","description":"Das Portal f\u00fcr unzensierte Nachrichten aus der Welt","publisher":{"@id":"https:\/\/now-news.de\/de\/#organization"},"potentialAction":[{"@type":"SearchAction","target":{"@type":"EntryPoint","urlTemplate":"https:\/\/now-news.de\/de\/?s={search_term_string}"},"query-input":"required name=search_term_string"}],"inLanguage":"de"},{"@type":"Organization","@id":"https:\/\/now-news.de\/de\/#organization","name":"Just Now News","url":"https:\/\/now-news.de\/de\/","logo":{"@type":"ImageObject","inLanguage":"de","@id":"https:\/\/now-news.de\/de\/#\/schema\/logo\/image\/","url":"http:\/\/just-now.news\/de\/wp-content\/uploads\/sites\/3\/2022\/04\/logo500x500.jpg","contentUrl":"http:\/\/just-now.news\/de\/wp-content\/uploads\/sites\/3\/2022\/04\/logo500x500.jpg","width":500,"height":500,"caption":"Just Now News"},"image":{"@id":"https:\/\/now-news.de\/de\/#\/schema\/logo\/image\/"},"sameAs":["https:\/\/www.facebook.com\/wirmachenauf","https:\/\/x.com\/WirMachenAuf_de"]},{"@type":"Person","@id":"https:\/\/now-news.de\/de\/#\/schema\/person\/fb534a4e865501d8b3285208df34a9b5","name":"rtnews","image":{"@type":"ImageObject","inLanguage":"de","@id":"https:\/\/now-news.de\/de\/#\/schema\/person\/image\/","url":"https:\/\/secure.gravatar.com\/avatar\/82aafea7d8127119dd649515f56e2117?s=96&d=mm&r=g","contentUrl":"https:\/\/secure.gravatar.com\/avatar\/82aafea7d8127119dd649515f56e2117?s=96&d=mm&r=g","caption":"rtnews"},"url":"https:\/\/now-news.de\/de\/author\/rnews\/"}]}},"_links":{"self":[{"href":"https:\/\/now-news.de\/de\/wp-json\/wp\/v2\/posts\/46916"}],"collection":[{"href":"https:\/\/now-news.de\/de\/wp-json\/wp\/v2\/posts"}],"about":[{"href":"https:\/\/now-news.de\/de\/wp-json\/wp\/v2\/types\/post"}],"author":[{"embeddable":true,"href":"https:\/\/now-news.de\/de\/wp-json\/wp\/v2\/users\/3"}],"replies":[{"embeddable":true,"href":"https:\/\/now-news.de\/de\/wp-json\/wp\/v2\/comments?post=46916"}],"version-history":[{"count":0,"href":"https:\/\/now-news.de\/de\/wp-json\/wp\/v2\/posts\/46916\/revisions"}],"wp:featuredmedia":[{"embeddable":true,"href":"https:\/\/now-news.de\/de\/wp-json\/wp\/v2\/media\/46917"}],"wp:attachment":[{"href":"https:\/\/now-news.de\/de\/wp-json\/wp\/v2\/media?parent=46916"}],"wp:term":[{"taxonomy":"category","embeddable":true,"href":"https:\/\/now-news.de\/de\/wp-json\/wp\/v2\/categories?post=46916"},{"taxonomy":"post_tag","embeddable":true,"href":"https:\/\/now-news.de\/de\/wp-json\/wp\/v2\/tags?post=46916"}],"curies":[{"name":"wp","href":"https:\/\/api.w.org\/{rel}","templated":true}]}}