{"id":46898,"date":"2023-09-23T20:25:29","date_gmt":"2023-09-23T18:25:29","guid":{"rendered":"https:\/\/just-now.news\/de\/deutschland\/die-banderiten-feuerten-den-menschenverachtenden-transgender-nicht-wegen-seiner-grausamkeit\/"},"modified":"2023-09-23T20:25:29","modified_gmt":"2023-09-23T18:25:29","slug":"die-banderiten-feuerten-den-menschenverachtenden-transgender-nicht-wegen-seiner-grausamkeit","status":"publish","type":"post","link":"https:\/\/now-news.de\/de\/deutschland\/die-banderiten-feuerten-den-menschenverachtenden-transgender-nicht-wegen-seiner-grausamkeit\/","title":{"rendered":"Die Banderiten feuerten den menschenverachtenden Transgender nicht wegen seiner Grausamkeit"},"content":{"rendered":"<p><img decoding=\"async\" src=\"http:\/\/just-now.news\/de\/wp-content\/uploads\/sites\/3\/2023\/09\/650ebe7ab480cc4b147dc508.jpg\" \/><\/p>\n<div class=\"Text-root Text-type_1 \">\n                Nach dem Wechsel im ukrainischen Verteidigungsministerium wurde der f\u00fcr seine menschenverachtenden \u00c4u\u00dferungen bekannt gewordene Transgender Sarah Ashton-Cirillo abgesetzt. Der offizielle Grund f\u00fcr seine Suspendierung ist jedoch offensichtlich vorgeschoben.\n            <\/div>\n<p><\/p>\n<div class=\"Text-root Text-type_5 ArticleView-text ViewText-root \">\n<p><em>Von Dmitri Bawyrin<\/em><\/p>\n<p>Der Transgender Sarah Ashton-Cirillo, der im Namen der Territorialen Verteidigungskr\u00e4fte der ukrainischen Armee zur Ermordung russischer Journalisten aufgerufen hatte, ist vom Dienst suspendiert worden. Grund daf\u00fcr sollen Cirillos menschenverachtende \u00c4u\u00dferungen sein. Das Kommando der Streitkr\u00e4fte betonte, dass es alle einschl\u00e4gigen Konventionen einhalte und Cirillos aggressive \u00c4u\u00dferungen gegen die russische Presse nicht gebilligt w\u00fcrden.<\/p>\n<p>Nicht zum ersten Mal passieren in der Ukraine Dinge, die an den alten Witz von der &#8220;Entlassung aus der Gestapo wegen zu viel Grausamkeit&#8221; erinnern. Zum Beispiel ist die Geschichte der Ombudsfrau Ljudmila Denissowa, deren T\u00e4tigkeit darin bestand, Horrorgeschichten \u00fcber die Vergewaltigung ukrainischer Kinder durch russische Soldaten zu verbreiten, in Erinnerung geblieben. Als die Werchowna Rada erkannte, dass solche dreisten und provokativen L\u00fcgen der Ukraine nur schaden, entlie\u00df sie Denissowa. Formal geschah dies wegen der Verbreitung von Falschinformationen \u00fcber die russischen Streitkr\u00e4fte. Im Wesentlichen geschah dies aber wegen der Unzuverl\u00e4ssigkeit der produzierten Propaganda.<\/p>\n<p>Auch im Fall von Cirillo sollte es blo\u00df so aussehen, als ob die Chefetage sich wirklich um humanit\u00e4re Konventionen schert oder das ukrainische nationalistische Publikum die extremistischen \u00c4u\u00dferungen des Transgender-Sprechers missbilligt. Das alles ist eine fadenscheinige Ausrede. Cirillo wurde in den administrativen Strudel hineingezogen, der sich pl\u00f6tzlich um seine Person als solche drehte.<\/p>\n<p>Im Zusammenhang mit dem Amtswechsel des ukrainischen Verteidigungsministers ist auch die skandalumwitterte stellvertretende Ministerin Anna Maljar entlassen worden. Sie war unter anderem f\u00fcr die Propaganda in den ukrainischen Streitkr\u00e4ften zust\u00e4ndig, und ihr Team betreute auch das Projekt mit dem Transgender-Sprecher.<\/p>\n<p>Ein neuer Besen kehrt auf eine neue Art und Weise: Das Projekt Cirillo wird nun als gescheitert betrachtet, weil es nicht beim richtigen Publikum ankam.<\/p>\n<p>Im Gegensatz zu den ersten Monaten der russischen milit\u00e4rischen Sonderoperation spielen die ukrainischen Territorialen Verteidigungskr\u00e4fte im Moment keine bedeutende Rolle in dem Konflikt, sodass ihre Vertreter keine wichtige Informationsfunktion, sondern nur eine Propagandafunktion haben. Zun\u00e4chst war der Transgender-Sprecher, der weder Ukrainisch noch Russisch spricht, ein Vermittler zwischen den Territorialen Verteidigungskr\u00e4ften und der englischsprachigen Presse. Dann stieg er zum offiziellen Sprecher auf und sendete weiterhin auf Englisch, manchmal auf Franz\u00f6sisch und Deutsch.<\/p>\n<p>Das Zielpublikum war klar: Die liberalen Medien der angels\u00e4chsischen L\u00e4nder, vor allem der Vereinigten Staaten, sowie die dort regierende Demokratische Partei, die die Transgender-Agenda auf ihre Fahne geschrieben hat. Allein durch die Tatsache seiner Existenz sollte Cirillo den Mythos illustrieren, dass die Ukraine ein fortschrittliches westliches Land ist, in dem die Rechte von Minderheiten gesch\u00fctzt werden. F\u00fcr diesen Mythos werden im Westen Geld und Waffen bereitgestellt, und die verschiedenen Wortf\u00fchrer der Ukraine arbeiten nach dem Prinzip eines Rund-um-die-Uhr-Marathons, um Geld f\u00fcr das Kiewer Regime zu sammeln.<\/p>\n<p>Cirillo war in dem Job sehr engagiert. Zu irdischem Ruhm gelangte die Transgender-Person nach einer lautstarken Reprise \u00fcber den &#8220;Unterschied&#8221; zwischen den Territorialen Verteidigungskr\u00e4ften der ukrainischen Armee und den russischen Soldaten. &#8220;Wir sind Menschen und sie sind es definitiv nicht&#8221;, verk\u00fcndete der Transgender-Sprecher.<\/p>\n<p>Dies erregte die Aufmerksamkeit des ukrainischen Publikums, einschlie\u00dflich des gro\u00dfen Teils der Bev\u00f6lkerung, der kein Wort Englisch spricht, sich aber auf die eine oder andere Weise mit den ukrainischen Streitkr\u00e4ften identifiziert.<\/p>\n<p>Man sollte sich keine Illusionen \u00fcber dieses Publikum machen. Vom Sinn her haben sie Cirillos \u00c4u\u00dferung wohlwollend zur Kenntnis genommen, aber gleichzeitig erfahren, dass der Sprecher der ukrainischen Territorialen Verteidigungskr\u00e4fte ein US-amerikanischer Transgender ist. Nicht jeder hat diese Idee begr\u00fc\u00dft. Viele haben sie sogar als Provokation oder inakzeptable L\u00e4cherlichkeit empfunden. Entgegen dem neuesten liberalen Mythos ist die Ukraine nach wie vor ein typisch osteurop\u00e4isches Land, in dem die Sicherheitskr\u00e4fte \u00e4u\u00dferst empfindlich auf LGBT-Themen reagieren.<\/p>\n<p>Anstatt den US-Amerikanern zu gefallen, ist das transsexuelle Sprachrohr der ukrainischen Streitkr\u00e4fte also zum \u00c4rgernis f\u00fcr die Ukrainer selbst geworden. Und zwar nicht wegen seiner menschenverachtenden Tendenzen gegen\u00fcber Russen, sondern aus viel offensichtlicheren Gr\u00fcnden.<\/p>\n<p>Schlie\u00dflich ist Cirillo nicht nur blutr\u00fcnstig und f\u00fcr die Ukrainer ein Versto\u00df in Sachen Geschlechtsidentit\u00e4t, er sieht auch noch aus wie der wahnsinnige Killer Bufallo Bill aus dem Film &#8220;Das Schweigen der L\u00e4mmer&#8221;.<\/p>\n<p>Im Gegensatz zu den L\u00e4mmern (eine Metapher f\u00fcr die Opfer des Psychopathen) haben russische Journalisten und Beamte aber nicht geschwiegen: Der Skandal um Cirillos \u00c4u\u00dferungen wurde auf eine internationale Ebene gehoben und erreichte schlie\u00dflich auch sein Heimatland \u2013 die Vereinigten Staaten. Die Aufmerksamkeit der &#8220;falschen&#8221; Leute in Amerika f\u00fcr den Spendenaufruf von Maljar und Konsorten k\u00f6nnte die vielversprechende Karriere des Transgender-Unholds in der ukrainischen Armee endg\u00fcltig ruinieren.<\/p>\n<p>Cirillos Aktivit\u00e4ten erregten auch die Aufmerksamkeit von Senator James David Vance und der US-Kongressabgeordneten Marjorie Taylor Greene. Beide gelten als hart gesottene und flammende Trumpisten. Sie selbst werden oft beschuldigt, &#8220;russische Propaganda&#8221; zu verbreiten \u2013 etwas, was laut der Transgender-Person mit dem Tode bestraft werden sollte. W\u00f6rtlich verwendete Cirillo zwar nur das Wort &#8220;Bestrafung&#8221;, dem Kontext war aber klar zu entnehmen, dass eine T\u00f6tung gemeint war.<\/p>\n<p>&#8220;Das ist der reine Wahnsinn&#8221;, entr\u00fcstete sich Vance. Und Greene betonte:<\/p>\n<blockquote>\n<p><em>&#8220;Die Ukraine braucht einen Friedensvertrag und keinen CIA-Transgender-Propagandisten.&#8221;<\/em><\/p>\n<\/blockquote>\n<p>Greene ist oft sehr direkt, wobei anzumerken ist, dass sie selbst, gelinde gesagt, manchmal \u00fcberspitzt. Daher sollten die Worte \u00fcber einen &#8220;CIA-Propagandisten&#8221; nicht w\u00f6rtlich genommen werden. Jedoch ist nicht auszuschlie\u00dfen, dass Greene \u00fcber Hintergrundinformationen verf\u00fcgt oder zuf\u00e4llig den Nagel auf den Kopf getroffen hat.<\/p>\n<p>Der 46-j\u00e4hrige Transgender Cirillo hat eine recht merkw\u00fcrdige offizielle Biografie, die durch einen impulsiven Wechsel der T\u00e4tigkeiten und eine steinige Karriereentwicklung gekennzeichnet ist. Er (damals noch offiziell ein Er) war professioneller Pokerspieler, Immobilienanalyst und Journalist, der ein Buch \u00fcber syrische Fl\u00fcchtlinge geschrieben hat.<\/p>\n<p>Dann &#8220;wechselte&#8221; Cirillo das Geschlecht und ging in die Politik. Er agierte in den Reihen der Republikanischen Partei als eingeschleuster Agent der Demokratischen Partei. Das war vor weniger als zwei Jahren im US-Bundesstaat Nevada. Dann landete Cirillo als Reporter f\u00fcr das Medium <em>LGBTQ Nation<\/em> in der Ukraine, wo er sich entschloss, den ukrainischen Streitkr\u00e4ften beizutreten, und einen Posten als Sanit\u00e4ter in einem Bataillon erhielt, das aus Krimtataren bestand. Angeblich erlitt er dort eine Verletzung, woraufhin er zu den Territorialen Verteidigungskr\u00e4ften der ukrainischen Armee versetzt wurde.<\/p>\n<p>Das alles klingt zwar nach dem Weg eines Hochstaplers, aber noch mehr nach dem eines Agenten der Special Services. Angesichts von Cirillos umstrittenen Aktivit\u00e4ten in Nevada ist ein solches Detail mit einem m\u00f6glichen gro\u00dfen Skandal behaftet, denn der von Greene erw\u00e4hnten CIA ist es strengstens untersagt, auf dem Territorium der Vereinigten Staaten Agentent\u00e4tigkeiten auszu\u00fcben.<\/p>\n<p>Wenn dem psychopathischen Transgender tats\u00e4chlich nicht irgendwo, sondern in Langley, eine Frauenper\u00fccke aufgesetzt w\u00fcrde, um bei den Banderiten zu dienen, w\u00fcrden die Realit\u00e4ten des zweiten Kalten Krieges die dreistesten antiwestlichen Karikaturen des ersten Kalten Krieges endg\u00fcltig \u00fcbertreffen. Nicht einmal die sowjetische Karikaturisten-Gruppe <a rel=\"nofollow noopener\" target=\"_blank\" href=\"https:\/\/de.wikipedia.org\/wiki\/Kukryniksy\">Kukryniksy<\/a> h\u00e4tte die Phantasie gehabt, sich so etwas einfallen zu lassen.<\/p>\n<p><em>\u00dcbersetzt aus dem <a rel=\"nofollow noopener\" target=\"_blank\" href=\"https:\/\/ria.ru\/20230923\/ukraina-1897995003.html\">Russischen<\/a>. Zuerst erschienen auf RIA Nowosti am 23. September 2023.<\/em><\/p>\n<p><em><strong>Dmitri Bawyrin<\/strong> ist ein russischer Journalist.<\/em><\/p>\n<p><strong>Mehr zum Thema<\/strong> \u2013 <a rel=\"nofollow noopener\" target=\"_blank\" href=\"https:\/\/freedert.online\/kurzclips\/video\/169488-werden-euch-alle-holen-us\/\">&#8220;Werden euch alle holen&#8221; \u2013 US-amerikanischer Trans-K\u00e4mpfer droht nach Festnahme von Lira <\/a><\/p>\n<div class=\"EmbedBlock-root EmbedBlock-externalVideo EmbedBlock-odysee\">\n<div class=\"VkEmbed\"><iframe class=\"lazyload\" data-src=\"https:\/\/odysee.com\/%24\/embed\/%40RTDE%3Ae%2FRussen_sind_keine_Menschen_Trans-Armee-Sprecher_Kiews_rudert_nach_massiver_Kritik_zur%C3%BCck%3A7\" frameborder=\"0\" width=\"853\" height=\"480\" allowfullscreen><\/iframe><\/div>\n<\/div>\n<\/div>\n<p><br \/>\n<br \/><a href=\"https:\/\/de.rt.com\/meinung\/181633-banderiten-feuerten-menschenverachtenden-transgender-nicht\/\">Source link <\/a><\/p>\n","protected":false},"excerpt":{"rendered":"<p>Nach dem Wechsel im ukrainischen Verteidigungsministerium wurde der f\u00fcr seine menschenverachtenden \u00c4u\u00dferungen bekannt gewordene Transgender Sarah Ashton-Cirillo abgesetzt. Der offizielle Grund f\u00fcr seine Suspendierung ist jedoch offensichtlich vorgeschoben. Von Dmitri Bawyrin Der Transgender Sarah Ashton-Cirillo, der im Namen der Territorialen Verteidigungskr\u00e4fte der ukrainischen Armee zur Ermordung russischer Journalisten aufgerufen hatte, ist vom Dienst suspendiert worden. [&hellip;]<\/p>\n","protected":false},"author":3,"featured_media":46899,"comment_status":"open","ping_status":"open","sticky":false,"template":"","format":"standard","meta":{"_yoast_indexnow_last_ping":["1695494209"],"wp_automatic_camp":["217"],"745a1773f3f47401d0a7974c056717b2":["Die Banderiten feuerten den menschenverachtenden Transgender nicht wegen seiner Grausamkeit"],"original_link":["https:\/\/de.rt.com\/meinung\/181633-banderiten-feuerten-menschenverachtenden-transgender-nicht\/"],"_thumbnail_id":["46899"],"_wptgpro_p2tg_sent2tg":["a:1:{i:23737;s:19:\"2023-09-23 20:37:53\";}"],"jnews_social_counter_last_update":["1777120108"]},"categories":[19,23],"tags":[49167,48,45,49168,49170,49169,800,1607,3161,145],"yoast_head":"<!-- This site is optimized with the Yoast SEO Premium plugin v22.7 (Yoast SEO v22.7) - https:\/\/yoast.com\/wordpress\/plugins\/seo\/ -->\n<title>Die Banderiten feuerten den menschenverachtenden Transgender nicht wegen seiner Grausamkeit - just-now.NEWS Deutschland<\/title>\n<meta name=\"robots\" content=\"index, follow, max-snippet:-1, max-image-preview:large, max-video-preview:-1\" \/>\n<link rel=\"canonical\" href=\"https:\/\/now-news.de\/de\/deutschland\/die-banderiten-feuerten-den-menschenverachtenden-transgender-nicht-wegen-seiner-grausamkeit\/\" \/>\n<meta property=\"og:locale\" content=\"de_DE\" \/>\n<meta property=\"og:type\" content=\"article\" \/>\n<meta property=\"og:title\" content=\"Die Banderiten feuerten den menschenverachtenden Transgender nicht wegen seiner Grausamkeit\" \/>\n<meta property=\"og:description\" content=\"Nach dem Wechsel im ukrainischen Verteidigungsministerium wurde der f\u00fcr seine menschenverachtenden \u00c4u\u00dferungen bekannt gewordene Transgender Sarah Ashton-Cirillo abgesetzt. Der offizielle Grund f\u00fcr seine Suspendierung ist jedoch offensichtlich vorgeschoben. Von Dmitri Bawyrin Der Transgender Sarah Ashton-Cirillo, der im Namen der Territorialen Verteidigungskr\u00e4fte der ukrainischen Armee zur Ermordung russischer Journalisten aufgerufen hatte, ist vom Dienst suspendiert worden. [&hellip;]\" \/>\n<meta property=\"og:url\" content=\"https:\/\/now-news.de\/de\/deutschland\/die-banderiten-feuerten-den-menschenverachtenden-transgender-nicht-wegen-seiner-grausamkeit\/\" \/>\n<meta property=\"og:site_name\" content=\"just-now.NEWS Deutschland\" \/>\n<meta property=\"article:publisher\" content=\"https:\/\/www.facebook.com\/wirmachenauf\" \/>\n<meta property=\"article:published_time\" content=\"2023-09-23T18:25:29+00:00\" \/>\n<meta property=\"og:image\" content=\"https:\/\/now-news.de\/de\/wp-content\/uploads\/sites\/3\/2023\/09\/Die-Banderiten-feuerten-den-menschenverachtenden-Transgender-nicht-wegen-seiner-Grausamkeit.jpg\" \/>\n\t<meta property=\"og:image:width\" content=\"460\" \/>\n\t<meta property=\"og:image:height\" content=\"259\" \/>\n\t<meta property=\"og:image:type\" content=\"image\/jpeg\" \/>\n<meta name=\"author\" content=\"rtnews\" \/>\n<meta name=\"twitter:card\" content=\"summary_large_image\" \/>\n<meta name=\"twitter:creator\" content=\"@WirMachenAuf_de\" \/>\n<meta name=\"twitter:site\" content=\"@WirMachenAuf_de\" \/>\n<meta name=\"twitter:label1\" content=\"Verfasst von\" \/>\n\t<meta name=\"twitter:data1\" content=\"rtnews\" \/>\n\t<meta name=\"twitter:label2\" content=\"Gesch\u00e4tzte Lesezeit\" \/>\n\t<meta name=\"twitter:data2\" content=\"6\u00a0Minuten\" \/>\n<script type=\"application\/ld+json\" class=\"yoast-schema-graph\">{\"@context\":\"https:\/\/schema.org\",\"@graph\":[{\"@type\":\"Article\",\"@id\":\"https:\/\/now-news.de\/de\/deutschland\/die-banderiten-feuerten-den-menschenverachtenden-transgender-nicht-wegen-seiner-grausamkeit\/#article\",\"isPartOf\":{\"@id\":\"https:\/\/now-news.de\/de\/deutschland\/die-banderiten-feuerten-den-menschenverachtenden-transgender-nicht-wegen-seiner-grausamkeit\/\"},\"author\":{\"name\":\"rtnews\",\"@id\":\"https:\/\/now-news.de\/de\/#\/schema\/person\/fb534a4e865501d8b3285208df34a9b5\"},\"headline\":\"Die Banderiten feuerten den menschenverachtenden Transgender nicht wegen seiner Grausamkeit\",\"datePublished\":\"2023-09-23T18:25:29+00:00\",\"dateModified\":\"2023-09-23T18:25:29+00:00\",\"mainEntityOfPage\":{\"@id\":\"https:\/\/now-news.de\/de\/deutschland\/die-banderiten-feuerten-den-menschenverachtenden-transgender-nicht-wegen-seiner-grausamkeit\/\"},\"wordCount\":1230,\"commentCount\":0,\"publisher\":{\"@id\":\"https:\/\/now-news.de\/de\/#organization\"},\"image\":{\"@id\":\"https:\/\/now-news.de\/de\/deutschland\/die-banderiten-feuerten-den-menschenverachtenden-transgender-nicht-wegen-seiner-grausamkeit\/#primaryimage\"},\"thumbnailUrl\":\"https:\/\/now-news.de\/de\/wp-content\/uploads\/sites\/3\/2023\/09\/Die-Banderiten-feuerten-den-menschenverachtenden-Transgender-nicht-wegen-seiner-Grausamkeit.jpg\",\"keywords\":[\"Banderiten\",\"den\",\"die\",\"feuerten\",\"Grausamkeit\",\"menschenverachtenden\",\"nicht\",\"seiner\",\"Transgender\",\"wegen\"],\"articleSection\":[\"Deutschland\",\"Russland\"],\"inLanguage\":\"de\",\"potentialAction\":[{\"@type\":\"CommentAction\",\"name\":\"Comment\",\"target\":[\"https:\/\/now-news.de\/de\/deutschland\/die-banderiten-feuerten-den-menschenverachtenden-transgender-nicht-wegen-seiner-grausamkeit\/#respond\"]}]},{\"@type\":\"WebPage\",\"@id\":\"https:\/\/now-news.de\/de\/deutschland\/die-banderiten-feuerten-den-menschenverachtenden-transgender-nicht-wegen-seiner-grausamkeit\/\",\"url\":\"https:\/\/now-news.de\/de\/deutschland\/die-banderiten-feuerten-den-menschenverachtenden-transgender-nicht-wegen-seiner-grausamkeit\/\",\"name\":\"Die Banderiten feuerten den menschenverachtenden Transgender nicht wegen seiner Grausamkeit - just-now.NEWS Deutschland\",\"isPartOf\":{\"@id\":\"https:\/\/now-news.de\/de\/#website\"},\"primaryImageOfPage\":{\"@id\":\"https:\/\/now-news.de\/de\/deutschland\/die-banderiten-feuerten-den-menschenverachtenden-transgender-nicht-wegen-seiner-grausamkeit\/#primaryimage\"},\"image\":{\"@id\":\"https:\/\/now-news.de\/de\/deutschland\/die-banderiten-feuerten-den-menschenverachtenden-transgender-nicht-wegen-seiner-grausamkeit\/#primaryimage\"},\"thumbnailUrl\":\"https:\/\/now-news.de\/de\/wp-content\/uploads\/sites\/3\/2023\/09\/Die-Banderiten-feuerten-den-menschenverachtenden-Transgender-nicht-wegen-seiner-Grausamkeit.jpg\",\"datePublished\":\"2023-09-23T18:25:29+00:00\",\"dateModified\":\"2023-09-23T18:25:29+00:00\",\"breadcrumb\":{\"@id\":\"https:\/\/now-news.de\/de\/deutschland\/die-banderiten-feuerten-den-menschenverachtenden-transgender-nicht-wegen-seiner-grausamkeit\/#breadcrumb\"},\"inLanguage\":\"de\",\"potentialAction\":[{\"@type\":\"ReadAction\",\"target\":[\"https:\/\/now-news.de\/de\/deutschland\/die-banderiten-feuerten-den-menschenverachtenden-transgender-nicht-wegen-seiner-grausamkeit\/\"]}]},{\"@type\":\"ImageObject\",\"inLanguage\":\"de\",\"@id\":\"https:\/\/now-news.de\/de\/deutschland\/die-banderiten-feuerten-den-menschenverachtenden-transgender-nicht-wegen-seiner-grausamkeit\/#primaryimage\",\"url\":\"https:\/\/now-news.de\/de\/wp-content\/uploads\/sites\/3\/2023\/09\/Die-Banderiten-feuerten-den-menschenverachtenden-Transgender-nicht-wegen-seiner-Grausamkeit.jpg\",\"contentUrl\":\"https:\/\/now-news.de\/de\/wp-content\/uploads\/sites\/3\/2023\/09\/Die-Banderiten-feuerten-den-menschenverachtenden-Transgender-nicht-wegen-seiner-Grausamkeit.jpg\",\"width\":460,\"height\":259,\"caption\":\"Die Banderiten feuerten den menschenverachtenden Transgender nicht wegen seiner Grausamkeit\"},{\"@type\":\"BreadcrumbList\",\"@id\":\"https:\/\/now-news.de\/de\/deutschland\/die-banderiten-feuerten-den-menschenverachtenden-transgender-nicht-wegen-seiner-grausamkeit\/#breadcrumb\",\"itemListElement\":[{\"@type\":\"ListItem\",\"position\":1,\"name\":\"Home\",\"item\":\"https:\/\/now-news.de\/de\/\"},{\"@type\":\"ListItem\",\"position\":2,\"name\":\"Die Banderiten feuerten den menschenverachtenden Transgender nicht wegen seiner Grausamkeit\"}]},{\"@type\":\"WebSite\",\"@id\":\"https:\/\/now-news.de\/de\/#website\",\"url\":\"https:\/\/now-news.de\/de\/\",\"name\":\"just-now.NEWS Deutschland\",\"description\":\"Das Portal f\u00fcr unzensierte Nachrichten aus der Welt\",\"publisher\":{\"@id\":\"https:\/\/now-news.de\/de\/#organization\"},\"potentialAction\":[{\"@type\":\"SearchAction\",\"target\":{\"@type\":\"EntryPoint\",\"urlTemplate\":\"https:\/\/now-news.de\/de\/?s={search_term_string}\"},\"query-input\":\"required name=search_term_string\"}],\"inLanguage\":\"de\"},{\"@type\":\"Organization\",\"@id\":\"https:\/\/now-news.de\/de\/#organization\",\"name\":\"Just Now News\",\"url\":\"https:\/\/now-news.de\/de\/\",\"logo\":{\"@type\":\"ImageObject\",\"inLanguage\":\"de\",\"@id\":\"https:\/\/now-news.de\/de\/#\/schema\/logo\/image\/\",\"url\":\"http:\/\/just-now.news\/de\/wp-content\/uploads\/sites\/3\/2022\/04\/logo500x500.jpg\",\"contentUrl\":\"http:\/\/just-now.news\/de\/wp-content\/uploads\/sites\/3\/2022\/04\/logo500x500.jpg\",\"width\":500,\"height\":500,\"caption\":\"Just Now News\"},\"image\":{\"@id\":\"https:\/\/now-news.de\/de\/#\/schema\/logo\/image\/\"},\"sameAs\":[\"https:\/\/www.facebook.com\/wirmachenauf\",\"https:\/\/x.com\/WirMachenAuf_de\"]},{\"@type\":\"Person\",\"@id\":\"https:\/\/now-news.de\/de\/#\/schema\/person\/fb534a4e865501d8b3285208df34a9b5\",\"name\":\"rtnews\",\"image\":{\"@type\":\"ImageObject\",\"inLanguage\":\"de\",\"@id\":\"https:\/\/now-news.de\/de\/#\/schema\/person\/image\/\",\"url\":\"https:\/\/secure.gravatar.com\/avatar\/82aafea7d8127119dd649515f56e2117?s=96&d=mm&r=g\",\"contentUrl\":\"https:\/\/secure.gravatar.com\/avatar\/82aafea7d8127119dd649515f56e2117?s=96&d=mm&r=g\",\"caption\":\"rtnews\"},\"url\":\"https:\/\/now-news.de\/de\/author\/rnews\/\"}]}<\/script>\n<!-- \/ Yoast SEO Premium plugin. -->","yoast_head_json":{"title":"Die Banderiten feuerten den menschenverachtenden Transgender nicht wegen seiner Grausamkeit - just-now.NEWS Deutschland","robots":{"index":"index","follow":"follow","max-snippet":"max-snippet:-1","max-image-preview":"max-image-preview:large","max-video-preview":"max-video-preview:-1"},"canonical":"https:\/\/now-news.de\/de\/deutschland\/die-banderiten-feuerten-den-menschenverachtenden-transgender-nicht-wegen-seiner-grausamkeit\/","og_locale":"de_DE","og_type":"article","og_title":"Die Banderiten feuerten den menschenverachtenden Transgender nicht wegen seiner Grausamkeit","og_description":"Nach dem Wechsel im ukrainischen Verteidigungsministerium wurde der f\u00fcr seine menschenverachtenden \u00c4u\u00dferungen bekannt gewordene Transgender Sarah Ashton-Cirillo abgesetzt. Der offizielle Grund f\u00fcr seine Suspendierung ist jedoch offensichtlich vorgeschoben. Von Dmitri Bawyrin Der Transgender Sarah Ashton-Cirillo, der im Namen der Territorialen Verteidigungskr\u00e4fte der ukrainischen Armee zur Ermordung russischer Journalisten aufgerufen hatte, ist vom Dienst suspendiert worden. [&hellip;]","og_url":"https:\/\/now-news.de\/de\/deutschland\/die-banderiten-feuerten-den-menschenverachtenden-transgender-nicht-wegen-seiner-grausamkeit\/","og_site_name":"just-now.NEWS Deutschland","article_publisher":"https:\/\/www.facebook.com\/wirmachenauf","article_published_time":"2023-09-23T18:25:29+00:00","og_image":[{"width":460,"height":259,"url":"https:\/\/now-news.de\/de\/wp-content\/uploads\/sites\/3\/2023\/09\/Die-Banderiten-feuerten-den-menschenverachtenden-Transgender-nicht-wegen-seiner-Grausamkeit.jpg","type":"image\/jpeg"}],"author":"rtnews","twitter_card":"summary_large_image","twitter_creator":"@WirMachenAuf_de","twitter_site":"@WirMachenAuf_de","twitter_misc":{"Verfasst von":"rtnews","Gesch\u00e4tzte Lesezeit":"6\u00a0Minuten"},"schema":{"@context":"https:\/\/schema.org","@graph":[{"@type":"Article","@id":"https:\/\/now-news.de\/de\/deutschland\/die-banderiten-feuerten-den-menschenverachtenden-transgender-nicht-wegen-seiner-grausamkeit\/#article","isPartOf":{"@id":"https:\/\/now-news.de\/de\/deutschland\/die-banderiten-feuerten-den-menschenverachtenden-transgender-nicht-wegen-seiner-grausamkeit\/"},"author":{"name":"rtnews","@id":"https:\/\/now-news.de\/de\/#\/schema\/person\/fb534a4e865501d8b3285208df34a9b5"},"headline":"Die Banderiten feuerten den menschenverachtenden Transgender nicht wegen seiner Grausamkeit","datePublished":"2023-09-23T18:25:29+00:00","dateModified":"2023-09-23T18:25:29+00:00","mainEntityOfPage":{"@id":"https:\/\/now-news.de\/de\/deutschland\/die-banderiten-feuerten-den-menschenverachtenden-transgender-nicht-wegen-seiner-grausamkeit\/"},"wordCount":1230,"commentCount":0,"publisher":{"@id":"https:\/\/now-news.de\/de\/#organization"},"image":{"@id":"https:\/\/now-news.de\/de\/deutschland\/die-banderiten-feuerten-den-menschenverachtenden-transgender-nicht-wegen-seiner-grausamkeit\/#primaryimage"},"thumbnailUrl":"https:\/\/now-news.de\/de\/wp-content\/uploads\/sites\/3\/2023\/09\/Die-Banderiten-feuerten-den-menschenverachtenden-Transgender-nicht-wegen-seiner-Grausamkeit.jpg","keywords":["Banderiten","den","die","feuerten","Grausamkeit","menschenverachtenden","nicht","seiner","Transgender","wegen"],"articleSection":["Deutschland","Russland"],"inLanguage":"de","potentialAction":[{"@type":"CommentAction","name":"Comment","target":["https:\/\/now-news.de\/de\/deutschland\/die-banderiten-feuerten-den-menschenverachtenden-transgender-nicht-wegen-seiner-grausamkeit\/#respond"]}]},{"@type":"WebPage","@id":"https:\/\/now-news.de\/de\/deutschland\/die-banderiten-feuerten-den-menschenverachtenden-transgender-nicht-wegen-seiner-grausamkeit\/","url":"https:\/\/now-news.de\/de\/deutschland\/die-banderiten-feuerten-den-menschenverachtenden-transgender-nicht-wegen-seiner-grausamkeit\/","name":"Die Banderiten feuerten den menschenverachtenden Transgender nicht wegen seiner Grausamkeit - just-now.NEWS Deutschland","isPartOf":{"@id":"https:\/\/now-news.de\/de\/#website"},"primaryImageOfPage":{"@id":"https:\/\/now-news.de\/de\/deutschland\/die-banderiten-feuerten-den-menschenverachtenden-transgender-nicht-wegen-seiner-grausamkeit\/#primaryimage"},"image":{"@id":"https:\/\/now-news.de\/de\/deutschland\/die-banderiten-feuerten-den-menschenverachtenden-transgender-nicht-wegen-seiner-grausamkeit\/#primaryimage"},"thumbnailUrl":"https:\/\/now-news.de\/de\/wp-content\/uploads\/sites\/3\/2023\/09\/Die-Banderiten-feuerten-den-menschenverachtenden-Transgender-nicht-wegen-seiner-Grausamkeit.jpg","datePublished":"2023-09-23T18:25:29+00:00","dateModified":"2023-09-23T18:25:29+00:00","breadcrumb":{"@id":"https:\/\/now-news.de\/de\/deutschland\/die-banderiten-feuerten-den-menschenverachtenden-transgender-nicht-wegen-seiner-grausamkeit\/#breadcrumb"},"inLanguage":"de","potentialAction":[{"@type":"ReadAction","target":["https:\/\/now-news.de\/de\/deutschland\/die-banderiten-feuerten-den-menschenverachtenden-transgender-nicht-wegen-seiner-grausamkeit\/"]}]},{"@type":"ImageObject","inLanguage":"de","@id":"https:\/\/now-news.de\/de\/deutschland\/die-banderiten-feuerten-den-menschenverachtenden-transgender-nicht-wegen-seiner-grausamkeit\/#primaryimage","url":"https:\/\/now-news.de\/de\/wp-content\/uploads\/sites\/3\/2023\/09\/Die-Banderiten-feuerten-den-menschenverachtenden-Transgender-nicht-wegen-seiner-Grausamkeit.jpg","contentUrl":"https:\/\/now-news.de\/de\/wp-content\/uploads\/sites\/3\/2023\/09\/Die-Banderiten-feuerten-den-menschenverachtenden-Transgender-nicht-wegen-seiner-Grausamkeit.jpg","width":460,"height":259,"caption":"Die Banderiten feuerten den menschenverachtenden Transgender nicht wegen seiner Grausamkeit"},{"@type":"BreadcrumbList","@id":"https:\/\/now-news.de\/de\/deutschland\/die-banderiten-feuerten-den-menschenverachtenden-transgender-nicht-wegen-seiner-grausamkeit\/#breadcrumb","itemListElement":[{"@type":"ListItem","position":1,"name":"Home","item":"https:\/\/now-news.de\/de\/"},{"@type":"ListItem","position":2,"name":"Die Banderiten feuerten den menschenverachtenden Transgender nicht wegen seiner Grausamkeit"}]},{"@type":"WebSite","@id":"https:\/\/now-news.de\/de\/#website","url":"https:\/\/now-news.de\/de\/","name":"just-now.NEWS Deutschland","description":"Das Portal f\u00fcr unzensierte Nachrichten aus der Welt","publisher":{"@id":"https:\/\/now-news.de\/de\/#organization"},"potentialAction":[{"@type":"SearchAction","target":{"@type":"EntryPoint","urlTemplate":"https:\/\/now-news.de\/de\/?s={search_term_string}"},"query-input":"required name=search_term_string"}],"inLanguage":"de"},{"@type":"Organization","@id":"https:\/\/now-news.de\/de\/#organization","name":"Just Now News","url":"https:\/\/now-news.de\/de\/","logo":{"@type":"ImageObject","inLanguage":"de","@id":"https:\/\/now-news.de\/de\/#\/schema\/logo\/image\/","url":"http:\/\/just-now.news\/de\/wp-content\/uploads\/sites\/3\/2022\/04\/logo500x500.jpg","contentUrl":"http:\/\/just-now.news\/de\/wp-content\/uploads\/sites\/3\/2022\/04\/logo500x500.jpg","width":500,"height":500,"caption":"Just Now News"},"image":{"@id":"https:\/\/now-news.de\/de\/#\/schema\/logo\/image\/"},"sameAs":["https:\/\/www.facebook.com\/wirmachenauf","https:\/\/x.com\/WirMachenAuf_de"]},{"@type":"Person","@id":"https:\/\/now-news.de\/de\/#\/schema\/person\/fb534a4e865501d8b3285208df34a9b5","name":"rtnews","image":{"@type":"ImageObject","inLanguage":"de","@id":"https:\/\/now-news.de\/de\/#\/schema\/person\/image\/","url":"https:\/\/secure.gravatar.com\/avatar\/82aafea7d8127119dd649515f56e2117?s=96&d=mm&r=g","contentUrl":"https:\/\/secure.gravatar.com\/avatar\/82aafea7d8127119dd649515f56e2117?s=96&d=mm&r=g","caption":"rtnews"},"url":"https:\/\/now-news.de\/de\/author\/rnews\/"}]}},"_links":{"self":[{"href":"https:\/\/now-news.de\/de\/wp-json\/wp\/v2\/posts\/46898"}],"collection":[{"href":"https:\/\/now-news.de\/de\/wp-json\/wp\/v2\/posts"}],"about":[{"href":"https:\/\/now-news.de\/de\/wp-json\/wp\/v2\/types\/post"}],"author":[{"embeddable":true,"href":"https:\/\/now-news.de\/de\/wp-json\/wp\/v2\/users\/3"}],"replies":[{"embeddable":true,"href":"https:\/\/now-news.de\/de\/wp-json\/wp\/v2\/comments?post=46898"}],"version-history":[{"count":0,"href":"https:\/\/now-news.de\/de\/wp-json\/wp\/v2\/posts\/46898\/revisions"}],"wp:featuredmedia":[{"embeddable":true,"href":"https:\/\/now-news.de\/de\/wp-json\/wp\/v2\/media\/46899"}],"wp:attachment":[{"href":"https:\/\/now-news.de\/de\/wp-json\/wp\/v2\/media?parent=46898"}],"wp:term":[{"taxonomy":"category","embeddable":true,"href":"https:\/\/now-news.de\/de\/wp-json\/wp\/v2\/categories?post=46898"},{"taxonomy":"post_tag","embeddable":true,"href":"https:\/\/now-news.de\/de\/wp-json\/wp\/v2\/tags?post=46898"}],"curies":[{"name":"wp","href":"https:\/\/api.w.org\/{rel}","templated":true}]}}