{"id":46894,"date":"2023-09-23T19:17:27","date_gmt":"2023-09-23T17:17:27","guid":{"rendered":"https:\/\/just-now.news\/de\/deutschland\/ukrainischer-militaergeheimdienstchef-warnt-vor-einsatz-von-us-panzern\/"},"modified":"2023-09-23T19:17:27","modified_gmt":"2023-09-23T17:17:27","slug":"ukrainischer-militaergeheimdienstchef-warnt-vor-einsatz-von-us-panzern","status":"publish","type":"post","link":"https:\/\/now-news.de\/de\/deutschland\/ukrainischer-militaergeheimdienstchef-warnt-vor-einsatz-von-us-panzern\/","title":{"rendered":"Ukrainischer Milit\u00e4rgeheimdienstchef warnt vor Einsatz von US-Panzern"},"content":{"rendered":"<p><img decoding=\"async\" src=\"http:\/\/just-now.news\/de\/wp-content\/uploads\/sites\/3\/2023\/09\/650effefb480cc478c2f1efa.jpg\" \/><\/p>\n<div class=\"Text-root Text-type_1 \">\n                Wenige Tage, bevor die Ukraine die ersten Abrams-Panzer aus den USA erhalten soll, warnte der Chef des ukrainischen Milit\u00e4rgeheimdienstes, Kirill Budanow, vor dem Einsatz der Panzer. Diese sollten nur f\u00fcr &#8220;sehr spezifische&#8221; Operationen eingesetzt werden.\n            <\/div>\n<p><\/p>\n<div class=\"Text-root Text-type_5 ArticleView-text ViewText-root \">\n<p>In einem am Freitag ver\u00f6ffentlichten Interview mit der Website <em>War Zone<\/em> warnte der Chef des ukrainischen Milit\u00e4rgeheimdienstes, Kirill Budanow, dass die von den USA gelieferten Abrams-Panzer nur bei bestimmten Operationen eingesetzt werden sollten, da sie sonst schnell von den russischen Streitkr\u00e4ften zerst\u00f6rt w\u00fcrden. Die Ukraine &#8220;freue sich&#8221; dennoch auf die 31 Abrams M1-Kampfpanzer, die Washington im Januar zu liefern versprochen hat, so Budanow.<\/p>\n<p>W\u00e4hrend eines Treffens im Wei\u00dfen Haus am Donnerstag sagte US-Pr\u00e4sident Joe Biden seinem ukrainischen Amtskollegen Wladimir Selenskij, dass die ersten Abrams M1 &#8220;n\u00e4chste Woche&#8221; in der Ukraine eintreffen werden. Medienberichten zufolge soll Biden Selenskij auch Raketen vom Typ ATACMS in Aussicht gestellt haben. Budanow warnte jedoch, dass die amerikanischen Panzer, wenn sie &#8220;an der Frontlinie und nur in einem Kampf mit kombinierten Waffen eingesetzt werden, nicht sehr lange auf dem Schlachtfeld \u00fcberleben werden&#8221;.<\/p>\n<p>Um die Panzer optimal zu nutzen, sollte Kiew sie nur in &#8220;sehr spezifischen, gut durchdachten&#8221; Durchbruchsoperationen einsetzen, sagte er. Der breite Einsatz von Artillerie und Minen sowohl bei den russischen als auch bei den ukrainischen Streitkr\u00e4ften habe &#8220;die M\u00f6glichkeit, gepanzerte Ausr\u00fcstung in praktisch allen Hauptrichtungen einzusetzen, auf ein Minimum reduziert&#8221;, erkl\u00e4rte Budanow.<\/p>\n<blockquote>\n<p><em>&#8220;Wenn wir also eine Panzergruppe eines Bataillons irgendwo auf dem Schlachtfeld einsetzen, wird sie getroffen, wenn sie in die Reichweite der Artillerie ger\u00e4t.&#8221;<\/em><\/p>\n<\/blockquote>\n<p>Dies sei der Grund, so der Spionagechef, warum &#8220;derzeit alle wesentlichen Kampfhandlungen zu Fu\u00df und ohne Einsatz von Material durchgef\u00fchrt werden&#8221;. In Bezug auf die m\u00f6gliche Lieferung von ATACMS-Raketen betonte Budanow,die ukrainischen Streitkr\u00e4fte br\u00e4uchten diese Raketen, um russische Flugpl\u00e4tze, Kommandoposten und Munitionsdepots in den \u2013 wie er es nannte \u2013 &#8220;besetzten Gebieten der Ukraine&#8221;, einschlie\u00dflich der Krim, anzugreifen. Er sagte auch, es sei wichtig, offizielle Ank\u00fcndigungen abzuwarten:<\/p>\n<blockquote>\n<p><em>&#8220;Es gibt immer noch verschiedene M\u00f6glichkeiten, wie sich diese Situation entwickeln kann, also lassen Sie uns abwarten. Aber ich kann bedingt sagen, dass, wenn es 100 Raketen sind, dies die Situation nicht \u00e4ndern wird.&#8221; <\/em><\/p>\n<\/blockquote>\n<p><strong>Mehr zum Thema &#8211;<\/strong>\u00a0<a rel=\"nofollow noopener\" target=\"_blank\" href=\"https:\/\/freedert.online\/international\/181560-usa-schicken-ukraine-sterbehilfe\/\">USA schicken der Ukraine Sterbehilfe <\/a><\/p>\n<div class=\"EmbedBlock-root EmbedBlock-externalVideo EmbedBlock-vk\">\n<div class=\"VkEmbed\"><iframe class=\"lazyload\" data-src=\"https:\/\/vk.com\/video_ext.php?oid=-134310637&amp;id=456270075&amp;hash=b38aca45f4ffb766\" frameborder=\"0\" width=\"853\" height=\"480\" allowfullscreen><\/iframe><\/div>\n<\/div>\n<\/div>\n<p><br \/>\n<br \/><a href=\"https:\/\/de.rt.com\/international\/181664-ukrainischer-militaergeheimdienstchef-warnt-vor-einsatz\/\">Source link <\/a><\/p>\n","protected":false},"excerpt":{"rendered":"<p>Wenige Tage, bevor die Ukraine die ersten Abrams-Panzer aus den USA erhalten soll, warnte der Chef des ukrainischen Milit\u00e4rgeheimdienstes, Kirill Budanow, vor dem Einsatz der Panzer. Diese sollten nur f\u00fcr &#8220;sehr spezifische&#8221; Operationen eingesetzt werden. In einem am Freitag ver\u00f6ffentlichten Interview mit der Website War Zone warnte der Chef des ukrainischen Milit\u00e4rgeheimdienstes, Kirill Budanow, dass [&hellip;]<\/p>\n","protected":false},"author":3,"featured_media":46895,"comment_status":"open","ping_status":"open","sticky":false,"template":"","format":"standard","meta":{"_yoast_indexnow_last_ping":["1695490367"],"wp_automatic_camp":["217"],"f483190ddd1b9fb852ac61396b35eff8":["Ukrainischer Milit\u00e4rgeheimdienstchef warnt vor Einsatz von US-Panzern"],"original_link":["https:\/\/de.rt.com\/international\/181664-ukrainischer-militaergeheimdienstchef-warnt-vor-einsatz\/"],"_thumbnail_id":["46895"],"_wptgpro_p2tg_sent2tg":["a:1:{i:23737;s:19:\"2023-09-23 19:33:49\";}"],"jnews_social_counter_last_update":["1777400579"]},"categories":[19,23],"tags":[1021,44429,488,49166,50,320,912],"yoast_head":"<!-- This site is optimized with the Yoast SEO Premium plugin v22.7 (Yoast SEO v22.7) - https:\/\/yoast.com\/wordpress\/plugins\/seo\/ -->\n<title>Ukrainischer Milit\u00e4rgeheimdienstchef warnt vor Einsatz von US-Panzern - just-now.NEWS Deutschland<\/title>\n<meta name=\"robots\" content=\"index, follow, max-snippet:-1, max-image-preview:large, max-video-preview:-1\" \/>\n<link rel=\"canonical\" href=\"https:\/\/now-news.de\/de\/deutschland\/ukrainischer-militaergeheimdienstchef-warnt-vor-einsatz-von-us-panzern\/\" \/>\n<meta property=\"og:locale\" content=\"de_DE\" \/>\n<meta property=\"og:type\" content=\"article\" \/>\n<meta property=\"og:title\" content=\"Ukrainischer Milit\u00e4rgeheimdienstchef warnt vor Einsatz von US-Panzern\" \/>\n<meta property=\"og:description\" content=\"Wenige Tage, bevor die Ukraine die ersten Abrams-Panzer aus den USA erhalten soll, warnte der Chef des ukrainischen Milit\u00e4rgeheimdienstes, Kirill Budanow, vor dem Einsatz der Panzer. Diese sollten nur f\u00fcr &#8220;sehr spezifische&#8221; Operationen eingesetzt werden. In einem am Freitag ver\u00f6ffentlichten Interview mit der Website War Zone warnte der Chef des ukrainischen Milit\u00e4rgeheimdienstes, Kirill Budanow, dass [&hellip;]\" \/>\n<meta property=\"og:url\" content=\"https:\/\/now-news.de\/de\/deutschland\/ukrainischer-militaergeheimdienstchef-warnt-vor-einsatz-von-us-panzern\/\" \/>\n<meta property=\"og:site_name\" content=\"just-now.NEWS Deutschland\" \/>\n<meta property=\"article:publisher\" content=\"https:\/\/www.facebook.com\/wirmachenauf\" \/>\n<meta property=\"article:published_time\" content=\"2023-09-23T17:17:27+00:00\" \/>\n<meta property=\"og:image\" content=\"https:\/\/now-news.de\/de\/wp-content\/uploads\/sites\/3\/2023\/09\/Ukrainischer-Militaergeheimdienstchef-warnt-vor-Einsatz-von-US-Panzern.jpg\" \/>\n\t<meta property=\"og:image:width\" content=\"460\" \/>\n\t<meta property=\"og:image:height\" content=\"259\" \/>\n\t<meta property=\"og:image:type\" content=\"image\/jpeg\" \/>\n<meta name=\"author\" content=\"rtnews\" \/>\n<meta name=\"twitter:card\" content=\"summary_large_image\" \/>\n<meta name=\"twitter:creator\" content=\"@WirMachenAuf_de\" \/>\n<meta name=\"twitter:site\" content=\"@WirMachenAuf_de\" \/>\n<meta name=\"twitter:label1\" content=\"Verfasst von\" \/>\n\t<meta name=\"twitter:data1\" content=\"rtnews\" \/>\n\t<meta name=\"twitter:label2\" content=\"Gesch\u00e4tzte Lesezeit\" \/>\n\t<meta name=\"twitter:data2\" content=\"2\u00a0Minuten\" \/>\n<script type=\"application\/ld+json\" class=\"yoast-schema-graph\">{\"@context\":\"https:\/\/schema.org\",\"@graph\":[{\"@type\":\"Article\",\"@id\":\"https:\/\/now-news.de\/de\/deutschland\/ukrainischer-militaergeheimdienstchef-warnt-vor-einsatz-von-us-panzern\/#article\",\"isPartOf\":{\"@id\":\"https:\/\/now-news.de\/de\/deutschland\/ukrainischer-militaergeheimdienstchef-warnt-vor-einsatz-von-us-panzern\/\"},\"author\":{\"name\":\"rtnews\",\"@id\":\"https:\/\/now-news.de\/de\/#\/schema\/person\/fb534a4e865501d8b3285208df34a9b5\"},\"headline\":\"Ukrainischer Milit\u00e4rgeheimdienstchef warnt vor Einsatz von US-Panzern\",\"datePublished\":\"2023-09-23T17:17:27+00:00\",\"dateModified\":\"2023-09-23T17:17:27+00:00\",\"mainEntityOfPage\":{\"@id\":\"https:\/\/now-news.de\/de\/deutschland\/ukrainischer-militaergeheimdienstchef-warnt-vor-einsatz-von-us-panzern\/\"},\"wordCount\":389,\"commentCount\":0,\"publisher\":{\"@id\":\"https:\/\/now-news.de\/de\/#organization\"},\"image\":{\"@id\":\"https:\/\/now-news.de\/de\/deutschland\/ukrainischer-militaergeheimdienstchef-warnt-vor-einsatz-von-us-panzern\/#primaryimage\"},\"thumbnailUrl\":\"https:\/\/now-news.de\/de\/wp-content\/uploads\/sites\/3\/2023\/09\/Ukrainischer-Militaergeheimdienstchef-warnt-vor-Einsatz-von-US-Panzern.jpg\",\"keywords\":[\"Einsatz\",\"Milit\u00e4rgeheimdienstchef\",\"Ukrainischer\",\"USPanzern\",\"von\",\"vor\",\"warnt\"],\"articleSection\":[\"Deutschland\",\"Russland\"],\"inLanguage\":\"de\",\"potentialAction\":[{\"@type\":\"CommentAction\",\"name\":\"Comment\",\"target\":[\"https:\/\/now-news.de\/de\/deutschland\/ukrainischer-militaergeheimdienstchef-warnt-vor-einsatz-von-us-panzern\/#respond\"]}]},{\"@type\":\"WebPage\",\"@id\":\"https:\/\/now-news.de\/de\/deutschland\/ukrainischer-militaergeheimdienstchef-warnt-vor-einsatz-von-us-panzern\/\",\"url\":\"https:\/\/now-news.de\/de\/deutschland\/ukrainischer-militaergeheimdienstchef-warnt-vor-einsatz-von-us-panzern\/\",\"name\":\"Ukrainischer Milit\u00e4rgeheimdienstchef warnt vor Einsatz von US-Panzern - just-now.NEWS Deutschland\",\"isPartOf\":{\"@id\":\"https:\/\/now-news.de\/de\/#website\"},\"primaryImageOfPage\":{\"@id\":\"https:\/\/now-news.de\/de\/deutschland\/ukrainischer-militaergeheimdienstchef-warnt-vor-einsatz-von-us-panzern\/#primaryimage\"},\"image\":{\"@id\":\"https:\/\/now-news.de\/de\/deutschland\/ukrainischer-militaergeheimdienstchef-warnt-vor-einsatz-von-us-panzern\/#primaryimage\"},\"thumbnailUrl\":\"https:\/\/now-news.de\/de\/wp-content\/uploads\/sites\/3\/2023\/09\/Ukrainischer-Militaergeheimdienstchef-warnt-vor-Einsatz-von-US-Panzern.jpg\",\"datePublished\":\"2023-09-23T17:17:27+00:00\",\"dateModified\":\"2023-09-23T17:17:27+00:00\",\"breadcrumb\":{\"@id\":\"https:\/\/now-news.de\/de\/deutschland\/ukrainischer-militaergeheimdienstchef-warnt-vor-einsatz-von-us-panzern\/#breadcrumb\"},\"inLanguage\":\"de\",\"potentialAction\":[{\"@type\":\"ReadAction\",\"target\":[\"https:\/\/now-news.de\/de\/deutschland\/ukrainischer-militaergeheimdienstchef-warnt-vor-einsatz-von-us-panzern\/\"]}]},{\"@type\":\"ImageObject\",\"inLanguage\":\"de\",\"@id\":\"https:\/\/now-news.de\/de\/deutschland\/ukrainischer-militaergeheimdienstchef-warnt-vor-einsatz-von-us-panzern\/#primaryimage\",\"url\":\"https:\/\/now-news.de\/de\/wp-content\/uploads\/sites\/3\/2023\/09\/Ukrainischer-Militaergeheimdienstchef-warnt-vor-Einsatz-von-US-Panzern.jpg\",\"contentUrl\":\"https:\/\/now-news.de\/de\/wp-content\/uploads\/sites\/3\/2023\/09\/Ukrainischer-Militaergeheimdienstchef-warnt-vor-Einsatz-von-US-Panzern.jpg\",\"width\":460,\"height\":259,\"caption\":\"Ukrainischer Milit\u00e4rgeheimdienstchef warnt vor Einsatz von US-Panzern\"},{\"@type\":\"BreadcrumbList\",\"@id\":\"https:\/\/now-news.de\/de\/deutschland\/ukrainischer-militaergeheimdienstchef-warnt-vor-einsatz-von-us-panzern\/#breadcrumb\",\"itemListElement\":[{\"@type\":\"ListItem\",\"position\":1,\"name\":\"Home\",\"item\":\"https:\/\/now-news.de\/de\/\"},{\"@type\":\"ListItem\",\"position\":2,\"name\":\"Ukrainischer Milit\u00e4rgeheimdienstchef warnt vor Einsatz von US-Panzern\"}]},{\"@type\":\"WebSite\",\"@id\":\"https:\/\/now-news.de\/de\/#website\",\"url\":\"https:\/\/now-news.de\/de\/\",\"name\":\"just-now.NEWS Deutschland\",\"description\":\"Das Portal f\u00fcr unzensierte Nachrichten aus der Welt\",\"publisher\":{\"@id\":\"https:\/\/now-news.de\/de\/#organization\"},\"potentialAction\":[{\"@type\":\"SearchAction\",\"target\":{\"@type\":\"EntryPoint\",\"urlTemplate\":\"https:\/\/now-news.de\/de\/?s={search_term_string}\"},\"query-input\":\"required name=search_term_string\"}],\"inLanguage\":\"de\"},{\"@type\":\"Organization\",\"@id\":\"https:\/\/now-news.de\/de\/#organization\",\"name\":\"Just Now News\",\"url\":\"https:\/\/now-news.de\/de\/\",\"logo\":{\"@type\":\"ImageObject\",\"inLanguage\":\"de\",\"@id\":\"https:\/\/now-news.de\/de\/#\/schema\/logo\/image\/\",\"url\":\"http:\/\/just-now.news\/de\/wp-content\/uploads\/sites\/3\/2022\/04\/logo500x500.jpg\",\"contentUrl\":\"http:\/\/just-now.news\/de\/wp-content\/uploads\/sites\/3\/2022\/04\/logo500x500.jpg\",\"width\":500,\"height\":500,\"caption\":\"Just Now News\"},\"image\":{\"@id\":\"https:\/\/now-news.de\/de\/#\/schema\/logo\/image\/\"},\"sameAs\":[\"https:\/\/www.facebook.com\/wirmachenauf\",\"https:\/\/x.com\/WirMachenAuf_de\"]},{\"@type\":\"Person\",\"@id\":\"https:\/\/now-news.de\/de\/#\/schema\/person\/fb534a4e865501d8b3285208df34a9b5\",\"name\":\"rtnews\",\"image\":{\"@type\":\"ImageObject\",\"inLanguage\":\"de\",\"@id\":\"https:\/\/now-news.de\/de\/#\/schema\/person\/image\/\",\"url\":\"https:\/\/secure.gravatar.com\/avatar\/82aafea7d8127119dd649515f56e2117?s=96&d=mm&r=g\",\"contentUrl\":\"https:\/\/secure.gravatar.com\/avatar\/82aafea7d8127119dd649515f56e2117?s=96&d=mm&r=g\",\"caption\":\"rtnews\"},\"url\":\"https:\/\/now-news.de\/de\/author\/rnews\/\"}]}<\/script>\n<!-- \/ Yoast SEO Premium plugin. -->","yoast_head_json":{"title":"Ukrainischer Milit\u00e4rgeheimdienstchef warnt vor Einsatz von US-Panzern - just-now.NEWS Deutschland","robots":{"index":"index","follow":"follow","max-snippet":"max-snippet:-1","max-image-preview":"max-image-preview:large","max-video-preview":"max-video-preview:-1"},"canonical":"https:\/\/now-news.de\/de\/deutschland\/ukrainischer-militaergeheimdienstchef-warnt-vor-einsatz-von-us-panzern\/","og_locale":"de_DE","og_type":"article","og_title":"Ukrainischer Milit\u00e4rgeheimdienstchef warnt vor Einsatz von US-Panzern","og_description":"Wenige Tage, bevor die Ukraine die ersten Abrams-Panzer aus den USA erhalten soll, warnte der Chef des ukrainischen Milit\u00e4rgeheimdienstes, Kirill Budanow, vor dem Einsatz der Panzer. Diese sollten nur f\u00fcr &#8220;sehr spezifische&#8221; Operationen eingesetzt werden. In einem am Freitag ver\u00f6ffentlichten Interview mit der Website War Zone warnte der Chef des ukrainischen Milit\u00e4rgeheimdienstes, Kirill Budanow, dass [&hellip;]","og_url":"https:\/\/now-news.de\/de\/deutschland\/ukrainischer-militaergeheimdienstchef-warnt-vor-einsatz-von-us-panzern\/","og_site_name":"just-now.NEWS Deutschland","article_publisher":"https:\/\/www.facebook.com\/wirmachenauf","article_published_time":"2023-09-23T17:17:27+00:00","og_image":[{"width":460,"height":259,"url":"https:\/\/now-news.de\/de\/wp-content\/uploads\/sites\/3\/2023\/09\/Ukrainischer-Militaergeheimdienstchef-warnt-vor-Einsatz-von-US-Panzern.jpg","type":"image\/jpeg"}],"author":"rtnews","twitter_card":"summary_large_image","twitter_creator":"@WirMachenAuf_de","twitter_site":"@WirMachenAuf_de","twitter_misc":{"Verfasst von":"rtnews","Gesch\u00e4tzte Lesezeit":"2\u00a0Minuten"},"schema":{"@context":"https:\/\/schema.org","@graph":[{"@type":"Article","@id":"https:\/\/now-news.de\/de\/deutschland\/ukrainischer-militaergeheimdienstchef-warnt-vor-einsatz-von-us-panzern\/#article","isPartOf":{"@id":"https:\/\/now-news.de\/de\/deutschland\/ukrainischer-militaergeheimdienstchef-warnt-vor-einsatz-von-us-panzern\/"},"author":{"name":"rtnews","@id":"https:\/\/now-news.de\/de\/#\/schema\/person\/fb534a4e865501d8b3285208df34a9b5"},"headline":"Ukrainischer Milit\u00e4rgeheimdienstchef warnt vor Einsatz von US-Panzern","datePublished":"2023-09-23T17:17:27+00:00","dateModified":"2023-09-23T17:17:27+00:00","mainEntityOfPage":{"@id":"https:\/\/now-news.de\/de\/deutschland\/ukrainischer-militaergeheimdienstchef-warnt-vor-einsatz-von-us-panzern\/"},"wordCount":389,"commentCount":0,"publisher":{"@id":"https:\/\/now-news.de\/de\/#organization"},"image":{"@id":"https:\/\/now-news.de\/de\/deutschland\/ukrainischer-militaergeheimdienstchef-warnt-vor-einsatz-von-us-panzern\/#primaryimage"},"thumbnailUrl":"https:\/\/now-news.de\/de\/wp-content\/uploads\/sites\/3\/2023\/09\/Ukrainischer-Militaergeheimdienstchef-warnt-vor-Einsatz-von-US-Panzern.jpg","keywords":["Einsatz","Milit\u00e4rgeheimdienstchef","Ukrainischer","USPanzern","von","vor","warnt"],"articleSection":["Deutschland","Russland"],"inLanguage":"de","potentialAction":[{"@type":"CommentAction","name":"Comment","target":["https:\/\/now-news.de\/de\/deutschland\/ukrainischer-militaergeheimdienstchef-warnt-vor-einsatz-von-us-panzern\/#respond"]}]},{"@type":"WebPage","@id":"https:\/\/now-news.de\/de\/deutschland\/ukrainischer-militaergeheimdienstchef-warnt-vor-einsatz-von-us-panzern\/","url":"https:\/\/now-news.de\/de\/deutschland\/ukrainischer-militaergeheimdienstchef-warnt-vor-einsatz-von-us-panzern\/","name":"Ukrainischer Milit\u00e4rgeheimdienstchef warnt vor Einsatz von US-Panzern - just-now.NEWS Deutschland","isPartOf":{"@id":"https:\/\/now-news.de\/de\/#website"},"primaryImageOfPage":{"@id":"https:\/\/now-news.de\/de\/deutschland\/ukrainischer-militaergeheimdienstchef-warnt-vor-einsatz-von-us-panzern\/#primaryimage"},"image":{"@id":"https:\/\/now-news.de\/de\/deutschland\/ukrainischer-militaergeheimdienstchef-warnt-vor-einsatz-von-us-panzern\/#primaryimage"},"thumbnailUrl":"https:\/\/now-news.de\/de\/wp-content\/uploads\/sites\/3\/2023\/09\/Ukrainischer-Militaergeheimdienstchef-warnt-vor-Einsatz-von-US-Panzern.jpg","datePublished":"2023-09-23T17:17:27+00:00","dateModified":"2023-09-23T17:17:27+00:00","breadcrumb":{"@id":"https:\/\/now-news.de\/de\/deutschland\/ukrainischer-militaergeheimdienstchef-warnt-vor-einsatz-von-us-panzern\/#breadcrumb"},"inLanguage":"de","potentialAction":[{"@type":"ReadAction","target":["https:\/\/now-news.de\/de\/deutschland\/ukrainischer-militaergeheimdienstchef-warnt-vor-einsatz-von-us-panzern\/"]}]},{"@type":"ImageObject","inLanguage":"de","@id":"https:\/\/now-news.de\/de\/deutschland\/ukrainischer-militaergeheimdienstchef-warnt-vor-einsatz-von-us-panzern\/#primaryimage","url":"https:\/\/now-news.de\/de\/wp-content\/uploads\/sites\/3\/2023\/09\/Ukrainischer-Militaergeheimdienstchef-warnt-vor-Einsatz-von-US-Panzern.jpg","contentUrl":"https:\/\/now-news.de\/de\/wp-content\/uploads\/sites\/3\/2023\/09\/Ukrainischer-Militaergeheimdienstchef-warnt-vor-Einsatz-von-US-Panzern.jpg","width":460,"height":259,"caption":"Ukrainischer Milit\u00e4rgeheimdienstchef warnt vor Einsatz von US-Panzern"},{"@type":"BreadcrumbList","@id":"https:\/\/now-news.de\/de\/deutschland\/ukrainischer-militaergeheimdienstchef-warnt-vor-einsatz-von-us-panzern\/#breadcrumb","itemListElement":[{"@type":"ListItem","position":1,"name":"Home","item":"https:\/\/now-news.de\/de\/"},{"@type":"ListItem","position":2,"name":"Ukrainischer Milit\u00e4rgeheimdienstchef warnt vor Einsatz von US-Panzern"}]},{"@type":"WebSite","@id":"https:\/\/now-news.de\/de\/#website","url":"https:\/\/now-news.de\/de\/","name":"just-now.NEWS Deutschland","description":"Das Portal f\u00fcr unzensierte Nachrichten aus der Welt","publisher":{"@id":"https:\/\/now-news.de\/de\/#organization"},"potentialAction":[{"@type":"SearchAction","target":{"@type":"EntryPoint","urlTemplate":"https:\/\/now-news.de\/de\/?s={search_term_string}"},"query-input":"required name=search_term_string"}],"inLanguage":"de"},{"@type":"Organization","@id":"https:\/\/now-news.de\/de\/#organization","name":"Just Now News","url":"https:\/\/now-news.de\/de\/","logo":{"@type":"ImageObject","inLanguage":"de","@id":"https:\/\/now-news.de\/de\/#\/schema\/logo\/image\/","url":"http:\/\/just-now.news\/de\/wp-content\/uploads\/sites\/3\/2022\/04\/logo500x500.jpg","contentUrl":"http:\/\/just-now.news\/de\/wp-content\/uploads\/sites\/3\/2022\/04\/logo500x500.jpg","width":500,"height":500,"caption":"Just Now News"},"image":{"@id":"https:\/\/now-news.de\/de\/#\/schema\/logo\/image\/"},"sameAs":["https:\/\/www.facebook.com\/wirmachenauf","https:\/\/x.com\/WirMachenAuf_de"]},{"@type":"Person","@id":"https:\/\/now-news.de\/de\/#\/schema\/person\/fb534a4e865501d8b3285208df34a9b5","name":"rtnews","image":{"@type":"ImageObject","inLanguage":"de","@id":"https:\/\/now-news.de\/de\/#\/schema\/person\/image\/","url":"https:\/\/secure.gravatar.com\/avatar\/82aafea7d8127119dd649515f56e2117?s=96&d=mm&r=g","contentUrl":"https:\/\/secure.gravatar.com\/avatar\/82aafea7d8127119dd649515f56e2117?s=96&d=mm&r=g","caption":"rtnews"},"url":"https:\/\/now-news.de\/de\/author\/rnews\/"}]}},"_links":{"self":[{"href":"https:\/\/now-news.de\/de\/wp-json\/wp\/v2\/posts\/46894"}],"collection":[{"href":"https:\/\/now-news.de\/de\/wp-json\/wp\/v2\/posts"}],"about":[{"href":"https:\/\/now-news.de\/de\/wp-json\/wp\/v2\/types\/post"}],"author":[{"embeddable":true,"href":"https:\/\/now-news.de\/de\/wp-json\/wp\/v2\/users\/3"}],"replies":[{"embeddable":true,"href":"https:\/\/now-news.de\/de\/wp-json\/wp\/v2\/comments?post=46894"}],"version-history":[{"count":0,"href":"https:\/\/now-news.de\/de\/wp-json\/wp\/v2\/posts\/46894\/revisions"}],"wp:featuredmedia":[{"embeddable":true,"href":"https:\/\/now-news.de\/de\/wp-json\/wp\/v2\/media\/46895"}],"wp:attachment":[{"href":"https:\/\/now-news.de\/de\/wp-json\/wp\/v2\/media?parent=46894"}],"wp:term":[{"taxonomy":"category","embeddable":true,"href":"https:\/\/now-news.de\/de\/wp-json\/wp\/v2\/categories?post=46894"},{"taxonomy":"post_tag","embeddable":true,"href":"https:\/\/now-news.de\/de\/wp-json\/wp\/v2\/tags?post=46894"}],"curies":[{"name":"wp","href":"https:\/\/api.w.org\/{rel}","templated":true}]}}