{"id":46839,"date":"2023-09-22T18:37:44","date_gmt":"2023-09-22T16:37:44","guid":{"rendered":"https:\/\/just-now.news\/de\/deutschland\/schweizer-zentralbank-negative-auswirkungen-auf-eu-wegen-ukraine-konflikts-werden-sich-verdoppeln\/"},"modified":"2023-09-22T18:37:44","modified_gmt":"2023-09-22T16:37:44","slug":"schweizer-zentralbank-negative-auswirkungen-auf-eu-wegen-ukraine-konflikts-werden-sich-verdoppeln","status":"publish","type":"post","link":"https:\/\/now-news.de\/de\/deutschland\/schweizer-zentralbank-negative-auswirkungen-auf-eu-wegen-ukraine-konflikts-werden-sich-verdoppeln\/","title":{"rendered":"Schweizer Zentralbank: Negative Auswirkungen auf EU wegen Ukraine-Konflikts werden sich verdoppeln"},"content":{"rendered":"<p><img decoding=\"async\" src=\"http:\/\/just-now.news\/de\/wp-content\/uploads\/sites\/3\/2023\/09\/650db36cb480cc0815579776.jpg\" \/><\/p>\n<div class=\"Text-root Text-type_1 \">\n                Die Voraussagen der schweizerischen Zentralbank f\u00fcr die europ\u00e4ische Wirtschaft sind verheerend. Die jetzt schon negativen Auswirkungen des Konflikts in der Ukraine werden in den n\u00e4chsten Jahren noch sp\u00fcrbar zunehmen. Dabei beruft sich die Beh\u00f6rde unter anderem auf das Bruttoinlandsprodukt und die Inflation in Europas L\u00e4ndern.\n            <\/div>\n<p><\/p>\n<div class=\"Text-root Text-type_5 ArticleView-text ViewText-root \">\n<p>Der Ukraine-Konflikt habe bereits zu einer h\u00f6heren Inflation in Europa gef\u00fchrt, und seine Auswirkungen auf die Wirtschaft der Region w\u00fcrden in ein bis zwei Jahren doppelt so stark sein, so eine Studie der Schweizerischen Nationalbank. W\u00f6rtlich <a rel=\"nofollow noopener\" target=\"_blank\" href=\"https:\/\/www.snb.ch\/n\/mmr\/reference\/working_paper_2023_04\/source\/working_paper_2023_04.n.pdf\">hie\u00df<\/a>\u00a0es im Bericht:<\/p>\n<blockquote>\n<p><em>&#8220;Mittel- bis langfristig d\u00fcrften die negativen Auswirkungen des Krieges noch gravierender sein. In ein bis zwei Jahren d\u00fcrfte dieser Effekt etwa doppelt so gro\u00df sein.&#8221; <\/em><\/p>\n<\/blockquote>\n<p>Im Rahmen der Studie untersuchte die Beh\u00f6rde die Auswirkungen des Konflikts auf die Volkswirtschaften von Deutschland, Gro\u00dfbritannien, Frankreich, Italien und der Schweiz. Ohne den Konflikt w\u00e4re die Inflation in Europa bis Ende 2022 um 0,2 bis 0,4 Prozent niedriger und das Bruttoinlandsprodukt (BIP) um 0,1 bis 0,8 Prozent h\u00f6her gewesen, hie\u00df es.<\/p>\n<p>Im Einzelnen seien die Volkswirtschaften Deutschlands und des Vereinigten K\u00f6nigreichs angesichts der Kampfhandlungen stark getroffen worden, da ihr BIP bis Ende letzten Jahres um 0,7 Prozent h\u00f6her h\u00e4tte ausfallen k\u00f6nnen, so der Bericht.<\/p>\n<p>Nach dem Beginn der speziellen russischen Milit\u00e4roperation in der Ukraine erh\u00f6hte der Westen den Sanktionsdruck auf Russland, was jedoch zu h\u00f6heren Strom-, Kraftstoff- und Lebensmittelpreisen in Europa und den Vereinigten Staaten selbst gef\u00fchrt hat. Wie Pr\u00e4sident Wladimir Putin anmerkte, sei die Politik der Eind\u00e4mmung und Schw\u00e4chung Moskaus eine langfristige Strategie des Westens, und die Sanktionen h\u00e4tten bereits der gesamten Weltwirtschaft einen schweren Schlag versetzt. Seiner Meinung nach bestehe das Hauptziel der USA und ihrer Verb\u00fcndeten darin, das Leben von Millionen Menschen zu verschlechtern.<\/p>\n<p>Russland erkl\u00e4rte wiederholt, dass das Land den Sanktionsdruck bew\u00e4ltigen werde, den der Westen seit mehreren Jahren auf das Land aus\u00fcbe und der sich weiter versch\u00e4rfe. Moskau wies auch darauf hin, dass den USA und ihren Verb\u00fcndeten der Mut fehle, das Scheitern der von ihnen verh\u00e4ngten Beschr\u00e4nkungen anzuerkennen. Die westlichen L\u00e4nder selbst \u00e4u\u00dferten mehrmals die Meinung, dass die antirussischen Sanktionen unwirksam sind.<\/p>\n<p><strong>Mehr zum Thema<\/strong> \u00a0\u2013 <a rel=\"nofollow noopener\" target=\"_blank\" href=\"https:\/\/freedert.online\/europa\/180983-verdorrter-garten-europa-in-eu\/\">Verdorrter &#8220;Garten Europa&#8221; \u2013 In der EU grassiert die Armut<\/a><\/p>\n<div class=\"EmbedBlock-root EmbedBlock-externalVideo EmbedBlock-odysee\">\n<div class=\"VkEmbed\"><iframe class=\"lazyload\" data-src=\"https:\/\/odysee.com\/%24\/embed\/%40RTDE%3Ae%2F%C3%96lpreis-auf-Rekordhoch%E2%80%93Russland-und-Saudi-Arabien-haben-Produktion-stark-gedrosselt%3Ab\" frameborder=\"0\" width=\"853\" height=\"480\" allowfullscreen><\/iframe><\/div>\n<\/div>\n<\/div>\n<p><br \/>\n<br \/><a href=\"https:\/\/de.rt.com\/europa\/181587-schweizer-zentralbank-negative-auswirkungen-auf\/\">Source link <\/a><\/p>\n","protected":false},"excerpt":{"rendered":"<p>Die Voraussagen der schweizerischen Zentralbank f\u00fcr die europ\u00e4ische Wirtschaft sind verheerend. Die jetzt schon negativen Auswirkungen des Konflikts in der Ukraine werden in den n\u00e4chsten Jahren noch sp\u00fcrbar zunehmen. Dabei beruft sich die Beh\u00f6rde unter anderem auf das Bruttoinlandsprodukt und die Inflation in Europas L\u00e4ndern. Der Ukraine-Konflikt habe bereits zu einer h\u00f6heren Inflation in Europa [&hellip;]<\/p>\n","protected":false},"author":3,"featured_media":46840,"comment_status":"open","ping_status":"open","sticky":false,"template":"","format":"standard","meta":{"_yoast_indexnow_last_ping":["1695401084"],"wp_automatic_camp":["217"],"7e7772f69c3a39749e91c76b67d3241c":["Schweizer Zentralbank: Negative Auswirkungen auf EU wegen Ukraine-Konflikts werden sich verdoppeln"],"original_link":["https:\/\/de.rt.com\/europa\/181587-schweizer-zentralbank-negative-auswirkungen-auf\/"],"_thumbnail_id":["46840"],"_wptgpro_p2tg_sent2tg":["a:1:{i:23737;s:19:\"2023-09-22 18:45:46\";}"],"jnews_social_counter_last_update":["1777273178"]},"categories":[19,23],"tags":[133,597,9114,3424,434,26440,23348,145,1040,2443],"yoast_head":"<!-- This site is optimized with the Yoast SEO Premium plugin v22.7 (Yoast SEO v22.7) - https:\/\/yoast.com\/wordpress\/plugins\/seo\/ -->\n<title>Schweizer Zentralbank: Negative Auswirkungen auf EU wegen Ukraine-Konflikts werden sich verdoppeln - just-now.NEWS Deutschland<\/title>\n<meta name=\"robots\" content=\"index, follow, max-snippet:-1, max-image-preview:large, max-video-preview:-1\" \/>\n<link rel=\"canonical\" href=\"https:\/\/now-news.de\/de\/deutschland\/schweizer-zentralbank-negative-auswirkungen-auf-eu-wegen-ukraine-konflikts-werden-sich-verdoppeln\/\" \/>\n<meta property=\"og:locale\" content=\"de_DE\" \/>\n<meta property=\"og:type\" content=\"article\" \/>\n<meta property=\"og:title\" content=\"Schweizer Zentralbank: Negative Auswirkungen auf EU wegen Ukraine-Konflikts werden sich verdoppeln\" \/>\n<meta property=\"og:description\" content=\"Die Voraussagen der schweizerischen Zentralbank f\u00fcr die europ\u00e4ische Wirtschaft sind verheerend. Die jetzt schon negativen Auswirkungen des Konflikts in der Ukraine werden in den n\u00e4chsten Jahren noch sp\u00fcrbar zunehmen. Dabei beruft sich die Beh\u00f6rde unter anderem auf das Bruttoinlandsprodukt und die Inflation in Europas L\u00e4ndern. Der Ukraine-Konflikt habe bereits zu einer h\u00f6heren Inflation in Europa [&hellip;]\" \/>\n<meta property=\"og:url\" content=\"https:\/\/now-news.de\/de\/deutschland\/schweizer-zentralbank-negative-auswirkungen-auf-eu-wegen-ukraine-konflikts-werden-sich-verdoppeln\/\" \/>\n<meta property=\"og:site_name\" content=\"just-now.NEWS Deutschland\" \/>\n<meta property=\"article:publisher\" content=\"https:\/\/www.facebook.com\/wirmachenauf\" \/>\n<meta property=\"article:published_time\" content=\"2023-09-22T16:37:44+00:00\" \/>\n<meta property=\"og:image\" content=\"https:\/\/now-news.de\/de\/wp-content\/uploads\/sites\/3\/2023\/09\/Schweizer-Zentralbank-Negative-Auswirkungen-auf-EU-wegen-Ukraine-Konflikts-werden-sich.jpg\" \/>\n\t<meta property=\"og:image:width\" content=\"460\" \/>\n\t<meta property=\"og:image:height\" content=\"259\" \/>\n\t<meta property=\"og:image:type\" content=\"image\/jpeg\" \/>\n<meta name=\"author\" content=\"rtnews\" \/>\n<meta name=\"twitter:card\" content=\"summary_large_image\" \/>\n<meta name=\"twitter:creator\" content=\"@WirMachenAuf_de\" \/>\n<meta name=\"twitter:site\" content=\"@WirMachenAuf_de\" \/>\n<meta name=\"twitter:label1\" content=\"Verfasst von\" \/>\n\t<meta name=\"twitter:data1\" content=\"rtnews\" \/>\n\t<meta name=\"twitter:label2\" content=\"Gesch\u00e4tzte Lesezeit\" \/>\n\t<meta name=\"twitter:data2\" content=\"2\u00a0Minuten\" \/>\n<script type=\"application\/ld+json\" class=\"yoast-schema-graph\">{\"@context\":\"https:\/\/schema.org\",\"@graph\":[{\"@type\":\"Article\",\"@id\":\"https:\/\/now-news.de\/de\/deutschland\/schweizer-zentralbank-negative-auswirkungen-auf-eu-wegen-ukraine-konflikts-werden-sich-verdoppeln\/#article\",\"isPartOf\":{\"@id\":\"https:\/\/now-news.de\/de\/deutschland\/schweizer-zentralbank-negative-auswirkungen-auf-eu-wegen-ukraine-konflikts-werden-sich-verdoppeln\/\"},\"author\":{\"name\":\"rtnews\",\"@id\":\"https:\/\/now-news.de\/de\/#\/schema\/person\/fb534a4e865501d8b3285208df34a9b5\"},\"headline\":\"Schweizer Zentralbank: Negative Auswirkungen auf EU wegen Ukraine-Konflikts werden sich verdoppeln\",\"datePublished\":\"2023-09-22T16:37:44+00:00\",\"dateModified\":\"2023-09-22T16:37:44+00:00\",\"mainEntityOfPage\":{\"@id\":\"https:\/\/now-news.de\/de\/deutschland\/schweizer-zentralbank-negative-auswirkungen-auf-eu-wegen-ukraine-konflikts-werden-sich-verdoppeln\/\"},\"wordCount\":397,\"commentCount\":0,\"publisher\":{\"@id\":\"https:\/\/now-news.de\/de\/#organization\"},\"image\":{\"@id\":\"https:\/\/now-news.de\/de\/deutschland\/schweizer-zentralbank-negative-auswirkungen-auf-eu-wegen-ukraine-konflikts-werden-sich-verdoppeln\/#primaryimage\"},\"thumbnailUrl\":\"https:\/\/now-news.de\/de\/wp-content\/uploads\/sites\/3\/2023\/09\/Schweizer-Zentralbank-Negative-Auswirkungen-auf-EU-wegen-Ukraine-Konflikts-werden-sich.jpg\",\"keywords\":[\"AUF\",\"Auswirkungen\",\"NEGATIVE\",\"Schweizer\",\"sich\",\"UkraineKonflikts\",\"verdoppeln\",\"wegen\",\"Werden\",\"Zentralbank\"],\"articleSection\":[\"Deutschland\",\"Russland\"],\"inLanguage\":\"de\",\"potentialAction\":[{\"@type\":\"CommentAction\",\"name\":\"Comment\",\"target\":[\"https:\/\/now-news.de\/de\/deutschland\/schweizer-zentralbank-negative-auswirkungen-auf-eu-wegen-ukraine-konflikts-werden-sich-verdoppeln\/#respond\"]}]},{\"@type\":\"WebPage\",\"@id\":\"https:\/\/now-news.de\/de\/deutschland\/schweizer-zentralbank-negative-auswirkungen-auf-eu-wegen-ukraine-konflikts-werden-sich-verdoppeln\/\",\"url\":\"https:\/\/now-news.de\/de\/deutschland\/schweizer-zentralbank-negative-auswirkungen-auf-eu-wegen-ukraine-konflikts-werden-sich-verdoppeln\/\",\"name\":\"Schweizer Zentralbank: Negative Auswirkungen auf EU wegen Ukraine-Konflikts werden sich verdoppeln - just-now.NEWS Deutschland\",\"isPartOf\":{\"@id\":\"https:\/\/now-news.de\/de\/#website\"},\"primaryImageOfPage\":{\"@id\":\"https:\/\/now-news.de\/de\/deutschland\/schweizer-zentralbank-negative-auswirkungen-auf-eu-wegen-ukraine-konflikts-werden-sich-verdoppeln\/#primaryimage\"},\"image\":{\"@id\":\"https:\/\/now-news.de\/de\/deutschland\/schweizer-zentralbank-negative-auswirkungen-auf-eu-wegen-ukraine-konflikts-werden-sich-verdoppeln\/#primaryimage\"},\"thumbnailUrl\":\"https:\/\/now-news.de\/de\/wp-content\/uploads\/sites\/3\/2023\/09\/Schweizer-Zentralbank-Negative-Auswirkungen-auf-EU-wegen-Ukraine-Konflikts-werden-sich.jpg\",\"datePublished\":\"2023-09-22T16:37:44+00:00\",\"dateModified\":\"2023-09-22T16:37:44+00:00\",\"breadcrumb\":{\"@id\":\"https:\/\/now-news.de\/de\/deutschland\/schweizer-zentralbank-negative-auswirkungen-auf-eu-wegen-ukraine-konflikts-werden-sich-verdoppeln\/#breadcrumb\"},\"inLanguage\":\"de\",\"potentialAction\":[{\"@type\":\"ReadAction\",\"target\":[\"https:\/\/now-news.de\/de\/deutschland\/schweizer-zentralbank-negative-auswirkungen-auf-eu-wegen-ukraine-konflikts-werden-sich-verdoppeln\/\"]}]},{\"@type\":\"ImageObject\",\"inLanguage\":\"de\",\"@id\":\"https:\/\/now-news.de\/de\/deutschland\/schweizer-zentralbank-negative-auswirkungen-auf-eu-wegen-ukraine-konflikts-werden-sich-verdoppeln\/#primaryimage\",\"url\":\"https:\/\/now-news.de\/de\/wp-content\/uploads\/sites\/3\/2023\/09\/Schweizer-Zentralbank-Negative-Auswirkungen-auf-EU-wegen-Ukraine-Konflikts-werden-sich.jpg\",\"contentUrl\":\"https:\/\/now-news.de\/de\/wp-content\/uploads\/sites\/3\/2023\/09\/Schweizer-Zentralbank-Negative-Auswirkungen-auf-EU-wegen-Ukraine-Konflikts-werden-sich.jpg\",\"width\":460,\"height\":259,\"caption\":\"Schweizer Zentralbank: Negative Auswirkungen auf EU wegen Ukraine-Konflikts werden sich verdoppeln\"},{\"@type\":\"BreadcrumbList\",\"@id\":\"https:\/\/now-news.de\/de\/deutschland\/schweizer-zentralbank-negative-auswirkungen-auf-eu-wegen-ukraine-konflikts-werden-sich-verdoppeln\/#breadcrumb\",\"itemListElement\":[{\"@type\":\"ListItem\",\"position\":1,\"name\":\"Home\",\"item\":\"https:\/\/now-news.de\/de\/\"},{\"@type\":\"ListItem\",\"position\":2,\"name\":\"Schweizer Zentralbank: Negative Auswirkungen auf EU wegen Ukraine-Konflikts werden sich verdoppeln\"}]},{\"@type\":\"WebSite\",\"@id\":\"https:\/\/now-news.de\/de\/#website\",\"url\":\"https:\/\/now-news.de\/de\/\",\"name\":\"just-now.NEWS Deutschland\",\"description\":\"Das Portal f\u00fcr unzensierte Nachrichten aus der Welt\",\"publisher\":{\"@id\":\"https:\/\/now-news.de\/de\/#organization\"},\"potentialAction\":[{\"@type\":\"SearchAction\",\"target\":{\"@type\":\"EntryPoint\",\"urlTemplate\":\"https:\/\/now-news.de\/de\/?s={search_term_string}\"},\"query-input\":\"required name=search_term_string\"}],\"inLanguage\":\"de\"},{\"@type\":\"Organization\",\"@id\":\"https:\/\/now-news.de\/de\/#organization\",\"name\":\"Just Now News\",\"url\":\"https:\/\/now-news.de\/de\/\",\"logo\":{\"@type\":\"ImageObject\",\"inLanguage\":\"de\",\"@id\":\"https:\/\/now-news.de\/de\/#\/schema\/logo\/image\/\",\"url\":\"http:\/\/just-now.news\/de\/wp-content\/uploads\/sites\/3\/2022\/04\/logo500x500.jpg\",\"contentUrl\":\"http:\/\/just-now.news\/de\/wp-content\/uploads\/sites\/3\/2022\/04\/logo500x500.jpg\",\"width\":500,\"height\":500,\"caption\":\"Just Now News\"},\"image\":{\"@id\":\"https:\/\/now-news.de\/de\/#\/schema\/logo\/image\/\"},\"sameAs\":[\"https:\/\/www.facebook.com\/wirmachenauf\",\"https:\/\/x.com\/WirMachenAuf_de\"]},{\"@type\":\"Person\",\"@id\":\"https:\/\/now-news.de\/de\/#\/schema\/person\/fb534a4e865501d8b3285208df34a9b5\",\"name\":\"rtnews\",\"image\":{\"@type\":\"ImageObject\",\"inLanguage\":\"de\",\"@id\":\"https:\/\/now-news.de\/de\/#\/schema\/person\/image\/\",\"url\":\"https:\/\/secure.gravatar.com\/avatar\/82aafea7d8127119dd649515f56e2117?s=96&d=mm&r=g\",\"contentUrl\":\"https:\/\/secure.gravatar.com\/avatar\/82aafea7d8127119dd649515f56e2117?s=96&d=mm&r=g\",\"caption\":\"rtnews\"},\"url\":\"https:\/\/now-news.de\/de\/author\/rnews\/\"}]}<\/script>\n<!-- \/ Yoast SEO Premium plugin. -->","yoast_head_json":{"title":"Schweizer Zentralbank: Negative Auswirkungen auf EU wegen Ukraine-Konflikts werden sich verdoppeln - just-now.NEWS Deutschland","robots":{"index":"index","follow":"follow","max-snippet":"max-snippet:-1","max-image-preview":"max-image-preview:large","max-video-preview":"max-video-preview:-1"},"canonical":"https:\/\/now-news.de\/de\/deutschland\/schweizer-zentralbank-negative-auswirkungen-auf-eu-wegen-ukraine-konflikts-werden-sich-verdoppeln\/","og_locale":"de_DE","og_type":"article","og_title":"Schweizer Zentralbank: Negative Auswirkungen auf EU wegen Ukraine-Konflikts werden sich verdoppeln","og_description":"Die Voraussagen der schweizerischen Zentralbank f\u00fcr die europ\u00e4ische Wirtschaft sind verheerend. Die jetzt schon negativen Auswirkungen des Konflikts in der Ukraine werden in den n\u00e4chsten Jahren noch sp\u00fcrbar zunehmen. Dabei beruft sich die Beh\u00f6rde unter anderem auf das Bruttoinlandsprodukt und die Inflation in Europas L\u00e4ndern. Der Ukraine-Konflikt habe bereits zu einer h\u00f6heren Inflation in Europa [&hellip;]","og_url":"https:\/\/now-news.de\/de\/deutschland\/schweizer-zentralbank-negative-auswirkungen-auf-eu-wegen-ukraine-konflikts-werden-sich-verdoppeln\/","og_site_name":"just-now.NEWS Deutschland","article_publisher":"https:\/\/www.facebook.com\/wirmachenauf","article_published_time":"2023-09-22T16:37:44+00:00","og_image":[{"width":460,"height":259,"url":"https:\/\/now-news.de\/de\/wp-content\/uploads\/sites\/3\/2023\/09\/Schweizer-Zentralbank-Negative-Auswirkungen-auf-EU-wegen-Ukraine-Konflikts-werden-sich.jpg","type":"image\/jpeg"}],"author":"rtnews","twitter_card":"summary_large_image","twitter_creator":"@WirMachenAuf_de","twitter_site":"@WirMachenAuf_de","twitter_misc":{"Verfasst von":"rtnews","Gesch\u00e4tzte Lesezeit":"2\u00a0Minuten"},"schema":{"@context":"https:\/\/schema.org","@graph":[{"@type":"Article","@id":"https:\/\/now-news.de\/de\/deutschland\/schweizer-zentralbank-negative-auswirkungen-auf-eu-wegen-ukraine-konflikts-werden-sich-verdoppeln\/#article","isPartOf":{"@id":"https:\/\/now-news.de\/de\/deutschland\/schweizer-zentralbank-negative-auswirkungen-auf-eu-wegen-ukraine-konflikts-werden-sich-verdoppeln\/"},"author":{"name":"rtnews","@id":"https:\/\/now-news.de\/de\/#\/schema\/person\/fb534a4e865501d8b3285208df34a9b5"},"headline":"Schweizer Zentralbank: Negative Auswirkungen auf EU wegen Ukraine-Konflikts werden sich verdoppeln","datePublished":"2023-09-22T16:37:44+00:00","dateModified":"2023-09-22T16:37:44+00:00","mainEntityOfPage":{"@id":"https:\/\/now-news.de\/de\/deutschland\/schweizer-zentralbank-negative-auswirkungen-auf-eu-wegen-ukraine-konflikts-werden-sich-verdoppeln\/"},"wordCount":397,"commentCount":0,"publisher":{"@id":"https:\/\/now-news.de\/de\/#organization"},"image":{"@id":"https:\/\/now-news.de\/de\/deutschland\/schweizer-zentralbank-negative-auswirkungen-auf-eu-wegen-ukraine-konflikts-werden-sich-verdoppeln\/#primaryimage"},"thumbnailUrl":"https:\/\/now-news.de\/de\/wp-content\/uploads\/sites\/3\/2023\/09\/Schweizer-Zentralbank-Negative-Auswirkungen-auf-EU-wegen-Ukraine-Konflikts-werden-sich.jpg","keywords":["AUF","Auswirkungen","NEGATIVE","Schweizer","sich","UkraineKonflikts","verdoppeln","wegen","Werden","Zentralbank"],"articleSection":["Deutschland","Russland"],"inLanguage":"de","potentialAction":[{"@type":"CommentAction","name":"Comment","target":["https:\/\/now-news.de\/de\/deutschland\/schweizer-zentralbank-negative-auswirkungen-auf-eu-wegen-ukraine-konflikts-werden-sich-verdoppeln\/#respond"]}]},{"@type":"WebPage","@id":"https:\/\/now-news.de\/de\/deutschland\/schweizer-zentralbank-negative-auswirkungen-auf-eu-wegen-ukraine-konflikts-werden-sich-verdoppeln\/","url":"https:\/\/now-news.de\/de\/deutschland\/schweizer-zentralbank-negative-auswirkungen-auf-eu-wegen-ukraine-konflikts-werden-sich-verdoppeln\/","name":"Schweizer Zentralbank: Negative Auswirkungen auf EU wegen Ukraine-Konflikts werden sich verdoppeln - just-now.NEWS Deutschland","isPartOf":{"@id":"https:\/\/now-news.de\/de\/#website"},"primaryImageOfPage":{"@id":"https:\/\/now-news.de\/de\/deutschland\/schweizer-zentralbank-negative-auswirkungen-auf-eu-wegen-ukraine-konflikts-werden-sich-verdoppeln\/#primaryimage"},"image":{"@id":"https:\/\/now-news.de\/de\/deutschland\/schweizer-zentralbank-negative-auswirkungen-auf-eu-wegen-ukraine-konflikts-werden-sich-verdoppeln\/#primaryimage"},"thumbnailUrl":"https:\/\/now-news.de\/de\/wp-content\/uploads\/sites\/3\/2023\/09\/Schweizer-Zentralbank-Negative-Auswirkungen-auf-EU-wegen-Ukraine-Konflikts-werden-sich.jpg","datePublished":"2023-09-22T16:37:44+00:00","dateModified":"2023-09-22T16:37:44+00:00","breadcrumb":{"@id":"https:\/\/now-news.de\/de\/deutschland\/schweizer-zentralbank-negative-auswirkungen-auf-eu-wegen-ukraine-konflikts-werden-sich-verdoppeln\/#breadcrumb"},"inLanguage":"de","potentialAction":[{"@type":"ReadAction","target":["https:\/\/now-news.de\/de\/deutschland\/schweizer-zentralbank-negative-auswirkungen-auf-eu-wegen-ukraine-konflikts-werden-sich-verdoppeln\/"]}]},{"@type":"ImageObject","inLanguage":"de","@id":"https:\/\/now-news.de\/de\/deutschland\/schweizer-zentralbank-negative-auswirkungen-auf-eu-wegen-ukraine-konflikts-werden-sich-verdoppeln\/#primaryimage","url":"https:\/\/now-news.de\/de\/wp-content\/uploads\/sites\/3\/2023\/09\/Schweizer-Zentralbank-Negative-Auswirkungen-auf-EU-wegen-Ukraine-Konflikts-werden-sich.jpg","contentUrl":"https:\/\/now-news.de\/de\/wp-content\/uploads\/sites\/3\/2023\/09\/Schweizer-Zentralbank-Negative-Auswirkungen-auf-EU-wegen-Ukraine-Konflikts-werden-sich.jpg","width":460,"height":259,"caption":"Schweizer Zentralbank: Negative Auswirkungen auf EU wegen Ukraine-Konflikts werden sich verdoppeln"},{"@type":"BreadcrumbList","@id":"https:\/\/now-news.de\/de\/deutschland\/schweizer-zentralbank-negative-auswirkungen-auf-eu-wegen-ukraine-konflikts-werden-sich-verdoppeln\/#breadcrumb","itemListElement":[{"@type":"ListItem","position":1,"name":"Home","item":"https:\/\/now-news.de\/de\/"},{"@type":"ListItem","position":2,"name":"Schweizer Zentralbank: Negative Auswirkungen auf EU wegen Ukraine-Konflikts werden sich verdoppeln"}]},{"@type":"WebSite","@id":"https:\/\/now-news.de\/de\/#website","url":"https:\/\/now-news.de\/de\/","name":"just-now.NEWS Deutschland","description":"Das Portal f\u00fcr unzensierte Nachrichten aus der Welt","publisher":{"@id":"https:\/\/now-news.de\/de\/#organization"},"potentialAction":[{"@type":"SearchAction","target":{"@type":"EntryPoint","urlTemplate":"https:\/\/now-news.de\/de\/?s={search_term_string}"},"query-input":"required name=search_term_string"}],"inLanguage":"de"},{"@type":"Organization","@id":"https:\/\/now-news.de\/de\/#organization","name":"Just Now News","url":"https:\/\/now-news.de\/de\/","logo":{"@type":"ImageObject","inLanguage":"de","@id":"https:\/\/now-news.de\/de\/#\/schema\/logo\/image\/","url":"http:\/\/just-now.news\/de\/wp-content\/uploads\/sites\/3\/2022\/04\/logo500x500.jpg","contentUrl":"http:\/\/just-now.news\/de\/wp-content\/uploads\/sites\/3\/2022\/04\/logo500x500.jpg","width":500,"height":500,"caption":"Just Now News"},"image":{"@id":"https:\/\/now-news.de\/de\/#\/schema\/logo\/image\/"},"sameAs":["https:\/\/www.facebook.com\/wirmachenauf","https:\/\/x.com\/WirMachenAuf_de"]},{"@type":"Person","@id":"https:\/\/now-news.de\/de\/#\/schema\/person\/fb534a4e865501d8b3285208df34a9b5","name":"rtnews","image":{"@type":"ImageObject","inLanguage":"de","@id":"https:\/\/now-news.de\/de\/#\/schema\/person\/image\/","url":"https:\/\/secure.gravatar.com\/avatar\/82aafea7d8127119dd649515f56e2117?s=96&d=mm&r=g","contentUrl":"https:\/\/secure.gravatar.com\/avatar\/82aafea7d8127119dd649515f56e2117?s=96&d=mm&r=g","caption":"rtnews"},"url":"https:\/\/now-news.de\/de\/author\/rnews\/"}]}},"_links":{"self":[{"href":"https:\/\/now-news.de\/de\/wp-json\/wp\/v2\/posts\/46839"}],"collection":[{"href":"https:\/\/now-news.de\/de\/wp-json\/wp\/v2\/posts"}],"about":[{"href":"https:\/\/now-news.de\/de\/wp-json\/wp\/v2\/types\/post"}],"author":[{"embeddable":true,"href":"https:\/\/now-news.de\/de\/wp-json\/wp\/v2\/users\/3"}],"replies":[{"embeddable":true,"href":"https:\/\/now-news.de\/de\/wp-json\/wp\/v2\/comments?post=46839"}],"version-history":[{"count":0,"href":"https:\/\/now-news.de\/de\/wp-json\/wp\/v2\/posts\/46839\/revisions"}],"wp:featuredmedia":[{"embeddable":true,"href":"https:\/\/now-news.de\/de\/wp-json\/wp\/v2\/media\/46840"}],"wp:attachment":[{"href":"https:\/\/now-news.de\/de\/wp-json\/wp\/v2\/media?parent=46839"}],"wp:term":[{"taxonomy":"category","embeddable":true,"href":"https:\/\/now-news.de\/de\/wp-json\/wp\/v2\/categories?post=46839"},{"taxonomy":"post_tag","embeddable":true,"href":"https:\/\/now-news.de\/de\/wp-json\/wp\/v2\/tags?post=46839"}],"curies":[{"name":"wp","href":"https:\/\/api.w.org\/{rel}","templated":true}]}}