{"id":46829,"date":"2023-09-22T16:54:08","date_gmt":"2023-09-22T14:54:08","guid":{"rendered":"https:\/\/just-now.news\/de\/deutschland\/selenskij-verspricht-biden-fortsetzung-der-gegenoffensive-und-de-okkupation-von-bachmut\/"},"modified":"2023-09-22T16:54:08","modified_gmt":"2023-09-22T14:54:08","slug":"selenskij-verspricht-biden-fortsetzung-der-gegenoffensive-und-de-okkupation-von-bachmut","status":"publish","type":"post","link":"https:\/\/now-news.de\/de\/deutschland\/selenskij-verspricht-biden-fortsetzung-der-gegenoffensive-und-de-okkupation-von-bachmut\/","title":{"rendered":"Selenskij verspricht Biden Fortsetzung der Gegenoffensive und &quot;De-Okkupation&quot; von Bachmut"},"content":{"rendered":"<p><img decoding=\"async\" src=\"http:\/\/just-now.news\/de\/wp-content\/uploads\/sites\/3\/2023\/09\/650d6d4f48fbef66304c4bd3.jpg\" \/><\/p>\n<div class=\"Text-root Text-type_1 \">\n                Bei einem Treffen im Wei\u00dfen Haus am Donnerstag hat Wladimir Selenskij versprochen, die Gegenoffensive seiner Armee auch im Herbst und Winter fortzusetzen. Au\u00dferdem erkl\u00e4rte er dem US-Pr\u00e4sident Joe Biden, Kiew werde Bachmut zur\u00fcckerlangen.\n            <\/div>\n<p><\/p>\n<div class=\"Text-root Text-type_5 ArticleView-text ViewText-root \">\n<p>Am Donnerstag ist der ukrainische Pr\u00e4sident Wladimir Selenskij w\u00e4hrend seines Besuchs in Washington mit US-Pr\u00e4sident Joe Biden zusammengetroffen. Einzelheiten des Treffens\u00a0<a rel=\"nofollow noopener\" target=\"_blank\" href=\"https:\/\/www.nytimes.com\/2023\/09\/21\/us\/politics\/zelensky-washington-biden-visit.html\">f\u00fchrt<\/a> die Zeitung\u00a0<em>New York Times<\/em>\u00a0in einem Artikel an. Demnach versprach Selenskij, dass die Gegenoffensive der ukrainischen Streitkr\u00e4fte auch im Herbst und Winter trotz der Witterungen fortgesetzt werde. Dabei hoffe Kiew, &#8220;die Schw\u00e4chen Russlands ausnutzen&#8221; zu k\u00f6nnen, da die russische Armee aufgrund von Verlusten eine Pause einlegen m\u00fcsse. Die Zeitung zitiert den Pr\u00e4sidenten wie folgt:<\/p>\n<blockquote>\n<p><em>&#8220;Wir k\u00f6nnen im Winter nicht stoppen. Das ist schwierig. Aber wir wissen es aus der Erfahrung vom letzten Jahr.&#8221;<\/em><\/p>\n<\/blockquote>\n<p>Dar\u00fcber hinaus \u00e4u\u00dferte Selenskij die Hoffnung, dass Kiew Artjomowsk (Bachmut) und zwei weitere St\u00e4dte zur\u00fcckerlangen beziehungsweise &#8220;de-okkupieren&#8221; werde, wie es der Pr\u00e4sident selbst bezeichnete. Auf Anfrage von Journalisten der\u00a0<em>New York Times<\/em> lehnte Selenskij es jedoch ab, die beiden St\u00e4dte zu benennen. Allerdings betonte er, das Milit\u00e4r habe daf\u00fcr &#8220;einen umfassenden Plan&#8221; ausgearbeitet.<\/p>\n<p>Selenskij versuchte erneut, Biden zur Lieferung von Langstreckenwaffen zu bewegen, insbesondere von ATACMS-Raketensystemen. Der ukrainische Pr\u00e4sident betonte, dass sein Milit\u00e4r \u00fcber die Raketensysteme dieses Typs unbedingt verf\u00fcgen m\u00fcsse. Einen anderen Weg gebe es nicht. Jake Sullivan, der Nationale Sicherheitsberater im Wei\u00dfen Haus, hatte jedoch noch vor Selenskijs Treffen mit Biden erkl\u00e4rt, dass die neue Milit\u00e4rhilfe f\u00fcr Kiew keine ATACMS-Systeme einschlie\u00dfen werde.<\/p>\n<p>Biden k\u00fcndigte ein neues Milit\u00e4rhilfepaket im Wert von\u00a0325 Millionen US-Dollar an. Dieses soll neben Flugabwehrsystemen auch HIMARS-Raketen, Streumunition und Panzerabwehrmittel beinhalten.\u00a0Au\u00dferdem sollen in der kommenden Woche Abrams-Panzer in der Ukraine eintreffen.\u00a0Erneut best\u00e4tigte Biden, dass die USA der Ukraine weiterhin zur Seite st\u00fcnden.<\/p>\n<p>Ab Montag war Selenskij zu Besuch in den USA. Auf dem Programm\u00a0standen\u00a0unter anderem eine Ansprache vor der\u00a0UN-Generalversammlung in New York und\u00a0Treffen\u00a0mit Abgeordneten des US-Kongresses in Washington. Nun setzt Selenskij seine Auslandsreise in Kanada fort.<\/p>\n<p><strong>Mehr zum Thema\u00a0\u2013<\/strong>\u00a0<a rel=\"nofollow noopener\" target=\"_blank\" href=\"https:\/\/freedert.online\/international\/181470-hersh-bericht-ukrainische-armee-wuerde\/\">Seymour Hersh: Ukrainische Armee w\u00fcrde beim Befehl zum Fortsetzen der Offensive meutern<\/a><\/p>\n<\/div>\n<p><br \/>\n<br \/><a href=\"https:\/\/de.rt.com\/international\/181529-selenskij-verspricht-in-washington-gegenoffensive\/\">Source link <\/a><\/p>\n","protected":false},"excerpt":{"rendered":"<p>Bei einem Treffen im Wei\u00dfen Haus am Donnerstag hat Wladimir Selenskij versprochen, die Gegenoffensive seiner Armee auch im Herbst und Winter fortzusetzen. Au\u00dferdem erkl\u00e4rte er dem US-Pr\u00e4sident Joe Biden, Kiew werde Bachmut zur\u00fcckerlangen. Am Donnerstag ist der ukrainische Pr\u00e4sident Wladimir Selenskij w\u00e4hrend seines Besuchs in Washington mit US-Pr\u00e4sident Joe Biden zusammengetroffen. Einzelheiten des Treffens\u00a0f\u00fchrt die [&hellip;]<\/p>\n","protected":false},"author":3,"featured_media":46830,"comment_status":"open","ping_status":"open","sticky":false,"template":"","format":"standard","meta":{"_yoast_indexnow_last_ping":["1695395205"],"wp_automatic_camp":["217"],"4d44323bff81adf2dc05fd64f5f1baf0":["Selenskij verspricht Biden Fortsetzung der Gegenoffensive und &quot;De-Okkupation&quot; von Bachmut"],"original_link":["https:\/\/de.rt.com\/international\/181529-selenskij-verspricht-in-washington-gegenoffensive\/"],"_thumbnail_id":["46830"],"_wptgpro_p2tg_sent2tg":["a:1:{i:23737;s:19:\"2023-09-22 17:07:45\";}"],"jnews_social_counter_last_update":["1777631285"]},"categories":[19,23],"tags":[38209,1348,82,26567,33957,49126,6158,140,958,50],"yoast_head":"<!-- This site is optimized with the Yoast SEO Premium plugin v22.7 (Yoast SEO v22.7) - https:\/\/yoast.com\/wordpress\/plugins\/seo\/ -->\n<title>Selenskij verspricht Biden Fortsetzung der Gegenoffensive und &quot;De-Okkupation&quot; von Bachmut - just-now.NEWS Deutschland<\/title>\n<meta name=\"robots\" content=\"index, follow, max-snippet:-1, max-image-preview:large, max-video-preview:-1\" \/>\n<link rel=\"canonical\" href=\"https:\/\/now-news.de\/de\/deutschland\/selenskij-verspricht-biden-fortsetzung-der-gegenoffensive-und-de-okkupation-von-bachmut\/\" \/>\n<meta property=\"og:locale\" content=\"de_DE\" \/>\n<meta property=\"og:type\" content=\"article\" \/>\n<meta property=\"og:title\" content=\"Selenskij verspricht Biden Fortsetzung der Gegenoffensive und &quot;De-Okkupation&quot; von Bachmut\" \/>\n<meta property=\"og:description\" content=\"Bei einem Treffen im Wei\u00dfen Haus am Donnerstag hat Wladimir Selenskij versprochen, die Gegenoffensive seiner Armee auch im Herbst und Winter fortzusetzen. Au\u00dferdem erkl\u00e4rte er dem US-Pr\u00e4sident Joe Biden, Kiew werde Bachmut zur\u00fcckerlangen. Am Donnerstag ist der ukrainische Pr\u00e4sident Wladimir Selenskij w\u00e4hrend seines Besuchs in Washington mit US-Pr\u00e4sident Joe Biden zusammengetroffen. Einzelheiten des Treffens\u00a0f\u00fchrt die [&hellip;]\" \/>\n<meta property=\"og:url\" content=\"https:\/\/now-news.de\/de\/deutschland\/selenskij-verspricht-biden-fortsetzung-der-gegenoffensive-und-de-okkupation-von-bachmut\/\" \/>\n<meta property=\"og:site_name\" content=\"just-now.NEWS Deutschland\" \/>\n<meta property=\"article:publisher\" content=\"https:\/\/www.facebook.com\/wirmachenauf\" \/>\n<meta property=\"article:published_time\" content=\"2023-09-22T14:54:08+00:00\" \/>\n<meta property=\"og:image\" content=\"https:\/\/now-news.de\/de\/wp-content\/uploads\/sites\/3\/2023\/09\/Selenskij-verspricht-Biden-Fortsetzung-der-Gegenoffensive-und-quotDe-Okkupationquot-von-Bachmut.jpg\" \/>\n\t<meta property=\"og:image:width\" content=\"460\" \/>\n\t<meta property=\"og:image:height\" content=\"259\" \/>\n\t<meta property=\"og:image:type\" content=\"image\/jpeg\" \/>\n<meta name=\"author\" content=\"rtnews\" \/>\n<meta name=\"twitter:card\" content=\"summary_large_image\" \/>\n<meta name=\"twitter:creator\" content=\"@WirMachenAuf_de\" \/>\n<meta name=\"twitter:site\" content=\"@WirMachenAuf_de\" \/>\n<meta name=\"twitter:label1\" content=\"Verfasst von\" \/>\n\t<meta name=\"twitter:data1\" content=\"rtnews\" \/>\n\t<meta name=\"twitter:label2\" content=\"Gesch\u00e4tzte Lesezeit\" \/>\n\t<meta name=\"twitter:data2\" content=\"2\u00a0Minuten\" \/>\n<script type=\"application\/ld+json\" class=\"yoast-schema-graph\">{\"@context\":\"https:\/\/schema.org\",\"@graph\":[{\"@type\":\"Article\",\"@id\":\"https:\/\/now-news.de\/de\/deutschland\/selenskij-verspricht-biden-fortsetzung-der-gegenoffensive-und-de-okkupation-von-bachmut\/#article\",\"isPartOf\":{\"@id\":\"https:\/\/now-news.de\/de\/deutschland\/selenskij-verspricht-biden-fortsetzung-der-gegenoffensive-und-de-okkupation-von-bachmut\/\"},\"author\":{\"name\":\"rtnews\",\"@id\":\"https:\/\/now-news.de\/de\/#\/schema\/person\/fb534a4e865501d8b3285208df34a9b5\"},\"headline\":\"Selenskij verspricht Biden Fortsetzung der Gegenoffensive und &quot;De-Okkupation&quot; von Bachmut\",\"datePublished\":\"2023-09-22T14:54:08+00:00\",\"dateModified\":\"2023-09-22T14:54:08+00:00\",\"mainEntityOfPage\":{\"@id\":\"https:\/\/now-news.de\/de\/deutschland\/selenskij-verspricht-biden-fortsetzung-der-gegenoffensive-und-de-okkupation-von-bachmut\/\"},\"wordCount\":394,\"commentCount\":0,\"publisher\":{\"@id\":\"https:\/\/now-news.de\/de\/#organization\"},\"image\":{\"@id\":\"https:\/\/now-news.de\/de\/deutschland\/selenskij-verspricht-biden-fortsetzung-der-gegenoffensive-und-de-okkupation-von-bachmut\/#primaryimage\"},\"thumbnailUrl\":\"https:\/\/now-news.de\/de\/wp-content\/uploads\/sites\/3\/2023\/09\/Selenskij-verspricht-Biden-Fortsetzung-der-Gegenoffensive-und-quotDe-Okkupationquot-von-Bachmut.jpg\",\"keywords\":[\"Bachmut\",\"Biden\",\"der\",\"Fortsetzung\",\"Gegenoffensive\",\"quotDeOkkupationquot\",\"Selenskij\",\"und\",\"verspricht\",\"von\"],\"articleSection\":[\"Deutschland\",\"Russland\"],\"inLanguage\":\"de\",\"potentialAction\":[{\"@type\":\"CommentAction\",\"name\":\"Comment\",\"target\":[\"https:\/\/now-news.de\/de\/deutschland\/selenskij-verspricht-biden-fortsetzung-der-gegenoffensive-und-de-okkupation-von-bachmut\/#respond\"]}]},{\"@type\":\"WebPage\",\"@id\":\"https:\/\/now-news.de\/de\/deutschland\/selenskij-verspricht-biden-fortsetzung-der-gegenoffensive-und-de-okkupation-von-bachmut\/\",\"url\":\"https:\/\/now-news.de\/de\/deutschland\/selenskij-verspricht-biden-fortsetzung-der-gegenoffensive-und-de-okkupation-von-bachmut\/\",\"name\":\"Selenskij verspricht Biden Fortsetzung der Gegenoffensive und &quot;De-Okkupation&quot; von Bachmut - just-now.NEWS Deutschland\",\"isPartOf\":{\"@id\":\"https:\/\/now-news.de\/de\/#website\"},\"primaryImageOfPage\":{\"@id\":\"https:\/\/now-news.de\/de\/deutschland\/selenskij-verspricht-biden-fortsetzung-der-gegenoffensive-und-de-okkupation-von-bachmut\/#primaryimage\"},\"image\":{\"@id\":\"https:\/\/now-news.de\/de\/deutschland\/selenskij-verspricht-biden-fortsetzung-der-gegenoffensive-und-de-okkupation-von-bachmut\/#primaryimage\"},\"thumbnailUrl\":\"https:\/\/now-news.de\/de\/wp-content\/uploads\/sites\/3\/2023\/09\/Selenskij-verspricht-Biden-Fortsetzung-der-Gegenoffensive-und-quotDe-Okkupationquot-von-Bachmut.jpg\",\"datePublished\":\"2023-09-22T14:54:08+00:00\",\"dateModified\":\"2023-09-22T14:54:08+00:00\",\"breadcrumb\":{\"@id\":\"https:\/\/now-news.de\/de\/deutschland\/selenskij-verspricht-biden-fortsetzung-der-gegenoffensive-und-de-okkupation-von-bachmut\/#breadcrumb\"},\"inLanguage\":\"de\",\"potentialAction\":[{\"@type\":\"ReadAction\",\"target\":[\"https:\/\/now-news.de\/de\/deutschland\/selenskij-verspricht-biden-fortsetzung-der-gegenoffensive-und-de-okkupation-von-bachmut\/\"]}]},{\"@type\":\"ImageObject\",\"inLanguage\":\"de\",\"@id\":\"https:\/\/now-news.de\/de\/deutschland\/selenskij-verspricht-biden-fortsetzung-der-gegenoffensive-und-de-okkupation-von-bachmut\/#primaryimage\",\"url\":\"https:\/\/now-news.de\/de\/wp-content\/uploads\/sites\/3\/2023\/09\/Selenskij-verspricht-Biden-Fortsetzung-der-Gegenoffensive-und-quotDe-Okkupationquot-von-Bachmut.jpg\",\"contentUrl\":\"https:\/\/now-news.de\/de\/wp-content\/uploads\/sites\/3\/2023\/09\/Selenskij-verspricht-Biden-Fortsetzung-der-Gegenoffensive-und-quotDe-Okkupationquot-von-Bachmut.jpg\",\"width\":460,\"height\":259,\"caption\":\"Selenskij verspricht Biden Fortsetzung der Gegenoffensive und &quot;De-Okkupation&quot; von Bachmut\"},{\"@type\":\"BreadcrumbList\",\"@id\":\"https:\/\/now-news.de\/de\/deutschland\/selenskij-verspricht-biden-fortsetzung-der-gegenoffensive-und-de-okkupation-von-bachmut\/#breadcrumb\",\"itemListElement\":[{\"@type\":\"ListItem\",\"position\":1,\"name\":\"Home\",\"item\":\"https:\/\/now-news.de\/de\/\"},{\"@type\":\"ListItem\",\"position\":2,\"name\":\"Selenskij verspricht Biden Fortsetzung der Gegenoffensive und &quot;De-Okkupation&quot; von Bachmut\"}]},{\"@type\":\"WebSite\",\"@id\":\"https:\/\/now-news.de\/de\/#website\",\"url\":\"https:\/\/now-news.de\/de\/\",\"name\":\"just-now.NEWS Deutschland\",\"description\":\"Das Portal f\u00fcr unzensierte Nachrichten aus der Welt\",\"publisher\":{\"@id\":\"https:\/\/now-news.de\/de\/#organization\"},\"potentialAction\":[{\"@type\":\"SearchAction\",\"target\":{\"@type\":\"EntryPoint\",\"urlTemplate\":\"https:\/\/now-news.de\/de\/?s={search_term_string}\"},\"query-input\":\"required name=search_term_string\"}],\"inLanguage\":\"de\"},{\"@type\":\"Organization\",\"@id\":\"https:\/\/now-news.de\/de\/#organization\",\"name\":\"Just Now News\",\"url\":\"https:\/\/now-news.de\/de\/\",\"logo\":{\"@type\":\"ImageObject\",\"inLanguage\":\"de\",\"@id\":\"https:\/\/now-news.de\/de\/#\/schema\/logo\/image\/\",\"url\":\"http:\/\/just-now.news\/de\/wp-content\/uploads\/sites\/3\/2022\/04\/logo500x500.jpg\",\"contentUrl\":\"http:\/\/just-now.news\/de\/wp-content\/uploads\/sites\/3\/2022\/04\/logo500x500.jpg\",\"width\":500,\"height\":500,\"caption\":\"Just Now News\"},\"image\":{\"@id\":\"https:\/\/now-news.de\/de\/#\/schema\/logo\/image\/\"},\"sameAs\":[\"https:\/\/www.facebook.com\/wirmachenauf\",\"https:\/\/x.com\/WirMachenAuf_de\"]},{\"@type\":\"Person\",\"@id\":\"https:\/\/now-news.de\/de\/#\/schema\/person\/fb534a4e865501d8b3285208df34a9b5\",\"name\":\"rtnews\",\"image\":{\"@type\":\"ImageObject\",\"inLanguage\":\"de\",\"@id\":\"https:\/\/now-news.de\/de\/#\/schema\/person\/image\/\",\"url\":\"https:\/\/secure.gravatar.com\/avatar\/82aafea7d8127119dd649515f56e2117?s=96&d=mm&r=g\",\"contentUrl\":\"https:\/\/secure.gravatar.com\/avatar\/82aafea7d8127119dd649515f56e2117?s=96&d=mm&r=g\",\"caption\":\"rtnews\"},\"url\":\"https:\/\/now-news.de\/de\/author\/rnews\/\"}]}<\/script>\n<!-- \/ Yoast SEO Premium plugin. -->","yoast_head_json":{"title":"Selenskij verspricht Biden Fortsetzung der Gegenoffensive und &quot;De-Okkupation&quot; von Bachmut - just-now.NEWS Deutschland","robots":{"index":"index","follow":"follow","max-snippet":"max-snippet:-1","max-image-preview":"max-image-preview:large","max-video-preview":"max-video-preview:-1"},"canonical":"https:\/\/now-news.de\/de\/deutschland\/selenskij-verspricht-biden-fortsetzung-der-gegenoffensive-und-de-okkupation-von-bachmut\/","og_locale":"de_DE","og_type":"article","og_title":"Selenskij verspricht Biden Fortsetzung der Gegenoffensive und &quot;De-Okkupation&quot; von Bachmut","og_description":"Bei einem Treffen im Wei\u00dfen Haus am Donnerstag hat Wladimir Selenskij versprochen, die Gegenoffensive seiner Armee auch im Herbst und Winter fortzusetzen. Au\u00dferdem erkl\u00e4rte er dem US-Pr\u00e4sident Joe Biden, Kiew werde Bachmut zur\u00fcckerlangen. Am Donnerstag ist der ukrainische Pr\u00e4sident Wladimir Selenskij w\u00e4hrend seines Besuchs in Washington mit US-Pr\u00e4sident Joe Biden zusammengetroffen. Einzelheiten des Treffens\u00a0f\u00fchrt die [&hellip;]","og_url":"https:\/\/now-news.de\/de\/deutschland\/selenskij-verspricht-biden-fortsetzung-der-gegenoffensive-und-de-okkupation-von-bachmut\/","og_site_name":"just-now.NEWS Deutschland","article_publisher":"https:\/\/www.facebook.com\/wirmachenauf","article_published_time":"2023-09-22T14:54:08+00:00","og_image":[{"width":460,"height":259,"url":"https:\/\/now-news.de\/de\/wp-content\/uploads\/sites\/3\/2023\/09\/Selenskij-verspricht-Biden-Fortsetzung-der-Gegenoffensive-und-quotDe-Okkupationquot-von-Bachmut.jpg","type":"image\/jpeg"}],"author":"rtnews","twitter_card":"summary_large_image","twitter_creator":"@WirMachenAuf_de","twitter_site":"@WirMachenAuf_de","twitter_misc":{"Verfasst von":"rtnews","Gesch\u00e4tzte Lesezeit":"2\u00a0Minuten"},"schema":{"@context":"https:\/\/schema.org","@graph":[{"@type":"Article","@id":"https:\/\/now-news.de\/de\/deutschland\/selenskij-verspricht-biden-fortsetzung-der-gegenoffensive-und-de-okkupation-von-bachmut\/#article","isPartOf":{"@id":"https:\/\/now-news.de\/de\/deutschland\/selenskij-verspricht-biden-fortsetzung-der-gegenoffensive-und-de-okkupation-von-bachmut\/"},"author":{"name":"rtnews","@id":"https:\/\/now-news.de\/de\/#\/schema\/person\/fb534a4e865501d8b3285208df34a9b5"},"headline":"Selenskij verspricht Biden Fortsetzung der Gegenoffensive und &quot;De-Okkupation&quot; von Bachmut","datePublished":"2023-09-22T14:54:08+00:00","dateModified":"2023-09-22T14:54:08+00:00","mainEntityOfPage":{"@id":"https:\/\/now-news.de\/de\/deutschland\/selenskij-verspricht-biden-fortsetzung-der-gegenoffensive-und-de-okkupation-von-bachmut\/"},"wordCount":394,"commentCount":0,"publisher":{"@id":"https:\/\/now-news.de\/de\/#organization"},"image":{"@id":"https:\/\/now-news.de\/de\/deutschland\/selenskij-verspricht-biden-fortsetzung-der-gegenoffensive-und-de-okkupation-von-bachmut\/#primaryimage"},"thumbnailUrl":"https:\/\/now-news.de\/de\/wp-content\/uploads\/sites\/3\/2023\/09\/Selenskij-verspricht-Biden-Fortsetzung-der-Gegenoffensive-und-quotDe-Okkupationquot-von-Bachmut.jpg","keywords":["Bachmut","Biden","der","Fortsetzung","Gegenoffensive","quotDeOkkupationquot","Selenskij","und","verspricht","von"],"articleSection":["Deutschland","Russland"],"inLanguage":"de","potentialAction":[{"@type":"CommentAction","name":"Comment","target":["https:\/\/now-news.de\/de\/deutschland\/selenskij-verspricht-biden-fortsetzung-der-gegenoffensive-und-de-okkupation-von-bachmut\/#respond"]}]},{"@type":"WebPage","@id":"https:\/\/now-news.de\/de\/deutschland\/selenskij-verspricht-biden-fortsetzung-der-gegenoffensive-und-de-okkupation-von-bachmut\/","url":"https:\/\/now-news.de\/de\/deutschland\/selenskij-verspricht-biden-fortsetzung-der-gegenoffensive-und-de-okkupation-von-bachmut\/","name":"Selenskij verspricht Biden Fortsetzung der Gegenoffensive und &quot;De-Okkupation&quot; von Bachmut - just-now.NEWS Deutschland","isPartOf":{"@id":"https:\/\/now-news.de\/de\/#website"},"primaryImageOfPage":{"@id":"https:\/\/now-news.de\/de\/deutschland\/selenskij-verspricht-biden-fortsetzung-der-gegenoffensive-und-de-okkupation-von-bachmut\/#primaryimage"},"image":{"@id":"https:\/\/now-news.de\/de\/deutschland\/selenskij-verspricht-biden-fortsetzung-der-gegenoffensive-und-de-okkupation-von-bachmut\/#primaryimage"},"thumbnailUrl":"https:\/\/now-news.de\/de\/wp-content\/uploads\/sites\/3\/2023\/09\/Selenskij-verspricht-Biden-Fortsetzung-der-Gegenoffensive-und-quotDe-Okkupationquot-von-Bachmut.jpg","datePublished":"2023-09-22T14:54:08+00:00","dateModified":"2023-09-22T14:54:08+00:00","breadcrumb":{"@id":"https:\/\/now-news.de\/de\/deutschland\/selenskij-verspricht-biden-fortsetzung-der-gegenoffensive-und-de-okkupation-von-bachmut\/#breadcrumb"},"inLanguage":"de","potentialAction":[{"@type":"ReadAction","target":["https:\/\/now-news.de\/de\/deutschland\/selenskij-verspricht-biden-fortsetzung-der-gegenoffensive-und-de-okkupation-von-bachmut\/"]}]},{"@type":"ImageObject","inLanguage":"de","@id":"https:\/\/now-news.de\/de\/deutschland\/selenskij-verspricht-biden-fortsetzung-der-gegenoffensive-und-de-okkupation-von-bachmut\/#primaryimage","url":"https:\/\/now-news.de\/de\/wp-content\/uploads\/sites\/3\/2023\/09\/Selenskij-verspricht-Biden-Fortsetzung-der-Gegenoffensive-und-quotDe-Okkupationquot-von-Bachmut.jpg","contentUrl":"https:\/\/now-news.de\/de\/wp-content\/uploads\/sites\/3\/2023\/09\/Selenskij-verspricht-Biden-Fortsetzung-der-Gegenoffensive-und-quotDe-Okkupationquot-von-Bachmut.jpg","width":460,"height":259,"caption":"Selenskij verspricht Biden Fortsetzung der Gegenoffensive und &quot;De-Okkupation&quot; von Bachmut"},{"@type":"BreadcrumbList","@id":"https:\/\/now-news.de\/de\/deutschland\/selenskij-verspricht-biden-fortsetzung-der-gegenoffensive-und-de-okkupation-von-bachmut\/#breadcrumb","itemListElement":[{"@type":"ListItem","position":1,"name":"Home","item":"https:\/\/now-news.de\/de\/"},{"@type":"ListItem","position":2,"name":"Selenskij verspricht Biden Fortsetzung der Gegenoffensive und &quot;De-Okkupation&quot; von Bachmut"}]},{"@type":"WebSite","@id":"https:\/\/now-news.de\/de\/#website","url":"https:\/\/now-news.de\/de\/","name":"just-now.NEWS Deutschland","description":"Das Portal f\u00fcr unzensierte Nachrichten aus der Welt","publisher":{"@id":"https:\/\/now-news.de\/de\/#organization"},"potentialAction":[{"@type":"SearchAction","target":{"@type":"EntryPoint","urlTemplate":"https:\/\/now-news.de\/de\/?s={search_term_string}"},"query-input":"required name=search_term_string"}],"inLanguage":"de"},{"@type":"Organization","@id":"https:\/\/now-news.de\/de\/#organization","name":"Just Now News","url":"https:\/\/now-news.de\/de\/","logo":{"@type":"ImageObject","inLanguage":"de","@id":"https:\/\/now-news.de\/de\/#\/schema\/logo\/image\/","url":"http:\/\/just-now.news\/de\/wp-content\/uploads\/sites\/3\/2022\/04\/logo500x500.jpg","contentUrl":"http:\/\/just-now.news\/de\/wp-content\/uploads\/sites\/3\/2022\/04\/logo500x500.jpg","width":500,"height":500,"caption":"Just Now News"},"image":{"@id":"https:\/\/now-news.de\/de\/#\/schema\/logo\/image\/"},"sameAs":["https:\/\/www.facebook.com\/wirmachenauf","https:\/\/x.com\/WirMachenAuf_de"]},{"@type":"Person","@id":"https:\/\/now-news.de\/de\/#\/schema\/person\/fb534a4e865501d8b3285208df34a9b5","name":"rtnews","image":{"@type":"ImageObject","inLanguage":"de","@id":"https:\/\/now-news.de\/de\/#\/schema\/person\/image\/","url":"https:\/\/secure.gravatar.com\/avatar\/82aafea7d8127119dd649515f56e2117?s=96&d=mm&r=g","contentUrl":"https:\/\/secure.gravatar.com\/avatar\/82aafea7d8127119dd649515f56e2117?s=96&d=mm&r=g","caption":"rtnews"},"url":"https:\/\/now-news.de\/de\/author\/rnews\/"}]}},"_links":{"self":[{"href":"https:\/\/now-news.de\/de\/wp-json\/wp\/v2\/posts\/46829"}],"collection":[{"href":"https:\/\/now-news.de\/de\/wp-json\/wp\/v2\/posts"}],"about":[{"href":"https:\/\/now-news.de\/de\/wp-json\/wp\/v2\/types\/post"}],"author":[{"embeddable":true,"href":"https:\/\/now-news.de\/de\/wp-json\/wp\/v2\/users\/3"}],"replies":[{"embeddable":true,"href":"https:\/\/now-news.de\/de\/wp-json\/wp\/v2\/comments?post=46829"}],"version-history":[{"count":0,"href":"https:\/\/now-news.de\/de\/wp-json\/wp\/v2\/posts\/46829\/revisions"}],"wp:featuredmedia":[{"embeddable":true,"href":"https:\/\/now-news.de\/de\/wp-json\/wp\/v2\/media\/46830"}],"wp:attachment":[{"href":"https:\/\/now-news.de\/de\/wp-json\/wp\/v2\/media?parent=46829"}],"wp:term":[{"taxonomy":"category","embeddable":true,"href":"https:\/\/now-news.de\/de\/wp-json\/wp\/v2\/categories?post=46829"},{"taxonomy":"post_tag","embeddable":true,"href":"https:\/\/now-news.de\/de\/wp-json\/wp\/v2\/tags?post=46829"}],"curies":[{"name":"wp","href":"https:\/\/api.w.org\/{rel}","templated":true}]}}