{"id":46827,"date":"2023-09-22T16:15:01","date_gmt":"2023-09-22T14:15:01","guid":{"rendered":"https:\/\/just-now.news\/de\/deutschland\/neue-faeser-plaene-familiennachzug-fuer-migranten-im-moment-dabei-kein-thema\/"},"modified":"2023-09-22T16:15:01","modified_gmt":"2023-09-22T14:15:01","slug":"neue-faeser-plaene-familiennachzug-fuer-migranten-im-moment-dabei-kein-thema","status":"publish","type":"post","link":"https:\/\/now-news.de\/de\/deutschland\/neue-faeser-plaene-familiennachzug-fuer-migranten-im-moment-dabei-kein-thema\/","title":{"rendered":"Neue Faeser-Pl\u00e4ne: Familiennachzug f\u00fcr Migranten &quot;im Moment&quot; dabei kein Thema"},"content":{"rendered":"<p><img decoding=\"async\" src=\"http:\/\/just-now.news\/de\/wp-content\/uploads\/sites\/3\/2023\/09\/650d64b948fbef64065c4fe6.JPG\" \/><\/p>\n<div class=\"Text-root Text-type_1 \">\n                Das Thema fortschreitender Asylzahlen in Deutschland besch\u00e4ftigt seit Tagen die Politik, Medien und besorgte B\u00fcrger. Die Zeitung &#8220;Welt&#8221; zitiert Pl\u00e4ne eines Gesetzesentwurfes zum Thema \u00c4nderungen der deutschen Asyl- und Migrationspolitik. Innenministerin Faeser dementierte im Bundestag diesbez\u00fcglich zitierte Inhalte.\n            <\/div>\n<p><\/p>\n<div class=\"Text-root Text-type_5 ArticleView-text ViewText-root \">\n<p>Der gesamtgesellschaftliche Ton bez\u00fcglich aktueller Asylzahlen und damit verbundener Probleme der Bew\u00e4ltigung versch\u00e4rft sich zusehends. Politiker ann\u00e4hernd aller Fraktionen ver\u00e4ndern auff\u00e4llig ihre bisherigen Sichtweisen und Argumentationslinien. Der dem Springer-Verlag zugeh\u00f6rigen Zeitung <em>Welt<\/em>\u00a0<em><\/em>gelang es nun Einblick in einen auf den 4. September datierten Gesetzesentwurf des Bundesinnenministeriums (BMI) zu erhalten,\u00a0der sich jedoch noch nicht in einer sogenannten Ressortabstimmung befindet. Diese wird vom fachlich zust\u00e4ndigen Ministerium erstellt. Dabei beraten sich die zust\u00e4ndigen Fachreferenten mit themenbezogenen Verb\u00e4nden, Organisationen und Beh\u00f6rden. Der &#8220;Faeser-Plan&#8221; beinhaltet unter anderem laut <em>Welt<\/em>&#8211;<a rel=\"nofollow noopener\" target=\"_blank\" href=\"https:\/\/www.welt.de\/politik\/deutschland\/plus247608582\/Migration-Der-Faeser-Plan-den-Familiennachzug-zu-erleichtern.html?icid=search.product.onsitesearch\">Artikel<\/a> (Bezahlschranke):<\/p>\n<blockquote>\n<p><em>&#8220;Einfacherer Familiennachzug und leichterer Zugang zum Arbeitsmarkt, aber Verl\u00e4ngerung des Ausreisegewahrsams.&#8221;<\/em><\/p>\n<\/blockquote>\n<p>Weitere Inhalte des Entwurfes, w\u00f6rtlich zitiert, legen offen, dass die Bundesregierung\u00a0&#8220;einen Neuanfang in der Migrations- und Integrationspolitik gestalten m\u00f6chte, der einem modernen Einwanderungsland&#8221; gerecht werde. Dazu sollen laut BMI-Pl\u00e4nen\u00a0Ausl\u00e4nder &#8220;schneller in die Gesellschaft integriert&#8221; werden. In dem <em>Welt<\/em>-Artikel wird daran erinnert, dass im Jahr 2016 die Berechtigung &#8220;von subsidi\u00e4r Schutzberechtigten, Familienmitglieder nach Deutschland nachzuholen, ausgesetzt worden&#8221; ist. Im Jahr 2018 folgte eine Begrenzung auf &#8220;1.000 Personen pro Monat&#8221;. Indessen wurde Innenministerin Faeser im Bundestag durch eine Kurzintervention des CDU-Abgeordneten Christoph de Vries mit den Inhalten konfrontiert. Laut dem Berliner <em>Tagesspiegel<\/em>\u00a0<a rel=\"nofollow noopener\" target=\"_blank\" href=\"https:\/\/www.tagesspiegel.de\/politik\/neuanfang-in-integrationspolitik-faeser-will-familiennachzug-fur-migranten-erleichtern-10510183.html\">reagierte<\/a> die Ministerin mit der vieldeutigen Antwort:<\/p>\n<blockquote>\n<p><em>&#8220;Nein, ich habe nicht vor, im Moment den Familiennachzug vorzulegen (sic!).&#8221;<\/em><\/p>\n<\/blockquote>\n<p>Dem gegen\u00fcber berichten die <em>Welt<\/em>-Autoren, dass der Entwurf aus dem\u00a0BMI\u00a0vorsehen w\u00fcrde, dass &#8220;k\u00fcnftig bei subsidi\u00e4r Schutzberechtigten der Familiennachzug dem von anerkannten Fl\u00fcchtlingen gleichgestellt werden soll \u2013 so wie es bis 2016 war. Auch eine Begrenzung der Personenanzahl soll entfallen&#8221;. Des Weiteren hei\u00dft es zum Thema unbegleiteter minderj\u00e4hriger Fl\u00fcchtlinge:<\/p>\n<blockquote>\n<p><em>&#8220;In dem Entwurf hei\u00dft es, dass &#8216;erstmals der Geschwisternachzug, das hei\u00dft die gemeinsame Einreise von Eltern mit Kindern zum bereits in Deutschland lebenden unbegleiteten minderj\u00e4hrigen Schutzberechtigten, geregelt und damit wesentlich erleichtert werden&#8217; soll.&#8221;<\/em><\/p>\n<\/blockquote>\n<p>Die Erkenntnis zeitnaher, teilweise schon existierender \u00dcberforderungen der L\u00e4nder und Kommunen wegen fehlender Unterbringungsm\u00f6glichkeiten sorgte f\u00fcr neue T\u00f6ne in der Politik, auch bei bis dato migrationsf\u00f6rdernder Parteien. Die \u00dcberschriften der letzten Tage lauteten:<\/p>\n<ul>\n<li>&#8220;Gauck-<a rel=\"nofollow noopener\" target=\"_blank\" href=\"https:\/\/www.bild.de\/politik\/inland\/politik-inland\/gauck-vorstoss-in-asyl-debatte-muessen-das-undenkbare-denken-85443944.bild.html\">Vorsto\u00df<\/a> in Asyl-Debatte: M\u00fcssen das Undenkbare denken&#8221;<\/li>\n<li>&#8220;Ricarda Lang \u2013 Ausgerechnet Gr\u00fcnen-Chefin fordert von SPD und FDP Tempo bei <a rel=\"nofollow noopener\" target=\"_blank\" href=\"https:\/\/www.focus.de\/politik\/deutschland\/ricarda-lang-ausgerechnet-gruenen-chefin-fordert-von-spd-und-fdp-tempo-bei-abschiebungen_id_208696519.html\">Abschiebungen<\/a>&#8220;<\/li>\n<li>&#8220;<a rel=\"nofollow noopener\" target=\"_blank\" href=\"https:\/\/www.n-tv.de\/politik\/Spahn-Wir-schaffen-das-nicht-mehr-article24414928.html\">Fl\u00fcchtlingstalk<\/a> bei Illner &#8211; Spahn (CDU): &#8216;Wir schaffen das nicht mehr'&#8221;<\/li>\n<li>Union fordert vom Kanzler &#8216;<a rel=\"nofollow noopener\" target=\"_blank\" href=\"https:\/\/www.tagesschau.de\/inland\/innenpolitik\/migration-bundestag-100.html\">Asylwende<\/a>&#8216;&#8221;<\/li>\n<\/ul>\n<p>Der FDP-Politiker Dobrindt <a rel=\"nofollow noopener\" target=\"_blank\" href=\"https:\/\/www.welt.de\/politik\/deutschland\/article247609868\/Dobrindt-nennt-Faeser-das-Trojanische-Pferd-zur-Verschaerfung-der-Migrationskrise.html\">betitelt<\/a> Faeser aktuell als &#8220;das Trojanische Pferd zur Versch\u00e4rfung der Migrationskrise&#8221;. Der Politiker erkennt die Gefahr eines zeitnahen &#8220;gesellschaftlichen Gro\u00dfkonflikts&#8221;:<\/p>\n<blockquote>\n<p><em>&#8220;Die Asylzahlen steigen, die Kommunen sind \u00fcberlastet, die gesellschaftliche Akzeptanz schwindet.&#8221;<\/em><\/p>\n<\/blockquote>\n<p>Der\u00a0<em>Welt-<\/em>Artikel weist darauf hin, dass der im Entwurf vorgesehene &#8220;vereinfachte Zugang zum Arbeitsmarkt f\u00fcr Asylbewerber und Gefl\u00fcchtete&#8221;, f\u00fcr &#8220;tiefgreifende Ver\u00e4nderungen im Land&#8221; sorgen d\u00fcrfte. Details lauten demnach:<\/p>\n<blockquote>\n<p><em>&#8220;Wer bereits vor dem 7. Dezember 2021 nach Deutschland eingereist ist und sich geduldet oder mit Aufenthaltsgestattung im Bundesgebiet aufh\u00e4lt, wird arbeiten d\u00fcrfen.&#8221;<\/em><\/p>\n<\/blockquote>\n<p>Voraussetzung sei jedoch, dass neu organisiert die erforderliche Zustimmung der Bundesagentur f\u00fcr Arbeit erfolgt. Die bis dato zust\u00e4ndigen Ausl\u00e4nderbeh\u00f6rden m\u00fcssten offensichtlich nicht mehr zustimmen. Unangetastet bleibe:<\/p>\n<blockquote>\n<p><em>&#8220;Ausgeschlossen von Arbeitserlaubnissen bleiben demnach Personen aus sicheren Herkunftsstaaten, Personen, die die Identit\u00e4tsfeststellung &#8216;hartn\u00e4ckig&#8217; verhinderten sowie Personen, deren Asylantrag als &#8216;offensichtlich unzul\u00e4ssig oder unbegr\u00fcndet&#8217; abgelehnt wurde.&#8221;<\/em><\/p>\n<\/blockquote>\n<p>Die stellvertretende Vorsitzende der Unionsfraktion, Andrea Lindholz (CSU), kommentiert den Status quo der Bundespolitik mit der Feststellung: &#8220;Die Bundesinnenministerin ist damit erkennbar \u00fcberfordert, die Au\u00dfenministerin praktisch unt\u00e4tig&#8221;. Innenministerin Faeser hatte zumindest\u00a0am sp\u00e4ten Donnerstagabend in der <em>ZDF<\/em>-Sendung &#8220;Maybritt Illner&#8221;\u00a0nochmals die Weigerung der Bundesregierung bekr\u00e4ftigt, in Italien ankommende Migranten in Deutschland aufzunehmen.<\/p>\n<p><strong>Mehr zum Thema <\/strong>\u2013 <a rel=\"nofollow noopener\" target=\"_blank\" href=\"https:\/\/freedert.online\/inland\/181070-gauck-ueberrascht-zum-thema-asyl\/\">Gauck \u00fcberrascht zum Thema Asyl: &#8220;Begrenzungsstrategie nicht verwerflich, politisch sogar geboten&#8221;<\/a><\/p>\n<\/p>\n<\/div>\n<p><br \/>\n<br \/><a href=\"https:\/\/de.rt.com\/inland\/181532-neue-faeser-plaene-zum-thema\/\">Source link <\/a><\/p>\n","protected":false},"excerpt":{"rendered":"<p>Das Thema fortschreitender Asylzahlen in Deutschland besch\u00e4ftigt seit Tagen die Politik, Medien und besorgte B\u00fcrger. Die Zeitung &#8220;Welt&#8221; zitiert Pl\u00e4ne eines Gesetzesentwurfes zum Thema \u00c4nderungen der deutschen Asyl- und Migrationspolitik. Innenministerin Faeser dementierte im Bundestag diesbez\u00fcglich zitierte Inhalte. Der gesamtgesellschaftliche Ton bez\u00fcglich aktueller Asylzahlen und damit verbundener Probleme der Bew\u00e4ltigung versch\u00e4rft sich zusehends. Politiker ann\u00e4hernd [&hellip;]<\/p>\n","protected":false},"author":3,"featured_media":46828,"comment_status":"open","ping_status":"open","sticky":false,"template":"","format":"standard","meta":{"_yoast_indexnow_last_ping":["1695392324"],"wp_automatic_camp":["217"],"cbe1b8f2b5335be5c7cc5c4d8fa83ab3":["Neue Faeser-Pl\u00e4ne: Familiennachzug f\u00fcr Migranten &quot;im Moment&quot; dabei kein Thema"],"original_link":["https:\/\/de.rt.com\/inland\/181532-neue-faeser-plaene-zum-thema\/"],"_thumbnail_id":["46828"],"_wptgpro_p2tg_sent2tg":["a:1:{i:23737;s:19:\"2023-09-22 16:19:48\";}"],"jnews_social_counter_last_update":["1777597721"]},"categories":[19,23],"tags":[10432,49124,49125,221,2030,14789,18911,1227,36708,15832],"yoast_head":"<!-- This site is optimized with the Yoast SEO Premium plugin v22.7 (Yoast SEO v22.7) - https:\/\/yoast.com\/wordpress\/plugins\/seo\/ -->\n<title>Neue Faeser-Pl\u00e4ne: Familiennachzug f\u00fcr Migranten &quot;im Moment&quot; dabei kein Thema - just-now.NEWS Deutschland<\/title>\n<meta name=\"robots\" content=\"index, follow, max-snippet:-1, max-image-preview:large, max-video-preview:-1\" \/>\n<link rel=\"canonical\" href=\"https:\/\/now-news.de\/de\/deutschland\/neue-faeser-plaene-familiennachzug-fuer-migranten-im-moment-dabei-kein-thema\/\" \/>\n<meta property=\"og:locale\" content=\"de_DE\" \/>\n<meta property=\"og:type\" content=\"article\" \/>\n<meta property=\"og:title\" content=\"Neue Faeser-Pl\u00e4ne: Familiennachzug f\u00fcr Migranten &quot;im Moment&quot; dabei kein Thema\" \/>\n<meta property=\"og:description\" content=\"Das Thema fortschreitender Asylzahlen in Deutschland besch\u00e4ftigt seit Tagen die Politik, Medien und besorgte B\u00fcrger. Die Zeitung &#8220;Welt&#8221; zitiert Pl\u00e4ne eines Gesetzesentwurfes zum Thema \u00c4nderungen der deutschen Asyl- und Migrationspolitik. Innenministerin Faeser dementierte im Bundestag diesbez\u00fcglich zitierte Inhalte. Der gesamtgesellschaftliche Ton bez\u00fcglich aktueller Asylzahlen und damit verbundener Probleme der Bew\u00e4ltigung versch\u00e4rft sich zusehends. Politiker ann\u00e4hernd [&hellip;]\" \/>\n<meta property=\"og:url\" content=\"https:\/\/now-news.de\/de\/deutschland\/neue-faeser-plaene-familiennachzug-fuer-migranten-im-moment-dabei-kein-thema\/\" \/>\n<meta property=\"og:site_name\" content=\"just-now.NEWS Deutschland\" \/>\n<meta property=\"article:publisher\" content=\"https:\/\/www.facebook.com\/wirmachenauf\" \/>\n<meta property=\"article:published_time\" content=\"2023-09-22T14:15:01+00:00\" \/>\n<meta property=\"og:image\" content=\"https:\/\/now-news.de\/de\/wp-content\/uploads\/sites\/3\/2023\/09\/Neue-Faeser-Plaene-Familiennachzug-fuer-Migranten-quotim-Momentquot-dabei-kein-Thema.JPG\" \/>\n\t<meta property=\"og:image:width\" content=\"460\" \/>\n\t<meta property=\"og:image:height\" content=\"259\" \/>\n\t<meta property=\"og:image:type\" content=\"image\/jpeg\" \/>\n<meta name=\"author\" content=\"rtnews\" \/>\n<meta name=\"twitter:card\" content=\"summary_large_image\" \/>\n<meta name=\"twitter:creator\" content=\"@WirMachenAuf_de\" \/>\n<meta name=\"twitter:site\" content=\"@WirMachenAuf_de\" \/>\n<meta name=\"twitter:label1\" content=\"Verfasst von\" \/>\n\t<meta name=\"twitter:data1\" content=\"rtnews\" \/>\n\t<meta name=\"twitter:label2\" content=\"Gesch\u00e4tzte Lesezeit\" \/>\n\t<meta name=\"twitter:data2\" content=\"3\u00a0Minuten\" \/>\n<script type=\"application\/ld+json\" class=\"yoast-schema-graph\">{\"@context\":\"https:\/\/schema.org\",\"@graph\":[{\"@type\":\"Article\",\"@id\":\"https:\/\/now-news.de\/de\/deutschland\/neue-faeser-plaene-familiennachzug-fuer-migranten-im-moment-dabei-kein-thema\/#article\",\"isPartOf\":{\"@id\":\"https:\/\/now-news.de\/de\/deutschland\/neue-faeser-plaene-familiennachzug-fuer-migranten-im-moment-dabei-kein-thema\/\"},\"author\":{\"name\":\"rtnews\",\"@id\":\"https:\/\/now-news.de\/de\/#\/schema\/person\/fb534a4e865501d8b3285208df34a9b5\"},\"headline\":\"Neue Faeser-Pl\u00e4ne: Familiennachzug f\u00fcr Migranten &quot;im Moment&quot; dabei kein Thema\",\"datePublished\":\"2023-09-22T14:15:01+00:00\",\"dateModified\":\"2023-09-22T14:15:01+00:00\",\"mainEntityOfPage\":{\"@id\":\"https:\/\/now-news.de\/de\/deutschland\/neue-faeser-plaene-familiennachzug-fuer-migranten-im-moment-dabei-kein-thema\/\"},\"wordCount\":670,\"commentCount\":0,\"publisher\":{\"@id\":\"https:\/\/now-news.de\/de\/#organization\"},\"image\":{\"@id\":\"https:\/\/now-news.de\/de\/deutschland\/neue-faeser-plaene-familiennachzug-fuer-migranten-im-moment-dabei-kein-thema\/#primaryimage\"},\"thumbnailUrl\":\"https:\/\/now-news.de\/de\/wp-content\/uploads\/sites\/3\/2023\/09\/Neue-Faeser-Plaene-Familiennachzug-fuer-Migranten-quotim-Momentquot-dabei-kein-Thema.JPG\",\"keywords\":[\"dabei\",\"FaeserPl\u00e4ne\",\"Familiennachzug\",\"f\u00fcr\",\"Kein\",\"Migranten\",\"Momentquot\",\"NEUE\",\"quotIm\",\"Thema\"],\"articleSection\":[\"Deutschland\",\"Russland\"],\"inLanguage\":\"de\",\"potentialAction\":[{\"@type\":\"CommentAction\",\"name\":\"Comment\",\"target\":[\"https:\/\/now-news.de\/de\/deutschland\/neue-faeser-plaene-familiennachzug-fuer-migranten-im-moment-dabei-kein-thema\/#respond\"]}]},{\"@type\":\"WebPage\",\"@id\":\"https:\/\/now-news.de\/de\/deutschland\/neue-faeser-plaene-familiennachzug-fuer-migranten-im-moment-dabei-kein-thema\/\",\"url\":\"https:\/\/now-news.de\/de\/deutschland\/neue-faeser-plaene-familiennachzug-fuer-migranten-im-moment-dabei-kein-thema\/\",\"name\":\"Neue Faeser-Pl\u00e4ne: Familiennachzug f\u00fcr Migranten &quot;im Moment&quot; dabei kein Thema - just-now.NEWS Deutschland\",\"isPartOf\":{\"@id\":\"https:\/\/now-news.de\/de\/#website\"},\"primaryImageOfPage\":{\"@id\":\"https:\/\/now-news.de\/de\/deutschland\/neue-faeser-plaene-familiennachzug-fuer-migranten-im-moment-dabei-kein-thema\/#primaryimage\"},\"image\":{\"@id\":\"https:\/\/now-news.de\/de\/deutschland\/neue-faeser-plaene-familiennachzug-fuer-migranten-im-moment-dabei-kein-thema\/#primaryimage\"},\"thumbnailUrl\":\"https:\/\/now-news.de\/de\/wp-content\/uploads\/sites\/3\/2023\/09\/Neue-Faeser-Plaene-Familiennachzug-fuer-Migranten-quotim-Momentquot-dabei-kein-Thema.JPG\",\"datePublished\":\"2023-09-22T14:15:01+00:00\",\"dateModified\":\"2023-09-22T14:15:01+00:00\",\"breadcrumb\":{\"@id\":\"https:\/\/now-news.de\/de\/deutschland\/neue-faeser-plaene-familiennachzug-fuer-migranten-im-moment-dabei-kein-thema\/#breadcrumb\"},\"inLanguage\":\"de\",\"potentialAction\":[{\"@type\":\"ReadAction\",\"target\":[\"https:\/\/now-news.de\/de\/deutschland\/neue-faeser-plaene-familiennachzug-fuer-migranten-im-moment-dabei-kein-thema\/\"]}]},{\"@type\":\"ImageObject\",\"inLanguage\":\"de\",\"@id\":\"https:\/\/now-news.de\/de\/deutschland\/neue-faeser-plaene-familiennachzug-fuer-migranten-im-moment-dabei-kein-thema\/#primaryimage\",\"url\":\"https:\/\/now-news.de\/de\/wp-content\/uploads\/sites\/3\/2023\/09\/Neue-Faeser-Plaene-Familiennachzug-fuer-Migranten-quotim-Momentquot-dabei-kein-Thema.JPG\",\"contentUrl\":\"https:\/\/now-news.de\/de\/wp-content\/uploads\/sites\/3\/2023\/09\/Neue-Faeser-Plaene-Familiennachzug-fuer-Migranten-quotim-Momentquot-dabei-kein-Thema.JPG\",\"width\":460,\"height\":259,\"caption\":\"Neue Faeser-Pl\u00e4ne: Familiennachzug f\u00fcr Migranten &quot;im Moment&quot; dabei kein Thema\"},{\"@type\":\"BreadcrumbList\",\"@id\":\"https:\/\/now-news.de\/de\/deutschland\/neue-faeser-plaene-familiennachzug-fuer-migranten-im-moment-dabei-kein-thema\/#breadcrumb\",\"itemListElement\":[{\"@type\":\"ListItem\",\"position\":1,\"name\":\"Home\",\"item\":\"https:\/\/now-news.de\/de\/\"},{\"@type\":\"ListItem\",\"position\":2,\"name\":\"Neue Faeser-Pl\u00e4ne: Familiennachzug f\u00fcr Migranten &quot;im Moment&quot; dabei kein Thema\"}]},{\"@type\":\"WebSite\",\"@id\":\"https:\/\/now-news.de\/de\/#website\",\"url\":\"https:\/\/now-news.de\/de\/\",\"name\":\"just-now.NEWS Deutschland\",\"description\":\"Das Portal f\u00fcr unzensierte Nachrichten aus der Welt\",\"publisher\":{\"@id\":\"https:\/\/now-news.de\/de\/#organization\"},\"potentialAction\":[{\"@type\":\"SearchAction\",\"target\":{\"@type\":\"EntryPoint\",\"urlTemplate\":\"https:\/\/now-news.de\/de\/?s={search_term_string}\"},\"query-input\":\"required name=search_term_string\"}],\"inLanguage\":\"de\"},{\"@type\":\"Organization\",\"@id\":\"https:\/\/now-news.de\/de\/#organization\",\"name\":\"Just Now News\",\"url\":\"https:\/\/now-news.de\/de\/\",\"logo\":{\"@type\":\"ImageObject\",\"inLanguage\":\"de\",\"@id\":\"https:\/\/now-news.de\/de\/#\/schema\/logo\/image\/\",\"url\":\"http:\/\/just-now.news\/de\/wp-content\/uploads\/sites\/3\/2022\/04\/logo500x500.jpg\",\"contentUrl\":\"http:\/\/just-now.news\/de\/wp-content\/uploads\/sites\/3\/2022\/04\/logo500x500.jpg\",\"width\":500,\"height\":500,\"caption\":\"Just Now News\"},\"image\":{\"@id\":\"https:\/\/now-news.de\/de\/#\/schema\/logo\/image\/\"},\"sameAs\":[\"https:\/\/www.facebook.com\/wirmachenauf\",\"https:\/\/x.com\/WirMachenAuf_de\"]},{\"@type\":\"Person\",\"@id\":\"https:\/\/now-news.de\/de\/#\/schema\/person\/fb534a4e865501d8b3285208df34a9b5\",\"name\":\"rtnews\",\"image\":{\"@type\":\"ImageObject\",\"inLanguage\":\"de\",\"@id\":\"https:\/\/now-news.de\/de\/#\/schema\/person\/image\/\",\"url\":\"https:\/\/secure.gravatar.com\/avatar\/82aafea7d8127119dd649515f56e2117?s=96&d=mm&r=g\",\"contentUrl\":\"https:\/\/secure.gravatar.com\/avatar\/82aafea7d8127119dd649515f56e2117?s=96&d=mm&r=g\",\"caption\":\"rtnews\"},\"url\":\"https:\/\/now-news.de\/de\/author\/rnews\/\"}]}<\/script>\n<!-- \/ Yoast SEO Premium plugin. -->","yoast_head_json":{"title":"Neue Faeser-Pl\u00e4ne: Familiennachzug f\u00fcr Migranten &quot;im Moment&quot; dabei kein Thema - just-now.NEWS Deutschland","robots":{"index":"index","follow":"follow","max-snippet":"max-snippet:-1","max-image-preview":"max-image-preview:large","max-video-preview":"max-video-preview:-1"},"canonical":"https:\/\/now-news.de\/de\/deutschland\/neue-faeser-plaene-familiennachzug-fuer-migranten-im-moment-dabei-kein-thema\/","og_locale":"de_DE","og_type":"article","og_title":"Neue Faeser-Pl\u00e4ne: Familiennachzug f\u00fcr Migranten &quot;im Moment&quot; dabei kein Thema","og_description":"Das Thema fortschreitender Asylzahlen in Deutschland besch\u00e4ftigt seit Tagen die Politik, Medien und besorgte B\u00fcrger. Die Zeitung &#8220;Welt&#8221; zitiert Pl\u00e4ne eines Gesetzesentwurfes zum Thema \u00c4nderungen der deutschen Asyl- und Migrationspolitik. Innenministerin Faeser dementierte im Bundestag diesbez\u00fcglich zitierte Inhalte. Der gesamtgesellschaftliche Ton bez\u00fcglich aktueller Asylzahlen und damit verbundener Probleme der Bew\u00e4ltigung versch\u00e4rft sich zusehends. Politiker ann\u00e4hernd [&hellip;]","og_url":"https:\/\/now-news.de\/de\/deutschland\/neue-faeser-plaene-familiennachzug-fuer-migranten-im-moment-dabei-kein-thema\/","og_site_name":"just-now.NEWS Deutschland","article_publisher":"https:\/\/www.facebook.com\/wirmachenauf","article_published_time":"2023-09-22T14:15:01+00:00","og_image":[{"width":460,"height":259,"url":"https:\/\/now-news.de\/de\/wp-content\/uploads\/sites\/3\/2023\/09\/Neue-Faeser-Plaene-Familiennachzug-fuer-Migranten-quotim-Momentquot-dabei-kein-Thema.JPG","type":"image\/jpeg"}],"author":"rtnews","twitter_card":"summary_large_image","twitter_creator":"@WirMachenAuf_de","twitter_site":"@WirMachenAuf_de","twitter_misc":{"Verfasst von":"rtnews","Gesch\u00e4tzte Lesezeit":"3\u00a0Minuten"},"schema":{"@context":"https:\/\/schema.org","@graph":[{"@type":"Article","@id":"https:\/\/now-news.de\/de\/deutschland\/neue-faeser-plaene-familiennachzug-fuer-migranten-im-moment-dabei-kein-thema\/#article","isPartOf":{"@id":"https:\/\/now-news.de\/de\/deutschland\/neue-faeser-plaene-familiennachzug-fuer-migranten-im-moment-dabei-kein-thema\/"},"author":{"name":"rtnews","@id":"https:\/\/now-news.de\/de\/#\/schema\/person\/fb534a4e865501d8b3285208df34a9b5"},"headline":"Neue Faeser-Pl\u00e4ne: Familiennachzug f\u00fcr Migranten &quot;im Moment&quot; dabei kein Thema","datePublished":"2023-09-22T14:15:01+00:00","dateModified":"2023-09-22T14:15:01+00:00","mainEntityOfPage":{"@id":"https:\/\/now-news.de\/de\/deutschland\/neue-faeser-plaene-familiennachzug-fuer-migranten-im-moment-dabei-kein-thema\/"},"wordCount":670,"commentCount":0,"publisher":{"@id":"https:\/\/now-news.de\/de\/#organization"},"image":{"@id":"https:\/\/now-news.de\/de\/deutschland\/neue-faeser-plaene-familiennachzug-fuer-migranten-im-moment-dabei-kein-thema\/#primaryimage"},"thumbnailUrl":"https:\/\/now-news.de\/de\/wp-content\/uploads\/sites\/3\/2023\/09\/Neue-Faeser-Plaene-Familiennachzug-fuer-Migranten-quotim-Momentquot-dabei-kein-Thema.JPG","keywords":["dabei","FaeserPl\u00e4ne","Familiennachzug","f\u00fcr","Kein","Migranten","Momentquot","NEUE","quotIm","Thema"],"articleSection":["Deutschland","Russland"],"inLanguage":"de","potentialAction":[{"@type":"CommentAction","name":"Comment","target":["https:\/\/now-news.de\/de\/deutschland\/neue-faeser-plaene-familiennachzug-fuer-migranten-im-moment-dabei-kein-thema\/#respond"]}]},{"@type":"WebPage","@id":"https:\/\/now-news.de\/de\/deutschland\/neue-faeser-plaene-familiennachzug-fuer-migranten-im-moment-dabei-kein-thema\/","url":"https:\/\/now-news.de\/de\/deutschland\/neue-faeser-plaene-familiennachzug-fuer-migranten-im-moment-dabei-kein-thema\/","name":"Neue Faeser-Pl\u00e4ne: Familiennachzug f\u00fcr Migranten &quot;im Moment&quot; dabei kein Thema - just-now.NEWS Deutschland","isPartOf":{"@id":"https:\/\/now-news.de\/de\/#website"},"primaryImageOfPage":{"@id":"https:\/\/now-news.de\/de\/deutschland\/neue-faeser-plaene-familiennachzug-fuer-migranten-im-moment-dabei-kein-thema\/#primaryimage"},"image":{"@id":"https:\/\/now-news.de\/de\/deutschland\/neue-faeser-plaene-familiennachzug-fuer-migranten-im-moment-dabei-kein-thema\/#primaryimage"},"thumbnailUrl":"https:\/\/now-news.de\/de\/wp-content\/uploads\/sites\/3\/2023\/09\/Neue-Faeser-Plaene-Familiennachzug-fuer-Migranten-quotim-Momentquot-dabei-kein-Thema.JPG","datePublished":"2023-09-22T14:15:01+00:00","dateModified":"2023-09-22T14:15:01+00:00","breadcrumb":{"@id":"https:\/\/now-news.de\/de\/deutschland\/neue-faeser-plaene-familiennachzug-fuer-migranten-im-moment-dabei-kein-thema\/#breadcrumb"},"inLanguage":"de","potentialAction":[{"@type":"ReadAction","target":["https:\/\/now-news.de\/de\/deutschland\/neue-faeser-plaene-familiennachzug-fuer-migranten-im-moment-dabei-kein-thema\/"]}]},{"@type":"ImageObject","inLanguage":"de","@id":"https:\/\/now-news.de\/de\/deutschland\/neue-faeser-plaene-familiennachzug-fuer-migranten-im-moment-dabei-kein-thema\/#primaryimage","url":"https:\/\/now-news.de\/de\/wp-content\/uploads\/sites\/3\/2023\/09\/Neue-Faeser-Plaene-Familiennachzug-fuer-Migranten-quotim-Momentquot-dabei-kein-Thema.JPG","contentUrl":"https:\/\/now-news.de\/de\/wp-content\/uploads\/sites\/3\/2023\/09\/Neue-Faeser-Plaene-Familiennachzug-fuer-Migranten-quotim-Momentquot-dabei-kein-Thema.JPG","width":460,"height":259,"caption":"Neue Faeser-Pl\u00e4ne: Familiennachzug f\u00fcr Migranten &quot;im Moment&quot; dabei kein Thema"},{"@type":"BreadcrumbList","@id":"https:\/\/now-news.de\/de\/deutschland\/neue-faeser-plaene-familiennachzug-fuer-migranten-im-moment-dabei-kein-thema\/#breadcrumb","itemListElement":[{"@type":"ListItem","position":1,"name":"Home","item":"https:\/\/now-news.de\/de\/"},{"@type":"ListItem","position":2,"name":"Neue Faeser-Pl\u00e4ne: Familiennachzug f\u00fcr Migranten &quot;im Moment&quot; dabei kein Thema"}]},{"@type":"WebSite","@id":"https:\/\/now-news.de\/de\/#website","url":"https:\/\/now-news.de\/de\/","name":"just-now.NEWS Deutschland","description":"Das Portal f\u00fcr unzensierte Nachrichten aus der Welt","publisher":{"@id":"https:\/\/now-news.de\/de\/#organization"},"potentialAction":[{"@type":"SearchAction","target":{"@type":"EntryPoint","urlTemplate":"https:\/\/now-news.de\/de\/?s={search_term_string}"},"query-input":"required name=search_term_string"}],"inLanguage":"de"},{"@type":"Organization","@id":"https:\/\/now-news.de\/de\/#organization","name":"Just Now News","url":"https:\/\/now-news.de\/de\/","logo":{"@type":"ImageObject","inLanguage":"de","@id":"https:\/\/now-news.de\/de\/#\/schema\/logo\/image\/","url":"http:\/\/just-now.news\/de\/wp-content\/uploads\/sites\/3\/2022\/04\/logo500x500.jpg","contentUrl":"http:\/\/just-now.news\/de\/wp-content\/uploads\/sites\/3\/2022\/04\/logo500x500.jpg","width":500,"height":500,"caption":"Just Now News"},"image":{"@id":"https:\/\/now-news.de\/de\/#\/schema\/logo\/image\/"},"sameAs":["https:\/\/www.facebook.com\/wirmachenauf","https:\/\/x.com\/WirMachenAuf_de"]},{"@type":"Person","@id":"https:\/\/now-news.de\/de\/#\/schema\/person\/fb534a4e865501d8b3285208df34a9b5","name":"rtnews","image":{"@type":"ImageObject","inLanguage":"de","@id":"https:\/\/now-news.de\/de\/#\/schema\/person\/image\/","url":"https:\/\/secure.gravatar.com\/avatar\/82aafea7d8127119dd649515f56e2117?s=96&d=mm&r=g","contentUrl":"https:\/\/secure.gravatar.com\/avatar\/82aafea7d8127119dd649515f56e2117?s=96&d=mm&r=g","caption":"rtnews"},"url":"https:\/\/now-news.de\/de\/author\/rnews\/"}]}},"_links":{"self":[{"href":"https:\/\/now-news.de\/de\/wp-json\/wp\/v2\/posts\/46827"}],"collection":[{"href":"https:\/\/now-news.de\/de\/wp-json\/wp\/v2\/posts"}],"about":[{"href":"https:\/\/now-news.de\/de\/wp-json\/wp\/v2\/types\/post"}],"author":[{"embeddable":true,"href":"https:\/\/now-news.de\/de\/wp-json\/wp\/v2\/users\/3"}],"replies":[{"embeddable":true,"href":"https:\/\/now-news.de\/de\/wp-json\/wp\/v2\/comments?post=46827"}],"version-history":[{"count":0,"href":"https:\/\/now-news.de\/de\/wp-json\/wp\/v2\/posts\/46827\/revisions"}],"wp:featuredmedia":[{"embeddable":true,"href":"https:\/\/now-news.de\/de\/wp-json\/wp\/v2\/media\/46828"}],"wp:attachment":[{"href":"https:\/\/now-news.de\/de\/wp-json\/wp\/v2\/media?parent=46827"}],"wp:term":[{"taxonomy":"category","embeddable":true,"href":"https:\/\/now-news.de\/de\/wp-json\/wp\/v2\/categories?post=46827"},{"taxonomy":"post_tag","embeddable":true,"href":"https:\/\/now-news.de\/de\/wp-json\/wp\/v2\/tags?post=46827"}],"curies":[{"name":"wp","href":"https:\/\/api.w.org\/{rel}","templated":true}]}}