{"id":46815,"date":"2023-09-22T13:59:37","date_gmt":"2023-09-22T11:59:37","guid":{"rendered":"https:\/\/just-now.news\/de\/deutschland\/treffen-mit-wall-street-groessen-selenskij-traeumt-bereits-von-wiederaufbaugeldern\/"},"modified":"2023-09-22T13:59:37","modified_gmt":"2023-09-22T11:59:37","slug":"treffen-mit-wall-street-groessen-selenskij-traeumt-bereits-von-wiederaufbaugeldern","status":"publish","type":"post","link":"https:\/\/now-news.de\/de\/deutschland\/treffen-mit-wall-street-groessen-selenskij-traeumt-bereits-von-wiederaufbaugeldern\/","title":{"rendered":"Treffen mit Wall-Street-Gr\u00f6\u00dfen: Selenskij tr\u00e4umt bereits von Wiederaufbaugeldern"},"content":{"rendered":"<p><img decoding=\"async\" src=\"http:\/\/just-now.news\/de\/wp-content\/uploads\/sites\/3\/2023\/09\/650d6d3148fbef6609085dfa.jpg\" \/><\/p>\n<div class=\"Text-root Text-type_1 \">\n                Obwohl der Krieg noch nicht zu Ende ist, spricht der ukrainische Pr\u00e4sident Wladimir Selenskij bereits jetzt \u00fcber die Nachkriegszeiten. Bei einem Treffen mit Wall-Street-Gr\u00f6\u00dfen in New York er\u00f6rterte er Investitionen in den Wiederaufbau, berichten westliche Medien.\n            <\/div>\n<p><\/p>\n<div class=\"Text-root Text-type_5 ArticleView-text ViewText-root \">\n<p>Im Rahmen seiner US-Reise hat sich der ukrainische Pr\u00e4sident in Manhattan mit Wall-Street-Prominenten getroffen. Diesmal sprach er aber nicht das traditionelle Thema der Waffenlieferung an, sondern m\u00f6gliche Wiederaufbaugelder f\u00fcr die Ukraine. Seine Visionen offenbarte Selenskij vor dem Hintergrund der bisher erfolglosen Gegenoffensive seiner Armee.<\/p>\n<p>Die Veranstaltung in der ukrainischen Vertretung bei den Vereinten Nationen in New York wurde von JPMorgan Chase organisiert und von mehreren US-Oligarchen und Vertretern der Ukraine besucht. Unter anderen nahmen der ehemalige Google-Chef Eric Schmidt, der Milliard\u00e4r Mike Bloomberg, der Besitzer der New England Patriots Robert Kraft, der Hedgefonds-Milliard\u00e4r Bill Ackman, der ehemalige US-Au\u00dfenminister Henry Kissinger und der Milliard\u00e4r Barry Sternlicht teil.<\/p>\n<p>Nach Angaben von US-Medien <a rel=\"nofollow noopener\" target=\"_blank\" href=\"https:\/\/edition.cnn.com\/2023\/09\/20\/business\/zelensky-wall-street-ukraine-discussion\/index.html\">soll<\/a>\u00a0das Treffen l\u00e4nger als erwartet gedauert haben, obwohl noch nicht klar ist, ob es zu festen Zusagen seitens der CEOs f\u00fchrte. Wiederum versprach Selenskij den m\u00f6glichen Anlegern vor allem Verdienstchancen in den Sektoren gr\u00fcne Energie, IT und in der Landwirtschaft.<\/p>\n<p>Washington und Br\u00fcssel hatten zuvor staatliche Mittel in Milliardenh\u00f6he zugesagt, um die Ukraine beim Wiederaufbau der kritischen Infrastruktur zu unterst\u00fctzen. Der Wiederaufbau der Ukraine werde &#8220;kolossale Investitionen erfordern und das gr\u00f6\u00dfte Projekt unserer Zeit&#8221; sein, so Selenskij im Juli 2022. Nach Sch\u00e4tzungen Kiews wird die Ukraine bis 2032 mehr als 750 Milliarden US-Dollar an Zusch\u00fcssen, Schulden und Anteilkapital ben\u00f6tigen; mehr als das Dreifache des Bedarfs der EU.<\/p>\n<p>Im Februar schickte JPMorgan eine Delegation nach Kiew, um Selenskij \u00fcber die M\u00f6glichkeiten zur Stabilisierung der geschw\u00e4chten ukrainischen Wirtschaft zu informieren und dem Land den Zugang zu dem f\u00fcr den Wiederaufbau erforderlichen Kapital zu erleichtern. Vertreter der ukrainischen Regierung unterzeichneten damals eine Absichtserkl\u00e4rung mit JPMorgan.<\/p>\n<p><strong>Mehr zum Thema<\/strong> &#8211; <a rel=\"nofollow noopener\" target=\"_blank\" href=\"https:\/\/freedert.online\/kurzclips\/video\/181479-vernichtung-donbass-bewohner-lawrow-nimmt\/\">&#8220;Vernichtung der Donbass-Bewohner&#8221; \u2013 Lawrow nimmt Selenskijs &#8220;Friedensformel&#8221; auseinander<\/a><\/p>\n<div class=\"EmbedBlock-root EmbedBlock-externalVideo EmbedBlock-odysee\">\n<div class=\"VkEmbed\"><iframe class=\"lazyload\" data-src=\"https:\/\/odysee.com\/%24\/embed\/%40RTDE%3Ae%2FSelenskijs-magische-UN-Rede--Er-spricht-und-sitzt-gleichzeitig-im-Publikum%3A1\" frameborder=\"0\" width=\"853\" height=\"480\" allowfullscreen><\/iframe><\/div>\n<\/div>\n<\/div>\n<p><br \/>\n<br \/><a href=\"https:\/\/de.rt.com\/international\/181537-selenskij-schwaermt-schon-von-wiederaufbau\/\">Source link <\/a><\/p>\n","protected":false},"excerpt":{"rendered":"<p>Obwohl der Krieg noch nicht zu Ende ist, spricht der ukrainische Pr\u00e4sident Wladimir Selenskij bereits jetzt \u00fcber die Nachkriegszeiten. Bei einem Treffen mit Wall-Street-Gr\u00f6\u00dfen in New York er\u00f6rterte er Investitionen in den Wiederaufbau, berichten westliche Medien. Im Rahmen seiner US-Reise hat sich der ukrainische Pr\u00e4sident in Manhattan mit Wall-Street-Prominenten getroffen. Diesmal sprach er aber nicht [&hellip;]<\/p>\n","protected":false},"author":3,"featured_media":46816,"comment_status":"open","ping_status":"open","sticky":false,"template":"","format":"standard","meta":{"_yoast_indexnow_last_ping":["1695384644"],"wp_automatic_camp":["217"],"51080d70d62a78075ac067d0f975837c":["Treffen mit Wall-Street-Gr\u00f6\u00dfen: Selenskij tr\u00e4umt bereits von Wiederaufbaugeldern"],"original_link":["https:\/\/de.rt.com\/international\/181537-selenskij-schwaermt-schon-von-wiederaufbau\/"],"_thumbnail_id":["46816"],"_wptgpro_p2tg_sent2tg":["a:1:{i:23737;s:19:\"2023-09-22 14:11:46\";}"],"jnews_social_counter_last_update":["1777799231"]},"categories":[19,23],"tags":[10014,419,6158,44808,354,50,49116,49117],"yoast_head":"<!-- This site is optimized with the Yoast SEO Premium plugin v22.7 (Yoast SEO v22.7) - https:\/\/yoast.com\/wordpress\/plugins\/seo\/ -->\n<title>Treffen mit Wall-Street-Gr\u00f6\u00dfen: Selenskij tr\u00e4umt bereits von Wiederaufbaugeldern - just-now.NEWS Deutschland<\/title>\n<meta name=\"robots\" content=\"index, follow, max-snippet:-1, max-image-preview:large, max-video-preview:-1\" \/>\n<link rel=\"canonical\" href=\"https:\/\/now-news.de\/de\/deutschland\/treffen-mit-wall-street-groessen-selenskij-traeumt-bereits-von-wiederaufbaugeldern\/\" \/>\n<meta property=\"og:locale\" content=\"de_DE\" \/>\n<meta property=\"og:type\" content=\"article\" \/>\n<meta property=\"og:title\" content=\"Treffen mit Wall-Street-Gr\u00f6\u00dfen: Selenskij tr\u00e4umt bereits von Wiederaufbaugeldern\" \/>\n<meta property=\"og:description\" content=\"Obwohl der Krieg noch nicht zu Ende ist, spricht der ukrainische Pr\u00e4sident Wladimir Selenskij bereits jetzt \u00fcber die Nachkriegszeiten. Bei einem Treffen mit Wall-Street-Gr\u00f6\u00dfen in New York er\u00f6rterte er Investitionen in den Wiederaufbau, berichten westliche Medien. Im Rahmen seiner US-Reise hat sich der ukrainische Pr\u00e4sident in Manhattan mit Wall-Street-Prominenten getroffen. Diesmal sprach er aber nicht [&hellip;]\" \/>\n<meta property=\"og:url\" content=\"https:\/\/now-news.de\/de\/deutschland\/treffen-mit-wall-street-groessen-selenskij-traeumt-bereits-von-wiederaufbaugeldern\/\" \/>\n<meta property=\"og:site_name\" content=\"just-now.NEWS Deutschland\" \/>\n<meta property=\"article:publisher\" content=\"https:\/\/www.facebook.com\/wirmachenauf\" \/>\n<meta property=\"article:published_time\" content=\"2023-09-22T11:59:37+00:00\" \/>\n<meta property=\"og:image\" content=\"https:\/\/now-news.de\/de\/wp-content\/uploads\/sites\/3\/2023\/09\/Treffen-mit-Wall-Street-Groessen-Selenskij-traeumt-bereits-von-Wiederaufbaugeldern.jpg\" \/>\n\t<meta property=\"og:image:width\" content=\"460\" \/>\n\t<meta property=\"og:image:height\" content=\"259\" \/>\n\t<meta property=\"og:image:type\" content=\"image\/jpeg\" \/>\n<meta name=\"author\" content=\"rtnews\" \/>\n<meta name=\"twitter:card\" content=\"summary_large_image\" \/>\n<meta name=\"twitter:creator\" content=\"@WirMachenAuf_de\" \/>\n<meta name=\"twitter:site\" content=\"@WirMachenAuf_de\" \/>\n<meta name=\"twitter:label1\" content=\"Verfasst von\" \/>\n\t<meta name=\"twitter:data1\" content=\"rtnews\" \/>\n\t<meta name=\"twitter:label2\" content=\"Gesch\u00e4tzte Lesezeit\" \/>\n\t<meta name=\"twitter:data2\" content=\"2\u00a0Minuten\" \/>\n<script type=\"application\/ld+json\" class=\"yoast-schema-graph\">{\"@context\":\"https:\/\/schema.org\",\"@graph\":[{\"@type\":\"Article\",\"@id\":\"https:\/\/now-news.de\/de\/deutschland\/treffen-mit-wall-street-groessen-selenskij-traeumt-bereits-von-wiederaufbaugeldern\/#article\",\"isPartOf\":{\"@id\":\"https:\/\/now-news.de\/de\/deutschland\/treffen-mit-wall-street-groessen-selenskij-traeumt-bereits-von-wiederaufbaugeldern\/\"},\"author\":{\"name\":\"rtnews\",\"@id\":\"https:\/\/now-news.de\/de\/#\/schema\/person\/fb534a4e865501d8b3285208df34a9b5\"},\"headline\":\"Treffen mit Wall-Street-Gr\u00f6\u00dfen: Selenskij tr\u00e4umt bereits von Wiederaufbaugeldern\",\"datePublished\":\"2023-09-22T11:59:37+00:00\",\"dateModified\":\"2023-09-22T11:59:37+00:00\",\"mainEntityOfPage\":{\"@id\":\"https:\/\/now-news.de\/de\/deutschland\/treffen-mit-wall-street-groessen-selenskij-traeumt-bereits-von-wiederaufbaugeldern\/\"},\"wordCount\":346,\"commentCount\":0,\"publisher\":{\"@id\":\"https:\/\/now-news.de\/de\/#organization\"},\"image\":{\"@id\":\"https:\/\/now-news.de\/de\/deutschland\/treffen-mit-wall-street-groessen-selenskij-traeumt-bereits-von-wiederaufbaugeldern\/#primaryimage\"},\"thumbnailUrl\":\"https:\/\/now-news.de\/de\/wp-content\/uploads\/sites\/3\/2023\/09\/Treffen-mit-Wall-Street-Groessen-Selenskij-traeumt-bereits-von-Wiederaufbaugeldern.jpg\",\"keywords\":[\"bereits\",\"mit\",\"Selenskij\",\"tr\u00e4umt\",\"Treffen\",\"von\",\"WallStreetGr\u00f6\u00dfen\",\"Wiederaufbaugeldern\"],\"articleSection\":[\"Deutschland\",\"Russland\"],\"inLanguage\":\"de\",\"potentialAction\":[{\"@type\":\"CommentAction\",\"name\":\"Comment\",\"target\":[\"https:\/\/now-news.de\/de\/deutschland\/treffen-mit-wall-street-groessen-selenskij-traeumt-bereits-von-wiederaufbaugeldern\/#respond\"]}]},{\"@type\":\"WebPage\",\"@id\":\"https:\/\/now-news.de\/de\/deutschland\/treffen-mit-wall-street-groessen-selenskij-traeumt-bereits-von-wiederaufbaugeldern\/\",\"url\":\"https:\/\/now-news.de\/de\/deutschland\/treffen-mit-wall-street-groessen-selenskij-traeumt-bereits-von-wiederaufbaugeldern\/\",\"name\":\"Treffen mit Wall-Street-Gr\u00f6\u00dfen: Selenskij tr\u00e4umt bereits von Wiederaufbaugeldern - just-now.NEWS Deutschland\",\"isPartOf\":{\"@id\":\"https:\/\/now-news.de\/de\/#website\"},\"primaryImageOfPage\":{\"@id\":\"https:\/\/now-news.de\/de\/deutschland\/treffen-mit-wall-street-groessen-selenskij-traeumt-bereits-von-wiederaufbaugeldern\/#primaryimage\"},\"image\":{\"@id\":\"https:\/\/now-news.de\/de\/deutschland\/treffen-mit-wall-street-groessen-selenskij-traeumt-bereits-von-wiederaufbaugeldern\/#primaryimage\"},\"thumbnailUrl\":\"https:\/\/now-news.de\/de\/wp-content\/uploads\/sites\/3\/2023\/09\/Treffen-mit-Wall-Street-Groessen-Selenskij-traeumt-bereits-von-Wiederaufbaugeldern.jpg\",\"datePublished\":\"2023-09-22T11:59:37+00:00\",\"dateModified\":\"2023-09-22T11:59:37+00:00\",\"breadcrumb\":{\"@id\":\"https:\/\/now-news.de\/de\/deutschland\/treffen-mit-wall-street-groessen-selenskij-traeumt-bereits-von-wiederaufbaugeldern\/#breadcrumb\"},\"inLanguage\":\"de\",\"potentialAction\":[{\"@type\":\"ReadAction\",\"target\":[\"https:\/\/now-news.de\/de\/deutschland\/treffen-mit-wall-street-groessen-selenskij-traeumt-bereits-von-wiederaufbaugeldern\/\"]}]},{\"@type\":\"ImageObject\",\"inLanguage\":\"de\",\"@id\":\"https:\/\/now-news.de\/de\/deutschland\/treffen-mit-wall-street-groessen-selenskij-traeumt-bereits-von-wiederaufbaugeldern\/#primaryimage\",\"url\":\"https:\/\/now-news.de\/de\/wp-content\/uploads\/sites\/3\/2023\/09\/Treffen-mit-Wall-Street-Groessen-Selenskij-traeumt-bereits-von-Wiederaufbaugeldern.jpg\",\"contentUrl\":\"https:\/\/now-news.de\/de\/wp-content\/uploads\/sites\/3\/2023\/09\/Treffen-mit-Wall-Street-Groessen-Selenskij-traeumt-bereits-von-Wiederaufbaugeldern.jpg\",\"width\":460,\"height\":259,\"caption\":\"Treffen mit Wall-Street-Gr\u00f6\u00dfen: Selenskij tr\u00e4umt bereits von Wiederaufbaugeldern\"},{\"@type\":\"BreadcrumbList\",\"@id\":\"https:\/\/now-news.de\/de\/deutschland\/treffen-mit-wall-street-groessen-selenskij-traeumt-bereits-von-wiederaufbaugeldern\/#breadcrumb\",\"itemListElement\":[{\"@type\":\"ListItem\",\"position\":1,\"name\":\"Home\",\"item\":\"https:\/\/now-news.de\/de\/\"},{\"@type\":\"ListItem\",\"position\":2,\"name\":\"Treffen mit Wall-Street-Gr\u00f6\u00dfen: Selenskij tr\u00e4umt bereits von Wiederaufbaugeldern\"}]},{\"@type\":\"WebSite\",\"@id\":\"https:\/\/now-news.de\/de\/#website\",\"url\":\"https:\/\/now-news.de\/de\/\",\"name\":\"just-now.NEWS Deutschland\",\"description\":\"Das Portal f\u00fcr unzensierte Nachrichten aus der Welt\",\"publisher\":{\"@id\":\"https:\/\/now-news.de\/de\/#organization\"},\"potentialAction\":[{\"@type\":\"SearchAction\",\"target\":{\"@type\":\"EntryPoint\",\"urlTemplate\":\"https:\/\/now-news.de\/de\/?s={search_term_string}\"},\"query-input\":\"required name=search_term_string\"}],\"inLanguage\":\"de\"},{\"@type\":\"Organization\",\"@id\":\"https:\/\/now-news.de\/de\/#organization\",\"name\":\"Just Now News\",\"url\":\"https:\/\/now-news.de\/de\/\",\"logo\":{\"@type\":\"ImageObject\",\"inLanguage\":\"de\",\"@id\":\"https:\/\/now-news.de\/de\/#\/schema\/logo\/image\/\",\"url\":\"http:\/\/just-now.news\/de\/wp-content\/uploads\/sites\/3\/2022\/04\/logo500x500.jpg\",\"contentUrl\":\"http:\/\/just-now.news\/de\/wp-content\/uploads\/sites\/3\/2022\/04\/logo500x500.jpg\",\"width\":500,\"height\":500,\"caption\":\"Just Now News\"},\"image\":{\"@id\":\"https:\/\/now-news.de\/de\/#\/schema\/logo\/image\/\"},\"sameAs\":[\"https:\/\/www.facebook.com\/wirmachenauf\",\"https:\/\/x.com\/WirMachenAuf_de\"]},{\"@type\":\"Person\",\"@id\":\"https:\/\/now-news.de\/de\/#\/schema\/person\/fb534a4e865501d8b3285208df34a9b5\",\"name\":\"rtnews\",\"image\":{\"@type\":\"ImageObject\",\"inLanguage\":\"de\",\"@id\":\"https:\/\/now-news.de\/de\/#\/schema\/person\/image\/\",\"url\":\"https:\/\/secure.gravatar.com\/avatar\/82aafea7d8127119dd649515f56e2117?s=96&d=mm&r=g\",\"contentUrl\":\"https:\/\/secure.gravatar.com\/avatar\/82aafea7d8127119dd649515f56e2117?s=96&d=mm&r=g\",\"caption\":\"rtnews\"},\"url\":\"https:\/\/now-news.de\/de\/author\/rnews\/\"}]}<\/script>\n<!-- \/ Yoast SEO Premium plugin. -->","yoast_head_json":{"title":"Treffen mit Wall-Street-Gr\u00f6\u00dfen: Selenskij tr\u00e4umt bereits von Wiederaufbaugeldern - just-now.NEWS Deutschland","robots":{"index":"index","follow":"follow","max-snippet":"max-snippet:-1","max-image-preview":"max-image-preview:large","max-video-preview":"max-video-preview:-1"},"canonical":"https:\/\/now-news.de\/de\/deutschland\/treffen-mit-wall-street-groessen-selenskij-traeumt-bereits-von-wiederaufbaugeldern\/","og_locale":"de_DE","og_type":"article","og_title":"Treffen mit Wall-Street-Gr\u00f6\u00dfen: Selenskij tr\u00e4umt bereits von Wiederaufbaugeldern","og_description":"Obwohl der Krieg noch nicht zu Ende ist, spricht der ukrainische Pr\u00e4sident Wladimir Selenskij bereits jetzt \u00fcber die Nachkriegszeiten. Bei einem Treffen mit Wall-Street-Gr\u00f6\u00dfen in New York er\u00f6rterte er Investitionen in den Wiederaufbau, berichten westliche Medien. Im Rahmen seiner US-Reise hat sich der ukrainische Pr\u00e4sident in Manhattan mit Wall-Street-Prominenten getroffen. Diesmal sprach er aber nicht [&hellip;]","og_url":"https:\/\/now-news.de\/de\/deutschland\/treffen-mit-wall-street-groessen-selenskij-traeumt-bereits-von-wiederaufbaugeldern\/","og_site_name":"just-now.NEWS Deutschland","article_publisher":"https:\/\/www.facebook.com\/wirmachenauf","article_published_time":"2023-09-22T11:59:37+00:00","og_image":[{"width":460,"height":259,"url":"https:\/\/now-news.de\/de\/wp-content\/uploads\/sites\/3\/2023\/09\/Treffen-mit-Wall-Street-Groessen-Selenskij-traeumt-bereits-von-Wiederaufbaugeldern.jpg","type":"image\/jpeg"}],"author":"rtnews","twitter_card":"summary_large_image","twitter_creator":"@WirMachenAuf_de","twitter_site":"@WirMachenAuf_de","twitter_misc":{"Verfasst von":"rtnews","Gesch\u00e4tzte Lesezeit":"2\u00a0Minuten"},"schema":{"@context":"https:\/\/schema.org","@graph":[{"@type":"Article","@id":"https:\/\/now-news.de\/de\/deutschland\/treffen-mit-wall-street-groessen-selenskij-traeumt-bereits-von-wiederaufbaugeldern\/#article","isPartOf":{"@id":"https:\/\/now-news.de\/de\/deutschland\/treffen-mit-wall-street-groessen-selenskij-traeumt-bereits-von-wiederaufbaugeldern\/"},"author":{"name":"rtnews","@id":"https:\/\/now-news.de\/de\/#\/schema\/person\/fb534a4e865501d8b3285208df34a9b5"},"headline":"Treffen mit Wall-Street-Gr\u00f6\u00dfen: Selenskij tr\u00e4umt bereits von Wiederaufbaugeldern","datePublished":"2023-09-22T11:59:37+00:00","dateModified":"2023-09-22T11:59:37+00:00","mainEntityOfPage":{"@id":"https:\/\/now-news.de\/de\/deutschland\/treffen-mit-wall-street-groessen-selenskij-traeumt-bereits-von-wiederaufbaugeldern\/"},"wordCount":346,"commentCount":0,"publisher":{"@id":"https:\/\/now-news.de\/de\/#organization"},"image":{"@id":"https:\/\/now-news.de\/de\/deutschland\/treffen-mit-wall-street-groessen-selenskij-traeumt-bereits-von-wiederaufbaugeldern\/#primaryimage"},"thumbnailUrl":"https:\/\/now-news.de\/de\/wp-content\/uploads\/sites\/3\/2023\/09\/Treffen-mit-Wall-Street-Groessen-Selenskij-traeumt-bereits-von-Wiederaufbaugeldern.jpg","keywords":["bereits","mit","Selenskij","tr\u00e4umt","Treffen","von","WallStreetGr\u00f6\u00dfen","Wiederaufbaugeldern"],"articleSection":["Deutschland","Russland"],"inLanguage":"de","potentialAction":[{"@type":"CommentAction","name":"Comment","target":["https:\/\/now-news.de\/de\/deutschland\/treffen-mit-wall-street-groessen-selenskij-traeumt-bereits-von-wiederaufbaugeldern\/#respond"]}]},{"@type":"WebPage","@id":"https:\/\/now-news.de\/de\/deutschland\/treffen-mit-wall-street-groessen-selenskij-traeumt-bereits-von-wiederaufbaugeldern\/","url":"https:\/\/now-news.de\/de\/deutschland\/treffen-mit-wall-street-groessen-selenskij-traeumt-bereits-von-wiederaufbaugeldern\/","name":"Treffen mit Wall-Street-Gr\u00f6\u00dfen: Selenskij tr\u00e4umt bereits von Wiederaufbaugeldern - just-now.NEWS Deutschland","isPartOf":{"@id":"https:\/\/now-news.de\/de\/#website"},"primaryImageOfPage":{"@id":"https:\/\/now-news.de\/de\/deutschland\/treffen-mit-wall-street-groessen-selenskij-traeumt-bereits-von-wiederaufbaugeldern\/#primaryimage"},"image":{"@id":"https:\/\/now-news.de\/de\/deutschland\/treffen-mit-wall-street-groessen-selenskij-traeumt-bereits-von-wiederaufbaugeldern\/#primaryimage"},"thumbnailUrl":"https:\/\/now-news.de\/de\/wp-content\/uploads\/sites\/3\/2023\/09\/Treffen-mit-Wall-Street-Groessen-Selenskij-traeumt-bereits-von-Wiederaufbaugeldern.jpg","datePublished":"2023-09-22T11:59:37+00:00","dateModified":"2023-09-22T11:59:37+00:00","breadcrumb":{"@id":"https:\/\/now-news.de\/de\/deutschland\/treffen-mit-wall-street-groessen-selenskij-traeumt-bereits-von-wiederaufbaugeldern\/#breadcrumb"},"inLanguage":"de","potentialAction":[{"@type":"ReadAction","target":["https:\/\/now-news.de\/de\/deutschland\/treffen-mit-wall-street-groessen-selenskij-traeumt-bereits-von-wiederaufbaugeldern\/"]}]},{"@type":"ImageObject","inLanguage":"de","@id":"https:\/\/now-news.de\/de\/deutschland\/treffen-mit-wall-street-groessen-selenskij-traeumt-bereits-von-wiederaufbaugeldern\/#primaryimage","url":"https:\/\/now-news.de\/de\/wp-content\/uploads\/sites\/3\/2023\/09\/Treffen-mit-Wall-Street-Groessen-Selenskij-traeumt-bereits-von-Wiederaufbaugeldern.jpg","contentUrl":"https:\/\/now-news.de\/de\/wp-content\/uploads\/sites\/3\/2023\/09\/Treffen-mit-Wall-Street-Groessen-Selenskij-traeumt-bereits-von-Wiederaufbaugeldern.jpg","width":460,"height":259,"caption":"Treffen mit Wall-Street-Gr\u00f6\u00dfen: Selenskij tr\u00e4umt bereits von Wiederaufbaugeldern"},{"@type":"BreadcrumbList","@id":"https:\/\/now-news.de\/de\/deutschland\/treffen-mit-wall-street-groessen-selenskij-traeumt-bereits-von-wiederaufbaugeldern\/#breadcrumb","itemListElement":[{"@type":"ListItem","position":1,"name":"Home","item":"https:\/\/now-news.de\/de\/"},{"@type":"ListItem","position":2,"name":"Treffen mit Wall-Street-Gr\u00f6\u00dfen: Selenskij tr\u00e4umt bereits von Wiederaufbaugeldern"}]},{"@type":"WebSite","@id":"https:\/\/now-news.de\/de\/#website","url":"https:\/\/now-news.de\/de\/","name":"just-now.NEWS Deutschland","description":"Das Portal f\u00fcr unzensierte Nachrichten aus der Welt","publisher":{"@id":"https:\/\/now-news.de\/de\/#organization"},"potentialAction":[{"@type":"SearchAction","target":{"@type":"EntryPoint","urlTemplate":"https:\/\/now-news.de\/de\/?s={search_term_string}"},"query-input":"required name=search_term_string"}],"inLanguage":"de"},{"@type":"Organization","@id":"https:\/\/now-news.de\/de\/#organization","name":"Just Now News","url":"https:\/\/now-news.de\/de\/","logo":{"@type":"ImageObject","inLanguage":"de","@id":"https:\/\/now-news.de\/de\/#\/schema\/logo\/image\/","url":"http:\/\/just-now.news\/de\/wp-content\/uploads\/sites\/3\/2022\/04\/logo500x500.jpg","contentUrl":"http:\/\/just-now.news\/de\/wp-content\/uploads\/sites\/3\/2022\/04\/logo500x500.jpg","width":500,"height":500,"caption":"Just Now News"},"image":{"@id":"https:\/\/now-news.de\/de\/#\/schema\/logo\/image\/"},"sameAs":["https:\/\/www.facebook.com\/wirmachenauf","https:\/\/x.com\/WirMachenAuf_de"]},{"@type":"Person","@id":"https:\/\/now-news.de\/de\/#\/schema\/person\/fb534a4e865501d8b3285208df34a9b5","name":"rtnews","image":{"@type":"ImageObject","inLanguage":"de","@id":"https:\/\/now-news.de\/de\/#\/schema\/person\/image\/","url":"https:\/\/secure.gravatar.com\/avatar\/82aafea7d8127119dd649515f56e2117?s=96&d=mm&r=g","contentUrl":"https:\/\/secure.gravatar.com\/avatar\/82aafea7d8127119dd649515f56e2117?s=96&d=mm&r=g","caption":"rtnews"},"url":"https:\/\/now-news.de\/de\/author\/rnews\/"}]}},"_links":{"self":[{"href":"https:\/\/now-news.de\/de\/wp-json\/wp\/v2\/posts\/46815"}],"collection":[{"href":"https:\/\/now-news.de\/de\/wp-json\/wp\/v2\/posts"}],"about":[{"href":"https:\/\/now-news.de\/de\/wp-json\/wp\/v2\/types\/post"}],"author":[{"embeddable":true,"href":"https:\/\/now-news.de\/de\/wp-json\/wp\/v2\/users\/3"}],"replies":[{"embeddable":true,"href":"https:\/\/now-news.de\/de\/wp-json\/wp\/v2\/comments?post=46815"}],"version-history":[{"count":0,"href":"https:\/\/now-news.de\/de\/wp-json\/wp\/v2\/posts\/46815\/revisions"}],"wp:featuredmedia":[{"embeddable":true,"href":"https:\/\/now-news.de\/de\/wp-json\/wp\/v2\/media\/46816"}],"wp:attachment":[{"href":"https:\/\/now-news.de\/de\/wp-json\/wp\/v2\/media?parent=46815"}],"wp:term":[{"taxonomy":"category","embeddable":true,"href":"https:\/\/now-news.de\/de\/wp-json\/wp\/v2\/categories?post=46815"},{"taxonomy":"post_tag","embeddable":true,"href":"https:\/\/now-news.de\/de\/wp-json\/wp\/v2\/tags?post=46815"}],"curies":[{"name":"wp","href":"https:\/\/api.w.org\/{rel}","templated":true}]}}