{"id":46811,"date":"2023-09-22T12:39:27","date_gmt":"2023-09-22T10:39:27","guid":{"rendered":"https:\/\/just-now.news\/de\/deutschland\/sacharowa-zu-von-der-leyen-russland-in-bezug-zur-bombe-von-hiroshima-zu-setzen-ist-abscheulich\/"},"modified":"2023-09-22T12:39:27","modified_gmt":"2023-09-22T10:39:27","slug":"sacharowa-zu-von-der-leyen-russland-in-bezug-zur-bombe-von-hiroshima-zu-setzen-ist-abscheulich","status":"publish","type":"post","link":"https:\/\/now-news.de\/de\/deutschland\/sacharowa-zu-von-der-leyen-russland-in-bezug-zur-bombe-von-hiroshima-zu-setzen-ist-abscheulich\/","title":{"rendered":"Sacharowa zu von der Leyen: Russland in Bezug zur Bombe von Hiroshima zu setzen, ist abscheulich"},"content":{"rendered":"<p><img decoding=\"async\" src=\"http:\/\/just-now.news\/de\/wp-content\/uploads\/sites\/3\/2023\/09\/650d607c48fbef64065c4fe1.jpg\" \/><\/p>\n<div class=\"Text-root Text-type_1 \">\n                Maria Sacharowa, die Sprecherin des russischen Au\u00dfenministeriums, ist emp\u00f6rt \u00fcber \u00c4u\u00dferungen der Chefin der EU-Kommission. Bei dem Treffen mit dem japanischen Premierminister hatte Ursula von der Leyen Russland implizierend des Bombenabwurfs auf Hiroshima bezichtigt.\n            <\/div>\n<p><\/p>\n<div class=\"Text-root Text-type_5 ArticleView-text ViewText-root \">\n<p>Ursula von der Leyen, die Chefin der Europ\u00e4ischen Kommission, l\u00fcgt, wenn sie Russland f\u00fcr die Bombardierung von Hiroshima verantwortlich macht, <a rel=\"nofollow noopener\" target=\"_blank\" href=\"https:\/\/t.me\/MariaVladimirovnaZakharova\/6314\">erkl\u00e4rt<\/a> die Sprecherin des russischen Au\u00dfenministeriums Maria Sacharowa auf Telegram.<strong><\/strong><\/p>\n<p>Sacharowa erinnert an die Rede, die von der Leyen bei der Verleihung eines Preises des Atlantic Council an den japanischen Premierminister Fumio Kishida hielt. Die russische Diplomatin weist darauf hin, dass die Chefin der Europ\u00e4ischen Kommission in ihrer Rede Hiroshima erw\u00e4hnte, wo der japanische Premierminister zur Welt kam.<\/p>\n<p>Von der Leyen erinnerte in ihrer Rede daran, dass sie w\u00e4hrend des G7-Gipfels im Mai 2023 Hiroshima besucht hatte. An Kishida gewandt, sagte die Chefin der Europ\u00e4ischen Kommission:<\/p>\n<blockquote>\n<p><em>&#8220;Sie sind mit den Geschichten der \u00dcberlebenden aufgewachsen und wollten, dass wir die gleichen Geschichten h\u00f6ren, uns der Vergangenheit stellen und etwas \u00fcber die Zukunft lernen &#8230; wenn Russland mit dem erneuten Einsatz von Atomwaffen droht. Es ist abscheulich, es ist gef\u00e4hrlich, und im Schatten von Hiroshima ist es unverzeihlich.&#8221;<\/em><\/p>\n<\/blockquote>\n<p>Als Antwort darauf schreibt Sacharowa:<\/p>\n<blockquote>\n<p><em>&#8220;Was abscheulich und gef\u00e4hrlich ist, ist die Art und Weise, wie Ursula von der Leyen l\u00fcgt.&#8221;<\/em><\/p>\n<\/blockquote>\n<p>Am 6. und 9. August 1945 bombardierten die US-Streitkr\u00e4fte die japanischen St\u00e4dte Hiroshima und Nagasaki. Hierbei kamen rund 100.000 Menschen sofort zu Tode. F\u00fcnf Jahre sp\u00e4ter \u00fcberstieg die Gesamtzahl der Todesopfer aufgrund der Auswirkungen der radioaktiven Verseuchung 280.000.<\/p>\n<p><strong>Mehr zum Thema<\/strong> &#8211; <a rel=\"nofollow noopener\" target=\"_blank\" href=\"https:\/\/freedert.online\/kurzclips\/video\/177220-japan-gedenken-zum-78-jahrestag\/\">Japan: Gedenken zum 78. Jahrestag des Atombombenabwurfs auf Hiroshima<\/a><\/p>\n<\/div>\n<p><br \/>\n<br \/><a href=\"https:\/\/de.rt.com\/international\/181528-sacharowa-beschuldigt-von-leyen-luege\/\">Source link <\/a><\/p>\n","protected":false},"excerpt":{"rendered":"<p>Maria Sacharowa, die Sprecherin des russischen Au\u00dfenministeriums, ist emp\u00f6rt \u00fcber \u00c4u\u00dferungen der Chefin der EU-Kommission. Bei dem Treffen mit dem japanischen Premierminister hatte Ursula von der Leyen Russland implizierend des Bombenabwurfs auf Hiroshima bezichtigt. Ursula von der Leyen, die Chefin der Europ\u00e4ischen Kommission, l\u00fcgt, wenn sie Russland f\u00fcr die Bombardierung von Hiroshima verantwortlich macht, erkl\u00e4rt [&hellip;]<\/p>\n","protected":false},"author":3,"featured_media":46812,"comment_status":"open","ping_status":"open","sticky":false,"template":"","format":"standard","meta":{"_yoast_indexnow_last_ping":["1695379846"],"wp_automatic_camp":["217"],"65a2718b2407d765052136268dc64f68":["Sacharowa zu von der Leyen: Russland in Bezug zur Bombe von Hiroshima zu setzen, ist abscheulich"],"original_link":["https:\/\/de.rt.com\/international\/181528-sacharowa-beschuldigt-von-leyen-luege\/"],"_thumbnail_id":["46812"],"_wptgpro_p2tg_sent2tg":["a:1:{i:23737;s:19:\"2023-09-22 12:51:46\";}"],"jnews_social_counter_last_update":["1777176706"]},"categories":[19,23],"tags":[49112,742,10746,82,44464,414,368,126,942,19207,50,581],"yoast_head":"<!-- This site is optimized with the Yoast SEO Premium plugin v22.7 (Yoast SEO v22.7) - https:\/\/yoast.com\/wordpress\/plugins\/seo\/ -->\n<title>Sacharowa zu von der Leyen: Russland in Bezug zur Bombe von Hiroshima zu setzen, ist abscheulich - just-now.NEWS Deutschland<\/title>\n<meta name=\"robots\" content=\"index, follow, max-snippet:-1, max-image-preview:large, max-video-preview:-1\" \/>\n<link rel=\"canonical\" href=\"https:\/\/now-news.de\/de\/deutschland\/sacharowa-zu-von-der-leyen-russland-in-bezug-zur-bombe-von-hiroshima-zu-setzen-ist-abscheulich\/\" \/>\n<meta property=\"og:locale\" content=\"de_DE\" \/>\n<meta property=\"og:type\" content=\"article\" \/>\n<meta property=\"og:title\" content=\"Sacharowa zu von der Leyen: Russland in Bezug zur Bombe von Hiroshima zu setzen, ist abscheulich\" \/>\n<meta property=\"og:description\" content=\"Maria Sacharowa, die Sprecherin des russischen Au\u00dfenministeriums, ist emp\u00f6rt \u00fcber \u00c4u\u00dferungen der Chefin der EU-Kommission. Bei dem Treffen mit dem japanischen Premierminister hatte Ursula von der Leyen Russland implizierend des Bombenabwurfs auf Hiroshima bezichtigt. Ursula von der Leyen, die Chefin der Europ\u00e4ischen Kommission, l\u00fcgt, wenn sie Russland f\u00fcr die Bombardierung von Hiroshima verantwortlich macht, erkl\u00e4rt [&hellip;]\" \/>\n<meta property=\"og:url\" content=\"https:\/\/now-news.de\/de\/deutschland\/sacharowa-zu-von-der-leyen-russland-in-bezug-zur-bombe-von-hiroshima-zu-setzen-ist-abscheulich\/\" \/>\n<meta property=\"og:site_name\" content=\"just-now.NEWS Deutschland\" \/>\n<meta property=\"article:publisher\" content=\"https:\/\/www.facebook.com\/wirmachenauf\" \/>\n<meta property=\"article:published_time\" content=\"2023-09-22T10:39:27+00:00\" \/>\n<meta property=\"og:image\" content=\"https:\/\/now-news.de\/de\/wp-content\/uploads\/sites\/3\/2023\/09\/Sacharowa-zu-von-der-Leyen-Russland-in-Bezug-zur-Bombe.jpg\" \/>\n\t<meta property=\"og:image:width\" content=\"460\" \/>\n\t<meta property=\"og:image:height\" content=\"259\" \/>\n\t<meta property=\"og:image:type\" content=\"image\/jpeg\" \/>\n<meta name=\"author\" content=\"rtnews\" \/>\n<meta name=\"twitter:card\" content=\"summary_large_image\" \/>\n<meta name=\"twitter:creator\" content=\"@WirMachenAuf_de\" \/>\n<meta name=\"twitter:site\" content=\"@WirMachenAuf_de\" \/>\n<meta name=\"twitter:label1\" content=\"Verfasst von\" \/>\n\t<meta name=\"twitter:data1\" content=\"rtnews\" \/>\n\t<meta name=\"twitter:label2\" content=\"Gesch\u00e4tzte Lesezeit\" \/>\n\t<meta name=\"twitter:data2\" content=\"1\u00a0Minute\" \/>\n<script type=\"application\/ld+json\" class=\"yoast-schema-graph\">{\"@context\":\"https:\/\/schema.org\",\"@graph\":[{\"@type\":\"Article\",\"@id\":\"https:\/\/now-news.de\/de\/deutschland\/sacharowa-zu-von-der-leyen-russland-in-bezug-zur-bombe-von-hiroshima-zu-setzen-ist-abscheulich\/#article\",\"isPartOf\":{\"@id\":\"https:\/\/now-news.de\/de\/deutschland\/sacharowa-zu-von-der-leyen-russland-in-bezug-zur-bombe-von-hiroshima-zu-setzen-ist-abscheulich\/\"},\"author\":{\"name\":\"rtnews\",\"@id\":\"https:\/\/now-news.de\/de\/#\/schema\/person\/fb534a4e865501d8b3285208df34a9b5\"},\"headline\":\"Sacharowa zu von der Leyen: Russland in Bezug zur Bombe von Hiroshima zu setzen, ist abscheulich\",\"datePublished\":\"2023-09-22T10:39:27+00:00\",\"dateModified\":\"2023-09-22T10:39:27+00:00\",\"mainEntityOfPage\":{\"@id\":\"https:\/\/now-news.de\/de\/deutschland\/sacharowa-zu-von-der-leyen-russland-in-bezug-zur-bombe-von-hiroshima-zu-setzen-ist-abscheulich\/\"},\"wordCount\":294,\"commentCount\":0,\"publisher\":{\"@id\":\"https:\/\/now-news.de\/de\/#organization\"},\"image\":{\"@id\":\"https:\/\/now-news.de\/de\/deutschland\/sacharowa-zu-von-der-leyen-russland-in-bezug-zur-bombe-von-hiroshima-zu-setzen-ist-abscheulich\/#primaryimage\"},\"thumbnailUrl\":\"https:\/\/now-news.de\/de\/wp-content\/uploads\/sites\/3\/2023\/09\/Sacharowa-zu-von-der-Leyen-Russland-in-Bezug-zur-Bombe.jpg\",\"keywords\":[\"abscheulich\",\"Bezug\",\"Bombe\",\"der\",\"Hiroshima\",\"ist\",\"Leyen\",\"russland\",\"Sacharowa\",\"setzen\",\"von\",\"zur\"],\"articleSection\":[\"Deutschland\",\"Russland\"],\"inLanguage\":\"de\",\"potentialAction\":[{\"@type\":\"CommentAction\",\"name\":\"Comment\",\"target\":[\"https:\/\/now-news.de\/de\/deutschland\/sacharowa-zu-von-der-leyen-russland-in-bezug-zur-bombe-von-hiroshima-zu-setzen-ist-abscheulich\/#respond\"]}]},{\"@type\":\"WebPage\",\"@id\":\"https:\/\/now-news.de\/de\/deutschland\/sacharowa-zu-von-der-leyen-russland-in-bezug-zur-bombe-von-hiroshima-zu-setzen-ist-abscheulich\/\",\"url\":\"https:\/\/now-news.de\/de\/deutschland\/sacharowa-zu-von-der-leyen-russland-in-bezug-zur-bombe-von-hiroshima-zu-setzen-ist-abscheulich\/\",\"name\":\"Sacharowa zu von der Leyen: Russland in Bezug zur Bombe von Hiroshima zu setzen, ist abscheulich - just-now.NEWS Deutschland\",\"isPartOf\":{\"@id\":\"https:\/\/now-news.de\/de\/#website\"},\"primaryImageOfPage\":{\"@id\":\"https:\/\/now-news.de\/de\/deutschland\/sacharowa-zu-von-der-leyen-russland-in-bezug-zur-bombe-von-hiroshima-zu-setzen-ist-abscheulich\/#primaryimage\"},\"image\":{\"@id\":\"https:\/\/now-news.de\/de\/deutschland\/sacharowa-zu-von-der-leyen-russland-in-bezug-zur-bombe-von-hiroshima-zu-setzen-ist-abscheulich\/#primaryimage\"},\"thumbnailUrl\":\"https:\/\/now-news.de\/de\/wp-content\/uploads\/sites\/3\/2023\/09\/Sacharowa-zu-von-der-Leyen-Russland-in-Bezug-zur-Bombe.jpg\",\"datePublished\":\"2023-09-22T10:39:27+00:00\",\"dateModified\":\"2023-09-22T10:39:27+00:00\",\"breadcrumb\":{\"@id\":\"https:\/\/now-news.de\/de\/deutschland\/sacharowa-zu-von-der-leyen-russland-in-bezug-zur-bombe-von-hiroshima-zu-setzen-ist-abscheulich\/#breadcrumb\"},\"inLanguage\":\"de\",\"potentialAction\":[{\"@type\":\"ReadAction\",\"target\":[\"https:\/\/now-news.de\/de\/deutschland\/sacharowa-zu-von-der-leyen-russland-in-bezug-zur-bombe-von-hiroshima-zu-setzen-ist-abscheulich\/\"]}]},{\"@type\":\"ImageObject\",\"inLanguage\":\"de\",\"@id\":\"https:\/\/now-news.de\/de\/deutschland\/sacharowa-zu-von-der-leyen-russland-in-bezug-zur-bombe-von-hiroshima-zu-setzen-ist-abscheulich\/#primaryimage\",\"url\":\"https:\/\/now-news.de\/de\/wp-content\/uploads\/sites\/3\/2023\/09\/Sacharowa-zu-von-der-Leyen-Russland-in-Bezug-zur-Bombe.jpg\",\"contentUrl\":\"https:\/\/now-news.de\/de\/wp-content\/uploads\/sites\/3\/2023\/09\/Sacharowa-zu-von-der-Leyen-Russland-in-Bezug-zur-Bombe.jpg\",\"width\":460,\"height\":259,\"caption\":\"Sacharowa zu von der Leyen: Russland in Bezug zur Bombe von Hiroshima zu setzen, ist abscheulich\"},{\"@type\":\"BreadcrumbList\",\"@id\":\"https:\/\/now-news.de\/de\/deutschland\/sacharowa-zu-von-der-leyen-russland-in-bezug-zur-bombe-von-hiroshima-zu-setzen-ist-abscheulich\/#breadcrumb\",\"itemListElement\":[{\"@type\":\"ListItem\",\"position\":1,\"name\":\"Home\",\"item\":\"https:\/\/now-news.de\/de\/\"},{\"@type\":\"ListItem\",\"position\":2,\"name\":\"Sacharowa zu von der Leyen: Russland in Bezug zur Bombe von Hiroshima zu setzen, ist abscheulich\"}]},{\"@type\":\"WebSite\",\"@id\":\"https:\/\/now-news.de\/de\/#website\",\"url\":\"https:\/\/now-news.de\/de\/\",\"name\":\"just-now.NEWS Deutschland\",\"description\":\"Das Portal f\u00fcr unzensierte Nachrichten aus der Welt\",\"publisher\":{\"@id\":\"https:\/\/now-news.de\/de\/#organization\"},\"potentialAction\":[{\"@type\":\"SearchAction\",\"target\":{\"@type\":\"EntryPoint\",\"urlTemplate\":\"https:\/\/now-news.de\/de\/?s={search_term_string}\"},\"query-input\":\"required name=search_term_string\"}],\"inLanguage\":\"de\"},{\"@type\":\"Organization\",\"@id\":\"https:\/\/now-news.de\/de\/#organization\",\"name\":\"Just Now News\",\"url\":\"https:\/\/now-news.de\/de\/\",\"logo\":{\"@type\":\"ImageObject\",\"inLanguage\":\"de\",\"@id\":\"https:\/\/now-news.de\/de\/#\/schema\/logo\/image\/\",\"url\":\"http:\/\/just-now.news\/de\/wp-content\/uploads\/sites\/3\/2022\/04\/logo500x500.jpg\",\"contentUrl\":\"http:\/\/just-now.news\/de\/wp-content\/uploads\/sites\/3\/2022\/04\/logo500x500.jpg\",\"width\":500,\"height\":500,\"caption\":\"Just Now News\"},\"image\":{\"@id\":\"https:\/\/now-news.de\/de\/#\/schema\/logo\/image\/\"},\"sameAs\":[\"https:\/\/www.facebook.com\/wirmachenauf\",\"https:\/\/x.com\/WirMachenAuf_de\"]},{\"@type\":\"Person\",\"@id\":\"https:\/\/now-news.de\/de\/#\/schema\/person\/fb534a4e865501d8b3285208df34a9b5\",\"name\":\"rtnews\",\"image\":{\"@type\":\"ImageObject\",\"inLanguage\":\"de\",\"@id\":\"https:\/\/now-news.de\/de\/#\/schema\/person\/image\/\",\"url\":\"https:\/\/secure.gravatar.com\/avatar\/82aafea7d8127119dd649515f56e2117?s=96&d=mm&r=g\",\"contentUrl\":\"https:\/\/secure.gravatar.com\/avatar\/82aafea7d8127119dd649515f56e2117?s=96&d=mm&r=g\",\"caption\":\"rtnews\"},\"url\":\"https:\/\/now-news.de\/de\/author\/rnews\/\"}]}<\/script>\n<!-- \/ Yoast SEO Premium plugin. -->","yoast_head_json":{"title":"Sacharowa zu von der Leyen: Russland in Bezug zur Bombe von Hiroshima zu setzen, ist abscheulich - just-now.NEWS Deutschland","robots":{"index":"index","follow":"follow","max-snippet":"max-snippet:-1","max-image-preview":"max-image-preview:large","max-video-preview":"max-video-preview:-1"},"canonical":"https:\/\/now-news.de\/de\/deutschland\/sacharowa-zu-von-der-leyen-russland-in-bezug-zur-bombe-von-hiroshima-zu-setzen-ist-abscheulich\/","og_locale":"de_DE","og_type":"article","og_title":"Sacharowa zu von der Leyen: Russland in Bezug zur Bombe von Hiroshima zu setzen, ist abscheulich","og_description":"Maria Sacharowa, die Sprecherin des russischen Au\u00dfenministeriums, ist emp\u00f6rt \u00fcber \u00c4u\u00dferungen der Chefin der EU-Kommission. Bei dem Treffen mit dem japanischen Premierminister hatte Ursula von der Leyen Russland implizierend des Bombenabwurfs auf Hiroshima bezichtigt. Ursula von der Leyen, die Chefin der Europ\u00e4ischen Kommission, l\u00fcgt, wenn sie Russland f\u00fcr die Bombardierung von Hiroshima verantwortlich macht, erkl\u00e4rt [&hellip;]","og_url":"https:\/\/now-news.de\/de\/deutschland\/sacharowa-zu-von-der-leyen-russland-in-bezug-zur-bombe-von-hiroshima-zu-setzen-ist-abscheulich\/","og_site_name":"just-now.NEWS Deutschland","article_publisher":"https:\/\/www.facebook.com\/wirmachenauf","article_published_time":"2023-09-22T10:39:27+00:00","og_image":[{"width":460,"height":259,"url":"https:\/\/now-news.de\/de\/wp-content\/uploads\/sites\/3\/2023\/09\/Sacharowa-zu-von-der-Leyen-Russland-in-Bezug-zur-Bombe.jpg","type":"image\/jpeg"}],"author":"rtnews","twitter_card":"summary_large_image","twitter_creator":"@WirMachenAuf_de","twitter_site":"@WirMachenAuf_de","twitter_misc":{"Verfasst von":"rtnews","Gesch\u00e4tzte Lesezeit":"1\u00a0Minute"},"schema":{"@context":"https:\/\/schema.org","@graph":[{"@type":"Article","@id":"https:\/\/now-news.de\/de\/deutschland\/sacharowa-zu-von-der-leyen-russland-in-bezug-zur-bombe-von-hiroshima-zu-setzen-ist-abscheulich\/#article","isPartOf":{"@id":"https:\/\/now-news.de\/de\/deutschland\/sacharowa-zu-von-der-leyen-russland-in-bezug-zur-bombe-von-hiroshima-zu-setzen-ist-abscheulich\/"},"author":{"name":"rtnews","@id":"https:\/\/now-news.de\/de\/#\/schema\/person\/fb534a4e865501d8b3285208df34a9b5"},"headline":"Sacharowa zu von der Leyen: Russland in Bezug zur Bombe von Hiroshima zu setzen, ist abscheulich","datePublished":"2023-09-22T10:39:27+00:00","dateModified":"2023-09-22T10:39:27+00:00","mainEntityOfPage":{"@id":"https:\/\/now-news.de\/de\/deutschland\/sacharowa-zu-von-der-leyen-russland-in-bezug-zur-bombe-von-hiroshima-zu-setzen-ist-abscheulich\/"},"wordCount":294,"commentCount":0,"publisher":{"@id":"https:\/\/now-news.de\/de\/#organization"},"image":{"@id":"https:\/\/now-news.de\/de\/deutschland\/sacharowa-zu-von-der-leyen-russland-in-bezug-zur-bombe-von-hiroshima-zu-setzen-ist-abscheulich\/#primaryimage"},"thumbnailUrl":"https:\/\/now-news.de\/de\/wp-content\/uploads\/sites\/3\/2023\/09\/Sacharowa-zu-von-der-Leyen-Russland-in-Bezug-zur-Bombe.jpg","keywords":["abscheulich","Bezug","Bombe","der","Hiroshima","ist","Leyen","russland","Sacharowa","setzen","von","zur"],"articleSection":["Deutschland","Russland"],"inLanguage":"de","potentialAction":[{"@type":"CommentAction","name":"Comment","target":["https:\/\/now-news.de\/de\/deutschland\/sacharowa-zu-von-der-leyen-russland-in-bezug-zur-bombe-von-hiroshima-zu-setzen-ist-abscheulich\/#respond"]}]},{"@type":"WebPage","@id":"https:\/\/now-news.de\/de\/deutschland\/sacharowa-zu-von-der-leyen-russland-in-bezug-zur-bombe-von-hiroshima-zu-setzen-ist-abscheulich\/","url":"https:\/\/now-news.de\/de\/deutschland\/sacharowa-zu-von-der-leyen-russland-in-bezug-zur-bombe-von-hiroshima-zu-setzen-ist-abscheulich\/","name":"Sacharowa zu von der Leyen: Russland in Bezug zur Bombe von Hiroshima zu setzen, ist abscheulich - just-now.NEWS Deutschland","isPartOf":{"@id":"https:\/\/now-news.de\/de\/#website"},"primaryImageOfPage":{"@id":"https:\/\/now-news.de\/de\/deutschland\/sacharowa-zu-von-der-leyen-russland-in-bezug-zur-bombe-von-hiroshima-zu-setzen-ist-abscheulich\/#primaryimage"},"image":{"@id":"https:\/\/now-news.de\/de\/deutschland\/sacharowa-zu-von-der-leyen-russland-in-bezug-zur-bombe-von-hiroshima-zu-setzen-ist-abscheulich\/#primaryimage"},"thumbnailUrl":"https:\/\/now-news.de\/de\/wp-content\/uploads\/sites\/3\/2023\/09\/Sacharowa-zu-von-der-Leyen-Russland-in-Bezug-zur-Bombe.jpg","datePublished":"2023-09-22T10:39:27+00:00","dateModified":"2023-09-22T10:39:27+00:00","breadcrumb":{"@id":"https:\/\/now-news.de\/de\/deutschland\/sacharowa-zu-von-der-leyen-russland-in-bezug-zur-bombe-von-hiroshima-zu-setzen-ist-abscheulich\/#breadcrumb"},"inLanguage":"de","potentialAction":[{"@type":"ReadAction","target":["https:\/\/now-news.de\/de\/deutschland\/sacharowa-zu-von-der-leyen-russland-in-bezug-zur-bombe-von-hiroshima-zu-setzen-ist-abscheulich\/"]}]},{"@type":"ImageObject","inLanguage":"de","@id":"https:\/\/now-news.de\/de\/deutschland\/sacharowa-zu-von-der-leyen-russland-in-bezug-zur-bombe-von-hiroshima-zu-setzen-ist-abscheulich\/#primaryimage","url":"https:\/\/now-news.de\/de\/wp-content\/uploads\/sites\/3\/2023\/09\/Sacharowa-zu-von-der-Leyen-Russland-in-Bezug-zur-Bombe.jpg","contentUrl":"https:\/\/now-news.de\/de\/wp-content\/uploads\/sites\/3\/2023\/09\/Sacharowa-zu-von-der-Leyen-Russland-in-Bezug-zur-Bombe.jpg","width":460,"height":259,"caption":"Sacharowa zu von der Leyen: Russland in Bezug zur Bombe von Hiroshima zu setzen, ist abscheulich"},{"@type":"BreadcrumbList","@id":"https:\/\/now-news.de\/de\/deutschland\/sacharowa-zu-von-der-leyen-russland-in-bezug-zur-bombe-von-hiroshima-zu-setzen-ist-abscheulich\/#breadcrumb","itemListElement":[{"@type":"ListItem","position":1,"name":"Home","item":"https:\/\/now-news.de\/de\/"},{"@type":"ListItem","position":2,"name":"Sacharowa zu von der Leyen: Russland in Bezug zur Bombe von Hiroshima zu setzen, ist abscheulich"}]},{"@type":"WebSite","@id":"https:\/\/now-news.de\/de\/#website","url":"https:\/\/now-news.de\/de\/","name":"just-now.NEWS Deutschland","description":"Das Portal f\u00fcr unzensierte Nachrichten aus der Welt","publisher":{"@id":"https:\/\/now-news.de\/de\/#organization"},"potentialAction":[{"@type":"SearchAction","target":{"@type":"EntryPoint","urlTemplate":"https:\/\/now-news.de\/de\/?s={search_term_string}"},"query-input":"required name=search_term_string"}],"inLanguage":"de"},{"@type":"Organization","@id":"https:\/\/now-news.de\/de\/#organization","name":"Just Now News","url":"https:\/\/now-news.de\/de\/","logo":{"@type":"ImageObject","inLanguage":"de","@id":"https:\/\/now-news.de\/de\/#\/schema\/logo\/image\/","url":"http:\/\/just-now.news\/de\/wp-content\/uploads\/sites\/3\/2022\/04\/logo500x500.jpg","contentUrl":"http:\/\/just-now.news\/de\/wp-content\/uploads\/sites\/3\/2022\/04\/logo500x500.jpg","width":500,"height":500,"caption":"Just Now News"},"image":{"@id":"https:\/\/now-news.de\/de\/#\/schema\/logo\/image\/"},"sameAs":["https:\/\/www.facebook.com\/wirmachenauf","https:\/\/x.com\/WirMachenAuf_de"]},{"@type":"Person","@id":"https:\/\/now-news.de\/de\/#\/schema\/person\/fb534a4e865501d8b3285208df34a9b5","name":"rtnews","image":{"@type":"ImageObject","inLanguage":"de","@id":"https:\/\/now-news.de\/de\/#\/schema\/person\/image\/","url":"https:\/\/secure.gravatar.com\/avatar\/82aafea7d8127119dd649515f56e2117?s=96&d=mm&r=g","contentUrl":"https:\/\/secure.gravatar.com\/avatar\/82aafea7d8127119dd649515f56e2117?s=96&d=mm&r=g","caption":"rtnews"},"url":"https:\/\/now-news.de\/de\/author\/rnews\/"}]}},"_links":{"self":[{"href":"https:\/\/now-news.de\/de\/wp-json\/wp\/v2\/posts\/46811"}],"collection":[{"href":"https:\/\/now-news.de\/de\/wp-json\/wp\/v2\/posts"}],"about":[{"href":"https:\/\/now-news.de\/de\/wp-json\/wp\/v2\/types\/post"}],"author":[{"embeddable":true,"href":"https:\/\/now-news.de\/de\/wp-json\/wp\/v2\/users\/3"}],"replies":[{"embeddable":true,"href":"https:\/\/now-news.de\/de\/wp-json\/wp\/v2\/comments?post=46811"}],"version-history":[{"count":0,"href":"https:\/\/now-news.de\/de\/wp-json\/wp\/v2\/posts\/46811\/revisions"}],"wp:featuredmedia":[{"embeddable":true,"href":"https:\/\/now-news.de\/de\/wp-json\/wp\/v2\/media\/46812"}],"wp:attachment":[{"href":"https:\/\/now-news.de\/de\/wp-json\/wp\/v2\/media?parent=46811"}],"wp:term":[{"taxonomy":"category","embeddable":true,"href":"https:\/\/now-news.de\/de\/wp-json\/wp\/v2\/categories?post=46811"},{"taxonomy":"post_tag","embeddable":true,"href":"https:\/\/now-news.de\/de\/wp-json\/wp\/v2\/tags?post=46811"}],"curies":[{"name":"wp","href":"https:\/\/api.w.org\/{rel}","templated":true}]}}