{"id":46807,"date":"2023-09-22T11:52:02","date_gmt":"2023-09-22T09:52:02","guid":{"rendered":"https:\/\/just-now.news\/de\/deutschland\/warum-in-bayern-verfahren-um-naechtliche-ausgangssperren-verschleppt-werden\/"},"modified":"2023-09-22T11:52:02","modified_gmt":"2023-09-22T09:52:02","slug":"warum-in-bayern-verfahren-um-naechtliche-ausgangssperren-verschleppt-werden","status":"publish","type":"post","link":"https:\/\/now-news.de\/de\/deutschland\/warum-in-bayern-verfahren-um-naechtliche-ausgangssperren-verschleppt-werden\/","title":{"rendered":"Warum in Bayern Verfahren um n\u00e4chtliche Ausgangssperren verschleppt werden"},"content":{"rendered":"<p><img decoding=\"async\" src=\"http:\/\/just-now.news\/de\/wp-content\/uploads\/sites\/3\/2023\/09\/650c7e4fb480cc388e2484ef.jpg\" \/><\/p>\n<div class=\"Text-root Text-type_1 \">\n                Eine regelrechte Posse erleben der Journalist Florian Osrainik und sein Anwalt Matthias Richter seit zweieinhalb Jahren vor dem Bayerischen Verwaltungsgerichtshof. Osrainik hatte gegen die bayerische Ausgangssperre geklagt. Mit immer neuen Argumenten weicht das Gericht einem Verfahren aus. Zuletzt hie\u00df es, die Akten h\u00e4tten einen Wasserschaden.\n            <\/div>\n<p><\/p>\n<div class=\"Text-root Text-type_5 ArticleView-text ViewText-root \">\n<p><em>Von Felicitas Rabe<\/em><\/p>\n<p>Im M\u00e4rz 2021 hatte der Journalist Florian Osrainik gegen die n\u00e4chtliche Ausgangssperre in Bayern vor dem Bayerischen Verwaltungsgerichtshof geklagt. Zwischen 22.00 Uhr abends und 5.00 Uhr fr\u00fch war sie als eine der Ma\u00dfnahmen gegen die Corona-Pandemie angeordnet worden.<\/p>\n<p>Zweieinhalb Jahre sind nun vergangen, und der Bayerische Verwaltungsgerichtshof hat immer noch keine Sachentscheidung getroffen. Warum dies so ist, kann nur vermutet werden. Auf Nachfragen zum Sachstand gab es immer wieder andere Erkl\u00e4rungen. Zuletzt hie\u00df es, die Akten seien von einem Wasserschaden betroffen und bef\u00e4nden sich derzeit zur Trocknung bei einer Spezialfirma \u2013 sie k\u00f6nnten daher nicht bearbeitet werden.<\/p>\n<p>Zun\u00e4chst erhob Osrainik \u00fcber seinen Rechtsanwalt Matthias Richter einen Eilantrag gegen die Ausgangssperre in Bayern, die man f\u00fcr ungeeignet und unverh\u00e4ltnism\u00e4\u00dfig erachtete. Denn auch zu Beginn der Pandemie konnte das Verbot des Ausgangs f\u00fcr ein Verweilen im Freien nur verh\u00e4ltnism\u00e4\u00dfig sein, wenn es \u00fcber eine Kontaktbeschr\u00e4nkung hinaus einen erheblichen Beitrag zur Erreichung des Ziels leisten konnte, physische Kontakte zu reduzieren und dadurch die Verbreitung von COVID-19 zu verhindern.<\/p>\n<p>Dass die Ausgangssperre (und andere Ma\u00dfnahmen) ungeeignet und nicht erforderlich sind, hatte damals schon der renommierte Professor der Stanford-Universit\u00e4t John P. A. Ioannidis festgestellt. Allerdings war er einer der Wissenschaftler, die von der \u00f6ffentlichen Meinung als Verschw\u00f6rungstheoretiker gebrandmarkt wurden.<\/p>\n<p>Das Eilverfahren wurde jedoch abgelehnt mit der Begr\u00fcndung: Der Gesetzgeber kann nicht erst dann t\u00e4tig werden, wenn es zu sp\u00e4t ist. Die Ma\u00dfnahme sei geeignet, erforderlich und verh\u00e4ltnism\u00e4\u00dfig. Auf die Ablehnung erfolgte am 12. April 2021 die &#8220;Normenkontrollklage&#8221; gegen die n\u00e4chtliche Ausgangssperre in Bayern. Ausf\u00fchrlicher als im Eilantrag begr\u00fcndete Rechtsanwalt Richter, warum die Ma\u00dfnahme unverh\u00e4ltnism\u00e4\u00dfig war. Nachdem die Ausgangssperre au\u00dfer Kraft war, wurde der Antrag umgestellt auf die Feststellung, dass die Ma\u00dfnahme unzul\u00e4ssig war.<\/p>\n<blockquote>\n<p><em>&#8220;Die Ausgangssperre stellt einen schwerwiegenden Eingriff in die Grundrechte dar. Einen solchen Eingriff hat es seit 1945 nicht mehr gegeben. (\u2026)&#8221;, hie\u00df es in der Begr\u00fcndung des Anwalts.<\/em><\/p>\n<\/blockquote>\n<p>In einem anderen Verfahren entschied dann am 22. November 2022 das Bundesverwaltungsgericht, dass die Ausgangssperre unzul\u00e4ssig war. Mit der Entscheidung des Bundesverwaltungsgerichts, auf dessen Begr\u00fcndung im Verfahren Bezug genommen wurde, w\u00e4re zu erwarten, dass auch der Bayerische Verwaltungsgerichtshof die Ausgangssperre f\u00fcr unzul\u00e4ssig erkl\u00e4rt. Aber auch nach zweieinhalb Jahren entscheidet das Gericht nicht.<\/p>\n<p>Als Hintergrund der Verschleppung vermutet der Rechtsanwalt die hohen Kosten, die damit auf den Freistaat Bayern zuk\u00e4men. Demnach m\u00fcsste der Freistaat Bayern in all diesen Verfahren die Gerichtskosten und die Anwaltskosten zahlen, berichtete Richter im Gespr\u00e4ch mit der Autorin.<\/p>\n<p>Zudem w\u00fcrden viele Kl\u00e4ger dann auch Schadensersatzanspr\u00fcche gegen den Freistaat Bayern geltend machen. Und so sei der Einzige, dem diese Verz\u00f6gerung der Gerichtsverfahren n\u00fctze, der Freistaat Bayern. Die Kl\u00e4ger hingegen w\u00fcrden auf ihren Kosten sitzen bleiben.\u00a0Bei einem Streitwert von 20.000 Euro seien das jeweils 3.000 bis 4.000 Euro an Anwaltsgeb\u00fchren \u2013 im Voraus.<\/p>\n<p>Florian Osrainik will sich nicht l\u00e4nger hinhalten lassen. Die Begr\u00fcndung mit dem angeblichen Wasserschaden habe das Fass zum \u00dcberlaufen gebracht. Rechtsanwalt Richter bereitet deshalb eine Unt\u00e4tigkeitsbeschwerde vor sowie eine Klage auf Entsch\u00e4digung und Schmerzensgeld wegen der unzul\u00e4ssigen Ausgangssperre.<\/p>\n<p><em>Der Wirtschaftswissenschafter und Journalist Florian Osrainik machte sich in der sogenannten Coronakrise als Autor von ma\u00dfnahmenkritischen Sachb\u00fcchern einen Namen. Sein Buch aus dem M\u00e4rz 2021 &#8220;Das Corona-Dossier: Unter falscher Flagge gegen Freiheit, Menschenrechte und Demokratie&#8221; wurde zum Spiegel-Bestseller. Sein Rechtsanwalt Matthias Richter engagiert sich bei den <a rel=\"nofollow noopener\" target=\"_blank\" href=\"https:\/\/afaev.eu\/\">Anw\u00e4lten f\u00fcr Aufkl\u00e4rung<\/a>.<\/em>\u00a0<\/p>\n<p><strong>Mehr zum Thema<\/strong> \u2013 <a rel=\"nofollow noopener\" target=\"_blank\" href=\"https:\/\/freedert.online\/international\/176177-anwaeltin-holzeisen-zum-who-pandemievertrag\/\">Anw\u00e4ltin Holzeisen zum WHO-Pandemievertrag: Anf\u00e4nge einer Gesundheitsdiktatur<\/a><\/p>\n<\/div>\n<p><br \/>\n<br \/><a href=\"https:\/\/de.rt.com\/inland\/181243-warum-freistaat-bayern-klagen-gegen\/\">Source link <\/a><\/p>\n","protected":false},"excerpt":{"rendered":"<p>Eine regelrechte Posse erleben der Journalist Florian Osrainik und sein Anwalt Matthias Richter seit zweieinhalb Jahren vor dem Bayerischen Verwaltungsgerichtshof. Osrainik hatte gegen die bayerische Ausgangssperre geklagt. Mit immer neuen Argumenten weicht das Gericht einem Verfahren aus. Zuletzt hie\u00df es, die Akten h\u00e4tten einen Wasserschaden. Von Felicitas Rabe Im M\u00e4rz 2021 hatte der Journalist Florian [&hellip;]<\/p>\n","protected":false},"author":3,"featured_media":46808,"comment_status":"open","ping_status":"open","sticky":false,"template":"","format":"standard","meta":{"_yoast_indexnow_last_ping":["1695376964"],"wp_automatic_camp":["217"],"e406e403045dd31d579fe5ffa3fd2bad":["Warum in Bayern Verfahren um n\u00e4chtliche Ausgangssperren verschleppt werden"],"original_link":["https:\/\/de.rt.com\/inland\/181243-warum-freistaat-bayern-klagen-gegen\/"],"_thumbnail_id":["46808"],"_wptgpro_p2tg_sent2tg":["a:1:{i:23737;s:19:\"2023-09-22 12:03:43\";}"],"jnews_social_counter_last_update":["1777236024"]},"categories":[19,23],"tags":[25404,11374,49110,24663,49111,1289,1040],"yoast_head":"<!-- This site is optimized with the Yoast SEO Premium plugin v22.7 (Yoast SEO v22.7) - https:\/\/yoast.com\/wordpress\/plugins\/seo\/ -->\n<title>Warum in Bayern Verfahren um n\u00e4chtliche Ausgangssperren verschleppt werden - just-now.NEWS Deutschland<\/title>\n<meta name=\"robots\" content=\"index, follow, max-snippet:-1, max-image-preview:large, max-video-preview:-1\" \/>\n<link rel=\"canonical\" href=\"https:\/\/now-news.de\/de\/deutschland\/warum-in-bayern-verfahren-um-naechtliche-ausgangssperren-verschleppt-werden\/\" \/>\n<meta property=\"og:locale\" content=\"de_DE\" \/>\n<meta property=\"og:type\" content=\"article\" \/>\n<meta property=\"og:title\" content=\"Warum in Bayern Verfahren um n\u00e4chtliche Ausgangssperren verschleppt werden\" \/>\n<meta property=\"og:description\" content=\"Eine regelrechte Posse erleben der Journalist Florian Osrainik und sein Anwalt Matthias Richter seit zweieinhalb Jahren vor dem Bayerischen Verwaltungsgerichtshof. Osrainik hatte gegen die bayerische Ausgangssperre geklagt. Mit immer neuen Argumenten weicht das Gericht einem Verfahren aus. Zuletzt hie\u00df es, die Akten h\u00e4tten einen Wasserschaden. Von Felicitas Rabe Im M\u00e4rz 2021 hatte der Journalist Florian [&hellip;]\" \/>\n<meta property=\"og:url\" content=\"https:\/\/now-news.de\/de\/deutschland\/warum-in-bayern-verfahren-um-naechtliche-ausgangssperren-verschleppt-werden\/\" \/>\n<meta property=\"og:site_name\" content=\"just-now.NEWS Deutschland\" \/>\n<meta property=\"article:publisher\" content=\"https:\/\/www.facebook.com\/wirmachenauf\" \/>\n<meta property=\"article:published_time\" content=\"2023-09-22T09:52:02+00:00\" \/>\n<meta property=\"og:image\" content=\"https:\/\/now-news.de\/de\/wp-content\/uploads\/sites\/3\/2023\/09\/Warum-in-Bayern-Verfahren-um-naechtliche-Ausgangssperren-verschleppt-werden.jpg\" \/>\n\t<meta property=\"og:image:width\" content=\"460\" \/>\n\t<meta property=\"og:image:height\" content=\"259\" \/>\n\t<meta property=\"og:image:type\" content=\"image\/jpeg\" \/>\n<meta name=\"author\" content=\"rtnews\" \/>\n<meta name=\"twitter:card\" content=\"summary_large_image\" \/>\n<meta name=\"twitter:creator\" content=\"@WirMachenAuf_de\" \/>\n<meta name=\"twitter:site\" content=\"@WirMachenAuf_de\" \/>\n<meta name=\"twitter:label1\" content=\"Verfasst von\" \/>\n\t<meta name=\"twitter:data1\" content=\"rtnews\" \/>\n\t<meta name=\"twitter:label2\" content=\"Gesch\u00e4tzte Lesezeit\" \/>\n\t<meta name=\"twitter:data2\" content=\"3\u00a0Minuten\" \/>\n<script type=\"application\/ld+json\" class=\"yoast-schema-graph\">{\"@context\":\"https:\/\/schema.org\",\"@graph\":[{\"@type\":\"Article\",\"@id\":\"https:\/\/now-news.de\/de\/deutschland\/warum-in-bayern-verfahren-um-naechtliche-ausgangssperren-verschleppt-werden\/#article\",\"isPartOf\":{\"@id\":\"https:\/\/now-news.de\/de\/deutschland\/warum-in-bayern-verfahren-um-naechtliche-ausgangssperren-verschleppt-werden\/\"},\"author\":{\"name\":\"rtnews\",\"@id\":\"https:\/\/now-news.de\/de\/#\/schema\/person\/fb534a4e865501d8b3285208df34a9b5\"},\"headline\":\"Warum in Bayern Verfahren um n\u00e4chtliche Ausgangssperren verschleppt werden\",\"datePublished\":\"2023-09-22T09:52:02+00:00\",\"dateModified\":\"2023-09-22T09:52:02+00:00\",\"mainEntityOfPage\":{\"@id\":\"https:\/\/now-news.de\/de\/deutschland\/warum-in-bayern-verfahren-um-naechtliche-ausgangssperren-verschleppt-werden\/\"},\"wordCount\":659,\"commentCount\":0,\"publisher\":{\"@id\":\"https:\/\/now-news.de\/de\/#organization\"},\"image\":{\"@id\":\"https:\/\/now-news.de\/de\/deutschland\/warum-in-bayern-verfahren-um-naechtliche-ausgangssperren-verschleppt-werden\/#primaryimage\"},\"thumbnailUrl\":\"https:\/\/now-news.de\/de\/wp-content\/uploads\/sites\/3\/2023\/09\/Warum-in-Bayern-Verfahren-um-naechtliche-Ausgangssperren-verschleppt-werden.jpg\",\"keywords\":[\"Ausgangssperren\",\"bayern\",\"n\u00e4chtliche\",\"Verfahren\",\"verschleppt\",\"Warum\",\"Werden\"],\"articleSection\":[\"Deutschland\",\"Russland\"],\"inLanguage\":\"de\",\"potentialAction\":[{\"@type\":\"CommentAction\",\"name\":\"Comment\",\"target\":[\"https:\/\/now-news.de\/de\/deutschland\/warum-in-bayern-verfahren-um-naechtliche-ausgangssperren-verschleppt-werden\/#respond\"]}]},{\"@type\":\"WebPage\",\"@id\":\"https:\/\/now-news.de\/de\/deutschland\/warum-in-bayern-verfahren-um-naechtliche-ausgangssperren-verschleppt-werden\/\",\"url\":\"https:\/\/now-news.de\/de\/deutschland\/warum-in-bayern-verfahren-um-naechtliche-ausgangssperren-verschleppt-werden\/\",\"name\":\"Warum in Bayern Verfahren um n\u00e4chtliche Ausgangssperren verschleppt werden - just-now.NEWS Deutschland\",\"isPartOf\":{\"@id\":\"https:\/\/now-news.de\/de\/#website\"},\"primaryImageOfPage\":{\"@id\":\"https:\/\/now-news.de\/de\/deutschland\/warum-in-bayern-verfahren-um-naechtliche-ausgangssperren-verschleppt-werden\/#primaryimage\"},\"image\":{\"@id\":\"https:\/\/now-news.de\/de\/deutschland\/warum-in-bayern-verfahren-um-naechtliche-ausgangssperren-verschleppt-werden\/#primaryimage\"},\"thumbnailUrl\":\"https:\/\/now-news.de\/de\/wp-content\/uploads\/sites\/3\/2023\/09\/Warum-in-Bayern-Verfahren-um-naechtliche-Ausgangssperren-verschleppt-werden.jpg\",\"datePublished\":\"2023-09-22T09:52:02+00:00\",\"dateModified\":\"2023-09-22T09:52:02+00:00\",\"breadcrumb\":{\"@id\":\"https:\/\/now-news.de\/de\/deutschland\/warum-in-bayern-verfahren-um-naechtliche-ausgangssperren-verschleppt-werden\/#breadcrumb\"},\"inLanguage\":\"de\",\"potentialAction\":[{\"@type\":\"ReadAction\",\"target\":[\"https:\/\/now-news.de\/de\/deutschland\/warum-in-bayern-verfahren-um-naechtliche-ausgangssperren-verschleppt-werden\/\"]}]},{\"@type\":\"ImageObject\",\"inLanguage\":\"de\",\"@id\":\"https:\/\/now-news.de\/de\/deutschland\/warum-in-bayern-verfahren-um-naechtliche-ausgangssperren-verschleppt-werden\/#primaryimage\",\"url\":\"https:\/\/now-news.de\/de\/wp-content\/uploads\/sites\/3\/2023\/09\/Warum-in-Bayern-Verfahren-um-naechtliche-Ausgangssperren-verschleppt-werden.jpg\",\"contentUrl\":\"https:\/\/now-news.de\/de\/wp-content\/uploads\/sites\/3\/2023\/09\/Warum-in-Bayern-Verfahren-um-naechtliche-Ausgangssperren-verschleppt-werden.jpg\",\"width\":460,\"height\":259,\"caption\":\"Warum in Bayern Verfahren um n\u00e4chtliche Ausgangssperren verschleppt werden\"},{\"@type\":\"BreadcrumbList\",\"@id\":\"https:\/\/now-news.de\/de\/deutschland\/warum-in-bayern-verfahren-um-naechtliche-ausgangssperren-verschleppt-werden\/#breadcrumb\",\"itemListElement\":[{\"@type\":\"ListItem\",\"position\":1,\"name\":\"Home\",\"item\":\"https:\/\/now-news.de\/de\/\"},{\"@type\":\"ListItem\",\"position\":2,\"name\":\"Warum in Bayern Verfahren um n\u00e4chtliche Ausgangssperren verschleppt werden\"}]},{\"@type\":\"WebSite\",\"@id\":\"https:\/\/now-news.de\/de\/#website\",\"url\":\"https:\/\/now-news.de\/de\/\",\"name\":\"just-now.NEWS Deutschland\",\"description\":\"Das Portal f\u00fcr unzensierte Nachrichten aus der Welt\",\"publisher\":{\"@id\":\"https:\/\/now-news.de\/de\/#organization\"},\"potentialAction\":[{\"@type\":\"SearchAction\",\"target\":{\"@type\":\"EntryPoint\",\"urlTemplate\":\"https:\/\/now-news.de\/de\/?s={search_term_string}\"},\"query-input\":\"required name=search_term_string\"}],\"inLanguage\":\"de\"},{\"@type\":\"Organization\",\"@id\":\"https:\/\/now-news.de\/de\/#organization\",\"name\":\"Just Now News\",\"url\":\"https:\/\/now-news.de\/de\/\",\"logo\":{\"@type\":\"ImageObject\",\"inLanguage\":\"de\",\"@id\":\"https:\/\/now-news.de\/de\/#\/schema\/logo\/image\/\",\"url\":\"http:\/\/just-now.news\/de\/wp-content\/uploads\/sites\/3\/2022\/04\/logo500x500.jpg\",\"contentUrl\":\"http:\/\/just-now.news\/de\/wp-content\/uploads\/sites\/3\/2022\/04\/logo500x500.jpg\",\"width\":500,\"height\":500,\"caption\":\"Just Now News\"},\"image\":{\"@id\":\"https:\/\/now-news.de\/de\/#\/schema\/logo\/image\/\"},\"sameAs\":[\"https:\/\/www.facebook.com\/wirmachenauf\",\"https:\/\/x.com\/WirMachenAuf_de\"]},{\"@type\":\"Person\",\"@id\":\"https:\/\/now-news.de\/de\/#\/schema\/person\/fb534a4e865501d8b3285208df34a9b5\",\"name\":\"rtnews\",\"image\":{\"@type\":\"ImageObject\",\"inLanguage\":\"de\",\"@id\":\"https:\/\/now-news.de\/de\/#\/schema\/person\/image\/\",\"url\":\"https:\/\/secure.gravatar.com\/avatar\/82aafea7d8127119dd649515f56e2117?s=96&d=mm&r=g\",\"contentUrl\":\"https:\/\/secure.gravatar.com\/avatar\/82aafea7d8127119dd649515f56e2117?s=96&d=mm&r=g\",\"caption\":\"rtnews\"},\"url\":\"https:\/\/now-news.de\/de\/author\/rnews\/\"}]}<\/script>\n<!-- \/ Yoast SEO Premium plugin. -->","yoast_head_json":{"title":"Warum in Bayern Verfahren um n\u00e4chtliche Ausgangssperren verschleppt werden - just-now.NEWS Deutschland","robots":{"index":"index","follow":"follow","max-snippet":"max-snippet:-1","max-image-preview":"max-image-preview:large","max-video-preview":"max-video-preview:-1"},"canonical":"https:\/\/now-news.de\/de\/deutschland\/warum-in-bayern-verfahren-um-naechtliche-ausgangssperren-verschleppt-werden\/","og_locale":"de_DE","og_type":"article","og_title":"Warum in Bayern Verfahren um n\u00e4chtliche Ausgangssperren verschleppt werden","og_description":"Eine regelrechte Posse erleben der Journalist Florian Osrainik und sein Anwalt Matthias Richter seit zweieinhalb Jahren vor dem Bayerischen Verwaltungsgerichtshof. Osrainik hatte gegen die bayerische Ausgangssperre geklagt. Mit immer neuen Argumenten weicht das Gericht einem Verfahren aus. Zuletzt hie\u00df es, die Akten h\u00e4tten einen Wasserschaden. Von Felicitas Rabe Im M\u00e4rz 2021 hatte der Journalist Florian [&hellip;]","og_url":"https:\/\/now-news.de\/de\/deutschland\/warum-in-bayern-verfahren-um-naechtliche-ausgangssperren-verschleppt-werden\/","og_site_name":"just-now.NEWS Deutschland","article_publisher":"https:\/\/www.facebook.com\/wirmachenauf","article_published_time":"2023-09-22T09:52:02+00:00","og_image":[{"width":460,"height":259,"url":"https:\/\/now-news.de\/de\/wp-content\/uploads\/sites\/3\/2023\/09\/Warum-in-Bayern-Verfahren-um-naechtliche-Ausgangssperren-verschleppt-werden.jpg","type":"image\/jpeg"}],"author":"rtnews","twitter_card":"summary_large_image","twitter_creator":"@WirMachenAuf_de","twitter_site":"@WirMachenAuf_de","twitter_misc":{"Verfasst von":"rtnews","Gesch\u00e4tzte Lesezeit":"3\u00a0Minuten"},"schema":{"@context":"https:\/\/schema.org","@graph":[{"@type":"Article","@id":"https:\/\/now-news.de\/de\/deutschland\/warum-in-bayern-verfahren-um-naechtliche-ausgangssperren-verschleppt-werden\/#article","isPartOf":{"@id":"https:\/\/now-news.de\/de\/deutschland\/warum-in-bayern-verfahren-um-naechtliche-ausgangssperren-verschleppt-werden\/"},"author":{"name":"rtnews","@id":"https:\/\/now-news.de\/de\/#\/schema\/person\/fb534a4e865501d8b3285208df34a9b5"},"headline":"Warum in Bayern Verfahren um n\u00e4chtliche Ausgangssperren verschleppt werden","datePublished":"2023-09-22T09:52:02+00:00","dateModified":"2023-09-22T09:52:02+00:00","mainEntityOfPage":{"@id":"https:\/\/now-news.de\/de\/deutschland\/warum-in-bayern-verfahren-um-naechtliche-ausgangssperren-verschleppt-werden\/"},"wordCount":659,"commentCount":0,"publisher":{"@id":"https:\/\/now-news.de\/de\/#organization"},"image":{"@id":"https:\/\/now-news.de\/de\/deutschland\/warum-in-bayern-verfahren-um-naechtliche-ausgangssperren-verschleppt-werden\/#primaryimage"},"thumbnailUrl":"https:\/\/now-news.de\/de\/wp-content\/uploads\/sites\/3\/2023\/09\/Warum-in-Bayern-Verfahren-um-naechtliche-Ausgangssperren-verschleppt-werden.jpg","keywords":["Ausgangssperren","bayern","n\u00e4chtliche","Verfahren","verschleppt","Warum","Werden"],"articleSection":["Deutschland","Russland"],"inLanguage":"de","potentialAction":[{"@type":"CommentAction","name":"Comment","target":["https:\/\/now-news.de\/de\/deutschland\/warum-in-bayern-verfahren-um-naechtliche-ausgangssperren-verschleppt-werden\/#respond"]}]},{"@type":"WebPage","@id":"https:\/\/now-news.de\/de\/deutschland\/warum-in-bayern-verfahren-um-naechtliche-ausgangssperren-verschleppt-werden\/","url":"https:\/\/now-news.de\/de\/deutschland\/warum-in-bayern-verfahren-um-naechtliche-ausgangssperren-verschleppt-werden\/","name":"Warum in Bayern Verfahren um n\u00e4chtliche Ausgangssperren verschleppt werden - just-now.NEWS Deutschland","isPartOf":{"@id":"https:\/\/now-news.de\/de\/#website"},"primaryImageOfPage":{"@id":"https:\/\/now-news.de\/de\/deutschland\/warum-in-bayern-verfahren-um-naechtliche-ausgangssperren-verschleppt-werden\/#primaryimage"},"image":{"@id":"https:\/\/now-news.de\/de\/deutschland\/warum-in-bayern-verfahren-um-naechtliche-ausgangssperren-verschleppt-werden\/#primaryimage"},"thumbnailUrl":"https:\/\/now-news.de\/de\/wp-content\/uploads\/sites\/3\/2023\/09\/Warum-in-Bayern-Verfahren-um-naechtliche-Ausgangssperren-verschleppt-werden.jpg","datePublished":"2023-09-22T09:52:02+00:00","dateModified":"2023-09-22T09:52:02+00:00","breadcrumb":{"@id":"https:\/\/now-news.de\/de\/deutschland\/warum-in-bayern-verfahren-um-naechtliche-ausgangssperren-verschleppt-werden\/#breadcrumb"},"inLanguage":"de","potentialAction":[{"@type":"ReadAction","target":["https:\/\/now-news.de\/de\/deutschland\/warum-in-bayern-verfahren-um-naechtliche-ausgangssperren-verschleppt-werden\/"]}]},{"@type":"ImageObject","inLanguage":"de","@id":"https:\/\/now-news.de\/de\/deutschland\/warum-in-bayern-verfahren-um-naechtliche-ausgangssperren-verschleppt-werden\/#primaryimage","url":"https:\/\/now-news.de\/de\/wp-content\/uploads\/sites\/3\/2023\/09\/Warum-in-Bayern-Verfahren-um-naechtliche-Ausgangssperren-verschleppt-werden.jpg","contentUrl":"https:\/\/now-news.de\/de\/wp-content\/uploads\/sites\/3\/2023\/09\/Warum-in-Bayern-Verfahren-um-naechtliche-Ausgangssperren-verschleppt-werden.jpg","width":460,"height":259,"caption":"Warum in Bayern Verfahren um n\u00e4chtliche Ausgangssperren verschleppt werden"},{"@type":"BreadcrumbList","@id":"https:\/\/now-news.de\/de\/deutschland\/warum-in-bayern-verfahren-um-naechtliche-ausgangssperren-verschleppt-werden\/#breadcrumb","itemListElement":[{"@type":"ListItem","position":1,"name":"Home","item":"https:\/\/now-news.de\/de\/"},{"@type":"ListItem","position":2,"name":"Warum in Bayern Verfahren um n\u00e4chtliche Ausgangssperren verschleppt werden"}]},{"@type":"WebSite","@id":"https:\/\/now-news.de\/de\/#website","url":"https:\/\/now-news.de\/de\/","name":"just-now.NEWS Deutschland","description":"Das Portal f\u00fcr unzensierte Nachrichten aus der Welt","publisher":{"@id":"https:\/\/now-news.de\/de\/#organization"},"potentialAction":[{"@type":"SearchAction","target":{"@type":"EntryPoint","urlTemplate":"https:\/\/now-news.de\/de\/?s={search_term_string}"},"query-input":"required name=search_term_string"}],"inLanguage":"de"},{"@type":"Organization","@id":"https:\/\/now-news.de\/de\/#organization","name":"Just Now News","url":"https:\/\/now-news.de\/de\/","logo":{"@type":"ImageObject","inLanguage":"de","@id":"https:\/\/now-news.de\/de\/#\/schema\/logo\/image\/","url":"http:\/\/just-now.news\/de\/wp-content\/uploads\/sites\/3\/2022\/04\/logo500x500.jpg","contentUrl":"http:\/\/just-now.news\/de\/wp-content\/uploads\/sites\/3\/2022\/04\/logo500x500.jpg","width":500,"height":500,"caption":"Just Now News"},"image":{"@id":"https:\/\/now-news.de\/de\/#\/schema\/logo\/image\/"},"sameAs":["https:\/\/www.facebook.com\/wirmachenauf","https:\/\/x.com\/WirMachenAuf_de"]},{"@type":"Person","@id":"https:\/\/now-news.de\/de\/#\/schema\/person\/fb534a4e865501d8b3285208df34a9b5","name":"rtnews","image":{"@type":"ImageObject","inLanguage":"de","@id":"https:\/\/now-news.de\/de\/#\/schema\/person\/image\/","url":"https:\/\/secure.gravatar.com\/avatar\/82aafea7d8127119dd649515f56e2117?s=96&d=mm&r=g","contentUrl":"https:\/\/secure.gravatar.com\/avatar\/82aafea7d8127119dd649515f56e2117?s=96&d=mm&r=g","caption":"rtnews"},"url":"https:\/\/now-news.de\/de\/author\/rnews\/"}]}},"_links":{"self":[{"href":"https:\/\/now-news.de\/de\/wp-json\/wp\/v2\/posts\/46807"}],"collection":[{"href":"https:\/\/now-news.de\/de\/wp-json\/wp\/v2\/posts"}],"about":[{"href":"https:\/\/now-news.de\/de\/wp-json\/wp\/v2\/types\/post"}],"author":[{"embeddable":true,"href":"https:\/\/now-news.de\/de\/wp-json\/wp\/v2\/users\/3"}],"replies":[{"embeddable":true,"href":"https:\/\/now-news.de\/de\/wp-json\/wp\/v2\/comments?post=46807"}],"version-history":[{"count":0,"href":"https:\/\/now-news.de\/de\/wp-json\/wp\/v2\/posts\/46807\/revisions"}],"wp:featuredmedia":[{"embeddable":true,"href":"https:\/\/now-news.de\/de\/wp-json\/wp\/v2\/media\/46808"}],"wp:attachment":[{"href":"https:\/\/now-news.de\/de\/wp-json\/wp\/v2\/media?parent=46807"}],"wp:term":[{"taxonomy":"category","embeddable":true,"href":"https:\/\/now-news.de\/de\/wp-json\/wp\/v2\/categories?post=46807"},{"taxonomy":"post_tag","embeddable":true,"href":"https:\/\/now-news.de\/de\/wp-json\/wp\/v2\/tags?post=46807"}],"curies":[{"name":"wp","href":"https:\/\/api.w.org\/{rel}","templated":true}]}}