{"id":46747,"date":"2023-09-21T14:07:16","date_gmt":"2023-09-21T12:07:16","guid":{"rendered":"https:\/\/just-now.news\/de\/deutschland\/gruppenvergewaltigung-im-goerlitzer-park-tatverdaechtige-afrikaner-haben-keine-aufenthaltsgenehmigung\/"},"modified":"2023-09-21T14:07:16","modified_gmt":"2023-09-21T12:07:16","slug":"gruppenvergewaltigung-im-goerlitzer-park-tatverdaechtige-afrikaner-haben-keine-aufenthaltsgenehmigung","status":"publish","type":"post","link":"https:\/\/now-news.de\/de\/deutschland\/gruppenvergewaltigung-im-goerlitzer-park-tatverdaechtige-afrikaner-haben-keine-aufenthaltsgenehmigung\/","title":{"rendered":"Gruppenvergewaltigung im G\u00f6rlitzer Park: Tatverd\u00e4chtige Afrikaner haben keine Aufenthaltsgenehmigung"},"content":{"rendered":"<p><img decoding=\"async\" src=\"http:\/\/just-now.news\/de\/wp-content\/uploads\/sites\/3\/2023\/09\/650c31d9b480cc388e2484c0.jpg\" \/><\/p>\n<div class=\"Text-root Text-type_1 \">\n                Ein Somalier und zwei Guineer sollen im Juni im G\u00f6rlitzer Park eine Frau vergewaltigt und ihren Mann verpr\u00fcgelt haben. Jetzt wurde Anklage gegen die T\u00e4ter erhoben. Dabei stellt sich heraus: Aufgrund zahlreicher anderer Delikte h\u00e4tten sie l\u00e4ngst abgeschoben werden m\u00fcssen.\n            <\/div>\n<p><\/p>\n<div class=\"Text-root Text-type_5 ArticleView-text ViewText-root \">\n<p>Laut einem Bericht der <em>Berliner Zeitung<\/em> wurden die Ermittlungen gegen drei M\u00e4nner, die im Juni im G\u00f6rlitzer Park eine Frau vergewaltigt haben sollen, durch die Berliner Staatsanwaltschaft <a rel=\"nofollow noopener\" target=\"_blank\" href=\"https:\/\/www.berliner-zeitung.de\/mensch-metropole\/gruppenvergewaltigung-im-goerlitzer-park-die-tatverdaechtigen-duerften-gar-nicht-hier-sein-li.418670\">abgeschlossen<\/a>.\u00a0<\/p>\n<p>Eine 27-j\u00e4hrige Georgierin und ihr gleichaltriger Ehemann wurde nachts von insgesamt f\u00fcnf M\u00e4nnern angegriffen. Einige hielten den Mann fest, schlugen auf ihn ein und entrissen ihm eine Bauchtasche mit Geld. Parallel dazu vergewaltigen Mitt\u00e4ter die Frau. Seit August sitzen nun drei mutma\u00dfliche T\u00e4ter in Untersuchungshaft.<\/p>\n<p>Nach Angaben der <em>Neuen Z\u00fcrcher Zeitung<\/em>, welcher der Schriftsatz der Anklage der Staatsanwaltschaft <a rel=\"nofollow noopener\" target=\"_blank\" href=\"https:\/\/www.nzz.ch\/panorama\/vergewaltigung-im-goerlitzer-park-alle-verdaechtigen-sind-ohne-aufenthaltsrecht-ld.1756988\">vorliegt<\/a>, stammen die drei jungen M\u00e4nner aus Afrika. Osman B. ist demnach 21 Jahre alt und kommt aus Somalia. Er hat keinen festen Wohnsitz, jedoch sage und schreibe zehn Alias-Identit\u00e4ten. Er lebt seit 2016 in Deutschland. Seine Aufenthaltsgestattung\u00a0ist erloschen. Sein Strafregister enth\u00e4lt dem Bericht zufolge sieben Eintragungen. Zwei andere T\u00e4ter stammen aus Guinea.\u00a0Boubacar B. ist 22 und hat vier Alias-Identit\u00e4ten, er h\u00e4lt sich seit sechseinhalb Jahren in Deutschland auf. Sein Asylantrag ist abgelehnt, seine Aufenthaltsgestattung ebenfalls abgelaufen. Er hat neun Eintragungen im Strafregister. Im Jahr 2020 bekam er wegen Drogenhandels eine Jugendstrafe von einem Jahr, erst auf Bew\u00e4hrung, die dann sp\u00e4ter widerrufen wurde. Im Jahr 2021 wurde er erneut verurteilt, abermals wegen Drogenhandels.<\/p>\n<p>Der dritte mutma\u00dfliche T\u00e4ter, Mountaga D., ist ebenfalls 22 Jahre alt. Auch sein Asylantrag wurde abgelehnt, er hat lediglich eine Duldung. Der Mann wohnt in Berlin-Neuk\u00f6lln in einer vom deutschen Steuerzahler finanzierten Einrichtung f\u00fcr betreutes Wohnen. Seit sechs Jahren lebt er in Deutschland. Im Bundeszentralregister finden sich drei ihn betreffende Eintr\u00e4ge. Jedes Mal wurde von einer Strafverfolgung abgesehen. Alle drei M\u00e4nner sitzen jetzt in Untersuchungshaft.<\/p>\n<p>Alle drei M\u00e4nner, die von ihrem Aufenthaltsstatus her eigentlich gar nicht in Deutschland sein d\u00fcrften, entstammen den Ermittlungen zufolge der\u00a0Drogendealer-Szene\u00a0in dem Park.<\/p>\n<p>Unter anderem anhand ihrer DNA konnte die Polizei die Tatverd\u00e4chtigen identifizieren, da sie an der Frau Spermaspuren hinterlassen hatten.\u00a0Die\u00a0Polizei\u00a0hatte ihrerseits \u00fcber die Gruppenvergewaltigung lange Zeit nichts mitgeteilt \u2013 &#8220;aus ermittlungstaktischen Gr\u00fcnden&#8221;.<\/p>\n<p>Erst vor wenigen Tagen preschte Bundesinnenministerin Nancy Faeser mit dem Vorschlag vor, s\u00e4mtlichen Asylanten in Deutschland bereits nach sechs Monaten das Wahlrecht zu gew\u00e4hren.<\/p>\n<p><strong>Mehr zum Thema<\/strong>\u00a0&#8211;\u00a0<a rel=\"nofollow noopener\" target=\"_blank\" href=\"https:\/\/freedert.online\/inland\/181003-ausschreitungen-bei-eritrea-treffen-in\/\">Ausschreitungen bei Eritrea-Treffen in Stuttgart \u2013 24 verletzte Polizisten<\/a><\/p>\n<\/p>\n<\/div>\n<p><br \/>\n<br \/><a href=\"https:\/\/de.rt.com\/inland\/181430-gruppenvergewaltigung-im-goerlitzer-park-tatverdaechtige\/\">Source link <\/a><\/p>\n","protected":false},"excerpt":{"rendered":"<p>Ein Somalier und zwei Guineer sollen im Juni im G\u00f6rlitzer Park eine Frau vergewaltigt und ihren Mann verpr\u00fcgelt haben. Jetzt wurde Anklage gegen die T\u00e4ter erhoben. Dabei stellt sich heraus: Aufgrund zahlreicher anderer Delikte h\u00e4tten sie l\u00e4ngst abgeschoben werden m\u00fcssen. Laut einem Bericht der Berliner Zeitung wurden die Ermittlungen gegen drei M\u00e4nner, die im Juni [&hellip;]<\/p>\n","protected":false},"author":3,"featured_media":46748,"comment_status":"open","ping_status":"open","sticky":false,"template":"","format":"standard","meta":{"_yoast_indexnow_last_ping":["1695298724"],"wp_automatic_camp":["217"],"dcb6312a97567e3deee89e66f6309e7c":["Gruppenvergewaltigung im G\u00f6rlitzer Park: Tatverd\u00e4chtige Afrikaner haben keine Aufenthaltsgenehmigung"],"original_link":["https:\/\/de.rt.com\/inland\/181430-gruppenvergewaltigung-im-goerlitzer-park-tatverdaechtige\/"],"_thumbnail_id":["46748"],"_wptgpro_p2tg_sent2tg":["a:1:{i:23737;s:19:\"2023-09-21 14:19:45\";}"],"jnews_social_counter_last_update":["1777614971"]},"categories":[19,23],"tags":[47359,49079,32634,46781,771,375,9097,29764],"yoast_head":"<!-- This site is optimized with the Yoast SEO Premium plugin v22.7 (Yoast SEO v22.7) - https:\/\/yoast.com\/wordpress\/plugins\/seo\/ -->\n<title>Gruppenvergewaltigung im G\u00f6rlitzer Park: Tatverd\u00e4chtige Afrikaner haben keine Aufenthaltsgenehmigung - just-now.NEWS Deutschland<\/title>\n<meta name=\"robots\" content=\"index, follow, max-snippet:-1, max-image-preview:large, max-video-preview:-1\" \/>\n<link rel=\"canonical\" href=\"https:\/\/now-news.de\/de\/deutschland\/gruppenvergewaltigung-im-goerlitzer-park-tatverdaechtige-afrikaner-haben-keine-aufenthaltsgenehmigung\/\" \/>\n<meta property=\"og:locale\" content=\"de_DE\" \/>\n<meta property=\"og:type\" content=\"article\" \/>\n<meta property=\"og:title\" content=\"Gruppenvergewaltigung im G\u00f6rlitzer Park: Tatverd\u00e4chtige Afrikaner haben keine Aufenthaltsgenehmigung\" \/>\n<meta property=\"og:description\" content=\"Ein Somalier und zwei Guineer sollen im Juni im G\u00f6rlitzer Park eine Frau vergewaltigt und ihren Mann verpr\u00fcgelt haben. Jetzt wurde Anklage gegen die T\u00e4ter erhoben. Dabei stellt sich heraus: Aufgrund zahlreicher anderer Delikte h\u00e4tten sie l\u00e4ngst abgeschoben werden m\u00fcssen. Laut einem Bericht der Berliner Zeitung wurden die Ermittlungen gegen drei M\u00e4nner, die im Juni [&hellip;]\" \/>\n<meta property=\"og:url\" content=\"https:\/\/now-news.de\/de\/deutschland\/gruppenvergewaltigung-im-goerlitzer-park-tatverdaechtige-afrikaner-haben-keine-aufenthaltsgenehmigung\/\" \/>\n<meta property=\"og:site_name\" content=\"just-now.NEWS Deutschland\" \/>\n<meta property=\"article:publisher\" content=\"https:\/\/www.facebook.com\/wirmachenauf\" \/>\n<meta property=\"article:published_time\" content=\"2023-09-21T12:07:16+00:00\" \/>\n<meta property=\"og:image\" content=\"https:\/\/now-news.de\/de\/wp-content\/uploads\/sites\/3\/2023\/09\/Gruppenvergewaltigung-im-Goerlitzer-Park-Tatverdaechtige-Afrikaner-haben-keine-Aufenthaltsgenehmigung.jpg\" \/>\n\t<meta property=\"og:image:width\" content=\"460\" \/>\n\t<meta property=\"og:image:height\" content=\"259\" \/>\n\t<meta property=\"og:image:type\" content=\"image\/jpeg\" \/>\n<meta name=\"author\" content=\"rtnews\" \/>\n<meta name=\"twitter:card\" content=\"summary_large_image\" \/>\n<meta name=\"twitter:creator\" content=\"@WirMachenAuf_de\" \/>\n<meta name=\"twitter:site\" content=\"@WirMachenAuf_de\" \/>\n<meta name=\"twitter:label1\" content=\"Verfasst von\" \/>\n\t<meta name=\"twitter:data1\" content=\"rtnews\" \/>\n\t<meta name=\"twitter:label2\" content=\"Gesch\u00e4tzte Lesezeit\" \/>\n\t<meta name=\"twitter:data2\" content=\"2\u00a0Minuten\" \/>\n<script type=\"application\/ld+json\" class=\"yoast-schema-graph\">{\"@context\":\"https:\/\/schema.org\",\"@graph\":[{\"@type\":\"Article\",\"@id\":\"https:\/\/now-news.de\/de\/deutschland\/gruppenvergewaltigung-im-goerlitzer-park-tatverdaechtige-afrikaner-haben-keine-aufenthaltsgenehmigung\/#article\",\"isPartOf\":{\"@id\":\"https:\/\/now-news.de\/de\/deutschland\/gruppenvergewaltigung-im-goerlitzer-park-tatverdaechtige-afrikaner-haben-keine-aufenthaltsgenehmigung\/\"},\"author\":{\"name\":\"rtnews\",\"@id\":\"https:\/\/now-news.de\/de\/#\/schema\/person\/fb534a4e865501d8b3285208df34a9b5\"},\"headline\":\"Gruppenvergewaltigung im G\u00f6rlitzer Park: Tatverd\u00e4chtige Afrikaner haben keine Aufenthaltsgenehmigung\",\"datePublished\":\"2023-09-21T12:07:16+00:00\",\"dateModified\":\"2023-09-21T12:07:16+00:00\",\"mainEntityOfPage\":{\"@id\":\"https:\/\/now-news.de\/de\/deutschland\/gruppenvergewaltigung-im-goerlitzer-park-tatverdaechtige-afrikaner-haben-keine-aufenthaltsgenehmigung\/\"},\"wordCount\":441,\"commentCount\":0,\"publisher\":{\"@id\":\"https:\/\/now-news.de\/de\/#organization\"},\"image\":{\"@id\":\"https:\/\/now-news.de\/de\/deutschland\/gruppenvergewaltigung-im-goerlitzer-park-tatverdaechtige-afrikaner-haben-keine-aufenthaltsgenehmigung\/#primaryimage\"},\"thumbnailUrl\":\"https:\/\/now-news.de\/de\/wp-content\/uploads\/sites\/3\/2023\/09\/Gruppenvergewaltigung-im-Goerlitzer-Park-Tatverdaechtige-Afrikaner-haben-keine-Aufenthaltsgenehmigung.jpg\",\"keywords\":[\"Afrikaner\",\"Aufenthaltsgenehmigung\",\"G\u00f6rlitzer\",\"Gruppenvergewaltigung\",\"haben\",\"keine\",\"Park\",\"Tatverd\u00e4chtige\"],\"articleSection\":[\"Deutschland\",\"Russland\"],\"inLanguage\":\"de\",\"potentialAction\":[{\"@type\":\"CommentAction\",\"name\":\"Comment\",\"target\":[\"https:\/\/now-news.de\/de\/deutschland\/gruppenvergewaltigung-im-goerlitzer-park-tatverdaechtige-afrikaner-haben-keine-aufenthaltsgenehmigung\/#respond\"]}]},{\"@type\":\"WebPage\",\"@id\":\"https:\/\/now-news.de\/de\/deutschland\/gruppenvergewaltigung-im-goerlitzer-park-tatverdaechtige-afrikaner-haben-keine-aufenthaltsgenehmigung\/\",\"url\":\"https:\/\/now-news.de\/de\/deutschland\/gruppenvergewaltigung-im-goerlitzer-park-tatverdaechtige-afrikaner-haben-keine-aufenthaltsgenehmigung\/\",\"name\":\"Gruppenvergewaltigung im G\u00f6rlitzer Park: Tatverd\u00e4chtige Afrikaner haben keine Aufenthaltsgenehmigung - just-now.NEWS Deutschland\",\"isPartOf\":{\"@id\":\"https:\/\/now-news.de\/de\/#website\"},\"primaryImageOfPage\":{\"@id\":\"https:\/\/now-news.de\/de\/deutschland\/gruppenvergewaltigung-im-goerlitzer-park-tatverdaechtige-afrikaner-haben-keine-aufenthaltsgenehmigung\/#primaryimage\"},\"image\":{\"@id\":\"https:\/\/now-news.de\/de\/deutschland\/gruppenvergewaltigung-im-goerlitzer-park-tatverdaechtige-afrikaner-haben-keine-aufenthaltsgenehmigung\/#primaryimage\"},\"thumbnailUrl\":\"https:\/\/now-news.de\/de\/wp-content\/uploads\/sites\/3\/2023\/09\/Gruppenvergewaltigung-im-Goerlitzer-Park-Tatverdaechtige-Afrikaner-haben-keine-Aufenthaltsgenehmigung.jpg\",\"datePublished\":\"2023-09-21T12:07:16+00:00\",\"dateModified\":\"2023-09-21T12:07:16+00:00\",\"breadcrumb\":{\"@id\":\"https:\/\/now-news.de\/de\/deutschland\/gruppenvergewaltigung-im-goerlitzer-park-tatverdaechtige-afrikaner-haben-keine-aufenthaltsgenehmigung\/#breadcrumb\"},\"inLanguage\":\"de\",\"potentialAction\":[{\"@type\":\"ReadAction\",\"target\":[\"https:\/\/now-news.de\/de\/deutschland\/gruppenvergewaltigung-im-goerlitzer-park-tatverdaechtige-afrikaner-haben-keine-aufenthaltsgenehmigung\/\"]}]},{\"@type\":\"ImageObject\",\"inLanguage\":\"de\",\"@id\":\"https:\/\/now-news.de\/de\/deutschland\/gruppenvergewaltigung-im-goerlitzer-park-tatverdaechtige-afrikaner-haben-keine-aufenthaltsgenehmigung\/#primaryimage\",\"url\":\"https:\/\/now-news.de\/de\/wp-content\/uploads\/sites\/3\/2023\/09\/Gruppenvergewaltigung-im-Goerlitzer-Park-Tatverdaechtige-Afrikaner-haben-keine-Aufenthaltsgenehmigung.jpg\",\"contentUrl\":\"https:\/\/now-news.de\/de\/wp-content\/uploads\/sites\/3\/2023\/09\/Gruppenvergewaltigung-im-Goerlitzer-Park-Tatverdaechtige-Afrikaner-haben-keine-Aufenthaltsgenehmigung.jpg\",\"width\":460,\"height\":259,\"caption\":\"Gruppenvergewaltigung im G\u00f6rlitzer Park: Tatverd\u00e4chtige Afrikaner haben keine Aufenthaltsgenehmigung\"},{\"@type\":\"BreadcrumbList\",\"@id\":\"https:\/\/now-news.de\/de\/deutschland\/gruppenvergewaltigung-im-goerlitzer-park-tatverdaechtige-afrikaner-haben-keine-aufenthaltsgenehmigung\/#breadcrumb\",\"itemListElement\":[{\"@type\":\"ListItem\",\"position\":1,\"name\":\"Home\",\"item\":\"https:\/\/now-news.de\/de\/\"},{\"@type\":\"ListItem\",\"position\":2,\"name\":\"Gruppenvergewaltigung im G\u00f6rlitzer Park: Tatverd\u00e4chtige Afrikaner haben keine Aufenthaltsgenehmigung\"}]},{\"@type\":\"WebSite\",\"@id\":\"https:\/\/now-news.de\/de\/#website\",\"url\":\"https:\/\/now-news.de\/de\/\",\"name\":\"just-now.NEWS Deutschland\",\"description\":\"Das Portal f\u00fcr unzensierte Nachrichten aus der Welt\",\"publisher\":{\"@id\":\"https:\/\/now-news.de\/de\/#organization\"},\"potentialAction\":[{\"@type\":\"SearchAction\",\"target\":{\"@type\":\"EntryPoint\",\"urlTemplate\":\"https:\/\/now-news.de\/de\/?s={search_term_string}\"},\"query-input\":\"required name=search_term_string\"}],\"inLanguage\":\"de\"},{\"@type\":\"Organization\",\"@id\":\"https:\/\/now-news.de\/de\/#organization\",\"name\":\"Just Now News\",\"url\":\"https:\/\/now-news.de\/de\/\",\"logo\":{\"@type\":\"ImageObject\",\"inLanguage\":\"de\",\"@id\":\"https:\/\/now-news.de\/de\/#\/schema\/logo\/image\/\",\"url\":\"http:\/\/just-now.news\/de\/wp-content\/uploads\/sites\/3\/2022\/04\/logo500x500.jpg\",\"contentUrl\":\"http:\/\/just-now.news\/de\/wp-content\/uploads\/sites\/3\/2022\/04\/logo500x500.jpg\",\"width\":500,\"height\":500,\"caption\":\"Just Now News\"},\"image\":{\"@id\":\"https:\/\/now-news.de\/de\/#\/schema\/logo\/image\/\"},\"sameAs\":[\"https:\/\/www.facebook.com\/wirmachenauf\",\"https:\/\/x.com\/WirMachenAuf_de\"]},{\"@type\":\"Person\",\"@id\":\"https:\/\/now-news.de\/de\/#\/schema\/person\/fb534a4e865501d8b3285208df34a9b5\",\"name\":\"rtnews\",\"image\":{\"@type\":\"ImageObject\",\"inLanguage\":\"de\",\"@id\":\"https:\/\/now-news.de\/de\/#\/schema\/person\/image\/\",\"url\":\"https:\/\/secure.gravatar.com\/avatar\/82aafea7d8127119dd649515f56e2117?s=96&d=mm&r=g\",\"contentUrl\":\"https:\/\/secure.gravatar.com\/avatar\/82aafea7d8127119dd649515f56e2117?s=96&d=mm&r=g\",\"caption\":\"rtnews\"},\"url\":\"https:\/\/now-news.de\/de\/author\/rnews\/\"}]}<\/script>\n<!-- \/ Yoast SEO Premium plugin. -->","yoast_head_json":{"title":"Gruppenvergewaltigung im G\u00f6rlitzer Park: Tatverd\u00e4chtige Afrikaner haben keine Aufenthaltsgenehmigung - just-now.NEWS Deutschland","robots":{"index":"index","follow":"follow","max-snippet":"max-snippet:-1","max-image-preview":"max-image-preview:large","max-video-preview":"max-video-preview:-1"},"canonical":"https:\/\/now-news.de\/de\/deutschland\/gruppenvergewaltigung-im-goerlitzer-park-tatverdaechtige-afrikaner-haben-keine-aufenthaltsgenehmigung\/","og_locale":"de_DE","og_type":"article","og_title":"Gruppenvergewaltigung im G\u00f6rlitzer Park: Tatverd\u00e4chtige Afrikaner haben keine Aufenthaltsgenehmigung","og_description":"Ein Somalier und zwei Guineer sollen im Juni im G\u00f6rlitzer Park eine Frau vergewaltigt und ihren Mann verpr\u00fcgelt haben. Jetzt wurde Anklage gegen die T\u00e4ter erhoben. Dabei stellt sich heraus: Aufgrund zahlreicher anderer Delikte h\u00e4tten sie l\u00e4ngst abgeschoben werden m\u00fcssen. Laut einem Bericht der Berliner Zeitung wurden die Ermittlungen gegen drei M\u00e4nner, die im Juni [&hellip;]","og_url":"https:\/\/now-news.de\/de\/deutschland\/gruppenvergewaltigung-im-goerlitzer-park-tatverdaechtige-afrikaner-haben-keine-aufenthaltsgenehmigung\/","og_site_name":"just-now.NEWS Deutschland","article_publisher":"https:\/\/www.facebook.com\/wirmachenauf","article_published_time":"2023-09-21T12:07:16+00:00","og_image":[{"width":460,"height":259,"url":"https:\/\/now-news.de\/de\/wp-content\/uploads\/sites\/3\/2023\/09\/Gruppenvergewaltigung-im-Goerlitzer-Park-Tatverdaechtige-Afrikaner-haben-keine-Aufenthaltsgenehmigung.jpg","type":"image\/jpeg"}],"author":"rtnews","twitter_card":"summary_large_image","twitter_creator":"@WirMachenAuf_de","twitter_site":"@WirMachenAuf_de","twitter_misc":{"Verfasst von":"rtnews","Gesch\u00e4tzte Lesezeit":"2\u00a0Minuten"},"schema":{"@context":"https:\/\/schema.org","@graph":[{"@type":"Article","@id":"https:\/\/now-news.de\/de\/deutschland\/gruppenvergewaltigung-im-goerlitzer-park-tatverdaechtige-afrikaner-haben-keine-aufenthaltsgenehmigung\/#article","isPartOf":{"@id":"https:\/\/now-news.de\/de\/deutschland\/gruppenvergewaltigung-im-goerlitzer-park-tatverdaechtige-afrikaner-haben-keine-aufenthaltsgenehmigung\/"},"author":{"name":"rtnews","@id":"https:\/\/now-news.de\/de\/#\/schema\/person\/fb534a4e865501d8b3285208df34a9b5"},"headline":"Gruppenvergewaltigung im G\u00f6rlitzer Park: Tatverd\u00e4chtige Afrikaner haben keine Aufenthaltsgenehmigung","datePublished":"2023-09-21T12:07:16+00:00","dateModified":"2023-09-21T12:07:16+00:00","mainEntityOfPage":{"@id":"https:\/\/now-news.de\/de\/deutschland\/gruppenvergewaltigung-im-goerlitzer-park-tatverdaechtige-afrikaner-haben-keine-aufenthaltsgenehmigung\/"},"wordCount":441,"commentCount":0,"publisher":{"@id":"https:\/\/now-news.de\/de\/#organization"},"image":{"@id":"https:\/\/now-news.de\/de\/deutschland\/gruppenvergewaltigung-im-goerlitzer-park-tatverdaechtige-afrikaner-haben-keine-aufenthaltsgenehmigung\/#primaryimage"},"thumbnailUrl":"https:\/\/now-news.de\/de\/wp-content\/uploads\/sites\/3\/2023\/09\/Gruppenvergewaltigung-im-Goerlitzer-Park-Tatverdaechtige-Afrikaner-haben-keine-Aufenthaltsgenehmigung.jpg","keywords":["Afrikaner","Aufenthaltsgenehmigung","G\u00f6rlitzer","Gruppenvergewaltigung","haben","keine","Park","Tatverd\u00e4chtige"],"articleSection":["Deutschland","Russland"],"inLanguage":"de","potentialAction":[{"@type":"CommentAction","name":"Comment","target":["https:\/\/now-news.de\/de\/deutschland\/gruppenvergewaltigung-im-goerlitzer-park-tatverdaechtige-afrikaner-haben-keine-aufenthaltsgenehmigung\/#respond"]}]},{"@type":"WebPage","@id":"https:\/\/now-news.de\/de\/deutschland\/gruppenvergewaltigung-im-goerlitzer-park-tatverdaechtige-afrikaner-haben-keine-aufenthaltsgenehmigung\/","url":"https:\/\/now-news.de\/de\/deutschland\/gruppenvergewaltigung-im-goerlitzer-park-tatverdaechtige-afrikaner-haben-keine-aufenthaltsgenehmigung\/","name":"Gruppenvergewaltigung im G\u00f6rlitzer Park: Tatverd\u00e4chtige Afrikaner haben keine Aufenthaltsgenehmigung - just-now.NEWS Deutschland","isPartOf":{"@id":"https:\/\/now-news.de\/de\/#website"},"primaryImageOfPage":{"@id":"https:\/\/now-news.de\/de\/deutschland\/gruppenvergewaltigung-im-goerlitzer-park-tatverdaechtige-afrikaner-haben-keine-aufenthaltsgenehmigung\/#primaryimage"},"image":{"@id":"https:\/\/now-news.de\/de\/deutschland\/gruppenvergewaltigung-im-goerlitzer-park-tatverdaechtige-afrikaner-haben-keine-aufenthaltsgenehmigung\/#primaryimage"},"thumbnailUrl":"https:\/\/now-news.de\/de\/wp-content\/uploads\/sites\/3\/2023\/09\/Gruppenvergewaltigung-im-Goerlitzer-Park-Tatverdaechtige-Afrikaner-haben-keine-Aufenthaltsgenehmigung.jpg","datePublished":"2023-09-21T12:07:16+00:00","dateModified":"2023-09-21T12:07:16+00:00","breadcrumb":{"@id":"https:\/\/now-news.de\/de\/deutschland\/gruppenvergewaltigung-im-goerlitzer-park-tatverdaechtige-afrikaner-haben-keine-aufenthaltsgenehmigung\/#breadcrumb"},"inLanguage":"de","potentialAction":[{"@type":"ReadAction","target":["https:\/\/now-news.de\/de\/deutschland\/gruppenvergewaltigung-im-goerlitzer-park-tatverdaechtige-afrikaner-haben-keine-aufenthaltsgenehmigung\/"]}]},{"@type":"ImageObject","inLanguage":"de","@id":"https:\/\/now-news.de\/de\/deutschland\/gruppenvergewaltigung-im-goerlitzer-park-tatverdaechtige-afrikaner-haben-keine-aufenthaltsgenehmigung\/#primaryimage","url":"https:\/\/now-news.de\/de\/wp-content\/uploads\/sites\/3\/2023\/09\/Gruppenvergewaltigung-im-Goerlitzer-Park-Tatverdaechtige-Afrikaner-haben-keine-Aufenthaltsgenehmigung.jpg","contentUrl":"https:\/\/now-news.de\/de\/wp-content\/uploads\/sites\/3\/2023\/09\/Gruppenvergewaltigung-im-Goerlitzer-Park-Tatverdaechtige-Afrikaner-haben-keine-Aufenthaltsgenehmigung.jpg","width":460,"height":259,"caption":"Gruppenvergewaltigung im G\u00f6rlitzer Park: Tatverd\u00e4chtige Afrikaner haben keine Aufenthaltsgenehmigung"},{"@type":"BreadcrumbList","@id":"https:\/\/now-news.de\/de\/deutschland\/gruppenvergewaltigung-im-goerlitzer-park-tatverdaechtige-afrikaner-haben-keine-aufenthaltsgenehmigung\/#breadcrumb","itemListElement":[{"@type":"ListItem","position":1,"name":"Home","item":"https:\/\/now-news.de\/de\/"},{"@type":"ListItem","position":2,"name":"Gruppenvergewaltigung im G\u00f6rlitzer Park: Tatverd\u00e4chtige Afrikaner haben keine Aufenthaltsgenehmigung"}]},{"@type":"WebSite","@id":"https:\/\/now-news.de\/de\/#website","url":"https:\/\/now-news.de\/de\/","name":"just-now.NEWS Deutschland","description":"Das Portal f\u00fcr unzensierte Nachrichten aus der Welt","publisher":{"@id":"https:\/\/now-news.de\/de\/#organization"},"potentialAction":[{"@type":"SearchAction","target":{"@type":"EntryPoint","urlTemplate":"https:\/\/now-news.de\/de\/?s={search_term_string}"},"query-input":"required name=search_term_string"}],"inLanguage":"de"},{"@type":"Organization","@id":"https:\/\/now-news.de\/de\/#organization","name":"Just Now News","url":"https:\/\/now-news.de\/de\/","logo":{"@type":"ImageObject","inLanguage":"de","@id":"https:\/\/now-news.de\/de\/#\/schema\/logo\/image\/","url":"http:\/\/just-now.news\/de\/wp-content\/uploads\/sites\/3\/2022\/04\/logo500x500.jpg","contentUrl":"http:\/\/just-now.news\/de\/wp-content\/uploads\/sites\/3\/2022\/04\/logo500x500.jpg","width":500,"height":500,"caption":"Just Now News"},"image":{"@id":"https:\/\/now-news.de\/de\/#\/schema\/logo\/image\/"},"sameAs":["https:\/\/www.facebook.com\/wirmachenauf","https:\/\/x.com\/WirMachenAuf_de"]},{"@type":"Person","@id":"https:\/\/now-news.de\/de\/#\/schema\/person\/fb534a4e865501d8b3285208df34a9b5","name":"rtnews","image":{"@type":"ImageObject","inLanguage":"de","@id":"https:\/\/now-news.de\/de\/#\/schema\/person\/image\/","url":"https:\/\/secure.gravatar.com\/avatar\/82aafea7d8127119dd649515f56e2117?s=96&d=mm&r=g","contentUrl":"https:\/\/secure.gravatar.com\/avatar\/82aafea7d8127119dd649515f56e2117?s=96&d=mm&r=g","caption":"rtnews"},"url":"https:\/\/now-news.de\/de\/author\/rnews\/"}]}},"_links":{"self":[{"href":"https:\/\/now-news.de\/de\/wp-json\/wp\/v2\/posts\/46747"}],"collection":[{"href":"https:\/\/now-news.de\/de\/wp-json\/wp\/v2\/posts"}],"about":[{"href":"https:\/\/now-news.de\/de\/wp-json\/wp\/v2\/types\/post"}],"author":[{"embeddable":true,"href":"https:\/\/now-news.de\/de\/wp-json\/wp\/v2\/users\/3"}],"replies":[{"embeddable":true,"href":"https:\/\/now-news.de\/de\/wp-json\/wp\/v2\/comments?post=46747"}],"version-history":[{"count":0,"href":"https:\/\/now-news.de\/de\/wp-json\/wp\/v2\/posts\/46747\/revisions"}],"wp:featuredmedia":[{"embeddable":true,"href":"https:\/\/now-news.de\/de\/wp-json\/wp\/v2\/media\/46748"}],"wp:attachment":[{"href":"https:\/\/now-news.de\/de\/wp-json\/wp\/v2\/media?parent=46747"}],"wp:term":[{"taxonomy":"category","embeddable":true,"href":"https:\/\/now-news.de\/de\/wp-json\/wp\/v2\/categories?post=46747"},{"taxonomy":"post_tag","embeddable":true,"href":"https:\/\/now-news.de\/de\/wp-json\/wp\/v2\/tags?post=46747"}],"curies":[{"name":"wp","href":"https:\/\/api.w.org\/{rel}","templated":true}]}}