{"id":46719,"date":"2023-09-20T20:33:26","date_gmt":"2023-09-20T18:33:26","guid":{"rendered":"https:\/\/just-now.news\/de\/deutschland\/hinter-dem-indisch-kanadischen-streit-steckt-weit-mehr-als-ein-angebliches-attentat\/"},"modified":"2023-09-20T20:33:26","modified_gmt":"2023-09-20T18:33:26","slug":"hinter-dem-indisch-kanadischen-streit-steckt-weit-mehr-als-ein-angebliches-attentat","status":"publish","type":"post","link":"https:\/\/now-news.de\/de\/deutschland\/hinter-dem-indisch-kanadischen-streit-steckt-weit-mehr-als-ein-angebliches-attentat\/","title":{"rendered":"Hinter dem indisch-kanadischen Streit steckt weit mehr als ein angebliches Attentat"},"content":{"rendered":"<p><img decoding=\"async\" src=\"http:\/\/just-now.news\/de\/wp-content\/uploads\/sites\/3\/2023\/09\/650b288fb480cc58f61e0c26.jpg\" \/><\/p>\n<div class=\"Text-root Text-type_1 \">\n                Je weiter sich der Streit zuspitzt, desto leichter werden Beobachter die diametral entgegengesetzten Weltanschauungen der beiden erkennen k\u00f6nnen, zumal auch andere L\u00e4nder Partei ergreifen d\u00fcrften. Die meisten westlichen L\u00e4nder werden Kanada aus Solidarit\u00e4t mit ihrem faktischen Block des Neuen Kalten Krieges unterst\u00fctzen, w\u00e4hrend die meisten nicht westlichen L\u00e4nder wahrscheinlich Indien unterst\u00fctzen werden, da es ein befreundetes Entwicklungsland ist.\n            <\/div>\n<p><\/p>\n<div class=\"Text-root Text-type_5 ArticleView-text ViewText-root \">\n<p><em>von Andrew Korybko<\/em><\/p>\n<p>Kanada beschuldigte am Montag indische Agenten, im Juni den Doppelb\u00fcrger Hardeep Singh Nijjar ermordet zu haben, wies daraufhin einen seiner Diplomaten aus und versprach, Delhi f\u00fcr dieses angebliche Verbrechen zur Rechenschaft zu ziehen.\u00a0<a rel=\"nofollow noopener\" target=\"_blank\" href=\"https:\/\/www.rt.com\/news\/583178-canada-indian-diplomat-expelled\/\">Indien wies die Anschuldigung zur\u00fcck<\/a>\u00a0und wies im Gegenzug einen kanadischen Spitzendiplomaten aus.<\/p>\n<p>Entgegen der Darstellung in den Medien geht es bei dem indisch-kanadischen Streit um weit mehr als nur um die T\u00f6tung eines Mannes. Vielmehr verk\u00f6rpert er wohl den Zusammenprall der polar entgegengesetzten Weltanschauungen dieser beiden L\u00e4nder.<\/p>\n<p>Aus der Sicht Kanadas war Nijjar ein friedlicher Aktivist, der von seinem in der UNO verankerten Recht Gebrauch machte, die Selbstbestimmung der Sikhs in Indien zu fordern. Ottawa weigerte sich, ihn auf Ersuchen der kanadischen Polizei an den indischen Bundesstaat Punjab auszuliefern, weil es die Anschuldigungen im Zusammenhang mit Terrorismus als politisch ansah. Kanada wusste, dass dies und seine Weigerung, Indiens Ersuchen um\u00a0<a rel=\"nofollow noopener\" target=\"_blank\" href=\"https:\/\/www.theglobeandmail.com\/politics\/article-indian-government-complained-to-ottawa-about-safety-of-diplomatic\/\">Schutz des diplomatischen Besitzes<\/a>\u00a0in diesem Land vor Angriffen assoziierter separatistischer Gruppen nachzukommen, die bilateralen Beziehungen gef\u00e4hrden w\u00fcrde, hielt aber dennoch an seinem Standpunkt fest.<\/p>\n<p>Die Sikh-Diaspora ist in Teilen der kanadischen Politik einflussreich, was diese Position teilweise erkl\u00e4rt, ebenso wie die Bem\u00fchungen von Premierminister Trudeau, sich als Aush\u00e4ngeschild der\u00a0<a rel=\"nofollow noopener\" target=\"_blank\" href=\"https:\/\/korybko.substack.com\/p\/the-wests-liberal-globalist-elite\">liberalen Weltordnung<\/a>\u00a0zu pr\u00e4sentieren. Der erste Punkt ist selbsterkl\u00e4rend, der zweite betrifft die Auffassung, dass die Menschenrechte wichtiger sind als die Rechte des Staates oder die nationale Sicherheit. Ebendarum ist Kanada bereit, die politischen, wirtschaftlichen und rufsch\u00e4digenden Folgen der Aufnahme von Sikh-Separatisten, einschlie\u00dflich derer, die des Terrorismus beschuldigt werden, in Kauf zu nehmen.<\/p>\n<p>Indien hat eine ganz andere Sichtweise. Es ist \u00fcberzeugt, dass Nijjar terroristische Anschl\u00e4ge im Punjab finanziert und organisiert hat, was einen eklatanten Missbrauch seines in der UNO verankerten Rechts darstellt, mit rein politischen Mitteln friedlich f\u00fcr die Selbstbestimmung einzutreten. Die Weigerung Kanadas, ihn auszuliefern, wurde daher als unfreundlich angesehen, und es wurde der Verdacht laut, dass gewaltt\u00e4tige Extremisten entweder erfolgreich die liberale Demokratie &#8220;gehackt&#8221; haben, um Ottawas Au\u00dfenpolitik zu kapern, oder dass Ottawa tats\u00e4chlich\u00a0<a rel=\"nofollow noopener\" target=\"_blank\" href=\"https:\/\/korybko.substack.com\/p\/the-indian-opposition-wants-to-force\">Indien &#8220;balkanisieren&#8221;<\/a>\u00a0will.<\/p>\n<p>In jedem Fall begann Indien, Kanada als mitschuldig an der Bedrohung zu betrachten, die Gruppen wie die von Nijjar f\u00fcr seine nationale Sicherheit darstellen, weil es ihn und andere, die des Gleichen beschuldigt wurden, weiterhin beherbergt. Aus ihrer Sicht wurden die Menschenrechte von ihnen als Deckmantel zur Rechtfertigung des Terrorismus missbraucht, entweder mit dem Einverst\u00e4ndnis der kanadischen Regierung oder weil sie aus innenpolitischen Gr\u00fcnden ein Auge zudr\u00fcckte. Das Leben der \u00fcber 25 Millionen Menschen in Punjab ist daher weiterhin in Gefahr, solange diese Bedrohungen anhalten.<\/p>\n<p>Dieser Einblick in die indische Weltanschauung sollte nicht als Behauptung missverstanden werden, dass Indiens Agenten an der Ermordung von Nijjar schuldig sind, sondern lediglich als Hinweis auf die sicherheitsorientierte Sichtweise des Landes in dieser Frage, die das genaue Gegenteil von Kanadas Besessenheit von der Menschenrechtsdimension dieser Frage ist. Beide L\u00e4nder sind so sehr von ihren jeweiligen Ansichten \u00fcberzeugt, dass sie bereit sind, die Folgen dieses Streits f\u00fcr die bilateralen Beziehungen und ihre weiteren Auswirkungen in Kauf zu nehmen.<\/p>\n<p>Je weiter die Spirale voranschreitet, desto leichter werden Beobachter die diametral entgegengesetzten Weltanschauungen der beiden L\u00e4nder erkennen k\u00f6nnen, zumal auch von anderen L\u00e4ndern erwartet wird, dass sie Partei ergreifen, wenn auch nur informell. Die meisten westlichen L\u00e4nder werden Kanada aus Solidarit\u00e4t mit ihrem faktischen Block des Neuen Kalten Krieges unterst\u00fctzen, w\u00e4hrend die meisten nicht westlichen L\u00e4nder wahrscheinlich Indien unterst\u00fctzen werden, da es ein Entwicklungsland ist. Doch auch die meisten Drittstaaten werden sich aufgrund der Sensibilit\u00e4t dieses Streits nicht allzu deutlich \u00e4u\u00dfern.<\/p>\n<p>Der Westen m\u00f6chte nicht riskieren, seine f\u00fcr beide Seiten vorteilhaften Beziehungen zu Indien zu ruinieren, w\u00e4hrend die nicht westlichen L\u00e4nder nicht wollen, dass ihre Verteidigung Indiens von den Medien verdreht wird, um sie zu diskreditieren. Aus der Sicht der einen hilft Indien ihnen, den Aufstieg ihres chinesischen Systemrivalen\u00a0<a rel=\"nofollow noopener\" target=\"_blank\" href=\"https:\/\/korybko.substack.com\/p\/imec-doesnt-just-compete-with-cpec\">langfristig auszugleichen<\/a>, w\u00e4hrend die anderen bef\u00fcrchten, von einigen Medien wegen angeblicher Unterst\u00fctzung ausl\u00e4ndischer Attentate diffamiert zu werden. Vor diesem Hintergrund wird die westliche und nicht westliche Unterst\u00fctzung Kanadas bzw. Indiens gering ausfallen.<\/p>\n<p>Es k\u00f6nnte jedoch Ausnahmen geben, z.\u00a0B. wenn ein vergleichsweise unbedeutendes westliches Land, das nicht so viel Handel mit Indien treibt, darauf setzt, dass es in der \u00f6ffentlichen Wahrnehmung des Westens mehr zu gewinnen hat, wenn es Trudeaus Anschuldigung enthusiastisch unterst\u00fctzt. Ebenso ist Russland beschuldigt worden, im Ausland Pers\u00f6nlichkeiten ermordet zu haben, die seine Regierung wohl als Bedrohung der nationalen Sicherheit ansah, sodass es wei\u00df, wie sich sein indischer\u00a0<a rel=\"nofollow noopener\" target=\"_blank\" href=\"https:\/\/korybko.substack.com\/p\/korybko-to-rajagopalan-indias-principled\">strategischer<\/a>\u00a0<a rel=\"nofollow noopener\" target=\"_blank\" href=\"https:\/\/korybko.substack.com\/p\/russias-top-diplomat-in-delhi-praised\">Partner<\/a>\u00a0gerade f\u00fchlt, und ihn daher aus Solidarit\u00e4t mit Nachdruck verteidigen k\u00f6nnte.<\/p>\n<p>Um noch einmal auf den Vorfall zur\u00fcckzukommen, der im Mittelpunkt des indisch-kanadischen Streits steht: Es ist zwar verst\u00e4ndlich, dass die Menschen leidenschaftlich dar\u00fcber diskutieren, wer Nijjar wirklich get\u00f6tet haben k\u00f6nnte, doch sollten sie nicht aus den Augen verlieren, dass hier polar entgegengesetzte Weltanschauungen aufeinanderprallen. Die kanadische Sichtweise konzentriert sich auf die Menschenrechte auf Kosten der nationalen Sicherheit Indiens, w\u00e4hrend die indische Sichtweise sicherheitsorientiert ist, was nach Ansicht Ottawas auf Kosten der Menschenrechte der Menschen geht. Beide repr\u00e4sentieren die allgemeine westliche und nichtwestliche Weltanschauung.<\/p>\n<p>Diese Angelegenheit ist daher weitaus wichtiger als die Ermordung eines Mannes, denn sie birgt die Gefahr einer weiteren Polarisierung zwischen dem Westen und dem Nichtwesten im Neuen Kalten Krieg. Das wiederum wird es f\u00fcr Indien schwieriger machen, weiterhin als\u00a0<a rel=\"nofollow noopener\" target=\"_blank\" href=\"https:\/\/korybko.substack.com\/p\/towards-tri-multipolarity-the-golden\">Br\u00fccke zwischen diesen beiden De-facto-Bl\u00f6cken<\/a>\u00a0zu fungieren. Trudeaus Bem\u00fchungen, den Balanceakt zu st\u00f6ren, indem er die Ermordung Nijjars zu einer weltweiten Mediensensation macht, anstatt sie gem\u00e4\u00df dem diplomatischen Protokoll hinter verschlossenen T\u00fcren zu behandeln, k\u00f6nnten daher den Interessen des Globalen S\u00fcdens insgesamt schaden.<\/p>\n<p><em>Aus dem\u00a0<a rel=\"nofollow noopener\" target=\"_blank\" href=\"https:\/\/korybko.substack.com\/p\/theres-a-lot-more-to-the-indian-canadian?utm_source=profile&amp;utm_medium=reader2\">Englischen<\/a><\/em><\/p>\n<p><em>Andrew Korybko ist ein in Moskau ans\u00e4ssiger amerikanischer Politologe, der sich auf die US-Strategie in Afrika und Eurasien sowie auf Chinas Belt &amp; Road-Initiative, Russlands geopolitischen Balanceakt und hybride Kriegsf\u00fchrung spezialisiert hat.<\/em><\/p>\n<p><strong>Mehr zum Thema<\/strong> &#8211; <a rel=\"nofollow noopener\" target=\"_blank\" href=\"https:\/\/freedert.online\/international\/180129-g-20-gipfel-usa-versuchen\/\">G20-Gipfel: USA werben um Indien f\u00fcr ihren Systemwettbewerb gegen China<\/a><\/p>\n<\/p>\n<\/div>\n<p><br \/>\n<br \/><a href=\"https:\/\/de.rt.com\/international\/181303-hinter-indisch-kanadischen-streit-steckt\/\">Source link <\/a><\/p>\n","protected":false},"excerpt":{"rendered":"<p>Je weiter sich der Streit zuspitzt, desto leichter werden Beobachter die diametral entgegengesetzten Weltanschauungen der beiden erkennen k\u00f6nnen, zumal auch andere L\u00e4nder Partei ergreifen d\u00fcrften. Die meisten westlichen L\u00e4nder werden Kanada aus Solidarit\u00e4t mit ihrem faktischen Block des Neuen Kalten Krieges unterst\u00fctzen, w\u00e4hrend die meisten nicht westlichen L\u00e4nder wahrscheinlich Indien unterst\u00fctzen werden, da es ein [&hellip;]<\/p>\n","protected":false},"author":3,"featured_media":46720,"comment_status":"open","ping_status":"open","sticky":false,"template":"","format":"standard","meta":{"_yoast_indexnow_last_ping":["1695235499"],"wp_automatic_camp":["217"],"5c46452e53780db0065170516ca51761":["Hinter dem indisch-kanadischen Streit steckt weit mehr als ein angebliches Attentat"],"original_link":["https:\/\/de.rt.com\/international\/181303-hinter-indisch-kanadischen-streit-steckt\/"],"_thumbnail_id":["46720"],"jnews_social_counter_last_update":["1777318744"]},"categories":[19,23],"tags":[273,24921,10708,134,357,4440,49064,2063,705,8148,15976],"yoast_head":"<!-- This site is optimized with the Yoast SEO Premium plugin v22.7 (Yoast SEO v22.7) - https:\/\/yoast.com\/wordpress\/plugins\/seo\/ -->\n<title>Hinter dem indisch-kanadischen Streit steckt weit mehr als ein angebliches Attentat - just-now.NEWS Deutschland<\/title>\n<meta name=\"robots\" content=\"index, follow, max-snippet:-1, max-image-preview:large, max-video-preview:-1\" \/>\n<link rel=\"canonical\" href=\"https:\/\/now-news.de\/de\/deutschland\/hinter-dem-indisch-kanadischen-streit-steckt-weit-mehr-als-ein-angebliches-attentat\/\" \/>\n<meta property=\"og:locale\" content=\"de_DE\" \/>\n<meta property=\"og:type\" content=\"article\" \/>\n<meta property=\"og:title\" content=\"Hinter dem indisch-kanadischen Streit steckt weit mehr als ein angebliches Attentat\" \/>\n<meta property=\"og:description\" content=\"Je weiter sich der Streit zuspitzt, desto leichter werden Beobachter die diametral entgegengesetzten Weltanschauungen der beiden erkennen k\u00f6nnen, zumal auch andere L\u00e4nder Partei ergreifen d\u00fcrften. Die meisten westlichen L\u00e4nder werden Kanada aus Solidarit\u00e4t mit ihrem faktischen Block des Neuen Kalten Krieges unterst\u00fctzen, w\u00e4hrend die meisten nicht westlichen L\u00e4nder wahrscheinlich Indien unterst\u00fctzen werden, da es ein [&hellip;]\" \/>\n<meta property=\"og:url\" content=\"https:\/\/now-news.de\/de\/deutschland\/hinter-dem-indisch-kanadischen-streit-steckt-weit-mehr-als-ein-angebliches-attentat\/\" \/>\n<meta property=\"og:site_name\" content=\"just-now.NEWS Deutschland\" \/>\n<meta property=\"article:publisher\" content=\"https:\/\/www.facebook.com\/wirmachenauf\" \/>\n<meta property=\"article:published_time\" content=\"2023-09-20T18:33:26+00:00\" \/>\n<meta property=\"og:image\" content=\"https:\/\/now-news.de\/de\/wp-content\/uploads\/sites\/3\/2023\/09\/Hinter-dem-indisch-kanadischen-Streit-steckt-weit-mehr-als-ein-angebliches.jpg\" \/>\n\t<meta property=\"og:image:width\" content=\"460\" \/>\n\t<meta property=\"og:image:height\" content=\"259\" \/>\n\t<meta property=\"og:image:type\" content=\"image\/jpeg\" \/>\n<meta name=\"author\" content=\"rtnews\" \/>\n<meta name=\"twitter:card\" content=\"summary_large_image\" \/>\n<meta name=\"twitter:creator\" content=\"@WirMachenAuf_de\" \/>\n<meta name=\"twitter:site\" content=\"@WirMachenAuf_de\" \/>\n<meta name=\"twitter:label1\" content=\"Verfasst von\" \/>\n\t<meta name=\"twitter:data1\" content=\"rtnews\" \/>\n\t<meta name=\"twitter:label2\" content=\"Gesch\u00e4tzte Lesezeit\" \/>\n\t<meta name=\"twitter:data2\" content=\"5\u00a0Minuten\" \/>\n<script type=\"application\/ld+json\" class=\"yoast-schema-graph\">{\"@context\":\"https:\/\/schema.org\",\"@graph\":[{\"@type\":\"Article\",\"@id\":\"https:\/\/now-news.de\/de\/deutschland\/hinter-dem-indisch-kanadischen-streit-steckt-weit-mehr-als-ein-angebliches-attentat\/#article\",\"isPartOf\":{\"@id\":\"https:\/\/now-news.de\/de\/deutschland\/hinter-dem-indisch-kanadischen-streit-steckt-weit-mehr-als-ein-angebliches-attentat\/\"},\"author\":{\"name\":\"rtnews\",\"@id\":\"https:\/\/now-news.de\/de\/#\/schema\/person\/fb534a4e865501d8b3285208df34a9b5\"},\"headline\":\"Hinter dem indisch-kanadischen Streit steckt weit mehr als ein angebliches Attentat\",\"datePublished\":\"2023-09-20T18:33:26+00:00\",\"dateModified\":\"2023-09-20T18:33:26+00:00\",\"mainEntityOfPage\":{\"@id\":\"https:\/\/now-news.de\/de\/deutschland\/hinter-dem-indisch-kanadischen-streit-steckt-weit-mehr-als-ein-angebliches-attentat\/\"},\"wordCount\":1098,\"commentCount\":0,\"publisher\":{\"@id\":\"https:\/\/now-news.de\/de\/#organization\"},\"image\":{\"@id\":\"https:\/\/now-news.de\/de\/deutschland\/hinter-dem-indisch-kanadischen-streit-steckt-weit-mehr-als-ein-angebliches-attentat\/#primaryimage\"},\"thumbnailUrl\":\"https:\/\/now-news.de\/de\/wp-content\/uploads\/sites\/3\/2023\/09\/Hinter-dem-indisch-kanadischen-Streit-steckt-weit-mehr-als-ein-angebliches.jpg\",\"keywords\":[\"als\",\"angebliches\",\"Attentat\",\"DEM\",\"ein\",\"hinter\",\"indischkanadischen\",\"mehr\",\"steckt\",\"Streit\",\"weit\"],\"articleSection\":[\"Deutschland\",\"Russland\"],\"inLanguage\":\"de\",\"potentialAction\":[{\"@type\":\"CommentAction\",\"name\":\"Comment\",\"target\":[\"https:\/\/now-news.de\/de\/deutschland\/hinter-dem-indisch-kanadischen-streit-steckt-weit-mehr-als-ein-angebliches-attentat\/#respond\"]}]},{\"@type\":\"WebPage\",\"@id\":\"https:\/\/now-news.de\/de\/deutschland\/hinter-dem-indisch-kanadischen-streit-steckt-weit-mehr-als-ein-angebliches-attentat\/\",\"url\":\"https:\/\/now-news.de\/de\/deutschland\/hinter-dem-indisch-kanadischen-streit-steckt-weit-mehr-als-ein-angebliches-attentat\/\",\"name\":\"Hinter dem indisch-kanadischen Streit steckt weit mehr als ein angebliches Attentat - just-now.NEWS Deutschland\",\"isPartOf\":{\"@id\":\"https:\/\/now-news.de\/de\/#website\"},\"primaryImageOfPage\":{\"@id\":\"https:\/\/now-news.de\/de\/deutschland\/hinter-dem-indisch-kanadischen-streit-steckt-weit-mehr-als-ein-angebliches-attentat\/#primaryimage\"},\"image\":{\"@id\":\"https:\/\/now-news.de\/de\/deutschland\/hinter-dem-indisch-kanadischen-streit-steckt-weit-mehr-als-ein-angebliches-attentat\/#primaryimage\"},\"thumbnailUrl\":\"https:\/\/now-news.de\/de\/wp-content\/uploads\/sites\/3\/2023\/09\/Hinter-dem-indisch-kanadischen-Streit-steckt-weit-mehr-als-ein-angebliches.jpg\",\"datePublished\":\"2023-09-20T18:33:26+00:00\",\"dateModified\":\"2023-09-20T18:33:26+00:00\",\"breadcrumb\":{\"@id\":\"https:\/\/now-news.de\/de\/deutschland\/hinter-dem-indisch-kanadischen-streit-steckt-weit-mehr-als-ein-angebliches-attentat\/#breadcrumb\"},\"inLanguage\":\"de\",\"potentialAction\":[{\"@type\":\"ReadAction\",\"target\":[\"https:\/\/now-news.de\/de\/deutschland\/hinter-dem-indisch-kanadischen-streit-steckt-weit-mehr-als-ein-angebliches-attentat\/\"]}]},{\"@type\":\"ImageObject\",\"inLanguage\":\"de\",\"@id\":\"https:\/\/now-news.de\/de\/deutschland\/hinter-dem-indisch-kanadischen-streit-steckt-weit-mehr-als-ein-angebliches-attentat\/#primaryimage\",\"url\":\"https:\/\/now-news.de\/de\/wp-content\/uploads\/sites\/3\/2023\/09\/Hinter-dem-indisch-kanadischen-Streit-steckt-weit-mehr-als-ein-angebliches.jpg\",\"contentUrl\":\"https:\/\/now-news.de\/de\/wp-content\/uploads\/sites\/3\/2023\/09\/Hinter-dem-indisch-kanadischen-Streit-steckt-weit-mehr-als-ein-angebliches.jpg\",\"width\":460,\"height\":259,\"caption\":\"Hinter dem indisch-kanadischen Streit steckt weit mehr als ein angebliches Attentat\"},{\"@type\":\"BreadcrumbList\",\"@id\":\"https:\/\/now-news.de\/de\/deutschland\/hinter-dem-indisch-kanadischen-streit-steckt-weit-mehr-als-ein-angebliches-attentat\/#breadcrumb\",\"itemListElement\":[{\"@type\":\"ListItem\",\"position\":1,\"name\":\"Home\",\"item\":\"https:\/\/now-news.de\/de\/\"},{\"@type\":\"ListItem\",\"position\":2,\"name\":\"Hinter dem indisch-kanadischen Streit steckt weit mehr als ein angebliches Attentat\"}]},{\"@type\":\"WebSite\",\"@id\":\"https:\/\/now-news.de\/de\/#website\",\"url\":\"https:\/\/now-news.de\/de\/\",\"name\":\"just-now.NEWS Deutschland\",\"description\":\"Das Portal f\u00fcr unzensierte Nachrichten aus der Welt\",\"publisher\":{\"@id\":\"https:\/\/now-news.de\/de\/#organization\"},\"potentialAction\":[{\"@type\":\"SearchAction\",\"target\":{\"@type\":\"EntryPoint\",\"urlTemplate\":\"https:\/\/now-news.de\/de\/?s={search_term_string}\"},\"query-input\":\"required name=search_term_string\"}],\"inLanguage\":\"de\"},{\"@type\":\"Organization\",\"@id\":\"https:\/\/now-news.de\/de\/#organization\",\"name\":\"Just Now News\",\"url\":\"https:\/\/now-news.de\/de\/\",\"logo\":{\"@type\":\"ImageObject\",\"inLanguage\":\"de\",\"@id\":\"https:\/\/now-news.de\/de\/#\/schema\/logo\/image\/\",\"url\":\"http:\/\/just-now.news\/de\/wp-content\/uploads\/sites\/3\/2022\/04\/logo500x500.jpg\",\"contentUrl\":\"http:\/\/just-now.news\/de\/wp-content\/uploads\/sites\/3\/2022\/04\/logo500x500.jpg\",\"width\":500,\"height\":500,\"caption\":\"Just Now News\"},\"image\":{\"@id\":\"https:\/\/now-news.de\/de\/#\/schema\/logo\/image\/\"},\"sameAs\":[\"https:\/\/www.facebook.com\/wirmachenauf\",\"https:\/\/x.com\/WirMachenAuf_de\"]},{\"@type\":\"Person\",\"@id\":\"https:\/\/now-news.de\/de\/#\/schema\/person\/fb534a4e865501d8b3285208df34a9b5\",\"name\":\"rtnews\",\"image\":{\"@type\":\"ImageObject\",\"inLanguage\":\"de\",\"@id\":\"https:\/\/now-news.de\/de\/#\/schema\/person\/image\/\",\"url\":\"https:\/\/secure.gravatar.com\/avatar\/82aafea7d8127119dd649515f56e2117?s=96&d=mm&r=g\",\"contentUrl\":\"https:\/\/secure.gravatar.com\/avatar\/82aafea7d8127119dd649515f56e2117?s=96&d=mm&r=g\",\"caption\":\"rtnews\"},\"url\":\"https:\/\/now-news.de\/de\/author\/rnews\/\"}]}<\/script>\n<!-- \/ Yoast SEO Premium plugin. -->","yoast_head_json":{"title":"Hinter dem indisch-kanadischen Streit steckt weit mehr als ein angebliches Attentat - just-now.NEWS Deutschland","robots":{"index":"index","follow":"follow","max-snippet":"max-snippet:-1","max-image-preview":"max-image-preview:large","max-video-preview":"max-video-preview:-1"},"canonical":"https:\/\/now-news.de\/de\/deutschland\/hinter-dem-indisch-kanadischen-streit-steckt-weit-mehr-als-ein-angebliches-attentat\/","og_locale":"de_DE","og_type":"article","og_title":"Hinter dem indisch-kanadischen Streit steckt weit mehr als ein angebliches Attentat","og_description":"Je weiter sich der Streit zuspitzt, desto leichter werden Beobachter die diametral entgegengesetzten Weltanschauungen der beiden erkennen k\u00f6nnen, zumal auch andere L\u00e4nder Partei ergreifen d\u00fcrften. Die meisten westlichen L\u00e4nder werden Kanada aus Solidarit\u00e4t mit ihrem faktischen Block des Neuen Kalten Krieges unterst\u00fctzen, w\u00e4hrend die meisten nicht westlichen L\u00e4nder wahrscheinlich Indien unterst\u00fctzen werden, da es ein [&hellip;]","og_url":"https:\/\/now-news.de\/de\/deutschland\/hinter-dem-indisch-kanadischen-streit-steckt-weit-mehr-als-ein-angebliches-attentat\/","og_site_name":"just-now.NEWS Deutschland","article_publisher":"https:\/\/www.facebook.com\/wirmachenauf","article_published_time":"2023-09-20T18:33:26+00:00","og_image":[{"width":460,"height":259,"url":"https:\/\/now-news.de\/de\/wp-content\/uploads\/sites\/3\/2023\/09\/Hinter-dem-indisch-kanadischen-Streit-steckt-weit-mehr-als-ein-angebliches.jpg","type":"image\/jpeg"}],"author":"rtnews","twitter_card":"summary_large_image","twitter_creator":"@WirMachenAuf_de","twitter_site":"@WirMachenAuf_de","twitter_misc":{"Verfasst von":"rtnews","Gesch\u00e4tzte Lesezeit":"5\u00a0Minuten"},"schema":{"@context":"https:\/\/schema.org","@graph":[{"@type":"Article","@id":"https:\/\/now-news.de\/de\/deutschland\/hinter-dem-indisch-kanadischen-streit-steckt-weit-mehr-als-ein-angebliches-attentat\/#article","isPartOf":{"@id":"https:\/\/now-news.de\/de\/deutschland\/hinter-dem-indisch-kanadischen-streit-steckt-weit-mehr-als-ein-angebliches-attentat\/"},"author":{"name":"rtnews","@id":"https:\/\/now-news.de\/de\/#\/schema\/person\/fb534a4e865501d8b3285208df34a9b5"},"headline":"Hinter dem indisch-kanadischen Streit steckt weit mehr als ein angebliches Attentat","datePublished":"2023-09-20T18:33:26+00:00","dateModified":"2023-09-20T18:33:26+00:00","mainEntityOfPage":{"@id":"https:\/\/now-news.de\/de\/deutschland\/hinter-dem-indisch-kanadischen-streit-steckt-weit-mehr-als-ein-angebliches-attentat\/"},"wordCount":1098,"commentCount":0,"publisher":{"@id":"https:\/\/now-news.de\/de\/#organization"},"image":{"@id":"https:\/\/now-news.de\/de\/deutschland\/hinter-dem-indisch-kanadischen-streit-steckt-weit-mehr-als-ein-angebliches-attentat\/#primaryimage"},"thumbnailUrl":"https:\/\/now-news.de\/de\/wp-content\/uploads\/sites\/3\/2023\/09\/Hinter-dem-indisch-kanadischen-Streit-steckt-weit-mehr-als-ein-angebliches.jpg","keywords":["als","angebliches","Attentat","DEM","ein","hinter","indischkanadischen","mehr","steckt","Streit","weit"],"articleSection":["Deutschland","Russland"],"inLanguage":"de","potentialAction":[{"@type":"CommentAction","name":"Comment","target":["https:\/\/now-news.de\/de\/deutschland\/hinter-dem-indisch-kanadischen-streit-steckt-weit-mehr-als-ein-angebliches-attentat\/#respond"]}]},{"@type":"WebPage","@id":"https:\/\/now-news.de\/de\/deutschland\/hinter-dem-indisch-kanadischen-streit-steckt-weit-mehr-als-ein-angebliches-attentat\/","url":"https:\/\/now-news.de\/de\/deutschland\/hinter-dem-indisch-kanadischen-streit-steckt-weit-mehr-als-ein-angebliches-attentat\/","name":"Hinter dem indisch-kanadischen Streit steckt weit mehr als ein angebliches Attentat - just-now.NEWS Deutschland","isPartOf":{"@id":"https:\/\/now-news.de\/de\/#website"},"primaryImageOfPage":{"@id":"https:\/\/now-news.de\/de\/deutschland\/hinter-dem-indisch-kanadischen-streit-steckt-weit-mehr-als-ein-angebliches-attentat\/#primaryimage"},"image":{"@id":"https:\/\/now-news.de\/de\/deutschland\/hinter-dem-indisch-kanadischen-streit-steckt-weit-mehr-als-ein-angebliches-attentat\/#primaryimage"},"thumbnailUrl":"https:\/\/now-news.de\/de\/wp-content\/uploads\/sites\/3\/2023\/09\/Hinter-dem-indisch-kanadischen-Streit-steckt-weit-mehr-als-ein-angebliches.jpg","datePublished":"2023-09-20T18:33:26+00:00","dateModified":"2023-09-20T18:33:26+00:00","breadcrumb":{"@id":"https:\/\/now-news.de\/de\/deutschland\/hinter-dem-indisch-kanadischen-streit-steckt-weit-mehr-als-ein-angebliches-attentat\/#breadcrumb"},"inLanguage":"de","potentialAction":[{"@type":"ReadAction","target":["https:\/\/now-news.de\/de\/deutschland\/hinter-dem-indisch-kanadischen-streit-steckt-weit-mehr-als-ein-angebliches-attentat\/"]}]},{"@type":"ImageObject","inLanguage":"de","@id":"https:\/\/now-news.de\/de\/deutschland\/hinter-dem-indisch-kanadischen-streit-steckt-weit-mehr-als-ein-angebliches-attentat\/#primaryimage","url":"https:\/\/now-news.de\/de\/wp-content\/uploads\/sites\/3\/2023\/09\/Hinter-dem-indisch-kanadischen-Streit-steckt-weit-mehr-als-ein-angebliches.jpg","contentUrl":"https:\/\/now-news.de\/de\/wp-content\/uploads\/sites\/3\/2023\/09\/Hinter-dem-indisch-kanadischen-Streit-steckt-weit-mehr-als-ein-angebliches.jpg","width":460,"height":259,"caption":"Hinter dem indisch-kanadischen Streit steckt weit mehr als ein angebliches Attentat"},{"@type":"BreadcrumbList","@id":"https:\/\/now-news.de\/de\/deutschland\/hinter-dem-indisch-kanadischen-streit-steckt-weit-mehr-als-ein-angebliches-attentat\/#breadcrumb","itemListElement":[{"@type":"ListItem","position":1,"name":"Home","item":"https:\/\/now-news.de\/de\/"},{"@type":"ListItem","position":2,"name":"Hinter dem indisch-kanadischen Streit steckt weit mehr als ein angebliches Attentat"}]},{"@type":"WebSite","@id":"https:\/\/now-news.de\/de\/#website","url":"https:\/\/now-news.de\/de\/","name":"just-now.NEWS Deutschland","description":"Das Portal f\u00fcr unzensierte Nachrichten aus der Welt","publisher":{"@id":"https:\/\/now-news.de\/de\/#organization"},"potentialAction":[{"@type":"SearchAction","target":{"@type":"EntryPoint","urlTemplate":"https:\/\/now-news.de\/de\/?s={search_term_string}"},"query-input":"required name=search_term_string"}],"inLanguage":"de"},{"@type":"Organization","@id":"https:\/\/now-news.de\/de\/#organization","name":"Just Now News","url":"https:\/\/now-news.de\/de\/","logo":{"@type":"ImageObject","inLanguage":"de","@id":"https:\/\/now-news.de\/de\/#\/schema\/logo\/image\/","url":"http:\/\/just-now.news\/de\/wp-content\/uploads\/sites\/3\/2022\/04\/logo500x500.jpg","contentUrl":"http:\/\/just-now.news\/de\/wp-content\/uploads\/sites\/3\/2022\/04\/logo500x500.jpg","width":500,"height":500,"caption":"Just Now News"},"image":{"@id":"https:\/\/now-news.de\/de\/#\/schema\/logo\/image\/"},"sameAs":["https:\/\/www.facebook.com\/wirmachenauf","https:\/\/x.com\/WirMachenAuf_de"]},{"@type":"Person","@id":"https:\/\/now-news.de\/de\/#\/schema\/person\/fb534a4e865501d8b3285208df34a9b5","name":"rtnews","image":{"@type":"ImageObject","inLanguage":"de","@id":"https:\/\/now-news.de\/de\/#\/schema\/person\/image\/","url":"https:\/\/secure.gravatar.com\/avatar\/82aafea7d8127119dd649515f56e2117?s=96&d=mm&r=g","contentUrl":"https:\/\/secure.gravatar.com\/avatar\/82aafea7d8127119dd649515f56e2117?s=96&d=mm&r=g","caption":"rtnews"},"url":"https:\/\/now-news.de\/de\/author\/rnews\/"}]}},"_links":{"self":[{"href":"https:\/\/now-news.de\/de\/wp-json\/wp\/v2\/posts\/46719"}],"collection":[{"href":"https:\/\/now-news.de\/de\/wp-json\/wp\/v2\/posts"}],"about":[{"href":"https:\/\/now-news.de\/de\/wp-json\/wp\/v2\/types\/post"}],"author":[{"embeddable":true,"href":"https:\/\/now-news.de\/de\/wp-json\/wp\/v2\/users\/3"}],"replies":[{"embeddable":true,"href":"https:\/\/now-news.de\/de\/wp-json\/wp\/v2\/comments?post=46719"}],"version-history":[{"count":0,"href":"https:\/\/now-news.de\/de\/wp-json\/wp\/v2\/posts\/46719\/revisions"}],"wp:featuredmedia":[{"embeddable":true,"href":"https:\/\/now-news.de\/de\/wp-json\/wp\/v2\/media\/46720"}],"wp:attachment":[{"href":"https:\/\/now-news.de\/de\/wp-json\/wp\/v2\/media?parent=46719"}],"wp:term":[{"taxonomy":"category","embeddable":true,"href":"https:\/\/now-news.de\/de\/wp-json\/wp\/v2\/categories?post=46719"},{"taxonomy":"post_tag","embeddable":true,"href":"https:\/\/now-news.de\/de\/wp-json\/wp\/v2\/tags?post=46719"}],"curies":[{"name":"wp","href":"https:\/\/api.w.org\/{rel}","templated":true}]}}