{"id":46717,"date":"2023-09-20T20:19:59","date_gmt":"2023-09-20T18:19:59","guid":{"rendered":"https:\/\/just-now.news\/de\/deutschland\/eine-art-von-invasion-aus-schwarzafrika-afd-abgeordneter-zu-lampedusa\/"},"modified":"2023-09-20T20:19:59","modified_gmt":"2023-09-20T18:19:59","slug":"eine-art-von-invasion-aus-schwarzafrika-afd-abgeordneter-zu-lampedusa","status":"publish","type":"post","link":"https:\/\/now-news.de\/de\/deutschland\/eine-art-von-invasion-aus-schwarzafrika-afd-abgeordneter-zu-lampedusa\/","title":{"rendered":"&quot;Eine Art von Invasion aus Schwarzafrika&quot; \u2013 AfD-Abgeordneter zu Lampedusa"},"content":{"rendered":"<p><img decoding=\"async\" src=\"http:\/\/just-now.news\/de\/wp-content\/uploads\/sites\/3\/2023\/09\/650af4dab480cc58b344fbd4.jpg\" \/><\/p>\n<div class=\"Text-root Text-type_1 \">\n                Gefragt nach der Lage auf der kleinen italienischen Insel Lampedusa, wo immer wieder neue Wellen afrikanischer Migranten ankommen, sprach der AfD-Bundestagsabgeordnete Bernd Baumann von einer &#8220;extremen Zuspitzung&#8221; und &#8220;einer Art Invasion&#8221;.\n            <\/div>\n<p><\/p>\n<div class=\"Text-root Text-type_5 ArticleView-text ViewText-root \">\n<p>Der parlamentarische Gesch\u00e4ftsf\u00fchrer der AfD-Fraktion, Bernd Baumann, stellte am Dienstag mit weiteren Abgeordneten die Antr\u00e4ge und Initiativen der Fraktion f\u00fcr die aktuelle Sitzungswoche vor. Abseits der Themen der Konferenz fragte eine Journalistin der <em>Neuen Osnabr\u00fccker Zeitung<\/em> nach einer Einsch\u00e4tzung der Situation auf Lampedusa.<\/p>\n<p>In seiner Stellungnahme zur\u00a0Situation auf der kleinen italienischen Insel sprach Baumann von einer &#8220;extremen Zuspitzung&#8221; und verwies auf die Bilder, auf denen volle Boote mit aus Schwarzafrika stammenden M\u00e4nnern zu sehen sind. Seit mehreren Tagen erreichen immer neue Boote aus Nordafrika Lampedusa. Die Aufnahmekapazit\u00e4ten sind bereits ersch\u00f6pft, B\u00fcrgermeister der Insel sprachen von Invasoren.<\/p>\n<p><strong>Baumann: Grenzschutz ist m\u00f6glich<\/strong><\/p>\n<p>Baumann verwies in diesem Zusammenhang auf Tumulte. Die italienische Ministerpr\u00e4sidentin Meloni habe zwar Vorschl\u00e4ge gemacht, wie kurzfristig zu reagieren sei. Die EU-Kommissionspr\u00e4sidentin Ursula von der Leyen, die bereits vor Ort war, sagte jedoch lediglich, dass man die Verteilung der Einwanderer zu verbessern beabsichtige. Man wolle also nicht direkt eingreifen, kritisierte Baumann, Grenzschutz sei allerdings m\u00f6glich. Auf Nachfrage, wie der Grenzschutz im Fall Lampedusa aussehen sollte, sagte Baumann:<\/p>\n<blockquote>\n<p><em>&#8220;Es ist ja im Grunde eine Art Invasion. Dass dies mit Schutzsucherei nichts mehr zu tun hat, ist doch klar.&#8221;<\/em><\/p>\n<\/blockquote>\n<p>Um diesen Missbrauch des Asylrechts zu unterbinden, m\u00fcsse man kurzfristig eingreifen. Mittelfristig gebe es Konzepte, wie man am Beispiel D\u00e4nemark sehen k\u00f6nne. Dort schaffe man es, &#8220;Migration dramatisch zur\u00fcckzuf\u00fchren&#8221;. Laut Baumann brauche es eine &#8220;echte Kontrolle&#8221; an den EU-Au\u00dfengrenzen und an den deutschen Grenzen sowie Abschiebungen &#8220;in vern\u00fcnftiger Art und Weise&#8221;.<\/p>\n<div class=\"EmbedBlock-root EmbedBlock-twitter\">\n<div class=\"TwitterEmbed\">\n<blockquote class=\"twitter-tweet lazyload\" data-twitter=\"twitter-tweet\">\n<p lang=\"de\" dir=\"ltr\">W O W\u2757\ufe0fDr. Bernd Baumann, <a rel=\"nofollow noopener\" target=\"_blank\" href=\"https:\/\/twitter.com\/hashtag\/AfD?src=hash&amp;ref_src=twsrc%5Etfw\">#AfD<\/a>, in emotionaler Antwort auf die Frage einer Hauptstadtjournalistin zu <a rel=\"nofollow noopener\" target=\"_blank\" href=\"https:\/\/twitter.com\/hashtag\/Lampedusa?src=hash&amp;ref_src=twsrc%5Etfw\">#Lampedusa<\/a>.UNGESCHNITTEN! \ud83d\udd3a\u201cEine Art von Invasion aus Schwarzafrika.\ud83d\udd3aDas hat mit Schutzsucherei nichts mehr zu tun! Man will nach \ud83c\udde9\ud83c\uddeains Sozialparadies.\ud83d\udd3aEchte\u2026 <a rel=\"nofollow noopener\" target=\"_blank\" href=\"https:\/\/t.co\/XZiEKJblPp\">pic.twitter.com\/XZiEKJblPp<\/a><\/p>\n<p>\u2014 Andreas Patzwahl (@APatzwahl) <a rel=\"nofollow noopener\" target=\"_blank\" href=\"https:\/\/twitter.com\/APatzwahl\/status\/1704122959730737206?ref_src=twsrc%5Etfw\">September 19, 2023<\/a><\/p><\/blockquote>\n<\/div>\n<\/div>\n<p><strong>Anreize nur noch &#8220;religi\u00f6s&#8221; begr\u00fcndbar<\/strong><\/p>\n<p>Ebenso m\u00fcsse man endlich die Anreize f\u00fcr Einwanderer, die in Deutschland &#8220;sinnloser-, dummerweise&#8221; best\u00fcnden, abschaffen. Diese Anreize, so Baumann, seien nicht mehr politisch, sondern h\u00f6chstens noch religi\u00f6s begr\u00fcndbar, etwa durch ideologische Konzepte der Gr\u00fcnen Jugend, die &#8220;die Gesellschaft divers machen wollen&#8221;. Mit Schutz habe das nichts mehr zu tun.<\/p>\n<p>Dagegen fordert Baumann, die Einstellung der Zahlungen von B\u00fcrgergeld an Asylbewerber und die R\u00fcckkehr zur Vergabe von Sachleistungen, wie es auch andere Staaten handhaben w\u00fcrden. Dies sei auch der Wille der Mehrheit der Deutschen. Lediglich die Bundesregierung weigere sich, entsprechend zu handeln.<\/p>\n<blockquote>\n<p><em>&#8220;Drei Viertel, vier F\u00fcnftel sagen: Wir wollen das nicht. Und Faeser macht trotzdem weiter.&#8221;<\/em><\/p>\n<\/blockquote>\n<p><strong>Mehr zum Thema\u00a0<\/strong>\u2013\u00a0<a rel=\"nofollow noopener\" target=\"_blank\" href=\"https:\/\/freedert.online\/europa\/181346-krise-geht-weiter-wieder-ueber-170-in-lampedusa-angekommen\/\">Krise geht weiter: Wieder \u00fcber 170 Migranten auf Lampedusa angekommen<\/a><\/p>\n<div class=\"EmbedBlock-root EmbedBlock-externalVideo EmbedBlock-vk\">\n<div class=\"VkEmbed\"><iframe class=\"lazyload\" data-src=\"https:\/\/vk.com\/video_ext.php?oid=-134310637&amp;id=456269876&amp;hash=a1ab52e0f0d7822a\" frameborder=\"0\" width=\"853\" height=\"480\" allowfullscreen><\/iframe><\/div>\n<\/div>\n<\/div>\n<p><script async src=\"https:\/\/platform.twitter.com\/widgets.js\" charset=\"utf-8\"><\/script><br \/>\n<br \/><br \/>\n<br \/><a href=\"https:\/\/de.rt.com\/inland\/181358-art-von-invasion-aus-schwarzafrika\/\">Source link <\/a><\/p>\n","protected":false},"excerpt":{"rendered":"<p>Gefragt nach der Lage auf der kleinen italienischen Insel Lampedusa, wo immer wieder neue Wellen afrikanischer Migranten ankommen, sprach der AfD-Bundestagsabgeordnete Bernd Baumann von einer &#8220;extremen Zuspitzung&#8221; und &#8220;einer Art Invasion&#8221;. Der parlamentarische Gesch\u00e4ftsf\u00fchrer der AfD-Fraktion, Bernd Baumann, stellte am Dienstag mit weiteren Abgeordneten die Antr\u00e4ge und Initiativen der Fraktion f\u00fcr die aktuelle Sitzungswoche vor. [&hellip;]<\/p>\n","protected":false},"author":3,"featured_media":46718,"comment_status":"open","ping_status":"open","sticky":false,"template":"","format":"standard","meta":{"_yoast_indexnow_last_ping":["1695234528"],"wp_automatic_camp":["217"],"46dfb6533a2817c9f5d9cd9f90da661c":["&quot;Eine Art von Invasion aus Schwarzafrika&quot; \u2013 AfD-Abgeordneter zu Lampedusa"],"original_link":["https:\/\/de.rt.com\/inland\/181358-art-von-invasion-aus-schwarzafrika\/"],"_thumbnail_id":["46718"],"jnews_social_counter_last_update":["1777579518"]},"categories":[19,23],"tags":[48571,9419,679,146,46193,20892,49063,50],"yoast_head":"<!-- This site is optimized with the Yoast SEO Premium plugin v22.7 (Yoast SEO v22.7) - https:\/\/yoast.com\/wordpress\/plugins\/seo\/ -->\n<title>&quot;Eine Art von Invasion aus Schwarzafrika&quot; \u2013 AfD-Abgeordneter zu Lampedusa - just-now.NEWS Deutschland<\/title>\n<meta name=\"robots\" content=\"index, follow, max-snippet:-1, max-image-preview:large, max-video-preview:-1\" \/>\n<link rel=\"canonical\" href=\"https:\/\/now-news.de\/de\/deutschland\/eine-art-von-invasion-aus-schwarzafrika-afd-abgeordneter-zu-lampedusa\/\" \/>\n<meta property=\"og:locale\" content=\"de_DE\" \/>\n<meta property=\"og:type\" content=\"article\" \/>\n<meta property=\"og:title\" content=\"&quot;Eine Art von Invasion aus Schwarzafrika&quot; \u2013 AfD-Abgeordneter zu Lampedusa\" \/>\n<meta property=\"og:description\" content=\"Gefragt nach der Lage auf der kleinen italienischen Insel Lampedusa, wo immer wieder neue Wellen afrikanischer Migranten ankommen, sprach der AfD-Bundestagsabgeordnete Bernd Baumann von einer &#8220;extremen Zuspitzung&#8221; und &#8220;einer Art Invasion&#8221;. Der parlamentarische Gesch\u00e4ftsf\u00fchrer der AfD-Fraktion, Bernd Baumann, stellte am Dienstag mit weiteren Abgeordneten die Antr\u00e4ge und Initiativen der Fraktion f\u00fcr die aktuelle Sitzungswoche vor. [&hellip;]\" \/>\n<meta property=\"og:url\" content=\"https:\/\/now-news.de\/de\/deutschland\/eine-art-von-invasion-aus-schwarzafrika-afd-abgeordneter-zu-lampedusa\/\" \/>\n<meta property=\"og:site_name\" content=\"just-now.NEWS Deutschland\" \/>\n<meta property=\"article:publisher\" content=\"https:\/\/www.facebook.com\/wirmachenauf\" \/>\n<meta property=\"article:published_time\" content=\"2023-09-20T18:19:59+00:00\" \/>\n<meta property=\"og:image\" content=\"https:\/\/now-news.de\/de\/wp-content\/uploads\/sites\/3\/2023\/09\/quotEine-Art-von-Invasion-aus-Schwarzafrikaquot-\u2013-AfD-Abgeordneter-zu-Lampedusa.jpg\" \/>\n\t<meta property=\"og:image:width\" content=\"460\" \/>\n\t<meta property=\"og:image:height\" content=\"259\" \/>\n\t<meta property=\"og:image:type\" content=\"image\/jpeg\" \/>\n<meta name=\"author\" content=\"rtnews\" \/>\n<meta name=\"twitter:card\" content=\"summary_large_image\" \/>\n<meta name=\"twitter:creator\" content=\"@WirMachenAuf_de\" \/>\n<meta name=\"twitter:site\" content=\"@WirMachenAuf_de\" \/>\n<meta name=\"twitter:label1\" content=\"Verfasst von\" \/>\n\t<meta name=\"twitter:data1\" content=\"rtnews\" \/>\n\t<meta name=\"twitter:label2\" content=\"Gesch\u00e4tzte Lesezeit\" \/>\n\t<meta name=\"twitter:data2\" content=\"2\u00a0Minuten\" \/>\n<script type=\"application\/ld+json\" class=\"yoast-schema-graph\">{\"@context\":\"https:\/\/schema.org\",\"@graph\":[{\"@type\":\"Article\",\"@id\":\"https:\/\/now-news.de\/de\/deutschland\/eine-art-von-invasion-aus-schwarzafrika-afd-abgeordneter-zu-lampedusa\/#article\",\"isPartOf\":{\"@id\":\"https:\/\/now-news.de\/de\/deutschland\/eine-art-von-invasion-aus-schwarzafrika-afd-abgeordneter-zu-lampedusa\/\"},\"author\":{\"name\":\"rtnews\",\"@id\":\"https:\/\/now-news.de\/de\/#\/schema\/person\/fb534a4e865501d8b3285208df34a9b5\"},\"headline\":\"&quot;Eine Art von Invasion aus Schwarzafrika&quot; \u2013 AfD-Abgeordneter zu Lampedusa\",\"datePublished\":\"2023-09-20T18:19:59+00:00\",\"dateModified\":\"2023-09-20T18:19:59+00:00\",\"mainEntityOfPage\":{\"@id\":\"https:\/\/now-news.de\/de\/deutschland\/eine-art-von-invasion-aus-schwarzafrika-afd-abgeordneter-zu-lampedusa\/\"},\"wordCount\":487,\"commentCount\":0,\"publisher\":{\"@id\":\"https:\/\/now-news.de\/de\/#organization\"},\"image\":{\"@id\":\"https:\/\/now-news.de\/de\/deutschland\/eine-art-von-invasion-aus-schwarzafrika-afd-abgeordneter-zu-lampedusa\/#primaryimage\"},\"thumbnailUrl\":\"https:\/\/now-news.de\/de\/wp-content\/uploads\/sites\/3\/2023\/09\/quotEine-Art-von-Invasion-aus-Schwarzafrikaquot-\u2013-AfD-Abgeordneter-zu-Lampedusa.jpg\",\"keywords\":[\"AfDAbgeordneter\",\"Art\",\"aus\",\"Invasion\",\"Lampedusa\",\"quotEine\",\"Schwarzafrikaquot\",\"von\"],\"articleSection\":[\"Deutschland\",\"Russland\"],\"inLanguage\":\"de\",\"potentialAction\":[{\"@type\":\"CommentAction\",\"name\":\"Comment\",\"target\":[\"https:\/\/now-news.de\/de\/deutschland\/eine-art-von-invasion-aus-schwarzafrika-afd-abgeordneter-zu-lampedusa\/#respond\"]}]},{\"@type\":\"WebPage\",\"@id\":\"https:\/\/now-news.de\/de\/deutschland\/eine-art-von-invasion-aus-schwarzafrika-afd-abgeordneter-zu-lampedusa\/\",\"url\":\"https:\/\/now-news.de\/de\/deutschland\/eine-art-von-invasion-aus-schwarzafrika-afd-abgeordneter-zu-lampedusa\/\",\"name\":\"&quot;Eine Art von Invasion aus Schwarzafrika&quot; \u2013 AfD-Abgeordneter zu Lampedusa - just-now.NEWS Deutschland\",\"isPartOf\":{\"@id\":\"https:\/\/now-news.de\/de\/#website\"},\"primaryImageOfPage\":{\"@id\":\"https:\/\/now-news.de\/de\/deutschland\/eine-art-von-invasion-aus-schwarzafrika-afd-abgeordneter-zu-lampedusa\/#primaryimage\"},\"image\":{\"@id\":\"https:\/\/now-news.de\/de\/deutschland\/eine-art-von-invasion-aus-schwarzafrika-afd-abgeordneter-zu-lampedusa\/#primaryimage\"},\"thumbnailUrl\":\"https:\/\/now-news.de\/de\/wp-content\/uploads\/sites\/3\/2023\/09\/quotEine-Art-von-Invasion-aus-Schwarzafrikaquot-\u2013-AfD-Abgeordneter-zu-Lampedusa.jpg\",\"datePublished\":\"2023-09-20T18:19:59+00:00\",\"dateModified\":\"2023-09-20T18:19:59+00:00\",\"breadcrumb\":{\"@id\":\"https:\/\/now-news.de\/de\/deutschland\/eine-art-von-invasion-aus-schwarzafrika-afd-abgeordneter-zu-lampedusa\/#breadcrumb\"},\"inLanguage\":\"de\",\"potentialAction\":[{\"@type\":\"ReadAction\",\"target\":[\"https:\/\/now-news.de\/de\/deutschland\/eine-art-von-invasion-aus-schwarzafrika-afd-abgeordneter-zu-lampedusa\/\"]}]},{\"@type\":\"ImageObject\",\"inLanguage\":\"de\",\"@id\":\"https:\/\/now-news.de\/de\/deutschland\/eine-art-von-invasion-aus-schwarzafrika-afd-abgeordneter-zu-lampedusa\/#primaryimage\",\"url\":\"https:\/\/now-news.de\/de\/wp-content\/uploads\/sites\/3\/2023\/09\/quotEine-Art-von-Invasion-aus-Schwarzafrikaquot-\u2013-AfD-Abgeordneter-zu-Lampedusa.jpg\",\"contentUrl\":\"https:\/\/now-news.de\/de\/wp-content\/uploads\/sites\/3\/2023\/09\/quotEine-Art-von-Invasion-aus-Schwarzafrikaquot-\u2013-AfD-Abgeordneter-zu-Lampedusa.jpg\",\"width\":460,\"height\":259,\"caption\":\"&quot;Eine Art von Invasion aus Schwarzafrika&quot; \u2013 AfD-Abgeordneter zu Lampedusa\"},{\"@type\":\"BreadcrumbList\",\"@id\":\"https:\/\/now-news.de\/de\/deutschland\/eine-art-von-invasion-aus-schwarzafrika-afd-abgeordneter-zu-lampedusa\/#breadcrumb\",\"itemListElement\":[{\"@type\":\"ListItem\",\"position\":1,\"name\":\"Home\",\"item\":\"https:\/\/now-news.de\/de\/\"},{\"@type\":\"ListItem\",\"position\":2,\"name\":\"&quot;Eine Art von Invasion aus Schwarzafrika&quot; \u2013 AfD-Abgeordneter zu Lampedusa\"}]},{\"@type\":\"WebSite\",\"@id\":\"https:\/\/now-news.de\/de\/#website\",\"url\":\"https:\/\/now-news.de\/de\/\",\"name\":\"just-now.NEWS Deutschland\",\"description\":\"Das Portal f\u00fcr unzensierte Nachrichten aus der Welt\",\"publisher\":{\"@id\":\"https:\/\/now-news.de\/de\/#organization\"},\"potentialAction\":[{\"@type\":\"SearchAction\",\"target\":{\"@type\":\"EntryPoint\",\"urlTemplate\":\"https:\/\/now-news.de\/de\/?s={search_term_string}\"},\"query-input\":\"required name=search_term_string\"}],\"inLanguage\":\"de\"},{\"@type\":\"Organization\",\"@id\":\"https:\/\/now-news.de\/de\/#organization\",\"name\":\"Just Now News\",\"url\":\"https:\/\/now-news.de\/de\/\",\"logo\":{\"@type\":\"ImageObject\",\"inLanguage\":\"de\",\"@id\":\"https:\/\/now-news.de\/de\/#\/schema\/logo\/image\/\",\"url\":\"http:\/\/just-now.news\/de\/wp-content\/uploads\/sites\/3\/2022\/04\/logo500x500.jpg\",\"contentUrl\":\"http:\/\/just-now.news\/de\/wp-content\/uploads\/sites\/3\/2022\/04\/logo500x500.jpg\",\"width\":500,\"height\":500,\"caption\":\"Just Now News\"},\"image\":{\"@id\":\"https:\/\/now-news.de\/de\/#\/schema\/logo\/image\/\"},\"sameAs\":[\"https:\/\/www.facebook.com\/wirmachenauf\",\"https:\/\/x.com\/WirMachenAuf_de\"]},{\"@type\":\"Person\",\"@id\":\"https:\/\/now-news.de\/de\/#\/schema\/person\/fb534a4e865501d8b3285208df34a9b5\",\"name\":\"rtnews\",\"image\":{\"@type\":\"ImageObject\",\"inLanguage\":\"de\",\"@id\":\"https:\/\/now-news.de\/de\/#\/schema\/person\/image\/\",\"url\":\"https:\/\/secure.gravatar.com\/avatar\/82aafea7d8127119dd649515f56e2117?s=96&d=mm&r=g\",\"contentUrl\":\"https:\/\/secure.gravatar.com\/avatar\/82aafea7d8127119dd649515f56e2117?s=96&d=mm&r=g\",\"caption\":\"rtnews\"},\"url\":\"https:\/\/now-news.de\/de\/author\/rnews\/\"}]}<\/script>\n<!-- \/ Yoast SEO Premium plugin. -->","yoast_head_json":{"title":"&quot;Eine Art von Invasion aus Schwarzafrika&quot; \u2013 AfD-Abgeordneter zu Lampedusa - just-now.NEWS Deutschland","robots":{"index":"index","follow":"follow","max-snippet":"max-snippet:-1","max-image-preview":"max-image-preview:large","max-video-preview":"max-video-preview:-1"},"canonical":"https:\/\/now-news.de\/de\/deutschland\/eine-art-von-invasion-aus-schwarzafrika-afd-abgeordneter-zu-lampedusa\/","og_locale":"de_DE","og_type":"article","og_title":"&quot;Eine Art von Invasion aus Schwarzafrika&quot; \u2013 AfD-Abgeordneter zu Lampedusa","og_description":"Gefragt nach der Lage auf der kleinen italienischen Insel Lampedusa, wo immer wieder neue Wellen afrikanischer Migranten ankommen, sprach der AfD-Bundestagsabgeordnete Bernd Baumann von einer &#8220;extremen Zuspitzung&#8221; und &#8220;einer Art Invasion&#8221;. Der parlamentarische Gesch\u00e4ftsf\u00fchrer der AfD-Fraktion, Bernd Baumann, stellte am Dienstag mit weiteren Abgeordneten die Antr\u00e4ge und Initiativen der Fraktion f\u00fcr die aktuelle Sitzungswoche vor. [&hellip;]","og_url":"https:\/\/now-news.de\/de\/deutschland\/eine-art-von-invasion-aus-schwarzafrika-afd-abgeordneter-zu-lampedusa\/","og_site_name":"just-now.NEWS Deutschland","article_publisher":"https:\/\/www.facebook.com\/wirmachenauf","article_published_time":"2023-09-20T18:19:59+00:00","og_image":[{"width":460,"height":259,"url":"https:\/\/now-news.de\/de\/wp-content\/uploads\/sites\/3\/2023\/09\/quotEine-Art-von-Invasion-aus-Schwarzafrikaquot-\u2013-AfD-Abgeordneter-zu-Lampedusa.jpg","type":"image\/jpeg"}],"author":"rtnews","twitter_card":"summary_large_image","twitter_creator":"@WirMachenAuf_de","twitter_site":"@WirMachenAuf_de","twitter_misc":{"Verfasst von":"rtnews","Gesch\u00e4tzte Lesezeit":"2\u00a0Minuten"},"schema":{"@context":"https:\/\/schema.org","@graph":[{"@type":"Article","@id":"https:\/\/now-news.de\/de\/deutschland\/eine-art-von-invasion-aus-schwarzafrika-afd-abgeordneter-zu-lampedusa\/#article","isPartOf":{"@id":"https:\/\/now-news.de\/de\/deutschland\/eine-art-von-invasion-aus-schwarzafrika-afd-abgeordneter-zu-lampedusa\/"},"author":{"name":"rtnews","@id":"https:\/\/now-news.de\/de\/#\/schema\/person\/fb534a4e865501d8b3285208df34a9b5"},"headline":"&quot;Eine Art von Invasion aus Schwarzafrika&quot; \u2013 AfD-Abgeordneter zu Lampedusa","datePublished":"2023-09-20T18:19:59+00:00","dateModified":"2023-09-20T18:19:59+00:00","mainEntityOfPage":{"@id":"https:\/\/now-news.de\/de\/deutschland\/eine-art-von-invasion-aus-schwarzafrika-afd-abgeordneter-zu-lampedusa\/"},"wordCount":487,"commentCount":0,"publisher":{"@id":"https:\/\/now-news.de\/de\/#organization"},"image":{"@id":"https:\/\/now-news.de\/de\/deutschland\/eine-art-von-invasion-aus-schwarzafrika-afd-abgeordneter-zu-lampedusa\/#primaryimage"},"thumbnailUrl":"https:\/\/now-news.de\/de\/wp-content\/uploads\/sites\/3\/2023\/09\/quotEine-Art-von-Invasion-aus-Schwarzafrikaquot-\u2013-AfD-Abgeordneter-zu-Lampedusa.jpg","keywords":["AfDAbgeordneter","Art","aus","Invasion","Lampedusa","quotEine","Schwarzafrikaquot","von"],"articleSection":["Deutschland","Russland"],"inLanguage":"de","potentialAction":[{"@type":"CommentAction","name":"Comment","target":["https:\/\/now-news.de\/de\/deutschland\/eine-art-von-invasion-aus-schwarzafrika-afd-abgeordneter-zu-lampedusa\/#respond"]}]},{"@type":"WebPage","@id":"https:\/\/now-news.de\/de\/deutschland\/eine-art-von-invasion-aus-schwarzafrika-afd-abgeordneter-zu-lampedusa\/","url":"https:\/\/now-news.de\/de\/deutschland\/eine-art-von-invasion-aus-schwarzafrika-afd-abgeordneter-zu-lampedusa\/","name":"&quot;Eine Art von Invasion aus Schwarzafrika&quot; \u2013 AfD-Abgeordneter zu Lampedusa - just-now.NEWS Deutschland","isPartOf":{"@id":"https:\/\/now-news.de\/de\/#website"},"primaryImageOfPage":{"@id":"https:\/\/now-news.de\/de\/deutschland\/eine-art-von-invasion-aus-schwarzafrika-afd-abgeordneter-zu-lampedusa\/#primaryimage"},"image":{"@id":"https:\/\/now-news.de\/de\/deutschland\/eine-art-von-invasion-aus-schwarzafrika-afd-abgeordneter-zu-lampedusa\/#primaryimage"},"thumbnailUrl":"https:\/\/now-news.de\/de\/wp-content\/uploads\/sites\/3\/2023\/09\/quotEine-Art-von-Invasion-aus-Schwarzafrikaquot-\u2013-AfD-Abgeordneter-zu-Lampedusa.jpg","datePublished":"2023-09-20T18:19:59+00:00","dateModified":"2023-09-20T18:19:59+00:00","breadcrumb":{"@id":"https:\/\/now-news.de\/de\/deutschland\/eine-art-von-invasion-aus-schwarzafrika-afd-abgeordneter-zu-lampedusa\/#breadcrumb"},"inLanguage":"de","potentialAction":[{"@type":"ReadAction","target":["https:\/\/now-news.de\/de\/deutschland\/eine-art-von-invasion-aus-schwarzafrika-afd-abgeordneter-zu-lampedusa\/"]}]},{"@type":"ImageObject","inLanguage":"de","@id":"https:\/\/now-news.de\/de\/deutschland\/eine-art-von-invasion-aus-schwarzafrika-afd-abgeordneter-zu-lampedusa\/#primaryimage","url":"https:\/\/now-news.de\/de\/wp-content\/uploads\/sites\/3\/2023\/09\/quotEine-Art-von-Invasion-aus-Schwarzafrikaquot-\u2013-AfD-Abgeordneter-zu-Lampedusa.jpg","contentUrl":"https:\/\/now-news.de\/de\/wp-content\/uploads\/sites\/3\/2023\/09\/quotEine-Art-von-Invasion-aus-Schwarzafrikaquot-\u2013-AfD-Abgeordneter-zu-Lampedusa.jpg","width":460,"height":259,"caption":"&quot;Eine Art von Invasion aus Schwarzafrika&quot; \u2013 AfD-Abgeordneter zu Lampedusa"},{"@type":"BreadcrumbList","@id":"https:\/\/now-news.de\/de\/deutschland\/eine-art-von-invasion-aus-schwarzafrika-afd-abgeordneter-zu-lampedusa\/#breadcrumb","itemListElement":[{"@type":"ListItem","position":1,"name":"Home","item":"https:\/\/now-news.de\/de\/"},{"@type":"ListItem","position":2,"name":"&quot;Eine Art von Invasion aus Schwarzafrika&quot; \u2013 AfD-Abgeordneter zu Lampedusa"}]},{"@type":"WebSite","@id":"https:\/\/now-news.de\/de\/#website","url":"https:\/\/now-news.de\/de\/","name":"just-now.NEWS Deutschland","description":"Das Portal f\u00fcr unzensierte Nachrichten aus der Welt","publisher":{"@id":"https:\/\/now-news.de\/de\/#organization"},"potentialAction":[{"@type":"SearchAction","target":{"@type":"EntryPoint","urlTemplate":"https:\/\/now-news.de\/de\/?s={search_term_string}"},"query-input":"required name=search_term_string"}],"inLanguage":"de"},{"@type":"Organization","@id":"https:\/\/now-news.de\/de\/#organization","name":"Just Now News","url":"https:\/\/now-news.de\/de\/","logo":{"@type":"ImageObject","inLanguage":"de","@id":"https:\/\/now-news.de\/de\/#\/schema\/logo\/image\/","url":"http:\/\/just-now.news\/de\/wp-content\/uploads\/sites\/3\/2022\/04\/logo500x500.jpg","contentUrl":"http:\/\/just-now.news\/de\/wp-content\/uploads\/sites\/3\/2022\/04\/logo500x500.jpg","width":500,"height":500,"caption":"Just Now News"},"image":{"@id":"https:\/\/now-news.de\/de\/#\/schema\/logo\/image\/"},"sameAs":["https:\/\/www.facebook.com\/wirmachenauf","https:\/\/x.com\/WirMachenAuf_de"]},{"@type":"Person","@id":"https:\/\/now-news.de\/de\/#\/schema\/person\/fb534a4e865501d8b3285208df34a9b5","name":"rtnews","image":{"@type":"ImageObject","inLanguage":"de","@id":"https:\/\/now-news.de\/de\/#\/schema\/person\/image\/","url":"https:\/\/secure.gravatar.com\/avatar\/82aafea7d8127119dd649515f56e2117?s=96&d=mm&r=g","contentUrl":"https:\/\/secure.gravatar.com\/avatar\/82aafea7d8127119dd649515f56e2117?s=96&d=mm&r=g","caption":"rtnews"},"url":"https:\/\/now-news.de\/de\/author\/rnews\/"}]}},"_links":{"self":[{"href":"https:\/\/now-news.de\/de\/wp-json\/wp\/v2\/posts\/46717"}],"collection":[{"href":"https:\/\/now-news.de\/de\/wp-json\/wp\/v2\/posts"}],"about":[{"href":"https:\/\/now-news.de\/de\/wp-json\/wp\/v2\/types\/post"}],"author":[{"embeddable":true,"href":"https:\/\/now-news.de\/de\/wp-json\/wp\/v2\/users\/3"}],"replies":[{"embeddable":true,"href":"https:\/\/now-news.de\/de\/wp-json\/wp\/v2\/comments?post=46717"}],"version-history":[{"count":0,"href":"https:\/\/now-news.de\/de\/wp-json\/wp\/v2\/posts\/46717\/revisions"}],"wp:featuredmedia":[{"embeddable":true,"href":"https:\/\/now-news.de\/de\/wp-json\/wp\/v2\/media\/46718"}],"wp:attachment":[{"href":"https:\/\/now-news.de\/de\/wp-json\/wp\/v2\/media?parent=46717"}],"wp:term":[{"taxonomy":"category","embeddable":true,"href":"https:\/\/now-news.de\/de\/wp-json\/wp\/v2\/categories?post=46717"},{"taxonomy":"post_tag","embeddable":true,"href":"https:\/\/now-news.de\/de\/wp-json\/wp\/v2\/tags?post=46717"}],"curies":[{"name":"wp","href":"https:\/\/api.w.org\/{rel}","templated":true}]}}