{"id":46704,"date":"2023-09-20T16:53:46","date_gmt":"2023-09-20T14:53:46","guid":{"rendered":"https:\/\/just-now.news\/de\/deutschland\/nach-mordvorwurf-aus-kanada-indien-weist-kanadischen-diplomaten-aus\/"},"modified":"2023-09-20T16:53:46","modified_gmt":"2023-09-20T14:53:46","slug":"nach-mordvorwurf-aus-kanada-indien-weist-kanadischen-diplomaten-aus","status":"publish","type":"post","link":"https:\/\/now-news.de\/de\/deutschland\/nach-mordvorwurf-aus-kanada-indien-weist-kanadischen-diplomaten-aus\/","title":{"rendered":"Nach Mordvorwurf aus Kanada: Indien weist kanadischen Diplomaten aus"},"content":{"rendered":"<p><img decoding=\"async\" src=\"http:\/\/just-now.news\/de\/wp-content\/uploads\/sites\/3\/2023\/09\/650af15848fbef7e45308d0f.jpg\" \/><\/p>\n<div class=\"Text-root Text-type_1 \">\n                Der kanadische Premier Justin Trudeau hatte Indien bezichtigt, am Mord eines in Kanada lebenden Sikh-Anf\u00fchrers beteiligt gewesen zu sein. Daraufhin wies Indien am Dienstag einen kanadischen Spitzendiplomaten aus. Die Spannungen zwischen den beiden L\u00e4ndern steigen weiter an. Auch die USA und Gro\u00dfbritannien m\u00fcssten sich dazu positionieren.\n            <\/div>\n<p><\/p>\n<div class=\"Text-root Text-type_5 ArticleView-text ViewText-root \">\n<p>Indien hat am Dienstag einen kanadischen Spitzendiplomaten des Landes verwiesen. Zuvor hatte Kanada Indien vorgeworfen, es k\u00f6nne an der Ermordung eines Sikh-Separatistenf\u00fchrers in einem Vorort von Vancouver beteiligt gewesen sein. Die Spannungen zwischen den beiden L\u00e4ndern versch\u00e4rfen sich. Dar\u00fcber <a rel=\"nofollow noopener\" target=\"_blank\" href=\"https:\/\/apnews.com\/article\/canada-india-sikh-diplomat-trudeau-modi-3c5572d9027769ea6adbd047ec6f462a\">berichtet<\/a>\u00a0<em>apnews<\/em> am Mittwoch.<\/p>\n<p>Die Anschuldigungen seien absurd, hie\u00df es dazu aus Indien. Das indische Au\u00dfenministerium erkl\u00e4rte, die Ausweisung erfolge inmitten &#8220;wachsender Besorgnis \u00fcber die Einmischung kanadischer Diplomaten in unsere internen Angelegenheiten und ihre Beteiligung an anti-indischen Aktivit\u00e4ten&#8221;.<\/p>\n<p>Der kanadische Premierminister Justin Trudeau versuchte am Dienstag offenbar, den diplomatischen Konflikt zu entsch\u00e4rfen. Er erkl\u00e4rte gegen\u00fcber Reportern, Kanada wolle &#8220;weder provozieren noch eskalieren&#8221;. &#8220;Wir legen einfach die Fakten dar, so wie wir sie verstehen, und wir wollen mit der indischen Regierung zusammenarbeiten, um alles\u00a0transparent zu machen und sicherzustellen, dass es ordnungsgem\u00e4\u00dfe Prozesse gibt&#8221;, sagte er. &#8220;Indien und die indische Regierung m\u00fcssen diese Angelegenheit mit gr\u00f6\u00dfter Ernsthaftigkeit behandeln.&#8221;<\/p>\n<p>Noch am Montag hatte Trudeau erkl\u00e4rt, es gebe &#8220;glaubw\u00fcrdige Behauptungen&#8221; \u00fcber eine indische Beteiligung an der Ermordung von Hardeep Singh Nijjar, einem 45-j\u00e4hrigen Sikh-F\u00fchrer. Der in Indien geb\u00fcrtige Sikh-Anf\u00fchrer war im Juni in einem Vorort von Vancouver von maskierten Bewaffneten get\u00f6tet worden. Schon seit Jahren habe Indien behauptet, Nijjar unterhalte Verbindungen zum Terrorismus.<\/p>\n<p>Nach Aussagen eines US-Beamten soll sich\u00a0Trudeau mit der US-Regierung \u00fcber die kanadischen Erkenntnisse ausgetauscht haben, bevor er sie \u00f6ffentlich machte. Demnach soll das Wei\u00dfe Haus angenommen haben, Kanadas Regierungschef mache gesicherte Angaben \u00fcber den Mord an dem Sikh-F\u00fchrer.<\/p>\n<p>Dem <em>apnews-<\/em>Bericht zufolge habe Kanada aber noch keine Beweise f\u00fcr eine indische Beteiligung vorgelegt. Sollte sich der Vorwurf allerdings bewahrheiten, w\u00e4re dies ein gro\u00dfer Einschnitt f\u00fcr Indien. Dessen Sicherheits- und Nachrichtendienste seien seit langem wichtige Akteure in S\u00fcdasien und stehen im Verdacht, an einer Reihe von Morden in Pakistan beteiligt gewesen zu sein.<\/p>\n<blockquote>\n<p><em>&#8220;Die Ermordung eines kanadischen Staatsb\u00fcrgers in Kanada zu arrangieren, wo fast 2 Millionen Menschen indischer Abstammung leben, w\u00e4re jedoch ein beispielloser Vorgang&#8221;, <\/em><\/p>\n<\/blockquote>\n<p>hei\u00dft es dazu bei<em> apnews.<\/em><\/p>\n<p>Schon w\u00e4hrend des G20-Treffens in Neu-Delhi sei eine Begegnung zwischen Trudeau und dem indischen Premierminister Narendra Modi &#8220;frostig&#8221; verlaufen. Kurz darauf habe Kanada eine f\u00fcr den Herbst geplante Handelsmission nach Indien abgesagt. Durch die Ausweisung des Diplomaten eskalierten die Spannungen zwischen den beiden L\u00e4ndern weiter.<\/p>\n<p>Auch in Gro\u00dfbritannien machten sich die Differenzen inzwischen bemerkbar. Nach der Verhaftung eines bekannten Sikh-Predigers in Indien randalierten Sikh-Demonstranten vor der\u00a0diplomatischen Vertetung Indiens\u00a0in London. Sie rissen die indische Flagge herunter und zerschlugen die Fenster des Geb\u00e4udes. Auch im Generalkonsulat Indiens in San Francisco, Kalifornien, demolierten Demonstranten die Fenster und lieferten sich Scharm\u00fctzel mit Konsulatsmitarbeitern.<\/p>\n<p>Unterdessen erkl\u00e4rte die britische Regierung am Dienstag, dass es nicht geplant sei, den Tod eines in Gro\u00dfbritannien ans\u00e4ssigen Sikh-Aktivisten erneut zu untersuchen. Nach einer Erkrankung war der Sikh-Anf\u00fchrer Avtar Singh Khanda im Juni in der englischen Stadt Birmingham verstorben. Anschlie\u00dfend unterstellten seine Unterst\u00fctzer, er sei m\u00f6glicherweise vergiftet worden. Laut Aussage des Sprechers von Premierminister Rishi Sunak, Max Blain, habe die Polizei nichts Verd\u00e4chtiges gefunden.<\/p>\n<p>F\u00fcr Gro\u00dfbritannien seien die Vorw\u00fcrfe der Trudeau-Regierung \u00e4u\u00dferst unangenehm, so <em>apnews<\/em>. Schlie\u00dflich strebe Gro\u00dfbritannien ein Freihandelsabkommen mit Indien an. Zugleich sei das Vereinigte K\u00f6nigreich in der &#8220;Five Eyes&#8221;-Allianz ein enger Verb\u00fcndeter Kanadas, welche auch dem Austausch von Geheimdienstinformationen diene. Dieser Allianz geh\u00f6ren ferner die USA, Australien und Neuseeland an. &#8220;Dies sind ernste Anschuldigungen. Es ist richtig, dass die kanadischen Beh\u00f6rden ihnen nachgehen&#8221;, sagte Blain. Solange die Untersuchungen noch nicht abgeschlossen seien, solle man sich nicht dazu \u00e4u\u00dfern.<\/p>\n<p><strong>Mehr zum Thema<\/strong> &#8211; <a rel=\"nofollow noopener\" target=\"_blank\" href=\"https:\/\/freedert.online\/international\/180668-fazit-g20-gipfels-gewinn-fuer\/\">Reaktionen zum G20-Gipfel: Ein Gewinn f\u00fcr Indien, die Entwicklungsl\u00e4nder und den Multilateralismus<\/a><\/p>\n<\/div>\n<p><br \/>\n<br \/><a href=\"https:\/\/de.rt.com\/international\/181340-nach-mordvorwurf-aus-kanada-indien\/\">Source link <\/a><\/p>\n","protected":false},"excerpt":{"rendered":"<p>Der kanadische Premier Justin Trudeau hatte Indien bezichtigt, am Mord eines in Kanada lebenden Sikh-Anf\u00fchrers beteiligt gewesen zu sein. Daraufhin wies Indien am Dienstag einen kanadischen Spitzendiplomaten aus. Die Spannungen zwischen den beiden L\u00e4ndern steigen weiter an. Auch die USA und Gro\u00dfbritannien m\u00fcssten sich dazu positionieren. Indien hat am Dienstag einen kanadischen Spitzendiplomaten des Landes [&hellip;]<\/p>\n","protected":false},"author":3,"featured_media":46705,"comment_status":"open","ping_status":"open","sticky":false,"template":"","format":"standard","meta":{"_yoast_indexnow_last_ping":["1695221989"],"wp_automatic_camp":["217"],"404a31b7e270ad5807ab2cbea8cc50ec":["Nach Mordvorwurf aus Kanada: Indien weist kanadischen Diplomaten aus"],"original_link":["https:\/\/de.rt.com\/international\/181340-nach-mordvorwurf-aus-kanada-indien\/"],"_thumbnail_id":["46705"],"jnews_social_counter_last_update":["1777637326"]},"categories":[19,23],"tags":[679,9831,356,19376,20838,49056,979,3334],"yoast_head":"<!-- This site is optimized with the Yoast SEO Premium plugin v22.7 (Yoast SEO v22.7) - https:\/\/yoast.com\/wordpress\/plugins\/seo\/ -->\n<title>Nach Mordvorwurf aus Kanada: Indien weist kanadischen Diplomaten aus - just-now.NEWS Deutschland<\/title>\n<meta name=\"robots\" content=\"index, follow, max-snippet:-1, max-image-preview:large, max-video-preview:-1\" \/>\n<link rel=\"canonical\" href=\"https:\/\/now-news.de\/de\/deutschland\/nach-mordvorwurf-aus-kanada-indien-weist-kanadischen-diplomaten-aus\/\" \/>\n<meta property=\"og:locale\" content=\"de_DE\" \/>\n<meta property=\"og:type\" content=\"article\" \/>\n<meta property=\"og:title\" content=\"Nach Mordvorwurf aus Kanada: Indien weist kanadischen Diplomaten aus\" \/>\n<meta property=\"og:description\" content=\"Der kanadische Premier Justin Trudeau hatte Indien bezichtigt, am Mord eines in Kanada lebenden Sikh-Anf\u00fchrers beteiligt gewesen zu sein. Daraufhin wies Indien am Dienstag einen kanadischen Spitzendiplomaten aus. Die Spannungen zwischen den beiden L\u00e4ndern steigen weiter an. Auch die USA und Gro\u00dfbritannien m\u00fcssten sich dazu positionieren. Indien hat am Dienstag einen kanadischen Spitzendiplomaten des Landes [&hellip;]\" \/>\n<meta property=\"og:url\" content=\"https:\/\/now-news.de\/de\/deutschland\/nach-mordvorwurf-aus-kanada-indien-weist-kanadischen-diplomaten-aus\/\" \/>\n<meta property=\"og:site_name\" content=\"just-now.NEWS Deutschland\" \/>\n<meta property=\"article:publisher\" content=\"https:\/\/www.facebook.com\/wirmachenauf\" \/>\n<meta property=\"article:published_time\" content=\"2023-09-20T14:53:46+00:00\" \/>\n<meta property=\"og:image\" content=\"https:\/\/now-news.de\/de\/wp-content\/uploads\/sites\/3\/2023\/09\/Nach-Mordvorwurf-aus-Kanada-Indien-weist-kanadischen-Diplomaten-aus.jpg\" \/>\n\t<meta property=\"og:image:width\" content=\"460\" \/>\n\t<meta property=\"og:image:height\" content=\"259\" \/>\n\t<meta property=\"og:image:type\" content=\"image\/jpeg\" \/>\n<meta name=\"author\" content=\"rtnews\" \/>\n<meta name=\"twitter:card\" content=\"summary_large_image\" \/>\n<meta name=\"twitter:creator\" content=\"@WirMachenAuf_de\" \/>\n<meta name=\"twitter:site\" content=\"@WirMachenAuf_de\" \/>\n<meta name=\"twitter:label1\" content=\"Verfasst von\" \/>\n\t<meta name=\"twitter:data1\" content=\"rtnews\" \/>\n\t<meta name=\"twitter:label2\" content=\"Gesch\u00e4tzte Lesezeit\" \/>\n\t<meta name=\"twitter:data2\" content=\"3\u00a0Minuten\" \/>\n<script type=\"application\/ld+json\" class=\"yoast-schema-graph\">{\"@context\":\"https:\/\/schema.org\",\"@graph\":[{\"@type\":\"Article\",\"@id\":\"https:\/\/now-news.de\/de\/deutschland\/nach-mordvorwurf-aus-kanada-indien-weist-kanadischen-diplomaten-aus\/#article\",\"isPartOf\":{\"@id\":\"https:\/\/now-news.de\/de\/deutschland\/nach-mordvorwurf-aus-kanada-indien-weist-kanadischen-diplomaten-aus\/\"},\"author\":{\"name\":\"rtnews\",\"@id\":\"https:\/\/now-news.de\/de\/#\/schema\/person\/fb534a4e865501d8b3285208df34a9b5\"},\"headline\":\"Nach Mordvorwurf aus Kanada: Indien weist kanadischen Diplomaten aus\",\"datePublished\":\"2023-09-20T14:53:46+00:00\",\"dateModified\":\"2023-09-20T14:53:46+00:00\",\"mainEntityOfPage\":{\"@id\":\"https:\/\/now-news.de\/de\/deutschland\/nach-mordvorwurf-aus-kanada-indien-weist-kanadischen-diplomaten-aus\/\"},\"wordCount\":698,\"commentCount\":0,\"publisher\":{\"@id\":\"https:\/\/now-news.de\/de\/#organization\"},\"image\":{\"@id\":\"https:\/\/now-news.de\/de\/deutschland\/nach-mordvorwurf-aus-kanada-indien-weist-kanadischen-diplomaten-aus\/#primaryimage\"},\"thumbnailUrl\":\"https:\/\/now-news.de\/de\/wp-content\/uploads\/sites\/3\/2023\/09\/Nach-Mordvorwurf-aus-Kanada-Indien-weist-kanadischen-Diplomaten-aus.jpg\",\"keywords\":[\"aus\",\"Diplomaten\",\"Indien\",\"Kanada\",\"kanadischen\",\"Mordvorwurf\",\"nach\",\"weist\"],\"articleSection\":[\"Deutschland\",\"Russland\"],\"inLanguage\":\"de\",\"potentialAction\":[{\"@type\":\"CommentAction\",\"name\":\"Comment\",\"target\":[\"https:\/\/now-news.de\/de\/deutschland\/nach-mordvorwurf-aus-kanada-indien-weist-kanadischen-diplomaten-aus\/#respond\"]}]},{\"@type\":\"WebPage\",\"@id\":\"https:\/\/now-news.de\/de\/deutschland\/nach-mordvorwurf-aus-kanada-indien-weist-kanadischen-diplomaten-aus\/\",\"url\":\"https:\/\/now-news.de\/de\/deutschland\/nach-mordvorwurf-aus-kanada-indien-weist-kanadischen-diplomaten-aus\/\",\"name\":\"Nach Mordvorwurf aus Kanada: Indien weist kanadischen Diplomaten aus - just-now.NEWS Deutschland\",\"isPartOf\":{\"@id\":\"https:\/\/now-news.de\/de\/#website\"},\"primaryImageOfPage\":{\"@id\":\"https:\/\/now-news.de\/de\/deutschland\/nach-mordvorwurf-aus-kanada-indien-weist-kanadischen-diplomaten-aus\/#primaryimage\"},\"image\":{\"@id\":\"https:\/\/now-news.de\/de\/deutschland\/nach-mordvorwurf-aus-kanada-indien-weist-kanadischen-diplomaten-aus\/#primaryimage\"},\"thumbnailUrl\":\"https:\/\/now-news.de\/de\/wp-content\/uploads\/sites\/3\/2023\/09\/Nach-Mordvorwurf-aus-Kanada-Indien-weist-kanadischen-Diplomaten-aus.jpg\",\"datePublished\":\"2023-09-20T14:53:46+00:00\",\"dateModified\":\"2023-09-20T14:53:46+00:00\",\"breadcrumb\":{\"@id\":\"https:\/\/now-news.de\/de\/deutschland\/nach-mordvorwurf-aus-kanada-indien-weist-kanadischen-diplomaten-aus\/#breadcrumb\"},\"inLanguage\":\"de\",\"potentialAction\":[{\"@type\":\"ReadAction\",\"target\":[\"https:\/\/now-news.de\/de\/deutschland\/nach-mordvorwurf-aus-kanada-indien-weist-kanadischen-diplomaten-aus\/\"]}]},{\"@type\":\"ImageObject\",\"inLanguage\":\"de\",\"@id\":\"https:\/\/now-news.de\/de\/deutschland\/nach-mordvorwurf-aus-kanada-indien-weist-kanadischen-diplomaten-aus\/#primaryimage\",\"url\":\"https:\/\/now-news.de\/de\/wp-content\/uploads\/sites\/3\/2023\/09\/Nach-Mordvorwurf-aus-Kanada-Indien-weist-kanadischen-Diplomaten-aus.jpg\",\"contentUrl\":\"https:\/\/now-news.de\/de\/wp-content\/uploads\/sites\/3\/2023\/09\/Nach-Mordvorwurf-aus-Kanada-Indien-weist-kanadischen-Diplomaten-aus.jpg\",\"width\":460,\"height\":259,\"caption\":\"Nach Mordvorwurf aus Kanada: Indien weist kanadischen Diplomaten aus\"},{\"@type\":\"BreadcrumbList\",\"@id\":\"https:\/\/now-news.de\/de\/deutschland\/nach-mordvorwurf-aus-kanada-indien-weist-kanadischen-diplomaten-aus\/#breadcrumb\",\"itemListElement\":[{\"@type\":\"ListItem\",\"position\":1,\"name\":\"Home\",\"item\":\"https:\/\/now-news.de\/de\/\"},{\"@type\":\"ListItem\",\"position\":2,\"name\":\"Nach Mordvorwurf aus Kanada: Indien weist kanadischen Diplomaten aus\"}]},{\"@type\":\"WebSite\",\"@id\":\"https:\/\/now-news.de\/de\/#website\",\"url\":\"https:\/\/now-news.de\/de\/\",\"name\":\"just-now.NEWS Deutschland\",\"description\":\"Das Portal f\u00fcr unzensierte Nachrichten aus der Welt\",\"publisher\":{\"@id\":\"https:\/\/now-news.de\/de\/#organization\"},\"potentialAction\":[{\"@type\":\"SearchAction\",\"target\":{\"@type\":\"EntryPoint\",\"urlTemplate\":\"https:\/\/now-news.de\/de\/?s={search_term_string}\"},\"query-input\":\"required name=search_term_string\"}],\"inLanguage\":\"de\"},{\"@type\":\"Organization\",\"@id\":\"https:\/\/now-news.de\/de\/#organization\",\"name\":\"Just Now News\",\"url\":\"https:\/\/now-news.de\/de\/\",\"logo\":{\"@type\":\"ImageObject\",\"inLanguage\":\"de\",\"@id\":\"https:\/\/now-news.de\/de\/#\/schema\/logo\/image\/\",\"url\":\"http:\/\/just-now.news\/de\/wp-content\/uploads\/sites\/3\/2022\/04\/logo500x500.jpg\",\"contentUrl\":\"http:\/\/just-now.news\/de\/wp-content\/uploads\/sites\/3\/2022\/04\/logo500x500.jpg\",\"width\":500,\"height\":500,\"caption\":\"Just Now News\"},\"image\":{\"@id\":\"https:\/\/now-news.de\/de\/#\/schema\/logo\/image\/\"},\"sameAs\":[\"https:\/\/www.facebook.com\/wirmachenauf\",\"https:\/\/x.com\/WirMachenAuf_de\"]},{\"@type\":\"Person\",\"@id\":\"https:\/\/now-news.de\/de\/#\/schema\/person\/fb534a4e865501d8b3285208df34a9b5\",\"name\":\"rtnews\",\"image\":{\"@type\":\"ImageObject\",\"inLanguage\":\"de\",\"@id\":\"https:\/\/now-news.de\/de\/#\/schema\/person\/image\/\",\"url\":\"https:\/\/secure.gravatar.com\/avatar\/82aafea7d8127119dd649515f56e2117?s=96&d=mm&r=g\",\"contentUrl\":\"https:\/\/secure.gravatar.com\/avatar\/82aafea7d8127119dd649515f56e2117?s=96&d=mm&r=g\",\"caption\":\"rtnews\"},\"url\":\"https:\/\/now-news.de\/de\/author\/rnews\/\"}]}<\/script>\n<!-- \/ Yoast SEO Premium plugin. -->","yoast_head_json":{"title":"Nach Mordvorwurf aus Kanada: Indien weist kanadischen Diplomaten aus - just-now.NEWS Deutschland","robots":{"index":"index","follow":"follow","max-snippet":"max-snippet:-1","max-image-preview":"max-image-preview:large","max-video-preview":"max-video-preview:-1"},"canonical":"https:\/\/now-news.de\/de\/deutschland\/nach-mordvorwurf-aus-kanada-indien-weist-kanadischen-diplomaten-aus\/","og_locale":"de_DE","og_type":"article","og_title":"Nach Mordvorwurf aus Kanada: Indien weist kanadischen Diplomaten aus","og_description":"Der kanadische Premier Justin Trudeau hatte Indien bezichtigt, am Mord eines in Kanada lebenden Sikh-Anf\u00fchrers beteiligt gewesen zu sein. Daraufhin wies Indien am Dienstag einen kanadischen Spitzendiplomaten aus. Die Spannungen zwischen den beiden L\u00e4ndern steigen weiter an. Auch die USA und Gro\u00dfbritannien m\u00fcssten sich dazu positionieren. Indien hat am Dienstag einen kanadischen Spitzendiplomaten des Landes [&hellip;]","og_url":"https:\/\/now-news.de\/de\/deutschland\/nach-mordvorwurf-aus-kanada-indien-weist-kanadischen-diplomaten-aus\/","og_site_name":"just-now.NEWS Deutschland","article_publisher":"https:\/\/www.facebook.com\/wirmachenauf","article_published_time":"2023-09-20T14:53:46+00:00","og_image":[{"width":460,"height":259,"url":"https:\/\/now-news.de\/de\/wp-content\/uploads\/sites\/3\/2023\/09\/Nach-Mordvorwurf-aus-Kanada-Indien-weist-kanadischen-Diplomaten-aus.jpg","type":"image\/jpeg"}],"author":"rtnews","twitter_card":"summary_large_image","twitter_creator":"@WirMachenAuf_de","twitter_site":"@WirMachenAuf_de","twitter_misc":{"Verfasst von":"rtnews","Gesch\u00e4tzte Lesezeit":"3\u00a0Minuten"},"schema":{"@context":"https:\/\/schema.org","@graph":[{"@type":"Article","@id":"https:\/\/now-news.de\/de\/deutschland\/nach-mordvorwurf-aus-kanada-indien-weist-kanadischen-diplomaten-aus\/#article","isPartOf":{"@id":"https:\/\/now-news.de\/de\/deutschland\/nach-mordvorwurf-aus-kanada-indien-weist-kanadischen-diplomaten-aus\/"},"author":{"name":"rtnews","@id":"https:\/\/now-news.de\/de\/#\/schema\/person\/fb534a4e865501d8b3285208df34a9b5"},"headline":"Nach Mordvorwurf aus Kanada: Indien weist kanadischen Diplomaten aus","datePublished":"2023-09-20T14:53:46+00:00","dateModified":"2023-09-20T14:53:46+00:00","mainEntityOfPage":{"@id":"https:\/\/now-news.de\/de\/deutschland\/nach-mordvorwurf-aus-kanada-indien-weist-kanadischen-diplomaten-aus\/"},"wordCount":698,"commentCount":0,"publisher":{"@id":"https:\/\/now-news.de\/de\/#organization"},"image":{"@id":"https:\/\/now-news.de\/de\/deutschland\/nach-mordvorwurf-aus-kanada-indien-weist-kanadischen-diplomaten-aus\/#primaryimage"},"thumbnailUrl":"https:\/\/now-news.de\/de\/wp-content\/uploads\/sites\/3\/2023\/09\/Nach-Mordvorwurf-aus-Kanada-Indien-weist-kanadischen-Diplomaten-aus.jpg","keywords":["aus","Diplomaten","Indien","Kanada","kanadischen","Mordvorwurf","nach","weist"],"articleSection":["Deutschland","Russland"],"inLanguage":"de","potentialAction":[{"@type":"CommentAction","name":"Comment","target":["https:\/\/now-news.de\/de\/deutschland\/nach-mordvorwurf-aus-kanada-indien-weist-kanadischen-diplomaten-aus\/#respond"]}]},{"@type":"WebPage","@id":"https:\/\/now-news.de\/de\/deutschland\/nach-mordvorwurf-aus-kanada-indien-weist-kanadischen-diplomaten-aus\/","url":"https:\/\/now-news.de\/de\/deutschland\/nach-mordvorwurf-aus-kanada-indien-weist-kanadischen-diplomaten-aus\/","name":"Nach Mordvorwurf aus Kanada: Indien weist kanadischen Diplomaten aus - just-now.NEWS Deutschland","isPartOf":{"@id":"https:\/\/now-news.de\/de\/#website"},"primaryImageOfPage":{"@id":"https:\/\/now-news.de\/de\/deutschland\/nach-mordvorwurf-aus-kanada-indien-weist-kanadischen-diplomaten-aus\/#primaryimage"},"image":{"@id":"https:\/\/now-news.de\/de\/deutschland\/nach-mordvorwurf-aus-kanada-indien-weist-kanadischen-diplomaten-aus\/#primaryimage"},"thumbnailUrl":"https:\/\/now-news.de\/de\/wp-content\/uploads\/sites\/3\/2023\/09\/Nach-Mordvorwurf-aus-Kanada-Indien-weist-kanadischen-Diplomaten-aus.jpg","datePublished":"2023-09-20T14:53:46+00:00","dateModified":"2023-09-20T14:53:46+00:00","breadcrumb":{"@id":"https:\/\/now-news.de\/de\/deutschland\/nach-mordvorwurf-aus-kanada-indien-weist-kanadischen-diplomaten-aus\/#breadcrumb"},"inLanguage":"de","potentialAction":[{"@type":"ReadAction","target":["https:\/\/now-news.de\/de\/deutschland\/nach-mordvorwurf-aus-kanada-indien-weist-kanadischen-diplomaten-aus\/"]}]},{"@type":"ImageObject","inLanguage":"de","@id":"https:\/\/now-news.de\/de\/deutschland\/nach-mordvorwurf-aus-kanada-indien-weist-kanadischen-diplomaten-aus\/#primaryimage","url":"https:\/\/now-news.de\/de\/wp-content\/uploads\/sites\/3\/2023\/09\/Nach-Mordvorwurf-aus-Kanada-Indien-weist-kanadischen-Diplomaten-aus.jpg","contentUrl":"https:\/\/now-news.de\/de\/wp-content\/uploads\/sites\/3\/2023\/09\/Nach-Mordvorwurf-aus-Kanada-Indien-weist-kanadischen-Diplomaten-aus.jpg","width":460,"height":259,"caption":"Nach Mordvorwurf aus Kanada: Indien weist kanadischen Diplomaten aus"},{"@type":"BreadcrumbList","@id":"https:\/\/now-news.de\/de\/deutschland\/nach-mordvorwurf-aus-kanada-indien-weist-kanadischen-diplomaten-aus\/#breadcrumb","itemListElement":[{"@type":"ListItem","position":1,"name":"Home","item":"https:\/\/now-news.de\/de\/"},{"@type":"ListItem","position":2,"name":"Nach Mordvorwurf aus Kanada: Indien weist kanadischen Diplomaten aus"}]},{"@type":"WebSite","@id":"https:\/\/now-news.de\/de\/#website","url":"https:\/\/now-news.de\/de\/","name":"just-now.NEWS Deutschland","description":"Das Portal f\u00fcr unzensierte Nachrichten aus der Welt","publisher":{"@id":"https:\/\/now-news.de\/de\/#organization"},"potentialAction":[{"@type":"SearchAction","target":{"@type":"EntryPoint","urlTemplate":"https:\/\/now-news.de\/de\/?s={search_term_string}"},"query-input":"required name=search_term_string"}],"inLanguage":"de"},{"@type":"Organization","@id":"https:\/\/now-news.de\/de\/#organization","name":"Just Now News","url":"https:\/\/now-news.de\/de\/","logo":{"@type":"ImageObject","inLanguage":"de","@id":"https:\/\/now-news.de\/de\/#\/schema\/logo\/image\/","url":"http:\/\/just-now.news\/de\/wp-content\/uploads\/sites\/3\/2022\/04\/logo500x500.jpg","contentUrl":"http:\/\/just-now.news\/de\/wp-content\/uploads\/sites\/3\/2022\/04\/logo500x500.jpg","width":500,"height":500,"caption":"Just Now News"},"image":{"@id":"https:\/\/now-news.de\/de\/#\/schema\/logo\/image\/"},"sameAs":["https:\/\/www.facebook.com\/wirmachenauf","https:\/\/x.com\/WirMachenAuf_de"]},{"@type":"Person","@id":"https:\/\/now-news.de\/de\/#\/schema\/person\/fb534a4e865501d8b3285208df34a9b5","name":"rtnews","image":{"@type":"ImageObject","inLanguage":"de","@id":"https:\/\/now-news.de\/de\/#\/schema\/person\/image\/","url":"https:\/\/secure.gravatar.com\/avatar\/82aafea7d8127119dd649515f56e2117?s=96&d=mm&r=g","contentUrl":"https:\/\/secure.gravatar.com\/avatar\/82aafea7d8127119dd649515f56e2117?s=96&d=mm&r=g","caption":"rtnews"},"url":"https:\/\/now-news.de\/de\/author\/rnews\/"}]}},"_links":{"self":[{"href":"https:\/\/now-news.de\/de\/wp-json\/wp\/v2\/posts\/46704"}],"collection":[{"href":"https:\/\/now-news.de\/de\/wp-json\/wp\/v2\/posts"}],"about":[{"href":"https:\/\/now-news.de\/de\/wp-json\/wp\/v2\/types\/post"}],"author":[{"embeddable":true,"href":"https:\/\/now-news.de\/de\/wp-json\/wp\/v2\/users\/3"}],"replies":[{"embeddable":true,"href":"https:\/\/now-news.de\/de\/wp-json\/wp\/v2\/comments?post=46704"}],"version-history":[{"count":0,"href":"https:\/\/now-news.de\/de\/wp-json\/wp\/v2\/posts\/46704\/revisions"}],"wp:featuredmedia":[{"embeddable":true,"href":"https:\/\/now-news.de\/de\/wp-json\/wp\/v2\/media\/46705"}],"wp:attachment":[{"href":"https:\/\/now-news.de\/de\/wp-json\/wp\/v2\/media?parent=46704"}],"wp:term":[{"taxonomy":"category","embeddable":true,"href":"https:\/\/now-news.de\/de\/wp-json\/wp\/v2\/categories?post=46704"},{"taxonomy":"post_tag","embeddable":true,"href":"https:\/\/now-news.de\/de\/wp-json\/wp\/v2\/tags?post=46704"}],"curies":[{"name":"wp","href":"https:\/\/api.w.org\/{rel}","templated":true}]}}