{"id":46690,"date":"2023-09-20T14:13:42","date_gmt":"2023-09-20T12:13:42","guid":{"rendered":"https:\/\/just-now.news\/de\/deutschland\/syrien-praesident-baschar-al-assad-reist-nach-china\/"},"modified":"2023-09-20T14:13:42","modified_gmt":"2023-09-20T12:13:42","slug":"syrien-praesident-baschar-al-assad-reist-nach-china","status":"publish","type":"post","link":"https:\/\/now-news.de\/de\/deutschland\/syrien-praesident-baschar-al-assad-reist-nach-china\/","title":{"rendered":"Syrien: Pr\u00e4sident Baschar al-Assad reist nach China"},"content":{"rendered":"<p><img decoding=\"async\" src=\"http:\/\/just-now.news\/de\/wp-content\/uploads\/sites\/3\/2023\/09\/650ad6b548fbef7e964e8b81.jpg\" \/><\/p>\n<div class=\"Text-root Text-type_1 \">\n                Zum ersten Mal seit Beginn des syrischen B\u00fcrgerkriegs wird Pr\u00e4sident Baschar al-Assad nach China reisen. Der Besuch folgt auf Einladung des chinesischen Staatschefs Xi Jinping, berichtete die staatliche Nachrichtenagentur &#8220;Sana&#8221; am Dienstag.\n            <\/div>\n<p><\/p>\n<div class=\"Text-root Text-type_5 ArticleView-text ViewText-root \">\n<p>Der syrische Pr\u00e4sident Bashar al-Assad wird am 21. September nach China reisen, um auf offizielle Einladung seines Amtskollegen Xi Jinping an einem syrisch-chinesischen Gipfel teilzunehmen.<\/p>\n<p>Nach Angaben der staatlichen syrischen Nachrichtenagentur\u00a0<em>Sana<\/em>\u00a0wird Assad eine hochrangige politische und wirtschaftliche Delegation zu offiziellen Treffen in den St\u00e4dten Peking und Guangzhou f\u00fchren.<\/p>\n<p>Zu der offiziellen syrischen Delegation geh\u00f6ren Au\u00dfenminister Faisal Mekdad und Finanzminister Samer al-Khalil. Dies ist der erste offizielle Besuch Assads in Peking seit 2004.<\/p>\n<p>Politische Analysten gehen davon aus, dass w\u00e4hrend Assads Besuch mehrere bilaterale Abkommen unterzeichnet werden, die Teil von Chinas gr\u00f6\u00dferer Strategie sind, seine Position als Machtmakler in Westasien zu festigen.<\/p>\n<p>Peking hatte Syrien in diesem Jahr schon einmal\u00a0geholfen, nachdem chinesische Beamte die historische iranisch-saudische Ann\u00e4herung vermittelt hatten, die auch eine Normalisierung der Beziehungen zwischen den Golfstaaten und Damaskus mit sich brachte.<\/p>\n<p>In den Wochen nach dem iranisch-saudischen Abkommen wurde Syrien auch wieder in die Arabische Liga aufgenommen, eine Entwicklung, die der Sprecher des chinesischen Au\u00dfenministeriums, Wang Wenbin, als Beweis daf\u00fcr bezeichnete, dass &#8220;wenn der Schatten der USA schrumpft, sich das Licht des Friedens ausbreitet&#8221;.<\/p>\n<p>Im M\u00e4rz forderten chinesische Beamte die USA auf, ihre illegale milit\u00e4rische Besetzung Syriens zu beenden und die Pl\u00fcnderung der Ressourcen des Landes einzustellen. Sie betonten, dass die anhaltende Pr\u00e4senz der USA die humanit\u00e4re Krise in Syrien verschlimmert habe.<\/p>\n<p>Kosai Abido, ein syrischer politischer Analyst und Autor, sagte diese Woche gegen\u00fcber dem englischsprachigen iranischen Auslandsfernsehsender\u00a0<em>Press TV<\/em>:<\/p>\n<blockquote>\n<p><em>&#8220;China hat im Laufe der Jahre die territoriale Integrit\u00e4t Syriens verteidigt und sein Vetorecht im UN-Sicherheitsrat oft genutzt, um Einmischungen in die inneren Angelegenheiten des arabischen Landes zu verhindern.&#8221;<\/em><\/p>\n<\/blockquote>\n<p>Er f\u00fcgte hinzu:<\/p>\n<blockquote>\n<p><em>&#8220;Da China als befreundeter Staat f\u00fcr Syrien gilt und \u00fcber eine betr\u00e4chtliche Wirtschaftskraft verf\u00fcgt, sollten die Kooperationsabkommen mit diesem Land auf den Lebensmittel-, Pharma- und Technologiesektor ausgeweitet werden.&#8221;<\/em><\/p>\n<\/blockquote>\n<p>Vergangenes Jahr unterzeichneten chinesische und syrische Beamte eine Absichtserkl\u00e4rung, mit der Damaskus in die Neue Seidenstra\u00dfe (Belt and Road Initiative, BRI) aufgenommen wurde. Dabei handelt es sich um ein enormes Infrastrukturprojekt, das Kapital und Infrastruktur in die L\u00e4nder des Globalen S\u00fcdens bringen und gleichzeitig die Konnektivit\u00e4t in den Bereichen Handel, Finanzen und Kultur drastisch verbessern soll.<\/p>\n<p><strong>Mehr zum Thema<\/strong> \u2013 <a rel=\"nofollow noopener\" target=\"_blank\" href=\"https:\/\/freeassange.rtde.life\/der-nahe-osten\/180860-von-usa-unterstuetzte-kaempfer-bekaempfen\/\">Von den USA unterst\u00fctzte K\u00e4mpfer bek\u00e4mpfen sich gegenseitig in Syrien. Wer ist daran schuld?<\/a><\/p>\n<\/div>\n<p><br \/>\n<br \/><a href=\"https:\/\/de.rt.com\/international\/181331-syrischer-praesident-baschar-al-assad-reist-nach-china\/\">Source link <\/a><\/p>\n","protected":false},"excerpt":{"rendered":"<p>Zum ersten Mal seit Beginn des syrischen B\u00fcrgerkriegs wird Pr\u00e4sident Baschar al-Assad nach China reisen. Der Besuch folgt auf Einladung des chinesischen Staatschefs Xi Jinping, berichtete die staatliche Nachrichtenagentur &#8220;Sana&#8221; am Dienstag. Der syrische Pr\u00e4sident Bashar al-Assad wird am 21. September nach China reisen, um auf offizielle Einladung seines Amtskollegen Xi Jinping an einem syrisch-chinesischen [&hellip;]<\/p>\n","protected":false},"author":3,"featured_media":46691,"comment_status":"open","ping_status":"open","sticky":false,"template":"","format":"standard","meta":{"_yoast_indexnow_last_ping":["1695212146"],"wp_automatic_camp":["217"],"80bd065647915a718992d592729cff76":["Syrien: Pr\u00e4sident Baschar al-Assad reist nach China"],"original_link":["https:\/\/de.rt.com\/international\/181331-syrischer-praesident-baschar-al-assad-reist-nach-china\/"],"_thumbnail_id":["46691"],"jnews_social_counter_last_update":["1777052267"]},"categories":[19,23],"tags":[23847,23846,192,979,3464,29854,783],"yoast_head":"<!-- This site is optimized with the Yoast SEO Premium plugin v22.7 (Yoast SEO v22.7) - https:\/\/yoast.com\/wordpress\/plugins\/seo\/ -->\n<title>Syrien: Pr\u00e4sident Baschar al-Assad reist nach China - just-now.NEWS Deutschland<\/title>\n<meta name=\"robots\" content=\"index, follow, max-snippet:-1, max-image-preview:large, max-video-preview:-1\" \/>\n<link rel=\"canonical\" href=\"https:\/\/now-news.de\/de\/deutschland\/syrien-praesident-baschar-al-assad-reist-nach-china\/\" \/>\n<meta property=\"og:locale\" content=\"de_DE\" \/>\n<meta property=\"og:type\" content=\"article\" \/>\n<meta property=\"og:title\" content=\"Syrien: Pr\u00e4sident Baschar al-Assad reist nach China\" \/>\n<meta property=\"og:description\" content=\"Zum ersten Mal seit Beginn des syrischen B\u00fcrgerkriegs wird Pr\u00e4sident Baschar al-Assad nach China reisen. Der Besuch folgt auf Einladung des chinesischen Staatschefs Xi Jinping, berichtete die staatliche Nachrichtenagentur &#8220;Sana&#8221; am Dienstag. Der syrische Pr\u00e4sident Bashar al-Assad wird am 21. September nach China reisen, um auf offizielle Einladung seines Amtskollegen Xi Jinping an einem syrisch-chinesischen [&hellip;]\" \/>\n<meta property=\"og:url\" content=\"https:\/\/now-news.de\/de\/deutschland\/syrien-praesident-baschar-al-assad-reist-nach-china\/\" \/>\n<meta property=\"og:site_name\" content=\"just-now.NEWS Deutschland\" \/>\n<meta property=\"article:publisher\" content=\"https:\/\/www.facebook.com\/wirmachenauf\" \/>\n<meta property=\"article:published_time\" content=\"2023-09-20T12:13:42+00:00\" \/>\n<meta property=\"og:image\" content=\"https:\/\/now-news.de\/de\/wp-content\/uploads\/sites\/3\/2023\/09\/Syrien-Praesident-Baschar-al-Assad-reist-nach-China.jpg\" \/>\n\t<meta property=\"og:image:width\" content=\"460\" \/>\n\t<meta property=\"og:image:height\" content=\"259\" \/>\n\t<meta property=\"og:image:type\" content=\"image\/jpeg\" \/>\n<meta name=\"author\" content=\"rtnews\" \/>\n<meta name=\"twitter:card\" content=\"summary_large_image\" \/>\n<meta name=\"twitter:creator\" content=\"@WirMachenAuf_de\" \/>\n<meta name=\"twitter:site\" content=\"@WirMachenAuf_de\" \/>\n<meta name=\"twitter:label1\" content=\"Verfasst von\" \/>\n\t<meta name=\"twitter:data1\" content=\"rtnews\" \/>\n\t<meta name=\"twitter:label2\" content=\"Gesch\u00e4tzte Lesezeit\" \/>\n\t<meta name=\"twitter:data2\" content=\"2\u00a0Minuten\" \/>\n<script type=\"application\/ld+json\" class=\"yoast-schema-graph\">{\"@context\":\"https:\/\/schema.org\",\"@graph\":[{\"@type\":\"Article\",\"@id\":\"https:\/\/now-news.de\/de\/deutschland\/syrien-praesident-baschar-al-assad-reist-nach-china\/#article\",\"isPartOf\":{\"@id\":\"https:\/\/now-news.de\/de\/deutschland\/syrien-praesident-baschar-al-assad-reist-nach-china\/\"},\"author\":{\"name\":\"rtnews\",\"@id\":\"https:\/\/now-news.de\/de\/#\/schema\/person\/fb534a4e865501d8b3285208df34a9b5\"},\"headline\":\"Syrien: Pr\u00e4sident Baschar al-Assad reist nach China\",\"datePublished\":\"2023-09-20T12:13:42+00:00\",\"dateModified\":\"2023-09-20T12:13:42+00:00\",\"mainEntityOfPage\":{\"@id\":\"https:\/\/now-news.de\/de\/deutschland\/syrien-praesident-baschar-al-assad-reist-nach-china\/\"},\"wordCount\":439,\"commentCount\":0,\"publisher\":{\"@id\":\"https:\/\/now-news.de\/de\/#organization\"},\"image\":{\"@id\":\"https:\/\/now-news.de\/de\/deutschland\/syrien-praesident-baschar-al-assad-reist-nach-china\/#primaryimage\"},\"thumbnailUrl\":\"https:\/\/now-news.de\/de\/wp-content\/uploads\/sites\/3\/2023\/09\/Syrien-Praesident-Baschar-al-Assad-reist-nach-China.jpg\",\"keywords\":[\"alAssad\",\"Baschar\",\"China\",\"nach\",\"Pr\u00e4sident\",\"reist\",\"Syrien\"],\"articleSection\":[\"Deutschland\",\"Russland\"],\"inLanguage\":\"de\",\"potentialAction\":[{\"@type\":\"CommentAction\",\"name\":\"Comment\",\"target\":[\"https:\/\/now-news.de\/de\/deutschland\/syrien-praesident-baschar-al-assad-reist-nach-china\/#respond\"]}]},{\"@type\":\"WebPage\",\"@id\":\"https:\/\/now-news.de\/de\/deutschland\/syrien-praesident-baschar-al-assad-reist-nach-china\/\",\"url\":\"https:\/\/now-news.de\/de\/deutschland\/syrien-praesident-baschar-al-assad-reist-nach-china\/\",\"name\":\"Syrien: Pr\u00e4sident Baschar al-Assad reist nach China - just-now.NEWS Deutschland\",\"isPartOf\":{\"@id\":\"https:\/\/now-news.de\/de\/#website\"},\"primaryImageOfPage\":{\"@id\":\"https:\/\/now-news.de\/de\/deutschland\/syrien-praesident-baschar-al-assad-reist-nach-china\/#primaryimage\"},\"image\":{\"@id\":\"https:\/\/now-news.de\/de\/deutschland\/syrien-praesident-baschar-al-assad-reist-nach-china\/#primaryimage\"},\"thumbnailUrl\":\"https:\/\/now-news.de\/de\/wp-content\/uploads\/sites\/3\/2023\/09\/Syrien-Praesident-Baschar-al-Assad-reist-nach-China.jpg\",\"datePublished\":\"2023-09-20T12:13:42+00:00\",\"dateModified\":\"2023-09-20T12:13:42+00:00\",\"breadcrumb\":{\"@id\":\"https:\/\/now-news.de\/de\/deutschland\/syrien-praesident-baschar-al-assad-reist-nach-china\/#breadcrumb\"},\"inLanguage\":\"de\",\"potentialAction\":[{\"@type\":\"ReadAction\",\"target\":[\"https:\/\/now-news.de\/de\/deutschland\/syrien-praesident-baschar-al-assad-reist-nach-china\/\"]}]},{\"@type\":\"ImageObject\",\"inLanguage\":\"de\",\"@id\":\"https:\/\/now-news.de\/de\/deutschland\/syrien-praesident-baschar-al-assad-reist-nach-china\/#primaryimage\",\"url\":\"https:\/\/now-news.de\/de\/wp-content\/uploads\/sites\/3\/2023\/09\/Syrien-Praesident-Baschar-al-Assad-reist-nach-China.jpg\",\"contentUrl\":\"https:\/\/now-news.de\/de\/wp-content\/uploads\/sites\/3\/2023\/09\/Syrien-Praesident-Baschar-al-Assad-reist-nach-China.jpg\",\"width\":460,\"height\":259,\"caption\":\"Syrien: Pr\u00e4sident Baschar al-Assad reist nach China\"},{\"@type\":\"BreadcrumbList\",\"@id\":\"https:\/\/now-news.de\/de\/deutschland\/syrien-praesident-baschar-al-assad-reist-nach-china\/#breadcrumb\",\"itemListElement\":[{\"@type\":\"ListItem\",\"position\":1,\"name\":\"Home\",\"item\":\"https:\/\/now-news.de\/de\/\"},{\"@type\":\"ListItem\",\"position\":2,\"name\":\"Syrien: Pr\u00e4sident Baschar al-Assad reist nach China\"}]},{\"@type\":\"WebSite\",\"@id\":\"https:\/\/now-news.de\/de\/#website\",\"url\":\"https:\/\/now-news.de\/de\/\",\"name\":\"just-now.NEWS Deutschland\",\"description\":\"Das Portal f\u00fcr unzensierte Nachrichten aus der Welt\",\"publisher\":{\"@id\":\"https:\/\/now-news.de\/de\/#organization\"},\"potentialAction\":[{\"@type\":\"SearchAction\",\"target\":{\"@type\":\"EntryPoint\",\"urlTemplate\":\"https:\/\/now-news.de\/de\/?s={search_term_string}\"},\"query-input\":\"required name=search_term_string\"}],\"inLanguage\":\"de\"},{\"@type\":\"Organization\",\"@id\":\"https:\/\/now-news.de\/de\/#organization\",\"name\":\"Just Now News\",\"url\":\"https:\/\/now-news.de\/de\/\",\"logo\":{\"@type\":\"ImageObject\",\"inLanguage\":\"de\",\"@id\":\"https:\/\/now-news.de\/de\/#\/schema\/logo\/image\/\",\"url\":\"http:\/\/just-now.news\/de\/wp-content\/uploads\/sites\/3\/2022\/04\/logo500x500.jpg\",\"contentUrl\":\"http:\/\/just-now.news\/de\/wp-content\/uploads\/sites\/3\/2022\/04\/logo500x500.jpg\",\"width\":500,\"height\":500,\"caption\":\"Just Now News\"},\"image\":{\"@id\":\"https:\/\/now-news.de\/de\/#\/schema\/logo\/image\/\"},\"sameAs\":[\"https:\/\/www.facebook.com\/wirmachenauf\",\"https:\/\/x.com\/WirMachenAuf_de\"]},{\"@type\":\"Person\",\"@id\":\"https:\/\/now-news.de\/de\/#\/schema\/person\/fb534a4e865501d8b3285208df34a9b5\",\"name\":\"rtnews\",\"image\":{\"@type\":\"ImageObject\",\"inLanguage\":\"de\",\"@id\":\"https:\/\/now-news.de\/de\/#\/schema\/person\/image\/\",\"url\":\"https:\/\/secure.gravatar.com\/avatar\/82aafea7d8127119dd649515f56e2117?s=96&d=mm&r=g\",\"contentUrl\":\"https:\/\/secure.gravatar.com\/avatar\/82aafea7d8127119dd649515f56e2117?s=96&d=mm&r=g\",\"caption\":\"rtnews\"},\"url\":\"https:\/\/now-news.de\/de\/author\/rnews\/\"}]}<\/script>\n<!-- \/ Yoast SEO Premium plugin. -->","yoast_head_json":{"title":"Syrien: Pr\u00e4sident Baschar al-Assad reist nach China - just-now.NEWS Deutschland","robots":{"index":"index","follow":"follow","max-snippet":"max-snippet:-1","max-image-preview":"max-image-preview:large","max-video-preview":"max-video-preview:-1"},"canonical":"https:\/\/now-news.de\/de\/deutschland\/syrien-praesident-baschar-al-assad-reist-nach-china\/","og_locale":"de_DE","og_type":"article","og_title":"Syrien: Pr\u00e4sident Baschar al-Assad reist nach China","og_description":"Zum ersten Mal seit Beginn des syrischen B\u00fcrgerkriegs wird Pr\u00e4sident Baschar al-Assad nach China reisen. Der Besuch folgt auf Einladung des chinesischen Staatschefs Xi Jinping, berichtete die staatliche Nachrichtenagentur &#8220;Sana&#8221; am Dienstag. Der syrische Pr\u00e4sident Bashar al-Assad wird am 21. September nach China reisen, um auf offizielle Einladung seines Amtskollegen Xi Jinping an einem syrisch-chinesischen [&hellip;]","og_url":"https:\/\/now-news.de\/de\/deutschland\/syrien-praesident-baschar-al-assad-reist-nach-china\/","og_site_name":"just-now.NEWS Deutschland","article_publisher":"https:\/\/www.facebook.com\/wirmachenauf","article_published_time":"2023-09-20T12:13:42+00:00","og_image":[{"width":460,"height":259,"url":"https:\/\/now-news.de\/de\/wp-content\/uploads\/sites\/3\/2023\/09\/Syrien-Praesident-Baschar-al-Assad-reist-nach-China.jpg","type":"image\/jpeg"}],"author":"rtnews","twitter_card":"summary_large_image","twitter_creator":"@WirMachenAuf_de","twitter_site":"@WirMachenAuf_de","twitter_misc":{"Verfasst von":"rtnews","Gesch\u00e4tzte Lesezeit":"2\u00a0Minuten"},"schema":{"@context":"https:\/\/schema.org","@graph":[{"@type":"Article","@id":"https:\/\/now-news.de\/de\/deutschland\/syrien-praesident-baschar-al-assad-reist-nach-china\/#article","isPartOf":{"@id":"https:\/\/now-news.de\/de\/deutschland\/syrien-praesident-baschar-al-assad-reist-nach-china\/"},"author":{"name":"rtnews","@id":"https:\/\/now-news.de\/de\/#\/schema\/person\/fb534a4e865501d8b3285208df34a9b5"},"headline":"Syrien: Pr\u00e4sident Baschar al-Assad reist nach China","datePublished":"2023-09-20T12:13:42+00:00","dateModified":"2023-09-20T12:13:42+00:00","mainEntityOfPage":{"@id":"https:\/\/now-news.de\/de\/deutschland\/syrien-praesident-baschar-al-assad-reist-nach-china\/"},"wordCount":439,"commentCount":0,"publisher":{"@id":"https:\/\/now-news.de\/de\/#organization"},"image":{"@id":"https:\/\/now-news.de\/de\/deutschland\/syrien-praesident-baschar-al-assad-reist-nach-china\/#primaryimage"},"thumbnailUrl":"https:\/\/now-news.de\/de\/wp-content\/uploads\/sites\/3\/2023\/09\/Syrien-Praesident-Baschar-al-Assad-reist-nach-China.jpg","keywords":["alAssad","Baschar","China","nach","Pr\u00e4sident","reist","Syrien"],"articleSection":["Deutschland","Russland"],"inLanguage":"de","potentialAction":[{"@type":"CommentAction","name":"Comment","target":["https:\/\/now-news.de\/de\/deutschland\/syrien-praesident-baschar-al-assad-reist-nach-china\/#respond"]}]},{"@type":"WebPage","@id":"https:\/\/now-news.de\/de\/deutschland\/syrien-praesident-baschar-al-assad-reist-nach-china\/","url":"https:\/\/now-news.de\/de\/deutschland\/syrien-praesident-baschar-al-assad-reist-nach-china\/","name":"Syrien: Pr\u00e4sident Baschar al-Assad reist nach China - just-now.NEWS Deutschland","isPartOf":{"@id":"https:\/\/now-news.de\/de\/#website"},"primaryImageOfPage":{"@id":"https:\/\/now-news.de\/de\/deutschland\/syrien-praesident-baschar-al-assad-reist-nach-china\/#primaryimage"},"image":{"@id":"https:\/\/now-news.de\/de\/deutschland\/syrien-praesident-baschar-al-assad-reist-nach-china\/#primaryimage"},"thumbnailUrl":"https:\/\/now-news.de\/de\/wp-content\/uploads\/sites\/3\/2023\/09\/Syrien-Praesident-Baschar-al-Assad-reist-nach-China.jpg","datePublished":"2023-09-20T12:13:42+00:00","dateModified":"2023-09-20T12:13:42+00:00","breadcrumb":{"@id":"https:\/\/now-news.de\/de\/deutschland\/syrien-praesident-baschar-al-assad-reist-nach-china\/#breadcrumb"},"inLanguage":"de","potentialAction":[{"@type":"ReadAction","target":["https:\/\/now-news.de\/de\/deutschland\/syrien-praesident-baschar-al-assad-reist-nach-china\/"]}]},{"@type":"ImageObject","inLanguage":"de","@id":"https:\/\/now-news.de\/de\/deutschland\/syrien-praesident-baschar-al-assad-reist-nach-china\/#primaryimage","url":"https:\/\/now-news.de\/de\/wp-content\/uploads\/sites\/3\/2023\/09\/Syrien-Praesident-Baschar-al-Assad-reist-nach-China.jpg","contentUrl":"https:\/\/now-news.de\/de\/wp-content\/uploads\/sites\/3\/2023\/09\/Syrien-Praesident-Baschar-al-Assad-reist-nach-China.jpg","width":460,"height":259,"caption":"Syrien: Pr\u00e4sident Baschar al-Assad reist nach China"},{"@type":"BreadcrumbList","@id":"https:\/\/now-news.de\/de\/deutschland\/syrien-praesident-baschar-al-assad-reist-nach-china\/#breadcrumb","itemListElement":[{"@type":"ListItem","position":1,"name":"Home","item":"https:\/\/now-news.de\/de\/"},{"@type":"ListItem","position":2,"name":"Syrien: Pr\u00e4sident Baschar al-Assad reist nach China"}]},{"@type":"WebSite","@id":"https:\/\/now-news.de\/de\/#website","url":"https:\/\/now-news.de\/de\/","name":"just-now.NEWS Deutschland","description":"Das Portal f\u00fcr unzensierte Nachrichten aus der Welt","publisher":{"@id":"https:\/\/now-news.de\/de\/#organization"},"potentialAction":[{"@type":"SearchAction","target":{"@type":"EntryPoint","urlTemplate":"https:\/\/now-news.de\/de\/?s={search_term_string}"},"query-input":"required name=search_term_string"}],"inLanguage":"de"},{"@type":"Organization","@id":"https:\/\/now-news.de\/de\/#organization","name":"Just Now News","url":"https:\/\/now-news.de\/de\/","logo":{"@type":"ImageObject","inLanguage":"de","@id":"https:\/\/now-news.de\/de\/#\/schema\/logo\/image\/","url":"http:\/\/just-now.news\/de\/wp-content\/uploads\/sites\/3\/2022\/04\/logo500x500.jpg","contentUrl":"http:\/\/just-now.news\/de\/wp-content\/uploads\/sites\/3\/2022\/04\/logo500x500.jpg","width":500,"height":500,"caption":"Just Now News"},"image":{"@id":"https:\/\/now-news.de\/de\/#\/schema\/logo\/image\/"},"sameAs":["https:\/\/www.facebook.com\/wirmachenauf","https:\/\/x.com\/WirMachenAuf_de"]},{"@type":"Person","@id":"https:\/\/now-news.de\/de\/#\/schema\/person\/fb534a4e865501d8b3285208df34a9b5","name":"rtnews","image":{"@type":"ImageObject","inLanguage":"de","@id":"https:\/\/now-news.de\/de\/#\/schema\/person\/image\/","url":"https:\/\/secure.gravatar.com\/avatar\/82aafea7d8127119dd649515f56e2117?s=96&d=mm&r=g","contentUrl":"https:\/\/secure.gravatar.com\/avatar\/82aafea7d8127119dd649515f56e2117?s=96&d=mm&r=g","caption":"rtnews"},"url":"https:\/\/now-news.de\/de\/author\/rnews\/"}]}},"_links":{"self":[{"href":"https:\/\/now-news.de\/de\/wp-json\/wp\/v2\/posts\/46690"}],"collection":[{"href":"https:\/\/now-news.de\/de\/wp-json\/wp\/v2\/posts"}],"about":[{"href":"https:\/\/now-news.de\/de\/wp-json\/wp\/v2\/types\/post"}],"author":[{"embeddable":true,"href":"https:\/\/now-news.de\/de\/wp-json\/wp\/v2\/users\/3"}],"replies":[{"embeddable":true,"href":"https:\/\/now-news.de\/de\/wp-json\/wp\/v2\/comments?post=46690"}],"version-history":[{"count":0,"href":"https:\/\/now-news.de\/de\/wp-json\/wp\/v2\/posts\/46690\/revisions"}],"wp:featuredmedia":[{"embeddable":true,"href":"https:\/\/now-news.de\/de\/wp-json\/wp\/v2\/media\/46691"}],"wp:attachment":[{"href":"https:\/\/now-news.de\/de\/wp-json\/wp\/v2\/media?parent=46690"}],"wp:term":[{"taxonomy":"category","embeddable":true,"href":"https:\/\/now-news.de\/de\/wp-json\/wp\/v2\/categories?post=46690"},{"taxonomy":"post_tag","embeddable":true,"href":"https:\/\/now-news.de\/de\/wp-json\/wp\/v2\/tags?post=46690"}],"curies":[{"name":"wp","href":"https:\/\/api.w.org\/{rel}","templated":true}]}}