{"id":46663,"date":"2023-09-19T20:19:45","date_gmt":"2023-09-19T18:19:45","guid":{"rendered":"https:\/\/just-now.news\/de\/deutschland\/russlands-verteidigungsminister-schoigu-trifft-in-teheran-ein\/"},"modified":"2023-09-19T20:19:45","modified_gmt":"2023-09-19T18:19:45","slug":"russlands-verteidigungsminister-schoigu-trifft-in-teheran-ein","status":"publish","type":"post","link":"https:\/\/now-news.de\/de\/deutschland\/russlands-verteidigungsminister-schoigu-trifft-in-teheran-ein\/","title":{"rendered":"Russlands Verteidigungsminister Schoigu trifft in Teheran ein"},"content":{"rendered":"<p><img decoding=\"async\" src=\"http:\/\/just-now.news\/de\/wp-content\/uploads\/sites\/3\/2023\/09\/6509b70c48fbef7e7d034fbb.jpg\" \/><\/p>\n<div class=\"Text-root Text-type_1 \">\n                Eine Delegation aus Russland unter der Leitung vom Verteidigungsminister Sergei Schoigu ist am Dienstag zu Verhandlungen mit der Milit\u00e4rf\u00fchrung der Islamischen Republik Iran (IRA) in Teheran eingetroffen.\n            <\/div>\n<p><\/p>\n<div class=\"Text-root Text-type_5 ArticleView-text ViewText-root \">\n<p>Mit Verteidigungsminister Sergei Schoigu an der Spitze ist am Dienstag eine russische Delegation zu Verhandlungen mit der Milit\u00e4rf\u00fchrung der Islamischen Republik Iran in Teheran eingetroffen. Dies <a rel=\"nofollow noopener\" target=\"_blank\" href=\"https:\/\/function.mil.ru\/news_page\/country\/more.htm?id=12479341@egNews\">teilte<\/a>\u00a0die Milit\u00e4rbeh\u00f6rde in Moskau mit.<\/p>\n<blockquote>\n<p><em>&#8220;W\u00e4hrend des Besuchs wird die Delegation des russischen Verteidigungsministeriums eine Reihe von Gespr\u00e4chen mit der milit\u00e4rischen F\u00fchrung der Republik f\u00fchren.&#8221;<\/em><\/p>\n<\/blockquote>\n<p>Wie es hei\u00dft, wird die Zusammenkunft zur St\u00e4rkung der russisch-iranischen Milit\u00e4rbeziehungen beitragen wie auch zu einer wichtigen Etappe in der Entwicklung der Zusammenarbeit zwischen beiden Staaten werden. Vor dem Hauptgeb\u00e4ude des Generalstabs der iranischen Streitkr\u00e4fte habe eine offizielle Begr\u00fc\u00dfungszeremonie der russischen Delegation unter Beteiligung einer Ehrengarde-Kompanie sowie eines Orchesters stattgefunden. Der russische Verteidigungsminister sei vom iranischen Generalstabschef Generalmajor Mohammad Bagheri begr\u00fc\u00dft worden.<\/p>\n<p>Die iranische Staatsagentur <em>IRNA<\/em>\u00a0<a rel=\"nofollow noopener\" target=\"_blank\" href=\"https:\/\/ru.irna.ir\/news\/85233063\/%D0%9C%D0%B8%D0%BD%D0%B8%D1%81%D1%82%D1%80-%D0%BE%D0%B1%D0%BE%D1%80%D0%BE%D0%BD%D1%8B-%D0%A0%D0%BE%D1%81%D1%81%D0%B8%D0%B8-%D0%BF%D1%80%D0%B8%D0%B1%D1%8B%D0%BB-%D0%B2-%D0%98%D1%80%D0%B0%D0%BD\">gab<\/a> bekannt, dass die Parteien planten, M\u00f6glichkeiten zur St\u00e4rkung der milit\u00e4rischen Beziehungen zwischen den beiden L\u00e4ndern zu besprechen. Auch solle die Kooperation zwischen Moskau und Teheran im Kampf gegen den Terrorismus zur Sprache kommen.<\/p>\n<p>Ende Juni hatte das Verteidigungsministerium in Moskau mitgeteilt, dass Schoigu ein Telefongespr\u00e4ch mit Bagheri gef\u00fchrt hatte. Sie h\u00e4tten bilaterale milit\u00e4rische und milit\u00e4risch-technische Zusammenarbeit er\u00f6rtert, hie\u00df es damals. Die Parteien hatten ihr Engagement f\u00fcr den Ausbau des Dialogs bekr\u00e4ftigt. Au\u00dferdem hatte die Beh\u00f6rde in Moskau bekannt gegeben, dass sich Schoigu und Bagheri \u00fcber Themen der internationalen Politik sowie der regionalen Sicherheit ausgetauscht hatten. Die iranische Nachrichtenagentur <em>Tasnim<\/em> hatte ihrerseits gemeldet, dass Bagheri den russischen Minister zu einem Besuch in der Islamischen Republik eingeladen hatte.<\/p>\n<p><strong>Mehr zum Thema<\/strong> \u2013 <a rel=\"nofollow noopener\" target=\"_blank\" href=\"https:\/\/freedert.online\/international\/181013-nach-verlaengerung-sanktionen-gegen-iran\/\">Nach Verl\u00e4ngerung der Sanktionen gegen Iran: Teheran erschwert \u00dcberpr\u00fcfung seiner Atomanlagen<\/a>\u00a0<\/p>\n<\/div>\n<p><br \/>\n<br \/><a href=\"https:\/\/de.rt.com\/russland\/181254-russlands-verteidigungsminister-schoigu-trifft-in-teheran-ein\/\">Source link <\/a><\/p>\n","protected":false},"excerpt":{"rendered":"<p>Eine Delegation aus Russland unter der Leitung vom Verteidigungsminister Sergei Schoigu ist am Dienstag zu Verhandlungen mit der Milit\u00e4rf\u00fchrung der Islamischen Republik Iran (IRA) in Teheran eingetroffen. Mit Verteidigungsminister Sergei Schoigu an der Spitze ist am Dienstag eine russische Delegation zu Verhandlungen mit der Milit\u00e4rf\u00fchrung der Islamischen Republik Iran in Teheran eingetroffen. Dies teilte\u00a0die Milit\u00e4rbeh\u00f6rde [&hellip;]<\/p>\n","protected":false},"author":3,"featured_media":46664,"comment_status":"open","ping_status":"open","sticky":false,"template":"","format":"standard","meta":{"_yoast_indexnow_last_ping":["1695148203"],"wp_automatic_camp":["217"],"d742575dfa13d12b16983b84881e9598":["Russlands Verteidigungsminister Schoigu trifft in Teheran ein"],"original_link":["https:\/\/de.rt.com\/russland\/181254-russlands-verteidigungsminister-schoigu-trifft-in-teheran-ein\/"],"_thumbnail_id":["46664"],"jnews_social_counter_last_update":["1777357529"]},"categories":[19,23],"tags":[357,142,5673,19900,13790,5456],"yoast_head":"<!-- This site is optimized with the Yoast SEO Premium plugin v22.7 (Yoast SEO v22.7) - https:\/\/yoast.com\/wordpress\/plugins\/seo\/ -->\n<title>Russlands Verteidigungsminister Schoigu trifft in Teheran ein - just-now.NEWS Deutschland<\/title>\n<meta name=\"robots\" content=\"index, follow, max-snippet:-1, max-image-preview:large, max-video-preview:-1\" \/>\n<link rel=\"canonical\" href=\"https:\/\/now-news.de\/de\/deutschland\/russlands-verteidigungsminister-schoigu-trifft-in-teheran-ein\/\" \/>\n<meta property=\"og:locale\" content=\"de_DE\" \/>\n<meta property=\"og:type\" content=\"article\" \/>\n<meta property=\"og:title\" content=\"Russlands Verteidigungsminister Schoigu trifft in Teheran ein\" \/>\n<meta property=\"og:description\" content=\"Eine Delegation aus Russland unter der Leitung vom Verteidigungsminister Sergei Schoigu ist am Dienstag zu Verhandlungen mit der Milit\u00e4rf\u00fchrung der Islamischen Republik Iran (IRA) in Teheran eingetroffen. Mit Verteidigungsminister Sergei Schoigu an der Spitze ist am Dienstag eine russische Delegation zu Verhandlungen mit der Milit\u00e4rf\u00fchrung der Islamischen Republik Iran in Teheran eingetroffen. Dies teilte\u00a0die Milit\u00e4rbeh\u00f6rde [&hellip;]\" \/>\n<meta property=\"og:url\" content=\"https:\/\/now-news.de\/de\/deutschland\/russlands-verteidigungsminister-schoigu-trifft-in-teheran-ein\/\" \/>\n<meta property=\"og:site_name\" content=\"just-now.NEWS Deutschland\" \/>\n<meta property=\"article:publisher\" content=\"https:\/\/www.facebook.com\/wirmachenauf\" \/>\n<meta property=\"article:published_time\" content=\"2023-09-19T18:19:45+00:00\" \/>\n<meta property=\"og:image\" content=\"https:\/\/now-news.de\/de\/wp-content\/uploads\/sites\/3\/2023\/09\/Russlands-Verteidigungsminister-Schoigu-trifft-in-Teheran-ein.jpg\" \/>\n\t<meta property=\"og:image:width\" content=\"460\" \/>\n\t<meta property=\"og:image:height\" content=\"259\" \/>\n\t<meta property=\"og:image:type\" content=\"image\/jpeg\" \/>\n<meta name=\"author\" content=\"rtnews\" \/>\n<meta name=\"twitter:card\" content=\"summary_large_image\" \/>\n<meta name=\"twitter:creator\" content=\"@WirMachenAuf_de\" \/>\n<meta name=\"twitter:site\" content=\"@WirMachenAuf_de\" \/>\n<meta name=\"twitter:label1\" content=\"Verfasst von\" \/>\n\t<meta name=\"twitter:data1\" content=\"rtnews\" \/>\n\t<meta name=\"twitter:label2\" content=\"Gesch\u00e4tzte Lesezeit\" \/>\n\t<meta name=\"twitter:data2\" content=\"2\u00a0Minuten\" \/>\n<script type=\"application\/ld+json\" class=\"yoast-schema-graph\">{\"@context\":\"https:\/\/schema.org\",\"@graph\":[{\"@type\":\"Article\",\"@id\":\"https:\/\/now-news.de\/de\/deutschland\/russlands-verteidigungsminister-schoigu-trifft-in-teheran-ein\/#article\",\"isPartOf\":{\"@id\":\"https:\/\/now-news.de\/de\/deutschland\/russlands-verteidigungsminister-schoigu-trifft-in-teheran-ein\/\"},\"author\":{\"name\":\"rtnews\",\"@id\":\"https:\/\/now-news.de\/de\/#\/schema\/person\/fb534a4e865501d8b3285208df34a9b5\"},\"headline\":\"Russlands Verteidigungsminister Schoigu trifft in Teheran ein\",\"datePublished\":\"2023-09-19T18:19:45+00:00\",\"dateModified\":\"2023-09-19T18:19:45+00:00\",\"mainEntityOfPage\":{\"@id\":\"https:\/\/now-news.de\/de\/deutschland\/russlands-verteidigungsminister-schoigu-trifft-in-teheran-ein\/\"},\"wordCount\":320,\"commentCount\":0,\"publisher\":{\"@id\":\"https:\/\/now-news.de\/de\/#organization\"},\"image\":{\"@id\":\"https:\/\/now-news.de\/de\/deutschland\/russlands-verteidigungsminister-schoigu-trifft-in-teheran-ein\/#primaryimage\"},\"thumbnailUrl\":\"https:\/\/now-news.de\/de\/wp-content\/uploads\/sites\/3\/2023\/09\/Russlands-Verteidigungsminister-Schoigu-trifft-in-Teheran-ein.jpg\",\"keywords\":[\"ein\",\"Russlands\",\"Schoigu\",\"Teheran\",\"trifft\",\"Verteidigungsminister\"],\"articleSection\":[\"Deutschland\",\"Russland\"],\"inLanguage\":\"de\",\"potentialAction\":[{\"@type\":\"CommentAction\",\"name\":\"Comment\",\"target\":[\"https:\/\/now-news.de\/de\/deutschland\/russlands-verteidigungsminister-schoigu-trifft-in-teheran-ein\/#respond\"]}]},{\"@type\":\"WebPage\",\"@id\":\"https:\/\/now-news.de\/de\/deutschland\/russlands-verteidigungsminister-schoigu-trifft-in-teheran-ein\/\",\"url\":\"https:\/\/now-news.de\/de\/deutschland\/russlands-verteidigungsminister-schoigu-trifft-in-teheran-ein\/\",\"name\":\"Russlands Verteidigungsminister Schoigu trifft in Teheran ein - just-now.NEWS Deutschland\",\"isPartOf\":{\"@id\":\"https:\/\/now-news.de\/de\/#website\"},\"primaryImageOfPage\":{\"@id\":\"https:\/\/now-news.de\/de\/deutschland\/russlands-verteidigungsminister-schoigu-trifft-in-teheran-ein\/#primaryimage\"},\"image\":{\"@id\":\"https:\/\/now-news.de\/de\/deutschland\/russlands-verteidigungsminister-schoigu-trifft-in-teheran-ein\/#primaryimage\"},\"thumbnailUrl\":\"https:\/\/now-news.de\/de\/wp-content\/uploads\/sites\/3\/2023\/09\/Russlands-Verteidigungsminister-Schoigu-trifft-in-Teheran-ein.jpg\",\"datePublished\":\"2023-09-19T18:19:45+00:00\",\"dateModified\":\"2023-09-19T18:19:45+00:00\",\"breadcrumb\":{\"@id\":\"https:\/\/now-news.de\/de\/deutschland\/russlands-verteidigungsminister-schoigu-trifft-in-teheran-ein\/#breadcrumb\"},\"inLanguage\":\"de\",\"potentialAction\":[{\"@type\":\"ReadAction\",\"target\":[\"https:\/\/now-news.de\/de\/deutschland\/russlands-verteidigungsminister-schoigu-trifft-in-teheran-ein\/\"]}]},{\"@type\":\"ImageObject\",\"inLanguage\":\"de\",\"@id\":\"https:\/\/now-news.de\/de\/deutschland\/russlands-verteidigungsminister-schoigu-trifft-in-teheran-ein\/#primaryimage\",\"url\":\"https:\/\/now-news.de\/de\/wp-content\/uploads\/sites\/3\/2023\/09\/Russlands-Verteidigungsminister-Schoigu-trifft-in-Teheran-ein.jpg\",\"contentUrl\":\"https:\/\/now-news.de\/de\/wp-content\/uploads\/sites\/3\/2023\/09\/Russlands-Verteidigungsminister-Schoigu-trifft-in-Teheran-ein.jpg\",\"width\":460,\"height\":259,\"caption\":\"Russlands Verteidigungsminister Schoigu trifft in Teheran ein\"},{\"@type\":\"BreadcrumbList\",\"@id\":\"https:\/\/now-news.de\/de\/deutschland\/russlands-verteidigungsminister-schoigu-trifft-in-teheran-ein\/#breadcrumb\",\"itemListElement\":[{\"@type\":\"ListItem\",\"position\":1,\"name\":\"Home\",\"item\":\"https:\/\/now-news.de\/de\/\"},{\"@type\":\"ListItem\",\"position\":2,\"name\":\"Russlands Verteidigungsminister Schoigu trifft in Teheran ein\"}]},{\"@type\":\"WebSite\",\"@id\":\"https:\/\/now-news.de\/de\/#website\",\"url\":\"https:\/\/now-news.de\/de\/\",\"name\":\"just-now.NEWS Deutschland\",\"description\":\"Das Portal f\u00fcr unzensierte Nachrichten aus der Welt\",\"publisher\":{\"@id\":\"https:\/\/now-news.de\/de\/#organization\"},\"potentialAction\":[{\"@type\":\"SearchAction\",\"target\":{\"@type\":\"EntryPoint\",\"urlTemplate\":\"https:\/\/now-news.de\/de\/?s={search_term_string}\"},\"query-input\":\"required name=search_term_string\"}],\"inLanguage\":\"de\"},{\"@type\":\"Organization\",\"@id\":\"https:\/\/now-news.de\/de\/#organization\",\"name\":\"Just Now News\",\"url\":\"https:\/\/now-news.de\/de\/\",\"logo\":{\"@type\":\"ImageObject\",\"inLanguage\":\"de\",\"@id\":\"https:\/\/now-news.de\/de\/#\/schema\/logo\/image\/\",\"url\":\"http:\/\/just-now.news\/de\/wp-content\/uploads\/sites\/3\/2022\/04\/logo500x500.jpg\",\"contentUrl\":\"http:\/\/just-now.news\/de\/wp-content\/uploads\/sites\/3\/2022\/04\/logo500x500.jpg\",\"width\":500,\"height\":500,\"caption\":\"Just Now News\"},\"image\":{\"@id\":\"https:\/\/now-news.de\/de\/#\/schema\/logo\/image\/\"},\"sameAs\":[\"https:\/\/www.facebook.com\/wirmachenauf\",\"https:\/\/x.com\/WirMachenAuf_de\"]},{\"@type\":\"Person\",\"@id\":\"https:\/\/now-news.de\/de\/#\/schema\/person\/fb534a4e865501d8b3285208df34a9b5\",\"name\":\"rtnews\",\"image\":{\"@type\":\"ImageObject\",\"inLanguage\":\"de\",\"@id\":\"https:\/\/now-news.de\/de\/#\/schema\/person\/image\/\",\"url\":\"https:\/\/secure.gravatar.com\/avatar\/82aafea7d8127119dd649515f56e2117?s=96&d=mm&r=g\",\"contentUrl\":\"https:\/\/secure.gravatar.com\/avatar\/82aafea7d8127119dd649515f56e2117?s=96&d=mm&r=g\",\"caption\":\"rtnews\"},\"url\":\"https:\/\/now-news.de\/de\/author\/rnews\/\"}]}<\/script>\n<!-- \/ Yoast SEO Premium plugin. -->","yoast_head_json":{"title":"Russlands Verteidigungsminister Schoigu trifft in Teheran ein - just-now.NEWS Deutschland","robots":{"index":"index","follow":"follow","max-snippet":"max-snippet:-1","max-image-preview":"max-image-preview:large","max-video-preview":"max-video-preview:-1"},"canonical":"https:\/\/now-news.de\/de\/deutschland\/russlands-verteidigungsminister-schoigu-trifft-in-teheran-ein\/","og_locale":"de_DE","og_type":"article","og_title":"Russlands Verteidigungsminister Schoigu trifft in Teheran ein","og_description":"Eine Delegation aus Russland unter der Leitung vom Verteidigungsminister Sergei Schoigu ist am Dienstag zu Verhandlungen mit der Milit\u00e4rf\u00fchrung der Islamischen Republik Iran (IRA) in Teheran eingetroffen. Mit Verteidigungsminister Sergei Schoigu an der Spitze ist am Dienstag eine russische Delegation zu Verhandlungen mit der Milit\u00e4rf\u00fchrung der Islamischen Republik Iran in Teheran eingetroffen. Dies teilte\u00a0die Milit\u00e4rbeh\u00f6rde [&hellip;]","og_url":"https:\/\/now-news.de\/de\/deutschland\/russlands-verteidigungsminister-schoigu-trifft-in-teheran-ein\/","og_site_name":"just-now.NEWS Deutschland","article_publisher":"https:\/\/www.facebook.com\/wirmachenauf","article_published_time":"2023-09-19T18:19:45+00:00","og_image":[{"width":460,"height":259,"url":"https:\/\/now-news.de\/de\/wp-content\/uploads\/sites\/3\/2023\/09\/Russlands-Verteidigungsminister-Schoigu-trifft-in-Teheran-ein.jpg","type":"image\/jpeg"}],"author":"rtnews","twitter_card":"summary_large_image","twitter_creator":"@WirMachenAuf_de","twitter_site":"@WirMachenAuf_de","twitter_misc":{"Verfasst von":"rtnews","Gesch\u00e4tzte Lesezeit":"2\u00a0Minuten"},"schema":{"@context":"https:\/\/schema.org","@graph":[{"@type":"Article","@id":"https:\/\/now-news.de\/de\/deutschland\/russlands-verteidigungsminister-schoigu-trifft-in-teheran-ein\/#article","isPartOf":{"@id":"https:\/\/now-news.de\/de\/deutschland\/russlands-verteidigungsminister-schoigu-trifft-in-teheran-ein\/"},"author":{"name":"rtnews","@id":"https:\/\/now-news.de\/de\/#\/schema\/person\/fb534a4e865501d8b3285208df34a9b5"},"headline":"Russlands Verteidigungsminister Schoigu trifft in Teheran ein","datePublished":"2023-09-19T18:19:45+00:00","dateModified":"2023-09-19T18:19:45+00:00","mainEntityOfPage":{"@id":"https:\/\/now-news.de\/de\/deutschland\/russlands-verteidigungsminister-schoigu-trifft-in-teheran-ein\/"},"wordCount":320,"commentCount":0,"publisher":{"@id":"https:\/\/now-news.de\/de\/#organization"},"image":{"@id":"https:\/\/now-news.de\/de\/deutschland\/russlands-verteidigungsminister-schoigu-trifft-in-teheran-ein\/#primaryimage"},"thumbnailUrl":"https:\/\/now-news.de\/de\/wp-content\/uploads\/sites\/3\/2023\/09\/Russlands-Verteidigungsminister-Schoigu-trifft-in-Teheran-ein.jpg","keywords":["ein","Russlands","Schoigu","Teheran","trifft","Verteidigungsminister"],"articleSection":["Deutschland","Russland"],"inLanguage":"de","potentialAction":[{"@type":"CommentAction","name":"Comment","target":["https:\/\/now-news.de\/de\/deutschland\/russlands-verteidigungsminister-schoigu-trifft-in-teheran-ein\/#respond"]}]},{"@type":"WebPage","@id":"https:\/\/now-news.de\/de\/deutschland\/russlands-verteidigungsminister-schoigu-trifft-in-teheran-ein\/","url":"https:\/\/now-news.de\/de\/deutschland\/russlands-verteidigungsminister-schoigu-trifft-in-teheran-ein\/","name":"Russlands Verteidigungsminister Schoigu trifft in Teheran ein - just-now.NEWS Deutschland","isPartOf":{"@id":"https:\/\/now-news.de\/de\/#website"},"primaryImageOfPage":{"@id":"https:\/\/now-news.de\/de\/deutschland\/russlands-verteidigungsminister-schoigu-trifft-in-teheran-ein\/#primaryimage"},"image":{"@id":"https:\/\/now-news.de\/de\/deutschland\/russlands-verteidigungsminister-schoigu-trifft-in-teheran-ein\/#primaryimage"},"thumbnailUrl":"https:\/\/now-news.de\/de\/wp-content\/uploads\/sites\/3\/2023\/09\/Russlands-Verteidigungsminister-Schoigu-trifft-in-Teheran-ein.jpg","datePublished":"2023-09-19T18:19:45+00:00","dateModified":"2023-09-19T18:19:45+00:00","breadcrumb":{"@id":"https:\/\/now-news.de\/de\/deutschland\/russlands-verteidigungsminister-schoigu-trifft-in-teheran-ein\/#breadcrumb"},"inLanguage":"de","potentialAction":[{"@type":"ReadAction","target":["https:\/\/now-news.de\/de\/deutschland\/russlands-verteidigungsminister-schoigu-trifft-in-teheran-ein\/"]}]},{"@type":"ImageObject","inLanguage":"de","@id":"https:\/\/now-news.de\/de\/deutschland\/russlands-verteidigungsminister-schoigu-trifft-in-teheran-ein\/#primaryimage","url":"https:\/\/now-news.de\/de\/wp-content\/uploads\/sites\/3\/2023\/09\/Russlands-Verteidigungsminister-Schoigu-trifft-in-Teheran-ein.jpg","contentUrl":"https:\/\/now-news.de\/de\/wp-content\/uploads\/sites\/3\/2023\/09\/Russlands-Verteidigungsminister-Schoigu-trifft-in-Teheran-ein.jpg","width":460,"height":259,"caption":"Russlands Verteidigungsminister Schoigu trifft in Teheran ein"},{"@type":"BreadcrumbList","@id":"https:\/\/now-news.de\/de\/deutschland\/russlands-verteidigungsminister-schoigu-trifft-in-teheran-ein\/#breadcrumb","itemListElement":[{"@type":"ListItem","position":1,"name":"Home","item":"https:\/\/now-news.de\/de\/"},{"@type":"ListItem","position":2,"name":"Russlands Verteidigungsminister Schoigu trifft in Teheran ein"}]},{"@type":"WebSite","@id":"https:\/\/now-news.de\/de\/#website","url":"https:\/\/now-news.de\/de\/","name":"just-now.NEWS Deutschland","description":"Das Portal f\u00fcr unzensierte Nachrichten aus der Welt","publisher":{"@id":"https:\/\/now-news.de\/de\/#organization"},"potentialAction":[{"@type":"SearchAction","target":{"@type":"EntryPoint","urlTemplate":"https:\/\/now-news.de\/de\/?s={search_term_string}"},"query-input":"required name=search_term_string"}],"inLanguage":"de"},{"@type":"Organization","@id":"https:\/\/now-news.de\/de\/#organization","name":"Just Now News","url":"https:\/\/now-news.de\/de\/","logo":{"@type":"ImageObject","inLanguage":"de","@id":"https:\/\/now-news.de\/de\/#\/schema\/logo\/image\/","url":"http:\/\/just-now.news\/de\/wp-content\/uploads\/sites\/3\/2022\/04\/logo500x500.jpg","contentUrl":"http:\/\/just-now.news\/de\/wp-content\/uploads\/sites\/3\/2022\/04\/logo500x500.jpg","width":500,"height":500,"caption":"Just Now News"},"image":{"@id":"https:\/\/now-news.de\/de\/#\/schema\/logo\/image\/"},"sameAs":["https:\/\/www.facebook.com\/wirmachenauf","https:\/\/x.com\/WirMachenAuf_de"]},{"@type":"Person","@id":"https:\/\/now-news.de\/de\/#\/schema\/person\/fb534a4e865501d8b3285208df34a9b5","name":"rtnews","image":{"@type":"ImageObject","inLanguage":"de","@id":"https:\/\/now-news.de\/de\/#\/schema\/person\/image\/","url":"https:\/\/secure.gravatar.com\/avatar\/82aafea7d8127119dd649515f56e2117?s=96&d=mm&r=g","contentUrl":"https:\/\/secure.gravatar.com\/avatar\/82aafea7d8127119dd649515f56e2117?s=96&d=mm&r=g","caption":"rtnews"},"url":"https:\/\/now-news.de\/de\/author\/rnews\/"}]}},"_links":{"self":[{"href":"https:\/\/now-news.de\/de\/wp-json\/wp\/v2\/posts\/46663"}],"collection":[{"href":"https:\/\/now-news.de\/de\/wp-json\/wp\/v2\/posts"}],"about":[{"href":"https:\/\/now-news.de\/de\/wp-json\/wp\/v2\/types\/post"}],"author":[{"embeddable":true,"href":"https:\/\/now-news.de\/de\/wp-json\/wp\/v2\/users\/3"}],"replies":[{"embeddable":true,"href":"https:\/\/now-news.de\/de\/wp-json\/wp\/v2\/comments?post=46663"}],"version-history":[{"count":0,"href":"https:\/\/now-news.de\/de\/wp-json\/wp\/v2\/posts\/46663\/revisions"}],"wp:featuredmedia":[{"embeddable":true,"href":"https:\/\/now-news.de\/de\/wp-json\/wp\/v2\/media\/46664"}],"wp:attachment":[{"href":"https:\/\/now-news.de\/de\/wp-json\/wp\/v2\/media?parent=46663"}],"wp:term":[{"taxonomy":"category","embeddable":true,"href":"https:\/\/now-news.de\/de\/wp-json\/wp\/v2\/categories?post=46663"},{"taxonomy":"post_tag","embeddable":true,"href":"https:\/\/now-news.de\/de\/wp-json\/wp\/v2\/tags?post=46663"}],"curies":[{"name":"wp","href":"https:\/\/api.w.org\/{rel}","templated":true}]}}