{"id":46659,"date":"2023-09-19T19:37:40","date_gmt":"2023-09-19T17:37:40","guid":{"rendered":"https:\/\/just-now.news\/de\/deutschland\/staatsduma-beschliesst-neues-gedenkdatum-tag-der-wiedervereinigung-mit-vier-neuen-regionen\/"},"modified":"2023-09-19T19:37:40","modified_gmt":"2023-09-19T17:37:40","slug":"staatsduma-beschliesst-neues-gedenkdatum-tag-der-wiedervereinigung-mit-vier-neuen-regionen","status":"publish","type":"post","link":"https:\/\/now-news.de\/de\/deutschland\/staatsduma-beschliesst-neues-gedenkdatum-tag-der-wiedervereinigung-mit-vier-neuen-regionen\/","title":{"rendered":"Staatsduma beschlie\u00dft neues Gedenkdatum \u2013 Tag der Wiedervereinigung mit vier neuen Regionen"},"content":{"rendered":"<p><img decoding=\"async\" src=\"http:\/\/just-now.news\/de\/wp-content\/uploads\/sites\/3\/2023\/09\/650997df48fbef49282ec0cf.jpg\" \/><\/p>\n<div class=\"Text-root Text-type_1 \">\n                Am Dienstag hat Russlands Staatsduma den Tag der Wiedervereinigung mit vier neuen Regionen bestimmt. Das neue Gedenkdatum soll jedes Jahr am 30. September gefeiert werden. Die Abgeordneten unterst\u00fctzten den Gesetzentwurf einstimmig.\n            <\/div>\n<p><\/p>\n<div class=\"Text-root Text-type_5 ArticleView-text ViewText-root \">\n<p>W\u00e4hrend einer Plenarsitzung am Dienstag hat die Staatsduma des russischen Parlaments ein neues Gedenkdatum festgesetzt. Nun feiert Russland am 30. September jedes Jahres den Tag der Wiedervereinigung mit den Volksrepubliken Donezk und Lugansk sowie den Gebieten Cherson und Saporoschje. Die Abgeordneten verabschiedeten einstimmig den entsprechenden Gesetzentwurf, der zuvor vom Pr\u00e4sidenten Wladimir Putin vorgeschlagen worden war. Der Duma-Vorsitzende, Wjatscheslaw Wolodin, erkl\u00e4rte diesbez\u00fcglich wie folgt:<\/p>\n<blockquote>\n<p><em>&#8220;Das vom Pr\u00e4sidenten eingebrachte Gesetz wurde von der Staatsduma mit Vorrang verabschiedet. Alle Fraktionen unterst\u00fctzten die Entscheidung einstimmig.&#8221;<\/em><\/p>\n<\/blockquote>\n<p>Die Bedeutung des Feiertages f\u00fcr die neuste Geschichte Russlands bekr\u00e4ftigte Wolodin damit, dass die Einwohner der vier neuen Regionen seit vielen Jahren ihr Recht auf ihre Muttersprache, Geschichte, Kultur und ihren Glauben sch\u00fctzten. Sie h\u00e4tten sich daf\u00fcr entschieden, mit Russland zusammen zu sein. Daher sei es richtig, dass der Tag, als die Regionen nach Russland zur\u00fcckkehrten, im nationalen Ged\u00e4chtnis bleibe.<\/p>\n<p>In einer Notiz zu dem Gesetzentwurf wird betont, dass die Wiedervereinigung mit den Volksrepubliken Donezk und Lugansk sowie den Gebieten Saporoschje und Cherson auf der Grundlage historischer Gemeinsamkeiten mit Russland erfolgt ist. Weiter hei\u00dft es, die Wiedervereinigung &#8220;ist das Ergebnis der Willensbekundung von Millionen Menschen, die ihr unabdingbares Recht umsetzten, frei und ohne \u00e4u\u00dfere Einmischung ihren politischen Status sowie ihre wirtschaftliche, gesellschaftliche und kulturelle Entwicklung zu bestimmen&#8221;. Die Abkommen \u00fcber die Eingliederung der vier Regionen wurden am 30. September 2022 im Moskauer Kreml unterzeichnet.<\/p>\n<p><strong>Mehr zum Thema\u00a0<\/strong>\u2013<strong>\u00a0<\/strong><a rel=\"nofollow noopener\" target=\"_blank\" href=\"https:\/\/freedert.online\/kurzclips\/video\/150335-putin-unterzeichnet-abkommen-uber-beitritt\/\">Putins Rede vor der Unterzeichnung des Abkommens u\u0308ber Beitritt neuer Gebiete zu Russland<\/a><\/p>\n<\/div>\n<p><br \/>\n<br \/><a href=\"https:\/\/de.rt.com\/russland\/181230-staatsduma-beschliesst-neues-gedenkdatum\/\">Source link <\/a><\/p>\n","protected":false},"excerpt":{"rendered":"<p>Am Dienstag hat Russlands Staatsduma den Tag der Wiedervereinigung mit vier neuen Regionen bestimmt. Das neue Gedenkdatum soll jedes Jahr am 30. September gefeiert werden. Die Abgeordneten unterst\u00fctzten den Gesetzentwurf einstimmig. W\u00e4hrend einer Plenarsitzung am Dienstag hat die Staatsduma des russischen Parlaments ein neues Gedenkdatum festgesetzt. Nun feiert Russland am 30. September jedes Jahres den [&hellip;]<\/p>\n","protected":false},"author":3,"featured_media":46660,"comment_status":"open","ping_status":"open","sticky":false,"template":"","format":"standard","meta":{"_yoast_indexnow_last_ping":["1695145337"],"wp_automatic_camp":["217"],"290bda9b283d50d256e25c725b20d03d":["Staatsduma beschlie\u00dft neues Gedenkdatum \u2013 Tag der Wiedervereinigung mit vier neuen Regionen"],"original_link":["https:\/\/de.rt.com\/russland\/181230-staatsduma-beschliesst-neues-gedenkdatum\/"],"_thumbnail_id":["46660"],"jnews_social_counter_last_update":["1777593004"]},"categories":[19,23],"tags":[4228,82,49034,419,213,5324,6136,6367,7552,3232,23308],"yoast_head":"<!-- This site is optimized with the Yoast SEO Premium plugin v22.7 (Yoast SEO v22.7) - https:\/\/yoast.com\/wordpress\/plugins\/seo\/ -->\n<title>Staatsduma beschlie\u00dft neues Gedenkdatum \u2013 Tag der Wiedervereinigung mit vier neuen Regionen - just-now.NEWS Deutschland<\/title>\n<meta name=\"robots\" content=\"index, follow, max-snippet:-1, max-image-preview:large, max-video-preview:-1\" \/>\n<link rel=\"canonical\" href=\"https:\/\/now-news.de\/de\/deutschland\/staatsduma-beschliesst-neues-gedenkdatum-tag-der-wiedervereinigung-mit-vier-neuen-regionen\/\" \/>\n<meta property=\"og:locale\" content=\"de_DE\" \/>\n<meta property=\"og:type\" content=\"article\" \/>\n<meta property=\"og:title\" content=\"Staatsduma beschlie\u00dft neues Gedenkdatum \u2013 Tag der Wiedervereinigung mit vier neuen Regionen\" \/>\n<meta property=\"og:description\" content=\"Am Dienstag hat Russlands Staatsduma den Tag der Wiedervereinigung mit vier neuen Regionen bestimmt. Das neue Gedenkdatum soll jedes Jahr am 30. September gefeiert werden. Die Abgeordneten unterst\u00fctzten den Gesetzentwurf einstimmig. W\u00e4hrend einer Plenarsitzung am Dienstag hat die Staatsduma des russischen Parlaments ein neues Gedenkdatum festgesetzt. Nun feiert Russland am 30. September jedes Jahres den [&hellip;]\" \/>\n<meta property=\"og:url\" content=\"https:\/\/now-news.de\/de\/deutschland\/staatsduma-beschliesst-neues-gedenkdatum-tag-der-wiedervereinigung-mit-vier-neuen-regionen\/\" \/>\n<meta property=\"og:site_name\" content=\"just-now.NEWS Deutschland\" \/>\n<meta property=\"article:publisher\" content=\"https:\/\/www.facebook.com\/wirmachenauf\" \/>\n<meta property=\"article:published_time\" content=\"2023-09-19T17:37:40+00:00\" \/>\n<meta property=\"og:image\" content=\"https:\/\/now-news.de\/de\/wp-content\/uploads\/sites\/3\/2023\/09\/Staatsduma-beschliesst-neues-Gedenkdatum-\u2013-Tag-der-Wiedervereinigung-mit-vier.jpg\" \/>\n\t<meta property=\"og:image:width\" content=\"460\" \/>\n\t<meta property=\"og:image:height\" content=\"259\" \/>\n\t<meta property=\"og:image:type\" content=\"image\/jpeg\" \/>\n<meta name=\"author\" content=\"rtnews\" \/>\n<meta name=\"twitter:card\" content=\"summary_large_image\" \/>\n<meta name=\"twitter:creator\" content=\"@WirMachenAuf_de\" \/>\n<meta name=\"twitter:site\" content=\"@WirMachenAuf_de\" \/>\n<meta name=\"twitter:label1\" content=\"Verfasst von\" \/>\n\t<meta name=\"twitter:data1\" content=\"rtnews\" \/>\n\t<meta name=\"twitter:label2\" content=\"Gesch\u00e4tzte Lesezeit\" \/>\n\t<meta name=\"twitter:data2\" content=\"1\u00a0Minute\" \/>\n<script type=\"application\/ld+json\" class=\"yoast-schema-graph\">{\"@context\":\"https:\/\/schema.org\",\"@graph\":[{\"@type\":\"Article\",\"@id\":\"https:\/\/now-news.de\/de\/deutschland\/staatsduma-beschliesst-neues-gedenkdatum-tag-der-wiedervereinigung-mit-vier-neuen-regionen\/#article\",\"isPartOf\":{\"@id\":\"https:\/\/now-news.de\/de\/deutschland\/staatsduma-beschliesst-neues-gedenkdatum-tag-der-wiedervereinigung-mit-vier-neuen-regionen\/\"},\"author\":{\"name\":\"rtnews\",\"@id\":\"https:\/\/now-news.de\/de\/#\/schema\/person\/fb534a4e865501d8b3285208df34a9b5\"},\"headline\":\"Staatsduma beschlie\u00dft neues Gedenkdatum \u2013 Tag der Wiedervereinigung mit vier neuen Regionen\",\"datePublished\":\"2023-09-19T17:37:40+00:00\",\"dateModified\":\"2023-09-19T17:37:40+00:00\",\"mainEntityOfPage\":{\"@id\":\"https:\/\/now-news.de\/de\/deutschland\/staatsduma-beschliesst-neues-gedenkdatum-tag-der-wiedervereinigung-mit-vier-neuen-regionen\/\"},\"wordCount\":300,\"commentCount\":0,\"publisher\":{\"@id\":\"https:\/\/now-news.de\/de\/#organization\"},\"image\":{\"@id\":\"https:\/\/now-news.de\/de\/deutschland\/staatsduma-beschliesst-neues-gedenkdatum-tag-der-wiedervereinigung-mit-vier-neuen-regionen\/#primaryimage\"},\"thumbnailUrl\":\"https:\/\/now-news.de\/de\/wp-content\/uploads\/sites\/3\/2023\/09\/Staatsduma-beschliesst-neues-Gedenkdatum-\u2013-Tag-der-Wiedervereinigung-mit-vier.jpg\",\"keywords\":[\"beschlie\u00dft\",\"der\",\"Gedenkdatum\",\"mit\",\"neuen\",\"neues\",\"Regionen\",\"Staatsduma\",\"Tag\",\"vier\",\"Wiedervereinigung\"],\"articleSection\":[\"Deutschland\",\"Russland\"],\"inLanguage\":\"de\",\"potentialAction\":[{\"@type\":\"CommentAction\",\"name\":\"Comment\",\"target\":[\"https:\/\/now-news.de\/de\/deutschland\/staatsduma-beschliesst-neues-gedenkdatum-tag-der-wiedervereinigung-mit-vier-neuen-regionen\/#respond\"]}]},{\"@type\":\"WebPage\",\"@id\":\"https:\/\/now-news.de\/de\/deutschland\/staatsduma-beschliesst-neues-gedenkdatum-tag-der-wiedervereinigung-mit-vier-neuen-regionen\/\",\"url\":\"https:\/\/now-news.de\/de\/deutschland\/staatsduma-beschliesst-neues-gedenkdatum-tag-der-wiedervereinigung-mit-vier-neuen-regionen\/\",\"name\":\"Staatsduma beschlie\u00dft neues Gedenkdatum \u2013 Tag der Wiedervereinigung mit vier neuen Regionen - just-now.NEWS Deutschland\",\"isPartOf\":{\"@id\":\"https:\/\/now-news.de\/de\/#website\"},\"primaryImageOfPage\":{\"@id\":\"https:\/\/now-news.de\/de\/deutschland\/staatsduma-beschliesst-neues-gedenkdatum-tag-der-wiedervereinigung-mit-vier-neuen-regionen\/#primaryimage\"},\"image\":{\"@id\":\"https:\/\/now-news.de\/de\/deutschland\/staatsduma-beschliesst-neues-gedenkdatum-tag-der-wiedervereinigung-mit-vier-neuen-regionen\/#primaryimage\"},\"thumbnailUrl\":\"https:\/\/now-news.de\/de\/wp-content\/uploads\/sites\/3\/2023\/09\/Staatsduma-beschliesst-neues-Gedenkdatum-\u2013-Tag-der-Wiedervereinigung-mit-vier.jpg\",\"datePublished\":\"2023-09-19T17:37:40+00:00\",\"dateModified\":\"2023-09-19T17:37:40+00:00\",\"breadcrumb\":{\"@id\":\"https:\/\/now-news.de\/de\/deutschland\/staatsduma-beschliesst-neues-gedenkdatum-tag-der-wiedervereinigung-mit-vier-neuen-regionen\/#breadcrumb\"},\"inLanguage\":\"de\",\"potentialAction\":[{\"@type\":\"ReadAction\",\"target\":[\"https:\/\/now-news.de\/de\/deutschland\/staatsduma-beschliesst-neues-gedenkdatum-tag-der-wiedervereinigung-mit-vier-neuen-regionen\/\"]}]},{\"@type\":\"ImageObject\",\"inLanguage\":\"de\",\"@id\":\"https:\/\/now-news.de\/de\/deutschland\/staatsduma-beschliesst-neues-gedenkdatum-tag-der-wiedervereinigung-mit-vier-neuen-regionen\/#primaryimage\",\"url\":\"https:\/\/now-news.de\/de\/wp-content\/uploads\/sites\/3\/2023\/09\/Staatsduma-beschliesst-neues-Gedenkdatum-\u2013-Tag-der-Wiedervereinigung-mit-vier.jpg\",\"contentUrl\":\"https:\/\/now-news.de\/de\/wp-content\/uploads\/sites\/3\/2023\/09\/Staatsduma-beschliesst-neues-Gedenkdatum-\u2013-Tag-der-Wiedervereinigung-mit-vier.jpg\",\"width\":460,\"height\":259,\"caption\":\"Staatsduma beschlie\u00dft neues Gedenkdatum \u2013 Tag der Wiedervereinigung mit vier neuen Regionen\"},{\"@type\":\"BreadcrumbList\",\"@id\":\"https:\/\/now-news.de\/de\/deutschland\/staatsduma-beschliesst-neues-gedenkdatum-tag-der-wiedervereinigung-mit-vier-neuen-regionen\/#breadcrumb\",\"itemListElement\":[{\"@type\":\"ListItem\",\"position\":1,\"name\":\"Home\",\"item\":\"https:\/\/now-news.de\/de\/\"},{\"@type\":\"ListItem\",\"position\":2,\"name\":\"Staatsduma beschlie\u00dft neues Gedenkdatum \u2013 Tag der Wiedervereinigung mit vier neuen Regionen\"}]},{\"@type\":\"WebSite\",\"@id\":\"https:\/\/now-news.de\/de\/#website\",\"url\":\"https:\/\/now-news.de\/de\/\",\"name\":\"just-now.NEWS Deutschland\",\"description\":\"Das Portal f\u00fcr unzensierte Nachrichten aus der Welt\",\"publisher\":{\"@id\":\"https:\/\/now-news.de\/de\/#organization\"},\"potentialAction\":[{\"@type\":\"SearchAction\",\"target\":{\"@type\":\"EntryPoint\",\"urlTemplate\":\"https:\/\/now-news.de\/de\/?s={search_term_string}\"},\"query-input\":\"required name=search_term_string\"}],\"inLanguage\":\"de\"},{\"@type\":\"Organization\",\"@id\":\"https:\/\/now-news.de\/de\/#organization\",\"name\":\"Just Now News\",\"url\":\"https:\/\/now-news.de\/de\/\",\"logo\":{\"@type\":\"ImageObject\",\"inLanguage\":\"de\",\"@id\":\"https:\/\/now-news.de\/de\/#\/schema\/logo\/image\/\",\"url\":\"http:\/\/just-now.news\/de\/wp-content\/uploads\/sites\/3\/2022\/04\/logo500x500.jpg\",\"contentUrl\":\"http:\/\/just-now.news\/de\/wp-content\/uploads\/sites\/3\/2022\/04\/logo500x500.jpg\",\"width\":500,\"height\":500,\"caption\":\"Just Now News\"},\"image\":{\"@id\":\"https:\/\/now-news.de\/de\/#\/schema\/logo\/image\/\"},\"sameAs\":[\"https:\/\/www.facebook.com\/wirmachenauf\",\"https:\/\/x.com\/WirMachenAuf_de\"]},{\"@type\":\"Person\",\"@id\":\"https:\/\/now-news.de\/de\/#\/schema\/person\/fb534a4e865501d8b3285208df34a9b5\",\"name\":\"rtnews\",\"image\":{\"@type\":\"ImageObject\",\"inLanguage\":\"de\",\"@id\":\"https:\/\/now-news.de\/de\/#\/schema\/person\/image\/\",\"url\":\"https:\/\/secure.gravatar.com\/avatar\/82aafea7d8127119dd649515f56e2117?s=96&d=mm&r=g\",\"contentUrl\":\"https:\/\/secure.gravatar.com\/avatar\/82aafea7d8127119dd649515f56e2117?s=96&d=mm&r=g\",\"caption\":\"rtnews\"},\"url\":\"https:\/\/now-news.de\/de\/author\/rnews\/\"}]}<\/script>\n<!-- \/ Yoast SEO Premium plugin. -->","yoast_head_json":{"title":"Staatsduma beschlie\u00dft neues Gedenkdatum \u2013 Tag der Wiedervereinigung mit vier neuen Regionen - just-now.NEWS Deutschland","robots":{"index":"index","follow":"follow","max-snippet":"max-snippet:-1","max-image-preview":"max-image-preview:large","max-video-preview":"max-video-preview:-1"},"canonical":"https:\/\/now-news.de\/de\/deutschland\/staatsduma-beschliesst-neues-gedenkdatum-tag-der-wiedervereinigung-mit-vier-neuen-regionen\/","og_locale":"de_DE","og_type":"article","og_title":"Staatsduma beschlie\u00dft neues Gedenkdatum \u2013 Tag der Wiedervereinigung mit vier neuen Regionen","og_description":"Am Dienstag hat Russlands Staatsduma den Tag der Wiedervereinigung mit vier neuen Regionen bestimmt. Das neue Gedenkdatum soll jedes Jahr am 30. September gefeiert werden. Die Abgeordneten unterst\u00fctzten den Gesetzentwurf einstimmig. W\u00e4hrend einer Plenarsitzung am Dienstag hat die Staatsduma des russischen Parlaments ein neues Gedenkdatum festgesetzt. Nun feiert Russland am 30. September jedes Jahres den [&hellip;]","og_url":"https:\/\/now-news.de\/de\/deutschland\/staatsduma-beschliesst-neues-gedenkdatum-tag-der-wiedervereinigung-mit-vier-neuen-regionen\/","og_site_name":"just-now.NEWS Deutschland","article_publisher":"https:\/\/www.facebook.com\/wirmachenauf","article_published_time":"2023-09-19T17:37:40+00:00","og_image":[{"width":460,"height":259,"url":"https:\/\/now-news.de\/de\/wp-content\/uploads\/sites\/3\/2023\/09\/Staatsduma-beschliesst-neues-Gedenkdatum-\u2013-Tag-der-Wiedervereinigung-mit-vier.jpg","type":"image\/jpeg"}],"author":"rtnews","twitter_card":"summary_large_image","twitter_creator":"@WirMachenAuf_de","twitter_site":"@WirMachenAuf_de","twitter_misc":{"Verfasst von":"rtnews","Gesch\u00e4tzte Lesezeit":"1\u00a0Minute"},"schema":{"@context":"https:\/\/schema.org","@graph":[{"@type":"Article","@id":"https:\/\/now-news.de\/de\/deutschland\/staatsduma-beschliesst-neues-gedenkdatum-tag-der-wiedervereinigung-mit-vier-neuen-regionen\/#article","isPartOf":{"@id":"https:\/\/now-news.de\/de\/deutschland\/staatsduma-beschliesst-neues-gedenkdatum-tag-der-wiedervereinigung-mit-vier-neuen-regionen\/"},"author":{"name":"rtnews","@id":"https:\/\/now-news.de\/de\/#\/schema\/person\/fb534a4e865501d8b3285208df34a9b5"},"headline":"Staatsduma beschlie\u00dft neues Gedenkdatum \u2013 Tag der Wiedervereinigung mit vier neuen Regionen","datePublished":"2023-09-19T17:37:40+00:00","dateModified":"2023-09-19T17:37:40+00:00","mainEntityOfPage":{"@id":"https:\/\/now-news.de\/de\/deutschland\/staatsduma-beschliesst-neues-gedenkdatum-tag-der-wiedervereinigung-mit-vier-neuen-regionen\/"},"wordCount":300,"commentCount":0,"publisher":{"@id":"https:\/\/now-news.de\/de\/#organization"},"image":{"@id":"https:\/\/now-news.de\/de\/deutschland\/staatsduma-beschliesst-neues-gedenkdatum-tag-der-wiedervereinigung-mit-vier-neuen-regionen\/#primaryimage"},"thumbnailUrl":"https:\/\/now-news.de\/de\/wp-content\/uploads\/sites\/3\/2023\/09\/Staatsduma-beschliesst-neues-Gedenkdatum-\u2013-Tag-der-Wiedervereinigung-mit-vier.jpg","keywords":["beschlie\u00dft","der","Gedenkdatum","mit","neuen","neues","Regionen","Staatsduma","Tag","vier","Wiedervereinigung"],"articleSection":["Deutschland","Russland"],"inLanguage":"de","potentialAction":[{"@type":"CommentAction","name":"Comment","target":["https:\/\/now-news.de\/de\/deutschland\/staatsduma-beschliesst-neues-gedenkdatum-tag-der-wiedervereinigung-mit-vier-neuen-regionen\/#respond"]}]},{"@type":"WebPage","@id":"https:\/\/now-news.de\/de\/deutschland\/staatsduma-beschliesst-neues-gedenkdatum-tag-der-wiedervereinigung-mit-vier-neuen-regionen\/","url":"https:\/\/now-news.de\/de\/deutschland\/staatsduma-beschliesst-neues-gedenkdatum-tag-der-wiedervereinigung-mit-vier-neuen-regionen\/","name":"Staatsduma beschlie\u00dft neues Gedenkdatum \u2013 Tag der Wiedervereinigung mit vier neuen Regionen - just-now.NEWS Deutschland","isPartOf":{"@id":"https:\/\/now-news.de\/de\/#website"},"primaryImageOfPage":{"@id":"https:\/\/now-news.de\/de\/deutschland\/staatsduma-beschliesst-neues-gedenkdatum-tag-der-wiedervereinigung-mit-vier-neuen-regionen\/#primaryimage"},"image":{"@id":"https:\/\/now-news.de\/de\/deutschland\/staatsduma-beschliesst-neues-gedenkdatum-tag-der-wiedervereinigung-mit-vier-neuen-regionen\/#primaryimage"},"thumbnailUrl":"https:\/\/now-news.de\/de\/wp-content\/uploads\/sites\/3\/2023\/09\/Staatsduma-beschliesst-neues-Gedenkdatum-\u2013-Tag-der-Wiedervereinigung-mit-vier.jpg","datePublished":"2023-09-19T17:37:40+00:00","dateModified":"2023-09-19T17:37:40+00:00","breadcrumb":{"@id":"https:\/\/now-news.de\/de\/deutschland\/staatsduma-beschliesst-neues-gedenkdatum-tag-der-wiedervereinigung-mit-vier-neuen-regionen\/#breadcrumb"},"inLanguage":"de","potentialAction":[{"@type":"ReadAction","target":["https:\/\/now-news.de\/de\/deutschland\/staatsduma-beschliesst-neues-gedenkdatum-tag-der-wiedervereinigung-mit-vier-neuen-regionen\/"]}]},{"@type":"ImageObject","inLanguage":"de","@id":"https:\/\/now-news.de\/de\/deutschland\/staatsduma-beschliesst-neues-gedenkdatum-tag-der-wiedervereinigung-mit-vier-neuen-regionen\/#primaryimage","url":"https:\/\/now-news.de\/de\/wp-content\/uploads\/sites\/3\/2023\/09\/Staatsduma-beschliesst-neues-Gedenkdatum-\u2013-Tag-der-Wiedervereinigung-mit-vier.jpg","contentUrl":"https:\/\/now-news.de\/de\/wp-content\/uploads\/sites\/3\/2023\/09\/Staatsduma-beschliesst-neues-Gedenkdatum-\u2013-Tag-der-Wiedervereinigung-mit-vier.jpg","width":460,"height":259,"caption":"Staatsduma beschlie\u00dft neues Gedenkdatum \u2013 Tag der Wiedervereinigung mit vier neuen Regionen"},{"@type":"BreadcrumbList","@id":"https:\/\/now-news.de\/de\/deutschland\/staatsduma-beschliesst-neues-gedenkdatum-tag-der-wiedervereinigung-mit-vier-neuen-regionen\/#breadcrumb","itemListElement":[{"@type":"ListItem","position":1,"name":"Home","item":"https:\/\/now-news.de\/de\/"},{"@type":"ListItem","position":2,"name":"Staatsduma beschlie\u00dft neues Gedenkdatum \u2013 Tag der Wiedervereinigung mit vier neuen Regionen"}]},{"@type":"WebSite","@id":"https:\/\/now-news.de\/de\/#website","url":"https:\/\/now-news.de\/de\/","name":"just-now.NEWS Deutschland","description":"Das Portal f\u00fcr unzensierte Nachrichten aus der Welt","publisher":{"@id":"https:\/\/now-news.de\/de\/#organization"},"potentialAction":[{"@type":"SearchAction","target":{"@type":"EntryPoint","urlTemplate":"https:\/\/now-news.de\/de\/?s={search_term_string}"},"query-input":"required name=search_term_string"}],"inLanguage":"de"},{"@type":"Organization","@id":"https:\/\/now-news.de\/de\/#organization","name":"Just Now News","url":"https:\/\/now-news.de\/de\/","logo":{"@type":"ImageObject","inLanguage":"de","@id":"https:\/\/now-news.de\/de\/#\/schema\/logo\/image\/","url":"http:\/\/just-now.news\/de\/wp-content\/uploads\/sites\/3\/2022\/04\/logo500x500.jpg","contentUrl":"http:\/\/just-now.news\/de\/wp-content\/uploads\/sites\/3\/2022\/04\/logo500x500.jpg","width":500,"height":500,"caption":"Just Now News"},"image":{"@id":"https:\/\/now-news.de\/de\/#\/schema\/logo\/image\/"},"sameAs":["https:\/\/www.facebook.com\/wirmachenauf","https:\/\/x.com\/WirMachenAuf_de"]},{"@type":"Person","@id":"https:\/\/now-news.de\/de\/#\/schema\/person\/fb534a4e865501d8b3285208df34a9b5","name":"rtnews","image":{"@type":"ImageObject","inLanguage":"de","@id":"https:\/\/now-news.de\/de\/#\/schema\/person\/image\/","url":"https:\/\/secure.gravatar.com\/avatar\/82aafea7d8127119dd649515f56e2117?s=96&d=mm&r=g","contentUrl":"https:\/\/secure.gravatar.com\/avatar\/82aafea7d8127119dd649515f56e2117?s=96&d=mm&r=g","caption":"rtnews"},"url":"https:\/\/now-news.de\/de\/author\/rnews\/"}]}},"_links":{"self":[{"href":"https:\/\/now-news.de\/de\/wp-json\/wp\/v2\/posts\/46659"}],"collection":[{"href":"https:\/\/now-news.de\/de\/wp-json\/wp\/v2\/posts"}],"about":[{"href":"https:\/\/now-news.de\/de\/wp-json\/wp\/v2\/types\/post"}],"author":[{"embeddable":true,"href":"https:\/\/now-news.de\/de\/wp-json\/wp\/v2\/users\/3"}],"replies":[{"embeddable":true,"href":"https:\/\/now-news.de\/de\/wp-json\/wp\/v2\/comments?post=46659"}],"version-history":[{"count":0,"href":"https:\/\/now-news.de\/de\/wp-json\/wp\/v2\/posts\/46659\/revisions"}],"wp:featuredmedia":[{"embeddable":true,"href":"https:\/\/now-news.de\/de\/wp-json\/wp\/v2\/media\/46660"}],"wp:attachment":[{"href":"https:\/\/now-news.de\/de\/wp-json\/wp\/v2\/media?parent=46659"}],"wp:term":[{"taxonomy":"category","embeddable":true,"href":"https:\/\/now-news.de\/de\/wp-json\/wp\/v2\/categories?post=46659"},{"taxonomy":"post_tag","embeddable":true,"href":"https:\/\/now-news.de\/de\/wp-json\/wp\/v2\/tags?post=46659"}],"curies":[{"name":"wp","href":"https:\/\/api.w.org\/{rel}","templated":true}]}}