{"id":46607,"date":"2023-09-18T20:48:26","date_gmt":"2023-09-18T18:48:26","guid":{"rendered":"https:\/\/just-now.news\/de\/deutschland\/russland-verlaesst-den-euro-arktischen-barentssee-rat\/"},"modified":"2023-09-18T20:48:26","modified_gmt":"2023-09-18T18:48:26","slug":"russland-verlaesst-den-euro-arktischen-barentssee-rat","status":"publish","type":"post","link":"https:\/\/now-news.de\/de\/deutschland\/russland-verlaesst-den-euro-arktischen-barentssee-rat\/","title":{"rendered":"Russland verl\u00e4sst den Euro-arktischen Barentssee-Rat"},"content":{"rendered":"<p><img decoding=\"async\" src=\"http:\/\/just-now.news\/de\/wp-content\/uploads\/sites\/3\/2023\/09\/650896b148fbef496c50e07e.jpg\" \/><\/p>\n<div class=\"Text-root Text-type_1 \">\n                Russlands Au\u00dfenministerium hat den Austritt aus dem Euro-arktischen Barentssee-Rat erkl\u00e4rt. 30 Jahre lang trug die Organisation zur Kooperation im hohen Norden bei. Der Westen machte laut dem Au\u00dfenministerium in Moskau die Arbeit des Rates unm\u00f6glich.\n            <\/div>\n<p><\/p>\n<div class=\"Text-root Text-type_5 ArticleView-text ViewText-root \">\n<p>Am Montag hat Russlands Au\u00dfenministerium angek\u00fcndigt, dass Moskau den Euro-arktischen Barentssee-Rat <a rel=\"nofollow noopener\" target=\"_blank\" href=\"https:\/\/www.mid.ru\/ru\/foreign_policy\/news\/1904899\/\">verl\u00e4sst<\/a>. Laut einer offiziellen Erkl\u00e4rung wurde die entsprechende Botschaft des Au\u00dfenministers Sergei Lawrow an die Mitgliedsstaaten und das Sekretariat der Organisation sowie an den Hohen Vertreter der EU f\u00fcr Au\u00dfen- und Sicherheitspolitik gesandt.<\/p>\n<p>Seit der Gr\u00fcndung im Jahr 1993 galt der Rat als n\u00fctzliches und effektives Format f\u00fcr die grenz\u00fcberschreitende Zusammenarbeit, so das Au\u00dfenministerium weiter. Die Organisation leistete unter anderem einen Beitrag zur Erhaltung des Friedens und der Stabilit\u00e4t im Norden sowie zur nachhaltigen sozialwirtschaftlichen Entwicklung, zum Umweltschutz, zur St\u00e4rkung der kulturellen und humanit\u00e4ren Beziehungen und zu Kontakten zwischen den Menschen, einschlie\u00dflich der Vertreter indigener V\u00f6lker. Nach dem M\u00e4rz 2022 sei die Arbeit der Organisation jedoch praktisch eingestellt worden. Schuld daran seien die westlichen Teilnehmer der Organisation, und zwar D\u00e4nemark, Island, Norwegen, Finnland, Schweden und die EU. Der finnische Vorsitz habe seine Bereitschaft nicht best\u00e4tigt, die Leitung des Rates im Oktober 2023 an Russland zu \u00fcbergeben, was gegen das Rotationsprinzip versto\u00dfe und die notwendigen Vorbereitungen behindere.<\/p>\n<p>Das Au\u00dfenministerium in Moskau ist stark davon \u00fcberzeugt, dass die Handlungen der nordeurop\u00e4ischen Nachbarn Russlands nicht den langfristigen Interessen der Bewohner des hohen Nordens entsprechen. Dar\u00fcber hinaus liege die Verantwortung f\u00fcr den Zusammenbruch der Kooperation in der Barentssee ausschlie\u00dflich bei den sogenannten Partnern. Trotzdem werde Russland weiterhin seine nationalen Ziele im Norden verwirklichen. Die Erkl\u00e4rung des Au\u00dfenministeriums lautet w\u00f6rtlich:<\/p>\n<blockquote>\n<p><em>&#8220;Wir sind weiterhin offen f\u00fcr das Zusammenwirken mit all jenen, die eine konstruktive Haltung einnehmen und zu einem gleichberechtigten Dialog und einer gegenseitig vorteilhaften Zusammenarbeit bereit sind.&#8221;<\/em><\/p>\n<\/blockquote>\n<p>Der Euro-arktische Barentssee-Rat wurde am 11. Januar 1993 im Rahmen einer umfangreicheren\u00a0Barentssee-Kooperation gegr\u00fcndet. Die Organisation diente der St\u00e4rkung der Zusammenarbeit im Gebiet der nordpolaren\u00a0Barentssee. Nach der Eskalation des Ukraine-Konflikts im Februar 2022\u00a0suspendierten die europ\u00e4ischen L\u00e4nder die Kooperation im Rahmen des Rates wegen &#8220;eklatanten Verst\u00f6\u00dfen gegen das V\u00f6lkerrecht&#8221; seitens Russlands in der Ukraine.<\/p>\n<p><strong>Mehr zum Thema\u00a0\u2013<\/strong>\u00a0<a rel=\"nofollow noopener\" target=\"_blank\" href=\"https:\/\/freedert.online\/meinung\/180045-ukraine-konflikt-als-beispiel-fuer\/\">Ukraine-Konflikt als Beispiel f\u00fcr die schwindende Macht des Westens? Die &#8220;Weltmehrheit&#8221; sieht es so<\/a><\/p>\n<\/div>\n<p><br \/>\n<br \/><a href=\"https:\/\/de.rt.com\/international\/181165-russland-verlaesst-euro-arktischen-barentssee\/\">Source link <\/a><\/p>\n","protected":false},"excerpt":{"rendered":"<p>Russlands Au\u00dfenministerium hat den Austritt aus dem Euro-arktischen Barentssee-Rat erkl\u00e4rt. 30 Jahre lang trug die Organisation zur Kooperation im hohen Norden bei. Der Westen machte laut dem Au\u00dfenministerium in Moskau die Arbeit des Rates unm\u00f6glich. Am Montag hat Russlands Au\u00dfenministerium angek\u00fcndigt, dass Moskau den Euro-arktischen Barentssee-Rat verl\u00e4sst. Laut einer offiziellen Erkl\u00e4rung wurde die entsprechende Botschaft [&hellip;]<\/p>\n","protected":false},"author":3,"featured_media":46608,"comment_status":"open","ping_status":"open","sticky":false,"template":"","format":"standard","meta":{"_yoast_indexnow_last_ping":["1695063296"],"wp_automatic_camp":["217"],"100f79aa677a99031982776c500de2c0":["Russland verl\u00e4sst den Euro-arktischen Barentssee-Rat"],"original_link":["https:\/\/de.rt.com\/international\/181165-russland-verlaesst-euro-arktischen-barentssee\/"],"_thumbnail_id":["46608"],"_wptgpro_p2tg_sent2tg":["a:1:{i:23737;s:19:\"2023-09-18 20:56:12\";}"],"jnews_social_counter_last_update":["1777480591"]},"categories":[19,23],"tags":[48999,48,48998,126,1444],"yoast_head":"<!-- This site is optimized with the Yoast SEO Premium plugin v22.7 (Yoast SEO v22.7) - https:\/\/yoast.com\/wordpress\/plugins\/seo\/ -->\n<title>Russland verl\u00e4sst den Euro-arktischen Barentssee-Rat - just-now.NEWS Deutschland<\/title>\n<meta name=\"robots\" content=\"index, follow, max-snippet:-1, max-image-preview:large, max-video-preview:-1\" \/>\n<link rel=\"canonical\" href=\"https:\/\/now-news.de\/de\/deutschland\/russland-verlaesst-den-euro-arktischen-barentssee-rat\/\" \/>\n<meta property=\"og:locale\" content=\"de_DE\" \/>\n<meta property=\"og:type\" content=\"article\" \/>\n<meta property=\"og:title\" content=\"Russland verl\u00e4sst den Euro-arktischen Barentssee-Rat\" \/>\n<meta property=\"og:description\" content=\"Russlands Au\u00dfenministerium hat den Austritt aus dem Euro-arktischen Barentssee-Rat erkl\u00e4rt. 30 Jahre lang trug die Organisation zur Kooperation im hohen Norden bei. Der Westen machte laut dem Au\u00dfenministerium in Moskau die Arbeit des Rates unm\u00f6glich. Am Montag hat Russlands Au\u00dfenministerium angek\u00fcndigt, dass Moskau den Euro-arktischen Barentssee-Rat verl\u00e4sst. Laut einer offiziellen Erkl\u00e4rung wurde die entsprechende Botschaft [&hellip;]\" \/>\n<meta property=\"og:url\" content=\"https:\/\/now-news.de\/de\/deutschland\/russland-verlaesst-den-euro-arktischen-barentssee-rat\/\" \/>\n<meta property=\"og:site_name\" content=\"just-now.NEWS Deutschland\" \/>\n<meta property=\"article:publisher\" content=\"https:\/\/www.facebook.com\/wirmachenauf\" \/>\n<meta property=\"article:published_time\" content=\"2023-09-18T18:48:26+00:00\" \/>\n<meta property=\"og:image\" content=\"https:\/\/now-news.de\/de\/wp-content\/uploads\/sites\/3\/2023\/09\/Russland-verlaesst-den-Euro-arktischen-Barentssee-Rat.jpg\" \/>\n\t<meta property=\"og:image:width\" content=\"460\" \/>\n\t<meta property=\"og:image:height\" content=\"259\" \/>\n\t<meta property=\"og:image:type\" content=\"image\/jpeg\" \/>\n<meta name=\"author\" content=\"rtnews\" \/>\n<meta name=\"twitter:card\" content=\"summary_large_image\" \/>\n<meta name=\"twitter:creator\" content=\"@WirMachenAuf_de\" \/>\n<meta name=\"twitter:site\" content=\"@WirMachenAuf_de\" \/>\n<meta name=\"twitter:label1\" content=\"Verfasst von\" \/>\n\t<meta name=\"twitter:data1\" content=\"rtnews\" \/>\n\t<meta name=\"twitter:label2\" content=\"Gesch\u00e4tzte Lesezeit\" \/>\n\t<meta name=\"twitter:data2\" content=\"2\u00a0Minuten\" \/>\n<script type=\"application\/ld+json\" class=\"yoast-schema-graph\">{\"@context\":\"https:\/\/schema.org\",\"@graph\":[{\"@type\":\"Article\",\"@id\":\"https:\/\/now-news.de\/de\/deutschland\/russland-verlaesst-den-euro-arktischen-barentssee-rat\/#article\",\"isPartOf\":{\"@id\":\"https:\/\/now-news.de\/de\/deutschland\/russland-verlaesst-den-euro-arktischen-barentssee-rat\/\"},\"author\":{\"name\":\"rtnews\",\"@id\":\"https:\/\/now-news.de\/de\/#\/schema\/person\/fb534a4e865501d8b3285208df34a9b5\"},\"headline\":\"Russland verl\u00e4sst den Euro-arktischen Barentssee-Rat\",\"datePublished\":\"2023-09-18T18:48:26+00:00\",\"dateModified\":\"2023-09-18T18:48:26+00:00\",\"mainEntityOfPage\":{\"@id\":\"https:\/\/now-news.de\/de\/deutschland\/russland-verlaesst-den-euro-arktischen-barentssee-rat\/\"},\"wordCount\":403,\"commentCount\":0,\"publisher\":{\"@id\":\"https:\/\/now-news.de\/de\/#organization\"},\"image\":{\"@id\":\"https:\/\/now-news.de\/de\/deutschland\/russland-verlaesst-den-euro-arktischen-barentssee-rat\/#primaryimage\"},\"thumbnailUrl\":\"https:\/\/now-news.de\/de\/wp-content\/uploads\/sites\/3\/2023\/09\/Russland-verlaesst-den-Euro-arktischen-Barentssee-Rat.jpg\",\"keywords\":[\"BarentsseeRat\",\"den\",\"Euroarktischen\",\"russland\",\"verl\u00e4sst\"],\"articleSection\":[\"Deutschland\",\"Russland\"],\"inLanguage\":\"de\",\"potentialAction\":[{\"@type\":\"CommentAction\",\"name\":\"Comment\",\"target\":[\"https:\/\/now-news.de\/de\/deutschland\/russland-verlaesst-den-euro-arktischen-barentssee-rat\/#respond\"]}]},{\"@type\":\"WebPage\",\"@id\":\"https:\/\/now-news.de\/de\/deutschland\/russland-verlaesst-den-euro-arktischen-barentssee-rat\/\",\"url\":\"https:\/\/now-news.de\/de\/deutschland\/russland-verlaesst-den-euro-arktischen-barentssee-rat\/\",\"name\":\"Russland verl\u00e4sst den Euro-arktischen Barentssee-Rat - just-now.NEWS Deutschland\",\"isPartOf\":{\"@id\":\"https:\/\/now-news.de\/de\/#website\"},\"primaryImageOfPage\":{\"@id\":\"https:\/\/now-news.de\/de\/deutschland\/russland-verlaesst-den-euro-arktischen-barentssee-rat\/#primaryimage\"},\"image\":{\"@id\":\"https:\/\/now-news.de\/de\/deutschland\/russland-verlaesst-den-euro-arktischen-barentssee-rat\/#primaryimage\"},\"thumbnailUrl\":\"https:\/\/now-news.de\/de\/wp-content\/uploads\/sites\/3\/2023\/09\/Russland-verlaesst-den-Euro-arktischen-Barentssee-Rat.jpg\",\"datePublished\":\"2023-09-18T18:48:26+00:00\",\"dateModified\":\"2023-09-18T18:48:26+00:00\",\"breadcrumb\":{\"@id\":\"https:\/\/now-news.de\/de\/deutschland\/russland-verlaesst-den-euro-arktischen-barentssee-rat\/#breadcrumb\"},\"inLanguage\":\"de\",\"potentialAction\":[{\"@type\":\"ReadAction\",\"target\":[\"https:\/\/now-news.de\/de\/deutschland\/russland-verlaesst-den-euro-arktischen-barentssee-rat\/\"]}]},{\"@type\":\"ImageObject\",\"inLanguage\":\"de\",\"@id\":\"https:\/\/now-news.de\/de\/deutschland\/russland-verlaesst-den-euro-arktischen-barentssee-rat\/#primaryimage\",\"url\":\"https:\/\/now-news.de\/de\/wp-content\/uploads\/sites\/3\/2023\/09\/Russland-verlaesst-den-Euro-arktischen-Barentssee-Rat.jpg\",\"contentUrl\":\"https:\/\/now-news.de\/de\/wp-content\/uploads\/sites\/3\/2023\/09\/Russland-verlaesst-den-Euro-arktischen-Barentssee-Rat.jpg\",\"width\":460,\"height\":259,\"caption\":\"Russland verl\u00e4sst den Euro-arktischen Barentssee-Rat\"},{\"@type\":\"BreadcrumbList\",\"@id\":\"https:\/\/now-news.de\/de\/deutschland\/russland-verlaesst-den-euro-arktischen-barentssee-rat\/#breadcrumb\",\"itemListElement\":[{\"@type\":\"ListItem\",\"position\":1,\"name\":\"Home\",\"item\":\"https:\/\/now-news.de\/de\/\"},{\"@type\":\"ListItem\",\"position\":2,\"name\":\"Russland verl\u00e4sst den Euro-arktischen Barentssee-Rat\"}]},{\"@type\":\"WebSite\",\"@id\":\"https:\/\/now-news.de\/de\/#website\",\"url\":\"https:\/\/now-news.de\/de\/\",\"name\":\"just-now.NEWS Deutschland\",\"description\":\"Das Portal f\u00fcr unzensierte Nachrichten aus der Welt\",\"publisher\":{\"@id\":\"https:\/\/now-news.de\/de\/#organization\"},\"potentialAction\":[{\"@type\":\"SearchAction\",\"target\":{\"@type\":\"EntryPoint\",\"urlTemplate\":\"https:\/\/now-news.de\/de\/?s={search_term_string}\"},\"query-input\":\"required name=search_term_string\"}],\"inLanguage\":\"de\"},{\"@type\":\"Organization\",\"@id\":\"https:\/\/now-news.de\/de\/#organization\",\"name\":\"Just Now News\",\"url\":\"https:\/\/now-news.de\/de\/\",\"logo\":{\"@type\":\"ImageObject\",\"inLanguage\":\"de\",\"@id\":\"https:\/\/now-news.de\/de\/#\/schema\/logo\/image\/\",\"url\":\"http:\/\/just-now.news\/de\/wp-content\/uploads\/sites\/3\/2022\/04\/logo500x500.jpg\",\"contentUrl\":\"http:\/\/just-now.news\/de\/wp-content\/uploads\/sites\/3\/2022\/04\/logo500x500.jpg\",\"width\":500,\"height\":500,\"caption\":\"Just Now News\"},\"image\":{\"@id\":\"https:\/\/now-news.de\/de\/#\/schema\/logo\/image\/\"},\"sameAs\":[\"https:\/\/www.facebook.com\/wirmachenauf\",\"https:\/\/x.com\/WirMachenAuf_de\"]},{\"@type\":\"Person\",\"@id\":\"https:\/\/now-news.de\/de\/#\/schema\/person\/fb534a4e865501d8b3285208df34a9b5\",\"name\":\"rtnews\",\"image\":{\"@type\":\"ImageObject\",\"inLanguage\":\"de\",\"@id\":\"https:\/\/now-news.de\/de\/#\/schema\/person\/image\/\",\"url\":\"https:\/\/secure.gravatar.com\/avatar\/82aafea7d8127119dd649515f56e2117?s=96&d=mm&r=g\",\"contentUrl\":\"https:\/\/secure.gravatar.com\/avatar\/82aafea7d8127119dd649515f56e2117?s=96&d=mm&r=g\",\"caption\":\"rtnews\"},\"url\":\"https:\/\/now-news.de\/de\/author\/rnews\/\"}]}<\/script>\n<!-- \/ Yoast SEO Premium plugin. -->","yoast_head_json":{"title":"Russland verl\u00e4sst den Euro-arktischen Barentssee-Rat - just-now.NEWS Deutschland","robots":{"index":"index","follow":"follow","max-snippet":"max-snippet:-1","max-image-preview":"max-image-preview:large","max-video-preview":"max-video-preview:-1"},"canonical":"https:\/\/now-news.de\/de\/deutschland\/russland-verlaesst-den-euro-arktischen-barentssee-rat\/","og_locale":"de_DE","og_type":"article","og_title":"Russland verl\u00e4sst den Euro-arktischen Barentssee-Rat","og_description":"Russlands Au\u00dfenministerium hat den Austritt aus dem Euro-arktischen Barentssee-Rat erkl\u00e4rt. 30 Jahre lang trug die Organisation zur Kooperation im hohen Norden bei. Der Westen machte laut dem Au\u00dfenministerium in Moskau die Arbeit des Rates unm\u00f6glich. Am Montag hat Russlands Au\u00dfenministerium angek\u00fcndigt, dass Moskau den Euro-arktischen Barentssee-Rat verl\u00e4sst. Laut einer offiziellen Erkl\u00e4rung wurde die entsprechende Botschaft [&hellip;]","og_url":"https:\/\/now-news.de\/de\/deutschland\/russland-verlaesst-den-euro-arktischen-barentssee-rat\/","og_site_name":"just-now.NEWS Deutschland","article_publisher":"https:\/\/www.facebook.com\/wirmachenauf","article_published_time":"2023-09-18T18:48:26+00:00","og_image":[{"width":460,"height":259,"url":"https:\/\/now-news.de\/de\/wp-content\/uploads\/sites\/3\/2023\/09\/Russland-verlaesst-den-Euro-arktischen-Barentssee-Rat.jpg","type":"image\/jpeg"}],"author":"rtnews","twitter_card":"summary_large_image","twitter_creator":"@WirMachenAuf_de","twitter_site":"@WirMachenAuf_de","twitter_misc":{"Verfasst von":"rtnews","Gesch\u00e4tzte Lesezeit":"2\u00a0Minuten"},"schema":{"@context":"https:\/\/schema.org","@graph":[{"@type":"Article","@id":"https:\/\/now-news.de\/de\/deutschland\/russland-verlaesst-den-euro-arktischen-barentssee-rat\/#article","isPartOf":{"@id":"https:\/\/now-news.de\/de\/deutschland\/russland-verlaesst-den-euro-arktischen-barentssee-rat\/"},"author":{"name":"rtnews","@id":"https:\/\/now-news.de\/de\/#\/schema\/person\/fb534a4e865501d8b3285208df34a9b5"},"headline":"Russland verl\u00e4sst den Euro-arktischen Barentssee-Rat","datePublished":"2023-09-18T18:48:26+00:00","dateModified":"2023-09-18T18:48:26+00:00","mainEntityOfPage":{"@id":"https:\/\/now-news.de\/de\/deutschland\/russland-verlaesst-den-euro-arktischen-barentssee-rat\/"},"wordCount":403,"commentCount":0,"publisher":{"@id":"https:\/\/now-news.de\/de\/#organization"},"image":{"@id":"https:\/\/now-news.de\/de\/deutschland\/russland-verlaesst-den-euro-arktischen-barentssee-rat\/#primaryimage"},"thumbnailUrl":"https:\/\/now-news.de\/de\/wp-content\/uploads\/sites\/3\/2023\/09\/Russland-verlaesst-den-Euro-arktischen-Barentssee-Rat.jpg","keywords":["BarentsseeRat","den","Euroarktischen","russland","verl\u00e4sst"],"articleSection":["Deutschland","Russland"],"inLanguage":"de","potentialAction":[{"@type":"CommentAction","name":"Comment","target":["https:\/\/now-news.de\/de\/deutschland\/russland-verlaesst-den-euro-arktischen-barentssee-rat\/#respond"]}]},{"@type":"WebPage","@id":"https:\/\/now-news.de\/de\/deutschland\/russland-verlaesst-den-euro-arktischen-barentssee-rat\/","url":"https:\/\/now-news.de\/de\/deutschland\/russland-verlaesst-den-euro-arktischen-barentssee-rat\/","name":"Russland verl\u00e4sst den Euro-arktischen Barentssee-Rat - just-now.NEWS Deutschland","isPartOf":{"@id":"https:\/\/now-news.de\/de\/#website"},"primaryImageOfPage":{"@id":"https:\/\/now-news.de\/de\/deutschland\/russland-verlaesst-den-euro-arktischen-barentssee-rat\/#primaryimage"},"image":{"@id":"https:\/\/now-news.de\/de\/deutschland\/russland-verlaesst-den-euro-arktischen-barentssee-rat\/#primaryimage"},"thumbnailUrl":"https:\/\/now-news.de\/de\/wp-content\/uploads\/sites\/3\/2023\/09\/Russland-verlaesst-den-Euro-arktischen-Barentssee-Rat.jpg","datePublished":"2023-09-18T18:48:26+00:00","dateModified":"2023-09-18T18:48:26+00:00","breadcrumb":{"@id":"https:\/\/now-news.de\/de\/deutschland\/russland-verlaesst-den-euro-arktischen-barentssee-rat\/#breadcrumb"},"inLanguage":"de","potentialAction":[{"@type":"ReadAction","target":["https:\/\/now-news.de\/de\/deutschland\/russland-verlaesst-den-euro-arktischen-barentssee-rat\/"]}]},{"@type":"ImageObject","inLanguage":"de","@id":"https:\/\/now-news.de\/de\/deutschland\/russland-verlaesst-den-euro-arktischen-barentssee-rat\/#primaryimage","url":"https:\/\/now-news.de\/de\/wp-content\/uploads\/sites\/3\/2023\/09\/Russland-verlaesst-den-Euro-arktischen-Barentssee-Rat.jpg","contentUrl":"https:\/\/now-news.de\/de\/wp-content\/uploads\/sites\/3\/2023\/09\/Russland-verlaesst-den-Euro-arktischen-Barentssee-Rat.jpg","width":460,"height":259,"caption":"Russland verl\u00e4sst den Euro-arktischen Barentssee-Rat"},{"@type":"BreadcrumbList","@id":"https:\/\/now-news.de\/de\/deutschland\/russland-verlaesst-den-euro-arktischen-barentssee-rat\/#breadcrumb","itemListElement":[{"@type":"ListItem","position":1,"name":"Home","item":"https:\/\/now-news.de\/de\/"},{"@type":"ListItem","position":2,"name":"Russland verl\u00e4sst den Euro-arktischen Barentssee-Rat"}]},{"@type":"WebSite","@id":"https:\/\/now-news.de\/de\/#website","url":"https:\/\/now-news.de\/de\/","name":"just-now.NEWS Deutschland","description":"Das Portal f\u00fcr unzensierte Nachrichten aus der Welt","publisher":{"@id":"https:\/\/now-news.de\/de\/#organization"},"potentialAction":[{"@type":"SearchAction","target":{"@type":"EntryPoint","urlTemplate":"https:\/\/now-news.de\/de\/?s={search_term_string}"},"query-input":"required name=search_term_string"}],"inLanguage":"de"},{"@type":"Organization","@id":"https:\/\/now-news.de\/de\/#organization","name":"Just Now News","url":"https:\/\/now-news.de\/de\/","logo":{"@type":"ImageObject","inLanguage":"de","@id":"https:\/\/now-news.de\/de\/#\/schema\/logo\/image\/","url":"http:\/\/just-now.news\/de\/wp-content\/uploads\/sites\/3\/2022\/04\/logo500x500.jpg","contentUrl":"http:\/\/just-now.news\/de\/wp-content\/uploads\/sites\/3\/2022\/04\/logo500x500.jpg","width":500,"height":500,"caption":"Just Now News"},"image":{"@id":"https:\/\/now-news.de\/de\/#\/schema\/logo\/image\/"},"sameAs":["https:\/\/www.facebook.com\/wirmachenauf","https:\/\/x.com\/WirMachenAuf_de"]},{"@type":"Person","@id":"https:\/\/now-news.de\/de\/#\/schema\/person\/fb534a4e865501d8b3285208df34a9b5","name":"rtnews","image":{"@type":"ImageObject","inLanguage":"de","@id":"https:\/\/now-news.de\/de\/#\/schema\/person\/image\/","url":"https:\/\/secure.gravatar.com\/avatar\/82aafea7d8127119dd649515f56e2117?s=96&d=mm&r=g","contentUrl":"https:\/\/secure.gravatar.com\/avatar\/82aafea7d8127119dd649515f56e2117?s=96&d=mm&r=g","caption":"rtnews"},"url":"https:\/\/now-news.de\/de\/author\/rnews\/"}]}},"_links":{"self":[{"href":"https:\/\/now-news.de\/de\/wp-json\/wp\/v2\/posts\/46607"}],"collection":[{"href":"https:\/\/now-news.de\/de\/wp-json\/wp\/v2\/posts"}],"about":[{"href":"https:\/\/now-news.de\/de\/wp-json\/wp\/v2\/types\/post"}],"author":[{"embeddable":true,"href":"https:\/\/now-news.de\/de\/wp-json\/wp\/v2\/users\/3"}],"replies":[{"embeddable":true,"href":"https:\/\/now-news.de\/de\/wp-json\/wp\/v2\/comments?post=46607"}],"version-history":[{"count":0,"href":"https:\/\/now-news.de\/de\/wp-json\/wp\/v2\/posts\/46607\/revisions"}],"wp:featuredmedia":[{"embeddable":true,"href":"https:\/\/now-news.de\/de\/wp-json\/wp\/v2\/media\/46608"}],"wp:attachment":[{"href":"https:\/\/now-news.de\/de\/wp-json\/wp\/v2\/media?parent=46607"}],"wp:term":[{"taxonomy":"category","embeddable":true,"href":"https:\/\/now-news.de\/de\/wp-json\/wp\/v2\/categories?post=46607"},{"taxonomy":"post_tag","embeddable":true,"href":"https:\/\/now-news.de\/de\/wp-json\/wp\/v2\/tags?post=46607"}],"curies":[{"name":"wp","href":"https:\/\/api.w.org\/{rel}","templated":true}]}}