{"id":46595,"date":"2023-09-18T18:12:19","date_gmt":"2023-09-18T16:12:19","guid":{"rendered":"https:\/\/just-now.news\/de\/deutschland\/russland-und-iran-ziehen-im-kaukasus-konflikt-an-einem-strang\/"},"modified":"2023-09-18T18:12:19","modified_gmt":"2023-09-18T16:12:19","slug":"russland-und-iran-ziehen-im-kaukasus-konflikt-an-einem-strang","status":"publish","type":"post","link":"https:\/\/now-news.de\/de\/deutschland\/russland-und-iran-ziehen-im-kaukasus-konflikt-an-einem-strang\/","title":{"rendered":"Russland und Iran ziehen im Kaukasus-Konflikt an einem Strang"},"content":{"rendered":"<p><img decoding=\"async\" src=\"http:\/\/just-now.news\/de\/wp-content\/uploads\/sites\/3\/2023\/09\/6507005848fbef4a137f1c52.jpg\" \/><\/p>\n<div class=\"Text-root Text-type_1 \">\n                Die iranische F\u00fchrung teilt weder die falschen wirtschaftlichen noch die ultranationalistischen Ansichten einiger ihrer Online-Anh\u00e4nger. Deshalb hat Au\u00dfenminister Abdollahian gerade Armenien f\u00fcr die gemeinsamen US-Man\u00f6ver kritisiert, anstatt sein Interesse an einer milit\u00e4rischen Intervention zur Unterst\u00fctzung dieses Landes gegen Aserbaidschan zu bekunden, wie Washington es wollte.\n            <\/div>\n<p><\/p>\n<div class=\"Text-root Text-type_5 ArticleView-text ViewText-root \">\n<p><em>von Andrew Korybko<\/em><\/p>\n<p>Wie <a rel=\"nofollow noopener\" target=\"_blank\" href=\"https:\/\/www.presstv.ir\/Detail\/2023\/09\/14\/710809\/Iran-war-games-United-States-Armenia\"><em>Press TV<\/em> berichtete<\/a>, \u00e4u\u00dferte sich der iranische Au\u00dfenminister Hossein Amir-Abdollahian am Mittwoch in einem Telefongespr\u00e4ch mit seinem armenischen Amtskollegen besorgt \u00fcber die Pr\u00e4senz der US-Streitkr\u00e4fte in dem s\u00fcdkaukasischen Land. Vom 11. bis 20. September f\u00fchren <a rel=\"nofollow noopener\" target=\"_blank\" href=\"https:\/\/am.usembassy.gov\/eagle-partner\/\">85 amerikanische Soldaten<\/a> dort \u00dcbungen durch, was mit einer drastischen Verschlechterung der russisch-armenischen Beziehungen einhergeht. Hier einige Hintergrundinformationen f\u00fcr diejenigen, die diese Situation nicht so genau verfolgt haben:<\/p>\n<ul>\n<li><a rel=\"nofollow noopener\" target=\"_blank\" href=\"https:\/\/korybko.substack.com\/p\/its-easy-to-see-why-russia-is-so\">&#8220;Es ist leicht zu verstehen, warum Russland so unzufrieden mit dem j\u00fcngsten Interview des armenischen Premiers ist.&#8221;<\/a><\/li>\n<li><a rel=\"nofollow noopener\" target=\"_blank\" href=\"https:\/\/korybko.substack.com\/p\/armenias-three-latest-anti-russian\">&#8220;Die drei j\u00fcngsten antirussischen Provokationen Armeniens k\u00f6nnten einen weiteren Karabach-Konflikt ausl\u00f6sen.&#8221;<\/a><\/li>\n<li><a rel=\"nofollow noopener\" target=\"_blank\" href=\"https:\/\/thealtworld.com\/andrew_korybko\/the-us-would-be-delighted-if-iran-was-dragged-into-any-new-conflict-over-karabakh\">&#8220;Die USA w\u00e4ren erfreut, wenn der Iran in einen neuen Konflikt um Karabach hineingezogen w\u00fcrde.&#8221;<\/a><\/li>\n<\/ul>\n<p>Kurz gesagt, Premierminister Nikol Paschinjan \u2013 der nach der <a rel=\"nofollow noopener\" target=\"_blank\" href=\"https:\/\/orientalreview.su\/2018\/04\/30\/armenian-anarchy-is-only-good-for-america\/\">&#8220;Samtenen Revolution&#8221;<\/a> 2018 an die Macht kam \u2013 hat vor dem Druck der ultranationalistischen franz\u00f6sischen und US-amerikanischen Diaspora kapituliert und sich zum neuesten Stellvertreter des Westens bei der Aufteilung und Beherrschung der Region gemacht, indem er an dem gescheiterten irredentistischen Kreuzzug seines Landes festh\u00e4lt. Die Spannungen mit Aserbaidschan stiegen vorhersehbarerweise an, da er die Bedingungen des von Moskau vermittelten Waffenstillstands vom November 2020 nicht einhielt, was in j\u00fcngster Zeit zu Sorgen vor einem weiteren Krieg f\u00fchrte.<\/p>\n<p>Unter Nutzern in den sozialen Netzwerken, die mit der iranischen Weltanschauung sympathisieren, wurde wild spekuliert, dass die Islamische Republik im Falle eines erneuten Konflikts zugunsten Armeniens milit\u00e4risch gegen Aserbaidschan intervenieren k\u00f6nnte. Dieses S\u00e4belrasseln hat sich gl\u00fccklicherweise gelegt, nachdem Au\u00dfenminister Abdollahian am Montag mit seinem aserbaidschanischen Amtskollegen gesprochen und von ihm die <a rel=\"nofollow noopener\" target=\"_blank\" href=\"https:\/\/tass.com\/world\/1673059\">Zusicherung erhalten<\/a> hat, dass Baku nicht beabsichtigt, Armenien anzugreifen. Zwei Tage sp\u00e4ter sprach er mit dem armenischen Spitzendiplomaten und teilte ihm seinen Unmut \u00fcber die gemeinsamen US-Man\u00f6ver mit.<\/p>\n<p>Die Chancen, dass der Iran in einen neuen Konflikt um Karabach hineingezogen wird, sind damit gesunken, und dies h\u00e4tte zu keinem besseren Zeitpunkt kommen k\u00f6nnen, da sich die russisch-armenischen Beziehungen weiter verschlechtern. <a rel=\"nofollow noopener\" target=\"_blank\" href=\"https:\/\/tass.com\/world\/1674487\">Jerewan best\u00e4tigte<\/a>, dass es das R\u00f6mische Statut ratifizieren wird, was die Beh\u00f6rden rechtlich dazu verpflichten wird, Pr\u00e4sident Putin zu verhaften, sollte er jemals zu Besuch kommen, auch wenn Armenien nominell immer noch Mitglied der von Russland gef\u00fchrten OVKS ist. In einem <a rel=\"nofollow noopener\" target=\"_blank\" href=\"https:\/\/www.politico.eu\/article\/we-cant-rely-russia-protect-us-anymore-nikol-pashinyan-armenia-pm\/\">Interview mit <em>Politico<\/em><\/a>, das am Mittwoch ver\u00f6ffentlicht wurde, lie\u00df Paschinjan dann zwei Bomben platzen.\u00a0\u00a0<\/p>\n<p>Die meisten Schlagzeilen in den internationalen Medien konzentrierten sich auf seine Behauptung, dass Armenien Russland nicht mehr als zuverl\u00e4ssigen Garanten seiner Sicherheit betrachte. Doch ebenso wichtig waren seine \u00c4u\u00dferungen dar\u00fcber, dass &#8220;die EU und die Vereinigten Staaten uns auch in Bezug auf die Agenda f\u00fcr demokratische Reformen unterst\u00fctzen&#8221;. Diese \u00c4u\u00dferungen deuten auf eine bevorstehende Entzweiung zwischen diesen beiden offiziellen Verb\u00fcndeten hin, da Armenien sich in Fragen der Sicherheit und der Staatsf\u00fchrung offen von Russland abwendet und sich dem Westen zuwendet.<\/p>\n<p>Es d\u00fcrfte daher niemanden \u00fcberraschen, dass die Sprecherin des russischen Au\u00dfenministeriums, Maria Sacharowa, auf einer Pressekonferenz am selben Tag, an dem das Interview ver\u00f6ffentlicht wurde, <a rel=\"nofollow noopener\" target=\"_blank\" href=\"https:\/\/tass.com\/politics\/1674339\">sagte<\/a>, dass zu Armeniens j\u00fcngsten Schritten &#8220;immer mehr Fragen auftauchen&#8221;. Sie bezog sich dabei insbesondere auf die Pl\u00e4ne Armeniens, das R\u00f6mische Statut zu ratifizieren, f\u00fcgte aber hinzu: &#8220;Dies ist nicht nur ein isolierter Schritt, der, wie die armenische Seite klar erkannt hat, Fragen unsererseits aufwirft, sondern eine Reihe miteinander verbundener Schritte.&#8221;<\/p>\n<p>Einen Tag sp\u00e4ter <a rel=\"nofollow noopener\" target=\"_blank\" href=\"https:\/\/tass.com\/world\/1675065\">erkl\u00e4rte<\/a> der Vorsitzende des Ausschusses f\u00fcr internationale Angelegenheiten der Staatsduma, Leonid Sluzki:<\/p>\n<blockquote>\n<p><em>&#8220;Jetzt ist Washington bereit, Jerewan zu &#8216;helfen&#8217;, und tr\u00e4umt offenbar davon, ein neues antirussisches Standbein im S\u00fcdkaukasus zu schaffen. Aber all seine Pl\u00e4ne zur Schw\u00e4chung Russlands zerbr\u00f6ckeln vor unseren Augen. Daran sollten wir uns erinnern! &#8216;Sponsoring&#8217; von jenseits des Ozeans hat noch keinem Land der Welt gen\u00fctzt, sondern nur Elend und Kummer, Blut und Zerst\u00f6rung gebracht. Und genau das ist es, wohin die &#8216;Partnerschaft&#8217; und &#8216;Entwicklungshilfe&#8217; nach amerikanischem Vorbild letztlich f\u00fchrt.&#8221;<\/em><\/p>\n<\/blockquote>\n<p>Diese deutlichen Worte zeigen, wie ver\u00e4rgert Russland \u00fcber die prowestliche Ausrichtung Armeniens ist.<\/p>\n<p>Vor diesem Hintergrund h\u00e4tten die russisch-iranischen Beziehungen m\u00f6glicherweise belastet werden k\u00f6nnen, wenn Teheran nicht zuvor Jerewan gescholten h\u00e4tte. Deshalb wurde bereits fr\u00fcher festgestellt, dass das Telefonat von Au\u00dfenminister Abdollahian mit seinem armenischen Amtskollegen und der \u00f6ffentlich berichtete Inhalt dieses Gespr\u00e4chs zu keinem besseren Zeitpunkt h\u00e4tte stattfinden k\u00f6nnen. Die Islamische Republik sch\u00e4tzte die sich abzeichnende strategische Lage im S\u00fcdkaukasus n\u00fcchtern ein und kam zu dem Schluss, dass es sich nicht lohnt, um des neuesten Stellvertreters der USA willen einen breiteren Krieg mit Aserbaidschan und im weiteren Sinne mit der T\u00fcrkei zu riskieren.<\/p>\n<p>Den iranischen Politikern geb\u00fchrt Anerkennung daf\u00fcr, dass sie dem \u00f6ffentlichen Druck widerstanden haben, der k\u00fcrzlich von denjenigen Social-Media-Accounts ausge\u00fcbt wurde, die mit ihrer Weltanschauung sympathisieren und daf\u00fcr pl\u00e4dierten, dass das Land zur Unterst\u00fctzung Armeniens gegen Aserbaidschan milit\u00e4risch eingreifen sollte, falls die Feindseligkeiten in der Region wieder aufflammen. Diese Leute wollten vielleicht ihre Unterst\u00fctzung f\u00fcr das signalisieren, was sie aufrichtig f\u00fcr die nationalen Interessen Irans halten, aber sie verf\u00fcgten wahrlich nicht \u00fcber ein angemessenes Verst\u00e4ndnis des Vorgenannten, wie die nachfolgenden Entwicklungen beweisen.<\/p>\n<p>Eines der popul\u00e4rsten Argumente, die diese Meinungsmacher anf\u00fchrten, um das Szenario eines iranischen Krieges gegen Aserbaidschan zu rechtfertigen, war die angebliche Notwendigkeit, Baku daran zu hindern, seinen Handelskorridor mit Armenien abzuschneiden. Es wurde der Eindruck erweckt, dass dies die iranische Wirtschaft vernichten w\u00fcrde, aber der iranisch-armenische Handel betrug im letzten Jahr <a rel=\"nofollow noopener\" target=\"_blank\" href=\"https:\/\/news.am\/eng\/news\/755598.html\">nur 711 Millionen Dollar<\/a>. Verglichen mit dem<a rel=\"nofollow noopener\" target=\"_blank\" href=\"https:\/\/data.worldbank.org\/indicator\/NY.GDP.MKTP.CD?locations=IR\"> gesch\u00e4tzten iranischen BIP von 388 Milliarden Dollar<\/a> im Jahr 2022 ist dies ein statistisch unbedeutender Teil der Wirtschaft, der es nicht wert ist, darum einen gr\u00f6\u00dferen Krieg zu f\u00fchren.\u00a0\u00a0<\/p>\n<p>Das andere Argument, das von vielen dieser Leute ins Feld gef\u00fchrt wird, ist, dass Aserbaidschan angeblich ein &#8220;falsches Land&#8221; sei, weil sein Volk seit mehreren Jahrtausenden zivilisatorisch mit Iran verbunden sei, was erst durch die imperiale Expansion Russlands im neunzehnten Jahrhundert unterbrochen wurde. Sie behaupten daher, dass dieses Land &#8220;es nicht verdient zu existieren&#8221; und daher gegen den Willen des aserbaidschanischen Volkes gewaltsam von Iran aufgesogen werden sollte. Diejenigen, die diese Ansichten vertreten, t\u00e4ten gut daran zu lesen, was Pr\u00e4sident Putin im Jahr 2021 \u00fcber die Ukraine <a rel=\"nofollow noopener\" target=\"_blank\" href=\"http:\/\/en.kremlin.ru\/events\/president\/news\/66181\">geschrieben hatte<\/a>:<\/p>\n<blockquote>\n<p><em>&#8220;Die Dinge \u00e4ndern sich: L\u00e4nder und Gemeinschaften sind da keine Ausnahme. Nat\u00fcrlich kann sich ein Teil eines Volkes im Laufe seiner Entwicklung, beeinflusst durch eine Reihe von Gr\u00fcnden und historischen Umst\u00e4nden, zu einem bestimmten Zeitpunkt als eigenst\u00e4ndige Nation begreifen. Wie sollten wir das behandeln? Darauf gibt es nur eine Antwort: mit Respekt! Ihr wollt einen eigenen Staat gr\u00fcnden: Ihr seid willkommen!&#8221;<\/em><\/p>\n<\/blockquote>\n<p>Genauso wie Russland die Unabh\u00e4ngigkeit der Ukraine trotz ihrer jahrtausendelangen zivilisatorischen Bindungen akzeptiert, sollten auch diejenigen Social-Media-Konten, die mit der Weltanschauung der Islamischen Republik sympathisieren, die Unabh\u00e4ngigkeit Aserbaidschans trotz seiner jahrtausendelangen zivilisatorischen Bindungen mit Iran akzeptieren. Um es klar zu sagen: Weder die Ukraine noch Aserbaidschan sollten ihre unabh\u00e4ngige Staatlichkeit ausnutzen, um andere zu bedrohen, aber Aserbaidschan konnte vom Westen nicht in einen Anti-Iran verwandelt werden, wie die Ukraine in ein Anti-Russland verwandelt wurde.<\/p>\n<p>Die iranische F\u00fchrung teilt weder die fehlinformierten wirtschaftlichen Ansichten noch die ultranationalistischen Ansichten einiger ihrer Online-Anh\u00e4nger. Deshalb hat Au\u00dfenminister Abdollahian gerade Armenien f\u00fcr seine gemeinsamen US-Drills gescholten, anstatt Interesse an einer milit\u00e4rischen Intervention zur Unterst\u00fctzung dieses Landes gegen Aserbaidschan zu signalisieren. Seine Erkl\u00e4rung st\u00e4rkt das Vertrauen zu Russland, sch\u00fctzt die Integrit\u00e4t der antiimperialistischen Au\u00dfenpolitik Irans, indem sie zeigt, dass das Land sich nicht dazu verleiten l\u00e4sst, einen amerikanischen Stellvertreter zu unterst\u00fctzen, und stabilisiert somit die Region.<\/p>\n<p><strong>Mehr zum Thema<\/strong> &#8211; <a rel=\"nofollow noopener\" target=\"_blank\" href=\"https:\/\/test.rtde.me\/international\/179669-paschinjan-beschuldigt-russland-mit-sicherheitsmission\/\">Paschinjan beschuldigt Russland, mit Sicherheitsmission in Bergkarabach zu scheitern<\/a><\/p>\n<p><em>Aus dem <a rel=\"nofollow noopener\" target=\"_blank\" href=\"https:\/\/korybko.substack.com\/p\/russia-and-iran-are-on-the-same-page?utm_source=profile&amp;utm_medium=reader2\">Englischen<\/a><\/em><\/p>\n<p><em><strong>Andrew Korybko<\/strong> ist ein in Moskau ans\u00e4ssiger amerikanischer Politologe, der sich auf die US-Strategie in Afrika und Eurasien sowie auf Chinas Belt &amp; Road-Initiative, Russlands geopolitischen Balanceakt und hybride Kriegsf\u00fchrung spezialisiert hat.<\/em><\/p>\n<\/p>\n<\/div>\n<p><br \/>\n<br \/><a href=\"https:\/\/de.rt.com\/international\/181031-russland-und-iran-ziehen-im\/\">Source link <\/a><\/p>\n","protected":false},"excerpt":{"rendered":"<p>Die iranische F\u00fchrung teilt weder die falschen wirtschaftlichen noch die ultranationalistischen Ansichten einiger ihrer Online-Anh\u00e4nger. Deshalb hat Au\u00dfenminister Abdollahian gerade Armenien f\u00fcr die gemeinsamen US-Man\u00f6ver kritisiert, anstatt sein Interesse an einer milit\u00e4rischen Intervention zur Unterst\u00fctzung dieses Landes gegen Aserbaidschan zu bekunden, wie Washington es wollte. von Andrew Korybko Wie Press TV berichtete, \u00e4u\u00dferte sich der [&hellip;]<\/p>\n","protected":false},"author":3,"featured_media":46596,"comment_status":"open","ping_status":"open","sticky":false,"template":"","format":"standard","meta":{"_yoast_indexnow_last_ping":["1695054682"],"wp_automatic_camp":["217"],"4fc30124f67e34e628e0b32a5d41bcc6":["Russland und Iran ziehen im Kaukasus-Konflikt an einem Strang"],"original_link":["https:\/\/de.rt.com\/international\/181031-russland-und-iran-ziehen-im\/"],"_thumbnail_id":["46596"],"jnews_social_counter_last_update":["1777206918"],"_wptgpro_p2tg_sent2tg":["a:1:{i:23737;s:19:\"2023-09-18 18:33:31\";}"]},"categories":[19,23],"tags":[352,1786,48991,126,33750,140,4327],"yoast_head":"<!-- This site is optimized with the Yoast SEO Premium plugin v22.7 (Yoast SEO v22.7) - https:\/\/yoast.com\/wordpress\/plugins\/seo\/ -->\n<title>Russland und Iran ziehen im Kaukasus-Konflikt an einem Strang - just-now.NEWS Deutschland<\/title>\n<meta name=\"robots\" content=\"index, follow, max-snippet:-1, max-image-preview:large, max-video-preview:-1\" \/>\n<link rel=\"canonical\" href=\"https:\/\/now-news.de\/de\/deutschland\/russland-und-iran-ziehen-im-kaukasus-konflikt-an-einem-strang\/\" \/>\n<meta property=\"og:locale\" content=\"de_DE\" \/>\n<meta property=\"og:type\" content=\"article\" \/>\n<meta property=\"og:title\" content=\"Russland und Iran ziehen im Kaukasus-Konflikt an einem Strang\" \/>\n<meta property=\"og:description\" content=\"Die iranische F\u00fchrung teilt weder die falschen wirtschaftlichen noch die ultranationalistischen Ansichten einiger ihrer Online-Anh\u00e4nger. Deshalb hat Au\u00dfenminister Abdollahian gerade Armenien f\u00fcr die gemeinsamen US-Man\u00f6ver kritisiert, anstatt sein Interesse an einer milit\u00e4rischen Intervention zur Unterst\u00fctzung dieses Landes gegen Aserbaidschan zu bekunden, wie Washington es wollte. von Andrew Korybko Wie Press TV berichtete, \u00e4u\u00dferte sich der [&hellip;]\" \/>\n<meta property=\"og:url\" content=\"https:\/\/now-news.de\/de\/deutschland\/russland-und-iran-ziehen-im-kaukasus-konflikt-an-einem-strang\/\" \/>\n<meta property=\"og:site_name\" content=\"just-now.NEWS Deutschland\" \/>\n<meta property=\"article:publisher\" content=\"https:\/\/www.facebook.com\/wirmachenauf\" \/>\n<meta property=\"article:published_time\" content=\"2023-09-18T16:12:19+00:00\" \/>\n<meta property=\"og:image\" content=\"https:\/\/now-news.de\/de\/wp-content\/uploads\/sites\/3\/2023\/09\/Russland-und-Iran-ziehen-im-Kaukasus-Konflikt-an-einem-Strang.jpg\" \/>\n\t<meta property=\"og:image:width\" content=\"460\" \/>\n\t<meta property=\"og:image:height\" content=\"259\" \/>\n\t<meta property=\"og:image:type\" content=\"image\/jpeg\" \/>\n<meta name=\"author\" content=\"rtnews\" \/>\n<meta name=\"twitter:card\" content=\"summary_large_image\" \/>\n<meta name=\"twitter:creator\" content=\"@WirMachenAuf_de\" \/>\n<meta name=\"twitter:site\" content=\"@WirMachenAuf_de\" \/>\n<meta name=\"twitter:label1\" content=\"Verfasst von\" \/>\n\t<meta name=\"twitter:data1\" content=\"rtnews\" \/>\n\t<meta name=\"twitter:label2\" content=\"Gesch\u00e4tzte Lesezeit\" \/>\n\t<meta name=\"twitter:data2\" content=\"7\u00a0Minuten\" \/>\n<script type=\"application\/ld+json\" class=\"yoast-schema-graph\">{\"@context\":\"https:\/\/schema.org\",\"@graph\":[{\"@type\":\"Article\",\"@id\":\"https:\/\/now-news.de\/de\/deutschland\/russland-und-iran-ziehen-im-kaukasus-konflikt-an-einem-strang\/#article\",\"isPartOf\":{\"@id\":\"https:\/\/now-news.de\/de\/deutschland\/russland-und-iran-ziehen-im-kaukasus-konflikt-an-einem-strang\/\"},\"author\":{\"name\":\"rtnews\",\"@id\":\"https:\/\/now-news.de\/de\/#\/schema\/person\/fb534a4e865501d8b3285208df34a9b5\"},\"headline\":\"Russland und Iran ziehen im Kaukasus-Konflikt an einem Strang\",\"datePublished\":\"2023-09-18T16:12:19+00:00\",\"dateModified\":\"2023-09-18T16:12:19+00:00\",\"mainEntityOfPage\":{\"@id\":\"https:\/\/now-news.de\/de\/deutschland\/russland-und-iran-ziehen-im-kaukasus-konflikt-an-einem-strang\/\"},\"wordCount\":1395,\"commentCount\":0,\"publisher\":{\"@id\":\"https:\/\/now-news.de\/de\/#organization\"},\"image\":{\"@id\":\"https:\/\/now-news.de\/de\/deutschland\/russland-und-iran-ziehen-im-kaukasus-konflikt-an-einem-strang\/#primaryimage\"},\"thumbnailUrl\":\"https:\/\/now-news.de\/de\/wp-content\/uploads\/sites\/3\/2023\/09\/Russland-und-Iran-ziehen-im-Kaukasus-Konflikt-an-einem-Strang.jpg\",\"keywords\":[\"einem\",\"Iran\",\"KaukasusKonflikt\",\"russland\",\"Strang\",\"und\",\"ziehen\"],\"articleSection\":[\"Deutschland\",\"Russland\"],\"inLanguage\":\"de\",\"potentialAction\":[{\"@type\":\"CommentAction\",\"name\":\"Comment\",\"target\":[\"https:\/\/now-news.de\/de\/deutschland\/russland-und-iran-ziehen-im-kaukasus-konflikt-an-einem-strang\/#respond\"]}]},{\"@type\":\"WebPage\",\"@id\":\"https:\/\/now-news.de\/de\/deutschland\/russland-und-iran-ziehen-im-kaukasus-konflikt-an-einem-strang\/\",\"url\":\"https:\/\/now-news.de\/de\/deutschland\/russland-und-iran-ziehen-im-kaukasus-konflikt-an-einem-strang\/\",\"name\":\"Russland und Iran ziehen im Kaukasus-Konflikt an einem Strang - just-now.NEWS Deutschland\",\"isPartOf\":{\"@id\":\"https:\/\/now-news.de\/de\/#website\"},\"primaryImageOfPage\":{\"@id\":\"https:\/\/now-news.de\/de\/deutschland\/russland-und-iran-ziehen-im-kaukasus-konflikt-an-einem-strang\/#primaryimage\"},\"image\":{\"@id\":\"https:\/\/now-news.de\/de\/deutschland\/russland-und-iran-ziehen-im-kaukasus-konflikt-an-einem-strang\/#primaryimage\"},\"thumbnailUrl\":\"https:\/\/now-news.de\/de\/wp-content\/uploads\/sites\/3\/2023\/09\/Russland-und-Iran-ziehen-im-Kaukasus-Konflikt-an-einem-Strang.jpg\",\"datePublished\":\"2023-09-18T16:12:19+00:00\",\"dateModified\":\"2023-09-18T16:12:19+00:00\",\"breadcrumb\":{\"@id\":\"https:\/\/now-news.de\/de\/deutschland\/russland-und-iran-ziehen-im-kaukasus-konflikt-an-einem-strang\/#breadcrumb\"},\"inLanguage\":\"de\",\"potentialAction\":[{\"@type\":\"ReadAction\",\"target\":[\"https:\/\/now-news.de\/de\/deutschland\/russland-und-iran-ziehen-im-kaukasus-konflikt-an-einem-strang\/\"]}]},{\"@type\":\"ImageObject\",\"inLanguage\":\"de\",\"@id\":\"https:\/\/now-news.de\/de\/deutschland\/russland-und-iran-ziehen-im-kaukasus-konflikt-an-einem-strang\/#primaryimage\",\"url\":\"https:\/\/now-news.de\/de\/wp-content\/uploads\/sites\/3\/2023\/09\/Russland-und-Iran-ziehen-im-Kaukasus-Konflikt-an-einem-Strang.jpg\",\"contentUrl\":\"https:\/\/now-news.de\/de\/wp-content\/uploads\/sites\/3\/2023\/09\/Russland-und-Iran-ziehen-im-Kaukasus-Konflikt-an-einem-Strang.jpg\",\"width\":460,\"height\":259,\"caption\":\"Russland und Iran ziehen im Kaukasus-Konflikt an einem Strang\"},{\"@type\":\"BreadcrumbList\",\"@id\":\"https:\/\/now-news.de\/de\/deutschland\/russland-und-iran-ziehen-im-kaukasus-konflikt-an-einem-strang\/#breadcrumb\",\"itemListElement\":[{\"@type\":\"ListItem\",\"position\":1,\"name\":\"Home\",\"item\":\"https:\/\/now-news.de\/de\/\"},{\"@type\":\"ListItem\",\"position\":2,\"name\":\"Russland und Iran ziehen im Kaukasus-Konflikt an einem Strang\"}]},{\"@type\":\"WebSite\",\"@id\":\"https:\/\/now-news.de\/de\/#website\",\"url\":\"https:\/\/now-news.de\/de\/\",\"name\":\"just-now.NEWS Deutschland\",\"description\":\"Das Portal f\u00fcr unzensierte Nachrichten aus der Welt\",\"publisher\":{\"@id\":\"https:\/\/now-news.de\/de\/#organization\"},\"potentialAction\":[{\"@type\":\"SearchAction\",\"target\":{\"@type\":\"EntryPoint\",\"urlTemplate\":\"https:\/\/now-news.de\/de\/?s={search_term_string}\"},\"query-input\":\"required name=search_term_string\"}],\"inLanguage\":\"de\"},{\"@type\":\"Organization\",\"@id\":\"https:\/\/now-news.de\/de\/#organization\",\"name\":\"Just Now News\",\"url\":\"https:\/\/now-news.de\/de\/\",\"logo\":{\"@type\":\"ImageObject\",\"inLanguage\":\"de\",\"@id\":\"https:\/\/now-news.de\/de\/#\/schema\/logo\/image\/\",\"url\":\"http:\/\/just-now.news\/de\/wp-content\/uploads\/sites\/3\/2022\/04\/logo500x500.jpg\",\"contentUrl\":\"http:\/\/just-now.news\/de\/wp-content\/uploads\/sites\/3\/2022\/04\/logo500x500.jpg\",\"width\":500,\"height\":500,\"caption\":\"Just Now News\"},\"image\":{\"@id\":\"https:\/\/now-news.de\/de\/#\/schema\/logo\/image\/\"},\"sameAs\":[\"https:\/\/www.facebook.com\/wirmachenauf\",\"https:\/\/x.com\/WirMachenAuf_de\"]},{\"@type\":\"Person\",\"@id\":\"https:\/\/now-news.de\/de\/#\/schema\/person\/fb534a4e865501d8b3285208df34a9b5\",\"name\":\"rtnews\",\"image\":{\"@type\":\"ImageObject\",\"inLanguage\":\"de\",\"@id\":\"https:\/\/now-news.de\/de\/#\/schema\/person\/image\/\",\"url\":\"https:\/\/secure.gravatar.com\/avatar\/82aafea7d8127119dd649515f56e2117?s=96&d=mm&r=g\",\"contentUrl\":\"https:\/\/secure.gravatar.com\/avatar\/82aafea7d8127119dd649515f56e2117?s=96&d=mm&r=g\",\"caption\":\"rtnews\"},\"url\":\"https:\/\/now-news.de\/de\/author\/rnews\/\"}]}<\/script>\n<!-- \/ Yoast SEO Premium plugin. -->","yoast_head_json":{"title":"Russland und Iran ziehen im Kaukasus-Konflikt an einem Strang - just-now.NEWS Deutschland","robots":{"index":"index","follow":"follow","max-snippet":"max-snippet:-1","max-image-preview":"max-image-preview:large","max-video-preview":"max-video-preview:-1"},"canonical":"https:\/\/now-news.de\/de\/deutschland\/russland-und-iran-ziehen-im-kaukasus-konflikt-an-einem-strang\/","og_locale":"de_DE","og_type":"article","og_title":"Russland und Iran ziehen im Kaukasus-Konflikt an einem Strang","og_description":"Die iranische F\u00fchrung teilt weder die falschen wirtschaftlichen noch die ultranationalistischen Ansichten einiger ihrer Online-Anh\u00e4nger. Deshalb hat Au\u00dfenminister Abdollahian gerade Armenien f\u00fcr die gemeinsamen US-Man\u00f6ver kritisiert, anstatt sein Interesse an einer milit\u00e4rischen Intervention zur Unterst\u00fctzung dieses Landes gegen Aserbaidschan zu bekunden, wie Washington es wollte. von Andrew Korybko Wie Press TV berichtete, \u00e4u\u00dferte sich der [&hellip;]","og_url":"https:\/\/now-news.de\/de\/deutschland\/russland-und-iran-ziehen-im-kaukasus-konflikt-an-einem-strang\/","og_site_name":"just-now.NEWS Deutschland","article_publisher":"https:\/\/www.facebook.com\/wirmachenauf","article_published_time":"2023-09-18T16:12:19+00:00","og_image":[{"width":460,"height":259,"url":"https:\/\/now-news.de\/de\/wp-content\/uploads\/sites\/3\/2023\/09\/Russland-und-Iran-ziehen-im-Kaukasus-Konflikt-an-einem-Strang.jpg","type":"image\/jpeg"}],"author":"rtnews","twitter_card":"summary_large_image","twitter_creator":"@WirMachenAuf_de","twitter_site":"@WirMachenAuf_de","twitter_misc":{"Verfasst von":"rtnews","Gesch\u00e4tzte Lesezeit":"7\u00a0Minuten"},"schema":{"@context":"https:\/\/schema.org","@graph":[{"@type":"Article","@id":"https:\/\/now-news.de\/de\/deutschland\/russland-und-iran-ziehen-im-kaukasus-konflikt-an-einem-strang\/#article","isPartOf":{"@id":"https:\/\/now-news.de\/de\/deutschland\/russland-und-iran-ziehen-im-kaukasus-konflikt-an-einem-strang\/"},"author":{"name":"rtnews","@id":"https:\/\/now-news.de\/de\/#\/schema\/person\/fb534a4e865501d8b3285208df34a9b5"},"headline":"Russland und Iran ziehen im Kaukasus-Konflikt an einem Strang","datePublished":"2023-09-18T16:12:19+00:00","dateModified":"2023-09-18T16:12:19+00:00","mainEntityOfPage":{"@id":"https:\/\/now-news.de\/de\/deutschland\/russland-und-iran-ziehen-im-kaukasus-konflikt-an-einem-strang\/"},"wordCount":1395,"commentCount":0,"publisher":{"@id":"https:\/\/now-news.de\/de\/#organization"},"image":{"@id":"https:\/\/now-news.de\/de\/deutschland\/russland-und-iran-ziehen-im-kaukasus-konflikt-an-einem-strang\/#primaryimage"},"thumbnailUrl":"https:\/\/now-news.de\/de\/wp-content\/uploads\/sites\/3\/2023\/09\/Russland-und-Iran-ziehen-im-Kaukasus-Konflikt-an-einem-Strang.jpg","keywords":["einem","Iran","KaukasusKonflikt","russland","Strang","und","ziehen"],"articleSection":["Deutschland","Russland"],"inLanguage":"de","potentialAction":[{"@type":"CommentAction","name":"Comment","target":["https:\/\/now-news.de\/de\/deutschland\/russland-und-iran-ziehen-im-kaukasus-konflikt-an-einem-strang\/#respond"]}]},{"@type":"WebPage","@id":"https:\/\/now-news.de\/de\/deutschland\/russland-und-iran-ziehen-im-kaukasus-konflikt-an-einem-strang\/","url":"https:\/\/now-news.de\/de\/deutschland\/russland-und-iran-ziehen-im-kaukasus-konflikt-an-einem-strang\/","name":"Russland und Iran ziehen im Kaukasus-Konflikt an einem Strang - just-now.NEWS Deutschland","isPartOf":{"@id":"https:\/\/now-news.de\/de\/#website"},"primaryImageOfPage":{"@id":"https:\/\/now-news.de\/de\/deutschland\/russland-und-iran-ziehen-im-kaukasus-konflikt-an-einem-strang\/#primaryimage"},"image":{"@id":"https:\/\/now-news.de\/de\/deutschland\/russland-und-iran-ziehen-im-kaukasus-konflikt-an-einem-strang\/#primaryimage"},"thumbnailUrl":"https:\/\/now-news.de\/de\/wp-content\/uploads\/sites\/3\/2023\/09\/Russland-und-Iran-ziehen-im-Kaukasus-Konflikt-an-einem-Strang.jpg","datePublished":"2023-09-18T16:12:19+00:00","dateModified":"2023-09-18T16:12:19+00:00","breadcrumb":{"@id":"https:\/\/now-news.de\/de\/deutschland\/russland-und-iran-ziehen-im-kaukasus-konflikt-an-einem-strang\/#breadcrumb"},"inLanguage":"de","potentialAction":[{"@type":"ReadAction","target":["https:\/\/now-news.de\/de\/deutschland\/russland-und-iran-ziehen-im-kaukasus-konflikt-an-einem-strang\/"]}]},{"@type":"ImageObject","inLanguage":"de","@id":"https:\/\/now-news.de\/de\/deutschland\/russland-und-iran-ziehen-im-kaukasus-konflikt-an-einem-strang\/#primaryimage","url":"https:\/\/now-news.de\/de\/wp-content\/uploads\/sites\/3\/2023\/09\/Russland-und-Iran-ziehen-im-Kaukasus-Konflikt-an-einem-Strang.jpg","contentUrl":"https:\/\/now-news.de\/de\/wp-content\/uploads\/sites\/3\/2023\/09\/Russland-und-Iran-ziehen-im-Kaukasus-Konflikt-an-einem-Strang.jpg","width":460,"height":259,"caption":"Russland und Iran ziehen im Kaukasus-Konflikt an einem Strang"},{"@type":"BreadcrumbList","@id":"https:\/\/now-news.de\/de\/deutschland\/russland-und-iran-ziehen-im-kaukasus-konflikt-an-einem-strang\/#breadcrumb","itemListElement":[{"@type":"ListItem","position":1,"name":"Home","item":"https:\/\/now-news.de\/de\/"},{"@type":"ListItem","position":2,"name":"Russland und Iran ziehen im Kaukasus-Konflikt an einem Strang"}]},{"@type":"WebSite","@id":"https:\/\/now-news.de\/de\/#website","url":"https:\/\/now-news.de\/de\/","name":"just-now.NEWS Deutschland","description":"Das Portal f\u00fcr unzensierte Nachrichten aus der Welt","publisher":{"@id":"https:\/\/now-news.de\/de\/#organization"},"potentialAction":[{"@type":"SearchAction","target":{"@type":"EntryPoint","urlTemplate":"https:\/\/now-news.de\/de\/?s={search_term_string}"},"query-input":"required name=search_term_string"}],"inLanguage":"de"},{"@type":"Organization","@id":"https:\/\/now-news.de\/de\/#organization","name":"Just Now News","url":"https:\/\/now-news.de\/de\/","logo":{"@type":"ImageObject","inLanguage":"de","@id":"https:\/\/now-news.de\/de\/#\/schema\/logo\/image\/","url":"http:\/\/just-now.news\/de\/wp-content\/uploads\/sites\/3\/2022\/04\/logo500x500.jpg","contentUrl":"http:\/\/just-now.news\/de\/wp-content\/uploads\/sites\/3\/2022\/04\/logo500x500.jpg","width":500,"height":500,"caption":"Just Now News"},"image":{"@id":"https:\/\/now-news.de\/de\/#\/schema\/logo\/image\/"},"sameAs":["https:\/\/www.facebook.com\/wirmachenauf","https:\/\/x.com\/WirMachenAuf_de"]},{"@type":"Person","@id":"https:\/\/now-news.de\/de\/#\/schema\/person\/fb534a4e865501d8b3285208df34a9b5","name":"rtnews","image":{"@type":"ImageObject","inLanguage":"de","@id":"https:\/\/now-news.de\/de\/#\/schema\/person\/image\/","url":"https:\/\/secure.gravatar.com\/avatar\/82aafea7d8127119dd649515f56e2117?s=96&d=mm&r=g","contentUrl":"https:\/\/secure.gravatar.com\/avatar\/82aafea7d8127119dd649515f56e2117?s=96&d=mm&r=g","caption":"rtnews"},"url":"https:\/\/now-news.de\/de\/author\/rnews\/"}]}},"_links":{"self":[{"href":"https:\/\/now-news.de\/de\/wp-json\/wp\/v2\/posts\/46595"}],"collection":[{"href":"https:\/\/now-news.de\/de\/wp-json\/wp\/v2\/posts"}],"about":[{"href":"https:\/\/now-news.de\/de\/wp-json\/wp\/v2\/types\/post"}],"author":[{"embeddable":true,"href":"https:\/\/now-news.de\/de\/wp-json\/wp\/v2\/users\/3"}],"replies":[{"embeddable":true,"href":"https:\/\/now-news.de\/de\/wp-json\/wp\/v2\/comments?post=46595"}],"version-history":[{"count":0,"href":"https:\/\/now-news.de\/de\/wp-json\/wp\/v2\/posts\/46595\/revisions"}],"wp:featuredmedia":[{"embeddable":true,"href":"https:\/\/now-news.de\/de\/wp-json\/wp\/v2\/media\/46596"}],"wp:attachment":[{"href":"https:\/\/now-news.de\/de\/wp-json\/wp\/v2\/media?parent=46595"}],"wp:term":[{"taxonomy":"category","embeddable":true,"href":"https:\/\/now-news.de\/de\/wp-json\/wp\/v2\/categories?post=46595"},{"taxonomy":"post_tag","embeddable":true,"href":"https:\/\/now-news.de\/de\/wp-json\/wp\/v2\/tags?post=46595"}],"curies":[{"name":"wp","href":"https:\/\/api.w.org\/{rel}","templated":true}]}}