{"id":46555,"date":"2023-09-18T10:11:17","date_gmt":"2023-09-18T08:11:17","guid":{"rendered":"https:\/\/just-now.news\/de\/deutschland\/klimakleber-in-berlin-blockaden-an-23-orten-am-montagmorgen\/"},"modified":"2023-09-18T10:11:17","modified_gmt":"2023-09-18T08:11:17","slug":"klimakleber-in-berlin-blockaden-an-23-orten-am-montagmorgen","status":"publish","type":"post","link":"https:\/\/now-news.de\/de\/deutschland\/klimakleber-in-berlin-blockaden-an-23-orten-am-montagmorgen\/","title":{"rendered":"Klimakleber in Berlin: Blockaden an 23 Orten am Montagmorgen"},"content":{"rendered":"<p><img decoding=\"async\" src=\"http:\/\/just-now.news\/de\/wp-content\/uploads\/sites\/3\/2023\/09\/6507efe648fbef49fe1b4086.jpg\" \/><\/p>\n<div class=\"Text-root Text-type_1 \">\n                Begeisterung bei Pendlern und Kraftfahrern: Die Klimakleber sind zur\u00fcck und blockieren an \u00fcber 20 kritischen Punkten den Verkehr in der Hauptstadt. Die Polizei ist mit 500 Kr\u00e4ften vor Ort \u2013 und muss sich bereits fragen lassen, ob sie ausreichend Samthandschuhe eingepackt hat.\n            <\/div>\n<p><\/p>\n<div class=\"Text-root Text-type_5 ArticleView-text ViewText-root \">\n<p>Die Klimakleber der &#8220;Letzten Generation&#8221; blockieren am Montagmorgen an 23 verschiedenen Stellen den Stra\u00dfenverkehr in Berlin. Betroffen sind nach Angaben der auch von Oligarchen <a rel=\"nofollow noopener\" target=\"_blank\" href=\"https:\/\/freedert.online\/meinung\/157327-wer-finanziert-klimaproteste-und-mit-welchem-ziel\/\">bezahlten<\/a> Aktivisten unter anderem Abfahrten der A100, A103, A114 sowie mehrere Bundesstra\u00dfen stadteinw\u00e4rts.<\/p>\n<div class=\"EmbedBlock-root EmbedBlock-twitter\">\n<div class=\"TwitterEmbed\">\n<blockquote class=\"twitter-tweet lazyload\" data-twitter=\"twitter-tweet\">\n<p lang=\"de\" dir=\"ltr\">Derzeit sind Blockadeaktionen von folgenden Orten bekannt:- A114 Prenzlauer Promenade, Ecke Pasewalker Stra\u00dfe- Prenzlauer Stra\u00dfe\/Granitzstra\u00dfe- Prenzlauer Allee\/Fr\u00f6belstra\u00dfe- A103 Saarstra\u00dfe Ri. Sch\u00f6neberg- S Tempelhof, H\u00f6he A100 stadtausw\u00e4rts- Ernst-Reuter-Platz- Gro\u00dfer\u2026<\/p>\n<p>\u2014 Verkehrsinformationszentrale Berlin (VIZ Berlin) (@VIZ_Berlin) <a rel=\"nofollow noopener\" target=\"_blank\" href=\"https:\/\/twitter.com\/VIZ_Berlin\/status\/1703648292981158101?ref_src=twsrc%5Etfw\">September 18, 2023<\/a><\/p><\/blockquote>\n<\/div>\n<\/div>\n<p>Die Berliner Polizei ist vor Ort. Auf Twitter\/X schrieb sie am Morgen:<\/p>\n<blockquote>\n<p><em>&#8220;Guten Morgen #Berlin, aktuell kommt es zu Blockaden durch Angeh\u00f6rige der sog. &#8220;Letzten Generation&#8221;. Bis zu 500 Einsatzkr\u00e4fte sind daf\u00fcr in der ganzen Stadt pr\u00e4sent, um schnell und konsequent einzuschreiten. Bitte bewahren Sie Ruhe und greifen Sie nicht selbst ein.&#8221;<\/em><\/p>\n<\/blockquote>\n<p>Ein Nutzer fragte:<\/p>\n<blockquote>\n<p><em>&#8220;Haben die Beamten gen\u00fcgend Samthandschuhe dabei?&#8221;<\/em><\/p>\n<\/blockquote>\n<p>Ein anderer meinte:<\/p>\n<blockquote>\n<p><em>&#8220;Fragt sich, gegen wen eingeschritten wird.&#8221;<\/em><\/p>\n<\/blockquote>\n<div class=\"EmbedBlock-root EmbedBlock-twitter\">\n<div class=\"TwitterEmbed\">\n<blockquote class=\"twitter-tweet lazyload\" data-twitter=\"twitter-tweet\">\n<p lang=\"de\" dir=\"ltr\">Guten Morgen <a rel=\"nofollow noopener\" target=\"_blank\" href=\"https:\/\/twitter.com\/hashtag\/Berlin?src=hash&amp;ref_src=twsrc%5Etfw\">#Berlin<\/a>,aktuell kommt es zu Blockaden durch Angeh\u00f6rige der sog. &#8220;Letzten Generation&#8221;.Bis zu 500 Einsatzkr\u00e4fte sind daf\u00fcr in der ganzen Stadt pr\u00e4sent, um schnell und konsequent einzuschreiten.Bitte bewahren Sie Ruhe und greifen Sie nicht selbst ein.<a rel=\"nofollow noopener\" target=\"_blank\" href=\"https:\/\/twitter.com\/hashtag\/b1809?src=hash&amp;ref_src=twsrc%5Etfw\">#b1809<\/a><\/p>\n<p>\u2014 Polizei Berlin Einsatz (@PolizeiBerlin_E) <a rel=\"nofollow noopener\" target=\"_blank\" href=\"https:\/\/twitter.com\/PolizeiBerlin_E\/status\/1703645992711569805?ref_src=twsrc%5Etfw\">September 18, 2023<\/a><\/p><\/blockquote>\n<\/div>\n<\/div>\n<p>Am Sonntag\u00a0hatten die sogenannten Aktivisten der Gruppe das aus Sandstein gebaute Brandenburger Tor mit Farbe bespr\u00fcht. Die Polizei nahm 14 der Apokalyptiker fest.\u00a0Gegen sie wird wegen gemeinsch\u00e4dlicher Sachbesch\u00e4digung ermittelt.\u00a0<\/p>\n<p><strong>Mehr zum Thema<\/strong> &#8211;\u00a0<a rel=\"nofollow noopener\" target=\"_blank\" href=\"https:\/\/freedert.online\/inland\/181037-anschlag-auf-freiheit-letzte-generation\/\">Anschlag auf die Freiheit: &#8220;Letzte Generation&#8221; bespr\u00fcht Brandenburger Tor mit Farbe<\/a><\/p>\n<div class=\"EmbedBlock-root EmbedBlock-externalVideo EmbedBlock-odysee\">\n<div class=\"VkEmbed\"><iframe class=\"lazyload\" data-src=\"https:\/\/odysee.com\/%24\/embed\/%40RTDE%3Ae%2Fmitten-ins-herz-klimaaktivisten-beschmieren-das-brandenburger-tor%3Af\" frameborder=\"0\" width=\"853\" height=\"480\" allowfullscreen><\/iframe><\/div>\n<\/div>\n<\/div>\n<p><script async src=\"https:\/\/platform.twitter.com\/widgets.js\" charset=\"utf-8\"><\/script><br \/>\n<br \/><br \/>\n<br \/><a href=\"https:\/\/de.rt.com\/inland\/181069-klimakleber-in-berlin-blockaden-an-23-orten-am-montagmorgen\/\">Source link <\/a><\/p>\n","protected":false},"excerpt":{"rendered":"<p>Begeisterung bei Pendlern und Kraftfahrern: Die Klimakleber sind zur\u00fcck und blockieren an \u00fcber 20 kritischen Punkten den Verkehr in der Hauptstadt. Die Polizei ist mit 500 Kr\u00e4ften vor Ort \u2013 und muss sich bereits fragen lassen, ob sie ausreichend Samthandschuhe eingepackt hat. Die Klimakleber der &#8220;Letzten Generation&#8221; blockieren am Montagmorgen an 23 verschiedenen Stellen den [&hellip;]<\/p>\n","protected":false},"author":3,"featured_media":46556,"comment_status":"open","ping_status":"open","sticky":false,"template":"","format":"standard","meta":{"_yoast_indexnow_last_ping":["1695025655"],"wp_automatic_camp":["217"],"20eb364d48a2e4a22e97c0cad8b53dbe":["Klimakleber in Berlin: Blockaden an 23 Orten am Montagmorgen"],"original_link":["https:\/\/de.rt.com\/inland\/181069-klimakleber-in-berlin-blockaden-an-23-orten-am-montagmorgen\/"],"_thumbnail_id":["46556"],"_wptgpro_p2tg_sent2tg":["a:1:{i:23737;s:19:\"2023-09-18 10:30:11\";}"],"jnews_social_counter_last_update":["1777285718"]},"categories":[19,23],"tags":[943,10559,35468,48973,26539],"yoast_head":"<!-- This site is optimized with the Yoast SEO Premium plugin v22.7 (Yoast SEO v22.7) - https:\/\/yoast.com\/wordpress\/plugins\/seo\/ -->\n<title>Klimakleber in Berlin: Blockaden an 23 Orten am Montagmorgen - just-now.NEWS Deutschland<\/title>\n<meta name=\"robots\" content=\"index, follow, max-snippet:-1, max-image-preview:large, max-video-preview:-1\" \/>\n<link rel=\"canonical\" href=\"https:\/\/now-news.de\/de\/deutschland\/klimakleber-in-berlin-blockaden-an-23-orten-am-montagmorgen\/\" \/>\n<meta property=\"og:locale\" content=\"de_DE\" \/>\n<meta property=\"og:type\" content=\"article\" \/>\n<meta property=\"og:title\" content=\"Klimakleber in Berlin: Blockaden an 23 Orten am Montagmorgen\" \/>\n<meta property=\"og:description\" content=\"Begeisterung bei Pendlern und Kraftfahrern: Die Klimakleber sind zur\u00fcck und blockieren an \u00fcber 20 kritischen Punkten den Verkehr in der Hauptstadt. Die Polizei ist mit 500 Kr\u00e4ften vor Ort \u2013 und muss sich bereits fragen lassen, ob sie ausreichend Samthandschuhe eingepackt hat. Die Klimakleber der &#8220;Letzten Generation&#8221; blockieren am Montagmorgen an 23 verschiedenen Stellen den [&hellip;]\" \/>\n<meta property=\"og:url\" content=\"https:\/\/now-news.de\/de\/deutschland\/klimakleber-in-berlin-blockaden-an-23-orten-am-montagmorgen\/\" \/>\n<meta property=\"og:site_name\" content=\"just-now.NEWS Deutschland\" \/>\n<meta property=\"article:publisher\" content=\"https:\/\/www.facebook.com\/wirmachenauf\" \/>\n<meta property=\"article:published_time\" content=\"2023-09-18T08:11:17+00:00\" \/>\n<meta property=\"og:image\" content=\"https:\/\/now-news.de\/de\/wp-content\/uploads\/sites\/3\/2023\/09\/Klimakleber-in-Berlin-Blockaden-an-23-Orten-am-Montagmorgen.jpg\" \/>\n\t<meta property=\"og:image:width\" content=\"460\" \/>\n\t<meta property=\"og:image:height\" content=\"259\" \/>\n\t<meta property=\"og:image:type\" content=\"image\/jpeg\" \/>\n<meta name=\"author\" content=\"rtnews\" \/>\n<meta name=\"twitter:card\" content=\"summary_large_image\" \/>\n<meta name=\"twitter:creator\" content=\"@WirMachenAuf_de\" \/>\n<meta name=\"twitter:site\" content=\"@WirMachenAuf_de\" \/>\n<meta name=\"twitter:label1\" content=\"Verfasst von\" \/>\n\t<meta name=\"twitter:data1\" content=\"rtnews\" \/>\n\t<meta name=\"twitter:label2\" content=\"Gesch\u00e4tzte Lesezeit\" \/>\n\t<meta name=\"twitter:data2\" content=\"2\u00a0Minuten\" \/>\n<script type=\"application\/ld+json\" class=\"yoast-schema-graph\">{\"@context\":\"https:\/\/schema.org\",\"@graph\":[{\"@type\":\"Article\",\"@id\":\"https:\/\/now-news.de\/de\/deutschland\/klimakleber-in-berlin-blockaden-an-23-orten-am-montagmorgen\/#article\",\"isPartOf\":{\"@id\":\"https:\/\/now-news.de\/de\/deutschland\/klimakleber-in-berlin-blockaden-an-23-orten-am-montagmorgen\/\"},\"author\":{\"name\":\"rtnews\",\"@id\":\"https:\/\/now-news.de\/de\/#\/schema\/person\/fb534a4e865501d8b3285208df34a9b5\"},\"headline\":\"Klimakleber in Berlin: Blockaden an 23 Orten am Montagmorgen\",\"datePublished\":\"2023-09-18T08:11:17+00:00\",\"dateModified\":\"2023-09-18T08:11:17+00:00\",\"mainEntityOfPage\":{\"@id\":\"https:\/\/now-news.de\/de\/deutschland\/klimakleber-in-berlin-blockaden-an-23-orten-am-montagmorgen\/\"},\"wordCount\":313,\"commentCount\":0,\"publisher\":{\"@id\":\"https:\/\/now-news.de\/de\/#organization\"},\"image\":{\"@id\":\"https:\/\/now-news.de\/de\/deutschland\/klimakleber-in-berlin-blockaden-an-23-orten-am-montagmorgen\/#primaryimage\"},\"thumbnailUrl\":\"https:\/\/now-news.de\/de\/wp-content\/uploads\/sites\/3\/2023\/09\/Klimakleber-in-Berlin-Blockaden-an-23-Orten-am-Montagmorgen.jpg\",\"keywords\":[\"Berlin\",\"Blockaden\",\"KlimaKleber\",\"Montagmorgen\",\"Orten\"],\"articleSection\":[\"Deutschland\",\"Russland\"],\"inLanguage\":\"de\",\"potentialAction\":[{\"@type\":\"CommentAction\",\"name\":\"Comment\",\"target\":[\"https:\/\/now-news.de\/de\/deutschland\/klimakleber-in-berlin-blockaden-an-23-orten-am-montagmorgen\/#respond\"]}]},{\"@type\":\"WebPage\",\"@id\":\"https:\/\/now-news.de\/de\/deutschland\/klimakleber-in-berlin-blockaden-an-23-orten-am-montagmorgen\/\",\"url\":\"https:\/\/now-news.de\/de\/deutschland\/klimakleber-in-berlin-blockaden-an-23-orten-am-montagmorgen\/\",\"name\":\"Klimakleber in Berlin: Blockaden an 23 Orten am Montagmorgen - just-now.NEWS Deutschland\",\"isPartOf\":{\"@id\":\"https:\/\/now-news.de\/de\/#website\"},\"primaryImageOfPage\":{\"@id\":\"https:\/\/now-news.de\/de\/deutschland\/klimakleber-in-berlin-blockaden-an-23-orten-am-montagmorgen\/#primaryimage\"},\"image\":{\"@id\":\"https:\/\/now-news.de\/de\/deutschland\/klimakleber-in-berlin-blockaden-an-23-orten-am-montagmorgen\/#primaryimage\"},\"thumbnailUrl\":\"https:\/\/now-news.de\/de\/wp-content\/uploads\/sites\/3\/2023\/09\/Klimakleber-in-Berlin-Blockaden-an-23-Orten-am-Montagmorgen.jpg\",\"datePublished\":\"2023-09-18T08:11:17+00:00\",\"dateModified\":\"2023-09-18T08:11:17+00:00\",\"breadcrumb\":{\"@id\":\"https:\/\/now-news.de\/de\/deutschland\/klimakleber-in-berlin-blockaden-an-23-orten-am-montagmorgen\/#breadcrumb\"},\"inLanguage\":\"de\",\"potentialAction\":[{\"@type\":\"ReadAction\",\"target\":[\"https:\/\/now-news.de\/de\/deutschland\/klimakleber-in-berlin-blockaden-an-23-orten-am-montagmorgen\/\"]}]},{\"@type\":\"ImageObject\",\"inLanguage\":\"de\",\"@id\":\"https:\/\/now-news.de\/de\/deutschland\/klimakleber-in-berlin-blockaden-an-23-orten-am-montagmorgen\/#primaryimage\",\"url\":\"https:\/\/now-news.de\/de\/wp-content\/uploads\/sites\/3\/2023\/09\/Klimakleber-in-Berlin-Blockaden-an-23-Orten-am-Montagmorgen.jpg\",\"contentUrl\":\"https:\/\/now-news.de\/de\/wp-content\/uploads\/sites\/3\/2023\/09\/Klimakleber-in-Berlin-Blockaden-an-23-Orten-am-Montagmorgen.jpg\",\"width\":460,\"height\":259,\"caption\":\"Klimakleber in Berlin: Blockaden an 23 Orten am Montagmorgen\"},{\"@type\":\"BreadcrumbList\",\"@id\":\"https:\/\/now-news.de\/de\/deutschland\/klimakleber-in-berlin-blockaden-an-23-orten-am-montagmorgen\/#breadcrumb\",\"itemListElement\":[{\"@type\":\"ListItem\",\"position\":1,\"name\":\"Home\",\"item\":\"https:\/\/now-news.de\/de\/\"},{\"@type\":\"ListItem\",\"position\":2,\"name\":\"Klimakleber in Berlin: Blockaden an 23 Orten am Montagmorgen\"}]},{\"@type\":\"WebSite\",\"@id\":\"https:\/\/now-news.de\/de\/#website\",\"url\":\"https:\/\/now-news.de\/de\/\",\"name\":\"just-now.NEWS Deutschland\",\"description\":\"Das Portal f\u00fcr unzensierte Nachrichten aus der Welt\",\"publisher\":{\"@id\":\"https:\/\/now-news.de\/de\/#organization\"},\"potentialAction\":[{\"@type\":\"SearchAction\",\"target\":{\"@type\":\"EntryPoint\",\"urlTemplate\":\"https:\/\/now-news.de\/de\/?s={search_term_string}\"},\"query-input\":\"required name=search_term_string\"}],\"inLanguage\":\"de\"},{\"@type\":\"Organization\",\"@id\":\"https:\/\/now-news.de\/de\/#organization\",\"name\":\"Just Now News\",\"url\":\"https:\/\/now-news.de\/de\/\",\"logo\":{\"@type\":\"ImageObject\",\"inLanguage\":\"de\",\"@id\":\"https:\/\/now-news.de\/de\/#\/schema\/logo\/image\/\",\"url\":\"http:\/\/just-now.news\/de\/wp-content\/uploads\/sites\/3\/2022\/04\/logo500x500.jpg\",\"contentUrl\":\"http:\/\/just-now.news\/de\/wp-content\/uploads\/sites\/3\/2022\/04\/logo500x500.jpg\",\"width\":500,\"height\":500,\"caption\":\"Just Now News\"},\"image\":{\"@id\":\"https:\/\/now-news.de\/de\/#\/schema\/logo\/image\/\"},\"sameAs\":[\"https:\/\/www.facebook.com\/wirmachenauf\",\"https:\/\/x.com\/WirMachenAuf_de\"]},{\"@type\":\"Person\",\"@id\":\"https:\/\/now-news.de\/de\/#\/schema\/person\/fb534a4e865501d8b3285208df34a9b5\",\"name\":\"rtnews\",\"image\":{\"@type\":\"ImageObject\",\"inLanguage\":\"de\",\"@id\":\"https:\/\/now-news.de\/de\/#\/schema\/person\/image\/\",\"url\":\"https:\/\/secure.gravatar.com\/avatar\/82aafea7d8127119dd649515f56e2117?s=96&d=mm&r=g\",\"contentUrl\":\"https:\/\/secure.gravatar.com\/avatar\/82aafea7d8127119dd649515f56e2117?s=96&d=mm&r=g\",\"caption\":\"rtnews\"},\"url\":\"https:\/\/now-news.de\/de\/author\/rnews\/\"}]}<\/script>\n<!-- \/ Yoast SEO Premium plugin. -->","yoast_head_json":{"title":"Klimakleber in Berlin: Blockaden an 23 Orten am Montagmorgen - just-now.NEWS Deutschland","robots":{"index":"index","follow":"follow","max-snippet":"max-snippet:-1","max-image-preview":"max-image-preview:large","max-video-preview":"max-video-preview:-1"},"canonical":"https:\/\/now-news.de\/de\/deutschland\/klimakleber-in-berlin-blockaden-an-23-orten-am-montagmorgen\/","og_locale":"de_DE","og_type":"article","og_title":"Klimakleber in Berlin: Blockaden an 23 Orten am Montagmorgen","og_description":"Begeisterung bei Pendlern und Kraftfahrern: Die Klimakleber sind zur\u00fcck und blockieren an \u00fcber 20 kritischen Punkten den Verkehr in der Hauptstadt. Die Polizei ist mit 500 Kr\u00e4ften vor Ort \u2013 und muss sich bereits fragen lassen, ob sie ausreichend Samthandschuhe eingepackt hat. Die Klimakleber der &#8220;Letzten Generation&#8221; blockieren am Montagmorgen an 23 verschiedenen Stellen den [&hellip;]","og_url":"https:\/\/now-news.de\/de\/deutschland\/klimakleber-in-berlin-blockaden-an-23-orten-am-montagmorgen\/","og_site_name":"just-now.NEWS Deutschland","article_publisher":"https:\/\/www.facebook.com\/wirmachenauf","article_published_time":"2023-09-18T08:11:17+00:00","og_image":[{"width":460,"height":259,"url":"https:\/\/now-news.de\/de\/wp-content\/uploads\/sites\/3\/2023\/09\/Klimakleber-in-Berlin-Blockaden-an-23-Orten-am-Montagmorgen.jpg","type":"image\/jpeg"}],"author":"rtnews","twitter_card":"summary_large_image","twitter_creator":"@WirMachenAuf_de","twitter_site":"@WirMachenAuf_de","twitter_misc":{"Verfasst von":"rtnews","Gesch\u00e4tzte Lesezeit":"2\u00a0Minuten"},"schema":{"@context":"https:\/\/schema.org","@graph":[{"@type":"Article","@id":"https:\/\/now-news.de\/de\/deutschland\/klimakleber-in-berlin-blockaden-an-23-orten-am-montagmorgen\/#article","isPartOf":{"@id":"https:\/\/now-news.de\/de\/deutschland\/klimakleber-in-berlin-blockaden-an-23-orten-am-montagmorgen\/"},"author":{"name":"rtnews","@id":"https:\/\/now-news.de\/de\/#\/schema\/person\/fb534a4e865501d8b3285208df34a9b5"},"headline":"Klimakleber in Berlin: Blockaden an 23 Orten am Montagmorgen","datePublished":"2023-09-18T08:11:17+00:00","dateModified":"2023-09-18T08:11:17+00:00","mainEntityOfPage":{"@id":"https:\/\/now-news.de\/de\/deutschland\/klimakleber-in-berlin-blockaden-an-23-orten-am-montagmorgen\/"},"wordCount":313,"commentCount":0,"publisher":{"@id":"https:\/\/now-news.de\/de\/#organization"},"image":{"@id":"https:\/\/now-news.de\/de\/deutschland\/klimakleber-in-berlin-blockaden-an-23-orten-am-montagmorgen\/#primaryimage"},"thumbnailUrl":"https:\/\/now-news.de\/de\/wp-content\/uploads\/sites\/3\/2023\/09\/Klimakleber-in-Berlin-Blockaden-an-23-Orten-am-Montagmorgen.jpg","keywords":["Berlin","Blockaden","KlimaKleber","Montagmorgen","Orten"],"articleSection":["Deutschland","Russland"],"inLanguage":"de","potentialAction":[{"@type":"CommentAction","name":"Comment","target":["https:\/\/now-news.de\/de\/deutschland\/klimakleber-in-berlin-blockaden-an-23-orten-am-montagmorgen\/#respond"]}]},{"@type":"WebPage","@id":"https:\/\/now-news.de\/de\/deutschland\/klimakleber-in-berlin-blockaden-an-23-orten-am-montagmorgen\/","url":"https:\/\/now-news.de\/de\/deutschland\/klimakleber-in-berlin-blockaden-an-23-orten-am-montagmorgen\/","name":"Klimakleber in Berlin: Blockaden an 23 Orten am Montagmorgen - just-now.NEWS Deutschland","isPartOf":{"@id":"https:\/\/now-news.de\/de\/#website"},"primaryImageOfPage":{"@id":"https:\/\/now-news.de\/de\/deutschland\/klimakleber-in-berlin-blockaden-an-23-orten-am-montagmorgen\/#primaryimage"},"image":{"@id":"https:\/\/now-news.de\/de\/deutschland\/klimakleber-in-berlin-blockaden-an-23-orten-am-montagmorgen\/#primaryimage"},"thumbnailUrl":"https:\/\/now-news.de\/de\/wp-content\/uploads\/sites\/3\/2023\/09\/Klimakleber-in-Berlin-Blockaden-an-23-Orten-am-Montagmorgen.jpg","datePublished":"2023-09-18T08:11:17+00:00","dateModified":"2023-09-18T08:11:17+00:00","breadcrumb":{"@id":"https:\/\/now-news.de\/de\/deutschland\/klimakleber-in-berlin-blockaden-an-23-orten-am-montagmorgen\/#breadcrumb"},"inLanguage":"de","potentialAction":[{"@type":"ReadAction","target":["https:\/\/now-news.de\/de\/deutschland\/klimakleber-in-berlin-blockaden-an-23-orten-am-montagmorgen\/"]}]},{"@type":"ImageObject","inLanguage":"de","@id":"https:\/\/now-news.de\/de\/deutschland\/klimakleber-in-berlin-blockaden-an-23-orten-am-montagmorgen\/#primaryimage","url":"https:\/\/now-news.de\/de\/wp-content\/uploads\/sites\/3\/2023\/09\/Klimakleber-in-Berlin-Blockaden-an-23-Orten-am-Montagmorgen.jpg","contentUrl":"https:\/\/now-news.de\/de\/wp-content\/uploads\/sites\/3\/2023\/09\/Klimakleber-in-Berlin-Blockaden-an-23-Orten-am-Montagmorgen.jpg","width":460,"height":259,"caption":"Klimakleber in Berlin: Blockaden an 23 Orten am Montagmorgen"},{"@type":"BreadcrumbList","@id":"https:\/\/now-news.de\/de\/deutschland\/klimakleber-in-berlin-blockaden-an-23-orten-am-montagmorgen\/#breadcrumb","itemListElement":[{"@type":"ListItem","position":1,"name":"Home","item":"https:\/\/now-news.de\/de\/"},{"@type":"ListItem","position":2,"name":"Klimakleber in Berlin: Blockaden an 23 Orten am Montagmorgen"}]},{"@type":"WebSite","@id":"https:\/\/now-news.de\/de\/#website","url":"https:\/\/now-news.de\/de\/","name":"just-now.NEWS Deutschland","description":"Das Portal f\u00fcr unzensierte Nachrichten aus der Welt","publisher":{"@id":"https:\/\/now-news.de\/de\/#organization"},"potentialAction":[{"@type":"SearchAction","target":{"@type":"EntryPoint","urlTemplate":"https:\/\/now-news.de\/de\/?s={search_term_string}"},"query-input":"required name=search_term_string"}],"inLanguage":"de"},{"@type":"Organization","@id":"https:\/\/now-news.de\/de\/#organization","name":"Just Now News","url":"https:\/\/now-news.de\/de\/","logo":{"@type":"ImageObject","inLanguage":"de","@id":"https:\/\/now-news.de\/de\/#\/schema\/logo\/image\/","url":"http:\/\/just-now.news\/de\/wp-content\/uploads\/sites\/3\/2022\/04\/logo500x500.jpg","contentUrl":"http:\/\/just-now.news\/de\/wp-content\/uploads\/sites\/3\/2022\/04\/logo500x500.jpg","width":500,"height":500,"caption":"Just Now News"},"image":{"@id":"https:\/\/now-news.de\/de\/#\/schema\/logo\/image\/"},"sameAs":["https:\/\/www.facebook.com\/wirmachenauf","https:\/\/x.com\/WirMachenAuf_de"]},{"@type":"Person","@id":"https:\/\/now-news.de\/de\/#\/schema\/person\/fb534a4e865501d8b3285208df34a9b5","name":"rtnews","image":{"@type":"ImageObject","inLanguage":"de","@id":"https:\/\/now-news.de\/de\/#\/schema\/person\/image\/","url":"https:\/\/secure.gravatar.com\/avatar\/82aafea7d8127119dd649515f56e2117?s=96&d=mm&r=g","contentUrl":"https:\/\/secure.gravatar.com\/avatar\/82aafea7d8127119dd649515f56e2117?s=96&d=mm&r=g","caption":"rtnews"},"url":"https:\/\/now-news.de\/de\/author\/rnews\/"}]}},"_links":{"self":[{"href":"https:\/\/now-news.de\/de\/wp-json\/wp\/v2\/posts\/46555"}],"collection":[{"href":"https:\/\/now-news.de\/de\/wp-json\/wp\/v2\/posts"}],"about":[{"href":"https:\/\/now-news.de\/de\/wp-json\/wp\/v2\/types\/post"}],"author":[{"embeddable":true,"href":"https:\/\/now-news.de\/de\/wp-json\/wp\/v2\/users\/3"}],"replies":[{"embeddable":true,"href":"https:\/\/now-news.de\/de\/wp-json\/wp\/v2\/comments?post=46555"}],"version-history":[{"count":0,"href":"https:\/\/now-news.de\/de\/wp-json\/wp\/v2\/posts\/46555\/revisions"}],"wp:featuredmedia":[{"embeddable":true,"href":"https:\/\/now-news.de\/de\/wp-json\/wp\/v2\/media\/46556"}],"wp:attachment":[{"href":"https:\/\/now-news.de\/de\/wp-json\/wp\/v2\/media?parent=46555"}],"wp:term":[{"taxonomy":"category","embeddable":true,"href":"https:\/\/now-news.de\/de\/wp-json\/wp\/v2\/categories?post=46555"},{"taxonomy":"post_tag","embeddable":true,"href":"https:\/\/now-news.de\/de\/wp-json\/wp\/v2\/tags?post=46555"}],"curies":[{"name":"wp","href":"https:\/\/api.w.org\/{rel}","templated":true}]}}