{"id":46505,"date":"2023-09-17T10:57:33","date_gmt":"2023-09-17T08:57:33","guid":{"rendered":"https:\/\/just-now.news\/de\/deutschland\/sieben-zivilisten-bei-beschuss-der-stadt-swetlodarsk-nahe-donezk-getoetet\/"},"modified":"2023-09-17T10:57:33","modified_gmt":"2023-09-17T08:57:33","slug":"sieben-zivilisten-bei-beschuss-der-stadt-swetlodarsk-nahe-donezk-getoetet","status":"publish","type":"post","link":"https:\/\/now-news.de\/de\/deutschland\/sieben-zivilisten-bei-beschuss-der-stadt-swetlodarsk-nahe-donezk-getoetet\/","title":{"rendered":"Sieben Zivilisten bei Beschuss der Stadt Swetlodarsk nahe Donezk get\u00f6tet"},"content":{"rendered":"<p><img decoding=\"async\" src=\"http:\/\/just-now.news\/de\/wp-content\/uploads\/sites\/3\/2023\/09\/6506bcddb480cc3995226cba.jpg\" \/><\/p>\n<div class=\"Text-root Text-type_1 \">\n                Ukrainische Truppen haben am Sonnabend die Stadt Swetlodarsk in der Donezker Volksrepublik mit HIMARS-Raketen beschossen. Eine Rakete traf eine Autowerkstatt in der N\u00e4he des st\u00e4dtischen Marktes und t\u00f6tete sieben Zivilisten.\n            <\/div>\n<p><\/p>\n<div class=\"Text-root Text-type_5 ArticleView-text ViewText-root \">\n<p>Beim Beschuss von Swetlodarsk in der Volksrepublik Donezk durch ukrainische Truppen sind am Samstagabend sieben Menschen get\u00f6tet worden, teilte der B\u00fcrgermeister der Stadt Maxim Koslowski mit.<\/p>\n<p>Die ukrainischen Truppen haben den \u00f6rtlichen Markt mit zwei HIMARS-Raketen angegriffen. Eine der Raketen explodierte in einer unmittelbar neben dem Markt liegenden Autowerkstatt, wo sie die dort t\u00e4tigen Mitarbeiter und anwesende Kunden t\u00f6tete. Journalisten vor Ort ver\u00f6ffentlichten auf Telegram Fotos von den Sch\u00e4den nach dem Raketentreffer.\u00a0\u00a0<\/p>\n<p>Zun\u00e4chst war nur von drei Toten die Rede, sp\u00e4ter wurde die Zahl der Opfer auf sieben Get\u00f6tete korrigiert, allesamt Zivilisten. Der amtierende Verwaltungschef der Volksrepublik Donezk Puschilin hatte bis zum sp\u00e4ten Abend f\u00fcnf Todesopfer best\u00e4tigt.<\/p>\n<p>Swetlodarsk liegt nord\u00f6stlich von Gorlowka am Ufer des Uglegorski-Stausees.<\/p>\n<p><strong>Mehr zum Thema<\/strong> &#8211; <a rel=\"nofollow noopener\" target=\"_blank\" href=\"https:\/\/freedert.online\/international\/180629-wozu-ermittlung-kiew-will-keine\/\">&#8220;Wozu Ermittlung?&#8221; \u2013 Kiew will keine Untersuchung zum Raketenschlag auf den Markt in Konstantinowka<\/a><\/p>\n<\/p>\n<\/div>\n<p><br \/>\n<br \/><a href=\"https:\/\/de.rt.com\/russland\/181008-sieben-zivilisten-bei-beschuss-stadt-swetlodarsk-getoetet\/\">Source link <\/a><\/p>\n","protected":false},"excerpt":{"rendered":"<p>Ukrainische Truppen haben am Sonnabend die Stadt Swetlodarsk in der Donezker Volksrepublik mit HIMARS-Raketen beschossen. Eine Rakete traf eine Autowerkstatt in der N\u00e4he des st\u00e4dtischen Marktes und t\u00f6tete sieben Zivilisten. Beim Beschuss von Swetlodarsk in der Volksrepublik Donezk durch ukrainische Truppen sind am Samstagabend sieben Menschen get\u00f6tet worden, teilte der B\u00fcrgermeister der Stadt Maxim Koslowski [&hellip;]<\/p>\n","protected":false},"author":3,"featured_media":46506,"comment_status":"open","ping_status":"open","sticky":false,"template":"","format":"standard","meta":{"_yoast_indexnow_last_ping":["1694941621"],"wp_automatic_camp":["217"],"c0264771fe7025d231662ee564902767":["Sieben Zivilisten bei Beschuss der Stadt Swetlodarsk nahe Donezk get\u00f6tet"],"original_link":["https:\/\/de.rt.com\/russland\/181008-sieben-zivilisten-bei-beschuss-stadt-swetlodarsk-getoetet\/"],"_thumbnail_id":["46506"],"_wptgpro_p2tg_sent2tg":["a:1:{i:23737;s:19:\"2023-09-17 11:08:18\";}"],"jnews_social_counter_last_update":["1777177149"]},"categories":[19,23],"tags":[363,1815,82,19050,367,1817,1812,9819,48945,7539],"yoast_head":"<!-- This site is optimized with the Yoast SEO Premium plugin v22.7 (Yoast SEO v22.7) - https:\/\/yoast.com\/wordpress\/plugins\/seo\/ -->\n<title>Sieben Zivilisten bei Beschuss der Stadt Swetlodarsk nahe Donezk get\u00f6tet - just-now.NEWS Deutschland<\/title>\n<meta name=\"robots\" content=\"index, follow, max-snippet:-1, max-image-preview:large, max-video-preview:-1\" \/>\n<link rel=\"canonical\" href=\"https:\/\/now-news.de\/de\/deutschland\/sieben-zivilisten-bei-beschuss-der-stadt-swetlodarsk-nahe-donezk-getoetet\/\" \/>\n<meta property=\"og:locale\" content=\"de_DE\" \/>\n<meta property=\"og:type\" content=\"article\" \/>\n<meta property=\"og:title\" content=\"Sieben Zivilisten bei Beschuss der Stadt Swetlodarsk nahe Donezk get\u00f6tet\" \/>\n<meta property=\"og:description\" content=\"Ukrainische Truppen haben am Sonnabend die Stadt Swetlodarsk in der Donezker Volksrepublik mit HIMARS-Raketen beschossen. Eine Rakete traf eine Autowerkstatt in der N\u00e4he des st\u00e4dtischen Marktes und t\u00f6tete sieben Zivilisten. Beim Beschuss von Swetlodarsk in der Volksrepublik Donezk durch ukrainische Truppen sind am Samstagabend sieben Menschen get\u00f6tet worden, teilte der B\u00fcrgermeister der Stadt Maxim Koslowski [&hellip;]\" \/>\n<meta property=\"og:url\" content=\"https:\/\/now-news.de\/de\/deutschland\/sieben-zivilisten-bei-beschuss-der-stadt-swetlodarsk-nahe-donezk-getoetet\/\" \/>\n<meta property=\"og:site_name\" content=\"just-now.NEWS Deutschland\" \/>\n<meta property=\"article:publisher\" content=\"https:\/\/www.facebook.com\/wirmachenauf\" \/>\n<meta property=\"article:published_time\" content=\"2023-09-17T08:57:33+00:00\" \/>\n<meta property=\"og:image\" content=\"https:\/\/now-news.de\/de\/wp-content\/uploads\/sites\/3\/2023\/09\/Sieben-Zivilisten-bei-Beschuss-der-Stadt-Swetlodarsk-nahe-Donezk-getoetet.jpg\" \/>\n\t<meta property=\"og:image:width\" content=\"460\" \/>\n\t<meta property=\"og:image:height\" content=\"259\" \/>\n\t<meta property=\"og:image:type\" content=\"image\/jpeg\" \/>\n<meta name=\"author\" content=\"rtnews\" \/>\n<meta name=\"twitter:card\" content=\"summary_large_image\" \/>\n<meta name=\"twitter:creator\" content=\"@WirMachenAuf_de\" \/>\n<meta name=\"twitter:site\" content=\"@WirMachenAuf_de\" \/>\n<meta name=\"twitter:label1\" content=\"Verfasst von\" \/>\n\t<meta name=\"twitter:data1\" content=\"rtnews\" \/>\n\t<meta name=\"twitter:label2\" content=\"Gesch\u00e4tzte Lesezeit\" \/>\n\t<meta name=\"twitter:data2\" content=\"1\u00a0Minute\" \/>\n<script type=\"application\/ld+json\" class=\"yoast-schema-graph\">{\"@context\":\"https:\/\/schema.org\",\"@graph\":[{\"@type\":\"Article\",\"@id\":\"https:\/\/now-news.de\/de\/deutschland\/sieben-zivilisten-bei-beschuss-der-stadt-swetlodarsk-nahe-donezk-getoetet\/#article\",\"isPartOf\":{\"@id\":\"https:\/\/now-news.de\/de\/deutschland\/sieben-zivilisten-bei-beschuss-der-stadt-swetlodarsk-nahe-donezk-getoetet\/\"},\"author\":{\"name\":\"rtnews\",\"@id\":\"https:\/\/now-news.de\/de\/#\/schema\/person\/fb534a4e865501d8b3285208df34a9b5\"},\"headline\":\"Sieben Zivilisten bei Beschuss der Stadt Swetlodarsk nahe Donezk get\u00f6tet\",\"datePublished\":\"2023-09-17T08:57:33+00:00\",\"dateModified\":\"2023-09-17T08:57:33+00:00\",\"mainEntityOfPage\":{\"@id\":\"https:\/\/now-news.de\/de\/deutschland\/sieben-zivilisten-bei-beschuss-der-stadt-swetlodarsk-nahe-donezk-getoetet\/\"},\"wordCount\":193,\"commentCount\":0,\"publisher\":{\"@id\":\"https:\/\/now-news.de\/de\/#organization\"},\"image\":{\"@id\":\"https:\/\/now-news.de\/de\/deutschland\/sieben-zivilisten-bei-beschuss-der-stadt-swetlodarsk-nahe-donezk-getoetet\/#primaryimage\"},\"thumbnailUrl\":\"https:\/\/now-news.de\/de\/wp-content\/uploads\/sites\/3\/2023\/09\/Sieben-Zivilisten-bei-Beschuss-der-Stadt-Swetlodarsk-nahe-Donezk-getoetet.jpg\",\"keywords\":[\"bei\",\"Beschuss\",\"der\",\"Donezk\",\"get\u00f6tet\",\"nahe\",\"Sieben\",\"Stadt\",\"Swetlodarsk\",\"Zivilisten\"],\"articleSection\":[\"Deutschland\",\"Russland\"],\"inLanguage\":\"de\",\"potentialAction\":[{\"@type\":\"CommentAction\",\"name\":\"Comment\",\"target\":[\"https:\/\/now-news.de\/de\/deutschland\/sieben-zivilisten-bei-beschuss-der-stadt-swetlodarsk-nahe-donezk-getoetet\/#respond\"]}]},{\"@type\":\"WebPage\",\"@id\":\"https:\/\/now-news.de\/de\/deutschland\/sieben-zivilisten-bei-beschuss-der-stadt-swetlodarsk-nahe-donezk-getoetet\/\",\"url\":\"https:\/\/now-news.de\/de\/deutschland\/sieben-zivilisten-bei-beschuss-der-stadt-swetlodarsk-nahe-donezk-getoetet\/\",\"name\":\"Sieben Zivilisten bei Beschuss der Stadt Swetlodarsk nahe Donezk get\u00f6tet - just-now.NEWS Deutschland\",\"isPartOf\":{\"@id\":\"https:\/\/now-news.de\/de\/#website\"},\"primaryImageOfPage\":{\"@id\":\"https:\/\/now-news.de\/de\/deutschland\/sieben-zivilisten-bei-beschuss-der-stadt-swetlodarsk-nahe-donezk-getoetet\/#primaryimage\"},\"image\":{\"@id\":\"https:\/\/now-news.de\/de\/deutschland\/sieben-zivilisten-bei-beschuss-der-stadt-swetlodarsk-nahe-donezk-getoetet\/#primaryimage\"},\"thumbnailUrl\":\"https:\/\/now-news.de\/de\/wp-content\/uploads\/sites\/3\/2023\/09\/Sieben-Zivilisten-bei-Beschuss-der-Stadt-Swetlodarsk-nahe-Donezk-getoetet.jpg\",\"datePublished\":\"2023-09-17T08:57:33+00:00\",\"dateModified\":\"2023-09-17T08:57:33+00:00\",\"breadcrumb\":{\"@id\":\"https:\/\/now-news.de\/de\/deutschland\/sieben-zivilisten-bei-beschuss-der-stadt-swetlodarsk-nahe-donezk-getoetet\/#breadcrumb\"},\"inLanguage\":\"de\",\"potentialAction\":[{\"@type\":\"ReadAction\",\"target\":[\"https:\/\/now-news.de\/de\/deutschland\/sieben-zivilisten-bei-beschuss-der-stadt-swetlodarsk-nahe-donezk-getoetet\/\"]}]},{\"@type\":\"ImageObject\",\"inLanguage\":\"de\",\"@id\":\"https:\/\/now-news.de\/de\/deutschland\/sieben-zivilisten-bei-beschuss-der-stadt-swetlodarsk-nahe-donezk-getoetet\/#primaryimage\",\"url\":\"https:\/\/now-news.de\/de\/wp-content\/uploads\/sites\/3\/2023\/09\/Sieben-Zivilisten-bei-Beschuss-der-Stadt-Swetlodarsk-nahe-Donezk-getoetet.jpg\",\"contentUrl\":\"https:\/\/now-news.de\/de\/wp-content\/uploads\/sites\/3\/2023\/09\/Sieben-Zivilisten-bei-Beschuss-der-Stadt-Swetlodarsk-nahe-Donezk-getoetet.jpg\",\"width\":460,\"height\":259,\"caption\":\"Sieben Zivilisten bei Beschuss der Stadt Swetlodarsk nahe Donezk get\u00f6tet\"},{\"@type\":\"BreadcrumbList\",\"@id\":\"https:\/\/now-news.de\/de\/deutschland\/sieben-zivilisten-bei-beschuss-der-stadt-swetlodarsk-nahe-donezk-getoetet\/#breadcrumb\",\"itemListElement\":[{\"@type\":\"ListItem\",\"position\":1,\"name\":\"Home\",\"item\":\"https:\/\/now-news.de\/de\/\"},{\"@type\":\"ListItem\",\"position\":2,\"name\":\"Sieben Zivilisten bei Beschuss der Stadt Swetlodarsk nahe Donezk get\u00f6tet\"}]},{\"@type\":\"WebSite\",\"@id\":\"https:\/\/now-news.de\/de\/#website\",\"url\":\"https:\/\/now-news.de\/de\/\",\"name\":\"just-now.NEWS Deutschland\",\"description\":\"Das Portal f\u00fcr unzensierte Nachrichten aus der Welt\",\"publisher\":{\"@id\":\"https:\/\/now-news.de\/de\/#organization\"},\"potentialAction\":[{\"@type\":\"SearchAction\",\"target\":{\"@type\":\"EntryPoint\",\"urlTemplate\":\"https:\/\/now-news.de\/de\/?s={search_term_string}\"},\"query-input\":\"required name=search_term_string\"}],\"inLanguage\":\"de\"},{\"@type\":\"Organization\",\"@id\":\"https:\/\/now-news.de\/de\/#organization\",\"name\":\"Just Now News\",\"url\":\"https:\/\/now-news.de\/de\/\",\"logo\":{\"@type\":\"ImageObject\",\"inLanguage\":\"de\",\"@id\":\"https:\/\/now-news.de\/de\/#\/schema\/logo\/image\/\",\"url\":\"http:\/\/just-now.news\/de\/wp-content\/uploads\/sites\/3\/2022\/04\/logo500x500.jpg\",\"contentUrl\":\"http:\/\/just-now.news\/de\/wp-content\/uploads\/sites\/3\/2022\/04\/logo500x500.jpg\",\"width\":500,\"height\":500,\"caption\":\"Just Now News\"},\"image\":{\"@id\":\"https:\/\/now-news.de\/de\/#\/schema\/logo\/image\/\"},\"sameAs\":[\"https:\/\/www.facebook.com\/wirmachenauf\",\"https:\/\/x.com\/WirMachenAuf_de\"]},{\"@type\":\"Person\",\"@id\":\"https:\/\/now-news.de\/de\/#\/schema\/person\/fb534a4e865501d8b3285208df34a9b5\",\"name\":\"rtnews\",\"image\":{\"@type\":\"ImageObject\",\"inLanguage\":\"de\",\"@id\":\"https:\/\/now-news.de\/de\/#\/schema\/person\/image\/\",\"url\":\"https:\/\/secure.gravatar.com\/avatar\/82aafea7d8127119dd649515f56e2117?s=96&d=mm&r=g\",\"contentUrl\":\"https:\/\/secure.gravatar.com\/avatar\/82aafea7d8127119dd649515f56e2117?s=96&d=mm&r=g\",\"caption\":\"rtnews\"},\"url\":\"https:\/\/now-news.de\/de\/author\/rnews\/\"}]}<\/script>\n<!-- \/ Yoast SEO Premium plugin. -->","yoast_head_json":{"title":"Sieben Zivilisten bei Beschuss der Stadt Swetlodarsk nahe Donezk get\u00f6tet - just-now.NEWS Deutschland","robots":{"index":"index","follow":"follow","max-snippet":"max-snippet:-1","max-image-preview":"max-image-preview:large","max-video-preview":"max-video-preview:-1"},"canonical":"https:\/\/now-news.de\/de\/deutschland\/sieben-zivilisten-bei-beschuss-der-stadt-swetlodarsk-nahe-donezk-getoetet\/","og_locale":"de_DE","og_type":"article","og_title":"Sieben Zivilisten bei Beschuss der Stadt Swetlodarsk nahe Donezk get\u00f6tet","og_description":"Ukrainische Truppen haben am Sonnabend die Stadt Swetlodarsk in der Donezker Volksrepublik mit HIMARS-Raketen beschossen. Eine Rakete traf eine Autowerkstatt in der N\u00e4he des st\u00e4dtischen Marktes und t\u00f6tete sieben Zivilisten. Beim Beschuss von Swetlodarsk in der Volksrepublik Donezk durch ukrainische Truppen sind am Samstagabend sieben Menschen get\u00f6tet worden, teilte der B\u00fcrgermeister der Stadt Maxim Koslowski [&hellip;]","og_url":"https:\/\/now-news.de\/de\/deutschland\/sieben-zivilisten-bei-beschuss-der-stadt-swetlodarsk-nahe-donezk-getoetet\/","og_site_name":"just-now.NEWS Deutschland","article_publisher":"https:\/\/www.facebook.com\/wirmachenauf","article_published_time":"2023-09-17T08:57:33+00:00","og_image":[{"width":460,"height":259,"url":"https:\/\/now-news.de\/de\/wp-content\/uploads\/sites\/3\/2023\/09\/Sieben-Zivilisten-bei-Beschuss-der-Stadt-Swetlodarsk-nahe-Donezk-getoetet.jpg","type":"image\/jpeg"}],"author":"rtnews","twitter_card":"summary_large_image","twitter_creator":"@WirMachenAuf_de","twitter_site":"@WirMachenAuf_de","twitter_misc":{"Verfasst von":"rtnews","Gesch\u00e4tzte Lesezeit":"1\u00a0Minute"},"schema":{"@context":"https:\/\/schema.org","@graph":[{"@type":"Article","@id":"https:\/\/now-news.de\/de\/deutschland\/sieben-zivilisten-bei-beschuss-der-stadt-swetlodarsk-nahe-donezk-getoetet\/#article","isPartOf":{"@id":"https:\/\/now-news.de\/de\/deutschland\/sieben-zivilisten-bei-beschuss-der-stadt-swetlodarsk-nahe-donezk-getoetet\/"},"author":{"name":"rtnews","@id":"https:\/\/now-news.de\/de\/#\/schema\/person\/fb534a4e865501d8b3285208df34a9b5"},"headline":"Sieben Zivilisten bei Beschuss der Stadt Swetlodarsk nahe Donezk get\u00f6tet","datePublished":"2023-09-17T08:57:33+00:00","dateModified":"2023-09-17T08:57:33+00:00","mainEntityOfPage":{"@id":"https:\/\/now-news.de\/de\/deutschland\/sieben-zivilisten-bei-beschuss-der-stadt-swetlodarsk-nahe-donezk-getoetet\/"},"wordCount":193,"commentCount":0,"publisher":{"@id":"https:\/\/now-news.de\/de\/#organization"},"image":{"@id":"https:\/\/now-news.de\/de\/deutschland\/sieben-zivilisten-bei-beschuss-der-stadt-swetlodarsk-nahe-donezk-getoetet\/#primaryimage"},"thumbnailUrl":"https:\/\/now-news.de\/de\/wp-content\/uploads\/sites\/3\/2023\/09\/Sieben-Zivilisten-bei-Beschuss-der-Stadt-Swetlodarsk-nahe-Donezk-getoetet.jpg","keywords":["bei","Beschuss","der","Donezk","get\u00f6tet","nahe","Sieben","Stadt","Swetlodarsk","Zivilisten"],"articleSection":["Deutschland","Russland"],"inLanguage":"de","potentialAction":[{"@type":"CommentAction","name":"Comment","target":["https:\/\/now-news.de\/de\/deutschland\/sieben-zivilisten-bei-beschuss-der-stadt-swetlodarsk-nahe-donezk-getoetet\/#respond"]}]},{"@type":"WebPage","@id":"https:\/\/now-news.de\/de\/deutschland\/sieben-zivilisten-bei-beschuss-der-stadt-swetlodarsk-nahe-donezk-getoetet\/","url":"https:\/\/now-news.de\/de\/deutschland\/sieben-zivilisten-bei-beschuss-der-stadt-swetlodarsk-nahe-donezk-getoetet\/","name":"Sieben Zivilisten bei Beschuss der Stadt Swetlodarsk nahe Donezk get\u00f6tet - just-now.NEWS Deutschland","isPartOf":{"@id":"https:\/\/now-news.de\/de\/#website"},"primaryImageOfPage":{"@id":"https:\/\/now-news.de\/de\/deutschland\/sieben-zivilisten-bei-beschuss-der-stadt-swetlodarsk-nahe-donezk-getoetet\/#primaryimage"},"image":{"@id":"https:\/\/now-news.de\/de\/deutschland\/sieben-zivilisten-bei-beschuss-der-stadt-swetlodarsk-nahe-donezk-getoetet\/#primaryimage"},"thumbnailUrl":"https:\/\/now-news.de\/de\/wp-content\/uploads\/sites\/3\/2023\/09\/Sieben-Zivilisten-bei-Beschuss-der-Stadt-Swetlodarsk-nahe-Donezk-getoetet.jpg","datePublished":"2023-09-17T08:57:33+00:00","dateModified":"2023-09-17T08:57:33+00:00","breadcrumb":{"@id":"https:\/\/now-news.de\/de\/deutschland\/sieben-zivilisten-bei-beschuss-der-stadt-swetlodarsk-nahe-donezk-getoetet\/#breadcrumb"},"inLanguage":"de","potentialAction":[{"@type":"ReadAction","target":["https:\/\/now-news.de\/de\/deutschland\/sieben-zivilisten-bei-beschuss-der-stadt-swetlodarsk-nahe-donezk-getoetet\/"]}]},{"@type":"ImageObject","inLanguage":"de","@id":"https:\/\/now-news.de\/de\/deutschland\/sieben-zivilisten-bei-beschuss-der-stadt-swetlodarsk-nahe-donezk-getoetet\/#primaryimage","url":"https:\/\/now-news.de\/de\/wp-content\/uploads\/sites\/3\/2023\/09\/Sieben-Zivilisten-bei-Beschuss-der-Stadt-Swetlodarsk-nahe-Donezk-getoetet.jpg","contentUrl":"https:\/\/now-news.de\/de\/wp-content\/uploads\/sites\/3\/2023\/09\/Sieben-Zivilisten-bei-Beschuss-der-Stadt-Swetlodarsk-nahe-Donezk-getoetet.jpg","width":460,"height":259,"caption":"Sieben Zivilisten bei Beschuss der Stadt Swetlodarsk nahe Donezk get\u00f6tet"},{"@type":"BreadcrumbList","@id":"https:\/\/now-news.de\/de\/deutschland\/sieben-zivilisten-bei-beschuss-der-stadt-swetlodarsk-nahe-donezk-getoetet\/#breadcrumb","itemListElement":[{"@type":"ListItem","position":1,"name":"Home","item":"https:\/\/now-news.de\/de\/"},{"@type":"ListItem","position":2,"name":"Sieben Zivilisten bei Beschuss der Stadt Swetlodarsk nahe Donezk get\u00f6tet"}]},{"@type":"WebSite","@id":"https:\/\/now-news.de\/de\/#website","url":"https:\/\/now-news.de\/de\/","name":"just-now.NEWS Deutschland","description":"Das Portal f\u00fcr unzensierte Nachrichten aus der Welt","publisher":{"@id":"https:\/\/now-news.de\/de\/#organization"},"potentialAction":[{"@type":"SearchAction","target":{"@type":"EntryPoint","urlTemplate":"https:\/\/now-news.de\/de\/?s={search_term_string}"},"query-input":"required name=search_term_string"}],"inLanguage":"de"},{"@type":"Organization","@id":"https:\/\/now-news.de\/de\/#organization","name":"Just Now News","url":"https:\/\/now-news.de\/de\/","logo":{"@type":"ImageObject","inLanguage":"de","@id":"https:\/\/now-news.de\/de\/#\/schema\/logo\/image\/","url":"http:\/\/just-now.news\/de\/wp-content\/uploads\/sites\/3\/2022\/04\/logo500x500.jpg","contentUrl":"http:\/\/just-now.news\/de\/wp-content\/uploads\/sites\/3\/2022\/04\/logo500x500.jpg","width":500,"height":500,"caption":"Just Now News"},"image":{"@id":"https:\/\/now-news.de\/de\/#\/schema\/logo\/image\/"},"sameAs":["https:\/\/www.facebook.com\/wirmachenauf","https:\/\/x.com\/WirMachenAuf_de"]},{"@type":"Person","@id":"https:\/\/now-news.de\/de\/#\/schema\/person\/fb534a4e865501d8b3285208df34a9b5","name":"rtnews","image":{"@type":"ImageObject","inLanguage":"de","@id":"https:\/\/now-news.de\/de\/#\/schema\/person\/image\/","url":"https:\/\/secure.gravatar.com\/avatar\/82aafea7d8127119dd649515f56e2117?s=96&d=mm&r=g","contentUrl":"https:\/\/secure.gravatar.com\/avatar\/82aafea7d8127119dd649515f56e2117?s=96&d=mm&r=g","caption":"rtnews"},"url":"https:\/\/now-news.de\/de\/author\/rnews\/"}]}},"_links":{"self":[{"href":"https:\/\/now-news.de\/de\/wp-json\/wp\/v2\/posts\/46505"}],"collection":[{"href":"https:\/\/now-news.de\/de\/wp-json\/wp\/v2\/posts"}],"about":[{"href":"https:\/\/now-news.de\/de\/wp-json\/wp\/v2\/types\/post"}],"author":[{"embeddable":true,"href":"https:\/\/now-news.de\/de\/wp-json\/wp\/v2\/users\/3"}],"replies":[{"embeddable":true,"href":"https:\/\/now-news.de\/de\/wp-json\/wp\/v2\/comments?post=46505"}],"version-history":[{"count":0,"href":"https:\/\/now-news.de\/de\/wp-json\/wp\/v2\/posts\/46505\/revisions"}],"wp:featuredmedia":[{"embeddable":true,"href":"https:\/\/now-news.de\/de\/wp-json\/wp\/v2\/media\/46506"}],"wp:attachment":[{"href":"https:\/\/now-news.de\/de\/wp-json\/wp\/v2\/media?parent=46505"}],"wp:term":[{"taxonomy":"category","embeddable":true,"href":"https:\/\/now-news.de\/de\/wp-json\/wp\/v2\/categories?post=46505"},{"taxonomy":"post_tag","embeddable":true,"href":"https:\/\/now-news.de\/de\/wp-json\/wp\/v2\/tags?post=46505"}],"curies":[{"name":"wp","href":"https:\/\/api.w.org\/{rel}","templated":true}]}}