{"id":46503,"date":"2023-09-17T10:39:55","date_gmt":"2023-09-17T08:39:55","guid":{"rendered":"https:\/\/just-now.news\/de\/deutschland\/mali-niger-und-burkina-faso-gruenden-sicherheitsallianz-in-der-sahelzone\/"},"modified":"2023-09-17T10:39:55","modified_gmt":"2023-09-17T08:39:55","slug":"mali-niger-und-burkina-faso-gruenden-sicherheitsallianz-in-der-sahelzone","status":"publish","type":"post","link":"https:\/\/now-news.de\/de\/deutschland\/mali-niger-und-burkina-faso-gruenden-sicherheitsallianz-in-der-sahelzone\/","title":{"rendered":"Mali, Niger und Burkina Faso gr\u00fcnden Sicherheitsallianz in der Sahelzone"},"content":{"rendered":"<p><img decoding=\"async\" src=\"http:\/\/just-now.news\/de\/wp-content\/uploads\/sites\/3\/2023\/09\/6506a68148fbef4a1d1af726.jpg\" \/><\/p>\n<div class=\"Text-root Text-type_1 \">\n                Die westafrikanischen Staaten Mali, Burkina Faso und Niger haben einen Verteidigungspakt unterzeichnet. Die drei Sahell\u00e4nder wollen sich gegenseitig gegen m\u00f6gliche Bedrohungen durch bewaffnete Rebellionen oder Angriffe von au\u00dfen unterst\u00fctzen. Die prowestliche Wirtschaftsgemeinschaft ECOWAS hat in letzter Zeit mehrfach mit einer Invasion in Niger gedroht.\n            <\/div>\n<p><\/p>\n<div class=\"Text-root Text-type_5 ArticleView-text ViewText-root \">\n<p>Mali, Burkina Faso und Niger unterzeichneten einen Verteidigungspakt. Die drei Sahell\u00e4nder wollen sich gegenseitig gegen m\u00f6gliche Bedrohungen durch bewaffnete Rebellionen oder Angriffe von au\u00dfen unterst\u00fctzen. Die am Samstag unterzeichnete Charta, die auch als Allianz der Sahel-Staaten bekannt ist, verpflichtet die Unterzeichnerstaaten, sich im Falle eines Angriffs auf eines der L\u00e4nder gegenseitig zu unterst\u00fctzen \u2013 auch milit\u00e4risch.<\/p>\n<p>&#8220;Jeder Angriff auf die Souver\u00e4nit\u00e4t und territoriale Integrit\u00e4t einer oder mehrerer Vertragsparteien wird als Aggression gegen die anderen Vertragsparteien betrachtet&#8221;, hei\u00dft es in der Charta. Au\u00dferdem verpflichten sich die drei L\u00e4nder, bei Bedarf auf die Verhinderung oder Beilegung bewaffneter Rebellionen hinzuwirken.<\/p>\n<p>&#8220;Ich habe heute mit den Staatschefs von Burkina Faso und Niger die &#8220;Liptako-Gourma-Charta&#8221; zur Gr\u00fcndung der Allianz der Sahel-Staaten unterzeichnet, um einen Rahmen f\u00fcr kollektive Verteidigung und gegenseitigen Beistand zu schaffen&#8221;, erkl\u00e4rte Malis Staatspr\u00e4sident und Milit\u00e4rchef Assimi Go\u00efta auf X (ehemals Twitter).<\/p>\n<div class=\"EmbedBlock-root EmbedBlock-twitter\">\n<div class=\"TwitterEmbed\">\n<blockquote class=\"twitter-tweet lazyload\" data-twitter=\"twitter-tweet\">\n<p lang=\"fr\" dir=\"ltr\">J\u2019ai sign\u00e9 ce jour avec les Chefs d\u2019Etat du Burkina Faso et du Niger la Charte du Liptako-Gourma instituant l\u2019Alliance des \u00c9tats du Sahel (AES) ayant pour objectif d\u2019\u00e9tablir une architecture de d\u00e9fense collective et d\u2019assistance mutuelle au b\u00e9n\u00e9fice de nos populations. <a rel=\"nofollow noopener\" target=\"_blank\" href=\"https:\/\/t.co\/IjT43NHrKs\">pic.twitter.com\/IjT43NHrKs<\/a><\/p>\n<p>\u2014 Colonel Assimi GOITA (@GoitaAssimi) <a rel=\"nofollow noopener\" target=\"_blank\" href=\"https:\/\/twitter.com\/GoitaAssimi\/status\/1703066338057462267?ref_src=twsrc%5Etfw\">September 16, 2023<\/a><\/p><\/blockquote>\n<\/div>\n<\/div>\n<p>Alle drei Staaten waren zusammen mit Tschad und Mauretanien Mitglieder der von Frankreich unterst\u00fctzten G5-Sahel-Allianz,\u00a0welche im Jahre 2017 ins Leben gerufen wurde, um unter dem Vorwand des Kampfes gegen bewaffnete Gruppen wie den IS\u00a0eine milit\u00e4rische Pr\u00e4senz Frankreichs in diesen L\u00e4ndern Afrikas zu legitimieren.\u00a0<\/p>\n<p>In allen drei L\u00e4ndern hat\u00a0sich seit 2020\u00a0das Milit\u00e4r an die Macht\u00a0geputscht, zuletzt in Niger, wo Soldaten im Juli den Pr\u00e4sidenten Mohamed Bazoum st\u00fcrzten, der eng mit dem Westen kooperiert hatte. Die prowestliche westafrikanische Wirtschaftsgemeinschaft ECOWAS hat wegen des patriotischen Putsches mit einer Invasion in Niger gedroht, doch hat die ECOWAS ihre bisherige Kriegsrhetorik in den letzten Wochen abgeschw\u00e4cht.\u00a0Die Beziehungen zwischen Niger und der ehemaligen Kolonialmacht Frankreich haben sich vor allem nach einem Putsch im Juli verschlechtert.\u00a0Die Regierung in Paris verhandelt\u00a0derzeit mit Niger \u00fcber einen geordneten Abzug franz\u00f6sischer Truppen aus dem Land.<\/p>\n<p><strong>Mehr zum Thema<\/strong> &#8211; <a rel=\"nofollow noopener\" target=\"_blank\" href=\"https:\/\/test.rtde.me\/afrika\/180761-nach-putsch-im-hinterhof-frankreichs\/\">Nach Putsch in Frankreichs Hinterhof: US-Milit\u00e4r nimmt seine Eins\u00e4tze in Niger wieder auf<\/a><\/p>\n<\/div>\n<p><script async src=\"https:\/\/platform.twitter.com\/widgets.js\" charset=\"utf-8\"><\/script><br \/>\n<br \/><br \/>\n<br \/><a href=\"https:\/\/de.rt.com\/afrika\/180997-mali-niger-und-burkina-faso\/\">Source link <\/a><\/p>\n","protected":false},"excerpt":{"rendered":"<p>Die westafrikanischen Staaten Mali, Burkina Faso und Niger haben einen Verteidigungspakt unterzeichnet. Die drei Sahell\u00e4nder wollen sich gegenseitig gegen m\u00f6gliche Bedrohungen durch bewaffnete Rebellionen oder Angriffe von au\u00dfen unterst\u00fctzen. Die prowestliche Wirtschaftsgemeinschaft ECOWAS hat in letzter Zeit mehrfach mit einer Invasion in Niger gedroht. Mali, Burkina Faso und Niger unterzeichneten einen Verteidigungspakt. Die drei Sahell\u00e4nder [&hellip;]<\/p>\n","protected":false},"author":3,"featured_media":46504,"comment_status":"open","ping_status":"open","sticky":false,"template":"","format":"standard","meta":{"_yoast_indexnow_last_ping":["1694940654"],"wp_automatic_camp":["217"],"506cf24af6244e5e7d47a4a54854159f":["Mali, Niger und Burkina Faso gr\u00fcnden Sicherheitsallianz in der Sahelzone"],"original_link":["https:\/\/de.rt.com\/afrika\/180997-mali-niger-und-burkina-faso\/"],"_thumbnail_id":["46504"],"jnews_social_counter_last_update":["1776485803"],"_wptgpro_p2tg_sent2tg":["a:1:{i:23737;s:19:\"2023-09-17 10:51:58\";}"]},"categories":[19,23],"tags":[33725,82,33726,25545,17736,36434,35613,48944,140],"yoast_head":"<!-- This site is optimized with the Yoast SEO Premium plugin v22.7 (Yoast SEO v22.7) - https:\/\/yoast.com\/wordpress\/plugins\/seo\/ -->\n<title>Mali, Niger und Burkina Faso gr\u00fcnden Sicherheitsallianz in der Sahelzone - just-now.NEWS Deutschland<\/title>\n<meta name=\"robots\" content=\"index, follow, max-snippet:-1, max-image-preview:large, max-video-preview:-1\" \/>\n<link rel=\"canonical\" href=\"https:\/\/now-news.de\/de\/deutschland\/mali-niger-und-burkina-faso-gruenden-sicherheitsallianz-in-der-sahelzone\/\" \/>\n<meta property=\"og:locale\" content=\"de_DE\" \/>\n<meta property=\"og:type\" content=\"article\" \/>\n<meta property=\"og:title\" content=\"Mali, Niger und Burkina Faso gr\u00fcnden Sicherheitsallianz in der Sahelzone\" \/>\n<meta property=\"og:description\" content=\"Die westafrikanischen Staaten Mali, Burkina Faso und Niger haben einen Verteidigungspakt unterzeichnet. Die drei Sahell\u00e4nder wollen sich gegenseitig gegen m\u00f6gliche Bedrohungen durch bewaffnete Rebellionen oder Angriffe von au\u00dfen unterst\u00fctzen. Die prowestliche Wirtschaftsgemeinschaft ECOWAS hat in letzter Zeit mehrfach mit einer Invasion in Niger gedroht. Mali, Burkina Faso und Niger unterzeichneten einen Verteidigungspakt. Die drei Sahell\u00e4nder [&hellip;]\" \/>\n<meta property=\"og:url\" content=\"https:\/\/now-news.de\/de\/deutschland\/mali-niger-und-burkina-faso-gruenden-sicherheitsallianz-in-der-sahelzone\/\" \/>\n<meta property=\"og:site_name\" content=\"just-now.NEWS Deutschland\" \/>\n<meta property=\"article:publisher\" content=\"https:\/\/www.facebook.com\/wirmachenauf\" \/>\n<meta property=\"article:published_time\" content=\"2023-09-17T08:39:55+00:00\" \/>\n<meta property=\"og:image\" content=\"https:\/\/now-news.de\/de\/wp-content\/uploads\/sites\/3\/2023\/09\/Mali-Niger-und-Burkina-Faso-gruenden-Sicherheitsallianz-in-der-Sahelzone.jpg\" \/>\n\t<meta property=\"og:image:width\" content=\"460\" \/>\n\t<meta property=\"og:image:height\" content=\"259\" \/>\n\t<meta property=\"og:image:type\" content=\"image\/jpeg\" \/>\n<meta name=\"author\" content=\"rtnews\" \/>\n<meta name=\"twitter:card\" content=\"summary_large_image\" \/>\n<meta name=\"twitter:creator\" content=\"@WirMachenAuf_de\" \/>\n<meta name=\"twitter:site\" content=\"@WirMachenAuf_de\" \/>\n<meta name=\"twitter:label1\" content=\"Verfasst von\" \/>\n\t<meta name=\"twitter:data1\" content=\"rtnews\" \/>\n\t<meta name=\"twitter:label2\" content=\"Gesch\u00e4tzte Lesezeit\" \/>\n\t<meta name=\"twitter:data2\" content=\"2\u00a0Minuten\" \/>\n<script type=\"application\/ld+json\" class=\"yoast-schema-graph\">{\"@context\":\"https:\/\/schema.org\",\"@graph\":[{\"@type\":\"Article\",\"@id\":\"https:\/\/now-news.de\/de\/deutschland\/mali-niger-und-burkina-faso-gruenden-sicherheitsallianz-in-der-sahelzone\/#article\",\"isPartOf\":{\"@id\":\"https:\/\/now-news.de\/de\/deutschland\/mali-niger-und-burkina-faso-gruenden-sicherheitsallianz-in-der-sahelzone\/\"},\"author\":{\"name\":\"rtnews\",\"@id\":\"https:\/\/now-news.de\/de\/#\/schema\/person\/fb534a4e865501d8b3285208df34a9b5\"},\"headline\":\"Mali, Niger und Burkina Faso gr\u00fcnden Sicherheitsallianz in der Sahelzone\",\"datePublished\":\"2023-09-17T08:39:55+00:00\",\"dateModified\":\"2023-09-17T08:39:55+00:00\",\"mainEntityOfPage\":{\"@id\":\"https:\/\/now-news.de\/de\/deutschland\/mali-niger-und-burkina-faso-gruenden-sicherheitsallianz-in-der-sahelzone\/\"},\"wordCount\":449,\"commentCount\":0,\"publisher\":{\"@id\":\"https:\/\/now-news.de\/de\/#organization\"},\"image\":{\"@id\":\"https:\/\/now-news.de\/de\/deutschland\/mali-niger-und-burkina-faso-gruenden-sicherheitsallianz-in-der-sahelzone\/#primaryimage\"},\"thumbnailUrl\":\"https:\/\/now-news.de\/de\/wp-content\/uploads\/sites\/3\/2023\/09\/Mali-Niger-und-Burkina-Faso-gruenden-Sicherheitsallianz-in-der-Sahelzone.jpg\",\"keywords\":[\"Burkina\",\"der\",\"Faso\",\"gr\u00fcnden\",\"Mali\",\"Niger\",\"Sahelzone\",\"Sicherheitsallianz\",\"und\"],\"articleSection\":[\"Deutschland\",\"Russland\"],\"inLanguage\":\"de\",\"potentialAction\":[{\"@type\":\"CommentAction\",\"name\":\"Comment\",\"target\":[\"https:\/\/now-news.de\/de\/deutschland\/mali-niger-und-burkina-faso-gruenden-sicherheitsallianz-in-der-sahelzone\/#respond\"]}]},{\"@type\":\"WebPage\",\"@id\":\"https:\/\/now-news.de\/de\/deutschland\/mali-niger-und-burkina-faso-gruenden-sicherheitsallianz-in-der-sahelzone\/\",\"url\":\"https:\/\/now-news.de\/de\/deutschland\/mali-niger-und-burkina-faso-gruenden-sicherheitsallianz-in-der-sahelzone\/\",\"name\":\"Mali, Niger und Burkina Faso gr\u00fcnden Sicherheitsallianz in der Sahelzone - just-now.NEWS Deutschland\",\"isPartOf\":{\"@id\":\"https:\/\/now-news.de\/de\/#website\"},\"primaryImageOfPage\":{\"@id\":\"https:\/\/now-news.de\/de\/deutschland\/mali-niger-und-burkina-faso-gruenden-sicherheitsallianz-in-der-sahelzone\/#primaryimage\"},\"image\":{\"@id\":\"https:\/\/now-news.de\/de\/deutschland\/mali-niger-und-burkina-faso-gruenden-sicherheitsallianz-in-der-sahelzone\/#primaryimage\"},\"thumbnailUrl\":\"https:\/\/now-news.de\/de\/wp-content\/uploads\/sites\/3\/2023\/09\/Mali-Niger-und-Burkina-Faso-gruenden-Sicherheitsallianz-in-der-Sahelzone.jpg\",\"datePublished\":\"2023-09-17T08:39:55+00:00\",\"dateModified\":\"2023-09-17T08:39:55+00:00\",\"breadcrumb\":{\"@id\":\"https:\/\/now-news.de\/de\/deutschland\/mali-niger-und-burkina-faso-gruenden-sicherheitsallianz-in-der-sahelzone\/#breadcrumb\"},\"inLanguage\":\"de\",\"potentialAction\":[{\"@type\":\"ReadAction\",\"target\":[\"https:\/\/now-news.de\/de\/deutschland\/mali-niger-und-burkina-faso-gruenden-sicherheitsallianz-in-der-sahelzone\/\"]}]},{\"@type\":\"ImageObject\",\"inLanguage\":\"de\",\"@id\":\"https:\/\/now-news.de\/de\/deutschland\/mali-niger-und-burkina-faso-gruenden-sicherheitsallianz-in-der-sahelzone\/#primaryimage\",\"url\":\"https:\/\/now-news.de\/de\/wp-content\/uploads\/sites\/3\/2023\/09\/Mali-Niger-und-Burkina-Faso-gruenden-Sicherheitsallianz-in-der-Sahelzone.jpg\",\"contentUrl\":\"https:\/\/now-news.de\/de\/wp-content\/uploads\/sites\/3\/2023\/09\/Mali-Niger-und-Burkina-Faso-gruenden-Sicherheitsallianz-in-der-Sahelzone.jpg\",\"width\":460,\"height\":259,\"caption\":\"Mali, Niger und Burkina Faso gr\u00fcnden Sicherheitsallianz in der Sahelzone\"},{\"@type\":\"BreadcrumbList\",\"@id\":\"https:\/\/now-news.de\/de\/deutschland\/mali-niger-und-burkina-faso-gruenden-sicherheitsallianz-in-der-sahelzone\/#breadcrumb\",\"itemListElement\":[{\"@type\":\"ListItem\",\"position\":1,\"name\":\"Home\",\"item\":\"https:\/\/now-news.de\/de\/\"},{\"@type\":\"ListItem\",\"position\":2,\"name\":\"Mali, Niger und Burkina Faso gr\u00fcnden Sicherheitsallianz in der Sahelzone\"}]},{\"@type\":\"WebSite\",\"@id\":\"https:\/\/now-news.de\/de\/#website\",\"url\":\"https:\/\/now-news.de\/de\/\",\"name\":\"just-now.NEWS Deutschland\",\"description\":\"Das Portal f\u00fcr unzensierte Nachrichten aus der Welt\",\"publisher\":{\"@id\":\"https:\/\/now-news.de\/de\/#organization\"},\"potentialAction\":[{\"@type\":\"SearchAction\",\"target\":{\"@type\":\"EntryPoint\",\"urlTemplate\":\"https:\/\/now-news.de\/de\/?s={search_term_string}\"},\"query-input\":\"required name=search_term_string\"}],\"inLanguage\":\"de\"},{\"@type\":\"Organization\",\"@id\":\"https:\/\/now-news.de\/de\/#organization\",\"name\":\"Just Now News\",\"url\":\"https:\/\/now-news.de\/de\/\",\"logo\":{\"@type\":\"ImageObject\",\"inLanguage\":\"de\",\"@id\":\"https:\/\/now-news.de\/de\/#\/schema\/logo\/image\/\",\"url\":\"http:\/\/just-now.news\/de\/wp-content\/uploads\/sites\/3\/2022\/04\/logo500x500.jpg\",\"contentUrl\":\"http:\/\/just-now.news\/de\/wp-content\/uploads\/sites\/3\/2022\/04\/logo500x500.jpg\",\"width\":500,\"height\":500,\"caption\":\"Just Now News\"},\"image\":{\"@id\":\"https:\/\/now-news.de\/de\/#\/schema\/logo\/image\/\"},\"sameAs\":[\"https:\/\/www.facebook.com\/wirmachenauf\",\"https:\/\/x.com\/WirMachenAuf_de\"]},{\"@type\":\"Person\",\"@id\":\"https:\/\/now-news.de\/de\/#\/schema\/person\/fb534a4e865501d8b3285208df34a9b5\",\"name\":\"rtnews\",\"image\":{\"@type\":\"ImageObject\",\"inLanguage\":\"de\",\"@id\":\"https:\/\/now-news.de\/de\/#\/schema\/person\/image\/\",\"url\":\"https:\/\/secure.gravatar.com\/avatar\/82aafea7d8127119dd649515f56e2117?s=96&d=mm&r=g\",\"contentUrl\":\"https:\/\/secure.gravatar.com\/avatar\/82aafea7d8127119dd649515f56e2117?s=96&d=mm&r=g\",\"caption\":\"rtnews\"},\"url\":\"https:\/\/now-news.de\/de\/author\/rnews\/\"}]}<\/script>\n<!-- \/ Yoast SEO Premium plugin. -->","yoast_head_json":{"title":"Mali, Niger und Burkina Faso gr\u00fcnden Sicherheitsallianz in der Sahelzone - just-now.NEWS Deutschland","robots":{"index":"index","follow":"follow","max-snippet":"max-snippet:-1","max-image-preview":"max-image-preview:large","max-video-preview":"max-video-preview:-1"},"canonical":"https:\/\/now-news.de\/de\/deutschland\/mali-niger-und-burkina-faso-gruenden-sicherheitsallianz-in-der-sahelzone\/","og_locale":"de_DE","og_type":"article","og_title":"Mali, Niger und Burkina Faso gr\u00fcnden Sicherheitsallianz in der Sahelzone","og_description":"Die westafrikanischen Staaten Mali, Burkina Faso und Niger haben einen Verteidigungspakt unterzeichnet. Die drei Sahell\u00e4nder wollen sich gegenseitig gegen m\u00f6gliche Bedrohungen durch bewaffnete Rebellionen oder Angriffe von au\u00dfen unterst\u00fctzen. Die prowestliche Wirtschaftsgemeinschaft ECOWAS hat in letzter Zeit mehrfach mit einer Invasion in Niger gedroht. Mali, Burkina Faso und Niger unterzeichneten einen Verteidigungspakt. Die drei Sahell\u00e4nder [&hellip;]","og_url":"https:\/\/now-news.de\/de\/deutschland\/mali-niger-und-burkina-faso-gruenden-sicherheitsallianz-in-der-sahelzone\/","og_site_name":"just-now.NEWS Deutschland","article_publisher":"https:\/\/www.facebook.com\/wirmachenauf","article_published_time":"2023-09-17T08:39:55+00:00","og_image":[{"width":460,"height":259,"url":"https:\/\/now-news.de\/de\/wp-content\/uploads\/sites\/3\/2023\/09\/Mali-Niger-und-Burkina-Faso-gruenden-Sicherheitsallianz-in-der-Sahelzone.jpg","type":"image\/jpeg"}],"author":"rtnews","twitter_card":"summary_large_image","twitter_creator":"@WirMachenAuf_de","twitter_site":"@WirMachenAuf_de","twitter_misc":{"Verfasst von":"rtnews","Gesch\u00e4tzte Lesezeit":"2\u00a0Minuten"},"schema":{"@context":"https:\/\/schema.org","@graph":[{"@type":"Article","@id":"https:\/\/now-news.de\/de\/deutschland\/mali-niger-und-burkina-faso-gruenden-sicherheitsallianz-in-der-sahelzone\/#article","isPartOf":{"@id":"https:\/\/now-news.de\/de\/deutschland\/mali-niger-und-burkina-faso-gruenden-sicherheitsallianz-in-der-sahelzone\/"},"author":{"name":"rtnews","@id":"https:\/\/now-news.de\/de\/#\/schema\/person\/fb534a4e865501d8b3285208df34a9b5"},"headline":"Mali, Niger und Burkina Faso gr\u00fcnden Sicherheitsallianz in der Sahelzone","datePublished":"2023-09-17T08:39:55+00:00","dateModified":"2023-09-17T08:39:55+00:00","mainEntityOfPage":{"@id":"https:\/\/now-news.de\/de\/deutschland\/mali-niger-und-burkina-faso-gruenden-sicherheitsallianz-in-der-sahelzone\/"},"wordCount":449,"commentCount":0,"publisher":{"@id":"https:\/\/now-news.de\/de\/#organization"},"image":{"@id":"https:\/\/now-news.de\/de\/deutschland\/mali-niger-und-burkina-faso-gruenden-sicherheitsallianz-in-der-sahelzone\/#primaryimage"},"thumbnailUrl":"https:\/\/now-news.de\/de\/wp-content\/uploads\/sites\/3\/2023\/09\/Mali-Niger-und-Burkina-Faso-gruenden-Sicherheitsallianz-in-der-Sahelzone.jpg","keywords":["Burkina","der","Faso","gr\u00fcnden","Mali","Niger","Sahelzone","Sicherheitsallianz","und"],"articleSection":["Deutschland","Russland"],"inLanguage":"de","potentialAction":[{"@type":"CommentAction","name":"Comment","target":["https:\/\/now-news.de\/de\/deutschland\/mali-niger-und-burkina-faso-gruenden-sicherheitsallianz-in-der-sahelzone\/#respond"]}]},{"@type":"WebPage","@id":"https:\/\/now-news.de\/de\/deutschland\/mali-niger-und-burkina-faso-gruenden-sicherheitsallianz-in-der-sahelzone\/","url":"https:\/\/now-news.de\/de\/deutschland\/mali-niger-und-burkina-faso-gruenden-sicherheitsallianz-in-der-sahelzone\/","name":"Mali, Niger und Burkina Faso gr\u00fcnden Sicherheitsallianz in der Sahelzone - just-now.NEWS Deutschland","isPartOf":{"@id":"https:\/\/now-news.de\/de\/#website"},"primaryImageOfPage":{"@id":"https:\/\/now-news.de\/de\/deutschland\/mali-niger-und-burkina-faso-gruenden-sicherheitsallianz-in-der-sahelzone\/#primaryimage"},"image":{"@id":"https:\/\/now-news.de\/de\/deutschland\/mali-niger-und-burkina-faso-gruenden-sicherheitsallianz-in-der-sahelzone\/#primaryimage"},"thumbnailUrl":"https:\/\/now-news.de\/de\/wp-content\/uploads\/sites\/3\/2023\/09\/Mali-Niger-und-Burkina-Faso-gruenden-Sicherheitsallianz-in-der-Sahelzone.jpg","datePublished":"2023-09-17T08:39:55+00:00","dateModified":"2023-09-17T08:39:55+00:00","breadcrumb":{"@id":"https:\/\/now-news.de\/de\/deutschland\/mali-niger-und-burkina-faso-gruenden-sicherheitsallianz-in-der-sahelzone\/#breadcrumb"},"inLanguage":"de","potentialAction":[{"@type":"ReadAction","target":["https:\/\/now-news.de\/de\/deutschland\/mali-niger-und-burkina-faso-gruenden-sicherheitsallianz-in-der-sahelzone\/"]}]},{"@type":"ImageObject","inLanguage":"de","@id":"https:\/\/now-news.de\/de\/deutschland\/mali-niger-und-burkina-faso-gruenden-sicherheitsallianz-in-der-sahelzone\/#primaryimage","url":"https:\/\/now-news.de\/de\/wp-content\/uploads\/sites\/3\/2023\/09\/Mali-Niger-und-Burkina-Faso-gruenden-Sicherheitsallianz-in-der-Sahelzone.jpg","contentUrl":"https:\/\/now-news.de\/de\/wp-content\/uploads\/sites\/3\/2023\/09\/Mali-Niger-und-Burkina-Faso-gruenden-Sicherheitsallianz-in-der-Sahelzone.jpg","width":460,"height":259,"caption":"Mali, Niger und Burkina Faso gr\u00fcnden Sicherheitsallianz in der Sahelzone"},{"@type":"BreadcrumbList","@id":"https:\/\/now-news.de\/de\/deutschland\/mali-niger-und-burkina-faso-gruenden-sicherheitsallianz-in-der-sahelzone\/#breadcrumb","itemListElement":[{"@type":"ListItem","position":1,"name":"Home","item":"https:\/\/now-news.de\/de\/"},{"@type":"ListItem","position":2,"name":"Mali, Niger und Burkina Faso gr\u00fcnden Sicherheitsallianz in der Sahelzone"}]},{"@type":"WebSite","@id":"https:\/\/now-news.de\/de\/#website","url":"https:\/\/now-news.de\/de\/","name":"just-now.NEWS Deutschland","description":"Das Portal f\u00fcr unzensierte Nachrichten aus der Welt","publisher":{"@id":"https:\/\/now-news.de\/de\/#organization"},"potentialAction":[{"@type":"SearchAction","target":{"@type":"EntryPoint","urlTemplate":"https:\/\/now-news.de\/de\/?s={search_term_string}"},"query-input":"required name=search_term_string"}],"inLanguage":"de"},{"@type":"Organization","@id":"https:\/\/now-news.de\/de\/#organization","name":"Just Now News","url":"https:\/\/now-news.de\/de\/","logo":{"@type":"ImageObject","inLanguage":"de","@id":"https:\/\/now-news.de\/de\/#\/schema\/logo\/image\/","url":"http:\/\/just-now.news\/de\/wp-content\/uploads\/sites\/3\/2022\/04\/logo500x500.jpg","contentUrl":"http:\/\/just-now.news\/de\/wp-content\/uploads\/sites\/3\/2022\/04\/logo500x500.jpg","width":500,"height":500,"caption":"Just Now News"},"image":{"@id":"https:\/\/now-news.de\/de\/#\/schema\/logo\/image\/"},"sameAs":["https:\/\/www.facebook.com\/wirmachenauf","https:\/\/x.com\/WirMachenAuf_de"]},{"@type":"Person","@id":"https:\/\/now-news.de\/de\/#\/schema\/person\/fb534a4e865501d8b3285208df34a9b5","name":"rtnews","image":{"@type":"ImageObject","inLanguage":"de","@id":"https:\/\/now-news.de\/de\/#\/schema\/person\/image\/","url":"https:\/\/secure.gravatar.com\/avatar\/82aafea7d8127119dd649515f56e2117?s=96&d=mm&r=g","contentUrl":"https:\/\/secure.gravatar.com\/avatar\/82aafea7d8127119dd649515f56e2117?s=96&d=mm&r=g","caption":"rtnews"},"url":"https:\/\/now-news.de\/de\/author\/rnews\/"}]}},"_links":{"self":[{"href":"https:\/\/now-news.de\/de\/wp-json\/wp\/v2\/posts\/46503"}],"collection":[{"href":"https:\/\/now-news.de\/de\/wp-json\/wp\/v2\/posts"}],"about":[{"href":"https:\/\/now-news.de\/de\/wp-json\/wp\/v2\/types\/post"}],"author":[{"embeddable":true,"href":"https:\/\/now-news.de\/de\/wp-json\/wp\/v2\/users\/3"}],"replies":[{"embeddable":true,"href":"https:\/\/now-news.de\/de\/wp-json\/wp\/v2\/comments?post=46503"}],"version-history":[{"count":0,"href":"https:\/\/now-news.de\/de\/wp-json\/wp\/v2\/posts\/46503\/revisions"}],"wp:featuredmedia":[{"embeddable":true,"href":"https:\/\/now-news.de\/de\/wp-json\/wp\/v2\/media\/46504"}],"wp:attachment":[{"href":"https:\/\/now-news.de\/de\/wp-json\/wp\/v2\/media?parent=46503"}],"wp:term":[{"taxonomy":"category","embeddable":true,"href":"https:\/\/now-news.de\/de\/wp-json\/wp\/v2\/categories?post=46503"},{"taxonomy":"post_tag","embeddable":true,"href":"https:\/\/now-news.de\/de\/wp-json\/wp\/v2\/tags?post=46503"}],"curies":[{"name":"wp","href":"https:\/\/api.w.org\/{rel}","templated":true}]}}