{"id":46497,"date":"2023-09-17T08:36:38","date_gmt":"2023-09-17T06:36:38","guid":{"rendered":"https:\/\/just-now.news\/de\/deutschland\/von-den-usa-unterstuetzte-kaempfer-bekaempfen-sich-gegenseitig-in-syrien-wer-ist-daran-schuld\/"},"modified":"2023-09-17T08:36:38","modified_gmt":"2023-09-17T06:36:38","slug":"von-den-usa-unterstuetzte-kaempfer-bekaempfen-sich-gegenseitig-in-syrien-wer-ist-daran-schuld","status":"publish","type":"post","link":"https:\/\/now-news.de\/de\/deutschland\/von-den-usa-unterstuetzte-kaempfer-bekaempfen-sich-gegenseitig-in-syrien-wer-ist-daran-schuld\/","title":{"rendered":"Von den USA unterst\u00fctzte K\u00e4mpfer bek\u00e4mpfen sich gegenseitig in Syrien. Wer ist daran schuld?"},"content":{"rendered":"<p><img decoding=\"async\" src=\"http:\/\/just-now.news\/de\/wp-content\/uploads\/sites\/3\/2023\/09\/65044eabb480cc55b353fd80.jpg\" \/><\/p>\n<div class=\"Text-root Text-type_1 \">\n                Die US-amerikanischen Streitkr\u00e4fte, die weite Teile Syriens und seiner Reicht\u00fcmer als Geiseln halten, werden niemals zugeben, dass sie selbst die Ursache ihrer eigenen Probleme dort sind.\n            <\/div>\n<p><\/p>\n<div class=\"Text-root Text-type_5 ArticleView-text ViewText-root \">\n<p><em>Von Robert Inlakesh<\/em><em><\/em><\/p>\n<p>Von den USA unterst\u00fctzte rivalisierende K\u00e4mpfer im Nordosten Syriens attackierten sich gegenseitig in einem Konflikt, der urspr\u00fcnglich durch ethnische Spannungen ausgel\u00f6st wurde. Als sich die Situation jedoch zuspitzte, versuchte man, Russland, Iran und der syrischen Regierung die Schuld zuzuschieben, obwohl dort die mit den USA verb\u00fcndeten Streitkr\u00e4fte jahrelang Missmanagement und Missbrauch betrieben haben. W\u00e4hrend die gegnerischen und durch die USA unterst\u00fctzten K\u00e4mpfer um die Kontrolle ringen und sich arabische St\u00e4mme dagegen behaupten, versucht man in Washington, die Krise als Rechtfertigung f\u00fcr die fortgesetzte US-Besetzung des Gebiets zu nutzen.<\/p>\n<p><a rel=\"nofollow noopener\" target=\"_blank\" href=\"https:\/\/apnews.com\/article\/syria-us-russia-sdf-dier-elzour-iran-islamic-state-b34283664f94a99953bbd7499f3dab86\">Mindestens 90 Menschen<\/a> wurden bei Zusammenst\u00f6\u00dfen zwischen den kurdisch gef\u00fchrten sogenannten Syrischen Demokratischen Kr\u00e4ften (SDF) und lokalen arabischen Milizen get\u00f6tet, nachdem in der vergangenen Woche Stammesf\u00fchrer in der Region festgenommen worden waren. Der Konflikt hatte sich an dem vermeintlichen Versuch der durch die USA unterst\u00fctzten SDF entz\u00fcndet, die von ethnischen Kurden angestrebte Vorherrschaft in der Provinz Deir ez-Zor zu behaupten. Die SDF, die von Kurden angef\u00fchrt werden, haben auch eine gro\u00dfe Anzahl von Arabern in ihren Reihen, unter anderem in der mehrheitlich arabischen Miliz des Milit\u00e4rrats von Deir ez-Zor, die von dem Kommandeur Ahmed al-Khabil (Abu Khawla) angef\u00fchrt wird. Al-Khabil ist nicht nur Kommandeur der Miliz, sondern auch Emir des Stammes der al-Bakir. Seine Verhaftung Ende August war der Ausl\u00f6ser f\u00fcr den aktuellen Konflikt.<\/p>\n<p>Tagelang beschr\u00e4nkten sich die K\u00e4mpfe auf das Gebiet von Deir ez-Zor, wo Clanmitglieder des Bakir-Stammes als Vergeltung f\u00fcr die Verhaftung von Abu Khawla zu den Waffen gegen die kurdisch gef\u00fchrten SDF gegriffen hatten. Nachdem jedoch Vorw\u00fcrfe aufgetaucht waren, dass von den USA ausgebildete SDF-K\u00e4mpfer arabische Zivilisten bei Razzien in ihren H\u00e4usern ermordet hatten, begann sich der Aufstand auszuweiten. Aus dem Dorf Daman, in das kurdische Spezialeinheiten eingedrungen waren und das sie belagerten, <a rel=\"nofollow noopener\" target=\"_blank\" href=\"https:\/\/twitter.com\/DeirEzzore\/status\/1697177703550427159\">wurde berichtet<\/a>, dass kurdische K\u00e4mpfer vier Familienmitglieder in deren Haus zu Tode gefoltert hatten, um Vergeltung f\u00fcr die Ermordung mehrerer ihrer Landsleute zu \u00fcben. Geschichten wie diese, die in den sozialen Medien verbreitet wurden, trugen zu einem allgemeinen arabischen Aufstand im Gebiet des Euphrat gegen die Herrschaft der SDF bei.<\/p>\n<p>Man muss sich vor Augen halten, dass die SDF im Wesentlichen als Stellvertreter des US-Milit\u00e4rs fungieren und mit einer begrenzten Anzahl US-amerikanischer Bodentruppen etwa ein Drittel des syrischen Territoriums besetzen. Nach Angaben der US-Regierung seien lediglich 900 US-Soldaten in Syrien stationiert, hinzu kommt jedoch eine nicht n\u00e4her bezifferte Zahl privater milit\u00e4rischer Auftragnehmer. Dieses Drittel Syriens gilt als Kornkammer des Landes und beherbergt zudem den gr\u00f6\u00dften Teil des \u00d6lreichtums und die fruchtbarsten landwirtschaftlichen Fl\u00e4chen. Die stellvertretende US-Verteidigungsministerin f\u00fcr den Nahen Osten, Dana Stroul, <a rel=\"nofollow noopener\" target=\"_blank\" href=\"https:\/\/www.youtube.com\/watch?v=cJIFqzl3VWM\">gibt offen zu<\/a>, dass die Geiselnahme dieses Drittels des syrischen Territoriums gegen den souver\u00e4nen Anspruch der Regierung in Damaskus dazu dient, dem Wei\u00dfen Haus weiterhin Einfluss auf den syrischen Staat zu sichern.<\/p>\n<p>Anstatt sich mit den wirklichen Problemen in dem Gebiet auseinanderzusetzen, das Aron Lund von der Denkfabrik Century International als <a rel=\"nofollow noopener\" target=\"_blank\" href=\"https:\/\/www.al-monitor.com\/originals\/2023\/09\/kurds-pro-turk-forces-fight-north-syria-after-90-killed\">&#8220;Pulverfass&#8221;<\/a> bezeichnete, haben die US-Regierung und die etablierten Medien den fortdauernden Konflikt mit stark vereinfachten Behauptungen dargestellt. Die von den USA unterst\u00fctzten SDF behaupteten sofort, die syrische Regierung sei an der Unterst\u00fctzung des Aufstands beteiligt und versuchte, den Konflikt als von au\u00dfen beeinflusst darzustellen. Der Grund f\u00fcr diese Behauptung ist, dass die SDF ihr Image sch\u00fctzen wollen als angeblich demokratisch regierende Kr\u00e4fte, bestehend aus fortschrittlichen, ausschlie\u00dflich weiblichen Einheiten, und gleichzeitig versuchen wollen, in dem Konflikt die USA direkter auf ihre eigene Seite zu ziehen. In der Vergangenheit haben die USA zwar mit den SDF gegen die Terroristen des Islamischen Staates (IS, fr\u00fcher ISIS) zusammengearbeitet, doch als die kurdisch gef\u00fchrten Kr\u00e4fte angegriffen wurden, hat Washington seine Stellvertreter wiederholt im Stich gelassen. Dies geschah etwa auch 2018 und 2019, als die t\u00fcrkische Armee in das von den SDF gehaltene Gebiet eindrang.<\/p>\n<p>Obwohl die SDF keine rein kurdische Truppe sind, werden sie eindeutig von Kurden dominiert. Dies allein h\u00e4tte nie ausgereicht, um einen Aufstand der arabischen St\u00e4mme zu entfachen, die mehrheitlich freundschaftliche Beziehungen zu den herrschenden Kr\u00e4ften unterhalten, von den USA gest\u00fctzt werden. In Wirklichkeit haben sich die SDF im Nordosten Syriens auf korrupte Weise verhalten, die Wirtschaft schlecht verwaltet, selbst Menschenrechtsverletzungen begangen und sogar <a rel=\"nofollow noopener\" target=\"_blank\" href=\"https:\/\/www.middleeastmonitor.com\/20221103-official-us-backed-syrian-democratic-forces-continue-to-child-soldiers\/\">Kindersoldaten<\/a>\u00a0in ihre Streitkr\u00e4fte zwangsrekrutiert. Es gibt zahllose Behauptungen \u00fcber die Art der von den SDF begangenen \u00dcbergriffe, einschlie\u00dflich ethnisch motivierter Angriffe. Viele dieser Behauptungen k\u00f6nnen nicht best\u00e4tigt werden, aber wichtig an diesen Behauptungen ist, dass sie nun zu einem Klima der Verachtung gegen\u00fcber dieser US-Stellvertretertruppe beitragen.<\/p>\n<p>Nach dem anf\u00e4nglichen Aufstand der arabischen St\u00e4mme in Gebieten entlang des Euphrat kam es zu einer Welle von Zusammenst\u00f6\u00dfen mit von der T\u00fcrkei unterst\u00fctzten K\u00e4mpfern und sogar mit K\u00e4mpfern, die von der Terrorgruppe Hai&#8217;at Tahrir asch-Scham (HTS) unterst\u00fctzt werden, einem Al-Qaida-Ableger, der den gr\u00f6\u00dften Teil der Provinz Idlib kontrolliert. Es hat den Anschein, als h\u00e4tten sowohl die HTS als auch die T\u00fcrkei versucht, die Situation auszunutzen, entweder um ein Druckmittel gegen die SDF zu haben oder um die Kontrolle \u00fcber einen noch gr\u00f6\u00dferen Teil des syrischen Territoriums zu erlangen. W\u00e4hrend die T\u00fcrkei die SDF als terroristische Gruppe betrachtet, hatte die HTS Anfang des Jahres gemeinsame Gespr\u00e4che mit den SDF \u00fcber die Schaffung einer gemeinsamen Regierungsbeh\u00f6rde aufgenommen.<\/p>\n<p>W\u00e4hrenddessen bereiteten sich die USA darauf vor, als Vermittler zwischen den gegnerischen Seiten einzugreifen, um die Spannungen zu beruhigen, und warnten davor, dass die Ausweitung des Konflikts zu einem Wiedererstarken des IS innerhalb des Gebiets f\u00fchren k\u00f6nne. Interessant ist, dass die pseudolegale Rechtfertigung der USA f\u00fcr die fortgesetzte milit\u00e4rische Besetzung des syrischen Territoriums in Form der Operation Inherent Resolve (<a rel=\"nofollow noopener\" target=\"_blank\" href=\"https:\/\/en.wikipedia.org\/wiki\/Operation_Inherent_Resolve\">OIR<\/a>) erfolgte, die durch die Resolutionen von <a rel=\"nofollow noopener\" target=\"_blank\" href=\"https:\/\/en.wikipedia.org\/wiki\/Authorization_for_Use_of_Military_Force_Against_Iraq_Resolution_of_1991\">1991<\/a> und <a rel=\"nofollow noopener\" target=\"_blank\" href=\"https:\/\/en.wikipedia.org\/wiki\/Authorization_for_Use_of_Military_Force_Against_Iraq_Resolution_of_2002\">2002<\/a> zur (Selbst-)Erm\u00e4chtigung der USA des Einsatzes milit\u00e4rischer Gewalt gegen Irak (Authorizations for Use of Military Force Against Iraq; AUMF) gerechtfertigt werden soll. Die OIR zielt angeblich auf den IS (oder ISIS) ab, aber in diesem Jahr wurde vom Kommandeur der Combined Joint Task Force (CJTF) Generalmajor Matthew McFarlane bekannt gegeben, dass im Vergleich zum gleichen Zeitraum des Jahres 2022 die Angriffe des IS <a rel=\"nofollow noopener\" target=\"_blank\" href=\"https:\/\/www.rudaw.net\/english\/middleeast\/24042023\">in Syrien um 68 Prozent<\/a> und <a rel=\"nofollow noopener\" target=\"_blank\" href=\"https:\/\/www.state.gov\/special-online-briefing-with-major-general-matthew-mcfarlane-commander-combined-joint-task-force-operation-inherent-resolve-and-dana-stroul-deputy-assistant-secretary-of-def\/\">im Irak um 80 Prozent<\/a> zur\u00fcckgegangen sind.\u00a0<\/p>\n<p>Die US-amerikanischen Streitkr\u00e4fte bleiben also in Syrien, um angeblich dennoch die Anti-IS-Operationen fortzusetzen, obwohl die Terrorgruppe derzeit kaum noch existiert. In Wirklichkeit wird die OIR also auf unbestimmte Zeit fortgesetzt, um dem wichtigsten Ziel der USA zu dienen: den iranischen und russischen Einfluss in Syrien zu bek\u00e4mpfen. Die Regierung in Damaskus soll um jeden Preis unterminiert werden, lautet die US-Denkweise. Eine Vielzahl von K\u00e4mpfern, die von den USA unterst\u00fctzt werden, liefern sich blutige K\u00e4mpfe wegen der miserablen Umst\u00e4nde, die unter der Aufsicht Washingtons nicht behoben wurden. Anstatt jedoch die Verantwortung daf\u00fcr zu \u00fcbernehmen, versucht man in Washington, die Schuld auf Damaskus, Teheran und Moskau abzuw\u00e4lzen, w\u00e4hrend man gleichzeitig daran arbeitet, die fortgesetzte Besetzung syrischer Territorien zu rechtfertigen.<\/p>\n<p><em>\u00dcbersetzt aus dem <a rel=\"nofollow noopener\" target=\"_blank\" href=\"https:\/\/swentr.site\/news\/582953-us-blames-damascus-moscow-tehran\/\">Englischen<\/a><\/em><\/p>\n<p><em>Robert Inlakesh ist ein politischer Analyst, Journalist und Dokumentarfilmer, der derzeit in London, Gro\u00dfbritannien, lebt. Er hat aus den pal\u00e4stinensischen Gebieten berichtet und dort gelebt und arbeitet derzeit f\u00fcr Quds News. Regisseur von &#8220;Diebstahl des Jahrhunderts: Trumps Pal\u00e4stina-Israel-Katastrophe&#8221;.<\/em><em><\/em><\/p>\n<p><strong>Mehr zum Thema<\/strong> &#8211; <a rel=\"nofollow noopener\" target=\"_blank\" href=\"https:\/\/freedert.online\/der-nahe-osten\/178140-syrien-westen-instrumentalisiert-voelkerrecht\/\">Syrien: Westen instrumentalisiert V\u00f6lkerrecht<\/a><\/p>\n<\/p>\n<\/div>\n<p><script async src=\"https:\/\/platform.twitter.com\/widgets.js\" charset=\"utf-8\"><\/script><br \/>\n<br \/><br \/>\n<br \/><a href=\"https:\/\/de.rt.com\/der-nahe-osten\/180860-von-usa-unterstuetzte-kaempfer-bekaempfen\/\">Source link <\/a><\/p>\n","protected":false},"excerpt":{"rendered":"<p>Die US-amerikanischen Streitkr\u00e4fte, die weite Teile Syriens und seiner Reicht\u00fcmer als Geiseln halten, werden niemals zugeben, dass sie selbst die Ursache ihrer eigenen Probleme dort sind. Von Robert Inlakesh Von den USA unterst\u00fctzte rivalisierende K\u00e4mpfer im Nordosten Syriens attackierten sich gegenseitig in einem Konflikt, der urspr\u00fcnglich durch ethnische Spannungen ausgel\u00f6st wurde. Als sich die Situation [&hellip;]<\/p>\n","protected":false},"author":3,"featured_media":46498,"comment_status":"open","ping_status":"open","sticky":false,"template":"","format":"standard","meta":{"_yoast_indexnow_last_ping":["1694932978"],"wp_automatic_camp":["217"],"524fe0fc622d62abe4b988d751e3da06":["Von den USA unterst\u00fctzte K\u00e4mpfer bek\u00e4mpfen sich gegenseitig in Syrien. Wer ist daran schuld?"],"original_link":["https:\/\/de.rt.com\/der-nahe-osten\/180860-von-usa-unterstuetzte-kaempfer-bekaempfen\/"],"_thumbnail_id":["46498"],"_wptgpro_p2tg_sent2tg":["a:1:{i:23737;s:19:\"2023-09-17 08:44:13\";}"],"jnews_social_counter_last_update":["1777391421"]},"categories":[19,23],"tags":[2444,5444,48,33503,414,2973,12416,434,783,10705,193,50,8965],"yoast_head":"<!-- This site is optimized with the Yoast SEO Premium plugin v22.7 (Yoast SEO v22.7) - https:\/\/yoast.com\/wordpress\/plugins\/seo\/ -->\n<title>Von den USA unterst\u00fctzte K\u00e4mpfer bek\u00e4mpfen sich gegenseitig in Syrien. Wer ist daran schuld? - just-now.NEWS Deutschland<\/title>\n<meta name=\"robots\" content=\"index, follow, max-snippet:-1, max-image-preview:large, max-video-preview:-1\" \/>\n<link rel=\"canonical\" href=\"https:\/\/now-news.de\/de\/deutschland\/von-den-usa-unterstuetzte-kaempfer-bekaempfen-sich-gegenseitig-in-syrien-wer-ist-daran-schuld\/\" \/>\n<meta property=\"og:locale\" content=\"de_DE\" \/>\n<meta property=\"og:type\" content=\"article\" \/>\n<meta property=\"og:title\" content=\"Von den USA unterst\u00fctzte K\u00e4mpfer bek\u00e4mpfen sich gegenseitig in Syrien. Wer ist daran schuld?\" \/>\n<meta property=\"og:description\" content=\"Die US-amerikanischen Streitkr\u00e4fte, die weite Teile Syriens und seiner Reicht\u00fcmer als Geiseln halten, werden niemals zugeben, dass sie selbst die Ursache ihrer eigenen Probleme dort sind. Von Robert Inlakesh Von den USA unterst\u00fctzte rivalisierende K\u00e4mpfer im Nordosten Syriens attackierten sich gegenseitig in einem Konflikt, der urspr\u00fcnglich durch ethnische Spannungen ausgel\u00f6st wurde. Als sich die Situation [&hellip;]\" \/>\n<meta property=\"og:url\" content=\"https:\/\/now-news.de\/de\/deutschland\/von-den-usa-unterstuetzte-kaempfer-bekaempfen-sich-gegenseitig-in-syrien-wer-ist-daran-schuld\/\" \/>\n<meta property=\"og:site_name\" content=\"just-now.NEWS Deutschland\" \/>\n<meta property=\"article:publisher\" content=\"https:\/\/www.facebook.com\/wirmachenauf\" \/>\n<meta property=\"article:published_time\" content=\"2023-09-17T06:36:38+00:00\" \/>\n<meta property=\"og:image\" content=\"https:\/\/now-news.de\/de\/wp-content\/uploads\/sites\/3\/2023\/09\/Von-den-USA-unterstuetzte-Kaempfer-bekaempfen-sich-gegenseitig-in-Syrien.jpg\" \/>\n\t<meta property=\"og:image:width\" content=\"460\" \/>\n\t<meta property=\"og:image:height\" content=\"259\" \/>\n\t<meta property=\"og:image:type\" content=\"image\/jpeg\" \/>\n<meta name=\"author\" content=\"rtnews\" \/>\n<meta name=\"twitter:card\" content=\"summary_large_image\" \/>\n<meta name=\"twitter:creator\" content=\"@WirMachenAuf_de\" \/>\n<meta name=\"twitter:site\" content=\"@WirMachenAuf_de\" \/>\n<meta name=\"twitter:label1\" content=\"Verfasst von\" \/>\n\t<meta name=\"twitter:data1\" content=\"rtnews\" \/>\n\t<meta name=\"twitter:label2\" content=\"Gesch\u00e4tzte Lesezeit\" \/>\n\t<meta name=\"twitter:data2\" content=\"6\u00a0Minuten\" \/>\n<script type=\"application\/ld+json\" class=\"yoast-schema-graph\">{\"@context\":\"https:\/\/schema.org\",\"@graph\":[{\"@type\":\"Article\",\"@id\":\"https:\/\/now-news.de\/de\/deutschland\/von-den-usa-unterstuetzte-kaempfer-bekaempfen-sich-gegenseitig-in-syrien-wer-ist-daran-schuld\/#article\",\"isPartOf\":{\"@id\":\"https:\/\/now-news.de\/de\/deutschland\/von-den-usa-unterstuetzte-kaempfer-bekaempfen-sich-gegenseitig-in-syrien-wer-ist-daran-schuld\/\"},\"author\":{\"name\":\"rtnews\",\"@id\":\"https:\/\/now-news.de\/de\/#\/schema\/person\/fb534a4e865501d8b3285208df34a9b5\"},\"headline\":\"Von den USA unterst\u00fctzte K\u00e4mpfer bek\u00e4mpfen sich gegenseitig in Syrien. Wer ist daran schuld?\",\"datePublished\":\"2023-09-17T06:36:38+00:00\",\"dateModified\":\"2023-09-17T06:36:38+00:00\",\"mainEntityOfPage\":{\"@id\":\"https:\/\/now-news.de\/de\/deutschland\/von-den-usa-unterstuetzte-kaempfer-bekaempfen-sich-gegenseitig-in-syrien-wer-ist-daran-schuld\/\"},\"wordCount\":1287,\"commentCount\":0,\"publisher\":{\"@id\":\"https:\/\/now-news.de\/de\/#organization\"},\"image\":{\"@id\":\"https:\/\/now-news.de\/de\/deutschland\/von-den-usa-unterstuetzte-kaempfer-bekaempfen-sich-gegenseitig-in-syrien-wer-ist-daran-schuld\/#primaryimage\"},\"thumbnailUrl\":\"https:\/\/now-news.de\/de\/wp-content\/uploads\/sites\/3\/2023\/09\/Von-den-USA-unterstuetzte-Kaempfer-bekaempfen-sich-gegenseitig-in-Syrien.jpg\",\"keywords\":[\"bek\u00e4mpfen\",\"daran\",\"den\",\"gegenseitig\",\"ist\",\"K\u00e4mpfer\",\"Schuld\",\"sich\",\"Syrien\",\"unterst\u00fctzte\",\"USA\",\"von\",\"Wer\"],\"articleSection\":[\"Deutschland\",\"Russland\"],\"inLanguage\":\"de\",\"potentialAction\":[{\"@type\":\"CommentAction\",\"name\":\"Comment\",\"target\":[\"https:\/\/now-news.de\/de\/deutschland\/von-den-usa-unterstuetzte-kaempfer-bekaempfen-sich-gegenseitig-in-syrien-wer-ist-daran-schuld\/#respond\"]}]},{\"@type\":\"WebPage\",\"@id\":\"https:\/\/now-news.de\/de\/deutschland\/von-den-usa-unterstuetzte-kaempfer-bekaempfen-sich-gegenseitig-in-syrien-wer-ist-daran-schuld\/\",\"url\":\"https:\/\/now-news.de\/de\/deutschland\/von-den-usa-unterstuetzte-kaempfer-bekaempfen-sich-gegenseitig-in-syrien-wer-ist-daran-schuld\/\",\"name\":\"Von den USA unterst\u00fctzte K\u00e4mpfer bek\u00e4mpfen sich gegenseitig in Syrien. Wer ist daran schuld? - just-now.NEWS Deutschland\",\"isPartOf\":{\"@id\":\"https:\/\/now-news.de\/de\/#website\"},\"primaryImageOfPage\":{\"@id\":\"https:\/\/now-news.de\/de\/deutschland\/von-den-usa-unterstuetzte-kaempfer-bekaempfen-sich-gegenseitig-in-syrien-wer-ist-daran-schuld\/#primaryimage\"},\"image\":{\"@id\":\"https:\/\/now-news.de\/de\/deutschland\/von-den-usa-unterstuetzte-kaempfer-bekaempfen-sich-gegenseitig-in-syrien-wer-ist-daran-schuld\/#primaryimage\"},\"thumbnailUrl\":\"https:\/\/now-news.de\/de\/wp-content\/uploads\/sites\/3\/2023\/09\/Von-den-USA-unterstuetzte-Kaempfer-bekaempfen-sich-gegenseitig-in-Syrien.jpg\",\"datePublished\":\"2023-09-17T06:36:38+00:00\",\"dateModified\":\"2023-09-17T06:36:38+00:00\",\"breadcrumb\":{\"@id\":\"https:\/\/now-news.de\/de\/deutschland\/von-den-usa-unterstuetzte-kaempfer-bekaempfen-sich-gegenseitig-in-syrien-wer-ist-daran-schuld\/#breadcrumb\"},\"inLanguage\":\"de\",\"potentialAction\":[{\"@type\":\"ReadAction\",\"target\":[\"https:\/\/now-news.de\/de\/deutschland\/von-den-usa-unterstuetzte-kaempfer-bekaempfen-sich-gegenseitig-in-syrien-wer-ist-daran-schuld\/\"]}]},{\"@type\":\"ImageObject\",\"inLanguage\":\"de\",\"@id\":\"https:\/\/now-news.de\/de\/deutschland\/von-den-usa-unterstuetzte-kaempfer-bekaempfen-sich-gegenseitig-in-syrien-wer-ist-daran-schuld\/#primaryimage\",\"url\":\"https:\/\/now-news.de\/de\/wp-content\/uploads\/sites\/3\/2023\/09\/Von-den-USA-unterstuetzte-Kaempfer-bekaempfen-sich-gegenseitig-in-Syrien.jpg\",\"contentUrl\":\"https:\/\/now-news.de\/de\/wp-content\/uploads\/sites\/3\/2023\/09\/Von-den-USA-unterstuetzte-Kaempfer-bekaempfen-sich-gegenseitig-in-Syrien.jpg\",\"width\":460,\"height\":259,\"caption\":\"Von den USA unterst\u00fctzte K\u00e4mpfer bek\u00e4mpfen sich gegenseitig in Syrien. Wer ist daran schuld?\"},{\"@type\":\"BreadcrumbList\",\"@id\":\"https:\/\/now-news.de\/de\/deutschland\/von-den-usa-unterstuetzte-kaempfer-bekaempfen-sich-gegenseitig-in-syrien-wer-ist-daran-schuld\/#breadcrumb\",\"itemListElement\":[{\"@type\":\"ListItem\",\"position\":1,\"name\":\"Home\",\"item\":\"https:\/\/now-news.de\/de\/\"},{\"@type\":\"ListItem\",\"position\":2,\"name\":\"Von den USA unterst\u00fctzte K\u00e4mpfer bek\u00e4mpfen sich gegenseitig in Syrien. Wer ist daran schuld?\"}]},{\"@type\":\"WebSite\",\"@id\":\"https:\/\/now-news.de\/de\/#website\",\"url\":\"https:\/\/now-news.de\/de\/\",\"name\":\"just-now.NEWS Deutschland\",\"description\":\"Das Portal f\u00fcr unzensierte Nachrichten aus der Welt\",\"publisher\":{\"@id\":\"https:\/\/now-news.de\/de\/#organization\"},\"potentialAction\":[{\"@type\":\"SearchAction\",\"target\":{\"@type\":\"EntryPoint\",\"urlTemplate\":\"https:\/\/now-news.de\/de\/?s={search_term_string}\"},\"query-input\":\"required name=search_term_string\"}],\"inLanguage\":\"de\"},{\"@type\":\"Organization\",\"@id\":\"https:\/\/now-news.de\/de\/#organization\",\"name\":\"Just Now News\",\"url\":\"https:\/\/now-news.de\/de\/\",\"logo\":{\"@type\":\"ImageObject\",\"inLanguage\":\"de\",\"@id\":\"https:\/\/now-news.de\/de\/#\/schema\/logo\/image\/\",\"url\":\"http:\/\/just-now.news\/de\/wp-content\/uploads\/sites\/3\/2022\/04\/logo500x500.jpg\",\"contentUrl\":\"http:\/\/just-now.news\/de\/wp-content\/uploads\/sites\/3\/2022\/04\/logo500x500.jpg\",\"width\":500,\"height\":500,\"caption\":\"Just Now News\"},\"image\":{\"@id\":\"https:\/\/now-news.de\/de\/#\/schema\/logo\/image\/\"},\"sameAs\":[\"https:\/\/www.facebook.com\/wirmachenauf\",\"https:\/\/x.com\/WirMachenAuf_de\"]},{\"@type\":\"Person\",\"@id\":\"https:\/\/now-news.de\/de\/#\/schema\/person\/fb534a4e865501d8b3285208df34a9b5\",\"name\":\"rtnews\",\"image\":{\"@type\":\"ImageObject\",\"inLanguage\":\"de\",\"@id\":\"https:\/\/now-news.de\/de\/#\/schema\/person\/image\/\",\"url\":\"https:\/\/secure.gravatar.com\/avatar\/82aafea7d8127119dd649515f56e2117?s=96&d=mm&r=g\",\"contentUrl\":\"https:\/\/secure.gravatar.com\/avatar\/82aafea7d8127119dd649515f56e2117?s=96&d=mm&r=g\",\"caption\":\"rtnews\"},\"url\":\"https:\/\/now-news.de\/de\/author\/rnews\/\"}]}<\/script>\n<!-- \/ Yoast SEO Premium plugin. -->","yoast_head_json":{"title":"Von den USA unterst\u00fctzte K\u00e4mpfer bek\u00e4mpfen sich gegenseitig in Syrien. Wer ist daran schuld? - just-now.NEWS Deutschland","robots":{"index":"index","follow":"follow","max-snippet":"max-snippet:-1","max-image-preview":"max-image-preview:large","max-video-preview":"max-video-preview:-1"},"canonical":"https:\/\/now-news.de\/de\/deutschland\/von-den-usa-unterstuetzte-kaempfer-bekaempfen-sich-gegenseitig-in-syrien-wer-ist-daran-schuld\/","og_locale":"de_DE","og_type":"article","og_title":"Von den USA unterst\u00fctzte K\u00e4mpfer bek\u00e4mpfen sich gegenseitig in Syrien. Wer ist daran schuld?","og_description":"Die US-amerikanischen Streitkr\u00e4fte, die weite Teile Syriens und seiner Reicht\u00fcmer als Geiseln halten, werden niemals zugeben, dass sie selbst die Ursache ihrer eigenen Probleme dort sind. Von Robert Inlakesh Von den USA unterst\u00fctzte rivalisierende K\u00e4mpfer im Nordosten Syriens attackierten sich gegenseitig in einem Konflikt, der urspr\u00fcnglich durch ethnische Spannungen ausgel\u00f6st wurde. Als sich die Situation [&hellip;]","og_url":"https:\/\/now-news.de\/de\/deutschland\/von-den-usa-unterstuetzte-kaempfer-bekaempfen-sich-gegenseitig-in-syrien-wer-ist-daran-schuld\/","og_site_name":"just-now.NEWS Deutschland","article_publisher":"https:\/\/www.facebook.com\/wirmachenauf","article_published_time":"2023-09-17T06:36:38+00:00","og_image":[{"width":460,"height":259,"url":"https:\/\/now-news.de\/de\/wp-content\/uploads\/sites\/3\/2023\/09\/Von-den-USA-unterstuetzte-Kaempfer-bekaempfen-sich-gegenseitig-in-Syrien.jpg","type":"image\/jpeg"}],"author":"rtnews","twitter_card":"summary_large_image","twitter_creator":"@WirMachenAuf_de","twitter_site":"@WirMachenAuf_de","twitter_misc":{"Verfasst von":"rtnews","Gesch\u00e4tzte Lesezeit":"6\u00a0Minuten"},"schema":{"@context":"https:\/\/schema.org","@graph":[{"@type":"Article","@id":"https:\/\/now-news.de\/de\/deutschland\/von-den-usa-unterstuetzte-kaempfer-bekaempfen-sich-gegenseitig-in-syrien-wer-ist-daran-schuld\/#article","isPartOf":{"@id":"https:\/\/now-news.de\/de\/deutschland\/von-den-usa-unterstuetzte-kaempfer-bekaempfen-sich-gegenseitig-in-syrien-wer-ist-daran-schuld\/"},"author":{"name":"rtnews","@id":"https:\/\/now-news.de\/de\/#\/schema\/person\/fb534a4e865501d8b3285208df34a9b5"},"headline":"Von den USA unterst\u00fctzte K\u00e4mpfer bek\u00e4mpfen sich gegenseitig in Syrien. Wer ist daran schuld?","datePublished":"2023-09-17T06:36:38+00:00","dateModified":"2023-09-17T06:36:38+00:00","mainEntityOfPage":{"@id":"https:\/\/now-news.de\/de\/deutschland\/von-den-usa-unterstuetzte-kaempfer-bekaempfen-sich-gegenseitig-in-syrien-wer-ist-daran-schuld\/"},"wordCount":1287,"commentCount":0,"publisher":{"@id":"https:\/\/now-news.de\/de\/#organization"},"image":{"@id":"https:\/\/now-news.de\/de\/deutschland\/von-den-usa-unterstuetzte-kaempfer-bekaempfen-sich-gegenseitig-in-syrien-wer-ist-daran-schuld\/#primaryimage"},"thumbnailUrl":"https:\/\/now-news.de\/de\/wp-content\/uploads\/sites\/3\/2023\/09\/Von-den-USA-unterstuetzte-Kaempfer-bekaempfen-sich-gegenseitig-in-Syrien.jpg","keywords":["bek\u00e4mpfen","daran","den","gegenseitig","ist","K\u00e4mpfer","Schuld","sich","Syrien","unterst\u00fctzte","USA","von","Wer"],"articleSection":["Deutschland","Russland"],"inLanguage":"de","potentialAction":[{"@type":"CommentAction","name":"Comment","target":["https:\/\/now-news.de\/de\/deutschland\/von-den-usa-unterstuetzte-kaempfer-bekaempfen-sich-gegenseitig-in-syrien-wer-ist-daran-schuld\/#respond"]}]},{"@type":"WebPage","@id":"https:\/\/now-news.de\/de\/deutschland\/von-den-usa-unterstuetzte-kaempfer-bekaempfen-sich-gegenseitig-in-syrien-wer-ist-daran-schuld\/","url":"https:\/\/now-news.de\/de\/deutschland\/von-den-usa-unterstuetzte-kaempfer-bekaempfen-sich-gegenseitig-in-syrien-wer-ist-daran-schuld\/","name":"Von den USA unterst\u00fctzte K\u00e4mpfer bek\u00e4mpfen sich gegenseitig in Syrien. Wer ist daran schuld? - just-now.NEWS Deutschland","isPartOf":{"@id":"https:\/\/now-news.de\/de\/#website"},"primaryImageOfPage":{"@id":"https:\/\/now-news.de\/de\/deutschland\/von-den-usa-unterstuetzte-kaempfer-bekaempfen-sich-gegenseitig-in-syrien-wer-ist-daran-schuld\/#primaryimage"},"image":{"@id":"https:\/\/now-news.de\/de\/deutschland\/von-den-usa-unterstuetzte-kaempfer-bekaempfen-sich-gegenseitig-in-syrien-wer-ist-daran-schuld\/#primaryimage"},"thumbnailUrl":"https:\/\/now-news.de\/de\/wp-content\/uploads\/sites\/3\/2023\/09\/Von-den-USA-unterstuetzte-Kaempfer-bekaempfen-sich-gegenseitig-in-Syrien.jpg","datePublished":"2023-09-17T06:36:38+00:00","dateModified":"2023-09-17T06:36:38+00:00","breadcrumb":{"@id":"https:\/\/now-news.de\/de\/deutschland\/von-den-usa-unterstuetzte-kaempfer-bekaempfen-sich-gegenseitig-in-syrien-wer-ist-daran-schuld\/#breadcrumb"},"inLanguage":"de","potentialAction":[{"@type":"ReadAction","target":["https:\/\/now-news.de\/de\/deutschland\/von-den-usa-unterstuetzte-kaempfer-bekaempfen-sich-gegenseitig-in-syrien-wer-ist-daran-schuld\/"]}]},{"@type":"ImageObject","inLanguage":"de","@id":"https:\/\/now-news.de\/de\/deutschland\/von-den-usa-unterstuetzte-kaempfer-bekaempfen-sich-gegenseitig-in-syrien-wer-ist-daran-schuld\/#primaryimage","url":"https:\/\/now-news.de\/de\/wp-content\/uploads\/sites\/3\/2023\/09\/Von-den-USA-unterstuetzte-Kaempfer-bekaempfen-sich-gegenseitig-in-Syrien.jpg","contentUrl":"https:\/\/now-news.de\/de\/wp-content\/uploads\/sites\/3\/2023\/09\/Von-den-USA-unterstuetzte-Kaempfer-bekaempfen-sich-gegenseitig-in-Syrien.jpg","width":460,"height":259,"caption":"Von den USA unterst\u00fctzte K\u00e4mpfer bek\u00e4mpfen sich gegenseitig in Syrien. Wer ist daran schuld?"},{"@type":"BreadcrumbList","@id":"https:\/\/now-news.de\/de\/deutschland\/von-den-usa-unterstuetzte-kaempfer-bekaempfen-sich-gegenseitig-in-syrien-wer-ist-daran-schuld\/#breadcrumb","itemListElement":[{"@type":"ListItem","position":1,"name":"Home","item":"https:\/\/now-news.de\/de\/"},{"@type":"ListItem","position":2,"name":"Von den USA unterst\u00fctzte K\u00e4mpfer bek\u00e4mpfen sich gegenseitig in Syrien. Wer ist daran schuld?"}]},{"@type":"WebSite","@id":"https:\/\/now-news.de\/de\/#website","url":"https:\/\/now-news.de\/de\/","name":"just-now.NEWS Deutschland","description":"Das Portal f\u00fcr unzensierte Nachrichten aus der Welt","publisher":{"@id":"https:\/\/now-news.de\/de\/#organization"},"potentialAction":[{"@type":"SearchAction","target":{"@type":"EntryPoint","urlTemplate":"https:\/\/now-news.de\/de\/?s={search_term_string}"},"query-input":"required name=search_term_string"}],"inLanguage":"de"},{"@type":"Organization","@id":"https:\/\/now-news.de\/de\/#organization","name":"Just Now News","url":"https:\/\/now-news.de\/de\/","logo":{"@type":"ImageObject","inLanguage":"de","@id":"https:\/\/now-news.de\/de\/#\/schema\/logo\/image\/","url":"http:\/\/just-now.news\/de\/wp-content\/uploads\/sites\/3\/2022\/04\/logo500x500.jpg","contentUrl":"http:\/\/just-now.news\/de\/wp-content\/uploads\/sites\/3\/2022\/04\/logo500x500.jpg","width":500,"height":500,"caption":"Just Now News"},"image":{"@id":"https:\/\/now-news.de\/de\/#\/schema\/logo\/image\/"},"sameAs":["https:\/\/www.facebook.com\/wirmachenauf","https:\/\/x.com\/WirMachenAuf_de"]},{"@type":"Person","@id":"https:\/\/now-news.de\/de\/#\/schema\/person\/fb534a4e865501d8b3285208df34a9b5","name":"rtnews","image":{"@type":"ImageObject","inLanguage":"de","@id":"https:\/\/now-news.de\/de\/#\/schema\/person\/image\/","url":"https:\/\/secure.gravatar.com\/avatar\/82aafea7d8127119dd649515f56e2117?s=96&d=mm&r=g","contentUrl":"https:\/\/secure.gravatar.com\/avatar\/82aafea7d8127119dd649515f56e2117?s=96&d=mm&r=g","caption":"rtnews"},"url":"https:\/\/now-news.de\/de\/author\/rnews\/"}]}},"_links":{"self":[{"href":"https:\/\/now-news.de\/de\/wp-json\/wp\/v2\/posts\/46497"}],"collection":[{"href":"https:\/\/now-news.de\/de\/wp-json\/wp\/v2\/posts"}],"about":[{"href":"https:\/\/now-news.de\/de\/wp-json\/wp\/v2\/types\/post"}],"author":[{"embeddable":true,"href":"https:\/\/now-news.de\/de\/wp-json\/wp\/v2\/users\/3"}],"replies":[{"embeddable":true,"href":"https:\/\/now-news.de\/de\/wp-json\/wp\/v2\/comments?post=46497"}],"version-history":[{"count":0,"href":"https:\/\/now-news.de\/de\/wp-json\/wp\/v2\/posts\/46497\/revisions"}],"wp:featuredmedia":[{"embeddable":true,"href":"https:\/\/now-news.de\/de\/wp-json\/wp\/v2\/media\/46498"}],"wp:attachment":[{"href":"https:\/\/now-news.de\/de\/wp-json\/wp\/v2\/media?parent=46497"}],"wp:term":[{"taxonomy":"category","embeddable":true,"href":"https:\/\/now-news.de\/de\/wp-json\/wp\/v2\/categories?post=46497"},{"taxonomy":"post_tag","embeddable":true,"href":"https:\/\/now-news.de\/de\/wp-json\/wp\/v2\/tags?post=46497"}],"curies":[{"name":"wp","href":"https:\/\/api.w.org\/{rel}","templated":true}]}}